{"id":28492,"date":"2023-06-21T10:44:24","date_gmt":"2023-06-21T08:44:24","guid":{"rendered":"https:\/\/progettotouring.it\/radiotouring104\/?p=28492"},"modified":"2023-06-21T10:44:24","modified_gmt":"2023-06-21T08:44:24","slug":"calabria-maturita-al-via-meno-candidati-statali-non-alle-paritarie","status":"publish","type":"post","link":"https:\/\/progettotouring.it\/radiotouring104\/2023\/06\/21\/calabria-maturita-al-via-meno-candidati-statali-non-alle-paritarie\/","title":{"rendered":"Calabria, Maturit\u00e0 al via: meno candidati statali, non alle paritarie"},"content":{"rendered":"<p style=\"text-align: justify\"><strong>Al via gli Esami di Stato anche in Calabria<\/strong>. Per 5000 ragazzini delle scuole medie inferiori si gi\u00e0 sono aperte le porte delle tanto sospirate vacanze, per gli studenti delle superiori, invece \u00e8 arrivato l&#8217;atteso gong dell&#8217;ultimo importante step, quello finale: l&#8217;Esame di Maturit\u00e0, il momento cruciale nella vita di ogni ragazzo, che apre le porte al suo futuro, anticamera di prossimi nuovi studi in corsi di laurea specialistica o che lo accompagner\u00e0 nel mondo del lavoro. Sta per terminare l&#8217;ansia per altrettanti, 5.543 candidati solo a Reggio e provincia, 536.008 i candidati complessivi nell&#8217;intera regione, tra interni e privatisti. Si \u00e8 partiti stamattina alle 8:30 per la consueta prova di Italiano. Per la Tipologia A del tema di Maturit\u00e0, l\u2019analisi del testo, \u00e8 Salvatore Quasimodo Alla Nuova Luna, dalla raccolta \u201cIn tutte le poesie\u201d, una delle 7 tracce di analisi del testo della prima prova scelta dal Ministero dell&#8217;Istruzione e del Merito. La prima delle due prove scritte alle quali poi succeder\u00e0 il tanto temuto esame orale.<br \/>\nDurata massima di 6 ore, in cui i candidati potranno scegliere tra 7 tracce negli ambiti artistico, letterario, storico, filosofico, scientifico, tecnologico, economico, sociale.<br \/>\nL&#8217;indomani sar\u00e0 la volta della seconda prova che riguarda una o pi\u00f9 delle discipline che caratterizzano il corso di studi ed infine la Terza Prova, se prevista, che si terr\u00e0 il 27 giugno, alle ore 8:30.<br \/>\nSvolte tutte e tre, sar\u00e0 il momento del colloquio: l&#8217;esposizione in cui lo studente sar\u00e0 valutato dalla commissione sia sulla capacit\u00e0 di cogliere i collegamenti tra le conoscenze acquisite sia il profilo educativo, culturale e professionale dello studente.<\/p>\n<p style=\"text-align: justify\">Tappa di primaria importanza nel percorso di formazione dei giovani studenti, alla quale arriva anche il messaggio di incoraggiamento l&#8217;arcivescovo Morrone ha inviato ai maturandi che pubblichiamo integralmente:<\/p>\n<p style=\"text-align: justify\">&#8220;Carissimi, carissime,<\/p>\n<p style=\"text-align: justify\">non ci conosciamo ancora personalmente, ma pochi minuti fa il Tg mi ha ricordato che domani per ciascuno di voi inizia la grande prova dell\u2019esame di maturit\u00e0.<\/p>\n<p style=\"text-align: justify\">Allora ho pensato di inviarvi un brevissimo messaggio di auguri.<\/p>\n<p style=\"text-align: justify\">Certo per voi questi due ultimi anni, segnati dal Covid, non sono stati facili: la mancanza di lezioni in presenza vi ha privato a scuola di quelle relazioni amicali che sono come l\u2019ossigeno della nostra vita.\u00a0<strong>Ma voi siete pieni di energia e saprete ben compensare con la vostra vivace intelligenza.<\/strong><\/p>\n<p style=\"text-align: justify\">Dalle elementari, quali piccoli cuccioli d\u2019uomo, fin alle superiori ormai entrati nella cosiddetta \u201cmaggiore et\u00e0\u201d,\u00a0<strong>credo che questo lungo percorso formativo di studi vi abbia offerto la consapevolezza e il desiderio di stare dentro la vita sociale e culturale, di cui siete parte preziosa e integrante, da protagonisti<\/strong>.<\/p>\n<p style=\"text-align: justify\">Certo il sostantivo \u201cmaturit\u00e0\u201d qualifica l\u2019esame che interpella la vostra responsabilit\u00e0 sempre pi\u00f9 stringente e che caratterizzer\u00e0 le scelte che strada facendo sarete chiamati a decidere.<strong>\u00a0La realt\u00e0 che vi attende vi pro-vocher\u00e0, vi inviter\u00e0 a essere \u201cadulti\u201d nelle vicende umane con il vostro originale e costruttivo contributo<\/strong>.<\/p>\n<p style=\"text-align: justify\">Sono certo che onorando la vostra intelligenza e mietendo quel che avete seminato in questi anni, sarete tutti promossi!<\/p>\n<p style=\"text-align: justify\">Alle vostre fresche energie sar\u00e0 consegnato uno spicchio di mondo umano, il tuo anzitutto, per farlo lievitare e riconsegnarlo a vantaggio di tutti.<\/p>\n<p style=\"text-align: justify\">Vi auguro di gustare questo momento con tutti i sensi che costituiscono la vostra bella e singolare personalit\u00e0, lasciandovi con un\u2019esortazione di papa Francesco che spero possiate portare nel vostro cuore, quasi un leit-motiv delle vostre scelte:<\/p>\n<p style=\"text-align: justify\"><strong>\u00abNon confondete la felicit\u00e0 con un divano [\u2026] lasciate piuttosto sbocciare i sogni e prendete decisioni [\u2026] Vivete! Datevi al meglio della vita\u00bb<\/strong>\u00a0(<em>Christus Vivit, 158. 143)<\/em>.<\/p>\n<p style=\"text-align: justify\">Tifo per voi. Con affetto.&#8221;<\/p>\n","protected":false},"excerpt":{"rendered":"<p>Al via gli Esami di Stato anche in Calabria. Per 5000 ragazzini delle scuole medie inferiori si gi\u00e0 sono aperte le porte delle tanto sospirate vacanze, per gli studenti delle&hellip;<\/p>\n","protected":false},"author":12,"featured_media":28574,"comment_status":"closed","ping_status":"open","sticky":false,"template":"","format":"standard","meta":{"_jetpack_memberships_contains_paid_content":false,"footnotes":"","jetpack_publicize_message":"","jetpack_publicize_feature_enabled":true,"jetpack_social_post_already_shared":false,"jetpack_social_options":{"image_generator_settings":{"template":"highway","default_image_id":0,"font":"","enabled":false},"version":2}},"categories":[142,921,150,196,140],"tags":[],"class_list":["post-28492","post","type-post","status-publish","format-standard","has-post-thumbnail","hentry","category-calabria","category-home","category-in-primo-piano","category-news","category-reggio-calabria"],"yoast_head":"<!-- This site is optimized with the Yoast SEO plugin v27.2 - https:\/\/yoast.com\/product\/yoast-seo-wordpress\/ -->\n<title>Calabria, Maturit\u00e0 al via: meno candidati statali, non alle paritarie<\/title>\n<meta name=\"description\" content=\"Domani iniziano gli esami di Stato anche in Calabria: meno candidati alle statali, non alle paritarie: Oltre 5000 i maturandi a Reggio\" \/>\n<meta name=\"robots\" content=\"index, follow, max-snippet:-1, max-image-preview:large, max-video-preview:-1\" \/>\n<link rel=\"canonical\" href=\"https:\/\/progettotouring.it\/radiotouring104\/2023\/06\/21\/calabria-maturita-al-via-meno-candidati-statali-non-alle-paritarie\/\" \/>\n<meta property=\"og:locale\" content=\"it_IT\" \/>\n<meta property=\"og:type\" content=\"article\" \/>\n<meta property=\"og:title\" content=\"Calabria, Maturit\u00e0 al via: meno candidati statali, non alle paritarie\" \/>\n<meta property=\"og:description\" content=\"Domani iniziano gli esami di Stato anche in Calabria: meno candidati alle statali, non alle paritarie: Oltre 5000 i maturandi a Reggio\" \/>\n<meta property=\"og:url\" content=\"https:\/\/progettotouring.it\/radiotouring104\/2023\/06\/21\/calabria-maturita-al-via-meno-candidati-statali-non-alle-paritarie\/\" \/>\n<meta property=\"og:site_name\" content=\"Radio Touring 104\" \/>\n<meta property=\"article:published_time\" content=\"2023-06-21T08:44:24+00:00\" \/>\n<meta property=\"og:image\" content=\"https:\/\/progettotouring.it\/radiotouring104\/wp-content\/uploads\/sites\/6\/2023\/06\/Esami-di-Stato-2023-scuola-Boccioni.jpeg\" \/>\n\t<meta property=\"og:image:width\" content=\"1600\" \/>\n\t<meta property=\"og:image:height\" content=\"885\" \/>\n\t<meta property=\"og:image:type\" content=\"image\/jpeg\" \/>\n<meta name=\"author\" content=\"Sebastiano Plutino\" \/>\n<meta name=\"twitter:card\" content=\"summary_large_image\" \/>\n<meta name=\"twitter:label1\" content=\"Scritto da\" \/>\n\t<meta name=\"twitter:data1\" content=\"Sebastiano Plutino\" \/>\n\t<meta name=\"twitter:label2\" content=\"Tempo di lettura stimato\" \/>\n\t<meta name=\"twitter:data2\" content=\"3 minuti\" \/>\n<script type=\"application\/ld+json\" class=\"yoast-schema-graph\">{\"@context\":\"https:\/\/schema.org\",\"@graph\":[{\"@type\":\"Article\",\"@id\":\"https:\/\/progettotouring.it\/radiotouring104\/2023\/06\/21\/calabria-maturita-al-via-meno-candidati-statali-non-alle-paritarie\/#article\",\"isPartOf\":{\"@id\":\"https:\/\/progettotouring.it\/radiotouring104\/2023\/06\/21\/calabria-maturita-al-via-meno-candidati-statali-non-alle-paritarie\/\"},\"author\":{\"name\":\"Sebastiano Plutino\",\"@id\":\"https:\/\/progettotouring.it\/radiotouring104\/#\/schema\/person\/78613917f1851f041f7483f5af1d422e\"},\"headline\":\"Calabria, Maturit\u00e0 al via: meno candidati statali, non alle paritarie\",\"datePublished\":\"2023-06-21T08:44:24+00:00\",\"mainEntityOfPage\":{\"@id\":\"https:\/\/progettotouring.it\/radiotouring104\/2023\/06\/21\/calabria-maturita-al-via-meno-candidati-statali-non-alle-paritarie\/\"},\"wordCount\":591,\"publisher\":{\"@id\":\"https:\/\/progettotouring.it\/radiotouring104\/#organization\"},\"image\":{\"@id\":\"https:\/\/progettotouring.it\/radiotouring104\/2023\/06\/21\/calabria-maturita-al-via-meno-candidati-statali-non-alle-paritarie\/#primaryimage\"},\"thumbnailUrl\":\"https:\/\/progettotouring.it\/radiotouring104\/wp-content\/uploads\/sites\/6\/2023\/06\/Esami-di-Stato-2023-scuola-Boccioni.jpeg\",\"articleSection\":[\"Calabria\",\"Home\",\"In primo piano\",\"News\",\"Reggio Calabria\"],\"inLanguage\":\"it-IT\"},{\"@type\":\"WebPage\",\"@id\":\"https:\/\/progettotouring.it\/radiotouring104\/2023\/06\/21\/calabria-maturita-al-via-meno-candidati-statali-non-alle-paritarie\/\",\"url\":\"https:\/\/progettotouring.it\/radiotouring104\/2023\/06\/21\/calabria-maturita-al-via-meno-candidati-statali-non-alle-paritarie\/\",\"name\":\"Calabria, Maturit\u00e0 al via: meno candidati statali, non alle paritarie\",\"isPartOf\":{\"@id\":\"https:\/\/progettotouring.it\/radiotouring104\/#website\"},\"primaryImageOfPage\":{\"@id\":\"https:\/\/progettotouring.it\/radiotouring104\/2023\/06\/21\/calabria-maturita-al-via-meno-candidati-statali-non-alle-paritarie\/#primaryimage\"},\"image\":{\"@id\":\"https:\/\/progettotouring.it\/radiotouring104\/2023\/06\/21\/calabria-maturita-al-via-meno-candidati-statali-non-alle-paritarie\/#primaryimage\"},\"thumbnailUrl\":\"https:\/\/progettotouring.it\/radiotouring104\/wp-content\/uploads\/sites\/6\/2023\/06\/Esami-di-Stato-2023-scuola-Boccioni.jpeg\",\"datePublished\":\"2023-06-21T08:44:24+00:00\",\"description\":\"Domani iniziano gli esami di Stato anche in Calabria: meno candidati alle statali, non alle paritarie: Oltre 5000 i maturandi a Reggio\",\"breadcrumb\":{\"@id\":\"https:\/\/progettotouring.it\/radiotouring104\/2023\/06\/21\/calabria-maturita-al-via-meno-candidati-statali-non-alle-paritarie\/#breadcrumb\"},\"inLanguage\":\"it-IT\",\"potentialAction\":[{\"@type\":\"ReadAction\",\"target\":[\"https:\/\/progettotouring.it\/radiotouring104\/2023\/06\/21\/calabria-maturita-al-via-meno-candidati-statali-non-alle-paritarie\/\"]}]},{\"@type\":\"ImageObject\",\"inLanguage\":\"it-IT\",\"@id\":\"https:\/\/progettotouring.it\/radiotouring104\/2023\/06\/21\/calabria-maturita-al-via-meno-candidati-statali-non-alle-paritarie\/#primaryimage\",\"url\":\"https:\/\/progettotouring.it\/radiotouring104\/wp-content\/uploads\/sites\/6\/2023\/06\/Esami-di-Stato-2023-scuola-Boccioni.jpeg\",\"contentUrl\":\"https:\/\/progettotouring.it\/radiotouring104\/wp-content\/uploads\/sites\/6\/2023\/06\/Esami-di-Stato-2023-scuola-Boccioni.jpeg\",\"width\":1600,\"height\":885},{\"@type\":\"BreadcrumbList\",\"@id\":\"https:\/\/progettotouring.it\/radiotouring104\/2023\/06\/21\/calabria-maturita-al-via-meno-candidati-statali-non-alle-paritarie\/#breadcrumb\",\"itemListElement\":[{\"@type\":\"ListItem\",\"position\":1,\"name\":\"Home\",\"item\":\"https:\/\/progettotouring.it\/radiotouring104\/\"},{\"@type\":\"ListItem\",\"position\":2,\"name\":\"Calabria, Maturit\u00e0 al via: meno candidati statali, non alle paritarie\"}]},{\"@type\":\"WebSite\",\"@id\":\"https:\/\/progettotouring.it\/radiotouring104\/#website\",\"url\":\"https:\/\/progettotouring.it\/radiotouring104\/\",\"name\":\"Radio Touring 104\",\"description\":\"La prima radio Reggina\",\"publisher\":{\"@id\":\"https:\/\/progettotouring.it\/radiotouring104\/#organization\"},\"potentialAction\":[{\"@type\":\"SearchAction\",\"target\":{\"@type\":\"EntryPoint\",\"urlTemplate\":\"https:\/\/progettotouring.it\/radiotouring104\/?s={search_term_string}\"},\"query-input\":{\"@type\":\"PropertyValueSpecification\",\"valueRequired\":true,\"valueName\":\"search_term_string\"}}],\"inLanguage\":\"it-IT\"},{\"@type\":\"Organization\",\"@id\":\"https:\/\/progettotouring.it\/radiotouring104\/#organization\",\"name\":\"Radio Touring 104\",\"url\":\"https:\/\/progettotouring.it\/radiotouring104\/\",\"logo\":{\"@type\":\"ImageObject\",\"inLanguage\":\"it-IT\",\"@id\":\"https:\/\/progettotouring.it\/radiotouring104\/#\/schema\/logo\/image\/\",\"url\":\"https:\/\/progettotouring.it\/radiotouring104\/wp-content\/uploads\/sites\/6\/2022\/02\/cropped-logo-radio-touring-104.png\",\"contentUrl\":\"https:\/\/progettotouring.it\/radiotouring104\/wp-content\/uploads\/sites\/6\/2022\/02\/cropped-logo-radio-touring-104.png\",\"width\":377,\"height\":182,\"caption\":\"Radio Touring 104\"},\"image\":{\"@id\":\"https:\/\/progettotouring.it\/radiotouring104\/#\/schema\/logo\/image\/\"}},{\"@type\":\"Person\",\"@id\":\"https:\/\/progettotouring.it\/radiotouring104\/#\/schema\/person\/78613917f1851f041f7483f5af1d422e\",\"name\":\"Sebastiano Plutino\",\"image\":{\"@type\":\"ImageObject\",\"inLanguage\":\"it-IT\",\"@id\":\"https:\/\/secure.gravatar.com\/avatar\/0546ffaa9b79224faf9f2a156b67a529ae861d3287c66c1d8ccfdf909bcba78d?s=96&d=mm&r=g\",\"url\":\"https:\/\/secure.gravatar.com\/avatar\/0546ffaa9b79224faf9f2a156b67a529ae861d3287c66c1d8ccfdf909bcba78d?s=96&d=mm&r=g\",\"contentUrl\":\"https:\/\/secure.gravatar.com\/avatar\/0546ffaa9b79224faf9f2a156b67a529ae861d3287c66c1d8ccfdf909bcba78d?s=96&d=mm&r=g\",\"caption\":\"Sebastiano Plutino\"},\"url\":\"https:\/\/progettotouring.it\/radiotouring104\/author\/sebastiano\/\"}]}<\/script>\n<!-- \/ Yoast SEO plugin. -->","yoast_head_json":{"title":"Calabria, Maturit\u00e0 al via: meno candidati statali, non alle paritarie","description":"Domani iniziano gli esami di Stato anche in Calabria: meno candidati alle statali, non alle paritarie: Oltre 5000 i maturandi a Reggio","robots":{"index":"index","follow":"follow","max-snippet":"max-snippet:-1","max-image-preview":"max-image-preview:large","max-video-preview":"max-video-preview:-1"},"canonical":"https:\/\/progettotouring.it\/radiotouring104\/2023\/06\/21\/calabria-maturita-al-via-meno-candidati-statali-non-alle-paritarie\/","og_locale":"it_IT","og_type":"article","og_title":"Calabria, Maturit\u00e0 al via: meno candidati statali, non alle paritarie","og_description":"Domani iniziano gli esami di Stato anche in Calabria: meno candidati alle statali, non alle paritarie: Oltre 5000 i maturandi a Reggio","og_url":"https:\/\/progettotouring.it\/radiotouring104\/2023\/06\/21\/calabria-maturita-al-via-meno-candidati-statali-non-alle-paritarie\/","og_site_name":"Radio Touring 104","article_published_time":"2023-06-21T08:44:24+00:00","og_image":[{"width":1600,"height":885,"url":"https:\/\/progettotouring.it\/radiotouring104\/wp-content\/uploads\/sites\/6\/2023\/06\/Esami-di-Stato-2023-scuola-Boccioni.jpeg","type":"image\/jpeg"}],"author":"Sebastiano Plutino","twitter_card":"summary_large_image","twitter_misc":{"Scritto da":"Sebastiano Plutino","Tempo di lettura stimato":"3 minuti"},"schema":{"@context":"https:\/\/schema.org","@graph":[{"@type":"Article","@id":"https:\/\/progettotouring.it\/radiotouring104\/2023\/06\/21\/calabria-maturita-al-via-meno-candidati-statali-non-alle-paritarie\/#article","isPartOf":{"@id":"https:\/\/progettotouring.it\/radiotouring104\/2023\/06\/21\/calabria-maturita-al-via-meno-candidati-statali-non-alle-paritarie\/"},"author":{"name":"Sebastiano Plutino","@id":"https:\/\/progettotouring.it\/radiotouring104\/#\/schema\/person\/78613917f1851f041f7483f5af1d422e"},"headline":"Calabria, Maturit\u00e0 al via: meno candidati statali, non alle paritarie","datePublished":"2023-06-21T08:44:24+00:00","mainEntityOfPage":{"@id":"https:\/\/progettotouring.it\/radiotouring104\/2023\/06\/21\/calabria-maturita-al-via-meno-candidati-statali-non-alle-paritarie\/"},"wordCount":591,"publisher":{"@id":"https:\/\/progettotouring.it\/radiotouring104\/#organization"},"image":{"@id":"https:\/\/progettotouring.it\/radiotouring104\/2023\/06\/21\/calabria-maturita-al-via-meno-candidati-statali-non-alle-paritarie\/#primaryimage"},"thumbnailUrl":"https:\/\/progettotouring.it\/radiotouring104\/wp-content\/uploads\/sites\/6\/2023\/06\/Esami-di-Stato-2023-scuola-Boccioni.jpeg","articleSection":["Calabria","Home","In primo piano","News","Reggio Calabria"],"inLanguage":"it-IT"},{"@type":"WebPage","@id":"https:\/\/progettotouring.it\/radiotouring104\/2023\/06\/21\/calabria-maturita-al-via-meno-candidati-statali-non-alle-paritarie\/","url":"https:\/\/progettotouring.it\/radiotouring104\/2023\/06\/21\/calabria-maturita-al-via-meno-candidati-statali-non-alle-paritarie\/","name":"Calabria, Maturit\u00e0 al via: meno candidati statali, non alle paritarie","isPartOf":{"@id":"https:\/\/progettotouring.it\/radiotouring104\/#website"},"primaryImageOfPage":{"@id":"https:\/\/progettotouring.it\/radiotouring104\/2023\/06\/21\/calabria-maturita-al-via-meno-candidati-statali-non-alle-paritarie\/#primaryimage"},"image":{"@id":"https:\/\/progettotouring.it\/radiotouring104\/2023\/06\/21\/calabria-maturita-al-via-meno-candidati-statali-non-alle-paritarie\/#primaryimage"},"thumbnailUrl":"https:\/\/progettotouring.it\/radiotouring104\/wp-content\/uploads\/sites\/6\/2023\/06\/Esami-di-Stato-2023-scuola-Boccioni.jpeg","datePublished":"2023-06-21T08:44:24+00:00","description":"Domani iniziano gli esami di Stato anche in Calabria: meno candidati alle statali, non alle paritarie: Oltre 5000 i maturandi a Reggio","breadcrumb":{"@id":"https:\/\/progettotouring.it\/radiotouring104\/2023\/06\/21\/calabria-maturita-al-via-meno-candidati-statali-non-alle-paritarie\/#breadcrumb"},"inLanguage":"it-IT","potentialAction":[{"@type":"ReadAction","target":["https:\/\/progettotouring.it\/radiotouring104\/2023\/06\/21\/calabria-maturita-al-via-meno-candidati-statali-non-alle-paritarie\/"]}]},{"@type":"ImageObject","inLanguage":"it-IT","@id":"https:\/\/progettotouring.it\/radiotouring104\/2023\/06\/21\/calabria-maturita-al-via-meno-candidati-statali-non-alle-paritarie\/#primaryimage","url":"https:\/\/progettotouring.it\/radiotouring104\/wp-content\/uploads\/sites\/6\/2023\/06\/Esami-di-Stato-2023-scuola-Boccioni.jpeg","contentUrl":"https:\/\/progettotouring.it\/radiotouring104\/wp-content\/uploads\/sites\/6\/2023\/06\/Esami-di-Stato-2023-scuola-Boccioni.jpeg","width":1600,"height":885},{"@type":"BreadcrumbList","@id":"https:\/\/progettotouring.it\/radiotouring104\/2023\/06\/21\/calabria-maturita-al-via-meno-candidati-statali-non-alle-paritarie\/#breadcrumb","itemListElement":[{"@type":"ListItem","position":1,"name":"Home","item":"https:\/\/progettotouring.it\/radiotouring104\/"},{"@type":"ListItem","position":2,"name":"Calabria, Maturit\u00e0 al via: meno candidati statali, non alle paritarie"}]},{"@type":"WebSite","@id":"https:\/\/progettotouring.it\/radiotouring104\/#website","url":"https:\/\/progettotouring.it\/radiotouring104\/","name":"Radio Touring 104","description":"La prima radio Reggina","publisher":{"@id":"https:\/\/progettotouring.it\/radiotouring104\/#organization"},"potentialAction":[{"@type":"SearchAction","target":{"@type":"EntryPoint","urlTemplate":"https:\/\/progettotouring.it\/radiotouring104\/?s={search_term_string}"},"query-input":{"@type":"PropertyValueSpecification","valueRequired":true,"valueName":"search_term_string"}}],"inLanguage":"it-IT"},{"@type":"Organization","@id":"https:\/\/progettotouring.it\/radiotouring104\/#organization","name":"Radio Touring 104","url":"https:\/\/progettotouring.it\/radiotouring104\/","logo":{"@type":"ImageObject","inLanguage":"it-IT","@id":"https:\/\/progettotouring.it\/radiotouring104\/#\/schema\/logo\/image\/","url":"https:\/\/progettotouring.it\/radiotouring104\/wp-content\/uploads\/sites\/6\/2022\/02\/cropped-logo-radio-touring-104.png","contentUrl":"https:\/\/progettotouring.it\/radiotouring104\/wp-content\/uploads\/sites\/6\/2022\/02\/cropped-logo-radio-touring-104.png","width":377,"height":182,"caption":"Radio Touring 104"},"image":{"@id":"https:\/\/progettotouring.it\/radiotouring104\/#\/schema\/logo\/image\/"}},{"@type":"Person","@id":"https:\/\/progettotouring.it\/radiotouring104\/#\/schema\/person\/78613917f1851f041f7483f5af1d422e","name":"Sebastiano Plutino","image":{"@type":"ImageObject","inLanguage":"it-IT","@id":"https:\/\/secure.gravatar.com\/avatar\/0546ffaa9b79224faf9f2a156b67a529ae861d3287c66c1d8ccfdf909bcba78d?s=96&d=mm&r=g","url":"https:\/\/secure.gravatar.com\/avatar\/0546ffaa9b79224faf9f2a156b67a529ae861d3287c66c1d8ccfdf909bcba78d?s=96&d=mm&r=g","contentUrl":"https:\/\/secure.gravatar.com\/avatar\/0546ffaa9b79224faf9f2a156b67a529ae861d3287c66c1d8ccfdf909bcba78d?s=96&d=mm&r=g","caption":"Sebastiano Plutino"},"url":"https:\/\/progettotouring.it\/radiotouring104\/author\/sebastiano\/"}]}},"jetpack_publicize_connections":[],"jetpack_featured_media_url":"https:\/\/progettotouring.it\/radiotouring104\/wp-content\/uploads\/sites\/6\/2023\/06\/Esami-di-Stato-2023-scuola-Boccioni.jpeg","jetpack_sharing_enabled":true,"_links":{"self":[{"href":"https:\/\/progettotouring.it\/radiotouring104\/wp-json\/wp\/v2\/posts\/28492","targetHints":{"allow":["GET"]}}],"collection":[{"href":"https:\/\/progettotouring.it\/radiotouring104\/wp-json\/wp\/v2\/posts"}],"about":[{"href":"https:\/\/progettotouring.it\/radiotouring104\/wp-json\/wp\/v2\/types\/post"}],"author":[{"embeddable":true,"href":"https:\/\/progettotouring.it\/radiotouring104\/wp-json\/wp\/v2\/users\/12"}],"replies":[{"embeddable":true,"href":"https:\/\/progettotouring.it\/radiotouring104\/wp-json\/wp\/v2\/comments?post=28492"}],"version-history":[{"count":4,"href":"https:\/\/progettotouring.it\/radiotouring104\/wp-json\/wp\/v2\/posts\/28492\/revisions"}],"predecessor-version":[{"id":28575,"href":"https:\/\/progettotouring.it\/radiotouring104\/wp-json\/wp\/v2\/posts\/28492\/revisions\/28575"}],"wp:featuredmedia":[{"embeddable":true,"href":"https:\/\/progettotouring.it\/radiotouring104\/wp-json\/wp\/v2\/media\/28574"}],"wp:attachment":[{"href":"https:\/\/progettotouring.it\/radiotouring104\/wp-json\/wp\/v2\/media?parent=28492"}],"wp:term":[{"taxonomy":"category","embeddable":true,"href":"https:\/\/progettotouring.it\/radiotouring104\/wp-json\/wp\/v2\/categories?post=28492"},{"taxonomy":"post_tag","embeddable":true,"href":"https:\/\/progettotouring.it\/radiotouring104\/wp-json\/wp\/v2\/tags?post=28492"}],"curies":[{"name":"wp","href":"https:\/\/api.w.org\/{rel}","templated":true}]}}