{"id":28547,"date":"2023-06-20T16:50:56","date_gmt":"2023-06-20T14:50:56","guid":{"rendered":"https:\/\/progettotouring.it\/radiotouring104\/?p=28547"},"modified":"2023-06-20T17:04:27","modified_gmt":"2023-06-20T15:04:27","slug":"roseto-capo-spulico-tutto-pronto-per-il-progetto-roseto-il-borgo-delle-diverse-abilita","status":"publish","type":"post","link":"https:\/\/progettotouring.it\/radiotouring104\/2023\/06\/20\/roseto-capo-spulico-tutto-pronto-per-il-progetto-roseto-il-borgo-delle-diverse-abilita\/","title":{"rendered":"Roseto Capo Spulico: tutto pronto per il progetto \u201cRoseto: Il Borgo delle diverse abilit\u00e0\u201d"},"content":{"rendered":"<p style=\"text-align: justify\">Gioved\u00ec 22 giungo, alle 17.30, l\u2019Antico Granaio di Roseto Capo Spulico, sito sullo splendido Lungomare degli Achei, ospiter\u00e0 l\u2019evento di presentazione del progetto \u201c<strong>Roseto: Il Borgo delle diverse abilit\u00e0\u201d. <\/strong>Grazie alle risorse connesse al Bando per il sostegno di progetti di valorizzazione dei Borghi della Calabria, risalente al 2018, intercettate dall\u2019Amministrazione comunale del Comune di Roseto Capo Spulico guidato dal Sindaco Rosanna Mazzia, il borgo autentico che si affaccia sul mare Ionio, sta vivendo una stagione ricca di attivit\u00e0 e iniziative che pongono la valorizzazione del concetto di Abilit\u00e0 al centro di una serie di azioni coordinate, creando un legame con territorio attraverso dei veri e propri \u201cInnesti di comunit\u00e0\u201d nel tessuto cittadino.<\/p>\n<p style=\"text-align: justify\">L\u2019idea alla base del progetto \u00e8 la valorizzazione delle diverse abilit\u00e0 e delle abilit\u00e0 diverse, presenti nel territorio comunale di<strong> Roseto Capo Spulico,<\/strong> attraverso una strategia locale che coniughi importanti azioni di recupero e rigenerazione urbana, in chiave inclusiva, di strutture del centro storico e azioni immateriali finalizzate potenziamento del saper fare locale. Il concetto di \u201cdiversa abilit\u00e0\u201d assume dunque una doppia e sinergica accezione che caratterizza l\u2019intera azione progettuale: da un lato si intende abilitare spazi e servizi presenti nel territorio comunale per potenziare la sua naturale propensione di un borgo-destinazione, operando su quegli aspetti dell\u2019accessibilit\u00e0 e dell\u2019Universal Design, che permettano di ospitare anche le persone con esigenze speciali, dall\u2019altro lato il progetto si pone come obiettivo quello di abilitare la comunit\u00e0 locale al fine di sostenere la nascita e l\u2019avvio di nuove attivit\u00e0 di impresa locale non solo nel campo dell\u2019accoglienza e del turismo ma in un contesto di ampio raggio, sempre valorizzando la diversit\u00e0 di capacit\u00e0 professionali e umane presenti e sostenendo la vivacit\u00e0 del tessuto sociale locale.<\/p>\n<p style=\"text-align: justify\">Il progetto Roseto: <strong>Il Borgo delle diverse abilit\u00e0,<\/strong> giunto nel cuore della prima fase, sar\u00e0 presentato alla comunit\u00e0 rosetana e al territorio calabrese con un evento che racconter\u00e0 l\u2019evoluzione delle diverse attivit\u00e0 in corso. In particolare le progettualit\u00e0 di natura architettonica e urbanistica che potenzieranno la capacit\u00e0 turistica rosetana in chiave inclusiva e gli esiti dei laboratori &#8220;Scenario Fertile&#8221; di Roseto, grazie al quale sono stati concepiti ben 10 progetti imprenditoriali strategici. In ultimo si illustreranno gli scenari legati al paniere di progettualit\u00e0 denominato \u201cInnesti di comunit\u00e0\u201d di cui Roseto Capo Spulico sar\u00e0 teatro. Interverranno Rosanna Mazzia, sindaco di <strong>Roseto Capo Spulico, Gianluca di Lonardo,<\/strong> di Borghi Autentici D\u2019Italia, Alberto Giammaruco e Lea Sodano di Citt\u00e0 fertile, Daniela Cadeddu di Bottega Filosofica, Mariella Stella di Netural Coop, Giovanni Marangi, Rup del Progetto e i progettisti del contesto architettonico Arturo Veltri, Marianna Ferrara e Madlene Aloise. <strong>Roseto Capo<\/strong> <strong>Spulico<\/strong> \u00e8 il Borgo delle Diverse Abilit\u00e0!<\/p>\n","protected":false},"excerpt":{"rendered":"<p>Gioved\u00ec 22 giungo, alle 17.30, l\u2019Antico Granaio di Roseto Capo Spulico, sito sullo splendido Lungomare degli Achei, ospiter\u00e0 l\u2019evento di presentazione del progetto \u201cRoseto: Il Borgo delle diverse abilit\u00e0\u201d. Grazie&hellip;<\/p>\n","protected":false},"author":8,"featured_media":28548,"comment_status":"closed","ping_status":"open","sticky":false,"template":"","format":"standard","meta":{"_jetpack_memberships_contains_paid_content":false,"footnotes":"","jetpack_publicize_message":"","jetpack_publicize_feature_enabled":true,"jetpack_social_post_already_shared":false,"jetpack_social_options":{"image_generator_settings":{"template":"highway","default_image_id":0,"font":"","enabled":false},"version":2}},"categories":[142,921,196],"tags":[17460,17461,6412],"class_list":["post-28547","post","type-post","status-publish","format-standard","has-post-thumbnail","hentry","category-calabria","category-home","category-news","tag-roseto-il-borgo-delle-diverse-abilita","tag-gianluca-di-lonardo","tag-roseto-capo-spulico"],"yoast_head":"<!-- This site is optimized with the Yoast SEO plugin v27.2 - https:\/\/yoast.com\/product\/yoast-seo-wordpress\/ -->\n<title>Roseto Capo Spulico: tutto pronto per il progetto \u201cRoseto: Il Borgo delle diverse abilit\u00e0\u201d - Radio Touring 104<\/title>\n<meta name=\"description\" content=\"L&#039;evento di presentazione del progetto si terr\u00e0 presso l&#039;Antico Granaio di Roseto Capo Spulico, situato sul Lungomare degli Achei\" \/>\n<meta name=\"robots\" content=\"index, follow, max-snippet:-1, max-image-preview:large, max-video-preview:-1\" \/>\n<link rel=\"canonical\" href=\"https:\/\/progettotouring.it\/radiotouring104\/2023\/06\/20\/roseto-capo-spulico-tutto-pronto-per-il-progetto-roseto-il-borgo-delle-diverse-abilita\/\" \/>\n<meta property=\"og:locale\" content=\"it_IT\" \/>\n<meta property=\"og:type\" content=\"article\" \/>\n<meta property=\"og:title\" content=\"Roseto Capo Spulico: tutto pronto per il progetto \u201cRoseto: Il Borgo delle diverse abilit\u00e0\u201d - Radio Touring 104\" \/>\n<meta property=\"og:description\" content=\"L&#039;evento di presentazione del progetto si terr\u00e0 presso l&#039;Antico Granaio di Roseto Capo Spulico, situato sul Lungomare degli Achei\" \/>\n<meta property=\"og:url\" content=\"https:\/\/progettotouring.it\/radiotouring104\/2023\/06\/20\/roseto-capo-spulico-tutto-pronto-per-il-progetto-roseto-il-borgo-delle-diverse-abilita\/\" \/>\n<meta property=\"og:site_name\" content=\"Radio Touring 104\" \/>\n<meta property=\"article:published_time\" content=\"2023-06-20T14:50:56+00:00\" \/>\n<meta property=\"article:modified_time\" content=\"2023-06-20T15:04:27+00:00\" \/>\n<meta property=\"og:image\" content=\"https:\/\/progettotouring.it\/radiotouring104\/wp-content\/uploads\/sites\/6\/2023\/06\/Roseto.jpg\" \/>\n\t<meta property=\"og:image:width\" content=\"512\" \/>\n\t<meta property=\"og:image:height\" content=\"363\" \/>\n\t<meta property=\"og:image:type\" content=\"image\/jpeg\" \/>\n<meta name=\"author\" content=\"Filippo Francesco Idone\" \/>\n<meta name=\"twitter:card\" content=\"summary_large_image\" \/>\n<meta name=\"twitter:label1\" content=\"Scritto da\" \/>\n\t<meta name=\"twitter:data1\" content=\"Filippo Francesco Idone\" \/>\n\t<meta name=\"twitter:label2\" content=\"Tempo di lettura stimato\" \/>\n\t<meta name=\"twitter:data2\" content=\"2 minuti\" \/>\n<script type=\"application\/ld+json\" class=\"yoast-schema-graph\">{\"@context\":\"https:\/\/schema.org\",\"@graph\":[{\"@type\":\"Article\",\"@id\":\"https:\/\/progettotouring.it\/radiotouring104\/2023\/06\/20\/roseto-capo-spulico-tutto-pronto-per-il-progetto-roseto-il-borgo-delle-diverse-abilita\/#article\",\"isPartOf\":{\"@id\":\"https:\/\/progettotouring.it\/radiotouring104\/2023\/06\/20\/roseto-capo-spulico-tutto-pronto-per-il-progetto-roseto-il-borgo-delle-diverse-abilita\/\"},\"author\":{\"name\":\"Filippo Francesco Idone\",\"@id\":\"https:\/\/progettotouring.it\/radiotouring104\/#\/schema\/person\/4a82259ca52ac8702ad1a8f9e5a3120b\"},\"headline\":\"Roseto Capo Spulico: tutto pronto per il progetto \u201cRoseto: Il Borgo delle diverse abilit\u00e0\u201d\",\"datePublished\":\"2023-06-20T14:50:56+00:00\",\"dateModified\":\"2023-06-20T15:04:27+00:00\",\"mainEntityOfPage\":{\"@id\":\"https:\/\/progettotouring.it\/radiotouring104\/2023\/06\/20\/roseto-capo-spulico-tutto-pronto-per-il-progetto-roseto-il-borgo-delle-diverse-abilita\/\"},\"wordCount\":458,\"publisher\":{\"@id\":\"https:\/\/progettotouring.it\/radiotouring104\/#organization\"},\"image\":{\"@id\":\"https:\/\/progettotouring.it\/radiotouring104\/2023\/06\/20\/roseto-capo-spulico-tutto-pronto-per-il-progetto-roseto-il-borgo-delle-diverse-abilita\/#primaryimage\"},\"thumbnailUrl\":\"https:\/\/progettotouring.it\/radiotouring104\/wp-content\/uploads\/sites\/6\/2023\/06\/Roseto.jpg\",\"keywords\":[\"\u201cRoseto: Il Borgo delle diverse abilit\u00e0\u201d\",\"Gianluca di Lonardo\",\"Roseto Capo Spulico\"],\"articleSection\":[\"Calabria\",\"Home\",\"News\"],\"inLanguage\":\"it-IT\"},{\"@type\":\"WebPage\",\"@id\":\"https:\/\/progettotouring.it\/radiotouring104\/2023\/06\/20\/roseto-capo-spulico-tutto-pronto-per-il-progetto-roseto-il-borgo-delle-diverse-abilita\/\",\"url\":\"https:\/\/progettotouring.it\/radiotouring104\/2023\/06\/20\/roseto-capo-spulico-tutto-pronto-per-il-progetto-roseto-il-borgo-delle-diverse-abilita\/\",\"name\":\"Roseto Capo Spulico: tutto pronto per il progetto \u201cRoseto: Il Borgo delle diverse abilit\u00e0\u201d - Radio Touring 104\",\"isPartOf\":{\"@id\":\"https:\/\/progettotouring.it\/radiotouring104\/#website\"},\"primaryImageOfPage\":{\"@id\":\"https:\/\/progettotouring.it\/radiotouring104\/2023\/06\/20\/roseto-capo-spulico-tutto-pronto-per-il-progetto-roseto-il-borgo-delle-diverse-abilita\/#primaryimage\"},\"image\":{\"@id\":\"https:\/\/progettotouring.it\/radiotouring104\/2023\/06\/20\/roseto-capo-spulico-tutto-pronto-per-il-progetto-roseto-il-borgo-delle-diverse-abilita\/#primaryimage\"},\"thumbnailUrl\":\"https:\/\/progettotouring.it\/radiotouring104\/wp-content\/uploads\/sites\/6\/2023\/06\/Roseto.jpg\",\"datePublished\":\"2023-06-20T14:50:56+00:00\",\"dateModified\":\"2023-06-20T15:04:27+00:00\",\"description\":\"L'evento di presentazione del progetto si terr\u00e0 presso l'Antico Granaio di Roseto Capo Spulico, situato sul Lungomare degli Achei\",\"breadcrumb\":{\"@id\":\"https:\/\/progettotouring.it\/radiotouring104\/2023\/06\/20\/roseto-capo-spulico-tutto-pronto-per-il-progetto-roseto-il-borgo-delle-diverse-abilita\/#breadcrumb\"},\"inLanguage\":\"it-IT\",\"potentialAction\":[{\"@type\":\"ReadAction\",\"target\":[\"https:\/\/progettotouring.it\/radiotouring104\/2023\/06\/20\/roseto-capo-spulico-tutto-pronto-per-il-progetto-roseto-il-borgo-delle-diverse-abilita\/\"]}]},{\"@type\":\"ImageObject\",\"inLanguage\":\"it-IT\",\"@id\":\"https:\/\/progettotouring.it\/radiotouring104\/2023\/06\/20\/roseto-capo-spulico-tutto-pronto-per-il-progetto-roseto-il-borgo-delle-diverse-abilita\/#primaryimage\",\"url\":\"https:\/\/progettotouring.it\/radiotouring104\/wp-content\/uploads\/sites\/6\/2023\/06\/Roseto.jpg\",\"contentUrl\":\"https:\/\/progettotouring.it\/radiotouring104\/wp-content\/uploads\/sites\/6\/2023\/06\/Roseto.jpg\",\"width\":512,\"height\":363},{\"@type\":\"BreadcrumbList\",\"@id\":\"https:\/\/progettotouring.it\/radiotouring104\/2023\/06\/20\/roseto-capo-spulico-tutto-pronto-per-il-progetto-roseto-il-borgo-delle-diverse-abilita\/#breadcrumb\",\"itemListElement\":[{\"@type\":\"ListItem\",\"position\":1,\"name\":\"Home\",\"item\":\"https:\/\/progettotouring.it\/radiotouring104\/\"},{\"@type\":\"ListItem\",\"position\":2,\"name\":\"Roseto Capo Spulico: tutto pronto per il progetto \u201cRoseto: Il Borgo delle diverse abilit\u00e0\u201d\"}]},{\"@type\":\"WebSite\",\"@id\":\"https:\/\/progettotouring.it\/radiotouring104\/#website\",\"url\":\"https:\/\/progettotouring.it\/radiotouring104\/\",\"name\":\"Radio Touring 104\",\"description\":\"La prima radio Reggina\",\"publisher\":{\"@id\":\"https:\/\/progettotouring.it\/radiotouring104\/#organization\"},\"potentialAction\":[{\"@type\":\"SearchAction\",\"target\":{\"@type\":\"EntryPoint\",\"urlTemplate\":\"https:\/\/progettotouring.it\/radiotouring104\/?s={search_term_string}\"},\"query-input\":{\"@type\":\"PropertyValueSpecification\",\"valueRequired\":true,\"valueName\":\"search_term_string\"}}],\"inLanguage\":\"it-IT\"},{\"@type\":\"Organization\",\"@id\":\"https:\/\/progettotouring.it\/radiotouring104\/#organization\",\"name\":\"Radio Touring 104\",\"url\":\"https:\/\/progettotouring.it\/radiotouring104\/\",\"logo\":{\"@type\":\"ImageObject\",\"inLanguage\":\"it-IT\",\"@id\":\"https:\/\/progettotouring.it\/radiotouring104\/#\/schema\/logo\/image\/\",\"url\":\"https:\/\/progettotouring.it\/radiotouring104\/wp-content\/uploads\/sites\/6\/2022\/02\/cropped-logo-radio-touring-104.png\",\"contentUrl\":\"https:\/\/progettotouring.it\/radiotouring104\/wp-content\/uploads\/sites\/6\/2022\/02\/cropped-logo-radio-touring-104.png\",\"width\":377,\"height\":182,\"caption\":\"Radio Touring 104\"},\"image\":{\"@id\":\"https:\/\/progettotouring.it\/radiotouring104\/#\/schema\/logo\/image\/\"}},{\"@type\":\"Person\",\"@id\":\"https:\/\/progettotouring.it\/radiotouring104\/#\/schema\/person\/4a82259ca52ac8702ad1a8f9e5a3120b\",\"name\":\"Filippo Francesco Idone\",\"image\":{\"@type\":\"ImageObject\",\"inLanguage\":\"it-IT\",\"@id\":\"https:\/\/secure.gravatar.com\/avatar\/7268715d2366395c3dd314385670e6484117d44f5c442e61e230f7008b7b62d3?s=96&d=mm&r=g\",\"url\":\"https:\/\/secure.gravatar.com\/avatar\/7268715d2366395c3dd314385670e6484117d44f5c442e61e230f7008b7b62d3?s=96&d=mm&r=g\",\"contentUrl\":\"https:\/\/secure.gravatar.com\/avatar\/7268715d2366395c3dd314385670e6484117d44f5c442e61e230f7008b7b62d3?s=96&d=mm&r=g\",\"caption\":\"Filippo Francesco Idone\"},\"url\":\"https:\/\/progettotouring.it\/radiotouring104\/author\/filippoidone\/\"}]}<\/script>\n<!-- \/ Yoast SEO plugin. -->","yoast_head_json":{"title":"Roseto Capo Spulico: tutto pronto per il progetto \u201cRoseto: Il Borgo delle diverse abilit\u00e0\u201d - Radio Touring 104","description":"L'evento di presentazione del progetto si terr\u00e0 presso l'Antico Granaio di Roseto Capo Spulico, situato sul Lungomare degli Achei","robots":{"index":"index","follow":"follow","max-snippet":"max-snippet:-1","max-image-preview":"max-image-preview:large","max-video-preview":"max-video-preview:-1"},"canonical":"https:\/\/progettotouring.it\/radiotouring104\/2023\/06\/20\/roseto-capo-spulico-tutto-pronto-per-il-progetto-roseto-il-borgo-delle-diverse-abilita\/","og_locale":"it_IT","og_type":"article","og_title":"Roseto Capo Spulico: tutto pronto per il progetto \u201cRoseto: Il Borgo delle diverse abilit\u00e0\u201d - Radio Touring 104","og_description":"L'evento di presentazione del progetto si terr\u00e0 presso l'Antico Granaio di Roseto Capo Spulico, situato sul Lungomare degli Achei","og_url":"https:\/\/progettotouring.it\/radiotouring104\/2023\/06\/20\/roseto-capo-spulico-tutto-pronto-per-il-progetto-roseto-il-borgo-delle-diverse-abilita\/","og_site_name":"Radio Touring 104","article_published_time":"2023-06-20T14:50:56+00:00","article_modified_time":"2023-06-20T15:04:27+00:00","og_image":[{"width":512,"height":363,"url":"https:\/\/progettotouring.it\/radiotouring104\/wp-content\/uploads\/sites\/6\/2023\/06\/Roseto.jpg","type":"image\/jpeg"}],"author":"Filippo Francesco Idone","twitter_card":"summary_large_image","twitter_misc":{"Scritto da":"Filippo Francesco Idone","Tempo di lettura stimato":"2 minuti"},"schema":{"@context":"https:\/\/schema.org","@graph":[{"@type":"Article","@id":"https:\/\/progettotouring.it\/radiotouring104\/2023\/06\/20\/roseto-capo-spulico-tutto-pronto-per-il-progetto-roseto-il-borgo-delle-diverse-abilita\/#article","isPartOf":{"@id":"https:\/\/progettotouring.it\/radiotouring104\/2023\/06\/20\/roseto-capo-spulico-tutto-pronto-per-il-progetto-roseto-il-borgo-delle-diverse-abilita\/"},"author":{"name":"Filippo Francesco Idone","@id":"https:\/\/progettotouring.it\/radiotouring104\/#\/schema\/person\/4a82259ca52ac8702ad1a8f9e5a3120b"},"headline":"Roseto Capo Spulico: tutto pronto per il progetto \u201cRoseto: Il Borgo delle diverse abilit\u00e0\u201d","datePublished":"2023-06-20T14:50:56+00:00","dateModified":"2023-06-20T15:04:27+00:00","mainEntityOfPage":{"@id":"https:\/\/progettotouring.it\/radiotouring104\/2023\/06\/20\/roseto-capo-spulico-tutto-pronto-per-il-progetto-roseto-il-borgo-delle-diverse-abilita\/"},"wordCount":458,"publisher":{"@id":"https:\/\/progettotouring.it\/radiotouring104\/#organization"},"image":{"@id":"https:\/\/progettotouring.it\/radiotouring104\/2023\/06\/20\/roseto-capo-spulico-tutto-pronto-per-il-progetto-roseto-il-borgo-delle-diverse-abilita\/#primaryimage"},"thumbnailUrl":"https:\/\/progettotouring.it\/radiotouring104\/wp-content\/uploads\/sites\/6\/2023\/06\/Roseto.jpg","keywords":["\u201cRoseto: Il Borgo delle diverse abilit\u00e0\u201d","Gianluca di Lonardo","Roseto Capo Spulico"],"articleSection":["Calabria","Home","News"],"inLanguage":"it-IT"},{"@type":"WebPage","@id":"https:\/\/progettotouring.it\/radiotouring104\/2023\/06\/20\/roseto-capo-spulico-tutto-pronto-per-il-progetto-roseto-il-borgo-delle-diverse-abilita\/","url":"https:\/\/progettotouring.it\/radiotouring104\/2023\/06\/20\/roseto-capo-spulico-tutto-pronto-per-il-progetto-roseto-il-borgo-delle-diverse-abilita\/","name":"Roseto Capo Spulico: tutto pronto per il progetto \u201cRoseto: Il Borgo delle diverse abilit\u00e0\u201d - Radio Touring 104","isPartOf":{"@id":"https:\/\/progettotouring.it\/radiotouring104\/#website"},"primaryImageOfPage":{"@id":"https:\/\/progettotouring.it\/radiotouring104\/2023\/06\/20\/roseto-capo-spulico-tutto-pronto-per-il-progetto-roseto-il-borgo-delle-diverse-abilita\/#primaryimage"},"image":{"@id":"https:\/\/progettotouring.it\/radiotouring104\/2023\/06\/20\/roseto-capo-spulico-tutto-pronto-per-il-progetto-roseto-il-borgo-delle-diverse-abilita\/#primaryimage"},"thumbnailUrl":"https:\/\/progettotouring.it\/radiotouring104\/wp-content\/uploads\/sites\/6\/2023\/06\/Roseto.jpg","datePublished":"2023-06-20T14:50:56+00:00","dateModified":"2023-06-20T15:04:27+00:00","description":"L'evento di presentazione del progetto si terr\u00e0 presso l'Antico Granaio di Roseto Capo Spulico, situato sul Lungomare degli Achei","breadcrumb":{"@id":"https:\/\/progettotouring.it\/radiotouring104\/2023\/06\/20\/roseto-capo-spulico-tutto-pronto-per-il-progetto-roseto-il-borgo-delle-diverse-abilita\/#breadcrumb"},"inLanguage":"it-IT","potentialAction":[{"@type":"ReadAction","target":["https:\/\/progettotouring.it\/radiotouring104\/2023\/06\/20\/roseto-capo-spulico-tutto-pronto-per-il-progetto-roseto-il-borgo-delle-diverse-abilita\/"]}]},{"@type":"ImageObject","inLanguage":"it-IT","@id":"https:\/\/progettotouring.it\/radiotouring104\/2023\/06\/20\/roseto-capo-spulico-tutto-pronto-per-il-progetto-roseto-il-borgo-delle-diverse-abilita\/#primaryimage","url":"https:\/\/progettotouring.it\/radiotouring104\/wp-content\/uploads\/sites\/6\/2023\/06\/Roseto.jpg","contentUrl":"https:\/\/progettotouring.it\/radiotouring104\/wp-content\/uploads\/sites\/6\/2023\/06\/Roseto.jpg","width":512,"height":363},{"@type":"BreadcrumbList","@id":"https:\/\/progettotouring.it\/radiotouring104\/2023\/06\/20\/roseto-capo-spulico-tutto-pronto-per-il-progetto-roseto-il-borgo-delle-diverse-abilita\/#breadcrumb","itemListElement":[{"@type":"ListItem","position":1,"name":"Home","item":"https:\/\/progettotouring.it\/radiotouring104\/"},{"@type":"ListItem","position":2,"name":"Roseto Capo Spulico: tutto pronto per il progetto \u201cRoseto: Il Borgo delle diverse abilit\u00e0\u201d"}]},{"@type":"WebSite","@id":"https:\/\/progettotouring.it\/radiotouring104\/#website","url":"https:\/\/progettotouring.it\/radiotouring104\/","name":"Radio Touring 104","description":"La prima radio Reggina","publisher":{"@id":"https:\/\/progettotouring.it\/radiotouring104\/#organization"},"potentialAction":[{"@type":"SearchAction","target":{"@type":"EntryPoint","urlTemplate":"https:\/\/progettotouring.it\/radiotouring104\/?s={search_term_string}"},"query-input":{"@type":"PropertyValueSpecification","valueRequired":true,"valueName":"search_term_string"}}],"inLanguage":"it-IT"},{"@type":"Organization","@id":"https:\/\/progettotouring.it\/radiotouring104\/#organization","name":"Radio Touring 104","url":"https:\/\/progettotouring.it\/radiotouring104\/","logo":{"@type":"ImageObject","inLanguage":"it-IT","@id":"https:\/\/progettotouring.it\/radiotouring104\/#\/schema\/logo\/image\/","url":"https:\/\/progettotouring.it\/radiotouring104\/wp-content\/uploads\/sites\/6\/2022\/02\/cropped-logo-radio-touring-104.png","contentUrl":"https:\/\/progettotouring.it\/radiotouring104\/wp-content\/uploads\/sites\/6\/2022\/02\/cropped-logo-radio-touring-104.png","width":377,"height":182,"caption":"Radio Touring 104"},"image":{"@id":"https:\/\/progettotouring.it\/radiotouring104\/#\/schema\/logo\/image\/"}},{"@type":"Person","@id":"https:\/\/progettotouring.it\/radiotouring104\/#\/schema\/person\/4a82259ca52ac8702ad1a8f9e5a3120b","name":"Filippo Francesco Idone","image":{"@type":"ImageObject","inLanguage":"it-IT","@id":"https:\/\/secure.gravatar.com\/avatar\/7268715d2366395c3dd314385670e6484117d44f5c442e61e230f7008b7b62d3?s=96&d=mm&r=g","url":"https:\/\/secure.gravatar.com\/avatar\/7268715d2366395c3dd314385670e6484117d44f5c442e61e230f7008b7b62d3?s=96&d=mm&r=g","contentUrl":"https:\/\/secure.gravatar.com\/avatar\/7268715d2366395c3dd314385670e6484117d44f5c442e61e230f7008b7b62d3?s=96&d=mm&r=g","caption":"Filippo Francesco Idone"},"url":"https:\/\/progettotouring.it\/radiotouring104\/author\/filippoidone\/"}]}},"jetpack_publicize_connections":[],"jetpack_featured_media_url":"https:\/\/progettotouring.it\/radiotouring104\/wp-content\/uploads\/sites\/6\/2023\/06\/Roseto.jpg","jetpack_sharing_enabled":true,"_links":{"self":[{"href":"https:\/\/progettotouring.it\/radiotouring104\/wp-json\/wp\/v2\/posts\/28547","targetHints":{"allow":["GET"]}}],"collection":[{"href":"https:\/\/progettotouring.it\/radiotouring104\/wp-json\/wp\/v2\/posts"}],"about":[{"href":"https:\/\/progettotouring.it\/radiotouring104\/wp-json\/wp\/v2\/types\/post"}],"author":[{"embeddable":true,"href":"https:\/\/progettotouring.it\/radiotouring104\/wp-json\/wp\/v2\/users\/8"}],"replies":[{"embeddable":true,"href":"https:\/\/progettotouring.it\/radiotouring104\/wp-json\/wp\/v2\/comments?post=28547"}],"version-history":[{"count":1,"href":"https:\/\/progettotouring.it\/radiotouring104\/wp-json\/wp\/v2\/posts\/28547\/revisions"}],"predecessor-version":[{"id":28549,"href":"https:\/\/progettotouring.it\/radiotouring104\/wp-json\/wp\/v2\/posts\/28547\/revisions\/28549"}],"wp:featuredmedia":[{"embeddable":true,"href":"https:\/\/progettotouring.it\/radiotouring104\/wp-json\/wp\/v2\/media\/28548"}],"wp:attachment":[{"href":"https:\/\/progettotouring.it\/radiotouring104\/wp-json\/wp\/v2\/media?parent=28547"}],"wp:term":[{"taxonomy":"category","embeddable":true,"href":"https:\/\/progettotouring.it\/radiotouring104\/wp-json\/wp\/v2\/categories?post=28547"},{"taxonomy":"post_tag","embeddable":true,"href":"https:\/\/progettotouring.it\/radiotouring104\/wp-json\/wp\/v2\/tags?post=28547"}],"curies":[{"name":"wp","href":"https:\/\/api.w.org\/{rel}","templated":true}]}}