{"id":28580,"date":"2023-06-21T11:31:37","date_gmt":"2023-06-21T09:31:37","guid":{"rendered":"https:\/\/progettotouring.it\/radiotouring104\/?p=28580"},"modified":"2023-06-21T11:31:37","modified_gmt":"2023-06-21T09:31:37","slug":"larch-reggino-polimeni-racconta-levoluzione-della-professione","status":"publish","type":"post","link":"https:\/\/progettotouring.it\/radiotouring104\/2023\/06\/21\/larch-reggino-polimeni-racconta-levoluzione-della-professione\/","title":{"rendered":"L&#8217;arch. reggino Polimeni racconta l\u2019evoluzione della professione"},"content":{"rendered":"<p style=\"text-align: justify\">Vincenzo Polimeni, AD di Facile Ristrutturare, l\u2019azienda leader in Italia nel settore delle ristrutturazioni di interni chiavi in mano, \u00e8 nato ed \u00e8 vissuto per lungo tempo a Reggio Calabria, citt\u00e0 a cui \u00e8 rimasto profondamente legato anche quando lo studio e il lavoro lo hanno portato lontano. Eppure questo profondo legame con la sua terra non \u00e8 mai venuto meno, soprattutto quando si tratta di portare valore e cultura ripagando cos\u00ec, in qualche modo, il debito di gratitudine che sente di avere nei suoi confronti. \u00c8 proprio per questo che tre le tante sedi che ormai facile Ristrutturare ha in tutta Italia, <strong>l\u2019architetto Polimeni ha scelto di celebrare la nuova edizione di \u201cOpen! Gli Architetti aprono i loro studi al pubblico\u201d,<\/strong> proprio a Reggio Calabria, <strong>dove nello store di via Cattolica dei Greci 28\/A il 24 giugno dalle 10 alle 22 si verr\u00e0 aperta la \u201cCasa degli Architetti di Facile Ristrutturare\u201d,<\/strong> una mostra in cui saranno esposti i progetti di di 8 architetti e collaboratori del Gruppo. A partire dalle 18.00, poi, avr\u00e0 luogo una tavola rotonda i cui si discuter\u00e0 delle linee evolutive della professione dell\u2019architetto grazie agli interventi di professionisti del design, ospiti d\u2019eccezione del mondo dell\u2019architettura e della produzione creativa in tutte le sue sfaccettature.<\/p>\n<p style=\"text-align: justify\">Interverranno con il proprio contributo Vincenzo Polimeni \u2013 AD di Facile Ristrutturare, Daniele Morabito \u2013 Owner di Texturae e Sara Ricciardi \u2013 Art director di Texturae, Ilaria Speranza, jewellery designer e Giulia Speranza, graphic designer con il loro progetto Fede Reggina, simbolo della citt\u00e0 di Reggio. Nel corso del dibattito, anche il racconto visivo dell\u2019artista Roberto Rogolino, che illustrer\u00e0 la sua personale visione dei progetti realizzati in una live performance nello spazio esterno allo store.<\/p>\n<p style=\"text-align: justify\"><em>\u201cReggio Calabria \u00e8 una citt\u00e0 ricca di cultura e di bellezza<\/em> &#8211; <strong>spiega Polimeni<\/strong> -: <em>una citt\u00e0 che educa all\u2019amore per l\u2019arte e l\u2019architettura, anche per questo ci \u00e8 sembrata la location ideale per un evento di respiro nazionale, come \u00e8 \u2018Open! Gli Architetti aprono i loro studi al pubblico\u2019, che permetter\u00e0 a tutti i reggini di osservare le nuove tendenze del design di interni attraverso i lavori esposti dai nostri collaboratori\u201d.<\/em><\/p>\n<p style=\"text-align: justify\"><strong>Al termine del dibattito, avr\u00e0 luogo un dj set con aperitivo offerto da Facile Ristrutturare.<\/strong><\/p>\n","protected":false},"excerpt":{"rendered":"<p>Vincenzo Polimeni, AD di Facile Ristrutturare, l\u2019azienda leader in Italia nel settore delle ristrutturazioni di interni chiavi in mano, \u00e8 nato ed \u00e8 vissuto per lungo tempo a Reggio Calabria,&hellip;<\/p>\n","protected":false},"author":12,"featured_media":28581,"comment_status":"closed","ping_status":"open","sticky":false,"template":"","format":"standard","meta":{"_jetpack_memberships_contains_paid_content":false,"footnotes":"","jetpack_publicize_message":"","jetpack_publicize_feature_enabled":true,"jetpack_social_post_already_shared":false,"jetpack_social_options":{"image_generator_settings":{"template":"highway","default_image_id":0,"font":"","enabled":false},"version":2}},"categories":[921,146,140],"tags":[17474,17480,17475,17477,17479,6722,17478,17476],"class_list":["post-28580","post","type-post","status-publish","format-standard","has-post-thumbnail","hentry","category-home","category-musica","category-reggio-calabria","tag-architetto-vincenzo-polimeni","tag-artista-roberto-rogolino","tag-azienda-facile-ristrutturare","tag-daniele-morabito","tag-giulia-speranza","tag-ilaria-speranza","tag-texturae","tag-via-cattolica-dei-greci"],"yoast_head":"<!-- This site is optimized with the Yoast SEO plugin v27.2 - https:\/\/yoast.com\/product\/yoast-seo-wordpress\/ -->\n<title>L&#039;arch. reggino Polimeni racconta l\u2019evoluzione della professione<\/title>\n<meta name=\"description\" content=\"L&#039;evento tenuto dall&#039;Ad di Facile Ristrutturare, si terr\u00e0 nello store di via Cattolica dei Greci 28\/A il 24 giugno dalle 10 alle 22\" \/>\n<meta name=\"robots\" content=\"index, follow, max-snippet:-1, max-image-preview:large, max-video-preview:-1\" \/>\n<link rel=\"canonical\" href=\"https:\/\/progettotouring.it\/radiotouring104\/2023\/06\/21\/larch-reggino-polimeni-racconta-levoluzione-della-professione\/\" \/>\n<meta property=\"og:locale\" content=\"it_IT\" \/>\n<meta property=\"og:type\" content=\"article\" \/>\n<meta property=\"og:title\" content=\"L&#039;arch. reggino Polimeni racconta l\u2019evoluzione della professione\" \/>\n<meta property=\"og:description\" content=\"L&#039;evento tenuto dall&#039;Ad di Facile Ristrutturare, si terr\u00e0 nello store di via Cattolica dei Greci 28\/A il 24 giugno dalle 10 alle 22\" \/>\n<meta property=\"og:url\" content=\"https:\/\/progettotouring.it\/radiotouring104\/2023\/06\/21\/larch-reggino-polimeni-racconta-levoluzione-della-professione\/\" \/>\n<meta property=\"og:site_name\" content=\"Radio Touring 104\" \/>\n<meta property=\"article:published_time\" content=\"2023-06-21T09:31:37+00:00\" \/>\n<meta property=\"og:image\" content=\"https:\/\/progettotouring.it\/radiotouring104\/wp-content\/uploads\/sites\/6\/2023\/06\/architetto-Vincenzo-Polimeni.jpg\" \/>\n\t<meta property=\"og:image:width\" content=\"1503\" \/>\n\t<meta property=\"og:image:height\" content=\"1210\" \/>\n\t<meta property=\"og:image:type\" content=\"image\/jpeg\" \/>\n<meta name=\"author\" content=\"Sebastiano Plutino\" \/>\n<meta name=\"twitter:card\" content=\"summary_large_image\" \/>\n<meta name=\"twitter:label1\" content=\"Scritto da\" \/>\n\t<meta name=\"twitter:data1\" content=\"Sebastiano Plutino\" \/>\n\t<meta name=\"twitter:label2\" content=\"Tempo di lettura stimato\" \/>\n\t<meta name=\"twitter:data2\" content=\"2 minuti\" \/>\n<script type=\"application\/ld+json\" class=\"yoast-schema-graph\">{\"@context\":\"https:\/\/schema.org\",\"@graph\":[{\"@type\":\"Article\",\"@id\":\"https:\/\/progettotouring.it\/radiotouring104\/2023\/06\/21\/larch-reggino-polimeni-racconta-levoluzione-della-professione\/#article\",\"isPartOf\":{\"@id\":\"https:\/\/progettotouring.it\/radiotouring104\/2023\/06\/21\/larch-reggino-polimeni-racconta-levoluzione-della-professione\/\"},\"author\":{\"name\":\"Sebastiano Plutino\",\"@id\":\"https:\/\/progettotouring.it\/radiotouring104\/#\/schema\/person\/78613917f1851f041f7483f5af1d422e\"},\"headline\":\"L&#8217;arch. reggino Polimeni racconta l\u2019evoluzione della professione\",\"datePublished\":\"2023-06-21T09:31:37+00:00\",\"mainEntityOfPage\":{\"@id\":\"https:\/\/progettotouring.it\/radiotouring104\/2023\/06\/21\/larch-reggino-polimeni-racconta-levoluzione-della-professione\/\"},\"wordCount\":372,\"publisher\":{\"@id\":\"https:\/\/progettotouring.it\/radiotouring104\/#organization\"},\"image\":{\"@id\":\"https:\/\/progettotouring.it\/radiotouring104\/2023\/06\/21\/larch-reggino-polimeni-racconta-levoluzione-della-professione\/#primaryimage\"},\"thumbnailUrl\":\"https:\/\/progettotouring.it\/radiotouring104\/wp-content\/uploads\/sites\/6\/2023\/06\/architetto-Vincenzo-Polimeni.jpg\",\"keywords\":[\"architetto Vincenzo Polimeni\",\"artista Roberto Rogolino\",\"azienda Facile Ristrutturare\",\"Daniele Morabito\",\"Giulia Speranza\",\"ilaria speranza\",\"Texturae\",\"via Cattolica dei Greci\"],\"articleSection\":[\"Home\",\"Musica\",\"Reggio Calabria\"],\"inLanguage\":\"it-IT\"},{\"@type\":\"WebPage\",\"@id\":\"https:\/\/progettotouring.it\/radiotouring104\/2023\/06\/21\/larch-reggino-polimeni-racconta-levoluzione-della-professione\/\",\"url\":\"https:\/\/progettotouring.it\/radiotouring104\/2023\/06\/21\/larch-reggino-polimeni-racconta-levoluzione-della-professione\/\",\"name\":\"L'arch. reggino Polimeni racconta l\u2019evoluzione della professione\",\"isPartOf\":{\"@id\":\"https:\/\/progettotouring.it\/radiotouring104\/#website\"},\"primaryImageOfPage\":{\"@id\":\"https:\/\/progettotouring.it\/radiotouring104\/2023\/06\/21\/larch-reggino-polimeni-racconta-levoluzione-della-professione\/#primaryimage\"},\"image\":{\"@id\":\"https:\/\/progettotouring.it\/radiotouring104\/2023\/06\/21\/larch-reggino-polimeni-racconta-levoluzione-della-professione\/#primaryimage\"},\"thumbnailUrl\":\"https:\/\/progettotouring.it\/radiotouring104\/wp-content\/uploads\/sites\/6\/2023\/06\/architetto-Vincenzo-Polimeni.jpg\",\"datePublished\":\"2023-06-21T09:31:37+00:00\",\"description\":\"L'evento tenuto dall'Ad di Facile Ristrutturare, si terr\u00e0 nello store di via Cattolica dei Greci 28\/A il 24 giugno dalle 10 alle 22\",\"breadcrumb\":{\"@id\":\"https:\/\/progettotouring.it\/radiotouring104\/2023\/06\/21\/larch-reggino-polimeni-racconta-levoluzione-della-professione\/#breadcrumb\"},\"inLanguage\":\"it-IT\",\"potentialAction\":[{\"@type\":\"ReadAction\",\"target\":[\"https:\/\/progettotouring.it\/radiotouring104\/2023\/06\/21\/larch-reggino-polimeni-racconta-levoluzione-della-professione\/\"]}]},{\"@type\":\"ImageObject\",\"inLanguage\":\"it-IT\",\"@id\":\"https:\/\/progettotouring.it\/radiotouring104\/2023\/06\/21\/larch-reggino-polimeni-racconta-levoluzione-della-professione\/#primaryimage\",\"url\":\"https:\/\/progettotouring.it\/radiotouring104\/wp-content\/uploads\/sites\/6\/2023\/06\/architetto-Vincenzo-Polimeni.jpg\",\"contentUrl\":\"https:\/\/progettotouring.it\/radiotouring104\/wp-content\/uploads\/sites\/6\/2023\/06\/architetto-Vincenzo-Polimeni.jpg\",\"width\":1503,\"height\":1210},{\"@type\":\"BreadcrumbList\",\"@id\":\"https:\/\/progettotouring.it\/radiotouring104\/2023\/06\/21\/larch-reggino-polimeni-racconta-levoluzione-della-professione\/#breadcrumb\",\"itemListElement\":[{\"@type\":\"ListItem\",\"position\":1,\"name\":\"Home\",\"item\":\"https:\/\/progettotouring.it\/radiotouring104\/\"},{\"@type\":\"ListItem\",\"position\":2,\"name\":\"L&#8217;arch. reggino Polimeni racconta l\u2019evoluzione della professione\"}]},{\"@type\":\"WebSite\",\"@id\":\"https:\/\/progettotouring.it\/radiotouring104\/#website\",\"url\":\"https:\/\/progettotouring.it\/radiotouring104\/\",\"name\":\"Radio Touring 104\",\"description\":\"La prima radio Reggina\",\"publisher\":{\"@id\":\"https:\/\/progettotouring.it\/radiotouring104\/#organization\"},\"potentialAction\":[{\"@type\":\"SearchAction\",\"target\":{\"@type\":\"EntryPoint\",\"urlTemplate\":\"https:\/\/progettotouring.it\/radiotouring104\/?s={search_term_string}\"},\"query-input\":{\"@type\":\"PropertyValueSpecification\",\"valueRequired\":true,\"valueName\":\"search_term_string\"}}],\"inLanguage\":\"it-IT\"},{\"@type\":\"Organization\",\"@id\":\"https:\/\/progettotouring.it\/radiotouring104\/#organization\",\"name\":\"Radio Touring 104\",\"url\":\"https:\/\/progettotouring.it\/radiotouring104\/\",\"logo\":{\"@type\":\"ImageObject\",\"inLanguage\":\"it-IT\",\"@id\":\"https:\/\/progettotouring.it\/radiotouring104\/#\/schema\/logo\/image\/\",\"url\":\"https:\/\/progettotouring.it\/radiotouring104\/wp-content\/uploads\/sites\/6\/2022\/02\/cropped-logo-radio-touring-104.png\",\"contentUrl\":\"https:\/\/progettotouring.it\/radiotouring104\/wp-content\/uploads\/sites\/6\/2022\/02\/cropped-logo-radio-touring-104.png\",\"width\":377,\"height\":182,\"caption\":\"Radio Touring 104\"},\"image\":{\"@id\":\"https:\/\/progettotouring.it\/radiotouring104\/#\/schema\/logo\/image\/\"}},{\"@type\":\"Person\",\"@id\":\"https:\/\/progettotouring.it\/radiotouring104\/#\/schema\/person\/78613917f1851f041f7483f5af1d422e\",\"name\":\"Sebastiano Plutino\",\"image\":{\"@type\":\"ImageObject\",\"inLanguage\":\"it-IT\",\"@id\":\"https:\/\/secure.gravatar.com\/avatar\/0546ffaa9b79224faf9f2a156b67a529ae861d3287c66c1d8ccfdf909bcba78d?s=96&d=mm&r=g\",\"url\":\"https:\/\/secure.gravatar.com\/avatar\/0546ffaa9b79224faf9f2a156b67a529ae861d3287c66c1d8ccfdf909bcba78d?s=96&d=mm&r=g\",\"contentUrl\":\"https:\/\/secure.gravatar.com\/avatar\/0546ffaa9b79224faf9f2a156b67a529ae861d3287c66c1d8ccfdf909bcba78d?s=96&d=mm&r=g\",\"caption\":\"Sebastiano Plutino\"},\"url\":\"https:\/\/progettotouring.it\/radiotouring104\/author\/sebastiano\/\"}]}<\/script>\n<!-- \/ Yoast SEO plugin. -->","yoast_head_json":{"title":"L'arch. reggino Polimeni racconta l\u2019evoluzione della professione","description":"L'evento tenuto dall'Ad di Facile Ristrutturare, si terr\u00e0 nello store di via Cattolica dei Greci 28\/A il 24 giugno dalle 10 alle 22","robots":{"index":"index","follow":"follow","max-snippet":"max-snippet:-1","max-image-preview":"max-image-preview:large","max-video-preview":"max-video-preview:-1"},"canonical":"https:\/\/progettotouring.it\/radiotouring104\/2023\/06\/21\/larch-reggino-polimeni-racconta-levoluzione-della-professione\/","og_locale":"it_IT","og_type":"article","og_title":"L'arch. reggino Polimeni racconta l\u2019evoluzione della professione","og_description":"L'evento tenuto dall'Ad di Facile Ristrutturare, si terr\u00e0 nello store di via Cattolica dei Greci 28\/A il 24 giugno dalle 10 alle 22","og_url":"https:\/\/progettotouring.it\/radiotouring104\/2023\/06\/21\/larch-reggino-polimeni-racconta-levoluzione-della-professione\/","og_site_name":"Radio Touring 104","article_published_time":"2023-06-21T09:31:37+00:00","og_image":[{"width":1503,"height":1210,"url":"https:\/\/progettotouring.it\/radiotouring104\/wp-content\/uploads\/sites\/6\/2023\/06\/architetto-Vincenzo-Polimeni.jpg","type":"image\/jpeg"}],"author":"Sebastiano Plutino","twitter_card":"summary_large_image","twitter_misc":{"Scritto da":"Sebastiano Plutino","Tempo di lettura stimato":"2 minuti"},"schema":{"@context":"https:\/\/schema.org","@graph":[{"@type":"Article","@id":"https:\/\/progettotouring.it\/radiotouring104\/2023\/06\/21\/larch-reggino-polimeni-racconta-levoluzione-della-professione\/#article","isPartOf":{"@id":"https:\/\/progettotouring.it\/radiotouring104\/2023\/06\/21\/larch-reggino-polimeni-racconta-levoluzione-della-professione\/"},"author":{"name":"Sebastiano Plutino","@id":"https:\/\/progettotouring.it\/radiotouring104\/#\/schema\/person\/78613917f1851f041f7483f5af1d422e"},"headline":"L&#8217;arch. reggino Polimeni racconta l\u2019evoluzione della professione","datePublished":"2023-06-21T09:31:37+00:00","mainEntityOfPage":{"@id":"https:\/\/progettotouring.it\/radiotouring104\/2023\/06\/21\/larch-reggino-polimeni-racconta-levoluzione-della-professione\/"},"wordCount":372,"publisher":{"@id":"https:\/\/progettotouring.it\/radiotouring104\/#organization"},"image":{"@id":"https:\/\/progettotouring.it\/radiotouring104\/2023\/06\/21\/larch-reggino-polimeni-racconta-levoluzione-della-professione\/#primaryimage"},"thumbnailUrl":"https:\/\/progettotouring.it\/radiotouring104\/wp-content\/uploads\/sites\/6\/2023\/06\/architetto-Vincenzo-Polimeni.jpg","keywords":["architetto Vincenzo Polimeni","artista Roberto Rogolino","azienda Facile Ristrutturare","Daniele Morabito","Giulia Speranza","ilaria speranza","Texturae","via Cattolica dei Greci"],"articleSection":["Home","Musica","Reggio Calabria"],"inLanguage":"it-IT"},{"@type":"WebPage","@id":"https:\/\/progettotouring.it\/radiotouring104\/2023\/06\/21\/larch-reggino-polimeni-racconta-levoluzione-della-professione\/","url":"https:\/\/progettotouring.it\/radiotouring104\/2023\/06\/21\/larch-reggino-polimeni-racconta-levoluzione-della-professione\/","name":"L'arch. reggino Polimeni racconta l\u2019evoluzione della professione","isPartOf":{"@id":"https:\/\/progettotouring.it\/radiotouring104\/#website"},"primaryImageOfPage":{"@id":"https:\/\/progettotouring.it\/radiotouring104\/2023\/06\/21\/larch-reggino-polimeni-racconta-levoluzione-della-professione\/#primaryimage"},"image":{"@id":"https:\/\/progettotouring.it\/radiotouring104\/2023\/06\/21\/larch-reggino-polimeni-racconta-levoluzione-della-professione\/#primaryimage"},"thumbnailUrl":"https:\/\/progettotouring.it\/radiotouring104\/wp-content\/uploads\/sites\/6\/2023\/06\/architetto-Vincenzo-Polimeni.jpg","datePublished":"2023-06-21T09:31:37+00:00","description":"L'evento tenuto dall'Ad di Facile Ristrutturare, si terr\u00e0 nello store di via Cattolica dei Greci 28\/A il 24 giugno dalle 10 alle 22","breadcrumb":{"@id":"https:\/\/progettotouring.it\/radiotouring104\/2023\/06\/21\/larch-reggino-polimeni-racconta-levoluzione-della-professione\/#breadcrumb"},"inLanguage":"it-IT","potentialAction":[{"@type":"ReadAction","target":["https:\/\/progettotouring.it\/radiotouring104\/2023\/06\/21\/larch-reggino-polimeni-racconta-levoluzione-della-professione\/"]}]},{"@type":"ImageObject","inLanguage":"it-IT","@id":"https:\/\/progettotouring.it\/radiotouring104\/2023\/06\/21\/larch-reggino-polimeni-racconta-levoluzione-della-professione\/#primaryimage","url":"https:\/\/progettotouring.it\/radiotouring104\/wp-content\/uploads\/sites\/6\/2023\/06\/architetto-Vincenzo-Polimeni.jpg","contentUrl":"https:\/\/progettotouring.it\/radiotouring104\/wp-content\/uploads\/sites\/6\/2023\/06\/architetto-Vincenzo-Polimeni.jpg","width":1503,"height":1210},{"@type":"BreadcrumbList","@id":"https:\/\/progettotouring.it\/radiotouring104\/2023\/06\/21\/larch-reggino-polimeni-racconta-levoluzione-della-professione\/#breadcrumb","itemListElement":[{"@type":"ListItem","position":1,"name":"Home","item":"https:\/\/progettotouring.it\/radiotouring104\/"},{"@type":"ListItem","position":2,"name":"L&#8217;arch. reggino Polimeni racconta l\u2019evoluzione della professione"}]},{"@type":"WebSite","@id":"https:\/\/progettotouring.it\/radiotouring104\/#website","url":"https:\/\/progettotouring.it\/radiotouring104\/","name":"Radio Touring 104","description":"La prima radio Reggina","publisher":{"@id":"https:\/\/progettotouring.it\/radiotouring104\/#organization"},"potentialAction":[{"@type":"SearchAction","target":{"@type":"EntryPoint","urlTemplate":"https:\/\/progettotouring.it\/radiotouring104\/?s={search_term_string}"},"query-input":{"@type":"PropertyValueSpecification","valueRequired":true,"valueName":"search_term_string"}}],"inLanguage":"it-IT"},{"@type":"Organization","@id":"https:\/\/progettotouring.it\/radiotouring104\/#organization","name":"Radio Touring 104","url":"https:\/\/progettotouring.it\/radiotouring104\/","logo":{"@type":"ImageObject","inLanguage":"it-IT","@id":"https:\/\/progettotouring.it\/radiotouring104\/#\/schema\/logo\/image\/","url":"https:\/\/progettotouring.it\/radiotouring104\/wp-content\/uploads\/sites\/6\/2022\/02\/cropped-logo-radio-touring-104.png","contentUrl":"https:\/\/progettotouring.it\/radiotouring104\/wp-content\/uploads\/sites\/6\/2022\/02\/cropped-logo-radio-touring-104.png","width":377,"height":182,"caption":"Radio Touring 104"},"image":{"@id":"https:\/\/progettotouring.it\/radiotouring104\/#\/schema\/logo\/image\/"}},{"@type":"Person","@id":"https:\/\/progettotouring.it\/radiotouring104\/#\/schema\/person\/78613917f1851f041f7483f5af1d422e","name":"Sebastiano Plutino","image":{"@type":"ImageObject","inLanguage":"it-IT","@id":"https:\/\/secure.gravatar.com\/avatar\/0546ffaa9b79224faf9f2a156b67a529ae861d3287c66c1d8ccfdf909bcba78d?s=96&d=mm&r=g","url":"https:\/\/secure.gravatar.com\/avatar\/0546ffaa9b79224faf9f2a156b67a529ae861d3287c66c1d8ccfdf909bcba78d?s=96&d=mm&r=g","contentUrl":"https:\/\/secure.gravatar.com\/avatar\/0546ffaa9b79224faf9f2a156b67a529ae861d3287c66c1d8ccfdf909bcba78d?s=96&d=mm&r=g","caption":"Sebastiano Plutino"},"url":"https:\/\/progettotouring.it\/radiotouring104\/author\/sebastiano\/"}]}},"jetpack_publicize_connections":[],"jetpack_featured_media_url":"https:\/\/progettotouring.it\/radiotouring104\/wp-content\/uploads\/sites\/6\/2023\/06\/architetto-Vincenzo-Polimeni.jpg","jetpack_sharing_enabled":true,"_links":{"self":[{"href":"https:\/\/progettotouring.it\/radiotouring104\/wp-json\/wp\/v2\/posts\/28580","targetHints":{"allow":["GET"]}}],"collection":[{"href":"https:\/\/progettotouring.it\/radiotouring104\/wp-json\/wp\/v2\/posts"}],"about":[{"href":"https:\/\/progettotouring.it\/radiotouring104\/wp-json\/wp\/v2\/types\/post"}],"author":[{"embeddable":true,"href":"https:\/\/progettotouring.it\/radiotouring104\/wp-json\/wp\/v2\/users\/12"}],"replies":[{"embeddable":true,"href":"https:\/\/progettotouring.it\/radiotouring104\/wp-json\/wp\/v2\/comments?post=28580"}],"version-history":[{"count":1,"href":"https:\/\/progettotouring.it\/radiotouring104\/wp-json\/wp\/v2\/posts\/28580\/revisions"}],"predecessor-version":[{"id":28582,"href":"https:\/\/progettotouring.it\/radiotouring104\/wp-json\/wp\/v2\/posts\/28580\/revisions\/28582"}],"wp:featuredmedia":[{"embeddable":true,"href":"https:\/\/progettotouring.it\/radiotouring104\/wp-json\/wp\/v2\/media\/28581"}],"wp:attachment":[{"href":"https:\/\/progettotouring.it\/radiotouring104\/wp-json\/wp\/v2\/media?parent=28580"}],"wp:term":[{"taxonomy":"category","embeddable":true,"href":"https:\/\/progettotouring.it\/radiotouring104\/wp-json\/wp\/v2\/categories?post=28580"},{"taxonomy":"post_tag","embeddable":true,"href":"https:\/\/progettotouring.it\/radiotouring104\/wp-json\/wp\/v2\/tags?post=28580"}],"curies":[{"name":"wp","href":"https:\/\/api.w.org\/{rel}","templated":true}]}}