{"id":28589,"date":"2023-06-21T12:00:38","date_gmt":"2023-06-21T10:00:38","guid":{"rendered":"https:\/\/progettotouring.it\/radiotouring104\/?p=28589"},"modified":"2023-06-21T12:00:38","modified_gmt":"2023-06-21T10:00:38","slug":"inaugurata-mostra-di-eugenia-musolino-trasgressioni-artistiche","status":"publish","type":"post","link":"https:\/\/progettotouring.it\/radiotouring104\/2023\/06\/21\/inaugurata-mostra-di-eugenia-musolino-trasgressioni-artistiche\/","title":{"rendered":"Inaugurata mostra di Eugenia Musolino &#8220;Trasgressioni artistiche&#8221;"},"content":{"rendered":"<p class=\"xmprfx_MsoNormal\" style=\"text-align: justify\"><strong>Inaugurata nella sede dell\u2019Associazione Culturale \u201cRhegium Julii\u201d la personale di Eugenia Musolino<\/strong> con la esposizione di quadri, incisioni e sculture.<\/p>\n<p class=\"xmprfx_MsoNormal\" style=\"text-align: justify\"><strong>Le opere sono inserite nel libro d\u2019artista \u201cTrasgressioni Artistiche\u201d che d\u00e0 il nome alla mostra.<\/strong><\/p>\n<p class=\"xmprfx_MsoNormal\" style=\"text-align: justify\">Il presidente dell\u2019Associazione Giuseppe Bova ha presentato al pubblico l\u2019artista e i relatori : Mirella Marra e Marina Neri.<\/p>\n<p class=\"xmprfx_MsoNormal\" style=\"text-align: justify\">Mirella Marra, direttrice in pensione dell\u2019Archivio di Stato di Reggio Calabria, ha ricordato l\u2019incontro con Eugenia Musolino nel 2010 nell\u2019Archivio, la sua mostra di incisioni sul Mito e il lungo iter che ha consentito perch\u00e9 diventassero patrimonio fruibile al pubblico.<\/p>\n<p class=\"xmprfx_MsoNormal\" style=\"text-align: justify\">Marina Neri si \u00e8 soffermata sul titolo del libro \u201cTrasgressioni Artistiche\u201d rilevando che le opere dell\u2019artista sono innovative non solo in quanto opere d\u2019arte ma perch\u00e9 vanno oltre la realt\u00e0. Si \u00e8 soffermata, poi, sul \u201cfilo\u201d sempre presente nei lavori dell\u2019artista che diventa \u201cRete\u201d, connessione con un passato che \u00e8 presente e che \u00e8 rete evangelica. Il filo delle \u201cParche\u201d, di \u201cMedea\u201d. La rete nell\u2019illustrazione della poesia \u201cIl pennacchio dell\u2019agave\u201d del sacerdote Musolino.<\/p>\n<p class=\"xmprfx_MsoNormal\" style=\"text-align: justify\">In chiusura l\u2019artista ha ringraziato l\u2019Associazione ricordando le precedenti esposizioni sul Mito nella sede di Via Pentimele; la sua esperienza nell\u2019Accademia di Belle Arti di Reggio Calabria e l\u2019importanza del suo vissuto sull\u2019Aspromonte nelle sue opere.<\/p>\n<p class=\"xmprfx_MsoNormal\" style=\"text-align: justify\">\n<p class=\"xmprfx_MsoNormal\" style=\"text-align: justify\"><strong>La mostra rester\u00e0 aperta al pubblico dalle ore 9:30 alle 10:30 fino a venerd\u00ec 23 giugno.<\/strong><\/p>\n","protected":false},"excerpt":{"rendered":"<p>Inaugurata nella sede dell\u2019Associazione Culturale \u201cRhegium Julii\u201d la personale di Eugenia Musolino con la esposizione di quadri, incisioni e sculture. Le opere sono inserite nel libro d\u2019artista \u201cTrasgressioni Artistiche\u201d che&hellip;<\/p>\n","protected":false},"author":12,"featured_media":28590,"comment_status":"closed","ping_status":"open","sticky":false,"template":"","format":"standard","meta":{"_jetpack_memberships_contains_paid_content":false,"footnotes":"","jetpack_publicize_message":"","jetpack_publicize_feature_enabled":true,"jetpack_social_post_already_shared":false,"jetpack_social_options":{"image_generator_settings":{"template":"highway","default_image_id":0,"font":"","enabled":false},"version":2}},"categories":[921,196,140],"tags":[16820,17489,17484,17488,17486,17454,17487,17485],"class_list":["post-28589","post","type-post","status-publish","format-standard","has-post-thumbnail","hentry","category-home","category-news","category-reggio-calabria","tag-accademia-di-belle-arti-di-reggio-calabria","tag-archivio-di-stato-di-reggio-calabria","tag-associazione-culturale-rhegium-julii","tag-associazione-giuseppe-bova","tag-libro-dartista-trasgressioni-artistiche","tag-marina-neri","tag-mirella-marra","tag-mostra-eugenia-musolino"],"yoast_head":"<!-- This site is optimized with the Yoast SEO plugin v27.2 - https:\/\/yoast.com\/product\/yoast-seo-wordpress\/ -->\n<title>Inaugurata mostra di Eugenia Musolino &quot;Trasgressioni artistiche&quot;<\/title>\n<meta name=\"description\" content=\"Inaugurata nella sede della \u201cRhegium Julii\u201d la personale di Eugenia Musolino con opere inserite nel libro \u201cTrasgressioni Artistiche\u201d\" \/>\n<meta name=\"robots\" content=\"index, follow, max-snippet:-1, max-image-preview:large, max-video-preview:-1\" \/>\n<link rel=\"canonical\" href=\"https:\/\/progettotouring.it\/radiotouring104\/2023\/06\/21\/inaugurata-mostra-di-eugenia-musolino-trasgressioni-artistiche\/\" \/>\n<meta property=\"og:locale\" content=\"it_IT\" \/>\n<meta property=\"og:type\" content=\"article\" \/>\n<meta property=\"og:title\" content=\"Inaugurata mostra di Eugenia Musolino &quot;Trasgressioni artistiche&quot;\" \/>\n<meta property=\"og:description\" content=\"Inaugurata nella sede della \u201cRhegium Julii\u201d la personale di Eugenia Musolino con opere inserite nel libro \u201cTrasgressioni Artistiche\u201d\" \/>\n<meta property=\"og:url\" content=\"https:\/\/progettotouring.it\/radiotouring104\/2023\/06\/21\/inaugurata-mostra-di-eugenia-musolino-trasgressioni-artistiche\/\" \/>\n<meta property=\"og:site_name\" content=\"Radio Touring 104\" \/>\n<meta property=\"article:published_time\" content=\"2023-06-21T10:00:38+00:00\" \/>\n<meta property=\"og:image\" content=\"https:\/\/progettotouring.it\/radiotouring104\/wp-content\/uploads\/sites\/6\/2023\/06\/Mostra-Eugenia-Musolino-rhegium-julii-Trasgressioni-Artistiche.jpg\" \/>\n\t<meta property=\"og:image:width\" content=\"1024\" \/>\n\t<meta property=\"og:image:height\" content=\"768\" \/>\n\t<meta property=\"og:image:type\" content=\"image\/jpeg\" \/>\n<meta name=\"author\" content=\"Sebastiano Plutino\" \/>\n<meta name=\"twitter:card\" content=\"summary_large_image\" \/>\n<meta name=\"twitter:label1\" content=\"Scritto da\" \/>\n\t<meta name=\"twitter:data1\" content=\"Sebastiano Plutino\" \/>\n\t<meta name=\"twitter:label2\" content=\"Tempo di lettura stimato\" \/>\n\t<meta name=\"twitter:data2\" content=\"1 minuto\" \/>\n<script type=\"application\/ld+json\" class=\"yoast-schema-graph\">{\"@context\":\"https:\/\/schema.org\",\"@graph\":[{\"@type\":\"Article\",\"@id\":\"https:\/\/progettotouring.it\/radiotouring104\/2023\/06\/21\/inaugurata-mostra-di-eugenia-musolino-trasgressioni-artistiche\/#article\",\"isPartOf\":{\"@id\":\"https:\/\/progettotouring.it\/radiotouring104\/2023\/06\/21\/inaugurata-mostra-di-eugenia-musolino-trasgressioni-artistiche\/\"},\"author\":{\"name\":\"Sebastiano Plutino\",\"@id\":\"https:\/\/progettotouring.it\/radiotouring104\/#\/schema\/person\/78613917f1851f041f7483f5af1d422e\"},\"headline\":\"Inaugurata mostra di Eugenia Musolino &#8220;Trasgressioni artistiche&#8221;\",\"datePublished\":\"2023-06-21T10:00:38+00:00\",\"mainEntityOfPage\":{\"@id\":\"https:\/\/progettotouring.it\/radiotouring104\/2023\/06\/21\/inaugurata-mostra-di-eugenia-musolino-trasgressioni-artistiche\/\"},\"wordCount\":234,\"publisher\":{\"@id\":\"https:\/\/progettotouring.it\/radiotouring104\/#organization\"},\"image\":{\"@id\":\"https:\/\/progettotouring.it\/radiotouring104\/2023\/06\/21\/inaugurata-mostra-di-eugenia-musolino-trasgressioni-artistiche\/#primaryimage\"},\"thumbnailUrl\":\"https:\/\/progettotouring.it\/radiotouring104\/wp-content\/uploads\/sites\/6\/2023\/06\/Mostra-Eugenia-Musolino-rhegium-julii-Trasgressioni-Artistiche.jpg\",\"keywords\":[\"Accademia di Belle Arti di Reggio Calabria\",\"Archivio di Stato di Reggio Calabria\",\"Associazione Culturale \u201cRhegium Julii\u201d\",\"Associazione Giuseppe Bova\",\"libro d\u2019artista \u201cTrasgressioni Artistiche\u201d\",\"marina neri\",\"Mirella Marra\",\"mostra Eugenia Musolino\"],\"articleSection\":[\"Home\",\"News\",\"Reggio Calabria\"],\"inLanguage\":\"it-IT\"},{\"@type\":\"WebPage\",\"@id\":\"https:\/\/progettotouring.it\/radiotouring104\/2023\/06\/21\/inaugurata-mostra-di-eugenia-musolino-trasgressioni-artistiche\/\",\"url\":\"https:\/\/progettotouring.it\/radiotouring104\/2023\/06\/21\/inaugurata-mostra-di-eugenia-musolino-trasgressioni-artistiche\/\",\"name\":\"Inaugurata mostra di Eugenia Musolino \\\"Trasgressioni artistiche\\\"\",\"isPartOf\":{\"@id\":\"https:\/\/progettotouring.it\/radiotouring104\/#website\"},\"primaryImageOfPage\":{\"@id\":\"https:\/\/progettotouring.it\/radiotouring104\/2023\/06\/21\/inaugurata-mostra-di-eugenia-musolino-trasgressioni-artistiche\/#primaryimage\"},\"image\":{\"@id\":\"https:\/\/progettotouring.it\/radiotouring104\/2023\/06\/21\/inaugurata-mostra-di-eugenia-musolino-trasgressioni-artistiche\/#primaryimage\"},\"thumbnailUrl\":\"https:\/\/progettotouring.it\/radiotouring104\/wp-content\/uploads\/sites\/6\/2023\/06\/Mostra-Eugenia-Musolino-rhegium-julii-Trasgressioni-Artistiche.jpg\",\"datePublished\":\"2023-06-21T10:00:38+00:00\",\"description\":\"Inaugurata nella sede della \u201cRhegium Julii\u201d la personale di Eugenia Musolino con opere inserite nel libro \u201cTrasgressioni Artistiche\u201d\",\"breadcrumb\":{\"@id\":\"https:\/\/progettotouring.it\/radiotouring104\/2023\/06\/21\/inaugurata-mostra-di-eugenia-musolino-trasgressioni-artistiche\/#breadcrumb\"},\"inLanguage\":\"it-IT\",\"potentialAction\":[{\"@type\":\"ReadAction\",\"target\":[\"https:\/\/progettotouring.it\/radiotouring104\/2023\/06\/21\/inaugurata-mostra-di-eugenia-musolino-trasgressioni-artistiche\/\"]}]},{\"@type\":\"ImageObject\",\"inLanguage\":\"it-IT\",\"@id\":\"https:\/\/progettotouring.it\/radiotouring104\/2023\/06\/21\/inaugurata-mostra-di-eugenia-musolino-trasgressioni-artistiche\/#primaryimage\",\"url\":\"https:\/\/progettotouring.it\/radiotouring104\/wp-content\/uploads\/sites\/6\/2023\/06\/Mostra-Eugenia-Musolino-rhegium-julii-Trasgressioni-Artistiche.jpg\",\"contentUrl\":\"https:\/\/progettotouring.it\/radiotouring104\/wp-content\/uploads\/sites\/6\/2023\/06\/Mostra-Eugenia-Musolino-rhegium-julii-Trasgressioni-Artistiche.jpg\",\"width\":1024,\"height\":768},{\"@type\":\"BreadcrumbList\",\"@id\":\"https:\/\/progettotouring.it\/radiotouring104\/2023\/06\/21\/inaugurata-mostra-di-eugenia-musolino-trasgressioni-artistiche\/#breadcrumb\",\"itemListElement\":[{\"@type\":\"ListItem\",\"position\":1,\"name\":\"Home\",\"item\":\"https:\/\/progettotouring.it\/radiotouring104\/\"},{\"@type\":\"ListItem\",\"position\":2,\"name\":\"Inaugurata mostra di Eugenia Musolino &#8220;Trasgressioni artistiche&#8221;\"}]},{\"@type\":\"WebSite\",\"@id\":\"https:\/\/progettotouring.it\/radiotouring104\/#website\",\"url\":\"https:\/\/progettotouring.it\/radiotouring104\/\",\"name\":\"Radio Touring 104\",\"description\":\"La prima radio Reggina\",\"publisher\":{\"@id\":\"https:\/\/progettotouring.it\/radiotouring104\/#organization\"},\"potentialAction\":[{\"@type\":\"SearchAction\",\"target\":{\"@type\":\"EntryPoint\",\"urlTemplate\":\"https:\/\/progettotouring.it\/radiotouring104\/?s={search_term_string}\"},\"query-input\":{\"@type\":\"PropertyValueSpecification\",\"valueRequired\":true,\"valueName\":\"search_term_string\"}}],\"inLanguage\":\"it-IT\"},{\"@type\":\"Organization\",\"@id\":\"https:\/\/progettotouring.it\/radiotouring104\/#organization\",\"name\":\"Radio Touring 104\",\"url\":\"https:\/\/progettotouring.it\/radiotouring104\/\",\"logo\":{\"@type\":\"ImageObject\",\"inLanguage\":\"it-IT\",\"@id\":\"https:\/\/progettotouring.it\/radiotouring104\/#\/schema\/logo\/image\/\",\"url\":\"https:\/\/progettotouring.it\/radiotouring104\/wp-content\/uploads\/sites\/6\/2022\/02\/cropped-logo-radio-touring-104.png\",\"contentUrl\":\"https:\/\/progettotouring.it\/radiotouring104\/wp-content\/uploads\/sites\/6\/2022\/02\/cropped-logo-radio-touring-104.png\",\"width\":377,\"height\":182,\"caption\":\"Radio Touring 104\"},\"image\":{\"@id\":\"https:\/\/progettotouring.it\/radiotouring104\/#\/schema\/logo\/image\/\"}},{\"@type\":\"Person\",\"@id\":\"https:\/\/progettotouring.it\/radiotouring104\/#\/schema\/person\/78613917f1851f041f7483f5af1d422e\",\"name\":\"Sebastiano Plutino\",\"image\":{\"@type\":\"ImageObject\",\"inLanguage\":\"it-IT\",\"@id\":\"https:\/\/secure.gravatar.com\/avatar\/0546ffaa9b79224faf9f2a156b67a529ae861d3287c66c1d8ccfdf909bcba78d?s=96&d=mm&r=g\",\"url\":\"https:\/\/secure.gravatar.com\/avatar\/0546ffaa9b79224faf9f2a156b67a529ae861d3287c66c1d8ccfdf909bcba78d?s=96&d=mm&r=g\",\"contentUrl\":\"https:\/\/secure.gravatar.com\/avatar\/0546ffaa9b79224faf9f2a156b67a529ae861d3287c66c1d8ccfdf909bcba78d?s=96&d=mm&r=g\",\"caption\":\"Sebastiano Plutino\"},\"url\":\"https:\/\/progettotouring.it\/radiotouring104\/author\/sebastiano\/\"}]}<\/script>\n<!-- \/ Yoast SEO plugin. -->","yoast_head_json":{"title":"Inaugurata mostra di Eugenia Musolino \"Trasgressioni artistiche\"","description":"Inaugurata nella sede della \u201cRhegium Julii\u201d la personale di Eugenia Musolino con opere inserite nel libro \u201cTrasgressioni Artistiche\u201d","robots":{"index":"index","follow":"follow","max-snippet":"max-snippet:-1","max-image-preview":"max-image-preview:large","max-video-preview":"max-video-preview:-1"},"canonical":"https:\/\/progettotouring.it\/radiotouring104\/2023\/06\/21\/inaugurata-mostra-di-eugenia-musolino-trasgressioni-artistiche\/","og_locale":"it_IT","og_type":"article","og_title":"Inaugurata mostra di Eugenia Musolino \"Trasgressioni artistiche\"","og_description":"Inaugurata nella sede della \u201cRhegium Julii\u201d la personale di Eugenia Musolino con opere inserite nel libro \u201cTrasgressioni Artistiche\u201d","og_url":"https:\/\/progettotouring.it\/radiotouring104\/2023\/06\/21\/inaugurata-mostra-di-eugenia-musolino-trasgressioni-artistiche\/","og_site_name":"Radio Touring 104","article_published_time":"2023-06-21T10:00:38+00:00","og_image":[{"width":1024,"height":768,"url":"https:\/\/progettotouring.it\/radiotouring104\/wp-content\/uploads\/sites\/6\/2023\/06\/Mostra-Eugenia-Musolino-rhegium-julii-Trasgressioni-Artistiche.jpg","type":"image\/jpeg"}],"author":"Sebastiano Plutino","twitter_card":"summary_large_image","twitter_misc":{"Scritto da":"Sebastiano Plutino","Tempo di lettura stimato":"1 minuto"},"schema":{"@context":"https:\/\/schema.org","@graph":[{"@type":"Article","@id":"https:\/\/progettotouring.it\/radiotouring104\/2023\/06\/21\/inaugurata-mostra-di-eugenia-musolino-trasgressioni-artistiche\/#article","isPartOf":{"@id":"https:\/\/progettotouring.it\/radiotouring104\/2023\/06\/21\/inaugurata-mostra-di-eugenia-musolino-trasgressioni-artistiche\/"},"author":{"name":"Sebastiano Plutino","@id":"https:\/\/progettotouring.it\/radiotouring104\/#\/schema\/person\/78613917f1851f041f7483f5af1d422e"},"headline":"Inaugurata mostra di Eugenia Musolino &#8220;Trasgressioni artistiche&#8221;","datePublished":"2023-06-21T10:00:38+00:00","mainEntityOfPage":{"@id":"https:\/\/progettotouring.it\/radiotouring104\/2023\/06\/21\/inaugurata-mostra-di-eugenia-musolino-trasgressioni-artistiche\/"},"wordCount":234,"publisher":{"@id":"https:\/\/progettotouring.it\/radiotouring104\/#organization"},"image":{"@id":"https:\/\/progettotouring.it\/radiotouring104\/2023\/06\/21\/inaugurata-mostra-di-eugenia-musolino-trasgressioni-artistiche\/#primaryimage"},"thumbnailUrl":"https:\/\/progettotouring.it\/radiotouring104\/wp-content\/uploads\/sites\/6\/2023\/06\/Mostra-Eugenia-Musolino-rhegium-julii-Trasgressioni-Artistiche.jpg","keywords":["Accademia di Belle Arti di Reggio Calabria","Archivio di Stato di Reggio Calabria","Associazione Culturale \u201cRhegium Julii\u201d","Associazione Giuseppe Bova","libro d\u2019artista \u201cTrasgressioni Artistiche\u201d","marina neri","Mirella Marra","mostra Eugenia Musolino"],"articleSection":["Home","News","Reggio Calabria"],"inLanguage":"it-IT"},{"@type":"WebPage","@id":"https:\/\/progettotouring.it\/radiotouring104\/2023\/06\/21\/inaugurata-mostra-di-eugenia-musolino-trasgressioni-artistiche\/","url":"https:\/\/progettotouring.it\/radiotouring104\/2023\/06\/21\/inaugurata-mostra-di-eugenia-musolino-trasgressioni-artistiche\/","name":"Inaugurata mostra di Eugenia Musolino \"Trasgressioni artistiche\"","isPartOf":{"@id":"https:\/\/progettotouring.it\/radiotouring104\/#website"},"primaryImageOfPage":{"@id":"https:\/\/progettotouring.it\/radiotouring104\/2023\/06\/21\/inaugurata-mostra-di-eugenia-musolino-trasgressioni-artistiche\/#primaryimage"},"image":{"@id":"https:\/\/progettotouring.it\/radiotouring104\/2023\/06\/21\/inaugurata-mostra-di-eugenia-musolino-trasgressioni-artistiche\/#primaryimage"},"thumbnailUrl":"https:\/\/progettotouring.it\/radiotouring104\/wp-content\/uploads\/sites\/6\/2023\/06\/Mostra-Eugenia-Musolino-rhegium-julii-Trasgressioni-Artistiche.jpg","datePublished":"2023-06-21T10:00:38+00:00","description":"Inaugurata nella sede della \u201cRhegium Julii\u201d la personale di Eugenia Musolino con opere inserite nel libro \u201cTrasgressioni Artistiche\u201d","breadcrumb":{"@id":"https:\/\/progettotouring.it\/radiotouring104\/2023\/06\/21\/inaugurata-mostra-di-eugenia-musolino-trasgressioni-artistiche\/#breadcrumb"},"inLanguage":"it-IT","potentialAction":[{"@type":"ReadAction","target":["https:\/\/progettotouring.it\/radiotouring104\/2023\/06\/21\/inaugurata-mostra-di-eugenia-musolino-trasgressioni-artistiche\/"]}]},{"@type":"ImageObject","inLanguage":"it-IT","@id":"https:\/\/progettotouring.it\/radiotouring104\/2023\/06\/21\/inaugurata-mostra-di-eugenia-musolino-trasgressioni-artistiche\/#primaryimage","url":"https:\/\/progettotouring.it\/radiotouring104\/wp-content\/uploads\/sites\/6\/2023\/06\/Mostra-Eugenia-Musolino-rhegium-julii-Trasgressioni-Artistiche.jpg","contentUrl":"https:\/\/progettotouring.it\/radiotouring104\/wp-content\/uploads\/sites\/6\/2023\/06\/Mostra-Eugenia-Musolino-rhegium-julii-Trasgressioni-Artistiche.jpg","width":1024,"height":768},{"@type":"BreadcrumbList","@id":"https:\/\/progettotouring.it\/radiotouring104\/2023\/06\/21\/inaugurata-mostra-di-eugenia-musolino-trasgressioni-artistiche\/#breadcrumb","itemListElement":[{"@type":"ListItem","position":1,"name":"Home","item":"https:\/\/progettotouring.it\/radiotouring104\/"},{"@type":"ListItem","position":2,"name":"Inaugurata mostra di Eugenia Musolino &#8220;Trasgressioni artistiche&#8221;"}]},{"@type":"WebSite","@id":"https:\/\/progettotouring.it\/radiotouring104\/#website","url":"https:\/\/progettotouring.it\/radiotouring104\/","name":"Radio Touring 104","description":"La prima radio Reggina","publisher":{"@id":"https:\/\/progettotouring.it\/radiotouring104\/#organization"},"potentialAction":[{"@type":"SearchAction","target":{"@type":"EntryPoint","urlTemplate":"https:\/\/progettotouring.it\/radiotouring104\/?s={search_term_string}"},"query-input":{"@type":"PropertyValueSpecification","valueRequired":true,"valueName":"search_term_string"}}],"inLanguage":"it-IT"},{"@type":"Organization","@id":"https:\/\/progettotouring.it\/radiotouring104\/#organization","name":"Radio Touring 104","url":"https:\/\/progettotouring.it\/radiotouring104\/","logo":{"@type":"ImageObject","inLanguage":"it-IT","@id":"https:\/\/progettotouring.it\/radiotouring104\/#\/schema\/logo\/image\/","url":"https:\/\/progettotouring.it\/radiotouring104\/wp-content\/uploads\/sites\/6\/2022\/02\/cropped-logo-radio-touring-104.png","contentUrl":"https:\/\/progettotouring.it\/radiotouring104\/wp-content\/uploads\/sites\/6\/2022\/02\/cropped-logo-radio-touring-104.png","width":377,"height":182,"caption":"Radio Touring 104"},"image":{"@id":"https:\/\/progettotouring.it\/radiotouring104\/#\/schema\/logo\/image\/"}},{"@type":"Person","@id":"https:\/\/progettotouring.it\/radiotouring104\/#\/schema\/person\/78613917f1851f041f7483f5af1d422e","name":"Sebastiano Plutino","image":{"@type":"ImageObject","inLanguage":"it-IT","@id":"https:\/\/secure.gravatar.com\/avatar\/0546ffaa9b79224faf9f2a156b67a529ae861d3287c66c1d8ccfdf909bcba78d?s=96&d=mm&r=g","url":"https:\/\/secure.gravatar.com\/avatar\/0546ffaa9b79224faf9f2a156b67a529ae861d3287c66c1d8ccfdf909bcba78d?s=96&d=mm&r=g","contentUrl":"https:\/\/secure.gravatar.com\/avatar\/0546ffaa9b79224faf9f2a156b67a529ae861d3287c66c1d8ccfdf909bcba78d?s=96&d=mm&r=g","caption":"Sebastiano Plutino"},"url":"https:\/\/progettotouring.it\/radiotouring104\/author\/sebastiano\/"}]}},"jetpack_publicize_connections":[],"jetpack_featured_media_url":"https:\/\/progettotouring.it\/radiotouring104\/wp-content\/uploads\/sites\/6\/2023\/06\/Mostra-Eugenia-Musolino-rhegium-julii-Trasgressioni-Artistiche.jpg","jetpack_sharing_enabled":true,"_links":{"self":[{"href":"https:\/\/progettotouring.it\/radiotouring104\/wp-json\/wp\/v2\/posts\/28589","targetHints":{"allow":["GET"]}}],"collection":[{"href":"https:\/\/progettotouring.it\/radiotouring104\/wp-json\/wp\/v2\/posts"}],"about":[{"href":"https:\/\/progettotouring.it\/radiotouring104\/wp-json\/wp\/v2\/types\/post"}],"author":[{"embeddable":true,"href":"https:\/\/progettotouring.it\/radiotouring104\/wp-json\/wp\/v2\/users\/12"}],"replies":[{"embeddable":true,"href":"https:\/\/progettotouring.it\/radiotouring104\/wp-json\/wp\/v2\/comments?post=28589"}],"version-history":[{"count":1,"href":"https:\/\/progettotouring.it\/radiotouring104\/wp-json\/wp\/v2\/posts\/28589\/revisions"}],"predecessor-version":[{"id":28591,"href":"https:\/\/progettotouring.it\/radiotouring104\/wp-json\/wp\/v2\/posts\/28589\/revisions\/28591"}],"wp:featuredmedia":[{"embeddable":true,"href":"https:\/\/progettotouring.it\/radiotouring104\/wp-json\/wp\/v2\/media\/28590"}],"wp:attachment":[{"href":"https:\/\/progettotouring.it\/radiotouring104\/wp-json\/wp\/v2\/media?parent=28589"}],"wp:term":[{"taxonomy":"category","embeddable":true,"href":"https:\/\/progettotouring.it\/radiotouring104\/wp-json\/wp\/v2\/categories?post=28589"},{"taxonomy":"post_tag","embeddable":true,"href":"https:\/\/progettotouring.it\/radiotouring104\/wp-json\/wp\/v2\/tags?post=28589"}],"curies":[{"name":"wp","href":"https:\/\/api.w.org\/{rel}","templated":true}]}}