{"id":28598,"date":"2023-06-21T12:30:59","date_gmt":"2023-06-21T10:30:59","guid":{"rendered":"https:\/\/progettotouring.it\/radiotouring104\/?p=28598"},"modified":"2023-06-21T12:30:59","modified_gmt":"2023-06-21T10:30:59","slug":"tavola-rotonda-fare-e-comunita-contro-poverta-educativa-minorile","status":"publish","type":"post","link":"https:\/\/progettotouring.it\/radiotouring104\/2023\/06\/21\/tavola-rotonda-fare-e-comunita-contro-poverta-educativa-minorile\/","title":{"rendered":"Tavola rotonda &#8220;Fare \u00e8 comunit\u00e0&#8221; contro povert\u00e0 educativa minorile"},"content":{"rendered":"<p style=\"text-align: justify\">\u201cEducare \u00e8 fare comunit\u00e0\u201d \u00e8 il titolo della tavola rotonda che si svolger\u00e0 nel pomeriggio del 22 giugno, alle 16:30, presso l\u2019ex mercato coperto di Melito Porto Salvo.<\/p>\n<p style=\"text-align: justify\">Un appuntamento che si inserisce all\u2019interno del progetto Rizoma Energie di comunit\u00e0, promosso dal Consorzio Macram\u00e8 e <strong>selezionato da Con i Bambini nell&#8217;ambito del Fondo per il contrasto della povert\u00e0 educativa minorile<\/strong>.<\/p>\n<p style=\"text-align: justify\"><strong><u>Rizoma, le radici necessarie nel cuore dell\u2019area grecanica <\/u><\/strong><\/p>\n<p style=\"text-align: justify\">Il progetto, le cui attivit\u00e0 si sono articolate anche a cavallo dell\u2019emergenza sanitaria, ha attuato interventi specifici finalizzati a contrastare dispersione e abbandono scolastico dei giovani e a sviluppare in loro un senso di appartenenza e riappropriazione della scuola e del bene pubblico, nonch\u00e9 strutturare sinergie nella comunit\u00e0 locale in una sua visione unitaria. Tre le aree riferimento per gli adolescenti su cui poggia l\u2019intero progetto: Famiglia, Scuola, Tempo libero, inseriti all\u2019interno di una cornice unica, quella della Comunit\u00e0 Educante e della valorizzazione degli agenti educativi che vi operano.<\/p>\n<p style=\"text-align: justify\"><strong><u>Un\u2019alleanza con i Comuni, le scuole e le associazioni<\/u><\/strong><\/p>\n<p style=\"text-align: justify\">Tante le attivit\u00e0 condotte sino ad oggi da Rizoma: dallo spazio Rizoma all\u2019azione Terzo Tempo con i laboratori svolti in diversi comuni, dalle attivit\u00e0 sportive a quelle di animazione territoriale tra Melito e Condofuri, dalla musica al gioco, dalla sperimentazione al fare squadra. Il tutto grazie a un partenariato ampio che ha coinvolto scuole, comuni e realt\u00e0 associative impegnate sul territorio: le cooperative La Sentinella e La Nostra Valle, l\u2019Associazione Vincenzo Luca Romeo, l\u2019associazione Demetra, il CSI insieme all\u2019associazione Giovani Domani, l\u2019associazione Magna Grecia e la polisportiva dilettantistica Giare. Fino alle attivit\u00e0 di progettazione e ideazione, con l\u2019Universit\u00e0 Mediterranea di Reggio Calabria, del futuro Centro di aggregazione giovanile che nascer\u00e0 proprio all\u2019interno dell\u2019ex mercato coperto di Melito Porto Salvo e che far\u00e0 tesoro dei sogni delle ragazze e dei ragazzi di Rizoma emersi nei Laboratori di comunit\u00e0.<\/p>\n<p style=\"text-align: justify\"><strong><u>L\u2019esperienza della cooperativa Stripes di Rho Milano<\/u><\/strong><\/p>\n<p style=\"text-align: justify\">L\u2019incontro del 22 giugno si svolge insieme al Comune di Melito di Porto Salvo, con la partecipazione del Sindaco Salvatore Orlando e dell\u2019assessore al welfare Daniela Demetrio, ai partner, alle ragazze ai ragazzi coinvolti nelle attivit\u00e0 del progetto Rizoma. Ad aprire la riflessione ci sar\u00e0 Luciano Squillaci, vicepresidente del Consorzio Macram\u00e8. Seguiranno gli interventi di Valentina Trotta, coordinatrice di servizi socioeducativi e staff di progetto, di Dafne Guida e Fabio Degani della cooperativa sociale Stripes, di Rho Milano e della Direttrice di Fondazione Emanuela Zancan, Cinzia Canali, che cura il monitoraggio e la valutazione d\u2019impatto del progetto. Proprio la cooperativa sociale Stripes vanta, infatti, una consolidata esperienza nella gestione di servizi socio-educativi, in ambiti formativi, scolastici ed extrascolastici, rivolti ai minori: prima infanzia, infanzia, preadolescenza, adolescenza ed il loro apporto sar\u00e0 una occasione importante per trasferire conoscenze e competenze.<\/p>\n<p style=\"text-align: justify\"><strong><u>Il futuro di Rizoma per azioni educative stabili e condivise<\/u><\/strong><\/p>\n<p style=\"text-align: justify\">L&#8217;appuntamento vuole offrire un&#8217;opportunit\u00e0 di discussione e confronto al fine di costruire un percorso condiviso che dia sostenibilit\u00e0 alle azioni educative sul territorio dell\u2019Area grecanica e promuova la nascita del Centro di aggregazione giovanile, che sorger\u00e0 proprio all&#8217;interno dell&#8217;ex mercato, come luogo di ascolto e partecipazione, immaginando un percorso che prevede il coinvolgimento di una molteplicit\u00e0 di soggetti.<\/p>\n<p style=\"text-align: justify\">Con Rizoma si punta quindi a un\u2019alleanza come spazio pubblico che produca partecipazione, costruzione di fiducia reciproca, capitale sociale per una crescita educativa diffusa della comunit\u00e0.<\/p>\n<p style=\"text-align: justify\">\n<p style=\"text-align: justify\">La cittadinanza e gli organi di stampa sono invitati a partecipare.<\/p>\n<p style=\"text-align: justify\">\n<p style=\"text-align: justify\">\u201cIl progetto \u00e8 stato selezionato da <em>Con i Bambini<\/em> nell\u2019ambito del Fondo per il contrasto della povert\u00e0 educativa minorile. Il Fondo nasce da un\u2019intesa tra le Fondazioni di origine bancaria rappresentate da Acri, il Forum Nazionale del Terzo Settore e il Governo. Sostiene interventi finalizzati a rimuovere gli ostacoli di natura economica, sociale e culturale che impediscono la piena fruizione dei processi educativi da parte dei minori. Per attuare i programmi del Fondo, a giugno 2016 \u00e8 nata l\u2019impresa sociale Con i Bambini, organizzazione senza scopo di lucro interamente partecipata dalla Fondazione CON IL SUD. www.conibambini.org\u201d.<\/p>\n<p style=\"text-align: justify\">\n<p>&nbsp;<\/p>\n","protected":false},"excerpt":{"rendered":"<p>\u201cEducare \u00e8 fare comunit\u00e0\u201d \u00e8 il titolo della tavola rotonda che si svolger\u00e0 nel pomeriggio del 22 giugno, alle 16:30, presso l\u2019ex mercato coperto di Melito Porto Salvo. Un appuntamento&hellip;<\/p>\n","protected":false},"author":12,"featured_media":28599,"comment_status":"closed","ping_status":"open","sticky":false,"template":"","format":"standard","meta":{"_jetpack_memberships_contains_paid_content":false,"footnotes":"","jetpack_publicize_message":"","jetpack_publicize_feature_enabled":true,"jetpack_social_post_already_shared":false,"jetpack_social_options":{"image_generator_settings":{"template":"highway","default_image_id":0,"font":"","enabled":false},"version":2}},"categories":[921,196,140],"tags":[17494,17493,17495,2967,17491,10612,17490,2237,17492],"class_list":["post-28598","post","type-post","status-publish","format-standard","has-post-thumbnail","hentry","category-home","category-news","category-reggio-calabria","tag-associazione-giovani-domani","tag-associazione-demetra","tag-associazione-magna-grecia","tag-consorzio-macrame","tag-poverta-educativa-minorile","tag-progetto-rizoma","tag-progetto-rizoma-energie","tag-universita-mediterranea-di-reggio-calabria","tag-vincenzo-luca-romeo"],"yoast_head":"<!-- This site is optimized with the Yoast SEO plugin v27.2 - https:\/\/yoast.com\/product\/yoast-seo-wordpress\/ -->\n<title>Tavola rotonda &quot;Fare \u00e8 comunit\u00e0&quot; contro povert\u00e0 educativa minorile<\/title>\n<meta name=\"description\" content=\"Il 22 giugno, alle 16:30, presso l\u2019ex mercato coperto di Melito tavola rotonda contro la povert\u00e0 educativa minorile, promosso da Macram\u00e8\" \/>\n<meta name=\"robots\" content=\"index, follow, max-snippet:-1, max-image-preview:large, max-video-preview:-1\" \/>\n<link rel=\"canonical\" href=\"https:\/\/progettotouring.it\/radiotouring104\/2023\/06\/21\/tavola-rotonda-fare-e-comunita-contro-poverta-educativa-minorile\/\" \/>\n<meta property=\"og:locale\" content=\"it_IT\" \/>\n<meta property=\"og:type\" content=\"article\" \/>\n<meta property=\"og:title\" content=\"Tavola rotonda &quot;Fare \u00e8 comunit\u00e0&quot; contro povert\u00e0 educativa minorile\" \/>\n<meta property=\"og:description\" content=\"Il 22 giugno, alle 16:30, presso l\u2019ex mercato coperto di Melito tavola rotonda contro la povert\u00e0 educativa minorile, promosso da Macram\u00e8\" \/>\n<meta property=\"og:url\" content=\"https:\/\/progettotouring.it\/radiotouring104\/2023\/06\/21\/tavola-rotonda-fare-e-comunita-contro-poverta-educativa-minorile\/\" \/>\n<meta property=\"og:site_name\" content=\"Radio Touring 104\" \/>\n<meta property=\"article:published_time\" content=\"2023-06-21T10:30:59+00:00\" \/>\n<meta property=\"og:image\" content=\"https:\/\/progettotouring.it\/radiotouring104\/wp-content\/uploads\/sites\/6\/2023\/06\/Macrame-tavola-rotonda-Fare-e-Comunita-poverta-educativa-minorile.jpg\" \/>\n\t<meta property=\"og:image:width\" content=\"2048\" \/>\n\t<meta property=\"og:image:height\" content=\"1152\" \/>\n\t<meta property=\"og:image:type\" content=\"image\/jpeg\" \/>\n<meta name=\"author\" content=\"Sebastiano Plutino\" \/>\n<meta name=\"twitter:card\" content=\"summary_large_image\" \/>\n<meta name=\"twitter:label1\" content=\"Scritto da\" \/>\n\t<meta name=\"twitter:data1\" content=\"Sebastiano Plutino\" \/>\n\t<meta name=\"twitter:label2\" content=\"Tempo di lettura stimato\" \/>\n\t<meta name=\"twitter:data2\" content=\"3 minuti\" \/>\n<script type=\"application\/ld+json\" class=\"yoast-schema-graph\">{\"@context\":\"https:\/\/schema.org\",\"@graph\":[{\"@type\":\"Article\",\"@id\":\"https:\/\/progettotouring.it\/radiotouring104\/2023\/06\/21\/tavola-rotonda-fare-e-comunita-contro-poverta-educativa-minorile\/#article\",\"isPartOf\":{\"@id\":\"https:\/\/progettotouring.it\/radiotouring104\/2023\/06\/21\/tavola-rotonda-fare-e-comunita-contro-poverta-educativa-minorile\/\"},\"author\":{\"name\":\"Sebastiano Plutino\",\"@id\":\"https:\/\/progettotouring.it\/radiotouring104\/#\/schema\/person\/78613917f1851f041f7483f5af1d422e\"},\"headline\":\"Tavola rotonda &#8220;Fare \u00e8 comunit\u00e0&#8221; contro povert\u00e0 educativa minorile\",\"datePublished\":\"2023-06-21T10:30:59+00:00\",\"mainEntityOfPage\":{\"@id\":\"https:\/\/progettotouring.it\/radiotouring104\/2023\/06\/21\/tavola-rotonda-fare-e-comunita-contro-poverta-educativa-minorile\/\"},\"wordCount\":677,\"publisher\":{\"@id\":\"https:\/\/progettotouring.it\/radiotouring104\/#organization\"},\"image\":{\"@id\":\"https:\/\/progettotouring.it\/radiotouring104\/2023\/06\/21\/tavola-rotonda-fare-e-comunita-contro-poverta-educativa-minorile\/#primaryimage\"},\"thumbnailUrl\":\"https:\/\/progettotouring.it\/radiotouring104\/wp-content\/uploads\/sites\/6\/2023\/06\/Macrame-tavola-rotonda-Fare-e-Comunita-poverta-educativa-minorile.jpg\",\"keywords\":[\"\u2019associazione Giovani Domani\",\"associazione Demetra\",\"associazione Magna Grecia\",\"consorzio macram\u00e8\",\"povert\u00e0 educativa minorile.\",\"Progetto Rizoma\",\"progetto Rizoma Energie\",\"Universit\u00e0 Mediterranea di Reggio Calabria\",\"Vincenzo Luca Romeo\"],\"articleSection\":[\"Home\",\"News\",\"Reggio Calabria\"],\"inLanguage\":\"it-IT\"},{\"@type\":\"WebPage\",\"@id\":\"https:\/\/progettotouring.it\/radiotouring104\/2023\/06\/21\/tavola-rotonda-fare-e-comunita-contro-poverta-educativa-minorile\/\",\"url\":\"https:\/\/progettotouring.it\/radiotouring104\/2023\/06\/21\/tavola-rotonda-fare-e-comunita-contro-poverta-educativa-minorile\/\",\"name\":\"Tavola rotonda \\\"Fare \u00e8 comunit\u00e0\\\" contro povert\u00e0 educativa minorile\",\"isPartOf\":{\"@id\":\"https:\/\/progettotouring.it\/radiotouring104\/#website\"},\"primaryImageOfPage\":{\"@id\":\"https:\/\/progettotouring.it\/radiotouring104\/2023\/06\/21\/tavola-rotonda-fare-e-comunita-contro-poverta-educativa-minorile\/#primaryimage\"},\"image\":{\"@id\":\"https:\/\/progettotouring.it\/radiotouring104\/2023\/06\/21\/tavola-rotonda-fare-e-comunita-contro-poverta-educativa-minorile\/#primaryimage\"},\"thumbnailUrl\":\"https:\/\/progettotouring.it\/radiotouring104\/wp-content\/uploads\/sites\/6\/2023\/06\/Macrame-tavola-rotonda-Fare-e-Comunita-poverta-educativa-minorile.jpg\",\"datePublished\":\"2023-06-21T10:30:59+00:00\",\"description\":\"Il 22 giugno, alle 16:30, presso l\u2019ex mercato coperto di Melito tavola rotonda contro la povert\u00e0 educativa minorile, promosso da Macram\u00e8\",\"breadcrumb\":{\"@id\":\"https:\/\/progettotouring.it\/radiotouring104\/2023\/06\/21\/tavola-rotonda-fare-e-comunita-contro-poverta-educativa-minorile\/#breadcrumb\"},\"inLanguage\":\"it-IT\",\"potentialAction\":[{\"@type\":\"ReadAction\",\"target\":[\"https:\/\/progettotouring.it\/radiotouring104\/2023\/06\/21\/tavola-rotonda-fare-e-comunita-contro-poverta-educativa-minorile\/\"]}]},{\"@type\":\"ImageObject\",\"inLanguage\":\"it-IT\",\"@id\":\"https:\/\/progettotouring.it\/radiotouring104\/2023\/06\/21\/tavola-rotonda-fare-e-comunita-contro-poverta-educativa-minorile\/#primaryimage\",\"url\":\"https:\/\/progettotouring.it\/radiotouring104\/wp-content\/uploads\/sites\/6\/2023\/06\/Macrame-tavola-rotonda-Fare-e-Comunita-poverta-educativa-minorile.jpg\",\"contentUrl\":\"https:\/\/progettotouring.it\/radiotouring104\/wp-content\/uploads\/sites\/6\/2023\/06\/Macrame-tavola-rotonda-Fare-e-Comunita-poverta-educativa-minorile.jpg\",\"width\":2048,\"height\":1152},{\"@type\":\"BreadcrumbList\",\"@id\":\"https:\/\/progettotouring.it\/radiotouring104\/2023\/06\/21\/tavola-rotonda-fare-e-comunita-contro-poverta-educativa-minorile\/#breadcrumb\",\"itemListElement\":[{\"@type\":\"ListItem\",\"position\":1,\"name\":\"Home\",\"item\":\"https:\/\/progettotouring.it\/radiotouring104\/\"},{\"@type\":\"ListItem\",\"position\":2,\"name\":\"Tavola rotonda &#8220;Fare \u00e8 comunit\u00e0&#8221; contro povert\u00e0 educativa minorile\"}]},{\"@type\":\"WebSite\",\"@id\":\"https:\/\/progettotouring.it\/radiotouring104\/#website\",\"url\":\"https:\/\/progettotouring.it\/radiotouring104\/\",\"name\":\"Radio Touring 104\",\"description\":\"La prima radio Reggina\",\"publisher\":{\"@id\":\"https:\/\/progettotouring.it\/radiotouring104\/#organization\"},\"potentialAction\":[{\"@type\":\"SearchAction\",\"target\":{\"@type\":\"EntryPoint\",\"urlTemplate\":\"https:\/\/progettotouring.it\/radiotouring104\/?s={search_term_string}\"},\"query-input\":{\"@type\":\"PropertyValueSpecification\",\"valueRequired\":true,\"valueName\":\"search_term_string\"}}],\"inLanguage\":\"it-IT\"},{\"@type\":\"Organization\",\"@id\":\"https:\/\/progettotouring.it\/radiotouring104\/#organization\",\"name\":\"Radio Touring 104\",\"url\":\"https:\/\/progettotouring.it\/radiotouring104\/\",\"logo\":{\"@type\":\"ImageObject\",\"inLanguage\":\"it-IT\",\"@id\":\"https:\/\/progettotouring.it\/radiotouring104\/#\/schema\/logo\/image\/\",\"url\":\"https:\/\/progettotouring.it\/radiotouring104\/wp-content\/uploads\/sites\/6\/2022\/02\/cropped-logo-radio-touring-104.png\",\"contentUrl\":\"https:\/\/progettotouring.it\/radiotouring104\/wp-content\/uploads\/sites\/6\/2022\/02\/cropped-logo-radio-touring-104.png\",\"width\":377,\"height\":182,\"caption\":\"Radio Touring 104\"},\"image\":{\"@id\":\"https:\/\/progettotouring.it\/radiotouring104\/#\/schema\/logo\/image\/\"}},{\"@type\":\"Person\",\"@id\":\"https:\/\/progettotouring.it\/radiotouring104\/#\/schema\/person\/78613917f1851f041f7483f5af1d422e\",\"name\":\"Sebastiano Plutino\",\"image\":{\"@type\":\"ImageObject\",\"inLanguage\":\"it-IT\",\"@id\":\"https:\/\/secure.gravatar.com\/avatar\/0546ffaa9b79224faf9f2a156b67a529ae861d3287c66c1d8ccfdf909bcba78d?s=96&d=mm&r=g\",\"url\":\"https:\/\/secure.gravatar.com\/avatar\/0546ffaa9b79224faf9f2a156b67a529ae861d3287c66c1d8ccfdf909bcba78d?s=96&d=mm&r=g\",\"contentUrl\":\"https:\/\/secure.gravatar.com\/avatar\/0546ffaa9b79224faf9f2a156b67a529ae861d3287c66c1d8ccfdf909bcba78d?s=96&d=mm&r=g\",\"caption\":\"Sebastiano Plutino\"},\"url\":\"https:\/\/progettotouring.it\/radiotouring104\/author\/sebastiano\/\"}]}<\/script>\n<!-- \/ Yoast SEO plugin. -->","yoast_head_json":{"title":"Tavola rotonda \"Fare \u00e8 comunit\u00e0\" contro povert\u00e0 educativa minorile","description":"Il 22 giugno, alle 16:30, presso l\u2019ex mercato coperto di Melito tavola rotonda contro la povert\u00e0 educativa minorile, promosso da Macram\u00e8","robots":{"index":"index","follow":"follow","max-snippet":"max-snippet:-1","max-image-preview":"max-image-preview:large","max-video-preview":"max-video-preview:-1"},"canonical":"https:\/\/progettotouring.it\/radiotouring104\/2023\/06\/21\/tavola-rotonda-fare-e-comunita-contro-poverta-educativa-minorile\/","og_locale":"it_IT","og_type":"article","og_title":"Tavola rotonda \"Fare \u00e8 comunit\u00e0\" contro povert\u00e0 educativa minorile","og_description":"Il 22 giugno, alle 16:30, presso l\u2019ex mercato coperto di Melito tavola rotonda contro la povert\u00e0 educativa minorile, promosso da Macram\u00e8","og_url":"https:\/\/progettotouring.it\/radiotouring104\/2023\/06\/21\/tavola-rotonda-fare-e-comunita-contro-poverta-educativa-minorile\/","og_site_name":"Radio Touring 104","article_published_time":"2023-06-21T10:30:59+00:00","og_image":[{"width":2048,"height":1152,"url":"https:\/\/progettotouring.it\/radiotouring104\/wp-content\/uploads\/sites\/6\/2023\/06\/Macrame-tavola-rotonda-Fare-e-Comunita-poverta-educativa-minorile.jpg","type":"image\/jpeg"}],"author":"Sebastiano Plutino","twitter_card":"summary_large_image","twitter_misc":{"Scritto da":"Sebastiano Plutino","Tempo di lettura stimato":"3 minuti"},"schema":{"@context":"https:\/\/schema.org","@graph":[{"@type":"Article","@id":"https:\/\/progettotouring.it\/radiotouring104\/2023\/06\/21\/tavola-rotonda-fare-e-comunita-contro-poverta-educativa-minorile\/#article","isPartOf":{"@id":"https:\/\/progettotouring.it\/radiotouring104\/2023\/06\/21\/tavola-rotonda-fare-e-comunita-contro-poverta-educativa-minorile\/"},"author":{"name":"Sebastiano Plutino","@id":"https:\/\/progettotouring.it\/radiotouring104\/#\/schema\/person\/78613917f1851f041f7483f5af1d422e"},"headline":"Tavola rotonda &#8220;Fare \u00e8 comunit\u00e0&#8221; contro povert\u00e0 educativa minorile","datePublished":"2023-06-21T10:30:59+00:00","mainEntityOfPage":{"@id":"https:\/\/progettotouring.it\/radiotouring104\/2023\/06\/21\/tavola-rotonda-fare-e-comunita-contro-poverta-educativa-minorile\/"},"wordCount":677,"publisher":{"@id":"https:\/\/progettotouring.it\/radiotouring104\/#organization"},"image":{"@id":"https:\/\/progettotouring.it\/radiotouring104\/2023\/06\/21\/tavola-rotonda-fare-e-comunita-contro-poverta-educativa-minorile\/#primaryimage"},"thumbnailUrl":"https:\/\/progettotouring.it\/radiotouring104\/wp-content\/uploads\/sites\/6\/2023\/06\/Macrame-tavola-rotonda-Fare-e-Comunita-poverta-educativa-minorile.jpg","keywords":["\u2019associazione Giovani Domani","associazione Demetra","associazione Magna Grecia","consorzio macram\u00e8","povert\u00e0 educativa minorile.","Progetto Rizoma","progetto Rizoma Energie","Universit\u00e0 Mediterranea di Reggio Calabria","Vincenzo Luca Romeo"],"articleSection":["Home","News","Reggio Calabria"],"inLanguage":"it-IT"},{"@type":"WebPage","@id":"https:\/\/progettotouring.it\/radiotouring104\/2023\/06\/21\/tavola-rotonda-fare-e-comunita-contro-poverta-educativa-minorile\/","url":"https:\/\/progettotouring.it\/radiotouring104\/2023\/06\/21\/tavola-rotonda-fare-e-comunita-contro-poverta-educativa-minorile\/","name":"Tavola rotonda \"Fare \u00e8 comunit\u00e0\" contro povert\u00e0 educativa minorile","isPartOf":{"@id":"https:\/\/progettotouring.it\/radiotouring104\/#website"},"primaryImageOfPage":{"@id":"https:\/\/progettotouring.it\/radiotouring104\/2023\/06\/21\/tavola-rotonda-fare-e-comunita-contro-poverta-educativa-minorile\/#primaryimage"},"image":{"@id":"https:\/\/progettotouring.it\/radiotouring104\/2023\/06\/21\/tavola-rotonda-fare-e-comunita-contro-poverta-educativa-minorile\/#primaryimage"},"thumbnailUrl":"https:\/\/progettotouring.it\/radiotouring104\/wp-content\/uploads\/sites\/6\/2023\/06\/Macrame-tavola-rotonda-Fare-e-Comunita-poverta-educativa-minorile.jpg","datePublished":"2023-06-21T10:30:59+00:00","description":"Il 22 giugno, alle 16:30, presso l\u2019ex mercato coperto di Melito tavola rotonda contro la povert\u00e0 educativa minorile, promosso da Macram\u00e8","breadcrumb":{"@id":"https:\/\/progettotouring.it\/radiotouring104\/2023\/06\/21\/tavola-rotonda-fare-e-comunita-contro-poverta-educativa-minorile\/#breadcrumb"},"inLanguage":"it-IT","potentialAction":[{"@type":"ReadAction","target":["https:\/\/progettotouring.it\/radiotouring104\/2023\/06\/21\/tavola-rotonda-fare-e-comunita-contro-poverta-educativa-minorile\/"]}]},{"@type":"ImageObject","inLanguage":"it-IT","@id":"https:\/\/progettotouring.it\/radiotouring104\/2023\/06\/21\/tavola-rotonda-fare-e-comunita-contro-poverta-educativa-minorile\/#primaryimage","url":"https:\/\/progettotouring.it\/radiotouring104\/wp-content\/uploads\/sites\/6\/2023\/06\/Macrame-tavola-rotonda-Fare-e-Comunita-poverta-educativa-minorile.jpg","contentUrl":"https:\/\/progettotouring.it\/radiotouring104\/wp-content\/uploads\/sites\/6\/2023\/06\/Macrame-tavola-rotonda-Fare-e-Comunita-poverta-educativa-minorile.jpg","width":2048,"height":1152},{"@type":"BreadcrumbList","@id":"https:\/\/progettotouring.it\/radiotouring104\/2023\/06\/21\/tavola-rotonda-fare-e-comunita-contro-poverta-educativa-minorile\/#breadcrumb","itemListElement":[{"@type":"ListItem","position":1,"name":"Home","item":"https:\/\/progettotouring.it\/radiotouring104\/"},{"@type":"ListItem","position":2,"name":"Tavola rotonda &#8220;Fare \u00e8 comunit\u00e0&#8221; contro povert\u00e0 educativa minorile"}]},{"@type":"WebSite","@id":"https:\/\/progettotouring.it\/radiotouring104\/#website","url":"https:\/\/progettotouring.it\/radiotouring104\/","name":"Radio Touring 104","description":"La prima radio Reggina","publisher":{"@id":"https:\/\/progettotouring.it\/radiotouring104\/#organization"},"potentialAction":[{"@type":"SearchAction","target":{"@type":"EntryPoint","urlTemplate":"https:\/\/progettotouring.it\/radiotouring104\/?s={search_term_string}"},"query-input":{"@type":"PropertyValueSpecification","valueRequired":true,"valueName":"search_term_string"}}],"inLanguage":"it-IT"},{"@type":"Organization","@id":"https:\/\/progettotouring.it\/radiotouring104\/#organization","name":"Radio Touring 104","url":"https:\/\/progettotouring.it\/radiotouring104\/","logo":{"@type":"ImageObject","inLanguage":"it-IT","@id":"https:\/\/progettotouring.it\/radiotouring104\/#\/schema\/logo\/image\/","url":"https:\/\/progettotouring.it\/radiotouring104\/wp-content\/uploads\/sites\/6\/2022\/02\/cropped-logo-radio-touring-104.png","contentUrl":"https:\/\/progettotouring.it\/radiotouring104\/wp-content\/uploads\/sites\/6\/2022\/02\/cropped-logo-radio-touring-104.png","width":377,"height":182,"caption":"Radio Touring 104"},"image":{"@id":"https:\/\/progettotouring.it\/radiotouring104\/#\/schema\/logo\/image\/"}},{"@type":"Person","@id":"https:\/\/progettotouring.it\/radiotouring104\/#\/schema\/person\/78613917f1851f041f7483f5af1d422e","name":"Sebastiano Plutino","image":{"@type":"ImageObject","inLanguage":"it-IT","@id":"https:\/\/secure.gravatar.com\/avatar\/0546ffaa9b79224faf9f2a156b67a529ae861d3287c66c1d8ccfdf909bcba78d?s=96&d=mm&r=g","url":"https:\/\/secure.gravatar.com\/avatar\/0546ffaa9b79224faf9f2a156b67a529ae861d3287c66c1d8ccfdf909bcba78d?s=96&d=mm&r=g","contentUrl":"https:\/\/secure.gravatar.com\/avatar\/0546ffaa9b79224faf9f2a156b67a529ae861d3287c66c1d8ccfdf909bcba78d?s=96&d=mm&r=g","caption":"Sebastiano Plutino"},"url":"https:\/\/progettotouring.it\/radiotouring104\/author\/sebastiano\/"}]}},"jetpack_publicize_connections":[],"jetpack_featured_media_url":"https:\/\/progettotouring.it\/radiotouring104\/wp-content\/uploads\/sites\/6\/2023\/06\/Macrame-tavola-rotonda-Fare-e-Comunita-poverta-educativa-minorile.jpg","jetpack_sharing_enabled":true,"_links":{"self":[{"href":"https:\/\/progettotouring.it\/radiotouring104\/wp-json\/wp\/v2\/posts\/28598","targetHints":{"allow":["GET"]}}],"collection":[{"href":"https:\/\/progettotouring.it\/radiotouring104\/wp-json\/wp\/v2\/posts"}],"about":[{"href":"https:\/\/progettotouring.it\/radiotouring104\/wp-json\/wp\/v2\/types\/post"}],"author":[{"embeddable":true,"href":"https:\/\/progettotouring.it\/radiotouring104\/wp-json\/wp\/v2\/users\/12"}],"replies":[{"embeddable":true,"href":"https:\/\/progettotouring.it\/radiotouring104\/wp-json\/wp\/v2\/comments?post=28598"}],"version-history":[{"count":1,"href":"https:\/\/progettotouring.it\/radiotouring104\/wp-json\/wp\/v2\/posts\/28598\/revisions"}],"predecessor-version":[{"id":28600,"href":"https:\/\/progettotouring.it\/radiotouring104\/wp-json\/wp\/v2\/posts\/28598\/revisions\/28600"}],"wp:featuredmedia":[{"embeddable":true,"href":"https:\/\/progettotouring.it\/radiotouring104\/wp-json\/wp\/v2\/media\/28599"}],"wp:attachment":[{"href":"https:\/\/progettotouring.it\/radiotouring104\/wp-json\/wp\/v2\/media?parent=28598"}],"wp:term":[{"taxonomy":"category","embeddable":true,"href":"https:\/\/progettotouring.it\/radiotouring104\/wp-json\/wp\/v2\/categories?post=28598"},{"taxonomy":"post_tag","embeddable":true,"href":"https:\/\/progettotouring.it\/radiotouring104\/wp-json\/wp\/v2\/tags?post=28598"}],"curies":[{"name":"wp","href":"https:\/\/api.w.org\/{rel}","templated":true}]}}