{"id":28604,"date":"2023-06-21T12:51:20","date_gmt":"2023-06-21T10:51:20","guid":{"rendered":"https:\/\/progettotouring.it\/radiotouring104\/?p=28604"},"modified":"2023-06-21T12:52:41","modified_gmt":"2023-06-21T10:52:41","slug":"le-castella-terminati-i-lavori-di-messa-in-sicurezza-della-costa-di-fronte-il-castello-aragonese","status":"publish","type":"post","link":"https:\/\/progettotouring.it\/radiotouring104\/2023\/06\/21\/le-castella-terminati-i-lavori-di-messa-in-sicurezza-della-costa-di-fronte-il-castello-aragonese\/","title":{"rendered":"Le Castella, terminati i lavori di messa in sicurezza della costa di fronte il Castello Aragonese"},"content":{"rendered":"<p style=\"text-align: justify\">Diversi eventi franosi in passato avevano mutato l\u2019aspetto della costa e messo in pericolo le abitazioni e le attivit\u00e0 commerciali proprio di fronte al simbolo della Calabria nel mondo: il Castello Aragonese di Le Castella. Con un intervento di oltre un milione di euro, l\u2019Amministrazione Comunale \u00e8 riuscita in poco tempo a risanare e mettere in sicurezza la costa, al contempo grazie anche ai lavori di riammodernamento il tratto \u00e8 stato abbellito e valorizzato. I lavori, avviati nel mese di febbraio hanno interessato tutta l\u2019area che va dalla della spiaggia piccola verso la spiaggia grande, hanno visto l\u2019installazione di una palificata in cemento sotterranea che mette in sicurezza la costa dall\u2019erosione. Un finanziamento di \u20ac 1,040.000,00 tra lavori e progettazione, che rientrano nell\u2019ambito del progetto pi\u00f9 ampio che sta interessando anche la costa di Capo Rizzuto (entrambi i versanti) con un finanziamento totale di \u20ac 3.230,000.00 ottenuto da fondi ministeriali.<\/p>\n<p style=\"text-align: justify\">Questa mattina, il Sindaco Maria Grazia Vittimberga si \u00e8 recata sul posto per controllare l\u2019esito finale dei lavori: \u201cUn angolo di paradiso che ora, oltre ad essere pi\u00f9 sicuro, acquisisce ancora pi\u00f9 bellezza e valore. La bellezza salver\u00e0 il nostro territorio&#8221;<\/p>\n<p style=\"text-align: justify\">\n","protected":false},"excerpt":{"rendered":"<p>Diversi eventi franosi in passato avevano mutato l\u2019aspetto della costa e messo in pericolo le abitazioni e le attivit\u00e0 commerciali proprio di fronte al simbolo della Calabria nel mondo: il&hellip;<\/p>\n","protected":false},"author":12,"featured_media":28606,"comment_status":"closed","ping_status":"open","sticky":false,"template":"","format":"standard","meta":{"_jetpack_memberships_contains_paid_content":false,"footnotes":"","jetpack_publicize_message":"","jetpack_publicize_feature_enabled":true,"jetpack_social_post_already_shared":false,"jetpack_social_options":{"image_generator_settings":{"template":"highway","default_image_id":0,"font":"","enabled":false},"version":2}},"categories":[142,921,196],"tags":[17499,2674,17500,8823],"class_list":["post-28604","post","type-post","status-publish","format-standard","has-post-thumbnail","hentry","category-calabria","category-home","category-news","tag-castello-aragonese-di-le-castella","tag-le-castella","tag-messa-in-sicurezza-costa","tag-sindaco-maria-grazia-vittimberga"],"yoast_head":"<!-- This site is optimized with the Yoast SEO plugin v27.2 - https:\/\/yoast.com\/product\/yoast-seo-wordpress\/ -->\n<title>Le Castella, terminati lavori messa in sicurezza costa<\/title>\n<meta name=\"description\" content=\"Con intervento di un milione, il Comune \u00e8 riuscito a risanare e mettere in sicurezza la costa di fronte al Castello Aragonese\" \/>\n<meta name=\"robots\" content=\"index, follow, max-snippet:-1, max-image-preview:large, max-video-preview:-1\" \/>\n<link rel=\"canonical\" href=\"https:\/\/progettotouring.it\/radiotouring104\/2023\/06\/21\/le-castella-terminati-i-lavori-di-messa-in-sicurezza-della-costa-di-fronte-il-castello-aragonese\/\" \/>\n<meta property=\"og:locale\" content=\"it_IT\" \/>\n<meta property=\"og:type\" content=\"article\" \/>\n<meta property=\"og:title\" content=\"Le Castella, terminati lavori messa in sicurezza costa\" \/>\n<meta property=\"og:description\" content=\"Con intervento di un milione, il Comune \u00e8 riuscito a risanare e mettere in sicurezza la costa di fronte al Castello Aragonese\" \/>\n<meta property=\"og:url\" content=\"https:\/\/progettotouring.it\/radiotouring104\/2023\/06\/21\/le-castella-terminati-i-lavori-di-messa-in-sicurezza-della-costa-di-fronte-il-castello-aragonese\/\" \/>\n<meta property=\"og:site_name\" content=\"Radio Touring 104\" \/>\n<meta property=\"article:published_time\" content=\"2023-06-21T10:51:20+00:00\" \/>\n<meta property=\"article:modified_time\" content=\"2023-06-21T10:52:41+00:00\" \/>\n<meta property=\"og:image\" content=\"https:\/\/progettotouring.it\/radiotouring104\/wp-content\/uploads\/sites\/6\/2023\/06\/giunta-lecastella-messa-in-sicurezza-costa.jpeg\" \/>\n\t<meta property=\"og:image:width\" content=\"2048\" \/>\n\t<meta property=\"og:image:height\" content=\"1536\" \/>\n\t<meta property=\"og:image:type\" content=\"image\/jpeg\" \/>\n<meta name=\"author\" content=\"Sebastiano Plutino\" \/>\n<meta name=\"twitter:card\" content=\"summary_large_image\" \/>\n<meta name=\"twitter:label1\" content=\"Scritto da\" \/>\n\t<meta name=\"twitter:data1\" content=\"Sebastiano Plutino\" \/>\n\t<meta name=\"twitter:label2\" content=\"Tempo di lettura stimato\" \/>\n\t<meta name=\"twitter:data2\" content=\"1 minuto\" \/>\n<script type=\"application\/ld+json\" class=\"yoast-schema-graph\">{\"@context\":\"https:\/\/schema.org\",\"@graph\":[{\"@type\":\"Article\",\"@id\":\"https:\/\/progettotouring.it\/radiotouring104\/2023\/06\/21\/le-castella-terminati-i-lavori-di-messa-in-sicurezza-della-costa-di-fronte-il-castello-aragonese\/#article\",\"isPartOf\":{\"@id\":\"https:\/\/progettotouring.it\/radiotouring104\/2023\/06\/21\/le-castella-terminati-i-lavori-di-messa-in-sicurezza-della-costa-di-fronte-il-castello-aragonese\/\"},\"author\":{\"name\":\"Sebastiano Plutino\",\"@id\":\"https:\/\/progettotouring.it\/radiotouring104\/#\/schema\/person\/78613917f1851f041f7483f5af1d422e\"},\"headline\":\"Le Castella, terminati i lavori di messa in sicurezza della costa di fronte il Castello Aragonese\",\"datePublished\":\"2023-06-21T10:51:20+00:00\",\"dateModified\":\"2023-06-21T10:52:41+00:00\",\"mainEntityOfPage\":{\"@id\":\"https:\/\/progettotouring.it\/radiotouring104\/2023\/06\/21\/le-castella-terminati-i-lavori-di-messa-in-sicurezza-della-costa-di-fronte-il-castello-aragonese\/\"},\"wordCount\":207,\"publisher\":{\"@id\":\"https:\/\/progettotouring.it\/radiotouring104\/#organization\"},\"image\":{\"@id\":\"https:\/\/progettotouring.it\/radiotouring104\/2023\/06\/21\/le-castella-terminati-i-lavori-di-messa-in-sicurezza-della-costa-di-fronte-il-castello-aragonese\/#primaryimage\"},\"thumbnailUrl\":\"https:\/\/progettotouring.it\/radiotouring104\/wp-content\/uploads\/sites\/6\/2023\/06\/giunta-lecastella-messa-in-sicurezza-costa.jpeg\",\"keywords\":[\"Castello Aragonese di Le Castella.\",\"le castella\",\"messa in sicurezza costa\",\"Sindaco Maria Grazia Vittimberga\"],\"articleSection\":[\"Calabria\",\"Home\",\"News\"],\"inLanguage\":\"it-IT\"},{\"@type\":\"WebPage\",\"@id\":\"https:\/\/progettotouring.it\/radiotouring104\/2023\/06\/21\/le-castella-terminati-i-lavori-di-messa-in-sicurezza-della-costa-di-fronte-il-castello-aragonese\/\",\"url\":\"https:\/\/progettotouring.it\/radiotouring104\/2023\/06\/21\/le-castella-terminati-i-lavori-di-messa-in-sicurezza-della-costa-di-fronte-il-castello-aragonese\/\",\"name\":\"Le Castella, terminati lavori messa in sicurezza costa\",\"isPartOf\":{\"@id\":\"https:\/\/progettotouring.it\/radiotouring104\/#website\"},\"primaryImageOfPage\":{\"@id\":\"https:\/\/progettotouring.it\/radiotouring104\/2023\/06\/21\/le-castella-terminati-i-lavori-di-messa-in-sicurezza-della-costa-di-fronte-il-castello-aragonese\/#primaryimage\"},\"image\":{\"@id\":\"https:\/\/progettotouring.it\/radiotouring104\/2023\/06\/21\/le-castella-terminati-i-lavori-di-messa-in-sicurezza-della-costa-di-fronte-il-castello-aragonese\/#primaryimage\"},\"thumbnailUrl\":\"https:\/\/progettotouring.it\/radiotouring104\/wp-content\/uploads\/sites\/6\/2023\/06\/giunta-lecastella-messa-in-sicurezza-costa.jpeg\",\"datePublished\":\"2023-06-21T10:51:20+00:00\",\"dateModified\":\"2023-06-21T10:52:41+00:00\",\"description\":\"Con intervento di un milione, il Comune \u00e8 riuscito a risanare e mettere in sicurezza la costa di fronte al Castello Aragonese\",\"breadcrumb\":{\"@id\":\"https:\/\/progettotouring.it\/radiotouring104\/2023\/06\/21\/le-castella-terminati-i-lavori-di-messa-in-sicurezza-della-costa-di-fronte-il-castello-aragonese\/#breadcrumb\"},\"inLanguage\":\"it-IT\",\"potentialAction\":[{\"@type\":\"ReadAction\",\"target\":[\"https:\/\/progettotouring.it\/radiotouring104\/2023\/06\/21\/le-castella-terminati-i-lavori-di-messa-in-sicurezza-della-costa-di-fronte-il-castello-aragonese\/\"]}]},{\"@type\":\"ImageObject\",\"inLanguage\":\"it-IT\",\"@id\":\"https:\/\/progettotouring.it\/radiotouring104\/2023\/06\/21\/le-castella-terminati-i-lavori-di-messa-in-sicurezza-della-costa-di-fronte-il-castello-aragonese\/#primaryimage\",\"url\":\"https:\/\/progettotouring.it\/radiotouring104\/wp-content\/uploads\/sites\/6\/2023\/06\/giunta-lecastella-messa-in-sicurezza-costa.jpeg\",\"contentUrl\":\"https:\/\/progettotouring.it\/radiotouring104\/wp-content\/uploads\/sites\/6\/2023\/06\/giunta-lecastella-messa-in-sicurezza-costa.jpeg\",\"width\":2048,\"height\":1536},{\"@type\":\"BreadcrumbList\",\"@id\":\"https:\/\/progettotouring.it\/radiotouring104\/2023\/06\/21\/le-castella-terminati-i-lavori-di-messa-in-sicurezza-della-costa-di-fronte-il-castello-aragonese\/#breadcrumb\",\"itemListElement\":[{\"@type\":\"ListItem\",\"position\":1,\"name\":\"Home\",\"item\":\"https:\/\/progettotouring.it\/radiotouring104\/\"},{\"@type\":\"ListItem\",\"position\":2,\"name\":\"Le Castella, terminati i lavori di messa in sicurezza della costa di fronte il Castello Aragonese\"}]},{\"@type\":\"WebSite\",\"@id\":\"https:\/\/progettotouring.it\/radiotouring104\/#website\",\"url\":\"https:\/\/progettotouring.it\/radiotouring104\/\",\"name\":\"Radio Touring 104\",\"description\":\"La prima radio Reggina\",\"publisher\":{\"@id\":\"https:\/\/progettotouring.it\/radiotouring104\/#organization\"},\"potentialAction\":[{\"@type\":\"SearchAction\",\"target\":{\"@type\":\"EntryPoint\",\"urlTemplate\":\"https:\/\/progettotouring.it\/radiotouring104\/?s={search_term_string}\"},\"query-input\":{\"@type\":\"PropertyValueSpecification\",\"valueRequired\":true,\"valueName\":\"search_term_string\"}}],\"inLanguage\":\"it-IT\"},{\"@type\":\"Organization\",\"@id\":\"https:\/\/progettotouring.it\/radiotouring104\/#organization\",\"name\":\"Radio Touring 104\",\"url\":\"https:\/\/progettotouring.it\/radiotouring104\/\",\"logo\":{\"@type\":\"ImageObject\",\"inLanguage\":\"it-IT\",\"@id\":\"https:\/\/progettotouring.it\/radiotouring104\/#\/schema\/logo\/image\/\",\"url\":\"https:\/\/progettotouring.it\/radiotouring104\/wp-content\/uploads\/sites\/6\/2022\/02\/cropped-logo-radio-touring-104.png\",\"contentUrl\":\"https:\/\/progettotouring.it\/radiotouring104\/wp-content\/uploads\/sites\/6\/2022\/02\/cropped-logo-radio-touring-104.png\",\"width\":377,\"height\":182,\"caption\":\"Radio Touring 104\"},\"image\":{\"@id\":\"https:\/\/progettotouring.it\/radiotouring104\/#\/schema\/logo\/image\/\"}},{\"@type\":\"Person\",\"@id\":\"https:\/\/progettotouring.it\/radiotouring104\/#\/schema\/person\/78613917f1851f041f7483f5af1d422e\",\"name\":\"Sebastiano Plutino\",\"image\":{\"@type\":\"ImageObject\",\"inLanguage\":\"it-IT\",\"@id\":\"https:\/\/secure.gravatar.com\/avatar\/0546ffaa9b79224faf9f2a156b67a529ae861d3287c66c1d8ccfdf909bcba78d?s=96&d=mm&r=g\",\"url\":\"https:\/\/secure.gravatar.com\/avatar\/0546ffaa9b79224faf9f2a156b67a529ae861d3287c66c1d8ccfdf909bcba78d?s=96&d=mm&r=g\",\"contentUrl\":\"https:\/\/secure.gravatar.com\/avatar\/0546ffaa9b79224faf9f2a156b67a529ae861d3287c66c1d8ccfdf909bcba78d?s=96&d=mm&r=g\",\"caption\":\"Sebastiano Plutino\"},\"url\":\"https:\/\/progettotouring.it\/radiotouring104\/author\/sebastiano\/\"}]}<\/script>\n<!-- \/ Yoast SEO plugin. -->","yoast_head_json":{"title":"Le Castella, terminati lavori messa in sicurezza costa","description":"Con intervento di un milione, il Comune \u00e8 riuscito a risanare e mettere in sicurezza la costa di fronte al Castello Aragonese","robots":{"index":"index","follow":"follow","max-snippet":"max-snippet:-1","max-image-preview":"max-image-preview:large","max-video-preview":"max-video-preview:-1"},"canonical":"https:\/\/progettotouring.it\/radiotouring104\/2023\/06\/21\/le-castella-terminati-i-lavori-di-messa-in-sicurezza-della-costa-di-fronte-il-castello-aragonese\/","og_locale":"it_IT","og_type":"article","og_title":"Le Castella, terminati lavori messa in sicurezza costa","og_description":"Con intervento di un milione, il Comune \u00e8 riuscito a risanare e mettere in sicurezza la costa di fronte al Castello Aragonese","og_url":"https:\/\/progettotouring.it\/radiotouring104\/2023\/06\/21\/le-castella-terminati-i-lavori-di-messa-in-sicurezza-della-costa-di-fronte-il-castello-aragonese\/","og_site_name":"Radio Touring 104","article_published_time":"2023-06-21T10:51:20+00:00","article_modified_time":"2023-06-21T10:52:41+00:00","og_image":[{"width":2048,"height":1536,"url":"https:\/\/progettotouring.it\/radiotouring104\/wp-content\/uploads\/sites\/6\/2023\/06\/giunta-lecastella-messa-in-sicurezza-costa.jpeg","type":"image\/jpeg"}],"author":"Sebastiano Plutino","twitter_card":"summary_large_image","twitter_misc":{"Scritto da":"Sebastiano Plutino","Tempo di lettura stimato":"1 minuto"},"schema":{"@context":"https:\/\/schema.org","@graph":[{"@type":"Article","@id":"https:\/\/progettotouring.it\/radiotouring104\/2023\/06\/21\/le-castella-terminati-i-lavori-di-messa-in-sicurezza-della-costa-di-fronte-il-castello-aragonese\/#article","isPartOf":{"@id":"https:\/\/progettotouring.it\/radiotouring104\/2023\/06\/21\/le-castella-terminati-i-lavori-di-messa-in-sicurezza-della-costa-di-fronte-il-castello-aragonese\/"},"author":{"name":"Sebastiano Plutino","@id":"https:\/\/progettotouring.it\/radiotouring104\/#\/schema\/person\/78613917f1851f041f7483f5af1d422e"},"headline":"Le Castella, terminati i lavori di messa in sicurezza della costa di fronte il Castello Aragonese","datePublished":"2023-06-21T10:51:20+00:00","dateModified":"2023-06-21T10:52:41+00:00","mainEntityOfPage":{"@id":"https:\/\/progettotouring.it\/radiotouring104\/2023\/06\/21\/le-castella-terminati-i-lavori-di-messa-in-sicurezza-della-costa-di-fronte-il-castello-aragonese\/"},"wordCount":207,"publisher":{"@id":"https:\/\/progettotouring.it\/radiotouring104\/#organization"},"image":{"@id":"https:\/\/progettotouring.it\/radiotouring104\/2023\/06\/21\/le-castella-terminati-i-lavori-di-messa-in-sicurezza-della-costa-di-fronte-il-castello-aragonese\/#primaryimage"},"thumbnailUrl":"https:\/\/progettotouring.it\/radiotouring104\/wp-content\/uploads\/sites\/6\/2023\/06\/giunta-lecastella-messa-in-sicurezza-costa.jpeg","keywords":["Castello Aragonese di Le Castella.","le castella","messa in sicurezza costa","Sindaco Maria Grazia Vittimberga"],"articleSection":["Calabria","Home","News"],"inLanguage":"it-IT"},{"@type":"WebPage","@id":"https:\/\/progettotouring.it\/radiotouring104\/2023\/06\/21\/le-castella-terminati-i-lavori-di-messa-in-sicurezza-della-costa-di-fronte-il-castello-aragonese\/","url":"https:\/\/progettotouring.it\/radiotouring104\/2023\/06\/21\/le-castella-terminati-i-lavori-di-messa-in-sicurezza-della-costa-di-fronte-il-castello-aragonese\/","name":"Le Castella, terminati lavori messa in sicurezza costa","isPartOf":{"@id":"https:\/\/progettotouring.it\/radiotouring104\/#website"},"primaryImageOfPage":{"@id":"https:\/\/progettotouring.it\/radiotouring104\/2023\/06\/21\/le-castella-terminati-i-lavori-di-messa-in-sicurezza-della-costa-di-fronte-il-castello-aragonese\/#primaryimage"},"image":{"@id":"https:\/\/progettotouring.it\/radiotouring104\/2023\/06\/21\/le-castella-terminati-i-lavori-di-messa-in-sicurezza-della-costa-di-fronte-il-castello-aragonese\/#primaryimage"},"thumbnailUrl":"https:\/\/progettotouring.it\/radiotouring104\/wp-content\/uploads\/sites\/6\/2023\/06\/giunta-lecastella-messa-in-sicurezza-costa.jpeg","datePublished":"2023-06-21T10:51:20+00:00","dateModified":"2023-06-21T10:52:41+00:00","description":"Con intervento di un milione, il Comune \u00e8 riuscito a risanare e mettere in sicurezza la costa di fronte al Castello Aragonese","breadcrumb":{"@id":"https:\/\/progettotouring.it\/radiotouring104\/2023\/06\/21\/le-castella-terminati-i-lavori-di-messa-in-sicurezza-della-costa-di-fronte-il-castello-aragonese\/#breadcrumb"},"inLanguage":"it-IT","potentialAction":[{"@type":"ReadAction","target":["https:\/\/progettotouring.it\/radiotouring104\/2023\/06\/21\/le-castella-terminati-i-lavori-di-messa-in-sicurezza-della-costa-di-fronte-il-castello-aragonese\/"]}]},{"@type":"ImageObject","inLanguage":"it-IT","@id":"https:\/\/progettotouring.it\/radiotouring104\/2023\/06\/21\/le-castella-terminati-i-lavori-di-messa-in-sicurezza-della-costa-di-fronte-il-castello-aragonese\/#primaryimage","url":"https:\/\/progettotouring.it\/radiotouring104\/wp-content\/uploads\/sites\/6\/2023\/06\/giunta-lecastella-messa-in-sicurezza-costa.jpeg","contentUrl":"https:\/\/progettotouring.it\/radiotouring104\/wp-content\/uploads\/sites\/6\/2023\/06\/giunta-lecastella-messa-in-sicurezza-costa.jpeg","width":2048,"height":1536},{"@type":"BreadcrumbList","@id":"https:\/\/progettotouring.it\/radiotouring104\/2023\/06\/21\/le-castella-terminati-i-lavori-di-messa-in-sicurezza-della-costa-di-fronte-il-castello-aragonese\/#breadcrumb","itemListElement":[{"@type":"ListItem","position":1,"name":"Home","item":"https:\/\/progettotouring.it\/radiotouring104\/"},{"@type":"ListItem","position":2,"name":"Le Castella, terminati i lavori di messa in sicurezza della costa di fronte il Castello Aragonese"}]},{"@type":"WebSite","@id":"https:\/\/progettotouring.it\/radiotouring104\/#website","url":"https:\/\/progettotouring.it\/radiotouring104\/","name":"Radio Touring 104","description":"La prima radio Reggina","publisher":{"@id":"https:\/\/progettotouring.it\/radiotouring104\/#organization"},"potentialAction":[{"@type":"SearchAction","target":{"@type":"EntryPoint","urlTemplate":"https:\/\/progettotouring.it\/radiotouring104\/?s={search_term_string}"},"query-input":{"@type":"PropertyValueSpecification","valueRequired":true,"valueName":"search_term_string"}}],"inLanguage":"it-IT"},{"@type":"Organization","@id":"https:\/\/progettotouring.it\/radiotouring104\/#organization","name":"Radio Touring 104","url":"https:\/\/progettotouring.it\/radiotouring104\/","logo":{"@type":"ImageObject","inLanguage":"it-IT","@id":"https:\/\/progettotouring.it\/radiotouring104\/#\/schema\/logo\/image\/","url":"https:\/\/progettotouring.it\/radiotouring104\/wp-content\/uploads\/sites\/6\/2022\/02\/cropped-logo-radio-touring-104.png","contentUrl":"https:\/\/progettotouring.it\/radiotouring104\/wp-content\/uploads\/sites\/6\/2022\/02\/cropped-logo-radio-touring-104.png","width":377,"height":182,"caption":"Radio Touring 104"},"image":{"@id":"https:\/\/progettotouring.it\/radiotouring104\/#\/schema\/logo\/image\/"}},{"@type":"Person","@id":"https:\/\/progettotouring.it\/radiotouring104\/#\/schema\/person\/78613917f1851f041f7483f5af1d422e","name":"Sebastiano Plutino","image":{"@type":"ImageObject","inLanguage":"it-IT","@id":"https:\/\/secure.gravatar.com\/avatar\/0546ffaa9b79224faf9f2a156b67a529ae861d3287c66c1d8ccfdf909bcba78d?s=96&d=mm&r=g","url":"https:\/\/secure.gravatar.com\/avatar\/0546ffaa9b79224faf9f2a156b67a529ae861d3287c66c1d8ccfdf909bcba78d?s=96&d=mm&r=g","contentUrl":"https:\/\/secure.gravatar.com\/avatar\/0546ffaa9b79224faf9f2a156b67a529ae861d3287c66c1d8ccfdf909bcba78d?s=96&d=mm&r=g","caption":"Sebastiano Plutino"},"url":"https:\/\/progettotouring.it\/radiotouring104\/author\/sebastiano\/"}]}},"jetpack_publicize_connections":[],"jetpack_featured_media_url":"https:\/\/progettotouring.it\/radiotouring104\/wp-content\/uploads\/sites\/6\/2023\/06\/giunta-lecastella-messa-in-sicurezza-costa.jpeg","jetpack_sharing_enabled":true,"_links":{"self":[{"href":"https:\/\/progettotouring.it\/radiotouring104\/wp-json\/wp\/v2\/posts\/28604","targetHints":{"allow":["GET"]}}],"collection":[{"href":"https:\/\/progettotouring.it\/radiotouring104\/wp-json\/wp\/v2\/posts"}],"about":[{"href":"https:\/\/progettotouring.it\/radiotouring104\/wp-json\/wp\/v2\/types\/post"}],"author":[{"embeddable":true,"href":"https:\/\/progettotouring.it\/radiotouring104\/wp-json\/wp\/v2\/users\/12"}],"replies":[{"embeddable":true,"href":"https:\/\/progettotouring.it\/radiotouring104\/wp-json\/wp\/v2\/comments?post=28604"}],"version-history":[{"count":2,"href":"https:\/\/progettotouring.it\/radiotouring104\/wp-json\/wp\/v2\/posts\/28604\/revisions"}],"predecessor-version":[{"id":28607,"href":"https:\/\/progettotouring.it\/radiotouring104\/wp-json\/wp\/v2\/posts\/28604\/revisions\/28607"}],"wp:featuredmedia":[{"embeddable":true,"href":"https:\/\/progettotouring.it\/radiotouring104\/wp-json\/wp\/v2\/media\/28606"}],"wp:attachment":[{"href":"https:\/\/progettotouring.it\/radiotouring104\/wp-json\/wp\/v2\/media?parent=28604"}],"wp:term":[{"taxonomy":"category","embeddable":true,"href":"https:\/\/progettotouring.it\/radiotouring104\/wp-json\/wp\/v2\/categories?post=28604"},{"taxonomy":"post_tag","embeddable":true,"href":"https:\/\/progettotouring.it\/radiotouring104\/wp-json\/wp\/v2\/tags?post=28604"}],"curies":[{"name":"wp","href":"https:\/\/api.w.org\/{rel}","templated":true}]}}