{"id":28608,"date":"2023-06-21T13:03:51","date_gmt":"2023-06-21T11:03:51","guid":{"rendered":"https:\/\/progettotouring.it\/radiotouring104\/?p=28608"},"modified":"2023-06-21T13:03:51","modified_gmt":"2023-06-21T11:03:51","slug":"sul-si-appella-ad-occhiuto-sulla-questione-corap","status":"publish","type":"post","link":"https:\/\/progettotouring.it\/radiotouring104\/2023\/06\/21\/sul-si-appella-ad-occhiuto-sulla-questione-corap\/","title":{"rendered":"SUL si appella ad Occhiuto sulla questione Corap"},"content":{"rendered":"<p style=\"text-align: justify\">Anche il Sul era presente al sit-in dei Lavoratori Corap indetto dalle Organizzazioni Sindacali, nella piazza antistante la \u201cCittadella Regionale\u201d per il medesimo giorno, ricordiamo, era indetto l incontro con l assessore al ramo Rosario Vari, il<br \/>\nquale urtato?? dalla presenza, annunciata, di un gruppo di dipendenti ha anticipatamente disdetto l&#8217;Incontro adducendo la banale scusa di un mancato spirito collaborativo. Oggi ci saremmo aspettati un cambio di passo da parte dell&#8217; Assessore, un chiarimento rispetto la posizione assunta nei confronti di un Ente strumento reale della Regione ( depurare la costa degli Dei vi pare poco? ) dobbiamo tuttavia prendere atto che nulla \u00e8 accaduto. Ne prendiamo atto. La richiesta oggi \u00e8 rivolta al Presidente Roberto Occhiuto, nella qualit\u00e0 di Autorit\u00e0 di vigilanza della procedura di liquidazione Corap e nella veste istituzionale di Presidente della Regione Calabria, lo invitiamo a chiarire quale futuro si prospetta per i dipendenti e con quali tempi, chiarire entro quali tempi si pronuncer\u00e0 per definire il piano di liquidazione perch\u00e8 la procedura vada avanti e si possa dare ristoro ai numerosi creditori. Potremmo continuare e raccontare, ma preferiamo farlo, qualora non succeda nulla, in altre sedi.<br \/>\nTorniamo a casa consapevoli che sar\u00e0 una calda estate.<\/p>\n","protected":false},"excerpt":{"rendered":"<p>Anche il Sul era presente al sit-in dei Lavoratori Corap indetto dalle Organizzazioni Sindacali, nella piazza antistante la \u201cCittadella Regionale\u201d per il medesimo giorno, ricordiamo, era indetto l incontro con&hellip;<\/p>\n","protected":false},"author":12,"featured_media":28170,"comment_status":"closed","ping_status":"open","sticky":false,"template":"","format":"standard","meta":{"_jetpack_memberships_contains_paid_content":false,"footnotes":"","jetpack_publicize_message":"","jetpack_publicize_feature_enabled":true,"jetpack_social_post_already_shared":false,"jetpack_social_options":{"image_generator_settings":{"template":"highway","default_image_id":0,"font":"","enabled":false},"version":2}},"categories":[921,196,140],"tags":[17502,5375,17501,5973,8422,525],"class_list":["post-28608","post","type-post","status-publish","format-standard","has-post-thumbnail","hentry","category-home","category-news","category-reggio-calabria","tag-autorita-di-vigilanza-della-procedura-di-liquidazione-corap","tag-cittadella-regionale","tag-lavoratori-corap","tag-presidente-roberto-occhiuto","tag-rosario-vari","tag-sul"],"yoast_head":"<!-- This site is optimized with the Yoast SEO plugin v27.2 - https:\/\/yoast.com\/product\/yoast-seo-wordpress\/ -->\n<title>SUL si appella ad Occhiuto sulla questione Corap<\/title>\n<meta name=\"description\" content=\"SUL che ha partecipato al sit-in dei Lavoratori Corap, indetto dai Sindacati, si appella al Presidente Occhiuto sul futuro della Corap\" \/>\n<meta name=\"robots\" content=\"index, follow, max-snippet:-1, max-image-preview:large, max-video-preview:-1\" \/>\n<link rel=\"canonical\" href=\"https:\/\/progettotouring.it\/radiotouring104\/2023\/06\/21\/sul-si-appella-ad-occhiuto-sulla-questione-corap\/\" \/>\n<meta property=\"og:locale\" content=\"it_IT\" \/>\n<meta property=\"og:type\" content=\"article\" \/>\n<meta property=\"og:title\" content=\"SUL si appella ad Occhiuto sulla questione Corap\" \/>\n<meta property=\"og:description\" content=\"SUL che ha partecipato al sit-in dei Lavoratori Corap, indetto dai Sindacati, si appella al Presidente Occhiuto sul futuro della Corap\" \/>\n<meta property=\"og:url\" content=\"https:\/\/progettotouring.it\/radiotouring104\/2023\/06\/21\/sul-si-appella-ad-occhiuto-sulla-questione-corap\/\" \/>\n<meta property=\"og:site_name\" content=\"Radio Touring 104\" \/>\n<meta property=\"article:published_time\" content=\"2023-06-21T11:03:51+00:00\" \/>\n<meta property=\"og:image\" content=\"https:\/\/progettotouring.it\/radiotouring104\/wp-content\/uploads\/sites\/6\/2023\/06\/sul-calabria.png\" \/>\n\t<meta property=\"og:image:width\" content=\"622\" \/>\n\t<meta property=\"og:image:height\" content=\"437\" \/>\n\t<meta property=\"og:image:type\" content=\"image\/png\" \/>\n<meta name=\"author\" content=\"Sebastiano Plutino\" \/>\n<meta name=\"twitter:card\" content=\"summary_large_image\" \/>\n<meta name=\"twitter:label1\" content=\"Scritto da\" \/>\n\t<meta name=\"twitter:data1\" content=\"Sebastiano Plutino\" \/>\n\t<meta name=\"twitter:label2\" content=\"Tempo di lettura stimato\" \/>\n\t<meta name=\"twitter:data2\" content=\"1 minuto\" \/>\n<script type=\"application\/ld+json\" class=\"yoast-schema-graph\">{\"@context\":\"https:\/\/schema.org\",\"@graph\":[{\"@type\":\"Article\",\"@id\":\"https:\/\/progettotouring.it\/radiotouring104\/2023\/06\/21\/sul-si-appella-ad-occhiuto-sulla-questione-corap\/#article\",\"isPartOf\":{\"@id\":\"https:\/\/progettotouring.it\/radiotouring104\/2023\/06\/21\/sul-si-appella-ad-occhiuto-sulla-questione-corap\/\"},\"author\":{\"name\":\"Sebastiano Plutino\",\"@id\":\"https:\/\/progettotouring.it\/radiotouring104\/#\/schema\/person\/78613917f1851f041f7483f5af1d422e\"},\"headline\":\"SUL si appella ad Occhiuto sulla questione Corap\",\"datePublished\":\"2023-06-21T11:03:51+00:00\",\"mainEntityOfPage\":{\"@id\":\"https:\/\/progettotouring.it\/radiotouring104\/2023\/06\/21\/sul-si-appella-ad-occhiuto-sulla-questione-corap\/\"},\"wordCount\":204,\"publisher\":{\"@id\":\"https:\/\/progettotouring.it\/radiotouring104\/#organization\"},\"image\":{\"@id\":\"https:\/\/progettotouring.it\/radiotouring104\/2023\/06\/21\/sul-si-appella-ad-occhiuto-sulla-questione-corap\/#primaryimage\"},\"thumbnailUrl\":\"https:\/\/progettotouring.it\/radiotouring104\/wp-content\/uploads\/sites\/6\/2023\/06\/sul-calabria.png\",\"keywords\":[\"Autorit\u00e0 di vigilanza della procedura di liquidazione Corap\",\"Cittadella Regionale\",\"Lavoratori Corap\",\"Presidente Roberto Occhiuto\",\"Rosario Var\u00ec\",\"sul\"],\"articleSection\":[\"Home\",\"News\",\"Reggio Calabria\"],\"inLanguage\":\"it-IT\"},{\"@type\":\"WebPage\",\"@id\":\"https:\/\/progettotouring.it\/radiotouring104\/2023\/06\/21\/sul-si-appella-ad-occhiuto-sulla-questione-corap\/\",\"url\":\"https:\/\/progettotouring.it\/radiotouring104\/2023\/06\/21\/sul-si-appella-ad-occhiuto-sulla-questione-corap\/\",\"name\":\"SUL si appella ad Occhiuto sulla questione Corap\",\"isPartOf\":{\"@id\":\"https:\/\/progettotouring.it\/radiotouring104\/#website\"},\"primaryImageOfPage\":{\"@id\":\"https:\/\/progettotouring.it\/radiotouring104\/2023\/06\/21\/sul-si-appella-ad-occhiuto-sulla-questione-corap\/#primaryimage\"},\"image\":{\"@id\":\"https:\/\/progettotouring.it\/radiotouring104\/2023\/06\/21\/sul-si-appella-ad-occhiuto-sulla-questione-corap\/#primaryimage\"},\"thumbnailUrl\":\"https:\/\/progettotouring.it\/radiotouring104\/wp-content\/uploads\/sites\/6\/2023\/06\/sul-calabria.png\",\"datePublished\":\"2023-06-21T11:03:51+00:00\",\"description\":\"SUL che ha partecipato al sit-in dei Lavoratori Corap, indetto dai Sindacati, si appella al Presidente Occhiuto sul futuro della Corap\",\"breadcrumb\":{\"@id\":\"https:\/\/progettotouring.it\/radiotouring104\/2023\/06\/21\/sul-si-appella-ad-occhiuto-sulla-questione-corap\/#breadcrumb\"},\"inLanguage\":\"it-IT\",\"potentialAction\":[{\"@type\":\"ReadAction\",\"target\":[\"https:\/\/progettotouring.it\/radiotouring104\/2023\/06\/21\/sul-si-appella-ad-occhiuto-sulla-questione-corap\/\"]}]},{\"@type\":\"ImageObject\",\"inLanguage\":\"it-IT\",\"@id\":\"https:\/\/progettotouring.it\/radiotouring104\/2023\/06\/21\/sul-si-appella-ad-occhiuto-sulla-questione-corap\/#primaryimage\",\"url\":\"https:\/\/progettotouring.it\/radiotouring104\/wp-content\/uploads\/sites\/6\/2023\/06\/sul-calabria.png\",\"contentUrl\":\"https:\/\/progettotouring.it\/radiotouring104\/wp-content\/uploads\/sites\/6\/2023\/06\/sul-calabria.png\",\"width\":622,\"height\":437},{\"@type\":\"BreadcrumbList\",\"@id\":\"https:\/\/progettotouring.it\/radiotouring104\/2023\/06\/21\/sul-si-appella-ad-occhiuto-sulla-questione-corap\/#breadcrumb\",\"itemListElement\":[{\"@type\":\"ListItem\",\"position\":1,\"name\":\"Home\",\"item\":\"https:\/\/progettotouring.it\/radiotouring104\/\"},{\"@type\":\"ListItem\",\"position\":2,\"name\":\"SUL si appella ad Occhiuto sulla questione Corap\"}]},{\"@type\":\"WebSite\",\"@id\":\"https:\/\/progettotouring.it\/radiotouring104\/#website\",\"url\":\"https:\/\/progettotouring.it\/radiotouring104\/\",\"name\":\"Radio Touring 104\",\"description\":\"La prima radio Reggina\",\"publisher\":{\"@id\":\"https:\/\/progettotouring.it\/radiotouring104\/#organization\"},\"potentialAction\":[{\"@type\":\"SearchAction\",\"target\":{\"@type\":\"EntryPoint\",\"urlTemplate\":\"https:\/\/progettotouring.it\/radiotouring104\/?s={search_term_string}\"},\"query-input\":{\"@type\":\"PropertyValueSpecification\",\"valueRequired\":true,\"valueName\":\"search_term_string\"}}],\"inLanguage\":\"it-IT\"},{\"@type\":\"Organization\",\"@id\":\"https:\/\/progettotouring.it\/radiotouring104\/#organization\",\"name\":\"Radio Touring 104\",\"url\":\"https:\/\/progettotouring.it\/radiotouring104\/\",\"logo\":{\"@type\":\"ImageObject\",\"inLanguage\":\"it-IT\",\"@id\":\"https:\/\/progettotouring.it\/radiotouring104\/#\/schema\/logo\/image\/\",\"url\":\"https:\/\/progettotouring.it\/radiotouring104\/wp-content\/uploads\/sites\/6\/2022\/02\/cropped-logo-radio-touring-104.png\",\"contentUrl\":\"https:\/\/progettotouring.it\/radiotouring104\/wp-content\/uploads\/sites\/6\/2022\/02\/cropped-logo-radio-touring-104.png\",\"width\":377,\"height\":182,\"caption\":\"Radio Touring 104\"},\"image\":{\"@id\":\"https:\/\/progettotouring.it\/radiotouring104\/#\/schema\/logo\/image\/\"}},{\"@type\":\"Person\",\"@id\":\"https:\/\/progettotouring.it\/radiotouring104\/#\/schema\/person\/78613917f1851f041f7483f5af1d422e\",\"name\":\"Sebastiano Plutino\",\"image\":{\"@type\":\"ImageObject\",\"inLanguage\":\"it-IT\",\"@id\":\"https:\/\/secure.gravatar.com\/avatar\/0546ffaa9b79224faf9f2a156b67a529ae861d3287c66c1d8ccfdf909bcba78d?s=96&d=mm&r=g\",\"url\":\"https:\/\/secure.gravatar.com\/avatar\/0546ffaa9b79224faf9f2a156b67a529ae861d3287c66c1d8ccfdf909bcba78d?s=96&d=mm&r=g\",\"contentUrl\":\"https:\/\/secure.gravatar.com\/avatar\/0546ffaa9b79224faf9f2a156b67a529ae861d3287c66c1d8ccfdf909bcba78d?s=96&d=mm&r=g\",\"caption\":\"Sebastiano Plutino\"},\"url\":\"https:\/\/progettotouring.it\/radiotouring104\/author\/sebastiano\/\"}]}<\/script>\n<!-- \/ Yoast SEO plugin. -->","yoast_head_json":{"title":"SUL si appella ad Occhiuto sulla questione Corap","description":"SUL che ha partecipato al sit-in dei Lavoratori Corap, indetto dai Sindacati, si appella al Presidente Occhiuto sul futuro della Corap","robots":{"index":"index","follow":"follow","max-snippet":"max-snippet:-1","max-image-preview":"max-image-preview:large","max-video-preview":"max-video-preview:-1"},"canonical":"https:\/\/progettotouring.it\/radiotouring104\/2023\/06\/21\/sul-si-appella-ad-occhiuto-sulla-questione-corap\/","og_locale":"it_IT","og_type":"article","og_title":"SUL si appella ad Occhiuto sulla questione Corap","og_description":"SUL che ha partecipato al sit-in dei Lavoratori Corap, indetto dai Sindacati, si appella al Presidente Occhiuto sul futuro della Corap","og_url":"https:\/\/progettotouring.it\/radiotouring104\/2023\/06\/21\/sul-si-appella-ad-occhiuto-sulla-questione-corap\/","og_site_name":"Radio Touring 104","article_published_time":"2023-06-21T11:03:51+00:00","og_image":[{"width":622,"height":437,"url":"https:\/\/progettotouring.it\/radiotouring104\/wp-content\/uploads\/sites\/6\/2023\/06\/sul-calabria.png","type":"image\/png"}],"author":"Sebastiano Plutino","twitter_card":"summary_large_image","twitter_misc":{"Scritto da":"Sebastiano Plutino","Tempo di lettura stimato":"1 minuto"},"schema":{"@context":"https:\/\/schema.org","@graph":[{"@type":"Article","@id":"https:\/\/progettotouring.it\/radiotouring104\/2023\/06\/21\/sul-si-appella-ad-occhiuto-sulla-questione-corap\/#article","isPartOf":{"@id":"https:\/\/progettotouring.it\/radiotouring104\/2023\/06\/21\/sul-si-appella-ad-occhiuto-sulla-questione-corap\/"},"author":{"name":"Sebastiano Plutino","@id":"https:\/\/progettotouring.it\/radiotouring104\/#\/schema\/person\/78613917f1851f041f7483f5af1d422e"},"headline":"SUL si appella ad Occhiuto sulla questione Corap","datePublished":"2023-06-21T11:03:51+00:00","mainEntityOfPage":{"@id":"https:\/\/progettotouring.it\/radiotouring104\/2023\/06\/21\/sul-si-appella-ad-occhiuto-sulla-questione-corap\/"},"wordCount":204,"publisher":{"@id":"https:\/\/progettotouring.it\/radiotouring104\/#organization"},"image":{"@id":"https:\/\/progettotouring.it\/radiotouring104\/2023\/06\/21\/sul-si-appella-ad-occhiuto-sulla-questione-corap\/#primaryimage"},"thumbnailUrl":"https:\/\/progettotouring.it\/radiotouring104\/wp-content\/uploads\/sites\/6\/2023\/06\/sul-calabria.png","keywords":["Autorit\u00e0 di vigilanza della procedura di liquidazione Corap","Cittadella Regionale","Lavoratori Corap","Presidente Roberto Occhiuto","Rosario Var\u00ec","sul"],"articleSection":["Home","News","Reggio Calabria"],"inLanguage":"it-IT"},{"@type":"WebPage","@id":"https:\/\/progettotouring.it\/radiotouring104\/2023\/06\/21\/sul-si-appella-ad-occhiuto-sulla-questione-corap\/","url":"https:\/\/progettotouring.it\/radiotouring104\/2023\/06\/21\/sul-si-appella-ad-occhiuto-sulla-questione-corap\/","name":"SUL si appella ad Occhiuto sulla questione Corap","isPartOf":{"@id":"https:\/\/progettotouring.it\/radiotouring104\/#website"},"primaryImageOfPage":{"@id":"https:\/\/progettotouring.it\/radiotouring104\/2023\/06\/21\/sul-si-appella-ad-occhiuto-sulla-questione-corap\/#primaryimage"},"image":{"@id":"https:\/\/progettotouring.it\/radiotouring104\/2023\/06\/21\/sul-si-appella-ad-occhiuto-sulla-questione-corap\/#primaryimage"},"thumbnailUrl":"https:\/\/progettotouring.it\/radiotouring104\/wp-content\/uploads\/sites\/6\/2023\/06\/sul-calabria.png","datePublished":"2023-06-21T11:03:51+00:00","description":"SUL che ha partecipato al sit-in dei Lavoratori Corap, indetto dai Sindacati, si appella al Presidente Occhiuto sul futuro della Corap","breadcrumb":{"@id":"https:\/\/progettotouring.it\/radiotouring104\/2023\/06\/21\/sul-si-appella-ad-occhiuto-sulla-questione-corap\/#breadcrumb"},"inLanguage":"it-IT","potentialAction":[{"@type":"ReadAction","target":["https:\/\/progettotouring.it\/radiotouring104\/2023\/06\/21\/sul-si-appella-ad-occhiuto-sulla-questione-corap\/"]}]},{"@type":"ImageObject","inLanguage":"it-IT","@id":"https:\/\/progettotouring.it\/radiotouring104\/2023\/06\/21\/sul-si-appella-ad-occhiuto-sulla-questione-corap\/#primaryimage","url":"https:\/\/progettotouring.it\/radiotouring104\/wp-content\/uploads\/sites\/6\/2023\/06\/sul-calabria.png","contentUrl":"https:\/\/progettotouring.it\/radiotouring104\/wp-content\/uploads\/sites\/6\/2023\/06\/sul-calabria.png","width":622,"height":437},{"@type":"BreadcrumbList","@id":"https:\/\/progettotouring.it\/radiotouring104\/2023\/06\/21\/sul-si-appella-ad-occhiuto-sulla-questione-corap\/#breadcrumb","itemListElement":[{"@type":"ListItem","position":1,"name":"Home","item":"https:\/\/progettotouring.it\/radiotouring104\/"},{"@type":"ListItem","position":2,"name":"SUL si appella ad Occhiuto sulla questione Corap"}]},{"@type":"WebSite","@id":"https:\/\/progettotouring.it\/radiotouring104\/#website","url":"https:\/\/progettotouring.it\/radiotouring104\/","name":"Radio Touring 104","description":"La prima radio Reggina","publisher":{"@id":"https:\/\/progettotouring.it\/radiotouring104\/#organization"},"potentialAction":[{"@type":"SearchAction","target":{"@type":"EntryPoint","urlTemplate":"https:\/\/progettotouring.it\/radiotouring104\/?s={search_term_string}"},"query-input":{"@type":"PropertyValueSpecification","valueRequired":true,"valueName":"search_term_string"}}],"inLanguage":"it-IT"},{"@type":"Organization","@id":"https:\/\/progettotouring.it\/radiotouring104\/#organization","name":"Radio Touring 104","url":"https:\/\/progettotouring.it\/radiotouring104\/","logo":{"@type":"ImageObject","inLanguage":"it-IT","@id":"https:\/\/progettotouring.it\/radiotouring104\/#\/schema\/logo\/image\/","url":"https:\/\/progettotouring.it\/radiotouring104\/wp-content\/uploads\/sites\/6\/2022\/02\/cropped-logo-radio-touring-104.png","contentUrl":"https:\/\/progettotouring.it\/radiotouring104\/wp-content\/uploads\/sites\/6\/2022\/02\/cropped-logo-radio-touring-104.png","width":377,"height":182,"caption":"Radio Touring 104"},"image":{"@id":"https:\/\/progettotouring.it\/radiotouring104\/#\/schema\/logo\/image\/"}},{"@type":"Person","@id":"https:\/\/progettotouring.it\/radiotouring104\/#\/schema\/person\/78613917f1851f041f7483f5af1d422e","name":"Sebastiano Plutino","image":{"@type":"ImageObject","inLanguage":"it-IT","@id":"https:\/\/secure.gravatar.com\/avatar\/0546ffaa9b79224faf9f2a156b67a529ae861d3287c66c1d8ccfdf909bcba78d?s=96&d=mm&r=g","url":"https:\/\/secure.gravatar.com\/avatar\/0546ffaa9b79224faf9f2a156b67a529ae861d3287c66c1d8ccfdf909bcba78d?s=96&d=mm&r=g","contentUrl":"https:\/\/secure.gravatar.com\/avatar\/0546ffaa9b79224faf9f2a156b67a529ae861d3287c66c1d8ccfdf909bcba78d?s=96&d=mm&r=g","caption":"Sebastiano Plutino"},"url":"https:\/\/progettotouring.it\/radiotouring104\/author\/sebastiano\/"}]}},"jetpack_publicize_connections":[],"jetpack_featured_media_url":"https:\/\/progettotouring.it\/radiotouring104\/wp-content\/uploads\/sites\/6\/2023\/06\/sul-calabria.png","jetpack_sharing_enabled":true,"_links":{"self":[{"href":"https:\/\/progettotouring.it\/radiotouring104\/wp-json\/wp\/v2\/posts\/28608","targetHints":{"allow":["GET"]}}],"collection":[{"href":"https:\/\/progettotouring.it\/radiotouring104\/wp-json\/wp\/v2\/posts"}],"about":[{"href":"https:\/\/progettotouring.it\/radiotouring104\/wp-json\/wp\/v2\/types\/post"}],"author":[{"embeddable":true,"href":"https:\/\/progettotouring.it\/radiotouring104\/wp-json\/wp\/v2\/users\/12"}],"replies":[{"embeddable":true,"href":"https:\/\/progettotouring.it\/radiotouring104\/wp-json\/wp\/v2\/comments?post=28608"}],"version-history":[{"count":1,"href":"https:\/\/progettotouring.it\/radiotouring104\/wp-json\/wp\/v2\/posts\/28608\/revisions"}],"predecessor-version":[{"id":28609,"href":"https:\/\/progettotouring.it\/radiotouring104\/wp-json\/wp\/v2\/posts\/28608\/revisions\/28609"}],"wp:featuredmedia":[{"embeddable":true,"href":"https:\/\/progettotouring.it\/radiotouring104\/wp-json\/wp\/v2\/media\/28170"}],"wp:attachment":[{"href":"https:\/\/progettotouring.it\/radiotouring104\/wp-json\/wp\/v2\/media?parent=28608"}],"wp:term":[{"taxonomy":"category","embeddable":true,"href":"https:\/\/progettotouring.it\/radiotouring104\/wp-json\/wp\/v2\/categories?post=28608"},{"taxonomy":"post_tag","embeddable":true,"href":"https:\/\/progettotouring.it\/radiotouring104\/wp-json\/wp\/v2\/tags?post=28608"}],"curies":[{"name":"wp","href":"https:\/\/api.w.org\/{rel}","templated":true}]}}