{"id":28619,"date":"2023-06-21T14:30:05","date_gmt":"2023-06-21T12:30:05","guid":{"rendered":"https:\/\/progettotouring.it\/radiotouring104\/?p=28619"},"modified":"2023-06-21T14:47:22","modified_gmt":"2023-06-21T12:47:22","slug":"saladini-pronto-a-cedere-la-reggina-marcello-cardona-si-dimette","status":"publish","type":"post","link":"https:\/\/progettotouring.it\/radiotouring104\/2023\/06\/21\/saladini-pronto-a-cedere-la-reggina-marcello-cardona-si-dimette\/","title":{"rendered":"Saladini pronto a cedere la Reggina: Marcello Cardona si dimette"},"content":{"rendered":"<p style=\"text-align: justify\">In merito alle voci sull\u2019evoluzione della Societ\u00e0, <strong>Felice<\/strong> <strong>Saladini<\/strong> dichiara:\u00a0<em>\u201c<strong>Si conclude la fase di emergenza per il Club iniziata con l\u2019acquisizione lo scorso anno<\/strong>, il consolidamento sportivo e il ripianamento del debito. Oggi la Reggina \u00e8 un Club fatto di donne e uomini di grande valore, sostenuto dai suoi straordinari tifosi, che ha rispettato in modo rigoroso il percorso indicato dal piano triennale che avevo annunciato un anno fa. In questo percorso \u00e8 previsto che, conclusa questa prima fase, il Club debba darsi una nuova struttura per conquistare gli ambiziosi traguardi. Sono orgoglioso di avere partecipato alla salvezza della squadra, posto in sicurezza il Club e di aver dato il via al suo ambizioso progetto, l\u2019ho fatto con il cuore e l\u2019impegno di chi ama la sua terra. Per questo motivo mi sono reso disponibile ad avviare colloqui con chi\u00a0 manifesta interesse verso la Societ\u00e0, con lo scopo di proseguire il percorso di successo che abbiamo iniziato e far crescere ulteriormente i nostri territori e la nostra amata <strong>Reggina<\/strong>. In questo contesto il <strong>Presidente e il Cda della Reggina 1914<\/strong> hanno presentato le dimissioni al fine di lasciare nella libert\u00e0 di chi parteciper\u00e0 al progetto la possibilit\u00e0 di definire gli organismi di amministrazione e di gestione. Tutto il Consiglio ha gestito questa fase con rigore e grande senso di responsabilit\u00e0, sapendo superare anche i momenti pi\u00f9 complicati di questo anno. Un ringraziamento particolare al <strong>Presidente<\/strong> <strong>Marcello<\/strong> <strong>Cardona<\/strong> che con la sua guida ha portato il Club fino ai risultati di oggi. Nel solco della trasparenza che sempre ha caratterizzato il nuovo corso della Reggina, sar\u00e0 mia cura dare tempestiva informazione dell\u2019evolversi dei colloqui per la vendita del Club<\/em>&#8220;.<\/p>\n","protected":false},"excerpt":{"rendered":"<p>In merito alle voci sull\u2019evoluzione della Societ\u00e0, Felice Saladini dichiara:\u00a0\u201cSi conclude la fase di emergenza per il Club iniziata con l\u2019acquisizione lo scorso anno, il consolidamento sportivo e il ripianamento&hellip;<\/p>\n","protected":false},"author":8,"featured_media":27970,"comment_status":"closed","ping_status":"open","sticky":false,"template":"","format":"standard","meta":{"_jetpack_memberships_contains_paid_content":false,"footnotes":"","jetpack_publicize_message":"","jetpack_publicize_feature_enabled":true,"jetpack_social_post_already_shared":false,"jetpack_social_options":{"image_generator_settings":{"template":"highway","default_image_id":0,"font":"","enabled":false},"version":2}},"categories":[150,196,140,144],"tags":[3141,210,3049,419],"class_list":["post-28619","post","type-post","status-publish","format-standard","has-post-thumbnail","hentry","category-in-primo-piano","category-news","category-reggio-calabria","category-sport","tag-cardona","tag-reggina","tag-saladini","tag-serie-b"],"yoast_head":"<!-- This site is optimized with the Yoast SEO plugin v27.2 - https:\/\/yoast.com\/product\/yoast-seo-wordpress\/ -->\n<title>Saladini pronto a cedere la Reggina: Marcello Cardona si dimette - Radio Touring 104<\/title>\n<meta name=\"description\" content=\"Il patron della Reggina, Felice Saladini, ha dichiarato la possibilit\u00e0 di cedere la Reggina. Marcello Cardona non \u00e8 pi\u00f9 Presidente\" \/>\n<meta name=\"robots\" content=\"index, follow, max-snippet:-1, max-image-preview:large, max-video-preview:-1\" \/>\n<link rel=\"canonical\" href=\"https:\/\/progettotouring.it\/radiotouring104\/2023\/06\/21\/saladini-pronto-a-cedere-la-reggina-marcello-cardona-si-dimette\/\" \/>\n<meta property=\"og:locale\" content=\"it_IT\" \/>\n<meta property=\"og:type\" content=\"article\" \/>\n<meta property=\"og:title\" content=\"Saladini pronto a cedere la Reggina: Marcello Cardona si dimette - Radio Touring 104\" \/>\n<meta property=\"og:description\" content=\"Il patron della Reggina, Felice Saladini, ha dichiarato la possibilit\u00e0 di cedere la Reggina. Marcello Cardona non \u00e8 pi\u00f9 Presidente\" \/>\n<meta property=\"og:url\" content=\"https:\/\/progettotouring.it\/radiotouring104\/2023\/06\/21\/saladini-pronto-a-cedere-la-reggina-marcello-cardona-si-dimette\/\" \/>\n<meta property=\"og:site_name\" content=\"Radio Touring 104\" \/>\n<meta property=\"article:published_time\" content=\"2023-06-21T12:30:05+00:00\" \/>\n<meta property=\"article:modified_time\" content=\"2023-06-21T12:47:22+00:00\" \/>\n<meta property=\"og:image\" content=\"https:\/\/progettotouring.it\/radiotouring104\/wp-content\/uploads\/sites\/6\/2023\/06\/cardona-saladini-2.jpg\" \/>\n\t<meta property=\"og:image:width\" content=\"2048\" \/>\n\t<meta property=\"og:image:height\" content=\"920\" \/>\n\t<meta property=\"og:image:type\" content=\"image\/jpeg\" \/>\n<meta name=\"author\" content=\"Filippo Francesco Idone\" \/>\n<meta name=\"twitter:card\" content=\"summary_large_image\" \/>\n<meta name=\"twitter:label1\" content=\"Scritto da\" \/>\n\t<meta name=\"twitter:data1\" content=\"Filippo Francesco Idone\" \/>\n\t<meta name=\"twitter:label2\" content=\"Tempo di lettura stimato\" \/>\n\t<meta name=\"twitter:data2\" content=\"1 minuto\" \/>\n<script type=\"application\/ld+json\" class=\"yoast-schema-graph\">{\"@context\":\"https:\/\/schema.org\",\"@graph\":[{\"@type\":\"Article\",\"@id\":\"https:\/\/progettotouring.it\/radiotouring104\/2023\/06\/21\/saladini-pronto-a-cedere-la-reggina-marcello-cardona-si-dimette\/#article\",\"isPartOf\":{\"@id\":\"https:\/\/progettotouring.it\/radiotouring104\/2023\/06\/21\/saladini-pronto-a-cedere-la-reggina-marcello-cardona-si-dimette\/\"},\"author\":{\"name\":\"Filippo Francesco Idone\",\"@id\":\"https:\/\/progettotouring.it\/radiotouring104\/#\/schema\/person\/4a82259ca52ac8702ad1a8f9e5a3120b\"},\"headline\":\"Saladini pronto a cedere la Reggina: Marcello Cardona si dimette\",\"datePublished\":\"2023-06-21T12:30:05+00:00\",\"dateModified\":\"2023-06-21T12:47:22+00:00\",\"mainEntityOfPage\":{\"@id\":\"https:\/\/progettotouring.it\/radiotouring104\/2023\/06\/21\/saladini-pronto-a-cedere-la-reggina-marcello-cardona-si-dimette\/\"},\"wordCount\":291,\"publisher\":{\"@id\":\"https:\/\/progettotouring.it\/radiotouring104\/#organization\"},\"image\":{\"@id\":\"https:\/\/progettotouring.it\/radiotouring104\/2023\/06\/21\/saladini-pronto-a-cedere-la-reggina-marcello-cardona-si-dimette\/#primaryimage\"},\"thumbnailUrl\":\"https:\/\/progettotouring.it\/radiotouring104\/wp-content\/uploads\/sites\/6\/2023\/06\/cardona-saladini-2.jpg\",\"keywords\":[\"cardona\",\"reggina\",\"saladini\",\"serie b\"],\"articleSection\":[\"In primo piano\",\"News\",\"Reggio Calabria\",\"Sport\"],\"inLanguage\":\"it-IT\"},{\"@type\":\"WebPage\",\"@id\":\"https:\/\/progettotouring.it\/radiotouring104\/2023\/06\/21\/saladini-pronto-a-cedere-la-reggina-marcello-cardona-si-dimette\/\",\"url\":\"https:\/\/progettotouring.it\/radiotouring104\/2023\/06\/21\/saladini-pronto-a-cedere-la-reggina-marcello-cardona-si-dimette\/\",\"name\":\"Saladini pronto a cedere la Reggina: Marcello Cardona si dimette - Radio Touring 104\",\"isPartOf\":{\"@id\":\"https:\/\/progettotouring.it\/radiotouring104\/#website\"},\"primaryImageOfPage\":{\"@id\":\"https:\/\/progettotouring.it\/radiotouring104\/2023\/06\/21\/saladini-pronto-a-cedere-la-reggina-marcello-cardona-si-dimette\/#primaryimage\"},\"image\":{\"@id\":\"https:\/\/progettotouring.it\/radiotouring104\/2023\/06\/21\/saladini-pronto-a-cedere-la-reggina-marcello-cardona-si-dimette\/#primaryimage\"},\"thumbnailUrl\":\"https:\/\/progettotouring.it\/radiotouring104\/wp-content\/uploads\/sites\/6\/2023\/06\/cardona-saladini-2.jpg\",\"datePublished\":\"2023-06-21T12:30:05+00:00\",\"dateModified\":\"2023-06-21T12:47:22+00:00\",\"description\":\"Il patron della Reggina, Felice Saladini, ha dichiarato la possibilit\u00e0 di cedere la Reggina. Marcello Cardona non \u00e8 pi\u00f9 Presidente\",\"breadcrumb\":{\"@id\":\"https:\/\/progettotouring.it\/radiotouring104\/2023\/06\/21\/saladini-pronto-a-cedere-la-reggina-marcello-cardona-si-dimette\/#breadcrumb\"},\"inLanguage\":\"it-IT\",\"potentialAction\":[{\"@type\":\"ReadAction\",\"target\":[\"https:\/\/progettotouring.it\/radiotouring104\/2023\/06\/21\/saladini-pronto-a-cedere-la-reggina-marcello-cardona-si-dimette\/\"]}]},{\"@type\":\"ImageObject\",\"inLanguage\":\"it-IT\",\"@id\":\"https:\/\/progettotouring.it\/radiotouring104\/2023\/06\/21\/saladini-pronto-a-cedere-la-reggina-marcello-cardona-si-dimette\/#primaryimage\",\"url\":\"https:\/\/progettotouring.it\/radiotouring104\/wp-content\/uploads\/sites\/6\/2023\/06\/cardona-saladini-2.jpg\",\"contentUrl\":\"https:\/\/progettotouring.it\/radiotouring104\/wp-content\/uploads\/sites\/6\/2023\/06\/cardona-saladini-2.jpg\",\"width\":2048,\"height\":920},{\"@type\":\"BreadcrumbList\",\"@id\":\"https:\/\/progettotouring.it\/radiotouring104\/2023\/06\/21\/saladini-pronto-a-cedere-la-reggina-marcello-cardona-si-dimette\/#breadcrumb\",\"itemListElement\":[{\"@type\":\"ListItem\",\"position\":1,\"name\":\"Home\",\"item\":\"https:\/\/progettotouring.it\/radiotouring104\/\"},{\"@type\":\"ListItem\",\"position\":2,\"name\":\"Saladini pronto a cedere la Reggina: Marcello Cardona si dimette\"}]},{\"@type\":\"WebSite\",\"@id\":\"https:\/\/progettotouring.it\/radiotouring104\/#website\",\"url\":\"https:\/\/progettotouring.it\/radiotouring104\/\",\"name\":\"Radio Touring 104\",\"description\":\"La prima radio Reggina\",\"publisher\":{\"@id\":\"https:\/\/progettotouring.it\/radiotouring104\/#organization\"},\"potentialAction\":[{\"@type\":\"SearchAction\",\"target\":{\"@type\":\"EntryPoint\",\"urlTemplate\":\"https:\/\/progettotouring.it\/radiotouring104\/?s={search_term_string}\"},\"query-input\":{\"@type\":\"PropertyValueSpecification\",\"valueRequired\":true,\"valueName\":\"search_term_string\"}}],\"inLanguage\":\"it-IT\"},{\"@type\":\"Organization\",\"@id\":\"https:\/\/progettotouring.it\/radiotouring104\/#organization\",\"name\":\"Radio Touring 104\",\"url\":\"https:\/\/progettotouring.it\/radiotouring104\/\",\"logo\":{\"@type\":\"ImageObject\",\"inLanguage\":\"it-IT\",\"@id\":\"https:\/\/progettotouring.it\/radiotouring104\/#\/schema\/logo\/image\/\",\"url\":\"https:\/\/progettotouring.it\/radiotouring104\/wp-content\/uploads\/sites\/6\/2022\/02\/cropped-logo-radio-touring-104.png\",\"contentUrl\":\"https:\/\/progettotouring.it\/radiotouring104\/wp-content\/uploads\/sites\/6\/2022\/02\/cropped-logo-radio-touring-104.png\",\"width\":377,\"height\":182,\"caption\":\"Radio Touring 104\"},\"image\":{\"@id\":\"https:\/\/progettotouring.it\/radiotouring104\/#\/schema\/logo\/image\/\"}},{\"@type\":\"Person\",\"@id\":\"https:\/\/progettotouring.it\/radiotouring104\/#\/schema\/person\/4a82259ca52ac8702ad1a8f9e5a3120b\",\"name\":\"Filippo Francesco Idone\",\"image\":{\"@type\":\"ImageObject\",\"inLanguage\":\"it-IT\",\"@id\":\"https:\/\/secure.gravatar.com\/avatar\/7268715d2366395c3dd314385670e6484117d44f5c442e61e230f7008b7b62d3?s=96&d=mm&r=g\",\"url\":\"https:\/\/secure.gravatar.com\/avatar\/7268715d2366395c3dd314385670e6484117d44f5c442e61e230f7008b7b62d3?s=96&d=mm&r=g\",\"contentUrl\":\"https:\/\/secure.gravatar.com\/avatar\/7268715d2366395c3dd314385670e6484117d44f5c442e61e230f7008b7b62d3?s=96&d=mm&r=g\",\"caption\":\"Filippo Francesco Idone\"},\"url\":\"https:\/\/progettotouring.it\/radiotouring104\/author\/filippoidone\/\"}]}<\/script>\n<!-- \/ Yoast SEO plugin. -->","yoast_head_json":{"title":"Saladini pronto a cedere la Reggina: Marcello Cardona si dimette - Radio Touring 104","description":"Il patron della Reggina, Felice Saladini, ha dichiarato la possibilit\u00e0 di cedere la Reggina. Marcello Cardona non \u00e8 pi\u00f9 Presidente","robots":{"index":"index","follow":"follow","max-snippet":"max-snippet:-1","max-image-preview":"max-image-preview:large","max-video-preview":"max-video-preview:-1"},"canonical":"https:\/\/progettotouring.it\/radiotouring104\/2023\/06\/21\/saladini-pronto-a-cedere-la-reggina-marcello-cardona-si-dimette\/","og_locale":"it_IT","og_type":"article","og_title":"Saladini pronto a cedere la Reggina: Marcello Cardona si dimette - Radio Touring 104","og_description":"Il patron della Reggina, Felice Saladini, ha dichiarato la possibilit\u00e0 di cedere la Reggina. Marcello Cardona non \u00e8 pi\u00f9 Presidente","og_url":"https:\/\/progettotouring.it\/radiotouring104\/2023\/06\/21\/saladini-pronto-a-cedere-la-reggina-marcello-cardona-si-dimette\/","og_site_name":"Radio Touring 104","article_published_time":"2023-06-21T12:30:05+00:00","article_modified_time":"2023-06-21T12:47:22+00:00","og_image":[{"width":2048,"height":920,"url":"https:\/\/progettotouring.it\/radiotouring104\/wp-content\/uploads\/sites\/6\/2023\/06\/cardona-saladini-2.jpg","type":"image\/jpeg"}],"author":"Filippo Francesco Idone","twitter_card":"summary_large_image","twitter_misc":{"Scritto da":"Filippo Francesco Idone","Tempo di lettura stimato":"1 minuto"},"schema":{"@context":"https:\/\/schema.org","@graph":[{"@type":"Article","@id":"https:\/\/progettotouring.it\/radiotouring104\/2023\/06\/21\/saladini-pronto-a-cedere-la-reggina-marcello-cardona-si-dimette\/#article","isPartOf":{"@id":"https:\/\/progettotouring.it\/radiotouring104\/2023\/06\/21\/saladini-pronto-a-cedere-la-reggina-marcello-cardona-si-dimette\/"},"author":{"name":"Filippo Francesco Idone","@id":"https:\/\/progettotouring.it\/radiotouring104\/#\/schema\/person\/4a82259ca52ac8702ad1a8f9e5a3120b"},"headline":"Saladini pronto a cedere la Reggina: Marcello Cardona si dimette","datePublished":"2023-06-21T12:30:05+00:00","dateModified":"2023-06-21T12:47:22+00:00","mainEntityOfPage":{"@id":"https:\/\/progettotouring.it\/radiotouring104\/2023\/06\/21\/saladini-pronto-a-cedere-la-reggina-marcello-cardona-si-dimette\/"},"wordCount":291,"publisher":{"@id":"https:\/\/progettotouring.it\/radiotouring104\/#organization"},"image":{"@id":"https:\/\/progettotouring.it\/radiotouring104\/2023\/06\/21\/saladini-pronto-a-cedere-la-reggina-marcello-cardona-si-dimette\/#primaryimage"},"thumbnailUrl":"https:\/\/progettotouring.it\/radiotouring104\/wp-content\/uploads\/sites\/6\/2023\/06\/cardona-saladini-2.jpg","keywords":["cardona","reggina","saladini","serie b"],"articleSection":["In primo piano","News","Reggio Calabria","Sport"],"inLanguage":"it-IT"},{"@type":"WebPage","@id":"https:\/\/progettotouring.it\/radiotouring104\/2023\/06\/21\/saladini-pronto-a-cedere-la-reggina-marcello-cardona-si-dimette\/","url":"https:\/\/progettotouring.it\/radiotouring104\/2023\/06\/21\/saladini-pronto-a-cedere-la-reggina-marcello-cardona-si-dimette\/","name":"Saladini pronto a cedere la Reggina: Marcello Cardona si dimette - Radio Touring 104","isPartOf":{"@id":"https:\/\/progettotouring.it\/radiotouring104\/#website"},"primaryImageOfPage":{"@id":"https:\/\/progettotouring.it\/radiotouring104\/2023\/06\/21\/saladini-pronto-a-cedere-la-reggina-marcello-cardona-si-dimette\/#primaryimage"},"image":{"@id":"https:\/\/progettotouring.it\/radiotouring104\/2023\/06\/21\/saladini-pronto-a-cedere-la-reggina-marcello-cardona-si-dimette\/#primaryimage"},"thumbnailUrl":"https:\/\/progettotouring.it\/radiotouring104\/wp-content\/uploads\/sites\/6\/2023\/06\/cardona-saladini-2.jpg","datePublished":"2023-06-21T12:30:05+00:00","dateModified":"2023-06-21T12:47:22+00:00","description":"Il patron della Reggina, Felice Saladini, ha dichiarato la possibilit\u00e0 di cedere la Reggina. Marcello Cardona non \u00e8 pi\u00f9 Presidente","breadcrumb":{"@id":"https:\/\/progettotouring.it\/radiotouring104\/2023\/06\/21\/saladini-pronto-a-cedere-la-reggina-marcello-cardona-si-dimette\/#breadcrumb"},"inLanguage":"it-IT","potentialAction":[{"@type":"ReadAction","target":["https:\/\/progettotouring.it\/radiotouring104\/2023\/06\/21\/saladini-pronto-a-cedere-la-reggina-marcello-cardona-si-dimette\/"]}]},{"@type":"ImageObject","inLanguage":"it-IT","@id":"https:\/\/progettotouring.it\/radiotouring104\/2023\/06\/21\/saladini-pronto-a-cedere-la-reggina-marcello-cardona-si-dimette\/#primaryimage","url":"https:\/\/progettotouring.it\/radiotouring104\/wp-content\/uploads\/sites\/6\/2023\/06\/cardona-saladini-2.jpg","contentUrl":"https:\/\/progettotouring.it\/radiotouring104\/wp-content\/uploads\/sites\/6\/2023\/06\/cardona-saladini-2.jpg","width":2048,"height":920},{"@type":"BreadcrumbList","@id":"https:\/\/progettotouring.it\/radiotouring104\/2023\/06\/21\/saladini-pronto-a-cedere-la-reggina-marcello-cardona-si-dimette\/#breadcrumb","itemListElement":[{"@type":"ListItem","position":1,"name":"Home","item":"https:\/\/progettotouring.it\/radiotouring104\/"},{"@type":"ListItem","position":2,"name":"Saladini pronto a cedere la Reggina: Marcello Cardona si dimette"}]},{"@type":"WebSite","@id":"https:\/\/progettotouring.it\/radiotouring104\/#website","url":"https:\/\/progettotouring.it\/radiotouring104\/","name":"Radio Touring 104","description":"La prima radio Reggina","publisher":{"@id":"https:\/\/progettotouring.it\/radiotouring104\/#organization"},"potentialAction":[{"@type":"SearchAction","target":{"@type":"EntryPoint","urlTemplate":"https:\/\/progettotouring.it\/radiotouring104\/?s={search_term_string}"},"query-input":{"@type":"PropertyValueSpecification","valueRequired":true,"valueName":"search_term_string"}}],"inLanguage":"it-IT"},{"@type":"Organization","@id":"https:\/\/progettotouring.it\/radiotouring104\/#organization","name":"Radio Touring 104","url":"https:\/\/progettotouring.it\/radiotouring104\/","logo":{"@type":"ImageObject","inLanguage":"it-IT","@id":"https:\/\/progettotouring.it\/radiotouring104\/#\/schema\/logo\/image\/","url":"https:\/\/progettotouring.it\/radiotouring104\/wp-content\/uploads\/sites\/6\/2022\/02\/cropped-logo-radio-touring-104.png","contentUrl":"https:\/\/progettotouring.it\/radiotouring104\/wp-content\/uploads\/sites\/6\/2022\/02\/cropped-logo-radio-touring-104.png","width":377,"height":182,"caption":"Radio Touring 104"},"image":{"@id":"https:\/\/progettotouring.it\/radiotouring104\/#\/schema\/logo\/image\/"}},{"@type":"Person","@id":"https:\/\/progettotouring.it\/radiotouring104\/#\/schema\/person\/4a82259ca52ac8702ad1a8f9e5a3120b","name":"Filippo Francesco Idone","image":{"@type":"ImageObject","inLanguage":"it-IT","@id":"https:\/\/secure.gravatar.com\/avatar\/7268715d2366395c3dd314385670e6484117d44f5c442e61e230f7008b7b62d3?s=96&d=mm&r=g","url":"https:\/\/secure.gravatar.com\/avatar\/7268715d2366395c3dd314385670e6484117d44f5c442e61e230f7008b7b62d3?s=96&d=mm&r=g","contentUrl":"https:\/\/secure.gravatar.com\/avatar\/7268715d2366395c3dd314385670e6484117d44f5c442e61e230f7008b7b62d3?s=96&d=mm&r=g","caption":"Filippo Francesco Idone"},"url":"https:\/\/progettotouring.it\/radiotouring104\/author\/filippoidone\/"}]}},"jetpack_publicize_connections":[],"jetpack_featured_media_url":"https:\/\/progettotouring.it\/radiotouring104\/wp-content\/uploads\/sites\/6\/2023\/06\/cardona-saladini-2.jpg","jetpack_sharing_enabled":true,"_links":{"self":[{"href":"https:\/\/progettotouring.it\/radiotouring104\/wp-json\/wp\/v2\/posts\/28619","targetHints":{"allow":["GET"]}}],"collection":[{"href":"https:\/\/progettotouring.it\/radiotouring104\/wp-json\/wp\/v2\/posts"}],"about":[{"href":"https:\/\/progettotouring.it\/radiotouring104\/wp-json\/wp\/v2\/types\/post"}],"author":[{"embeddable":true,"href":"https:\/\/progettotouring.it\/radiotouring104\/wp-json\/wp\/v2\/users\/8"}],"replies":[{"embeddable":true,"href":"https:\/\/progettotouring.it\/radiotouring104\/wp-json\/wp\/v2\/comments?post=28619"}],"version-history":[{"count":1,"href":"https:\/\/progettotouring.it\/radiotouring104\/wp-json\/wp\/v2\/posts\/28619\/revisions"}],"predecessor-version":[{"id":28620,"href":"https:\/\/progettotouring.it\/radiotouring104\/wp-json\/wp\/v2\/posts\/28619\/revisions\/28620"}],"wp:featuredmedia":[{"embeddable":true,"href":"https:\/\/progettotouring.it\/radiotouring104\/wp-json\/wp\/v2\/media\/27970"}],"wp:attachment":[{"href":"https:\/\/progettotouring.it\/radiotouring104\/wp-json\/wp\/v2\/media?parent=28619"}],"wp:term":[{"taxonomy":"category","embeddable":true,"href":"https:\/\/progettotouring.it\/radiotouring104\/wp-json\/wp\/v2\/categories?post=28619"},{"taxonomy":"post_tag","embeddable":true,"href":"https:\/\/progettotouring.it\/radiotouring104\/wp-json\/wp\/v2\/tags?post=28619"}],"curies":[{"name":"wp","href":"https:\/\/api.w.org\/{rel}","templated":true}]}}