{"id":28624,"date":"2023-06-21T15:44:06","date_gmt":"2023-06-21T13:44:06","guid":{"rendered":"https:\/\/progettotouring.it\/radiotouring104\/?p=28624"},"modified":"2023-06-21T15:55:06","modified_gmt":"2023-06-21T13:55:06","slug":"giornata-mondiale-contro-labuso-e-il-traffico-illecito-di-droga","status":"publish","type":"post","link":"https:\/\/progettotouring.it\/radiotouring104\/2023\/06\/21\/giornata-mondiale-contro-labuso-e-il-traffico-illecito-di-droga\/","title":{"rendered":"Giornata Mondiale contro l&#8217;abuso e il traffico illecito di droga"},"content":{"rendered":"<p style=\"text-align: justify\">In occasione della data odierna ovvero: della giornata mondiale di \u201cLotta alla Droga\u201d annualmente ci sentiamo di offrire delle riflessioni su quanto accade nel nostro territorio sulla base del fatto che oramai bisognerebbe parlare pi\u00f9 in generale di \u201c<strong>Lotta alle Dipendenze<\/strong>\u201d e non solamente alla droga, sebbene il termine lotta in realt\u00e0 non risponde pi\u00f9 alle vere esigenze della popolazione, poich\u00e9 bisognerebbe educare ed informare meglio al fine di lavorare e riconoscere in anticipo i nuclei di vulnerabilit\u00e0 che sottendono l\u2019accostarsi al mondo delle vecchie e nuove dipendenze. <strong>Lottare ahim\u00e8 vuol dire che oramai ci sei dentro fino al collo!!!<\/strong><\/p>\n<p style=\"text-align: justify\">Siamo una societ\u00e0 \u201cadditiva\u201d perch\u00e9 sui comportamenti additivi si basa la \u201ccultura\u201d della fidelizzazione al consumo. Il consumo \u00e8 figlio di un bisogno e, per questo, i mercati inducono, inventano e controllano i bisogni per indurre verso i consumi anche quando non necessari. Questo avviene per ogni cosa ed anche ad ogni costo!!! Si sfrutta una sorta di naturale tendenza alla dipendenza situata nel circuito neurobiologico della ricompensa che abbiamo innata e la voglia di essere diversi da ci\u00f2 che siamo, di sperimentare nuovi percorsi e di pensare che l\u2019alterazione sia una vera forma di liberazione dalle nostre ansie. Quando il percorso di alterazione riesce in modo artificiale e condizionato perdiamo parte della nostra identit\u00e0.\u00a0 Rischiamo cos\u00ec di ancorarci a ci\u00f2 che ci consente di essere ci\u00f2 che siamo diventati. La dipendenza da qualcosa o da qualcuno diventa cos\u00ec una difesa e una ragione di vita, <strong>il nostro nuovo instabile equilibrio patologico.<\/strong><\/p>\n<p style=\"text-align: justify\">La psichiatria ha classificato alcune di queste situazioni descrivendo quelli che chiama <strong>\u201cDisturbi correlati a sostanze e disturbi da addiction<\/strong>\u201d: una formulazione pacata ma ha a che fare con storie difficili di persone che gradualmente smarriscono parte delle loro capacit\u00e0, degli affetti, dei ricordi, delle relazioni, delle emozioni, della sessualit\u00e0 e della possibilit\u00e0 di progettare. E non ci sono solo i disturbi correlati a sostanze ma anche quelli legati a situazioni e comportamenti additivi: il gioco d\u2019azzardo patologico ne \u00e8 un esempio. Il meccanismo di alterazione funziona e imprigiona, anche se \u00e8 difficile accettare che si possa perdere il controllo. Da circa due anni, in accordo ad altre strutture del territorio ci occupiamo di questo nuovo fenomeno clinico della dipendenza da gioco che purtroppo in maniera trasversale colpisce tanta gente, i loro sistemi familiari e le basi economiche su cui si fondano le loro certezze. Offriamo un servizio di centro ascolto gratuito con professionisti esperti nel settore e ci auguriamo di poter far confluire una buona fetta di pazienti definiti \u201csommersi\u201d che ad oggi non chiede aiuto per vergona di sentirsi fallito.<\/p>\n<p style=\"text-align: justify\">La nostra struttura gi\u00e0 dal lontano 1985 si occupa di patologie legate all\u2019 <strong>addiction<\/strong> e nel tempo purtroppo siamo diventati insieme al <strong>Ser.D ed al CSM,<\/strong> un occhio privilegiato sui diversi fenomeni che costituiscono le dipendenze patologiche. Di recente siamo stati molto sensibilizzati dagli avvenimenti legati alla movida dei minorenni ed al consumo improprio di alcol e ci sentiamo pronti a sederci ad un tavolo tecnico che possa avere pi\u00f9 interlocutori al fine di trovare soluzioni condivise per proteggere al meglio il nostro futuro, ovvero i giovani attuali.<\/p>\n<p style=\"text-align: justify\">Firmato \u2013 La Casa del Sole Cooperativa Sociale<\/p>\n","protected":false},"excerpt":{"rendered":"<p>In occasione della data odierna ovvero: della giornata mondiale di \u201cLotta alla Droga\u201d annualmente ci sentiamo di offrire delle riflessioni su quanto accade nel nostro territorio sulla base del fatto&hellip;<\/p>\n","protected":false},"author":8,"featured_media":28625,"comment_status":"closed","ping_status":"open","sticky":false,"template":"","format":"standard","meta":{"_jetpack_memberships_contains_paid_content":false,"footnotes":"","jetpack_publicize_message":"","jetpack_publicize_feature_enabled":true,"jetpack_social_post_already_shared":false,"jetpack_social_options":{"image_generator_settings":{"template":"highway","default_image_id":0,"font":"","enabled":false},"version":2}},"categories":[921,196,140],"tags":[17506],"class_list":["post-28624","post","type-post","status-publish","format-standard","has-post-thumbnail","hentry","category-home","category-news","category-reggio-calabria","tag-casa-del-sole-cooperativa-sociale"],"yoast_head":"<!-- This site is optimized with the Yoast SEO plugin v27.2 - https:\/\/yoast.com\/product\/yoast-seo-wordpress\/ -->\n<title>Giornata Mondiale contro l&#039;abuso e il traffico illecito di droga - Radio Touring 104<\/title>\n<meta name=\"description\" content=\"La Casa del Sole Cooperativa Sociale si sente di offrire delle riflessioni per analizzare meglio la Lotta alle Dipendenze\" \/>\n<meta name=\"robots\" content=\"index, follow, max-snippet:-1, max-image-preview:large, max-video-preview:-1\" \/>\n<link rel=\"canonical\" href=\"https:\/\/progettotouring.it\/radiotouring104\/2023\/06\/21\/giornata-mondiale-contro-labuso-e-il-traffico-illecito-di-droga\/\" \/>\n<meta property=\"og:locale\" content=\"it_IT\" \/>\n<meta property=\"og:type\" content=\"article\" \/>\n<meta property=\"og:title\" content=\"Giornata Mondiale contro l&#039;abuso e il traffico illecito di droga - Radio Touring 104\" \/>\n<meta property=\"og:description\" content=\"La Casa del Sole Cooperativa Sociale si sente di offrire delle riflessioni per analizzare meglio la Lotta alle Dipendenze\" \/>\n<meta property=\"og:url\" content=\"https:\/\/progettotouring.it\/radiotouring104\/2023\/06\/21\/giornata-mondiale-contro-labuso-e-il-traffico-illecito-di-droga\/\" \/>\n<meta property=\"og:site_name\" content=\"Radio Touring 104\" \/>\n<meta property=\"article:published_time\" content=\"2023-06-21T13:44:06+00:00\" \/>\n<meta property=\"article:modified_time\" content=\"2023-06-21T13:55:06+00:00\" \/>\n<meta property=\"og:image\" content=\"https:\/\/progettotouring.it\/radiotouring104\/wp-content\/uploads\/sites\/6\/2023\/06\/Casa-del-Sole-Cooperativa-Sociale.jpg\" \/>\n\t<meta property=\"og:image:width\" content=\"1360\" \/>\n\t<meta property=\"og:image:height\" content=\"1020\" \/>\n\t<meta property=\"og:image:type\" content=\"image\/jpeg\" \/>\n<meta name=\"author\" content=\"Filippo Francesco Idone\" \/>\n<meta name=\"twitter:card\" content=\"summary_large_image\" \/>\n<meta name=\"twitter:label1\" content=\"Scritto da\" \/>\n\t<meta name=\"twitter:data1\" content=\"Filippo Francesco Idone\" \/>\n\t<meta name=\"twitter:label2\" content=\"Tempo di lettura stimato\" \/>\n\t<meta name=\"twitter:data2\" content=\"3 minuti\" \/>\n<script type=\"application\/ld+json\" class=\"yoast-schema-graph\">{\"@context\":\"https:\/\/schema.org\",\"@graph\":[{\"@type\":\"Article\",\"@id\":\"https:\/\/progettotouring.it\/radiotouring104\/2023\/06\/21\/giornata-mondiale-contro-labuso-e-il-traffico-illecito-di-droga\/#article\",\"isPartOf\":{\"@id\":\"https:\/\/progettotouring.it\/radiotouring104\/2023\/06\/21\/giornata-mondiale-contro-labuso-e-il-traffico-illecito-di-droga\/\"},\"author\":{\"name\":\"Filippo Francesco Idone\",\"@id\":\"https:\/\/progettotouring.it\/radiotouring104\/#\/schema\/person\/4a82259ca52ac8702ad1a8f9e5a3120b\"},\"headline\":\"Giornata Mondiale contro l&#8217;abuso e il traffico illecito di droga\",\"datePublished\":\"2023-06-21T13:44:06+00:00\",\"dateModified\":\"2023-06-21T13:55:06+00:00\",\"mainEntityOfPage\":{\"@id\":\"https:\/\/progettotouring.it\/radiotouring104\/2023\/06\/21\/giornata-mondiale-contro-labuso-e-il-traffico-illecito-di-droga\/\"},\"wordCount\":539,\"publisher\":{\"@id\":\"https:\/\/progettotouring.it\/radiotouring104\/#organization\"},\"image\":{\"@id\":\"https:\/\/progettotouring.it\/radiotouring104\/2023\/06\/21\/giornata-mondiale-contro-labuso-e-il-traffico-illecito-di-droga\/#primaryimage\"},\"thumbnailUrl\":\"https:\/\/progettotouring.it\/radiotouring104\/wp-content\/uploads\/sites\/6\/2023\/06\/Casa-del-Sole-Cooperativa-Sociale.jpg\",\"keywords\":[\"Casa del Sole Cooperativa Sociale\"],\"articleSection\":[\"Home\",\"News\",\"Reggio Calabria\"],\"inLanguage\":\"it-IT\"},{\"@type\":\"WebPage\",\"@id\":\"https:\/\/progettotouring.it\/radiotouring104\/2023\/06\/21\/giornata-mondiale-contro-labuso-e-il-traffico-illecito-di-droga\/\",\"url\":\"https:\/\/progettotouring.it\/radiotouring104\/2023\/06\/21\/giornata-mondiale-contro-labuso-e-il-traffico-illecito-di-droga\/\",\"name\":\"Giornata Mondiale contro l'abuso e il traffico illecito di droga - Radio Touring 104\",\"isPartOf\":{\"@id\":\"https:\/\/progettotouring.it\/radiotouring104\/#website\"},\"primaryImageOfPage\":{\"@id\":\"https:\/\/progettotouring.it\/radiotouring104\/2023\/06\/21\/giornata-mondiale-contro-labuso-e-il-traffico-illecito-di-droga\/#primaryimage\"},\"image\":{\"@id\":\"https:\/\/progettotouring.it\/radiotouring104\/2023\/06\/21\/giornata-mondiale-contro-labuso-e-il-traffico-illecito-di-droga\/#primaryimage\"},\"thumbnailUrl\":\"https:\/\/progettotouring.it\/radiotouring104\/wp-content\/uploads\/sites\/6\/2023\/06\/Casa-del-Sole-Cooperativa-Sociale.jpg\",\"datePublished\":\"2023-06-21T13:44:06+00:00\",\"dateModified\":\"2023-06-21T13:55:06+00:00\",\"description\":\"La Casa del Sole Cooperativa Sociale si sente di offrire delle riflessioni per analizzare meglio la Lotta alle Dipendenze\",\"breadcrumb\":{\"@id\":\"https:\/\/progettotouring.it\/radiotouring104\/2023\/06\/21\/giornata-mondiale-contro-labuso-e-il-traffico-illecito-di-droga\/#breadcrumb\"},\"inLanguage\":\"it-IT\",\"potentialAction\":[{\"@type\":\"ReadAction\",\"target\":[\"https:\/\/progettotouring.it\/radiotouring104\/2023\/06\/21\/giornata-mondiale-contro-labuso-e-il-traffico-illecito-di-droga\/\"]}]},{\"@type\":\"ImageObject\",\"inLanguage\":\"it-IT\",\"@id\":\"https:\/\/progettotouring.it\/radiotouring104\/2023\/06\/21\/giornata-mondiale-contro-labuso-e-il-traffico-illecito-di-droga\/#primaryimage\",\"url\":\"https:\/\/progettotouring.it\/radiotouring104\/wp-content\/uploads\/sites\/6\/2023\/06\/Casa-del-Sole-Cooperativa-Sociale.jpg\",\"contentUrl\":\"https:\/\/progettotouring.it\/radiotouring104\/wp-content\/uploads\/sites\/6\/2023\/06\/Casa-del-Sole-Cooperativa-Sociale.jpg\",\"width\":1360,\"height\":1020},{\"@type\":\"BreadcrumbList\",\"@id\":\"https:\/\/progettotouring.it\/radiotouring104\/2023\/06\/21\/giornata-mondiale-contro-labuso-e-il-traffico-illecito-di-droga\/#breadcrumb\",\"itemListElement\":[{\"@type\":\"ListItem\",\"position\":1,\"name\":\"Home\",\"item\":\"https:\/\/progettotouring.it\/radiotouring104\/\"},{\"@type\":\"ListItem\",\"position\":2,\"name\":\"Giornata Mondiale contro l&#8217;abuso e il traffico illecito di droga\"}]},{\"@type\":\"WebSite\",\"@id\":\"https:\/\/progettotouring.it\/radiotouring104\/#website\",\"url\":\"https:\/\/progettotouring.it\/radiotouring104\/\",\"name\":\"Radio Touring 104\",\"description\":\"La prima radio Reggina\",\"publisher\":{\"@id\":\"https:\/\/progettotouring.it\/radiotouring104\/#organization\"},\"potentialAction\":[{\"@type\":\"SearchAction\",\"target\":{\"@type\":\"EntryPoint\",\"urlTemplate\":\"https:\/\/progettotouring.it\/radiotouring104\/?s={search_term_string}\"},\"query-input\":{\"@type\":\"PropertyValueSpecification\",\"valueRequired\":true,\"valueName\":\"search_term_string\"}}],\"inLanguage\":\"it-IT\"},{\"@type\":\"Organization\",\"@id\":\"https:\/\/progettotouring.it\/radiotouring104\/#organization\",\"name\":\"Radio Touring 104\",\"url\":\"https:\/\/progettotouring.it\/radiotouring104\/\",\"logo\":{\"@type\":\"ImageObject\",\"inLanguage\":\"it-IT\",\"@id\":\"https:\/\/progettotouring.it\/radiotouring104\/#\/schema\/logo\/image\/\",\"url\":\"https:\/\/progettotouring.it\/radiotouring104\/wp-content\/uploads\/sites\/6\/2022\/02\/cropped-logo-radio-touring-104.png\",\"contentUrl\":\"https:\/\/progettotouring.it\/radiotouring104\/wp-content\/uploads\/sites\/6\/2022\/02\/cropped-logo-radio-touring-104.png\",\"width\":377,\"height\":182,\"caption\":\"Radio Touring 104\"},\"image\":{\"@id\":\"https:\/\/progettotouring.it\/radiotouring104\/#\/schema\/logo\/image\/\"}},{\"@type\":\"Person\",\"@id\":\"https:\/\/progettotouring.it\/radiotouring104\/#\/schema\/person\/4a82259ca52ac8702ad1a8f9e5a3120b\",\"name\":\"Filippo Francesco Idone\",\"image\":{\"@type\":\"ImageObject\",\"inLanguage\":\"it-IT\",\"@id\":\"https:\/\/secure.gravatar.com\/avatar\/7268715d2366395c3dd314385670e6484117d44f5c442e61e230f7008b7b62d3?s=96&d=mm&r=g\",\"url\":\"https:\/\/secure.gravatar.com\/avatar\/7268715d2366395c3dd314385670e6484117d44f5c442e61e230f7008b7b62d3?s=96&d=mm&r=g\",\"contentUrl\":\"https:\/\/secure.gravatar.com\/avatar\/7268715d2366395c3dd314385670e6484117d44f5c442e61e230f7008b7b62d3?s=96&d=mm&r=g\",\"caption\":\"Filippo Francesco Idone\"},\"url\":\"https:\/\/progettotouring.it\/radiotouring104\/author\/filippoidone\/\"}]}<\/script>\n<!-- \/ Yoast SEO plugin. -->","yoast_head_json":{"title":"Giornata Mondiale contro l'abuso e il traffico illecito di droga - Radio Touring 104","description":"La Casa del Sole Cooperativa Sociale si sente di offrire delle riflessioni per analizzare meglio la Lotta alle Dipendenze","robots":{"index":"index","follow":"follow","max-snippet":"max-snippet:-1","max-image-preview":"max-image-preview:large","max-video-preview":"max-video-preview:-1"},"canonical":"https:\/\/progettotouring.it\/radiotouring104\/2023\/06\/21\/giornata-mondiale-contro-labuso-e-il-traffico-illecito-di-droga\/","og_locale":"it_IT","og_type":"article","og_title":"Giornata Mondiale contro l'abuso e il traffico illecito di droga - Radio Touring 104","og_description":"La Casa del Sole Cooperativa Sociale si sente di offrire delle riflessioni per analizzare meglio la Lotta alle Dipendenze","og_url":"https:\/\/progettotouring.it\/radiotouring104\/2023\/06\/21\/giornata-mondiale-contro-labuso-e-il-traffico-illecito-di-droga\/","og_site_name":"Radio Touring 104","article_published_time":"2023-06-21T13:44:06+00:00","article_modified_time":"2023-06-21T13:55:06+00:00","og_image":[{"width":1360,"height":1020,"url":"https:\/\/progettotouring.it\/radiotouring104\/wp-content\/uploads\/sites\/6\/2023\/06\/Casa-del-Sole-Cooperativa-Sociale.jpg","type":"image\/jpeg"}],"author":"Filippo Francesco Idone","twitter_card":"summary_large_image","twitter_misc":{"Scritto da":"Filippo Francesco Idone","Tempo di lettura stimato":"3 minuti"},"schema":{"@context":"https:\/\/schema.org","@graph":[{"@type":"Article","@id":"https:\/\/progettotouring.it\/radiotouring104\/2023\/06\/21\/giornata-mondiale-contro-labuso-e-il-traffico-illecito-di-droga\/#article","isPartOf":{"@id":"https:\/\/progettotouring.it\/radiotouring104\/2023\/06\/21\/giornata-mondiale-contro-labuso-e-il-traffico-illecito-di-droga\/"},"author":{"name":"Filippo Francesco Idone","@id":"https:\/\/progettotouring.it\/radiotouring104\/#\/schema\/person\/4a82259ca52ac8702ad1a8f9e5a3120b"},"headline":"Giornata Mondiale contro l&#8217;abuso e il traffico illecito di droga","datePublished":"2023-06-21T13:44:06+00:00","dateModified":"2023-06-21T13:55:06+00:00","mainEntityOfPage":{"@id":"https:\/\/progettotouring.it\/radiotouring104\/2023\/06\/21\/giornata-mondiale-contro-labuso-e-il-traffico-illecito-di-droga\/"},"wordCount":539,"publisher":{"@id":"https:\/\/progettotouring.it\/radiotouring104\/#organization"},"image":{"@id":"https:\/\/progettotouring.it\/radiotouring104\/2023\/06\/21\/giornata-mondiale-contro-labuso-e-il-traffico-illecito-di-droga\/#primaryimage"},"thumbnailUrl":"https:\/\/progettotouring.it\/radiotouring104\/wp-content\/uploads\/sites\/6\/2023\/06\/Casa-del-Sole-Cooperativa-Sociale.jpg","keywords":["Casa del Sole Cooperativa Sociale"],"articleSection":["Home","News","Reggio Calabria"],"inLanguage":"it-IT"},{"@type":"WebPage","@id":"https:\/\/progettotouring.it\/radiotouring104\/2023\/06\/21\/giornata-mondiale-contro-labuso-e-il-traffico-illecito-di-droga\/","url":"https:\/\/progettotouring.it\/radiotouring104\/2023\/06\/21\/giornata-mondiale-contro-labuso-e-il-traffico-illecito-di-droga\/","name":"Giornata Mondiale contro l'abuso e il traffico illecito di droga - Radio Touring 104","isPartOf":{"@id":"https:\/\/progettotouring.it\/radiotouring104\/#website"},"primaryImageOfPage":{"@id":"https:\/\/progettotouring.it\/radiotouring104\/2023\/06\/21\/giornata-mondiale-contro-labuso-e-il-traffico-illecito-di-droga\/#primaryimage"},"image":{"@id":"https:\/\/progettotouring.it\/radiotouring104\/2023\/06\/21\/giornata-mondiale-contro-labuso-e-il-traffico-illecito-di-droga\/#primaryimage"},"thumbnailUrl":"https:\/\/progettotouring.it\/radiotouring104\/wp-content\/uploads\/sites\/6\/2023\/06\/Casa-del-Sole-Cooperativa-Sociale.jpg","datePublished":"2023-06-21T13:44:06+00:00","dateModified":"2023-06-21T13:55:06+00:00","description":"La Casa del Sole Cooperativa Sociale si sente di offrire delle riflessioni per analizzare meglio la Lotta alle Dipendenze","breadcrumb":{"@id":"https:\/\/progettotouring.it\/radiotouring104\/2023\/06\/21\/giornata-mondiale-contro-labuso-e-il-traffico-illecito-di-droga\/#breadcrumb"},"inLanguage":"it-IT","potentialAction":[{"@type":"ReadAction","target":["https:\/\/progettotouring.it\/radiotouring104\/2023\/06\/21\/giornata-mondiale-contro-labuso-e-il-traffico-illecito-di-droga\/"]}]},{"@type":"ImageObject","inLanguage":"it-IT","@id":"https:\/\/progettotouring.it\/radiotouring104\/2023\/06\/21\/giornata-mondiale-contro-labuso-e-il-traffico-illecito-di-droga\/#primaryimage","url":"https:\/\/progettotouring.it\/radiotouring104\/wp-content\/uploads\/sites\/6\/2023\/06\/Casa-del-Sole-Cooperativa-Sociale.jpg","contentUrl":"https:\/\/progettotouring.it\/radiotouring104\/wp-content\/uploads\/sites\/6\/2023\/06\/Casa-del-Sole-Cooperativa-Sociale.jpg","width":1360,"height":1020},{"@type":"BreadcrumbList","@id":"https:\/\/progettotouring.it\/radiotouring104\/2023\/06\/21\/giornata-mondiale-contro-labuso-e-il-traffico-illecito-di-droga\/#breadcrumb","itemListElement":[{"@type":"ListItem","position":1,"name":"Home","item":"https:\/\/progettotouring.it\/radiotouring104\/"},{"@type":"ListItem","position":2,"name":"Giornata Mondiale contro l&#8217;abuso e il traffico illecito di droga"}]},{"@type":"WebSite","@id":"https:\/\/progettotouring.it\/radiotouring104\/#website","url":"https:\/\/progettotouring.it\/radiotouring104\/","name":"Radio Touring 104","description":"La prima radio Reggina","publisher":{"@id":"https:\/\/progettotouring.it\/radiotouring104\/#organization"},"potentialAction":[{"@type":"SearchAction","target":{"@type":"EntryPoint","urlTemplate":"https:\/\/progettotouring.it\/radiotouring104\/?s={search_term_string}"},"query-input":{"@type":"PropertyValueSpecification","valueRequired":true,"valueName":"search_term_string"}}],"inLanguage":"it-IT"},{"@type":"Organization","@id":"https:\/\/progettotouring.it\/radiotouring104\/#organization","name":"Radio Touring 104","url":"https:\/\/progettotouring.it\/radiotouring104\/","logo":{"@type":"ImageObject","inLanguage":"it-IT","@id":"https:\/\/progettotouring.it\/radiotouring104\/#\/schema\/logo\/image\/","url":"https:\/\/progettotouring.it\/radiotouring104\/wp-content\/uploads\/sites\/6\/2022\/02\/cropped-logo-radio-touring-104.png","contentUrl":"https:\/\/progettotouring.it\/radiotouring104\/wp-content\/uploads\/sites\/6\/2022\/02\/cropped-logo-radio-touring-104.png","width":377,"height":182,"caption":"Radio Touring 104"},"image":{"@id":"https:\/\/progettotouring.it\/radiotouring104\/#\/schema\/logo\/image\/"}},{"@type":"Person","@id":"https:\/\/progettotouring.it\/radiotouring104\/#\/schema\/person\/4a82259ca52ac8702ad1a8f9e5a3120b","name":"Filippo Francesco Idone","image":{"@type":"ImageObject","inLanguage":"it-IT","@id":"https:\/\/secure.gravatar.com\/avatar\/7268715d2366395c3dd314385670e6484117d44f5c442e61e230f7008b7b62d3?s=96&d=mm&r=g","url":"https:\/\/secure.gravatar.com\/avatar\/7268715d2366395c3dd314385670e6484117d44f5c442e61e230f7008b7b62d3?s=96&d=mm&r=g","contentUrl":"https:\/\/secure.gravatar.com\/avatar\/7268715d2366395c3dd314385670e6484117d44f5c442e61e230f7008b7b62d3?s=96&d=mm&r=g","caption":"Filippo Francesco Idone"},"url":"https:\/\/progettotouring.it\/radiotouring104\/author\/filippoidone\/"}]}},"jetpack_publicize_connections":[],"jetpack_featured_media_url":"https:\/\/progettotouring.it\/radiotouring104\/wp-content\/uploads\/sites\/6\/2023\/06\/Casa-del-Sole-Cooperativa-Sociale.jpg","jetpack_sharing_enabled":true,"_links":{"self":[{"href":"https:\/\/progettotouring.it\/radiotouring104\/wp-json\/wp\/v2\/posts\/28624","targetHints":{"allow":["GET"]}}],"collection":[{"href":"https:\/\/progettotouring.it\/radiotouring104\/wp-json\/wp\/v2\/posts"}],"about":[{"href":"https:\/\/progettotouring.it\/radiotouring104\/wp-json\/wp\/v2\/types\/post"}],"author":[{"embeddable":true,"href":"https:\/\/progettotouring.it\/radiotouring104\/wp-json\/wp\/v2\/users\/8"}],"replies":[{"embeddable":true,"href":"https:\/\/progettotouring.it\/radiotouring104\/wp-json\/wp\/v2\/comments?post=28624"}],"version-history":[{"count":1,"href":"https:\/\/progettotouring.it\/radiotouring104\/wp-json\/wp\/v2\/posts\/28624\/revisions"}],"predecessor-version":[{"id":28626,"href":"https:\/\/progettotouring.it\/radiotouring104\/wp-json\/wp\/v2\/posts\/28624\/revisions\/28626"}],"wp:featuredmedia":[{"embeddable":true,"href":"https:\/\/progettotouring.it\/radiotouring104\/wp-json\/wp\/v2\/media\/28625"}],"wp:attachment":[{"href":"https:\/\/progettotouring.it\/radiotouring104\/wp-json\/wp\/v2\/media?parent=28624"}],"wp:term":[{"taxonomy":"category","embeddable":true,"href":"https:\/\/progettotouring.it\/radiotouring104\/wp-json\/wp\/v2\/categories?post=28624"},{"taxonomy":"post_tag","embeddable":true,"href":"https:\/\/progettotouring.it\/radiotouring104\/wp-json\/wp\/v2\/tags?post=28624"}],"curies":[{"name":"wp","href":"https:\/\/api.w.org\/{rel}","templated":true}]}}