{"id":2863,"date":"2022-03-16T17:26:25","date_gmt":"2022-03-16T16:26:25","guid":{"rendered":"https:\/\/progettotouring.it\/radiotouring104\/?p=2863"},"modified":"2022-03-23T13:05:09","modified_gmt":"2022-03-23T12:05:09","slug":"piano-di-rilevazione-dei-debiti-commerciali-lassessore-calabro-nessuna-tassazione-sui-cittadini","status":"publish","type":"post","link":"https:\/\/progettotouring.it\/radiotouring104\/2022\/03\/16\/piano-di-rilevazione-dei-debiti-commerciali-lassessore-calabro-nessuna-tassazione-sui-cittadini\/","title":{"rendered":"Piano di rilevazione dei debiti commerciali, l&#8217;assessore Calabr\u00f2: &#8220;Nessuna tassazione sui cittadini&#8221;"},"content":{"rendered":"<p><iframe title=\"Reggio C.: Calabr\u00f2 su Piano di rilevazione dei debiti commerciali &quot;Nessuna tassazione sui cittadini&quot;\" width=\"1170\" height=\"658\" src=\"https:\/\/www.youtube.com\/embed\/U1de5Z_akgE?feature=oembed\" frameborder=\"0\" allow=\"accelerometer; autoplay; clipboard-write; encrypted-media; gyroscope; picture-in-picture\" allowfullscreen><\/iframe><\/p>\n<p style=\"text-align: justify;\">Lo scorso luned\u00ec 14 marzo <strong>Reggio Futura<\/strong> ha tenuto una conferenza stampa per discutere dell&#8217;\u201c<strong>Avviso ai Creditori<\/strong>\u201d pubblicato il 31 gennaio 2022 dal <strong>Comune di Reggio Calabria<\/strong>, durante la quale gli avvocati <strong>Italo Palmara<\/strong> e <strong>Emanuele Genovese<\/strong>, rispettivamente presidente e vicepresidente del movimento, hanno manifestato forti dubbi riguardo la possibilit\u00e0 d&#8217;introduzione di nuove tasse gravanti sui cittadini.<\/p>\n<p style=\"text-align: justify;\">In merito alla questione, l&#8217;Assessore al Bilancio Irene Calabr\u00f2, intervistata dal direttore di Radio e VideoTouring Pasquale Zumbo, ha fornito alcuni chiarimenti in risposta alle perplessit\u00e0 evidenziate da Reggio Futura. [<strong><a href=\"https:\/\/www.youtube.com\/watch?time_continue=428&amp;v=U1de5Z_akgE&amp;feature=emb_logo\">VIDEO<\/a><\/strong>]<\/p>\n<p style=\"text-align: justify;\">Per quanto riguarda l&#8217;oggetto del dibattito, ovvero il &#8220;<strong>Piano di rilevazione dei debiti commerciali dell&#8217;Amministrazione<\/strong>&#8221; e il relativo &#8220;Avviso ai Creditori&#8221;, spiega l&#8217;assessore Calabr\u00f2: &#8220;<em>La finanziaria prevede che alcuni comuni che soddisfino determinati requisiti relativi al disavanzo, abbiano la possibilit\u00e0 di <strong>fruire di un contributo a fondo perduto<\/strong>, che per Reggio Calabria \u00e8 di circa <strong>137 milioni<\/strong>, a fronte di alcuni impegni che l&#8217;amministrazione dovr\u00e0 assumere<\/em>&#8220;.<\/p>\n<p style=\"text-align: justify;\">&#8220;<em>La prima precisazione \u00e8 che <strong>nessuna tassa sar\u00e0 aumentata, nessun tipo di tassazione verr\u00e0 introdotta dall&#8217;amministrazione, nessun tipo di IRPEF<\/strong>, niente di tutto quello che sta circolando in questi giorni<\/em>&#8221; &#8211; poich\u00e9, continua &#8211; &#8220;<em>Sebbene la finanziaria prevedesse la possibilit\u00e0, per i Comuni che beneficiano del contributo, di aumentare l&#8217;Irpef, i canoni locatizi, le tasse doganali e aeroportuali, l&#8217;amministrazione ha operato la scelta politica di concentrarsi sui due pilastri cardini su cui si deve reggere il bilancio comunale: il <strong>recupero dell&#8217;evasione e della morosit\u00e0<\/strong>, e l<strong>&#8216;alienazione<\/strong>, ovvero la vendita, del patrimonio immobiliare<\/em>&#8220;.<\/p>\n<p style=\"text-align: justify;\">In merito alle <strong>accuse riguardo la scarsa trasparenza<\/strong>, invece, l&#8217;assessore spiega: &#8220;<em>La procedura \u00e8 prevista e dettagliata dalla Finanziaria 2021<\/em>&#8220;, pertanto &#8220;<em>l&#8217;amministrazione ha pubblicato entro il 31 gennaio questo avviso<\/em>&#8221; in modo da consentire a quanti hanno nutrito crediti commerciali nei confronti dell&#8217;amministrazione stessa potessero fare opportuna segnalazione, in modo da consentire la pi\u00f9 corretta e completa compilazione del <strong>Piano di rilevazione dei debiti commerciali dell&#8217;Amministrazione<\/strong>, e consentire la formulazione della proposta delle transazioni di pagamento, in base all&#8217;anzianit\u00e0 del debito maturato.<\/p>\n<p style=\"text-align: justify;\">In altre parole, spiega la Calabr\u00f2: &#8220;<em>L&#8217;accordo prevede una <strong>sorta di ricognizione di quelli che sono i debiti commerciali<\/strong> che ha in pancia l&#8217;amministrazione. Si parla di &#8220;debito commerciale&#8221; in riferimento a tutte quelle somme che l&#8217;amministrazione deve a un soggetto, per <strong>prestazioni offerte<\/strong> nei confronti dell&#8217;amministrazione, per <strong>servizi resi<\/strong>, per <strong>lavori fatti<\/strong> e tutto quanto rientri in un <strong>rapporto di committenza con l&#8217;amministrazione<\/strong>. Non rientrano invece nei debiti commerciali le somme derivanti da titoli esecutivi, n\u00e9 i rimborsi per errori di versamenti<\/em>&#8220;.<\/p>\n<p style=\"text-align: justify;\">E ancora, in risposta alle accuse sulla trasparenza, spiega: &#8220;<em>Tutte le procedure sono state svolte secondo la legge che prevede di darne ampia pubblicit\u00e0. Inizialmente, oltre alla delibera di indirizzo di Giunta e ai comunicati stampa dei giorni successivi, sono state effettuate <strong>attivit\u00e0 di comunicazione a tutti gli enti coinvolti<\/strong> per sollecitare la pubblicazione dell&#8217;avviso sui propri albi pretori piuttosto che sulle loro homepage<\/em>&#8220;.<\/p>\n<p style=\"text-align: justify;\">Secondo la ricostruzione dell&#8217;assessore Irene Calabr\u00f2, l&#8217;avviso sarebbe stato trasmesso ad AS<strong>P, Regione, Camera di Commercio, Ordini professionali calabresi, ma anche della Sicilia<\/strong>. E afferma: &#8220;<em>Il fatto che se ne parli in maniera critica o polemica \u00e8 un supporto a veicolare questa possibilit\u00e0 di adesione da parte dei creditori, attraverso l&#8217;avviso pubblicato sull&#8217;<a href=\"http:\/\/www.comune.reggio-calabria.it\/on-line\/Home.html\" target=\"_blank\" rel=\"noopener\">homepage del Comune<\/a> assieme a tutta la modulistica<\/em>&#8220;.<\/p>\n<p style=\"text-align: justify;\">Conclude poi chiarendo l&#8217;iter a cui si andr\u00e0 in contro: &#8220;<em>Una volta approvata la sottoscrizione dalla Presidenza del Consiglio, <strong>l&#8217;amministrazione discuter\u00e0 prima in seno alla Giunta, poi in seno alle Commissioni e quindi in Consiglio Comunale<\/strong> quelle che sono le proposte formulate (numeri e cronoprogramma) riguardo gli impegni da assumere in questi anni. Una volta pervenuti dei dati certi, sar\u00e0 sviluppato il confronto in queste tre sedi di dibattito, perch\u00e9 prima di sottoscrivere l&#8217;accordo, il sindaco (o il suo delegato) dovr\u00e0 essere <strong>ratificato alla firma da parte del consenso comunal<\/strong><\/em><strong>e<\/strong>&#8220;.<\/p>\n<p style=\"text-align: justify;\">\n","protected":false},"excerpt":{"rendered":"<p>Lo scorso luned\u00ec 14 marzo Reggio Futura ha tenuto una conferenza stampa per discutere dell&#8217;\u201cAvviso ai Creditori\u201d pubblicato il 31 gennaio 2022 dal Comune di Reggio Calabria, durante la quale&hellip;<\/p>\n","protected":false},"author":1,"featured_media":2864,"comment_status":"open","ping_status":"open","sticky":false,"template":"","format":"standard","meta":{"_jetpack_memberships_contains_paid_content":false,"footnotes":"","jetpack_publicize_message":"","jetpack_publicize_feature_enabled":true,"jetpack_social_post_already_shared":false,"jetpack_social_options":{"image_generator_settings":{"template":"highway","default_image_id":0,"font":"","enabled":false},"version":2}},"categories":[150,149,196,195,140],"tags":[346,350,341,342,344,345,348,343,347,236,340,351,349],"class_list":["post-2863","post","type-post","status-publish","format-standard","has-post-thumbnail","hentry","category-in-primo-piano","category-interviste","category-news","category-politica","category-reggio-calabria","tag-assessore-al-bilancio","tag-aumento-tributi","tag-avviso-ai-creditori","tag-comune-di-reggio-calabria","tag-emanuele-genovese","tag-irene-calabro","tag-irpef","tag-italo-palmara","tag-piano-di-rilevazione-dei-debiti-commerciali-dellamministrazione","tag-reggio-calabria","tag-reggio-futura","tag-tasse","tag-tributi"],"yoast_head":"<!-- This site is optimized with the Yoast SEO plugin v27.2 - https:\/\/yoast.com\/product\/yoast-seo-wordpress\/ -->\n<title>Piano di rilevazione dei debiti commerciali, risponde l&#039;assessore Calabr\u00f2<\/title>\n<meta name=\"description\" content=\"L&#039;Assessore al Bilancio Calabr\u00f2 risponde in merito ai dubbi su presunti tributi previsti per il Piano di rilevazione dei debiti commerciali\" \/>\n<meta name=\"robots\" content=\"index, follow, max-snippet:-1, max-image-preview:large, max-video-preview:-1\" \/>\n<link rel=\"canonical\" href=\"https:\/\/progettotouring.it\/radiotouring104\/2022\/03\/16\/piano-di-rilevazione-dei-debiti-commerciali-lassessore-calabro-nessuna-tassazione-sui-cittadini\/\" \/>\n<meta property=\"og:locale\" content=\"it_IT\" \/>\n<meta property=\"og:type\" content=\"article\" \/>\n<meta property=\"og:title\" content=\"Piano di rilevazione dei debiti commerciali, risponde l&#039;assessore Calabr\u00f2\" \/>\n<meta property=\"og:description\" content=\"L&#039;Assessore al Bilancio Calabr\u00f2 risponde in merito ai dubbi su presunti tributi previsti per il Piano di rilevazione dei debiti commerciali\" \/>\n<meta property=\"og:url\" content=\"https:\/\/progettotouring.it\/radiotouring104\/2022\/03\/16\/piano-di-rilevazione-dei-debiti-commerciali-lassessore-calabro-nessuna-tassazione-sui-cittadini\/\" \/>\n<meta property=\"og:site_name\" content=\"Radio Touring 104\" \/>\n<meta property=\"article:published_time\" content=\"2022-03-16T16:26:25+00:00\" \/>\n<meta property=\"article:modified_time\" content=\"2022-03-23T12:05:09+00:00\" \/>\n<meta property=\"og:image\" content=\"https:\/\/progettotouring.it\/radiotouring104\/wp-content\/uploads\/sites\/6\/2022\/03\/COMUNE-RC.png\" \/>\n\t<meta property=\"og:image:width\" content=\"986\" \/>\n\t<meta property=\"og:image:height\" content=\"663\" \/>\n\t<meta property=\"og:image:type\" content=\"image\/png\" \/>\n<meta name=\"author\" content=\"Chiara Cucinotta\" \/>\n<meta name=\"twitter:card\" content=\"summary_large_image\" \/>\n<meta name=\"twitter:label1\" content=\"Scritto da\" \/>\n\t<meta name=\"twitter:data1\" content=\"Chiara Cucinotta\" \/>\n\t<meta name=\"twitter:label2\" content=\"Tempo di lettura stimato\" \/>\n\t<meta name=\"twitter:data2\" content=\"4 minuti\" \/>\n<script type=\"application\/ld+json\" class=\"yoast-schema-graph\">{\"@context\":\"https:\/\/schema.org\",\"@graph\":[{\"@type\":\"Article\",\"@id\":\"https:\/\/progettotouring.it\/radiotouring104\/2022\/03\/16\/piano-di-rilevazione-dei-debiti-commerciali-lassessore-calabro-nessuna-tassazione-sui-cittadini\/#article\",\"isPartOf\":{\"@id\":\"https:\/\/progettotouring.it\/radiotouring104\/2022\/03\/16\/piano-di-rilevazione-dei-debiti-commerciali-lassessore-calabro-nessuna-tassazione-sui-cittadini\/\"},\"author\":{\"name\":\"Chiara Cucinotta\",\"@id\":\"https:\/\/progettotouring.it\/radiotouring104\/#\/schema\/person\/f01f189b71df20dcfc0890eea7e67a0e\"},\"headline\":\"Piano di rilevazione dei debiti commerciali, l&#8217;assessore Calabr\u00f2: &#8220;Nessuna tassazione sui cittadini&#8221;\",\"datePublished\":\"2022-03-16T16:26:25+00:00\",\"dateModified\":\"2022-03-23T12:05:09+00:00\",\"mainEntityOfPage\":{\"@id\":\"https:\/\/progettotouring.it\/radiotouring104\/2022\/03\/16\/piano-di-rilevazione-dei-debiti-commerciali-lassessore-calabro-nessuna-tassazione-sui-cittadini\/\"},\"wordCount\":639,\"commentCount\":0,\"publisher\":{\"@id\":\"https:\/\/progettotouring.it\/radiotouring104\/#organization\"},\"image\":{\"@id\":\"https:\/\/progettotouring.it\/radiotouring104\/2022\/03\/16\/piano-di-rilevazione-dei-debiti-commerciali-lassessore-calabro-nessuna-tassazione-sui-cittadini\/#primaryimage\"},\"thumbnailUrl\":\"https:\/\/progettotouring.it\/radiotouring104\/wp-content\/uploads\/sites\/6\/2022\/03\/COMUNE-RC.png\",\"keywords\":[\"Assessore al Bilancio\",\"aumento tributi\",\"Avviso ai Creditori\",\"Comune di Reggio Calabria\",\"Emanuele Genovese\",\"Irene Calabr\u00f2\",\"IRPEF\",\"Italo Palmara\",\"Piano di rilevazione dei debiti commerciali dell'Amministrazione\",\"reggio calabria\",\"Reggio Futura\",\"tasse\",\"tributi\"],\"articleSection\":[\"In primo piano\",\"Interviste\",\"News\",\"Politica\",\"Reggio Calabria\"],\"inLanguage\":\"it-IT\",\"potentialAction\":[{\"@type\":\"CommentAction\",\"name\":\"Comment\",\"target\":[\"https:\/\/progettotouring.it\/radiotouring104\/2022\/03\/16\/piano-di-rilevazione-dei-debiti-commerciali-lassessore-calabro-nessuna-tassazione-sui-cittadini\/#respond\"]}]},{\"@type\":\"WebPage\",\"@id\":\"https:\/\/progettotouring.it\/radiotouring104\/2022\/03\/16\/piano-di-rilevazione-dei-debiti-commerciali-lassessore-calabro-nessuna-tassazione-sui-cittadini\/\",\"url\":\"https:\/\/progettotouring.it\/radiotouring104\/2022\/03\/16\/piano-di-rilevazione-dei-debiti-commerciali-lassessore-calabro-nessuna-tassazione-sui-cittadini\/\",\"name\":\"Piano di rilevazione dei debiti commerciali, risponde l'assessore Calabr\u00f2\",\"isPartOf\":{\"@id\":\"https:\/\/progettotouring.it\/radiotouring104\/#website\"},\"primaryImageOfPage\":{\"@id\":\"https:\/\/progettotouring.it\/radiotouring104\/2022\/03\/16\/piano-di-rilevazione-dei-debiti-commerciali-lassessore-calabro-nessuna-tassazione-sui-cittadini\/#primaryimage\"},\"image\":{\"@id\":\"https:\/\/progettotouring.it\/radiotouring104\/2022\/03\/16\/piano-di-rilevazione-dei-debiti-commerciali-lassessore-calabro-nessuna-tassazione-sui-cittadini\/#primaryimage\"},\"thumbnailUrl\":\"https:\/\/progettotouring.it\/radiotouring104\/wp-content\/uploads\/sites\/6\/2022\/03\/COMUNE-RC.png\",\"datePublished\":\"2022-03-16T16:26:25+00:00\",\"dateModified\":\"2022-03-23T12:05:09+00:00\",\"description\":\"L'Assessore al Bilancio Calabr\u00f2 risponde in merito ai dubbi su presunti tributi previsti per il Piano di rilevazione dei debiti commerciali\",\"breadcrumb\":{\"@id\":\"https:\/\/progettotouring.it\/radiotouring104\/2022\/03\/16\/piano-di-rilevazione-dei-debiti-commerciali-lassessore-calabro-nessuna-tassazione-sui-cittadini\/#breadcrumb\"},\"inLanguage\":\"it-IT\",\"potentialAction\":[{\"@type\":\"ReadAction\",\"target\":[\"https:\/\/progettotouring.it\/radiotouring104\/2022\/03\/16\/piano-di-rilevazione-dei-debiti-commerciali-lassessore-calabro-nessuna-tassazione-sui-cittadini\/\"]}]},{\"@type\":\"ImageObject\",\"inLanguage\":\"it-IT\",\"@id\":\"https:\/\/progettotouring.it\/radiotouring104\/2022\/03\/16\/piano-di-rilevazione-dei-debiti-commerciali-lassessore-calabro-nessuna-tassazione-sui-cittadini\/#primaryimage\",\"url\":\"https:\/\/progettotouring.it\/radiotouring104\/wp-content\/uploads\/sites\/6\/2022\/03\/COMUNE-RC.png\",\"contentUrl\":\"https:\/\/progettotouring.it\/radiotouring104\/wp-content\/uploads\/sites\/6\/2022\/03\/COMUNE-RC.png\",\"width\":986,\"height\":663,\"caption\":\"Palazzo San Giorgio\"},{\"@type\":\"BreadcrumbList\",\"@id\":\"https:\/\/progettotouring.it\/radiotouring104\/2022\/03\/16\/piano-di-rilevazione-dei-debiti-commerciali-lassessore-calabro-nessuna-tassazione-sui-cittadini\/#breadcrumb\",\"itemListElement\":[{\"@type\":\"ListItem\",\"position\":1,\"name\":\"Home\",\"item\":\"https:\/\/progettotouring.it\/radiotouring104\/\"},{\"@type\":\"ListItem\",\"position\":2,\"name\":\"Piano di rilevazione dei debiti commerciali, l&#8217;assessore Calabr\u00f2: &#8220;Nessuna tassazione sui cittadini&#8221;\"}]},{\"@type\":\"WebSite\",\"@id\":\"https:\/\/progettotouring.it\/radiotouring104\/#website\",\"url\":\"https:\/\/progettotouring.it\/radiotouring104\/\",\"name\":\"Radio Touring 104\",\"description\":\"La prima radio Reggina\",\"publisher\":{\"@id\":\"https:\/\/progettotouring.it\/radiotouring104\/#organization\"},\"potentialAction\":[{\"@type\":\"SearchAction\",\"target\":{\"@type\":\"EntryPoint\",\"urlTemplate\":\"https:\/\/progettotouring.it\/radiotouring104\/?s={search_term_string}\"},\"query-input\":{\"@type\":\"PropertyValueSpecification\",\"valueRequired\":true,\"valueName\":\"search_term_string\"}}],\"inLanguage\":\"it-IT\"},{\"@type\":\"Organization\",\"@id\":\"https:\/\/progettotouring.it\/radiotouring104\/#organization\",\"name\":\"Radio Touring 104\",\"url\":\"https:\/\/progettotouring.it\/radiotouring104\/\",\"logo\":{\"@type\":\"ImageObject\",\"inLanguage\":\"it-IT\",\"@id\":\"https:\/\/progettotouring.it\/radiotouring104\/#\/schema\/logo\/image\/\",\"url\":\"https:\/\/progettotouring.it\/radiotouring104\/wp-content\/uploads\/sites\/6\/2022\/02\/cropped-logo-radio-touring-104.png\",\"contentUrl\":\"https:\/\/progettotouring.it\/radiotouring104\/wp-content\/uploads\/sites\/6\/2022\/02\/cropped-logo-radio-touring-104.png\",\"width\":377,\"height\":182,\"caption\":\"Radio Touring 104\"},\"image\":{\"@id\":\"https:\/\/progettotouring.it\/radiotouring104\/#\/schema\/logo\/image\/\"}},{\"@type\":\"Person\",\"@id\":\"https:\/\/progettotouring.it\/radiotouring104\/#\/schema\/person\/f01f189b71df20dcfc0890eea7e67a0e\",\"name\":\"Chiara Cucinotta\",\"image\":{\"@type\":\"ImageObject\",\"inLanguage\":\"it-IT\",\"@id\":\"https:\/\/secure.gravatar.com\/avatar\/efe17e5613fdef9b05741a23cd4ef4e9b1c39955d8fe11176cb1da3641c96104?s=96&d=mm&r=g\",\"url\":\"https:\/\/secure.gravatar.com\/avatar\/efe17e5613fdef9b05741a23cd4ef4e9b1c39955d8fe11176cb1da3641c96104?s=96&d=mm&r=g\",\"contentUrl\":\"https:\/\/secure.gravatar.com\/avatar\/efe17e5613fdef9b05741a23cd4ef4e9b1c39955d8fe11176cb1da3641c96104?s=96&d=mm&r=g\",\"caption\":\"Chiara Cucinotta\"},\"sameAs\":[\"https:\/\/progettotouring.it\"],\"url\":\"https:\/\/progettotouring.it\/radiotouring104\/author\/auranex\/\"}]}<\/script>\n<!-- \/ Yoast SEO plugin. -->","yoast_head_json":{"title":"Piano di rilevazione dei debiti commerciali, risponde l'assessore Calabr\u00f2","description":"L'Assessore al Bilancio Calabr\u00f2 risponde in merito ai dubbi su presunti tributi previsti per il Piano di rilevazione dei debiti commerciali","robots":{"index":"index","follow":"follow","max-snippet":"max-snippet:-1","max-image-preview":"max-image-preview:large","max-video-preview":"max-video-preview:-1"},"canonical":"https:\/\/progettotouring.it\/radiotouring104\/2022\/03\/16\/piano-di-rilevazione-dei-debiti-commerciali-lassessore-calabro-nessuna-tassazione-sui-cittadini\/","og_locale":"it_IT","og_type":"article","og_title":"Piano di rilevazione dei debiti commerciali, risponde l'assessore Calabr\u00f2","og_description":"L'Assessore al Bilancio Calabr\u00f2 risponde in merito ai dubbi su presunti tributi previsti per il Piano di rilevazione dei debiti commerciali","og_url":"https:\/\/progettotouring.it\/radiotouring104\/2022\/03\/16\/piano-di-rilevazione-dei-debiti-commerciali-lassessore-calabro-nessuna-tassazione-sui-cittadini\/","og_site_name":"Radio Touring 104","article_published_time":"2022-03-16T16:26:25+00:00","article_modified_time":"2022-03-23T12:05:09+00:00","og_image":[{"width":986,"height":663,"url":"https:\/\/progettotouring.it\/radiotouring104\/wp-content\/uploads\/sites\/6\/2022\/03\/COMUNE-RC.png","type":"image\/png"}],"author":"Chiara Cucinotta","twitter_card":"summary_large_image","twitter_misc":{"Scritto da":"Chiara Cucinotta","Tempo di lettura stimato":"4 minuti"},"schema":{"@context":"https:\/\/schema.org","@graph":[{"@type":"Article","@id":"https:\/\/progettotouring.it\/radiotouring104\/2022\/03\/16\/piano-di-rilevazione-dei-debiti-commerciali-lassessore-calabro-nessuna-tassazione-sui-cittadini\/#article","isPartOf":{"@id":"https:\/\/progettotouring.it\/radiotouring104\/2022\/03\/16\/piano-di-rilevazione-dei-debiti-commerciali-lassessore-calabro-nessuna-tassazione-sui-cittadini\/"},"author":{"name":"Chiara Cucinotta","@id":"https:\/\/progettotouring.it\/radiotouring104\/#\/schema\/person\/f01f189b71df20dcfc0890eea7e67a0e"},"headline":"Piano di rilevazione dei debiti commerciali, l&#8217;assessore Calabr\u00f2: &#8220;Nessuna tassazione sui cittadini&#8221;","datePublished":"2022-03-16T16:26:25+00:00","dateModified":"2022-03-23T12:05:09+00:00","mainEntityOfPage":{"@id":"https:\/\/progettotouring.it\/radiotouring104\/2022\/03\/16\/piano-di-rilevazione-dei-debiti-commerciali-lassessore-calabro-nessuna-tassazione-sui-cittadini\/"},"wordCount":639,"commentCount":0,"publisher":{"@id":"https:\/\/progettotouring.it\/radiotouring104\/#organization"},"image":{"@id":"https:\/\/progettotouring.it\/radiotouring104\/2022\/03\/16\/piano-di-rilevazione-dei-debiti-commerciali-lassessore-calabro-nessuna-tassazione-sui-cittadini\/#primaryimage"},"thumbnailUrl":"https:\/\/progettotouring.it\/radiotouring104\/wp-content\/uploads\/sites\/6\/2022\/03\/COMUNE-RC.png","keywords":["Assessore al Bilancio","aumento tributi","Avviso ai Creditori","Comune di Reggio Calabria","Emanuele Genovese","Irene Calabr\u00f2","IRPEF","Italo Palmara","Piano di rilevazione dei debiti commerciali dell'Amministrazione","reggio calabria","Reggio Futura","tasse","tributi"],"articleSection":["In primo piano","Interviste","News","Politica","Reggio Calabria"],"inLanguage":"it-IT","potentialAction":[{"@type":"CommentAction","name":"Comment","target":["https:\/\/progettotouring.it\/radiotouring104\/2022\/03\/16\/piano-di-rilevazione-dei-debiti-commerciali-lassessore-calabro-nessuna-tassazione-sui-cittadini\/#respond"]}]},{"@type":"WebPage","@id":"https:\/\/progettotouring.it\/radiotouring104\/2022\/03\/16\/piano-di-rilevazione-dei-debiti-commerciali-lassessore-calabro-nessuna-tassazione-sui-cittadini\/","url":"https:\/\/progettotouring.it\/radiotouring104\/2022\/03\/16\/piano-di-rilevazione-dei-debiti-commerciali-lassessore-calabro-nessuna-tassazione-sui-cittadini\/","name":"Piano di rilevazione dei debiti commerciali, risponde l'assessore Calabr\u00f2","isPartOf":{"@id":"https:\/\/progettotouring.it\/radiotouring104\/#website"},"primaryImageOfPage":{"@id":"https:\/\/progettotouring.it\/radiotouring104\/2022\/03\/16\/piano-di-rilevazione-dei-debiti-commerciali-lassessore-calabro-nessuna-tassazione-sui-cittadini\/#primaryimage"},"image":{"@id":"https:\/\/progettotouring.it\/radiotouring104\/2022\/03\/16\/piano-di-rilevazione-dei-debiti-commerciali-lassessore-calabro-nessuna-tassazione-sui-cittadini\/#primaryimage"},"thumbnailUrl":"https:\/\/progettotouring.it\/radiotouring104\/wp-content\/uploads\/sites\/6\/2022\/03\/COMUNE-RC.png","datePublished":"2022-03-16T16:26:25+00:00","dateModified":"2022-03-23T12:05:09+00:00","description":"L'Assessore al Bilancio Calabr\u00f2 risponde in merito ai dubbi su presunti tributi previsti per il Piano di rilevazione dei debiti commerciali","breadcrumb":{"@id":"https:\/\/progettotouring.it\/radiotouring104\/2022\/03\/16\/piano-di-rilevazione-dei-debiti-commerciali-lassessore-calabro-nessuna-tassazione-sui-cittadini\/#breadcrumb"},"inLanguage":"it-IT","potentialAction":[{"@type":"ReadAction","target":["https:\/\/progettotouring.it\/radiotouring104\/2022\/03\/16\/piano-di-rilevazione-dei-debiti-commerciali-lassessore-calabro-nessuna-tassazione-sui-cittadini\/"]}]},{"@type":"ImageObject","inLanguage":"it-IT","@id":"https:\/\/progettotouring.it\/radiotouring104\/2022\/03\/16\/piano-di-rilevazione-dei-debiti-commerciali-lassessore-calabro-nessuna-tassazione-sui-cittadini\/#primaryimage","url":"https:\/\/progettotouring.it\/radiotouring104\/wp-content\/uploads\/sites\/6\/2022\/03\/COMUNE-RC.png","contentUrl":"https:\/\/progettotouring.it\/radiotouring104\/wp-content\/uploads\/sites\/6\/2022\/03\/COMUNE-RC.png","width":986,"height":663,"caption":"Palazzo San Giorgio"},{"@type":"BreadcrumbList","@id":"https:\/\/progettotouring.it\/radiotouring104\/2022\/03\/16\/piano-di-rilevazione-dei-debiti-commerciali-lassessore-calabro-nessuna-tassazione-sui-cittadini\/#breadcrumb","itemListElement":[{"@type":"ListItem","position":1,"name":"Home","item":"https:\/\/progettotouring.it\/radiotouring104\/"},{"@type":"ListItem","position":2,"name":"Piano di rilevazione dei debiti commerciali, l&#8217;assessore Calabr\u00f2: &#8220;Nessuna tassazione sui cittadini&#8221;"}]},{"@type":"WebSite","@id":"https:\/\/progettotouring.it\/radiotouring104\/#website","url":"https:\/\/progettotouring.it\/radiotouring104\/","name":"Radio Touring 104","description":"La prima radio Reggina","publisher":{"@id":"https:\/\/progettotouring.it\/radiotouring104\/#organization"},"potentialAction":[{"@type":"SearchAction","target":{"@type":"EntryPoint","urlTemplate":"https:\/\/progettotouring.it\/radiotouring104\/?s={search_term_string}"},"query-input":{"@type":"PropertyValueSpecification","valueRequired":true,"valueName":"search_term_string"}}],"inLanguage":"it-IT"},{"@type":"Organization","@id":"https:\/\/progettotouring.it\/radiotouring104\/#organization","name":"Radio Touring 104","url":"https:\/\/progettotouring.it\/radiotouring104\/","logo":{"@type":"ImageObject","inLanguage":"it-IT","@id":"https:\/\/progettotouring.it\/radiotouring104\/#\/schema\/logo\/image\/","url":"https:\/\/progettotouring.it\/radiotouring104\/wp-content\/uploads\/sites\/6\/2022\/02\/cropped-logo-radio-touring-104.png","contentUrl":"https:\/\/progettotouring.it\/radiotouring104\/wp-content\/uploads\/sites\/6\/2022\/02\/cropped-logo-radio-touring-104.png","width":377,"height":182,"caption":"Radio Touring 104"},"image":{"@id":"https:\/\/progettotouring.it\/radiotouring104\/#\/schema\/logo\/image\/"}},{"@type":"Person","@id":"https:\/\/progettotouring.it\/radiotouring104\/#\/schema\/person\/f01f189b71df20dcfc0890eea7e67a0e","name":"Chiara Cucinotta","image":{"@type":"ImageObject","inLanguage":"it-IT","@id":"https:\/\/secure.gravatar.com\/avatar\/efe17e5613fdef9b05741a23cd4ef4e9b1c39955d8fe11176cb1da3641c96104?s=96&d=mm&r=g","url":"https:\/\/secure.gravatar.com\/avatar\/efe17e5613fdef9b05741a23cd4ef4e9b1c39955d8fe11176cb1da3641c96104?s=96&d=mm&r=g","contentUrl":"https:\/\/secure.gravatar.com\/avatar\/efe17e5613fdef9b05741a23cd4ef4e9b1c39955d8fe11176cb1da3641c96104?s=96&d=mm&r=g","caption":"Chiara Cucinotta"},"sameAs":["https:\/\/progettotouring.it"],"url":"https:\/\/progettotouring.it\/radiotouring104\/author\/auranex\/"}]}},"jetpack_publicize_connections":[],"jetpack_featured_media_url":"https:\/\/progettotouring.it\/radiotouring104\/wp-content\/uploads\/sites\/6\/2022\/03\/COMUNE-RC.png","jetpack_sharing_enabled":true,"_links":{"self":[{"href":"https:\/\/progettotouring.it\/radiotouring104\/wp-json\/wp\/v2\/posts\/2863","targetHints":{"allow":["GET"]}}],"collection":[{"href":"https:\/\/progettotouring.it\/radiotouring104\/wp-json\/wp\/v2\/posts"}],"about":[{"href":"https:\/\/progettotouring.it\/radiotouring104\/wp-json\/wp\/v2\/types\/post"}],"author":[{"embeddable":true,"href":"https:\/\/progettotouring.it\/radiotouring104\/wp-json\/wp\/v2\/users\/1"}],"replies":[{"embeddable":true,"href":"https:\/\/progettotouring.it\/radiotouring104\/wp-json\/wp\/v2\/comments?post=2863"}],"version-history":[{"count":3,"href":"https:\/\/progettotouring.it\/radiotouring104\/wp-json\/wp\/v2\/posts\/2863\/revisions"}],"predecessor-version":[{"id":2867,"href":"https:\/\/progettotouring.it\/radiotouring104\/wp-json\/wp\/v2\/posts\/2863\/revisions\/2867"}],"wp:featuredmedia":[{"embeddable":true,"href":"https:\/\/progettotouring.it\/radiotouring104\/wp-json\/wp\/v2\/media\/2864"}],"wp:attachment":[{"href":"https:\/\/progettotouring.it\/radiotouring104\/wp-json\/wp\/v2\/media?parent=2863"}],"wp:term":[{"taxonomy":"category","embeddable":true,"href":"https:\/\/progettotouring.it\/radiotouring104\/wp-json\/wp\/v2\/categories?post=2863"},{"taxonomy":"post_tag","embeddable":true,"href":"https:\/\/progettotouring.it\/radiotouring104\/wp-json\/wp\/v2\/tags?post=2863"}],"curies":[{"name":"wp","href":"https:\/\/api.w.org\/{rel}","templated":true}]}}