{"id":28631,"date":"2023-06-22T09:27:53","date_gmt":"2023-06-22T07:27:53","guid":{"rendered":"https:\/\/progettotouring.it\/radiotouring104\/?p=28631"},"modified":"2023-06-22T09:28:38","modified_gmt":"2023-06-22T07:28:38","slug":"tito-minniti-task-force-chiede-tavolo-con-gli-attori-istituzionali-locali","status":"publish","type":"post","link":"https:\/\/progettotouring.it\/radiotouring104\/2023\/06\/22\/tito-minniti-task-force-chiede-tavolo-con-gli-attori-istituzionali-locali\/","title":{"rendered":"Tito Minniti: Task force chiede tavolo con gli attori istituzionali locali"},"content":{"rendered":"<p style=\"text-align: justify\"><strong>Si \u00e8 tenuto, questo pomeriggio<\/strong> a Palazzo Alvaro, <strong>l\u2019annunciata riunione della task-force sull\u2019aeroporto dello Stretto \u201cTito Minniti\u201d.<\/strong> <strong>All&#8217;incontro ha preso<\/strong> parte il sindaco facente funzioni della Citt\u00e0 Metropolitana <strong>Carmelo Versace.<\/strong> Al termine della riunione i componenti della task force hanno disposto la convocazione di un tavolo di confronto per discutere un unico punto all\u2019ordine del giorno: <strong>la richiesta di gestione autonoma dell\u2019aerostazione dello Stretto.<\/strong> Al confronto proposto saranno invitati tutti i parlamentari reggini e messinesi, il Governatore della Regione Calabria, i massimi rappresentanti delle amministrazioni comunali e metropolitane delle due citt\u00e0 dirimpettaie di Reggio Calabria e Messina, i sindaci dei principali comuni a vocazione turistica del territorio, il vertice di Sacal ed ogni altro attore interessato allo sviluppo dello scalo che si rivolge ad un bacino di oltre 1,2 milioni di cittadini.<\/p>\n<p><em>\u00abNon c\u2019\u00e8 pi\u00f9 tempo da perdere\u00bb<\/em>, <strong>ha commentato il sindaco facente funzioni Carmelo Versace.<\/strong> <em>\u00abFra due mesi<\/em> \u2013<strong> ha aggiunto \u2013<\/strong> <em>verr\u00e0 presentato il Piano aeroportuale nazionale e non possiamo immaginare che, in una visione miope del sistema calabrese, il \u201cTito Minniti\u201d non venga inserito fra le infrastrutture strategiche del Paese. Per questo, \u00e8 necessaria la massima convergenza da parte della politica e delle istituzioni su una questione che \u00e8 di interesse collettivo per lo sviluppo dell\u2019intera area metropolitana dello Stretto\u00bb. \u00abIn maniera laica, senza puntare indici o indicare responsabilit\u00e0<\/em> <strong>\u2013 ha aggiunto Versace &#8211;<\/strong> <em>ognuno sar\u00e0 chiamato a pronunciarsi su un tema che non pu\u00f2 e non deve diventare una questione di partito. I conti poi si tireranno alla fine\u00bb.<\/em><\/p>\n<p><em>\u00abCi sono tutti gli strumenti e le possibilit\u00e0 per gestire autonomamente l\u2019aeroporto di Reggio Calabria\u00bb<\/em>, <strong>ha aggiunto il presidente della task-force Salvatore Chindemi.<\/strong>\u00a0\u00ab<em>Abbiamo rotto gli indugi<\/em> <strong>\u2013 ha continuato<\/strong> \u2013 <em>ed il tempo degli annunci, pi\u00f9 o meno roboanti, \u00e8 finito. La fase degli studi di fattibilit\u00e0 \u00e8 finita. Proponiamo esattamente una forma di autonomia gestionale che consenta un concreto e reale rilancio di una struttura essenziale per il territorio. I nostri interlocutori, nel massimo rispetto delle posizioni, restano la Regione e Sacal, ma se il tavolo convocato non produrr\u00e0 gli effetti sperati, sposteremo la discussione al Ministero dei Trasporti e ad Enac, l\u2019ente decidente. Questa \u00e8 una battaglia che va comunque fatta, al di l\u00e0 delle aspettative dei singoli, chiaramente nella speranza di un esito positivo. Ci\u00f2 che \u00e8 certo, \u00e8 che rimarr\u00e0 alla storia chi e come avr\u00e0 deciso di ingaggiarla\u00bb.<\/em><\/p>\n<div><\/div>\n","protected":false},"excerpt":{"rendered":"<p>Si \u00e8 tenuto, questo pomeriggio a Palazzo Alvaro, l\u2019annunciata riunione della task-force sull\u2019aeroporto dello Stretto \u201cTito Minniti\u201d. All&#8217;incontro ha preso parte il sindaco facente funzioni della Citt\u00e0 Metropolitana Carmelo Versace.&hellip;<\/p>\n","protected":false},"author":12,"featured_media":28632,"comment_status":"closed","ping_status":"open","sticky":false,"template":"","format":"standard","meta":{"_jetpack_memberships_contains_paid_content":false,"footnotes":"","jetpack_publicize_message":"","jetpack_publicize_feature_enabled":true,"jetpack_social_post_already_shared":false,"jetpack_social_options":{"image_generator_settings":{"template":"highway","default_image_id":0,"font":"","enabled":false},"version":2}},"categories":[921,150,196,140],"tags":[239,739,17508,3358,17507],"class_list":["post-28631","post","type-post","status-publish","format-standard","has-post-thumbnail","hentry","category-home","category-in-primo-piano","category-news","category-reggio-calabria","tag-carmelo-versace","tag-palazzo-alvaro","tag-presidente-della-task-force-aereoporto-tito-minniti-salvatore-chindemi","tag-salvatore-chindemi","tag-task-force-sullaereoporto-dello-stretto"],"yoast_head":"<!-- This site is optimized with the Yoast SEO plugin v27.2 - https:\/\/yoast.com\/product\/yoast-seo-wordpress\/ -->\n<title>Tito Minniti: Task force chiede tavolo con gli attori istituzionali locali<\/title>\n<meta name=\"description\" content=\"Svolto a Palazzo Alvaro, la riunione della task-force sull\u2019aeroporto dello Stretto. All&#039;incontro ha preso parte il Sindaco ff Versace\" \/>\n<meta name=\"robots\" content=\"index, follow, max-snippet:-1, max-image-preview:large, max-video-preview:-1\" \/>\n<link rel=\"canonical\" href=\"https:\/\/progettotouring.it\/radiotouring104\/2023\/06\/22\/tito-minniti-task-force-chiede-tavolo-con-gli-attori-istituzionali-locali\/\" \/>\n<meta property=\"og:locale\" content=\"it_IT\" \/>\n<meta property=\"og:type\" content=\"article\" \/>\n<meta property=\"og:title\" content=\"Tito Minniti: Task force chiede tavolo con gli attori istituzionali locali\" \/>\n<meta property=\"og:description\" content=\"Svolto a Palazzo Alvaro, la riunione della task-force sull\u2019aeroporto dello Stretto. All&#039;incontro ha preso parte il Sindaco ff Versace\" \/>\n<meta property=\"og:url\" content=\"https:\/\/progettotouring.it\/radiotouring104\/2023\/06\/22\/tito-minniti-task-force-chiede-tavolo-con-gli-attori-istituzionali-locali\/\" \/>\n<meta property=\"og:site_name\" content=\"Radio Touring 104\" \/>\n<meta property=\"article:published_time\" content=\"2023-06-22T07:27:53+00:00\" \/>\n<meta property=\"article:modified_time\" content=\"2023-06-22T07:28:38+00:00\" \/>\n<meta property=\"og:image\" content=\"https:\/\/progettotouring.it\/radiotouring104\/wp-content\/uploads\/sites\/6\/2023\/06\/task-force-aeroporto-Tito-Minniti-Versace.jpeg\" \/>\n\t<meta property=\"og:image:width\" content=\"1600\" \/>\n\t<meta property=\"og:image:height\" content=\"1200\" \/>\n\t<meta property=\"og:image:type\" content=\"image\/jpeg\" \/>\n<meta name=\"author\" content=\"Sebastiano Plutino\" \/>\n<meta name=\"twitter:card\" content=\"summary_large_image\" \/>\n<meta name=\"twitter:label1\" content=\"Scritto da\" \/>\n\t<meta name=\"twitter:data1\" content=\"Sebastiano Plutino\" \/>\n\t<meta name=\"twitter:label2\" content=\"Tempo di lettura stimato\" \/>\n\t<meta name=\"twitter:data2\" content=\"2 minuti\" \/>\n<script type=\"application\/ld+json\" class=\"yoast-schema-graph\">{\"@context\":\"https:\/\/schema.org\",\"@graph\":[{\"@type\":\"Article\",\"@id\":\"https:\/\/progettotouring.it\/radiotouring104\/2023\/06\/22\/tito-minniti-task-force-chiede-tavolo-con-gli-attori-istituzionali-locali\/#article\",\"isPartOf\":{\"@id\":\"https:\/\/progettotouring.it\/radiotouring104\/2023\/06\/22\/tito-minniti-task-force-chiede-tavolo-con-gli-attori-istituzionali-locali\/\"},\"author\":{\"name\":\"Sebastiano Plutino\",\"@id\":\"https:\/\/progettotouring.it\/radiotouring104\/#\/schema\/person\/78613917f1851f041f7483f5af1d422e\"},\"headline\":\"Tito Minniti: Task force chiede tavolo con gli attori istituzionali locali\",\"datePublished\":\"2023-06-22T07:27:53+00:00\",\"dateModified\":\"2023-06-22T07:28:38+00:00\",\"mainEntityOfPage\":{\"@id\":\"https:\/\/progettotouring.it\/radiotouring104\/2023\/06\/22\/tito-minniti-task-force-chiede-tavolo-con-gli-attori-istituzionali-locali\/\"},\"wordCount\":401,\"publisher\":{\"@id\":\"https:\/\/progettotouring.it\/radiotouring104\/#organization\"},\"image\":{\"@id\":\"https:\/\/progettotouring.it\/radiotouring104\/2023\/06\/22\/tito-minniti-task-force-chiede-tavolo-con-gli-attori-istituzionali-locali\/#primaryimage\"},\"thumbnailUrl\":\"https:\/\/progettotouring.it\/radiotouring104\/wp-content\/uploads\/sites\/6\/2023\/06\/task-force-aeroporto-Tito-Minniti-Versace.jpeg\",\"keywords\":[\"carmelo versace\",\"Palazzo Alvaro\",\"presidente della task-force Aereoporto Tito Minniti Salvatore Chindemi\",\"Salvatore Chindemi\",\"task force sull'Aereoporto dello Stretto\"],\"articleSection\":[\"Home\",\"In primo piano\",\"News\",\"Reggio Calabria\"],\"inLanguage\":\"it-IT\"},{\"@type\":\"WebPage\",\"@id\":\"https:\/\/progettotouring.it\/radiotouring104\/2023\/06\/22\/tito-minniti-task-force-chiede-tavolo-con-gli-attori-istituzionali-locali\/\",\"url\":\"https:\/\/progettotouring.it\/radiotouring104\/2023\/06\/22\/tito-minniti-task-force-chiede-tavolo-con-gli-attori-istituzionali-locali\/\",\"name\":\"Tito Minniti: Task force chiede tavolo con gli attori istituzionali locali\",\"isPartOf\":{\"@id\":\"https:\/\/progettotouring.it\/radiotouring104\/#website\"},\"primaryImageOfPage\":{\"@id\":\"https:\/\/progettotouring.it\/radiotouring104\/2023\/06\/22\/tito-minniti-task-force-chiede-tavolo-con-gli-attori-istituzionali-locali\/#primaryimage\"},\"image\":{\"@id\":\"https:\/\/progettotouring.it\/radiotouring104\/2023\/06\/22\/tito-minniti-task-force-chiede-tavolo-con-gli-attori-istituzionali-locali\/#primaryimage\"},\"thumbnailUrl\":\"https:\/\/progettotouring.it\/radiotouring104\/wp-content\/uploads\/sites\/6\/2023\/06\/task-force-aeroporto-Tito-Minniti-Versace.jpeg\",\"datePublished\":\"2023-06-22T07:27:53+00:00\",\"dateModified\":\"2023-06-22T07:28:38+00:00\",\"description\":\"Svolto a Palazzo Alvaro, la riunione della task-force sull\u2019aeroporto dello Stretto. All'incontro ha preso parte il Sindaco ff Versace\",\"breadcrumb\":{\"@id\":\"https:\/\/progettotouring.it\/radiotouring104\/2023\/06\/22\/tito-minniti-task-force-chiede-tavolo-con-gli-attori-istituzionali-locali\/#breadcrumb\"},\"inLanguage\":\"it-IT\",\"potentialAction\":[{\"@type\":\"ReadAction\",\"target\":[\"https:\/\/progettotouring.it\/radiotouring104\/2023\/06\/22\/tito-minniti-task-force-chiede-tavolo-con-gli-attori-istituzionali-locali\/\"]}]},{\"@type\":\"ImageObject\",\"inLanguage\":\"it-IT\",\"@id\":\"https:\/\/progettotouring.it\/radiotouring104\/2023\/06\/22\/tito-minniti-task-force-chiede-tavolo-con-gli-attori-istituzionali-locali\/#primaryimage\",\"url\":\"https:\/\/progettotouring.it\/radiotouring104\/wp-content\/uploads\/sites\/6\/2023\/06\/task-force-aeroporto-Tito-Minniti-Versace.jpeg\",\"contentUrl\":\"https:\/\/progettotouring.it\/radiotouring104\/wp-content\/uploads\/sites\/6\/2023\/06\/task-force-aeroporto-Tito-Minniti-Versace.jpeg\",\"width\":1600,\"height\":1200},{\"@type\":\"BreadcrumbList\",\"@id\":\"https:\/\/progettotouring.it\/radiotouring104\/2023\/06\/22\/tito-minniti-task-force-chiede-tavolo-con-gli-attori-istituzionali-locali\/#breadcrumb\",\"itemListElement\":[{\"@type\":\"ListItem\",\"position\":1,\"name\":\"Home\",\"item\":\"https:\/\/progettotouring.it\/radiotouring104\/\"},{\"@type\":\"ListItem\",\"position\":2,\"name\":\"Tito Minniti: Task force chiede tavolo con gli attori istituzionali locali\"}]},{\"@type\":\"WebSite\",\"@id\":\"https:\/\/progettotouring.it\/radiotouring104\/#website\",\"url\":\"https:\/\/progettotouring.it\/radiotouring104\/\",\"name\":\"Radio Touring 104\",\"description\":\"La prima radio Reggina\",\"publisher\":{\"@id\":\"https:\/\/progettotouring.it\/radiotouring104\/#organization\"},\"potentialAction\":[{\"@type\":\"SearchAction\",\"target\":{\"@type\":\"EntryPoint\",\"urlTemplate\":\"https:\/\/progettotouring.it\/radiotouring104\/?s={search_term_string}\"},\"query-input\":{\"@type\":\"PropertyValueSpecification\",\"valueRequired\":true,\"valueName\":\"search_term_string\"}}],\"inLanguage\":\"it-IT\"},{\"@type\":\"Organization\",\"@id\":\"https:\/\/progettotouring.it\/radiotouring104\/#organization\",\"name\":\"Radio Touring 104\",\"url\":\"https:\/\/progettotouring.it\/radiotouring104\/\",\"logo\":{\"@type\":\"ImageObject\",\"inLanguage\":\"it-IT\",\"@id\":\"https:\/\/progettotouring.it\/radiotouring104\/#\/schema\/logo\/image\/\",\"url\":\"https:\/\/progettotouring.it\/radiotouring104\/wp-content\/uploads\/sites\/6\/2022\/02\/cropped-logo-radio-touring-104.png\",\"contentUrl\":\"https:\/\/progettotouring.it\/radiotouring104\/wp-content\/uploads\/sites\/6\/2022\/02\/cropped-logo-radio-touring-104.png\",\"width\":377,\"height\":182,\"caption\":\"Radio Touring 104\"},\"image\":{\"@id\":\"https:\/\/progettotouring.it\/radiotouring104\/#\/schema\/logo\/image\/\"}},{\"@type\":\"Person\",\"@id\":\"https:\/\/progettotouring.it\/radiotouring104\/#\/schema\/person\/78613917f1851f041f7483f5af1d422e\",\"name\":\"Sebastiano Plutino\",\"image\":{\"@type\":\"ImageObject\",\"inLanguage\":\"it-IT\",\"@id\":\"https:\/\/secure.gravatar.com\/avatar\/0546ffaa9b79224faf9f2a156b67a529ae861d3287c66c1d8ccfdf909bcba78d?s=96&d=mm&r=g\",\"url\":\"https:\/\/secure.gravatar.com\/avatar\/0546ffaa9b79224faf9f2a156b67a529ae861d3287c66c1d8ccfdf909bcba78d?s=96&d=mm&r=g\",\"contentUrl\":\"https:\/\/secure.gravatar.com\/avatar\/0546ffaa9b79224faf9f2a156b67a529ae861d3287c66c1d8ccfdf909bcba78d?s=96&d=mm&r=g\",\"caption\":\"Sebastiano Plutino\"},\"url\":\"https:\/\/progettotouring.it\/radiotouring104\/author\/sebastiano\/\"}]}<\/script>\n<!-- \/ Yoast SEO plugin. -->","yoast_head_json":{"title":"Tito Minniti: Task force chiede tavolo con gli attori istituzionali locali","description":"Svolto a Palazzo Alvaro, la riunione della task-force sull\u2019aeroporto dello Stretto. All'incontro ha preso parte il Sindaco ff Versace","robots":{"index":"index","follow":"follow","max-snippet":"max-snippet:-1","max-image-preview":"max-image-preview:large","max-video-preview":"max-video-preview:-1"},"canonical":"https:\/\/progettotouring.it\/radiotouring104\/2023\/06\/22\/tito-minniti-task-force-chiede-tavolo-con-gli-attori-istituzionali-locali\/","og_locale":"it_IT","og_type":"article","og_title":"Tito Minniti: Task force chiede tavolo con gli attori istituzionali locali","og_description":"Svolto a Palazzo Alvaro, la riunione della task-force sull\u2019aeroporto dello Stretto. All'incontro ha preso parte il Sindaco ff Versace","og_url":"https:\/\/progettotouring.it\/radiotouring104\/2023\/06\/22\/tito-minniti-task-force-chiede-tavolo-con-gli-attori-istituzionali-locali\/","og_site_name":"Radio Touring 104","article_published_time":"2023-06-22T07:27:53+00:00","article_modified_time":"2023-06-22T07:28:38+00:00","og_image":[{"width":1600,"height":1200,"url":"https:\/\/progettotouring.it\/radiotouring104\/wp-content\/uploads\/sites\/6\/2023\/06\/task-force-aeroporto-Tito-Minniti-Versace.jpeg","type":"image\/jpeg"}],"author":"Sebastiano Plutino","twitter_card":"summary_large_image","twitter_misc":{"Scritto da":"Sebastiano Plutino","Tempo di lettura stimato":"2 minuti"},"schema":{"@context":"https:\/\/schema.org","@graph":[{"@type":"Article","@id":"https:\/\/progettotouring.it\/radiotouring104\/2023\/06\/22\/tito-minniti-task-force-chiede-tavolo-con-gli-attori-istituzionali-locali\/#article","isPartOf":{"@id":"https:\/\/progettotouring.it\/radiotouring104\/2023\/06\/22\/tito-minniti-task-force-chiede-tavolo-con-gli-attori-istituzionali-locali\/"},"author":{"name":"Sebastiano Plutino","@id":"https:\/\/progettotouring.it\/radiotouring104\/#\/schema\/person\/78613917f1851f041f7483f5af1d422e"},"headline":"Tito Minniti: Task force chiede tavolo con gli attori istituzionali locali","datePublished":"2023-06-22T07:27:53+00:00","dateModified":"2023-06-22T07:28:38+00:00","mainEntityOfPage":{"@id":"https:\/\/progettotouring.it\/radiotouring104\/2023\/06\/22\/tito-minniti-task-force-chiede-tavolo-con-gli-attori-istituzionali-locali\/"},"wordCount":401,"publisher":{"@id":"https:\/\/progettotouring.it\/radiotouring104\/#organization"},"image":{"@id":"https:\/\/progettotouring.it\/radiotouring104\/2023\/06\/22\/tito-minniti-task-force-chiede-tavolo-con-gli-attori-istituzionali-locali\/#primaryimage"},"thumbnailUrl":"https:\/\/progettotouring.it\/radiotouring104\/wp-content\/uploads\/sites\/6\/2023\/06\/task-force-aeroporto-Tito-Minniti-Versace.jpeg","keywords":["carmelo versace","Palazzo Alvaro","presidente della task-force Aereoporto Tito Minniti Salvatore Chindemi","Salvatore Chindemi","task force sull'Aereoporto dello Stretto"],"articleSection":["Home","In primo piano","News","Reggio Calabria"],"inLanguage":"it-IT"},{"@type":"WebPage","@id":"https:\/\/progettotouring.it\/radiotouring104\/2023\/06\/22\/tito-minniti-task-force-chiede-tavolo-con-gli-attori-istituzionali-locali\/","url":"https:\/\/progettotouring.it\/radiotouring104\/2023\/06\/22\/tito-minniti-task-force-chiede-tavolo-con-gli-attori-istituzionali-locali\/","name":"Tito Minniti: Task force chiede tavolo con gli attori istituzionali locali","isPartOf":{"@id":"https:\/\/progettotouring.it\/radiotouring104\/#website"},"primaryImageOfPage":{"@id":"https:\/\/progettotouring.it\/radiotouring104\/2023\/06\/22\/tito-minniti-task-force-chiede-tavolo-con-gli-attori-istituzionali-locali\/#primaryimage"},"image":{"@id":"https:\/\/progettotouring.it\/radiotouring104\/2023\/06\/22\/tito-minniti-task-force-chiede-tavolo-con-gli-attori-istituzionali-locali\/#primaryimage"},"thumbnailUrl":"https:\/\/progettotouring.it\/radiotouring104\/wp-content\/uploads\/sites\/6\/2023\/06\/task-force-aeroporto-Tito-Minniti-Versace.jpeg","datePublished":"2023-06-22T07:27:53+00:00","dateModified":"2023-06-22T07:28:38+00:00","description":"Svolto a Palazzo Alvaro, la riunione della task-force sull\u2019aeroporto dello Stretto. All'incontro ha preso parte il Sindaco ff Versace","breadcrumb":{"@id":"https:\/\/progettotouring.it\/radiotouring104\/2023\/06\/22\/tito-minniti-task-force-chiede-tavolo-con-gli-attori-istituzionali-locali\/#breadcrumb"},"inLanguage":"it-IT","potentialAction":[{"@type":"ReadAction","target":["https:\/\/progettotouring.it\/radiotouring104\/2023\/06\/22\/tito-minniti-task-force-chiede-tavolo-con-gli-attori-istituzionali-locali\/"]}]},{"@type":"ImageObject","inLanguage":"it-IT","@id":"https:\/\/progettotouring.it\/radiotouring104\/2023\/06\/22\/tito-minniti-task-force-chiede-tavolo-con-gli-attori-istituzionali-locali\/#primaryimage","url":"https:\/\/progettotouring.it\/radiotouring104\/wp-content\/uploads\/sites\/6\/2023\/06\/task-force-aeroporto-Tito-Minniti-Versace.jpeg","contentUrl":"https:\/\/progettotouring.it\/radiotouring104\/wp-content\/uploads\/sites\/6\/2023\/06\/task-force-aeroporto-Tito-Minniti-Versace.jpeg","width":1600,"height":1200},{"@type":"BreadcrumbList","@id":"https:\/\/progettotouring.it\/radiotouring104\/2023\/06\/22\/tito-minniti-task-force-chiede-tavolo-con-gli-attori-istituzionali-locali\/#breadcrumb","itemListElement":[{"@type":"ListItem","position":1,"name":"Home","item":"https:\/\/progettotouring.it\/radiotouring104\/"},{"@type":"ListItem","position":2,"name":"Tito Minniti: Task force chiede tavolo con gli attori istituzionali locali"}]},{"@type":"WebSite","@id":"https:\/\/progettotouring.it\/radiotouring104\/#website","url":"https:\/\/progettotouring.it\/radiotouring104\/","name":"Radio Touring 104","description":"La prima radio Reggina","publisher":{"@id":"https:\/\/progettotouring.it\/radiotouring104\/#organization"},"potentialAction":[{"@type":"SearchAction","target":{"@type":"EntryPoint","urlTemplate":"https:\/\/progettotouring.it\/radiotouring104\/?s={search_term_string}"},"query-input":{"@type":"PropertyValueSpecification","valueRequired":true,"valueName":"search_term_string"}}],"inLanguage":"it-IT"},{"@type":"Organization","@id":"https:\/\/progettotouring.it\/radiotouring104\/#organization","name":"Radio Touring 104","url":"https:\/\/progettotouring.it\/radiotouring104\/","logo":{"@type":"ImageObject","inLanguage":"it-IT","@id":"https:\/\/progettotouring.it\/radiotouring104\/#\/schema\/logo\/image\/","url":"https:\/\/progettotouring.it\/radiotouring104\/wp-content\/uploads\/sites\/6\/2022\/02\/cropped-logo-radio-touring-104.png","contentUrl":"https:\/\/progettotouring.it\/radiotouring104\/wp-content\/uploads\/sites\/6\/2022\/02\/cropped-logo-radio-touring-104.png","width":377,"height":182,"caption":"Radio Touring 104"},"image":{"@id":"https:\/\/progettotouring.it\/radiotouring104\/#\/schema\/logo\/image\/"}},{"@type":"Person","@id":"https:\/\/progettotouring.it\/radiotouring104\/#\/schema\/person\/78613917f1851f041f7483f5af1d422e","name":"Sebastiano Plutino","image":{"@type":"ImageObject","inLanguage":"it-IT","@id":"https:\/\/secure.gravatar.com\/avatar\/0546ffaa9b79224faf9f2a156b67a529ae861d3287c66c1d8ccfdf909bcba78d?s=96&d=mm&r=g","url":"https:\/\/secure.gravatar.com\/avatar\/0546ffaa9b79224faf9f2a156b67a529ae861d3287c66c1d8ccfdf909bcba78d?s=96&d=mm&r=g","contentUrl":"https:\/\/secure.gravatar.com\/avatar\/0546ffaa9b79224faf9f2a156b67a529ae861d3287c66c1d8ccfdf909bcba78d?s=96&d=mm&r=g","caption":"Sebastiano Plutino"},"url":"https:\/\/progettotouring.it\/radiotouring104\/author\/sebastiano\/"}]}},"jetpack_publicize_connections":[],"jetpack_featured_media_url":"https:\/\/progettotouring.it\/radiotouring104\/wp-content\/uploads\/sites\/6\/2023\/06\/task-force-aeroporto-Tito-Minniti-Versace.jpeg","jetpack_sharing_enabled":true,"_links":{"self":[{"href":"https:\/\/progettotouring.it\/radiotouring104\/wp-json\/wp\/v2\/posts\/28631","targetHints":{"allow":["GET"]}}],"collection":[{"href":"https:\/\/progettotouring.it\/radiotouring104\/wp-json\/wp\/v2\/posts"}],"about":[{"href":"https:\/\/progettotouring.it\/radiotouring104\/wp-json\/wp\/v2\/types\/post"}],"author":[{"embeddable":true,"href":"https:\/\/progettotouring.it\/radiotouring104\/wp-json\/wp\/v2\/users\/12"}],"replies":[{"embeddable":true,"href":"https:\/\/progettotouring.it\/radiotouring104\/wp-json\/wp\/v2\/comments?post=28631"}],"version-history":[{"count":2,"href":"https:\/\/progettotouring.it\/radiotouring104\/wp-json\/wp\/v2\/posts\/28631\/revisions"}],"predecessor-version":[{"id":28634,"href":"https:\/\/progettotouring.it\/radiotouring104\/wp-json\/wp\/v2\/posts\/28631\/revisions\/28634"}],"wp:featuredmedia":[{"embeddable":true,"href":"https:\/\/progettotouring.it\/radiotouring104\/wp-json\/wp\/v2\/media\/28632"}],"wp:attachment":[{"href":"https:\/\/progettotouring.it\/radiotouring104\/wp-json\/wp\/v2\/media?parent=28631"}],"wp:term":[{"taxonomy":"category","embeddable":true,"href":"https:\/\/progettotouring.it\/radiotouring104\/wp-json\/wp\/v2\/categories?post=28631"},{"taxonomy":"post_tag","embeddable":true,"href":"https:\/\/progettotouring.it\/radiotouring104\/wp-json\/wp\/v2\/tags?post=28631"}],"curies":[{"name":"wp","href":"https:\/\/api.w.org\/{rel}","templated":true}]}}