{"id":28641,"date":"2023-06-22T10:10:12","date_gmt":"2023-06-22T08:10:12","guid":{"rendered":"https:\/\/progettotouring.it\/radiotouring104\/?p=28641"},"modified":"2023-06-22T10:10:12","modified_gmt":"2023-06-22T08:10:12","slug":"cosenza-patronato-coldiretti-fa-recuperare-pensione-a-cittadino","status":"publish","type":"post","link":"https:\/\/progettotouring.it\/radiotouring104\/2023\/06\/22\/cosenza-patronato-coldiretti-fa-recuperare-pensione-a-cittadino\/","title":{"rendered":"Cosenza: Patronato Coldiretti fa recuperare pensione a cittadino"},"content":{"rendered":"<p style=\"text-align: justify\">E\u2019 accaduto, nell\u2019ufficio del Patronato di Assistenza Cittadini e Agricoltura\u00a0 Epaca-Coldiretti di Settimo di Montalto Uffugo (CS). Un cittadino di Montalto Uffugo nel mese di aprile 2023, per una richiesta di un bonus, si \u00e8 rivolto all\u2019Ufficio del patronato Epaca-Coldiretti che, con una puntuale verifica, ha accertato che l\u2019assistito aveva diritto agli arretrati e alla rivalutazione dal 2002 della pensione di Assegno ordinario di invalidit\u00e0 per trasformazione in pensione di vecchiaia. L\u2019ufficio Epaca grazie al lavoro <b>dell\u2019operatrice\u00a0Raffaella Abate<\/b>\u00a0(<i>foto<\/i>)\u00a0si \u00e8 messo subito al lavoro e dopo aver valutato la situazione contributiva \u00a0dell\u2019utente,\u00a0ha presentato all\u2019Inps domanda di pensione di vecchiaia.\u00a0<b>A distanza di qualche mese la domanda di pensione \u00e8 stata accolta e sono stati recuperati gli arretrati e rivalutato l\u2019importo di una pensione dimenticata dopo ben 21 anni!<\/b>\u00a0Non \u00e8 la prima volta che capita \u2013 commentano dal patronato Epaca-Coldiretti \u00a0-e questo grazie al lavoro quotidiano e certosino di analisi delle posizioni assicurative e delle situazioni pensionistiche degli assistiti che porta al recupero di importi significativi, tanto pi\u00f9 preziosi in un periodo cos\u00ec difficile. Questa \u00e8 la prova tangibile che Epaca svolge un ruolo determinante per l&#8217;assistenza e la tutela dei pensionati, lavoratori e di tutti i cittadini. L\u2019importanza \u00e8 tanto maggiore perch\u00e9 riferito per lo pi\u00f9 a soggetti con importi di pensione modesti che, senza l\u2019intervento del patronato della Coldiretti, avrebbero continuato a percepire l\u2019importo della propria pensione senza sapere che la stessa, in qualche caso da anni, come accaduto in questa circostanza, era pagata con importi non corretti. L\u2019invito, quindi, per i pensionati continua ad essere quello di rivolgersi con fiducia agli sportelli del Patronato presenti in tutta la regione per un controllo della propria posizione pensionistica e previdenziale. Chiss\u00e0 che non si possano avere belle sorprese come in questo caso!<\/p>\n","protected":false},"excerpt":{"rendered":"<p>E\u2019 accaduto, nell\u2019ufficio del Patronato di Assistenza Cittadini e Agricoltura\u00a0 Epaca-Coldiretti di Settimo di Montalto Uffugo (CS). Un cittadino di Montalto Uffugo nel mese di aprile 2023, per una richiesta&hellip;<\/p>\n","protected":false},"author":12,"featured_media":28642,"comment_status":"closed","ping_status":"open","sticky":false,"template":"","format":"standard","meta":{"_jetpack_memberships_contains_paid_content":false,"footnotes":"","jetpack_publicize_message":"","jetpack_publicize_feature_enabled":true,"jetpack_social_post_already_shared":false,"jetpack_social_options":{"image_generator_settings":{"template":"highway","default_image_id":0,"font":"","enabled":false},"version":2}},"categories":[142,921,196],"tags":[17520,354,17519,17518],"class_list":["post-28641","post","type-post","status-publish","format-standard","has-post-thumbnail","hentry","category-calabria","category-home","category-news","tag-operatrice-epaca-raffaella-abate","tag-cosenza","tag-patronato-di-assistenza-cittadini-e-agricoltura-epaca-coldiretti","tag-settimo-di-montalto-uffugo-cs"],"yoast_head":"<!-- This site is optimized with the Yoast SEO plugin v27.2 - https:\/\/yoast.com\/product\/yoast-seo-wordpress\/ -->\n<title>Cosenza: Patronato Coldiretti fa recuperare pensione a cittadino<\/title>\n<meta name=\"description\" content=\"Accade a Cosenza. dove il Patronato Epaca- Coldiretti fa recuperare ad un cittadino arretrati e rivalutazione di una pensione dimenticata\" \/>\n<meta name=\"robots\" content=\"index, follow, max-snippet:-1, max-image-preview:large, max-video-preview:-1\" \/>\n<link rel=\"canonical\" href=\"https:\/\/progettotouring.it\/radiotouring104\/2023\/06\/22\/cosenza-patronato-coldiretti-fa-recuperare-pensione-a-cittadino\/\" \/>\n<meta property=\"og:locale\" content=\"it_IT\" \/>\n<meta property=\"og:type\" content=\"article\" \/>\n<meta property=\"og:title\" content=\"Cosenza: Patronato Coldiretti fa recuperare pensione a cittadino\" \/>\n<meta property=\"og:description\" content=\"Accade a Cosenza. dove il Patronato Epaca- Coldiretti fa recuperare ad un cittadino arretrati e rivalutazione di una pensione dimenticata\" \/>\n<meta property=\"og:url\" content=\"https:\/\/progettotouring.it\/radiotouring104\/2023\/06\/22\/cosenza-patronato-coldiretti-fa-recuperare-pensione-a-cittadino\/\" \/>\n<meta property=\"og:site_name\" content=\"Radio Touring 104\" \/>\n<meta property=\"article:published_time\" content=\"2023-06-22T08:10:12+00:00\" \/>\n<meta property=\"og:image\" content=\"https:\/\/progettotouring.it\/radiotouring104\/wp-content\/uploads\/sites\/6\/2023\/06\/Patronato-Epaca-Coldiretti-Cosenza-Operatrice-Abate.jpg\" \/>\n\t<meta property=\"og:image:width\" content=\"408\" \/>\n\t<meta property=\"og:image:height\" content=\"771\" \/>\n\t<meta property=\"og:image:type\" content=\"image\/jpeg\" \/>\n<meta name=\"author\" content=\"Sebastiano Plutino\" \/>\n<meta name=\"twitter:card\" content=\"summary_large_image\" \/>\n<meta name=\"twitter:label1\" content=\"Scritto da\" \/>\n\t<meta name=\"twitter:data1\" content=\"Sebastiano Plutino\" \/>\n\t<meta name=\"twitter:label2\" content=\"Tempo di lettura stimato\" \/>\n\t<meta name=\"twitter:data2\" content=\"1 minuto\" \/>\n<script type=\"application\/ld+json\" class=\"yoast-schema-graph\">{\"@context\":\"https:\/\/schema.org\",\"@graph\":[{\"@type\":\"Article\",\"@id\":\"https:\/\/progettotouring.it\/radiotouring104\/2023\/06\/22\/cosenza-patronato-coldiretti-fa-recuperare-pensione-a-cittadino\/#article\",\"isPartOf\":{\"@id\":\"https:\/\/progettotouring.it\/radiotouring104\/2023\/06\/22\/cosenza-patronato-coldiretti-fa-recuperare-pensione-a-cittadino\/\"},\"author\":{\"name\":\"Sebastiano Plutino\",\"@id\":\"https:\/\/progettotouring.it\/radiotouring104\/#\/schema\/person\/78613917f1851f041f7483f5af1d422e\"},\"headline\":\"Cosenza: Patronato Coldiretti fa recuperare pensione a cittadino\",\"datePublished\":\"2023-06-22T08:10:12+00:00\",\"mainEntityOfPage\":{\"@id\":\"https:\/\/progettotouring.it\/radiotouring104\/2023\/06\/22\/cosenza-patronato-coldiretti-fa-recuperare-pensione-a-cittadino\/\"},\"wordCount\":306,\"publisher\":{\"@id\":\"https:\/\/progettotouring.it\/radiotouring104\/#organization\"},\"image\":{\"@id\":\"https:\/\/progettotouring.it\/radiotouring104\/2023\/06\/22\/cosenza-patronato-coldiretti-fa-recuperare-pensione-a-cittadino\/#primaryimage\"},\"thumbnailUrl\":\"https:\/\/progettotouring.it\/radiotouring104\/wp-content\/uploads\/sites\/6\/2023\/06\/Patronato-Epaca-Coldiretti-Cosenza-Operatrice-Abate.jpg\",\"keywords\":[\"'operatrice EPACA Raffaella Abate\",\"Cosenza\",\"Patronato di Assistenza Cittadini e Agricoltura\u00a0 Epaca-Coldiretti\",\"Settimo di Montalto Uffugo (CS).\"],\"articleSection\":[\"Calabria\",\"Home\",\"News\"],\"inLanguage\":\"it-IT\"},{\"@type\":\"WebPage\",\"@id\":\"https:\/\/progettotouring.it\/radiotouring104\/2023\/06\/22\/cosenza-patronato-coldiretti-fa-recuperare-pensione-a-cittadino\/\",\"url\":\"https:\/\/progettotouring.it\/radiotouring104\/2023\/06\/22\/cosenza-patronato-coldiretti-fa-recuperare-pensione-a-cittadino\/\",\"name\":\"Cosenza: Patronato Coldiretti fa recuperare pensione a cittadino\",\"isPartOf\":{\"@id\":\"https:\/\/progettotouring.it\/radiotouring104\/#website\"},\"primaryImageOfPage\":{\"@id\":\"https:\/\/progettotouring.it\/radiotouring104\/2023\/06\/22\/cosenza-patronato-coldiretti-fa-recuperare-pensione-a-cittadino\/#primaryimage\"},\"image\":{\"@id\":\"https:\/\/progettotouring.it\/radiotouring104\/2023\/06\/22\/cosenza-patronato-coldiretti-fa-recuperare-pensione-a-cittadino\/#primaryimage\"},\"thumbnailUrl\":\"https:\/\/progettotouring.it\/radiotouring104\/wp-content\/uploads\/sites\/6\/2023\/06\/Patronato-Epaca-Coldiretti-Cosenza-Operatrice-Abate.jpg\",\"datePublished\":\"2023-06-22T08:10:12+00:00\",\"description\":\"Accade a Cosenza. dove il Patronato Epaca- Coldiretti fa recuperare ad un cittadino arretrati e rivalutazione di una pensione dimenticata\",\"breadcrumb\":{\"@id\":\"https:\/\/progettotouring.it\/radiotouring104\/2023\/06\/22\/cosenza-patronato-coldiretti-fa-recuperare-pensione-a-cittadino\/#breadcrumb\"},\"inLanguage\":\"it-IT\",\"potentialAction\":[{\"@type\":\"ReadAction\",\"target\":[\"https:\/\/progettotouring.it\/radiotouring104\/2023\/06\/22\/cosenza-patronato-coldiretti-fa-recuperare-pensione-a-cittadino\/\"]}]},{\"@type\":\"ImageObject\",\"inLanguage\":\"it-IT\",\"@id\":\"https:\/\/progettotouring.it\/radiotouring104\/2023\/06\/22\/cosenza-patronato-coldiretti-fa-recuperare-pensione-a-cittadino\/#primaryimage\",\"url\":\"https:\/\/progettotouring.it\/radiotouring104\/wp-content\/uploads\/sites\/6\/2023\/06\/Patronato-Epaca-Coldiretti-Cosenza-Operatrice-Abate.jpg\",\"contentUrl\":\"https:\/\/progettotouring.it\/radiotouring104\/wp-content\/uploads\/sites\/6\/2023\/06\/Patronato-Epaca-Coldiretti-Cosenza-Operatrice-Abate.jpg\",\"width\":408,\"height\":771},{\"@type\":\"BreadcrumbList\",\"@id\":\"https:\/\/progettotouring.it\/radiotouring104\/2023\/06\/22\/cosenza-patronato-coldiretti-fa-recuperare-pensione-a-cittadino\/#breadcrumb\",\"itemListElement\":[{\"@type\":\"ListItem\",\"position\":1,\"name\":\"Home\",\"item\":\"https:\/\/progettotouring.it\/radiotouring104\/\"},{\"@type\":\"ListItem\",\"position\":2,\"name\":\"Cosenza: Patronato Coldiretti fa recuperare pensione a cittadino\"}]},{\"@type\":\"WebSite\",\"@id\":\"https:\/\/progettotouring.it\/radiotouring104\/#website\",\"url\":\"https:\/\/progettotouring.it\/radiotouring104\/\",\"name\":\"Radio Touring 104\",\"description\":\"La prima radio Reggina\",\"publisher\":{\"@id\":\"https:\/\/progettotouring.it\/radiotouring104\/#organization\"},\"potentialAction\":[{\"@type\":\"SearchAction\",\"target\":{\"@type\":\"EntryPoint\",\"urlTemplate\":\"https:\/\/progettotouring.it\/radiotouring104\/?s={search_term_string}\"},\"query-input\":{\"@type\":\"PropertyValueSpecification\",\"valueRequired\":true,\"valueName\":\"search_term_string\"}}],\"inLanguage\":\"it-IT\"},{\"@type\":\"Organization\",\"@id\":\"https:\/\/progettotouring.it\/radiotouring104\/#organization\",\"name\":\"Radio Touring 104\",\"url\":\"https:\/\/progettotouring.it\/radiotouring104\/\",\"logo\":{\"@type\":\"ImageObject\",\"inLanguage\":\"it-IT\",\"@id\":\"https:\/\/progettotouring.it\/radiotouring104\/#\/schema\/logo\/image\/\",\"url\":\"https:\/\/progettotouring.it\/radiotouring104\/wp-content\/uploads\/sites\/6\/2022\/02\/cropped-logo-radio-touring-104.png\",\"contentUrl\":\"https:\/\/progettotouring.it\/radiotouring104\/wp-content\/uploads\/sites\/6\/2022\/02\/cropped-logo-radio-touring-104.png\",\"width\":377,\"height\":182,\"caption\":\"Radio Touring 104\"},\"image\":{\"@id\":\"https:\/\/progettotouring.it\/radiotouring104\/#\/schema\/logo\/image\/\"}},{\"@type\":\"Person\",\"@id\":\"https:\/\/progettotouring.it\/radiotouring104\/#\/schema\/person\/78613917f1851f041f7483f5af1d422e\",\"name\":\"Sebastiano Plutino\",\"image\":{\"@type\":\"ImageObject\",\"inLanguage\":\"it-IT\",\"@id\":\"https:\/\/secure.gravatar.com\/avatar\/0546ffaa9b79224faf9f2a156b67a529ae861d3287c66c1d8ccfdf909bcba78d?s=96&d=mm&r=g\",\"url\":\"https:\/\/secure.gravatar.com\/avatar\/0546ffaa9b79224faf9f2a156b67a529ae861d3287c66c1d8ccfdf909bcba78d?s=96&d=mm&r=g\",\"contentUrl\":\"https:\/\/secure.gravatar.com\/avatar\/0546ffaa9b79224faf9f2a156b67a529ae861d3287c66c1d8ccfdf909bcba78d?s=96&d=mm&r=g\",\"caption\":\"Sebastiano Plutino\"},\"url\":\"https:\/\/progettotouring.it\/radiotouring104\/author\/sebastiano\/\"}]}<\/script>\n<!-- \/ Yoast SEO plugin. -->","yoast_head_json":{"title":"Cosenza: Patronato Coldiretti fa recuperare pensione a cittadino","description":"Accade a Cosenza. dove il Patronato Epaca- Coldiretti fa recuperare ad un cittadino arretrati e rivalutazione di una pensione dimenticata","robots":{"index":"index","follow":"follow","max-snippet":"max-snippet:-1","max-image-preview":"max-image-preview:large","max-video-preview":"max-video-preview:-1"},"canonical":"https:\/\/progettotouring.it\/radiotouring104\/2023\/06\/22\/cosenza-patronato-coldiretti-fa-recuperare-pensione-a-cittadino\/","og_locale":"it_IT","og_type":"article","og_title":"Cosenza: Patronato Coldiretti fa recuperare pensione a cittadino","og_description":"Accade a Cosenza. dove il Patronato Epaca- Coldiretti fa recuperare ad un cittadino arretrati e rivalutazione di una pensione dimenticata","og_url":"https:\/\/progettotouring.it\/radiotouring104\/2023\/06\/22\/cosenza-patronato-coldiretti-fa-recuperare-pensione-a-cittadino\/","og_site_name":"Radio Touring 104","article_published_time":"2023-06-22T08:10:12+00:00","og_image":[{"width":408,"height":771,"url":"https:\/\/progettotouring.it\/radiotouring104\/wp-content\/uploads\/sites\/6\/2023\/06\/Patronato-Epaca-Coldiretti-Cosenza-Operatrice-Abate.jpg","type":"image\/jpeg"}],"author":"Sebastiano Plutino","twitter_card":"summary_large_image","twitter_misc":{"Scritto da":"Sebastiano Plutino","Tempo di lettura stimato":"1 minuto"},"schema":{"@context":"https:\/\/schema.org","@graph":[{"@type":"Article","@id":"https:\/\/progettotouring.it\/radiotouring104\/2023\/06\/22\/cosenza-patronato-coldiretti-fa-recuperare-pensione-a-cittadino\/#article","isPartOf":{"@id":"https:\/\/progettotouring.it\/radiotouring104\/2023\/06\/22\/cosenza-patronato-coldiretti-fa-recuperare-pensione-a-cittadino\/"},"author":{"name":"Sebastiano Plutino","@id":"https:\/\/progettotouring.it\/radiotouring104\/#\/schema\/person\/78613917f1851f041f7483f5af1d422e"},"headline":"Cosenza: Patronato Coldiretti fa recuperare pensione a cittadino","datePublished":"2023-06-22T08:10:12+00:00","mainEntityOfPage":{"@id":"https:\/\/progettotouring.it\/radiotouring104\/2023\/06\/22\/cosenza-patronato-coldiretti-fa-recuperare-pensione-a-cittadino\/"},"wordCount":306,"publisher":{"@id":"https:\/\/progettotouring.it\/radiotouring104\/#organization"},"image":{"@id":"https:\/\/progettotouring.it\/radiotouring104\/2023\/06\/22\/cosenza-patronato-coldiretti-fa-recuperare-pensione-a-cittadino\/#primaryimage"},"thumbnailUrl":"https:\/\/progettotouring.it\/radiotouring104\/wp-content\/uploads\/sites\/6\/2023\/06\/Patronato-Epaca-Coldiretti-Cosenza-Operatrice-Abate.jpg","keywords":["'operatrice EPACA Raffaella Abate","Cosenza","Patronato di Assistenza Cittadini e Agricoltura\u00a0 Epaca-Coldiretti","Settimo di Montalto Uffugo (CS)."],"articleSection":["Calabria","Home","News"],"inLanguage":"it-IT"},{"@type":"WebPage","@id":"https:\/\/progettotouring.it\/radiotouring104\/2023\/06\/22\/cosenza-patronato-coldiretti-fa-recuperare-pensione-a-cittadino\/","url":"https:\/\/progettotouring.it\/radiotouring104\/2023\/06\/22\/cosenza-patronato-coldiretti-fa-recuperare-pensione-a-cittadino\/","name":"Cosenza: Patronato Coldiretti fa recuperare pensione a cittadino","isPartOf":{"@id":"https:\/\/progettotouring.it\/radiotouring104\/#website"},"primaryImageOfPage":{"@id":"https:\/\/progettotouring.it\/radiotouring104\/2023\/06\/22\/cosenza-patronato-coldiretti-fa-recuperare-pensione-a-cittadino\/#primaryimage"},"image":{"@id":"https:\/\/progettotouring.it\/radiotouring104\/2023\/06\/22\/cosenza-patronato-coldiretti-fa-recuperare-pensione-a-cittadino\/#primaryimage"},"thumbnailUrl":"https:\/\/progettotouring.it\/radiotouring104\/wp-content\/uploads\/sites\/6\/2023\/06\/Patronato-Epaca-Coldiretti-Cosenza-Operatrice-Abate.jpg","datePublished":"2023-06-22T08:10:12+00:00","description":"Accade a Cosenza. dove il Patronato Epaca- Coldiretti fa recuperare ad un cittadino arretrati e rivalutazione di una pensione dimenticata","breadcrumb":{"@id":"https:\/\/progettotouring.it\/radiotouring104\/2023\/06\/22\/cosenza-patronato-coldiretti-fa-recuperare-pensione-a-cittadino\/#breadcrumb"},"inLanguage":"it-IT","potentialAction":[{"@type":"ReadAction","target":["https:\/\/progettotouring.it\/radiotouring104\/2023\/06\/22\/cosenza-patronato-coldiretti-fa-recuperare-pensione-a-cittadino\/"]}]},{"@type":"ImageObject","inLanguage":"it-IT","@id":"https:\/\/progettotouring.it\/radiotouring104\/2023\/06\/22\/cosenza-patronato-coldiretti-fa-recuperare-pensione-a-cittadino\/#primaryimage","url":"https:\/\/progettotouring.it\/radiotouring104\/wp-content\/uploads\/sites\/6\/2023\/06\/Patronato-Epaca-Coldiretti-Cosenza-Operatrice-Abate.jpg","contentUrl":"https:\/\/progettotouring.it\/radiotouring104\/wp-content\/uploads\/sites\/6\/2023\/06\/Patronato-Epaca-Coldiretti-Cosenza-Operatrice-Abate.jpg","width":408,"height":771},{"@type":"BreadcrumbList","@id":"https:\/\/progettotouring.it\/radiotouring104\/2023\/06\/22\/cosenza-patronato-coldiretti-fa-recuperare-pensione-a-cittadino\/#breadcrumb","itemListElement":[{"@type":"ListItem","position":1,"name":"Home","item":"https:\/\/progettotouring.it\/radiotouring104\/"},{"@type":"ListItem","position":2,"name":"Cosenza: Patronato Coldiretti fa recuperare pensione a cittadino"}]},{"@type":"WebSite","@id":"https:\/\/progettotouring.it\/radiotouring104\/#website","url":"https:\/\/progettotouring.it\/radiotouring104\/","name":"Radio Touring 104","description":"La prima radio Reggina","publisher":{"@id":"https:\/\/progettotouring.it\/radiotouring104\/#organization"},"potentialAction":[{"@type":"SearchAction","target":{"@type":"EntryPoint","urlTemplate":"https:\/\/progettotouring.it\/radiotouring104\/?s={search_term_string}"},"query-input":{"@type":"PropertyValueSpecification","valueRequired":true,"valueName":"search_term_string"}}],"inLanguage":"it-IT"},{"@type":"Organization","@id":"https:\/\/progettotouring.it\/radiotouring104\/#organization","name":"Radio Touring 104","url":"https:\/\/progettotouring.it\/radiotouring104\/","logo":{"@type":"ImageObject","inLanguage":"it-IT","@id":"https:\/\/progettotouring.it\/radiotouring104\/#\/schema\/logo\/image\/","url":"https:\/\/progettotouring.it\/radiotouring104\/wp-content\/uploads\/sites\/6\/2022\/02\/cropped-logo-radio-touring-104.png","contentUrl":"https:\/\/progettotouring.it\/radiotouring104\/wp-content\/uploads\/sites\/6\/2022\/02\/cropped-logo-radio-touring-104.png","width":377,"height":182,"caption":"Radio Touring 104"},"image":{"@id":"https:\/\/progettotouring.it\/radiotouring104\/#\/schema\/logo\/image\/"}},{"@type":"Person","@id":"https:\/\/progettotouring.it\/radiotouring104\/#\/schema\/person\/78613917f1851f041f7483f5af1d422e","name":"Sebastiano Plutino","image":{"@type":"ImageObject","inLanguage":"it-IT","@id":"https:\/\/secure.gravatar.com\/avatar\/0546ffaa9b79224faf9f2a156b67a529ae861d3287c66c1d8ccfdf909bcba78d?s=96&d=mm&r=g","url":"https:\/\/secure.gravatar.com\/avatar\/0546ffaa9b79224faf9f2a156b67a529ae861d3287c66c1d8ccfdf909bcba78d?s=96&d=mm&r=g","contentUrl":"https:\/\/secure.gravatar.com\/avatar\/0546ffaa9b79224faf9f2a156b67a529ae861d3287c66c1d8ccfdf909bcba78d?s=96&d=mm&r=g","caption":"Sebastiano Plutino"},"url":"https:\/\/progettotouring.it\/radiotouring104\/author\/sebastiano\/"}]}},"jetpack_publicize_connections":[],"jetpack_featured_media_url":"https:\/\/progettotouring.it\/radiotouring104\/wp-content\/uploads\/sites\/6\/2023\/06\/Patronato-Epaca-Coldiretti-Cosenza-Operatrice-Abate.jpg","jetpack_sharing_enabled":true,"_links":{"self":[{"href":"https:\/\/progettotouring.it\/radiotouring104\/wp-json\/wp\/v2\/posts\/28641","targetHints":{"allow":["GET"]}}],"collection":[{"href":"https:\/\/progettotouring.it\/radiotouring104\/wp-json\/wp\/v2\/posts"}],"about":[{"href":"https:\/\/progettotouring.it\/radiotouring104\/wp-json\/wp\/v2\/types\/post"}],"author":[{"embeddable":true,"href":"https:\/\/progettotouring.it\/radiotouring104\/wp-json\/wp\/v2\/users\/12"}],"replies":[{"embeddable":true,"href":"https:\/\/progettotouring.it\/radiotouring104\/wp-json\/wp\/v2\/comments?post=28641"}],"version-history":[{"count":1,"href":"https:\/\/progettotouring.it\/radiotouring104\/wp-json\/wp\/v2\/posts\/28641\/revisions"}],"predecessor-version":[{"id":28643,"href":"https:\/\/progettotouring.it\/radiotouring104\/wp-json\/wp\/v2\/posts\/28641\/revisions\/28643"}],"wp:featuredmedia":[{"embeddable":true,"href":"https:\/\/progettotouring.it\/radiotouring104\/wp-json\/wp\/v2\/media\/28642"}],"wp:attachment":[{"href":"https:\/\/progettotouring.it\/radiotouring104\/wp-json\/wp\/v2\/media?parent=28641"}],"wp:term":[{"taxonomy":"category","embeddable":true,"href":"https:\/\/progettotouring.it\/radiotouring104\/wp-json\/wp\/v2\/categories?post=28641"},{"taxonomy":"post_tag","embeddable":true,"href":"https:\/\/progettotouring.it\/radiotouring104\/wp-json\/wp\/v2\/tags?post=28641"}],"curies":[{"name":"wp","href":"https:\/\/api.w.org\/{rel}","templated":true}]}}