{"id":28644,"date":"2023-06-22T11:06:16","date_gmt":"2023-06-22T09:06:16","guid":{"rendered":"https:\/\/progettotouring.it\/radiotouring104\/?p=28644"},"modified":"2023-06-22T12:10:41","modified_gmt":"2023-06-22T10:10:41","slug":"maturita-per-18-797-maturandi-calabresi-e-il-giorno-della-2-prova","status":"publish","type":"post","link":"https:\/\/progettotouring.it\/radiotouring104\/2023\/06\/22\/maturita-per-18-797-maturandi-calabresi-e-il-giorno-della-2-prova\/","title":{"rendered":"Maturit\u00e0: per 18.797 maturandi calabresi \u00e8 il giorno della 2 prova"},"content":{"rendered":"<p style=\"text-align: justify\">Archiviato il primo giorno di Esami di Stato con la consueta prova d&#8217;Italiano, per la quale le tracce del tema svolte dagli studenti andavano da Quasimodo a Piero Angela, da Moravia alla Fallaci, ma anche &#8216;L&#8217;elogio dell&#8217;attesa nell&#8217;era di WhatsApp&#8217; anche per 18.797 maturandi calabresi, gli studenti reggini sono 5543 ragazzi arriva oggi il giorno della 2 prova che varia a seconda della tipologia di scuola secondaria scelta dall&#8217;alunno: \u00a0al Liceo Classico il <strong>latino<\/strong>, mentre allo Scientifico <strong>matematica<\/strong>, al Linguistico<strong> lingua<\/strong> e cultura straniera, economia aziendale con &#8220;Amministrazione, Finanza e Marketing&#8221;, Lingua e cultura straniera 1 per il Linguistico; Scienze umane per il Liceo delle Scienze umane (Diritto ed Economia politica all&#8217;opzione Economico-sociale); Discipline progettuali caratteristiche dei singoli indirizzi per il Liceo artistico; Teoria, analisi e composizione per il Liceo musicale; Tecniche della danza per il Liceo coreutico. Istituti tecnici: Economia aziendale per l&#8217;indirizzo &#8220;Amministrazione, Finanza e Marketing&#8221;; Economia aziendale e Geo-politica nell&#8217;articolazione &#8220;Relazioni internazionali per il marketing&#8221; e Discipline turistiche e aziendali per l&#8217;indirizzo Turismo; Progettazione, costruzioni e impianti per l&#8217;indirizzo &#8220;Costruzioni, Ambiente e Territorio&#8221;, per &#8220;Informatica e Telecomunicazioni&#8221;, Informatica e Telecomunicazioni per i rispettivi indirizzi; Progettazione multimediale nell&#8217;indirizzo &#8220;Grafica e comunicazione&#8221;; Produzioni vegetali per gli indirizzi agrari, Enologia per l&#8217;articolazione &#8220;Viticoltura ed enologia&#8221;. Istituti professionali previgente ordinamento (esclusivamente nell&#8217;istruzione degli adulti): Scienza e cultura dell&#8217;alimentazione per l&#8217;indirizzo &#8220;Servizi per l&#8217;Enogastronomia e l&#8217;ospitalit\u00e0 alberghiera&#8221; articolazione Enogastronomia, Diritto e Tecniche amministrative della struttura ricettiva nell&#8217;articolazione Accoglienza turistica; Tecniche professionali dei servizi commerciali per l&#8217;indirizzo &#8220;Servizi commerciali&#8221;; Tecniche di produzione e di organizzazione per l&#8217;indirizzo &#8220;Produzioni industriali e artigianali&#8221;, articolazione Industria.<\/p>\n<p style=\"text-align: justify\"><strong>\u00a0<\/strong>per gli istituti tecnici di Economia, Amministrazione, Finanza e Marketing. Il tempo a disposizione, per i maturandi, varia dalle <strong>6 alle 8 ore, <\/strong>mentre nei\u00a0<strong>licei musicali e coreutici la seconda prova si tiene in due giorni.<\/strong><\/p>\n<p>&nbsp;<\/p>\n<h2>Seneca scelto per la versione di Latino<\/h2>\n<p style=\"text-align: justify\"><strong>\u201cChi \u00e8 saggio non segue il v<\/strong><strong>olgo\u201d tratto da \u201cLettere morali a Lucilio\u201d,<\/strong> brano di Seneca, \u00e8 il testo scelto da far svolgere agli studenti del Liceo Classico: la raccolta, suddivisa in 20 libri, di 124 lettere composte negli ultimi mesi di vita dell&#8217;autore.\u00a0 Testo in cui Seneca evidenzia all&#8217;amico Lucillo il modo in cui i precetti della filosofia siano capaci di guidare alla virt\u00f9, in mezzo ai falsi valori, discernendoli e scartandoli. Al maturando non spetter\u00e0 semplicemente il compito della traduzione, ma sar\u00e0 tenuto, nella seconda parte del compito, allo svolgimento della comprensione ed interpretazione del testo, l\u2019analisi linguistica e stilistica, approfondimento e riflessioni personali sul tema.<\/p>\n<p style=\"text-align: justify\">\u00abLa solitudine non \u00e8 di per s\u00e9 maestra di onest\u00e0 o la campagna di frugalit\u00e0; per\u00f2,\u00a0<strong>quando se ne sono andati testimoni e spettatori, cessano i vizi, che si beano di essere ostentati e osservati<\/strong>.\u00a0Chi indossa vesti di porpora per non esibirle?\u00a0Chi mette le vivande in stoviglie d\u2019oro solo per se stesso?\u00a0Davvero uno dispiega lo sfarzo del suo lusso, sdraiato in solitudine, all\u2019ombra di un albero nei campi?\u00a0Nessuno sfoggia per il piacere dei suoi occhi o di poca gente o degli amici, ma sciorina l\u2019apparato dei suoi vizi secondo la folla che lo guarda.\u00a0\u00c8 proprio cos\u00ec: la spinta verso tutto quello per cui diamo segni di follia \u00e8 la presenza di un ammiratore e di un testimone.\u00a0Spegni il desiderio, se togli la possibilit\u00e0 di ostentazione.\u00a0L\u2019ambizione, lo sfarzo, la sfrenatezza, hanno bisogno della ribalta: se li tieni nascosti, ne guarirai.\u00a0.\u00a0.\u00a0\u00bb\u00a0\u00e8 l\u2019attacco della versione.<\/p>\n<p>&nbsp;<\/p>\n<h3 id=\"1-il-compito-dello-scientifico-e-sulla-funzione\" class=\"wp-block-heading\" style=\"text-align: justify\">Allo Scientifico, invece, il compito preveder\u00e0 lo studio della Funzione<\/h3>\n<p style=\"text-align: justify\">Come segnala il sito Skuola.net, per quanto concerne il compito di Matematica per Liceo Scientifico, riguardante la seconda prova scritta degli Esami di Maturit\u00e0 di quest&#8217;anno, saranno due i problemi ed entrambi prevederanno <strong>lo studio di una funzione.<\/strong> Si tratta di problemi dall\u2019approccio classico, senza riferimenti a casi reali, come invece accadde nel 2017 con la ormai celebre\u00a0\u201cruota quadrata\u201d.\u00a0A segnalarlo \u00e8 il sito Skuola.\u00a0net.<\/p>\n<p style=\"text-align: justify\">Prevista successivamente una terza prova scritta per alcuni indirizzi di studio: sezioni EsaBac, EsaBac techno, sezioni con opzione internazionale, scuole della Regione autonoma Valle d&#8217;Aosta, della Provincia autonoma di Bolzano e scuole con lingua d&#8217;insegnamento slovena e bilingui sloveno\/italiano del Friuli-Venezia Giulia.<\/p>\n<p style=\"text-align: justify\"><strong>Terminati, sar\u00e0 tempo dei colloqui, per i quali il calendario \u00e8 stabilito dai singoli istituti. <\/strong>L&#8217;obiettivo prefissato \u00e8 quello di verificare il conseguimento del profilo educativo, culturale e professionale dello studente. Nel corso dello stesso, il maturando esporr\u00e0 non solo nozioni didattiche, ma anche le esperienze svolte nell&#8217;ambito dei percorsi per le competenze trasversali e per l&#8217;orientamento (Pcto) e le competenze acquisite nell&#8217;ambito dell&#8217;educazione civica.<\/p>\n","protected":false},"excerpt":{"rendered":"<p>Archiviato il primo giorno di Esami di Stato con la consueta prova d&#8217;Italiano, per la quale le tracce del tema svolte dagli studenti andavano da Quasimodo a Piero Angela, da&hellip;<\/p>\n","protected":false},"author":12,"featured_media":28574,"comment_status":"closed","ping_status":"open","sticky":false,"template":"","format":"standard","meta":{"_jetpack_memberships_contains_paid_content":false,"footnotes":"","jetpack_publicize_message":"","jetpack_publicize_feature_enabled":true,"jetpack_social_post_already_shared":false,"jetpack_social_options":{"image_generator_settings":{"template":"highway","default_image_id":0,"font":"","enabled":false},"version":2}},"categories":[921,150,196,140],"tags":[586,17521,17525,1233,17522,17526,15781,236,17524,17523],"class_list":["post-28644","post","type-post","status-publish","format-standard","has-post-thumbnail","hentry","category-home","category-in-primo-piano","category-news","category-reggio-calabria","tag-calabria","tag-esami-di-maturita-2023","tag-latino","tag-liceo-classico","tag-liceo-scienfico","tag-matematica","tag-ministero-dellistruzione-e-del-merito","tag-reggio-calabria","tag-seneca","tag-studio-della-funzione"],"yoast_head":"<!-- This site is optimized with the Yoast SEO plugin v27.2 - https:\/\/yoast.com\/product\/yoast-seo-wordpress\/ -->\n<title>Maturit\u00e0: per 18.797 maturandi calabresi \u00e8 il giorno della 2 prova<\/title>\n<meta name=\"description\" content=\"Oggi \u00e8 il giorno della seconda prova per gli studenti reggini e calabresi: Seneca al Classico, studio della Funzione allo Scientifico\" \/>\n<meta name=\"robots\" content=\"index, follow, max-snippet:-1, max-image-preview:large, max-video-preview:-1\" \/>\n<link rel=\"canonical\" href=\"https:\/\/progettotouring.it\/radiotouring104\/2023\/06\/22\/maturita-per-18-797-maturandi-calabresi-e-il-giorno-della-2-prova\/\" \/>\n<meta property=\"og:locale\" content=\"it_IT\" \/>\n<meta property=\"og:type\" content=\"article\" \/>\n<meta property=\"og:title\" content=\"Maturit\u00e0: per 18.797 maturandi calabresi \u00e8 il giorno della 2 prova\" \/>\n<meta property=\"og:description\" content=\"Oggi \u00e8 il giorno della seconda prova per gli studenti reggini e calabresi: Seneca al Classico, studio della Funzione allo Scientifico\" \/>\n<meta property=\"og:url\" content=\"https:\/\/progettotouring.it\/radiotouring104\/2023\/06\/22\/maturita-per-18-797-maturandi-calabresi-e-il-giorno-della-2-prova\/\" \/>\n<meta property=\"og:site_name\" content=\"Radio Touring 104\" \/>\n<meta property=\"article:published_time\" content=\"2023-06-22T09:06:16+00:00\" \/>\n<meta property=\"article:modified_time\" content=\"2023-06-22T10:10:41+00:00\" \/>\n<meta property=\"og:image\" content=\"https:\/\/progettotouring.it\/radiotouring104\/wp-content\/uploads\/sites\/6\/2023\/06\/Esami-di-Stato-2023-scuola-Boccioni.jpeg\" \/>\n\t<meta property=\"og:image:width\" content=\"1600\" \/>\n\t<meta property=\"og:image:height\" content=\"885\" \/>\n\t<meta property=\"og:image:type\" content=\"image\/jpeg\" \/>\n<meta name=\"author\" content=\"Sebastiano Plutino\" \/>\n<meta name=\"twitter:card\" content=\"summary_large_image\" \/>\n<meta name=\"twitter:label1\" content=\"Scritto da\" \/>\n\t<meta name=\"twitter:data1\" content=\"Sebastiano Plutino\" \/>\n\t<meta name=\"twitter:label2\" content=\"Tempo di lettura stimato\" \/>\n\t<meta name=\"twitter:data2\" content=\"4 minuti\" \/>\n<script type=\"application\/ld+json\" class=\"yoast-schema-graph\">{\"@context\":\"https:\/\/schema.org\",\"@graph\":[{\"@type\":\"Article\",\"@id\":\"https:\/\/progettotouring.it\/radiotouring104\/2023\/06\/22\/maturita-per-18-797-maturandi-calabresi-e-il-giorno-della-2-prova\/#article\",\"isPartOf\":{\"@id\":\"https:\/\/progettotouring.it\/radiotouring104\/2023\/06\/22\/maturita-per-18-797-maturandi-calabresi-e-il-giorno-della-2-prova\/\"},\"author\":{\"name\":\"Sebastiano Plutino\",\"@id\":\"https:\/\/progettotouring.it\/radiotouring104\/#\/schema\/person\/78613917f1851f041f7483f5af1d422e\"},\"headline\":\"Maturit\u00e0: per 18.797 maturandi calabresi \u00e8 il giorno della 2 prova\",\"datePublished\":\"2023-06-22T09:06:16+00:00\",\"dateModified\":\"2023-06-22T10:10:41+00:00\",\"mainEntityOfPage\":{\"@id\":\"https:\/\/progettotouring.it\/radiotouring104\/2023\/06\/22\/maturita-per-18-797-maturandi-calabresi-e-il-giorno-della-2-prova\/\"},\"wordCount\":748,\"publisher\":{\"@id\":\"https:\/\/progettotouring.it\/radiotouring104\/#organization\"},\"image\":{\"@id\":\"https:\/\/progettotouring.it\/radiotouring104\/2023\/06\/22\/maturita-per-18-797-maturandi-calabresi-e-il-giorno-della-2-prova\/#primaryimage\"},\"thumbnailUrl\":\"https:\/\/progettotouring.it\/radiotouring104\/wp-content\/uploads\/sites\/6\/2023\/06\/Esami-di-Stato-2023-scuola-Boccioni.jpeg\",\"keywords\":[\"calabria\",\"Esami di Maturit\u00e0 2023\",\"Latino\",\"liceo classico\",\"Liceo Scienfico\",\"Matematica\",\"Ministero dell\u2019Istruzione e del Merito\",\"reggio calabria\",\"Seneca\",\"studio della Funzione\"],\"articleSection\":[\"Home\",\"In primo piano\",\"News\",\"Reggio Calabria\"],\"inLanguage\":\"it-IT\"},{\"@type\":\"WebPage\",\"@id\":\"https:\/\/progettotouring.it\/radiotouring104\/2023\/06\/22\/maturita-per-18-797-maturandi-calabresi-e-il-giorno-della-2-prova\/\",\"url\":\"https:\/\/progettotouring.it\/radiotouring104\/2023\/06\/22\/maturita-per-18-797-maturandi-calabresi-e-il-giorno-della-2-prova\/\",\"name\":\"Maturit\u00e0: per 18.797 maturandi calabresi \u00e8 il giorno della 2 prova\",\"isPartOf\":{\"@id\":\"https:\/\/progettotouring.it\/radiotouring104\/#website\"},\"primaryImageOfPage\":{\"@id\":\"https:\/\/progettotouring.it\/radiotouring104\/2023\/06\/22\/maturita-per-18-797-maturandi-calabresi-e-il-giorno-della-2-prova\/#primaryimage\"},\"image\":{\"@id\":\"https:\/\/progettotouring.it\/radiotouring104\/2023\/06\/22\/maturita-per-18-797-maturandi-calabresi-e-il-giorno-della-2-prova\/#primaryimage\"},\"thumbnailUrl\":\"https:\/\/progettotouring.it\/radiotouring104\/wp-content\/uploads\/sites\/6\/2023\/06\/Esami-di-Stato-2023-scuola-Boccioni.jpeg\",\"datePublished\":\"2023-06-22T09:06:16+00:00\",\"dateModified\":\"2023-06-22T10:10:41+00:00\",\"description\":\"Oggi \u00e8 il giorno della seconda prova per gli studenti reggini e calabresi: Seneca al Classico, studio della Funzione allo Scientifico\",\"breadcrumb\":{\"@id\":\"https:\/\/progettotouring.it\/radiotouring104\/2023\/06\/22\/maturita-per-18-797-maturandi-calabresi-e-il-giorno-della-2-prova\/#breadcrumb\"},\"inLanguage\":\"it-IT\",\"potentialAction\":[{\"@type\":\"ReadAction\",\"target\":[\"https:\/\/progettotouring.it\/radiotouring104\/2023\/06\/22\/maturita-per-18-797-maturandi-calabresi-e-il-giorno-della-2-prova\/\"]}]},{\"@type\":\"ImageObject\",\"inLanguage\":\"it-IT\",\"@id\":\"https:\/\/progettotouring.it\/radiotouring104\/2023\/06\/22\/maturita-per-18-797-maturandi-calabresi-e-il-giorno-della-2-prova\/#primaryimage\",\"url\":\"https:\/\/progettotouring.it\/radiotouring104\/wp-content\/uploads\/sites\/6\/2023\/06\/Esami-di-Stato-2023-scuola-Boccioni.jpeg\",\"contentUrl\":\"https:\/\/progettotouring.it\/radiotouring104\/wp-content\/uploads\/sites\/6\/2023\/06\/Esami-di-Stato-2023-scuola-Boccioni.jpeg\",\"width\":1600,\"height\":885},{\"@type\":\"BreadcrumbList\",\"@id\":\"https:\/\/progettotouring.it\/radiotouring104\/2023\/06\/22\/maturita-per-18-797-maturandi-calabresi-e-il-giorno-della-2-prova\/#breadcrumb\",\"itemListElement\":[{\"@type\":\"ListItem\",\"position\":1,\"name\":\"Home\",\"item\":\"https:\/\/progettotouring.it\/radiotouring104\/\"},{\"@type\":\"ListItem\",\"position\":2,\"name\":\"Maturit\u00e0: per 18.797 maturandi calabresi \u00e8 il giorno della 2 prova\"}]},{\"@type\":\"WebSite\",\"@id\":\"https:\/\/progettotouring.it\/radiotouring104\/#website\",\"url\":\"https:\/\/progettotouring.it\/radiotouring104\/\",\"name\":\"Radio Touring 104\",\"description\":\"La prima radio Reggina\",\"publisher\":{\"@id\":\"https:\/\/progettotouring.it\/radiotouring104\/#organization\"},\"potentialAction\":[{\"@type\":\"SearchAction\",\"target\":{\"@type\":\"EntryPoint\",\"urlTemplate\":\"https:\/\/progettotouring.it\/radiotouring104\/?s={search_term_string}\"},\"query-input\":{\"@type\":\"PropertyValueSpecification\",\"valueRequired\":true,\"valueName\":\"search_term_string\"}}],\"inLanguage\":\"it-IT\"},{\"@type\":\"Organization\",\"@id\":\"https:\/\/progettotouring.it\/radiotouring104\/#organization\",\"name\":\"Radio Touring 104\",\"url\":\"https:\/\/progettotouring.it\/radiotouring104\/\",\"logo\":{\"@type\":\"ImageObject\",\"inLanguage\":\"it-IT\",\"@id\":\"https:\/\/progettotouring.it\/radiotouring104\/#\/schema\/logo\/image\/\",\"url\":\"https:\/\/progettotouring.it\/radiotouring104\/wp-content\/uploads\/sites\/6\/2022\/02\/cropped-logo-radio-touring-104.png\",\"contentUrl\":\"https:\/\/progettotouring.it\/radiotouring104\/wp-content\/uploads\/sites\/6\/2022\/02\/cropped-logo-radio-touring-104.png\",\"width\":377,\"height\":182,\"caption\":\"Radio Touring 104\"},\"image\":{\"@id\":\"https:\/\/progettotouring.it\/radiotouring104\/#\/schema\/logo\/image\/\"}},{\"@type\":\"Person\",\"@id\":\"https:\/\/progettotouring.it\/radiotouring104\/#\/schema\/person\/78613917f1851f041f7483f5af1d422e\",\"name\":\"Sebastiano Plutino\",\"image\":{\"@type\":\"ImageObject\",\"inLanguage\":\"it-IT\",\"@id\":\"https:\/\/secure.gravatar.com\/avatar\/0546ffaa9b79224faf9f2a156b67a529ae861d3287c66c1d8ccfdf909bcba78d?s=96&d=mm&r=g\",\"url\":\"https:\/\/secure.gravatar.com\/avatar\/0546ffaa9b79224faf9f2a156b67a529ae861d3287c66c1d8ccfdf909bcba78d?s=96&d=mm&r=g\",\"contentUrl\":\"https:\/\/secure.gravatar.com\/avatar\/0546ffaa9b79224faf9f2a156b67a529ae861d3287c66c1d8ccfdf909bcba78d?s=96&d=mm&r=g\",\"caption\":\"Sebastiano Plutino\"},\"url\":\"https:\/\/progettotouring.it\/radiotouring104\/author\/sebastiano\/\"}]}<\/script>\n<!-- \/ Yoast SEO plugin. -->","yoast_head_json":{"title":"Maturit\u00e0: per 18.797 maturandi calabresi \u00e8 il giorno della 2 prova","description":"Oggi \u00e8 il giorno della seconda prova per gli studenti reggini e calabresi: Seneca al Classico, studio della Funzione allo Scientifico","robots":{"index":"index","follow":"follow","max-snippet":"max-snippet:-1","max-image-preview":"max-image-preview:large","max-video-preview":"max-video-preview:-1"},"canonical":"https:\/\/progettotouring.it\/radiotouring104\/2023\/06\/22\/maturita-per-18-797-maturandi-calabresi-e-il-giorno-della-2-prova\/","og_locale":"it_IT","og_type":"article","og_title":"Maturit\u00e0: per 18.797 maturandi calabresi \u00e8 il giorno della 2 prova","og_description":"Oggi \u00e8 il giorno della seconda prova per gli studenti reggini e calabresi: Seneca al Classico, studio della Funzione allo Scientifico","og_url":"https:\/\/progettotouring.it\/radiotouring104\/2023\/06\/22\/maturita-per-18-797-maturandi-calabresi-e-il-giorno-della-2-prova\/","og_site_name":"Radio Touring 104","article_published_time":"2023-06-22T09:06:16+00:00","article_modified_time":"2023-06-22T10:10:41+00:00","og_image":[{"width":1600,"height":885,"url":"https:\/\/progettotouring.it\/radiotouring104\/wp-content\/uploads\/sites\/6\/2023\/06\/Esami-di-Stato-2023-scuola-Boccioni.jpeg","type":"image\/jpeg"}],"author":"Sebastiano Plutino","twitter_card":"summary_large_image","twitter_misc":{"Scritto da":"Sebastiano Plutino","Tempo di lettura stimato":"4 minuti"},"schema":{"@context":"https:\/\/schema.org","@graph":[{"@type":"Article","@id":"https:\/\/progettotouring.it\/radiotouring104\/2023\/06\/22\/maturita-per-18-797-maturandi-calabresi-e-il-giorno-della-2-prova\/#article","isPartOf":{"@id":"https:\/\/progettotouring.it\/radiotouring104\/2023\/06\/22\/maturita-per-18-797-maturandi-calabresi-e-il-giorno-della-2-prova\/"},"author":{"name":"Sebastiano Plutino","@id":"https:\/\/progettotouring.it\/radiotouring104\/#\/schema\/person\/78613917f1851f041f7483f5af1d422e"},"headline":"Maturit\u00e0: per 18.797 maturandi calabresi \u00e8 il giorno della 2 prova","datePublished":"2023-06-22T09:06:16+00:00","dateModified":"2023-06-22T10:10:41+00:00","mainEntityOfPage":{"@id":"https:\/\/progettotouring.it\/radiotouring104\/2023\/06\/22\/maturita-per-18-797-maturandi-calabresi-e-il-giorno-della-2-prova\/"},"wordCount":748,"publisher":{"@id":"https:\/\/progettotouring.it\/radiotouring104\/#organization"},"image":{"@id":"https:\/\/progettotouring.it\/radiotouring104\/2023\/06\/22\/maturita-per-18-797-maturandi-calabresi-e-il-giorno-della-2-prova\/#primaryimage"},"thumbnailUrl":"https:\/\/progettotouring.it\/radiotouring104\/wp-content\/uploads\/sites\/6\/2023\/06\/Esami-di-Stato-2023-scuola-Boccioni.jpeg","keywords":["calabria","Esami di Maturit\u00e0 2023","Latino","liceo classico","Liceo Scienfico","Matematica","Ministero dell\u2019Istruzione e del Merito","reggio calabria","Seneca","studio della Funzione"],"articleSection":["Home","In primo piano","News","Reggio Calabria"],"inLanguage":"it-IT"},{"@type":"WebPage","@id":"https:\/\/progettotouring.it\/radiotouring104\/2023\/06\/22\/maturita-per-18-797-maturandi-calabresi-e-il-giorno-della-2-prova\/","url":"https:\/\/progettotouring.it\/radiotouring104\/2023\/06\/22\/maturita-per-18-797-maturandi-calabresi-e-il-giorno-della-2-prova\/","name":"Maturit\u00e0: per 18.797 maturandi calabresi \u00e8 il giorno della 2 prova","isPartOf":{"@id":"https:\/\/progettotouring.it\/radiotouring104\/#website"},"primaryImageOfPage":{"@id":"https:\/\/progettotouring.it\/radiotouring104\/2023\/06\/22\/maturita-per-18-797-maturandi-calabresi-e-il-giorno-della-2-prova\/#primaryimage"},"image":{"@id":"https:\/\/progettotouring.it\/radiotouring104\/2023\/06\/22\/maturita-per-18-797-maturandi-calabresi-e-il-giorno-della-2-prova\/#primaryimage"},"thumbnailUrl":"https:\/\/progettotouring.it\/radiotouring104\/wp-content\/uploads\/sites\/6\/2023\/06\/Esami-di-Stato-2023-scuola-Boccioni.jpeg","datePublished":"2023-06-22T09:06:16+00:00","dateModified":"2023-06-22T10:10:41+00:00","description":"Oggi \u00e8 il giorno della seconda prova per gli studenti reggini e calabresi: Seneca al Classico, studio della Funzione allo Scientifico","breadcrumb":{"@id":"https:\/\/progettotouring.it\/radiotouring104\/2023\/06\/22\/maturita-per-18-797-maturandi-calabresi-e-il-giorno-della-2-prova\/#breadcrumb"},"inLanguage":"it-IT","potentialAction":[{"@type":"ReadAction","target":["https:\/\/progettotouring.it\/radiotouring104\/2023\/06\/22\/maturita-per-18-797-maturandi-calabresi-e-il-giorno-della-2-prova\/"]}]},{"@type":"ImageObject","inLanguage":"it-IT","@id":"https:\/\/progettotouring.it\/radiotouring104\/2023\/06\/22\/maturita-per-18-797-maturandi-calabresi-e-il-giorno-della-2-prova\/#primaryimage","url":"https:\/\/progettotouring.it\/radiotouring104\/wp-content\/uploads\/sites\/6\/2023\/06\/Esami-di-Stato-2023-scuola-Boccioni.jpeg","contentUrl":"https:\/\/progettotouring.it\/radiotouring104\/wp-content\/uploads\/sites\/6\/2023\/06\/Esami-di-Stato-2023-scuola-Boccioni.jpeg","width":1600,"height":885},{"@type":"BreadcrumbList","@id":"https:\/\/progettotouring.it\/radiotouring104\/2023\/06\/22\/maturita-per-18-797-maturandi-calabresi-e-il-giorno-della-2-prova\/#breadcrumb","itemListElement":[{"@type":"ListItem","position":1,"name":"Home","item":"https:\/\/progettotouring.it\/radiotouring104\/"},{"@type":"ListItem","position":2,"name":"Maturit\u00e0: per 18.797 maturandi calabresi \u00e8 il giorno della 2 prova"}]},{"@type":"WebSite","@id":"https:\/\/progettotouring.it\/radiotouring104\/#website","url":"https:\/\/progettotouring.it\/radiotouring104\/","name":"Radio Touring 104","description":"La prima radio Reggina","publisher":{"@id":"https:\/\/progettotouring.it\/radiotouring104\/#organization"},"potentialAction":[{"@type":"SearchAction","target":{"@type":"EntryPoint","urlTemplate":"https:\/\/progettotouring.it\/radiotouring104\/?s={search_term_string}"},"query-input":{"@type":"PropertyValueSpecification","valueRequired":true,"valueName":"search_term_string"}}],"inLanguage":"it-IT"},{"@type":"Organization","@id":"https:\/\/progettotouring.it\/radiotouring104\/#organization","name":"Radio Touring 104","url":"https:\/\/progettotouring.it\/radiotouring104\/","logo":{"@type":"ImageObject","inLanguage":"it-IT","@id":"https:\/\/progettotouring.it\/radiotouring104\/#\/schema\/logo\/image\/","url":"https:\/\/progettotouring.it\/radiotouring104\/wp-content\/uploads\/sites\/6\/2022\/02\/cropped-logo-radio-touring-104.png","contentUrl":"https:\/\/progettotouring.it\/radiotouring104\/wp-content\/uploads\/sites\/6\/2022\/02\/cropped-logo-radio-touring-104.png","width":377,"height":182,"caption":"Radio Touring 104"},"image":{"@id":"https:\/\/progettotouring.it\/radiotouring104\/#\/schema\/logo\/image\/"}},{"@type":"Person","@id":"https:\/\/progettotouring.it\/radiotouring104\/#\/schema\/person\/78613917f1851f041f7483f5af1d422e","name":"Sebastiano Plutino","image":{"@type":"ImageObject","inLanguage":"it-IT","@id":"https:\/\/secure.gravatar.com\/avatar\/0546ffaa9b79224faf9f2a156b67a529ae861d3287c66c1d8ccfdf909bcba78d?s=96&d=mm&r=g","url":"https:\/\/secure.gravatar.com\/avatar\/0546ffaa9b79224faf9f2a156b67a529ae861d3287c66c1d8ccfdf909bcba78d?s=96&d=mm&r=g","contentUrl":"https:\/\/secure.gravatar.com\/avatar\/0546ffaa9b79224faf9f2a156b67a529ae861d3287c66c1d8ccfdf909bcba78d?s=96&d=mm&r=g","caption":"Sebastiano Plutino"},"url":"https:\/\/progettotouring.it\/radiotouring104\/author\/sebastiano\/"}]}},"jetpack_publicize_connections":[],"jetpack_featured_media_url":"https:\/\/progettotouring.it\/radiotouring104\/wp-content\/uploads\/sites\/6\/2023\/06\/Esami-di-Stato-2023-scuola-Boccioni.jpeg","jetpack_sharing_enabled":true,"_links":{"self":[{"href":"https:\/\/progettotouring.it\/radiotouring104\/wp-json\/wp\/v2\/posts\/28644","targetHints":{"allow":["GET"]}}],"collection":[{"href":"https:\/\/progettotouring.it\/radiotouring104\/wp-json\/wp\/v2\/posts"}],"about":[{"href":"https:\/\/progettotouring.it\/radiotouring104\/wp-json\/wp\/v2\/types\/post"}],"author":[{"embeddable":true,"href":"https:\/\/progettotouring.it\/radiotouring104\/wp-json\/wp\/v2\/users\/12"}],"replies":[{"embeddable":true,"href":"https:\/\/progettotouring.it\/radiotouring104\/wp-json\/wp\/v2\/comments?post=28644"}],"version-history":[{"count":4,"href":"https:\/\/progettotouring.it\/radiotouring104\/wp-json\/wp\/v2\/posts\/28644\/revisions"}],"predecessor-version":[{"id":28648,"href":"https:\/\/progettotouring.it\/radiotouring104\/wp-json\/wp\/v2\/posts\/28644\/revisions\/28648"}],"wp:featuredmedia":[{"embeddable":true,"href":"https:\/\/progettotouring.it\/radiotouring104\/wp-json\/wp\/v2\/media\/28574"}],"wp:attachment":[{"href":"https:\/\/progettotouring.it\/radiotouring104\/wp-json\/wp\/v2\/media?parent=28644"}],"wp:term":[{"taxonomy":"category","embeddable":true,"href":"https:\/\/progettotouring.it\/radiotouring104\/wp-json\/wp\/v2\/categories?post=28644"},{"taxonomy":"post_tag","embeddable":true,"href":"https:\/\/progettotouring.it\/radiotouring104\/wp-json\/wp\/v2\/tags?post=28644"}],"curies":[{"name":"wp","href":"https:\/\/api.w.org\/{rel}","templated":true}]}}