{"id":28652,"date":"2023-06-22T11:18:39","date_gmt":"2023-06-22T09:18:39","guid":{"rendered":"https:\/\/progettotouring.it\/radiotouring104\/?p=28652"},"modified":"2023-06-22T11:18:39","modified_gmt":"2023-06-22T09:18:39","slug":"isola-capo-rizzuto-la-v-edizione-calabria-sound-festival-2023","status":"publish","type":"post","link":"https:\/\/progettotouring.it\/radiotouring104\/2023\/06\/22\/isola-capo-rizzuto-la-v-edizione-calabria-sound-festival-2023\/","title":{"rendered":"Isola Capo Rizzuto la V Edizione Calabria Sound Festival 2023"},"content":{"rendered":"<p style=\"text-align: justify\">Il\u00a0<strong>Calabria Sound Festival 2023<\/strong>, giunto alla sua quinta edizione, \u00e8 pronto a trasformare il suggestivo\u00a0<strong>Camping Poker<\/strong>\u00a0di\u00a0<strong>Isola Capo Rizzuto<\/strong>\u00a0in un paradiso musicale dal 28 al 30 luglio. Questo attesissimo evento \u00e8 presentato da\u00a0<strong>Compari Sodi<\/strong>\u00a0insieme a\u00a0<strong>Magic Beat\u00a0<\/strong>e\u00a0<strong>Magic Beat Associazione &#8220;Impulsi di Vita&#8221;<\/strong>.<\/p>\n<p style=\"text-align: justify\">La line-up degli artisti che si esibiranno in questi tre giorni ricchi di musica \u00e8 stata finalizzata, garantendo una variet\u00e0 di talenti che offriranno spettacoli per tutti i gusti.<\/p>\n<p style=\"text-align: justify\">L&#8217;apertura del festival, venerd\u00ec 28 luglio, sar\u00e0 affidata a\u00a0<strong>Babaman<\/strong>, la cui presenza sul palco \u00e8 caratterizzata da una grande energia, che lo ha reso molto popolare tra il pubblico degli appassionati di musica reggae e dancehall. La serata di apertura sar\u00e0 dedicata alla scoperta di nuovi talenti emergenti, che avranno l&#8217;opportunit\u00e0 di esibirsi di fronte al pubblico del Calabria Sound Festival.<\/p>\n<p style=\"text-align: justify\">La seconda serata, il 29 luglio, sar\u00e0 un crescendo di performance con gli artisti\u00a0<strong>Gioman e Kilacat<\/strong>, che porteranno sul palco la loro energia travolgente e un mix unico di sonorit\u00e0 reggae dancehall. Saranno affiancati dai\u00a0<strong>Mujina Crew<\/strong>, che trasporteranno il pubblico in un vortice di divertimento. A rendere la serata ancora pi\u00f9 memorabile ci saranno\u00a0<strong>Manlio Calafrocampano<\/strong>, host e direttore artistico del festival, e l&#8217;artista salentino\u00a0<strong>Mattune<\/strong>, i quali con la loro energia lasceranno un&#8217;impronta indelebile nel cuore degli spettatori.<\/p>\n<p style=\"text-align: justify\">La terza serata sar\u00e0 dedicata alla sfida freestyle e avr\u00e0 come ospite d&#8217;eccezione l&#8217;artista\u00a0<strong>Kiave<\/strong>, che si prester\u00e0 al ruolo di giudice. La competizione promette scintille e adrenalina, con i partecipanti che daranno il massimo per conquistare il titolo.<\/p>\n<p style=\"text-align: justify\">A conclusione di ogni concerto, la serata continuer\u00e0 nella\u00a0<strong><em>Wild Beach Area<\/em><\/strong>, dove la spiaggia diventer\u00e0 un&#8217;esplosione di divertimento e adrenalina con i party notturni.\u00a0<strong>Antonio Forleo\u00a0<\/strong>host principale e direttore artistico del festival, pronto a condurre il pubblico in un viaggio musicale senza confini. Una selezione di DJ di talento si alterner\u00e0 garantendo un&#8217;esperienza sonora e un viaggio musicale avvincente che si protrarr\u00e0 fino alle prime luci dell&#8217;alba.<\/p>\n<p style=\"text-align: justify\">Durante tutto il festival, la musica risuoner\u00e0 incessantemente e accompagner\u00e0 i partecipanti in ogni momento. Oltre alle note incalzanti, il\u00a0<strong>Calabria Sound Festival<\/strong>\u00a0offre anche l&#8217;opportunit\u00e0 di godere delle\u00a0<em>Spiagge Rosse<\/em>, una meraviglia naturale insignita della prestigiosa\u00a0<em>Bandiera Blu<\/em>. Queste splendide spiagge, caratterizzate dalla sabbia dorata e dalle acque cristalline del Mar Ionio, offriranno momenti di relax e frescura ai presenti.<\/p>\n<p style=\"text-align: justify\">Il\u00a0<strong>Calabria Sound Festival 2023<\/strong>\u00a0si presenta come un evento di grande rilevanza nel panorama musicale calabrese, unendo qualit\u00e0 artistica, variet\u00e0 di generi e un&#8217;atmosfera pervasa da una vibrante energia che coinvolger\u00e0 tutti i presenti. Gli amanti della musica avranno la possibilit\u00e0 di godersi tre giorni intensi di spettacoli musicali eccezionali, condividendo momenti di puro divertimento. Questa manifestazione rappresenta un appuntamento imperdibile per tutti coloro che desiderano vivere un&#8217;esperienza musicale unica nel suo genere.<\/p>\n<p style=\"text-align: justify\">Per info e prenotazioni scrivere a :<a target=\"_self\" rel=\"noopener\">info.campingpoker@gmail.com<\/a><\/p>\n","protected":false},"excerpt":{"rendered":"<p>Il\u00a0Calabria Sound Festival 2023, giunto alla sua quinta edizione, \u00e8 pronto a trasformare il suggestivo\u00a0Camping Poker\u00a0di\u00a0Isola Capo Rizzuto\u00a0in un paradiso musicale dal 28 al 30 luglio. Questo attesissimo evento \u00e8&hellip;<\/p>\n","protected":false},"author":12,"featured_media":28653,"comment_status":"closed","ping_status":"open","sticky":false,"template":"","format":"standard","meta":{"_jetpack_memberships_contains_paid_content":false,"footnotes":"","jetpack_publicize_message":"","jetpack_publicize_feature_enabled":true,"jetpack_social_post_already_shared":false,"jetpack_social_options":{"image_generator_settings":{"template":"highway","default_image_id":0,"font":"","enabled":false},"version":2}},"categories":[921,146],"tags":[17530,17528,17527,2568,17531,17532,17529],"class_list":["post-28652","post","type-post","status-publish","format-standard","has-post-thumbnail","hentry","category-home","category-musica","tag-babaman","tag-calabria-sound-festival-2023","tag-camping-poker-di-isola-capo-rizzuto","tag-compari-sodi","tag-gioman","tag-kilacat","tag-magic-beat-associazione-impulsi-di-vita"],"yoast_head":"<!-- This site is optimized with the Yoast SEO plugin v27.2 - https:\/\/yoast.com\/product\/yoast-seo-wordpress\/ -->\n<title>Isola Capo Rizzuto la V Edizione Calabria Sound Festival 2023<\/title>\n<meta name=\"description\" content=\"Il\u00a0Calabria Sound Festival 2023, alla sua V edizione, si terr\u00e0 al\u00a0Camping Poker\u00a0di\u00a0Isola Capo Rizzuto, dal 28 al 30 luglio\" \/>\n<meta name=\"robots\" content=\"index, follow, max-snippet:-1, max-image-preview:large, max-video-preview:-1\" \/>\n<link rel=\"canonical\" href=\"https:\/\/progettotouring.it\/radiotouring104\/2023\/06\/22\/isola-capo-rizzuto-la-v-edizione-calabria-sound-festival-2023\/\" \/>\n<meta property=\"og:locale\" content=\"it_IT\" \/>\n<meta property=\"og:type\" content=\"article\" \/>\n<meta property=\"og:title\" content=\"Isola Capo Rizzuto la V Edizione Calabria Sound Festival 2023\" \/>\n<meta property=\"og:description\" content=\"Il\u00a0Calabria Sound Festival 2023, alla sua V edizione, si terr\u00e0 al\u00a0Camping Poker\u00a0di\u00a0Isola Capo Rizzuto, dal 28 al 30 luglio\" \/>\n<meta property=\"og:url\" content=\"https:\/\/progettotouring.it\/radiotouring104\/2023\/06\/22\/isola-capo-rizzuto-la-v-edizione-calabria-sound-festival-2023\/\" \/>\n<meta property=\"og:site_name\" content=\"Radio Touring 104\" \/>\n<meta property=\"article:published_time\" content=\"2023-06-22T09:18:39+00:00\" \/>\n<meta property=\"og:image\" content=\"https:\/\/progettotouring.it\/radiotouring104\/wp-content\/uploads\/sites\/6\/2023\/06\/Calabria-Sound-Festival.png\" \/>\n\t<meta property=\"og:image:width\" content=\"1618\" \/>\n\t<meta property=\"og:image:height\" content=\"1284\" \/>\n\t<meta property=\"og:image:type\" content=\"image\/png\" \/>\n<meta name=\"author\" content=\"Sebastiano Plutino\" \/>\n<meta name=\"twitter:card\" content=\"summary_large_image\" \/>\n<meta name=\"twitter:label1\" content=\"Scritto da\" \/>\n\t<meta name=\"twitter:data1\" content=\"Sebastiano Plutino\" \/>\n\t<meta name=\"twitter:label2\" content=\"Tempo di lettura stimato\" \/>\n\t<meta name=\"twitter:data2\" content=\"2 minuti\" \/>\n<script type=\"application\/ld+json\" class=\"yoast-schema-graph\">{\"@context\":\"https:\/\/schema.org\",\"@graph\":[{\"@type\":\"Article\",\"@id\":\"https:\/\/progettotouring.it\/radiotouring104\/2023\/06\/22\/isola-capo-rizzuto-la-v-edizione-calabria-sound-festival-2023\/#article\",\"isPartOf\":{\"@id\":\"https:\/\/progettotouring.it\/radiotouring104\/2023\/06\/22\/isola-capo-rizzuto-la-v-edizione-calabria-sound-festival-2023\/\"},\"author\":{\"name\":\"Sebastiano Plutino\",\"@id\":\"https:\/\/progettotouring.it\/radiotouring104\/#\/schema\/person\/78613917f1851f041f7483f5af1d422e\"},\"headline\":\"Isola Capo Rizzuto la V Edizione Calabria Sound Festival 2023\",\"datePublished\":\"2023-06-22T09:18:39+00:00\",\"mainEntityOfPage\":{\"@id\":\"https:\/\/progettotouring.it\/radiotouring104\/2023\/06\/22\/isola-capo-rizzuto-la-v-edizione-calabria-sound-festival-2023\/\"},\"wordCount\":474,\"publisher\":{\"@id\":\"https:\/\/progettotouring.it\/radiotouring104\/#organization\"},\"image\":{\"@id\":\"https:\/\/progettotouring.it\/radiotouring104\/2023\/06\/22\/isola-capo-rizzuto-la-v-edizione-calabria-sound-festival-2023\/#primaryimage\"},\"thumbnailUrl\":\"https:\/\/progettotouring.it\/radiotouring104\/wp-content\/uploads\/sites\/6\/2023\/06\/Calabria-Sound-Festival.png\",\"keywords\":[\"Babaman\",\"Calabria Sound Festival 2023\",\"Camping Poker\u00a0di\u00a0Isola Capo Rizzuto\",\"Compari Sodi\",\"Gioman\",\"Kilacat\",\"Magic Beat Associazione \\\"Impulsi di Vita\\\".\"],\"articleSection\":[\"Home\",\"Musica\"],\"inLanguage\":\"it-IT\"},{\"@type\":\"WebPage\",\"@id\":\"https:\/\/progettotouring.it\/radiotouring104\/2023\/06\/22\/isola-capo-rizzuto-la-v-edizione-calabria-sound-festival-2023\/\",\"url\":\"https:\/\/progettotouring.it\/radiotouring104\/2023\/06\/22\/isola-capo-rizzuto-la-v-edizione-calabria-sound-festival-2023\/\",\"name\":\"Isola Capo Rizzuto la V Edizione Calabria Sound Festival 2023\",\"isPartOf\":{\"@id\":\"https:\/\/progettotouring.it\/radiotouring104\/#website\"},\"primaryImageOfPage\":{\"@id\":\"https:\/\/progettotouring.it\/radiotouring104\/2023\/06\/22\/isola-capo-rizzuto-la-v-edizione-calabria-sound-festival-2023\/#primaryimage\"},\"image\":{\"@id\":\"https:\/\/progettotouring.it\/radiotouring104\/2023\/06\/22\/isola-capo-rizzuto-la-v-edizione-calabria-sound-festival-2023\/#primaryimage\"},\"thumbnailUrl\":\"https:\/\/progettotouring.it\/radiotouring104\/wp-content\/uploads\/sites\/6\/2023\/06\/Calabria-Sound-Festival.png\",\"datePublished\":\"2023-06-22T09:18:39+00:00\",\"description\":\"Il\u00a0Calabria Sound Festival 2023, alla sua V edizione, si terr\u00e0 al\u00a0Camping Poker\u00a0di\u00a0Isola Capo Rizzuto, dal 28 al 30 luglio\",\"breadcrumb\":{\"@id\":\"https:\/\/progettotouring.it\/radiotouring104\/2023\/06\/22\/isola-capo-rizzuto-la-v-edizione-calabria-sound-festival-2023\/#breadcrumb\"},\"inLanguage\":\"it-IT\",\"potentialAction\":[{\"@type\":\"ReadAction\",\"target\":[\"https:\/\/progettotouring.it\/radiotouring104\/2023\/06\/22\/isola-capo-rizzuto-la-v-edizione-calabria-sound-festival-2023\/\"]}]},{\"@type\":\"ImageObject\",\"inLanguage\":\"it-IT\",\"@id\":\"https:\/\/progettotouring.it\/radiotouring104\/2023\/06\/22\/isola-capo-rizzuto-la-v-edizione-calabria-sound-festival-2023\/#primaryimage\",\"url\":\"https:\/\/progettotouring.it\/radiotouring104\/wp-content\/uploads\/sites\/6\/2023\/06\/Calabria-Sound-Festival.png\",\"contentUrl\":\"https:\/\/progettotouring.it\/radiotouring104\/wp-content\/uploads\/sites\/6\/2023\/06\/Calabria-Sound-Festival.png\",\"width\":1618,\"height\":1284},{\"@type\":\"BreadcrumbList\",\"@id\":\"https:\/\/progettotouring.it\/radiotouring104\/2023\/06\/22\/isola-capo-rizzuto-la-v-edizione-calabria-sound-festival-2023\/#breadcrumb\",\"itemListElement\":[{\"@type\":\"ListItem\",\"position\":1,\"name\":\"Home\",\"item\":\"https:\/\/progettotouring.it\/radiotouring104\/\"},{\"@type\":\"ListItem\",\"position\":2,\"name\":\"Isola Capo Rizzuto la V Edizione Calabria Sound Festival 2023\"}]},{\"@type\":\"WebSite\",\"@id\":\"https:\/\/progettotouring.it\/radiotouring104\/#website\",\"url\":\"https:\/\/progettotouring.it\/radiotouring104\/\",\"name\":\"Radio Touring 104\",\"description\":\"La prima radio Reggina\",\"publisher\":{\"@id\":\"https:\/\/progettotouring.it\/radiotouring104\/#organization\"},\"potentialAction\":[{\"@type\":\"SearchAction\",\"target\":{\"@type\":\"EntryPoint\",\"urlTemplate\":\"https:\/\/progettotouring.it\/radiotouring104\/?s={search_term_string}\"},\"query-input\":{\"@type\":\"PropertyValueSpecification\",\"valueRequired\":true,\"valueName\":\"search_term_string\"}}],\"inLanguage\":\"it-IT\"},{\"@type\":\"Organization\",\"@id\":\"https:\/\/progettotouring.it\/radiotouring104\/#organization\",\"name\":\"Radio Touring 104\",\"url\":\"https:\/\/progettotouring.it\/radiotouring104\/\",\"logo\":{\"@type\":\"ImageObject\",\"inLanguage\":\"it-IT\",\"@id\":\"https:\/\/progettotouring.it\/radiotouring104\/#\/schema\/logo\/image\/\",\"url\":\"https:\/\/progettotouring.it\/radiotouring104\/wp-content\/uploads\/sites\/6\/2022\/02\/cropped-logo-radio-touring-104.png\",\"contentUrl\":\"https:\/\/progettotouring.it\/radiotouring104\/wp-content\/uploads\/sites\/6\/2022\/02\/cropped-logo-radio-touring-104.png\",\"width\":377,\"height\":182,\"caption\":\"Radio Touring 104\"},\"image\":{\"@id\":\"https:\/\/progettotouring.it\/radiotouring104\/#\/schema\/logo\/image\/\"}},{\"@type\":\"Person\",\"@id\":\"https:\/\/progettotouring.it\/radiotouring104\/#\/schema\/person\/78613917f1851f041f7483f5af1d422e\",\"name\":\"Sebastiano Plutino\",\"image\":{\"@type\":\"ImageObject\",\"inLanguage\":\"it-IT\",\"@id\":\"https:\/\/secure.gravatar.com\/avatar\/0546ffaa9b79224faf9f2a156b67a529ae861d3287c66c1d8ccfdf909bcba78d?s=96&d=mm&r=g\",\"url\":\"https:\/\/secure.gravatar.com\/avatar\/0546ffaa9b79224faf9f2a156b67a529ae861d3287c66c1d8ccfdf909bcba78d?s=96&d=mm&r=g\",\"contentUrl\":\"https:\/\/secure.gravatar.com\/avatar\/0546ffaa9b79224faf9f2a156b67a529ae861d3287c66c1d8ccfdf909bcba78d?s=96&d=mm&r=g\",\"caption\":\"Sebastiano Plutino\"},\"url\":\"https:\/\/progettotouring.it\/radiotouring104\/author\/sebastiano\/\"}]}<\/script>\n<!-- \/ Yoast SEO plugin. -->","yoast_head_json":{"title":"Isola Capo Rizzuto la V Edizione Calabria Sound Festival 2023","description":"Il\u00a0Calabria Sound Festival 2023, alla sua V edizione, si terr\u00e0 al\u00a0Camping Poker\u00a0di\u00a0Isola Capo Rizzuto, dal 28 al 30 luglio","robots":{"index":"index","follow":"follow","max-snippet":"max-snippet:-1","max-image-preview":"max-image-preview:large","max-video-preview":"max-video-preview:-1"},"canonical":"https:\/\/progettotouring.it\/radiotouring104\/2023\/06\/22\/isola-capo-rizzuto-la-v-edizione-calabria-sound-festival-2023\/","og_locale":"it_IT","og_type":"article","og_title":"Isola Capo Rizzuto la V Edizione Calabria Sound Festival 2023","og_description":"Il\u00a0Calabria Sound Festival 2023, alla sua V edizione, si terr\u00e0 al\u00a0Camping Poker\u00a0di\u00a0Isola Capo Rizzuto, dal 28 al 30 luglio","og_url":"https:\/\/progettotouring.it\/radiotouring104\/2023\/06\/22\/isola-capo-rizzuto-la-v-edizione-calabria-sound-festival-2023\/","og_site_name":"Radio Touring 104","article_published_time":"2023-06-22T09:18:39+00:00","og_image":[{"width":1618,"height":1284,"url":"https:\/\/progettotouring.it\/radiotouring104\/wp-content\/uploads\/sites\/6\/2023\/06\/Calabria-Sound-Festival.png","type":"image\/png"}],"author":"Sebastiano Plutino","twitter_card":"summary_large_image","twitter_misc":{"Scritto da":"Sebastiano Plutino","Tempo di lettura stimato":"2 minuti"},"schema":{"@context":"https:\/\/schema.org","@graph":[{"@type":"Article","@id":"https:\/\/progettotouring.it\/radiotouring104\/2023\/06\/22\/isola-capo-rizzuto-la-v-edizione-calabria-sound-festival-2023\/#article","isPartOf":{"@id":"https:\/\/progettotouring.it\/radiotouring104\/2023\/06\/22\/isola-capo-rizzuto-la-v-edizione-calabria-sound-festival-2023\/"},"author":{"name":"Sebastiano Plutino","@id":"https:\/\/progettotouring.it\/radiotouring104\/#\/schema\/person\/78613917f1851f041f7483f5af1d422e"},"headline":"Isola Capo Rizzuto la V Edizione Calabria Sound Festival 2023","datePublished":"2023-06-22T09:18:39+00:00","mainEntityOfPage":{"@id":"https:\/\/progettotouring.it\/radiotouring104\/2023\/06\/22\/isola-capo-rizzuto-la-v-edizione-calabria-sound-festival-2023\/"},"wordCount":474,"publisher":{"@id":"https:\/\/progettotouring.it\/radiotouring104\/#organization"},"image":{"@id":"https:\/\/progettotouring.it\/radiotouring104\/2023\/06\/22\/isola-capo-rizzuto-la-v-edizione-calabria-sound-festival-2023\/#primaryimage"},"thumbnailUrl":"https:\/\/progettotouring.it\/radiotouring104\/wp-content\/uploads\/sites\/6\/2023\/06\/Calabria-Sound-Festival.png","keywords":["Babaman","Calabria Sound Festival 2023","Camping Poker\u00a0di\u00a0Isola Capo Rizzuto","Compari Sodi","Gioman","Kilacat","Magic Beat Associazione \"Impulsi di Vita\"."],"articleSection":["Home","Musica"],"inLanguage":"it-IT"},{"@type":"WebPage","@id":"https:\/\/progettotouring.it\/radiotouring104\/2023\/06\/22\/isola-capo-rizzuto-la-v-edizione-calabria-sound-festival-2023\/","url":"https:\/\/progettotouring.it\/radiotouring104\/2023\/06\/22\/isola-capo-rizzuto-la-v-edizione-calabria-sound-festival-2023\/","name":"Isola Capo Rizzuto la V Edizione Calabria Sound Festival 2023","isPartOf":{"@id":"https:\/\/progettotouring.it\/radiotouring104\/#website"},"primaryImageOfPage":{"@id":"https:\/\/progettotouring.it\/radiotouring104\/2023\/06\/22\/isola-capo-rizzuto-la-v-edizione-calabria-sound-festival-2023\/#primaryimage"},"image":{"@id":"https:\/\/progettotouring.it\/radiotouring104\/2023\/06\/22\/isola-capo-rizzuto-la-v-edizione-calabria-sound-festival-2023\/#primaryimage"},"thumbnailUrl":"https:\/\/progettotouring.it\/radiotouring104\/wp-content\/uploads\/sites\/6\/2023\/06\/Calabria-Sound-Festival.png","datePublished":"2023-06-22T09:18:39+00:00","description":"Il\u00a0Calabria Sound Festival 2023, alla sua V edizione, si terr\u00e0 al\u00a0Camping Poker\u00a0di\u00a0Isola Capo Rizzuto, dal 28 al 30 luglio","breadcrumb":{"@id":"https:\/\/progettotouring.it\/radiotouring104\/2023\/06\/22\/isola-capo-rizzuto-la-v-edizione-calabria-sound-festival-2023\/#breadcrumb"},"inLanguage":"it-IT","potentialAction":[{"@type":"ReadAction","target":["https:\/\/progettotouring.it\/radiotouring104\/2023\/06\/22\/isola-capo-rizzuto-la-v-edizione-calabria-sound-festival-2023\/"]}]},{"@type":"ImageObject","inLanguage":"it-IT","@id":"https:\/\/progettotouring.it\/radiotouring104\/2023\/06\/22\/isola-capo-rizzuto-la-v-edizione-calabria-sound-festival-2023\/#primaryimage","url":"https:\/\/progettotouring.it\/radiotouring104\/wp-content\/uploads\/sites\/6\/2023\/06\/Calabria-Sound-Festival.png","contentUrl":"https:\/\/progettotouring.it\/radiotouring104\/wp-content\/uploads\/sites\/6\/2023\/06\/Calabria-Sound-Festival.png","width":1618,"height":1284},{"@type":"BreadcrumbList","@id":"https:\/\/progettotouring.it\/radiotouring104\/2023\/06\/22\/isola-capo-rizzuto-la-v-edizione-calabria-sound-festival-2023\/#breadcrumb","itemListElement":[{"@type":"ListItem","position":1,"name":"Home","item":"https:\/\/progettotouring.it\/radiotouring104\/"},{"@type":"ListItem","position":2,"name":"Isola Capo Rizzuto la V Edizione Calabria Sound Festival 2023"}]},{"@type":"WebSite","@id":"https:\/\/progettotouring.it\/radiotouring104\/#website","url":"https:\/\/progettotouring.it\/radiotouring104\/","name":"Radio Touring 104","description":"La prima radio Reggina","publisher":{"@id":"https:\/\/progettotouring.it\/radiotouring104\/#organization"},"potentialAction":[{"@type":"SearchAction","target":{"@type":"EntryPoint","urlTemplate":"https:\/\/progettotouring.it\/radiotouring104\/?s={search_term_string}"},"query-input":{"@type":"PropertyValueSpecification","valueRequired":true,"valueName":"search_term_string"}}],"inLanguage":"it-IT"},{"@type":"Organization","@id":"https:\/\/progettotouring.it\/radiotouring104\/#organization","name":"Radio Touring 104","url":"https:\/\/progettotouring.it\/radiotouring104\/","logo":{"@type":"ImageObject","inLanguage":"it-IT","@id":"https:\/\/progettotouring.it\/radiotouring104\/#\/schema\/logo\/image\/","url":"https:\/\/progettotouring.it\/radiotouring104\/wp-content\/uploads\/sites\/6\/2022\/02\/cropped-logo-radio-touring-104.png","contentUrl":"https:\/\/progettotouring.it\/radiotouring104\/wp-content\/uploads\/sites\/6\/2022\/02\/cropped-logo-radio-touring-104.png","width":377,"height":182,"caption":"Radio Touring 104"},"image":{"@id":"https:\/\/progettotouring.it\/radiotouring104\/#\/schema\/logo\/image\/"}},{"@type":"Person","@id":"https:\/\/progettotouring.it\/radiotouring104\/#\/schema\/person\/78613917f1851f041f7483f5af1d422e","name":"Sebastiano Plutino","image":{"@type":"ImageObject","inLanguage":"it-IT","@id":"https:\/\/secure.gravatar.com\/avatar\/0546ffaa9b79224faf9f2a156b67a529ae861d3287c66c1d8ccfdf909bcba78d?s=96&d=mm&r=g","url":"https:\/\/secure.gravatar.com\/avatar\/0546ffaa9b79224faf9f2a156b67a529ae861d3287c66c1d8ccfdf909bcba78d?s=96&d=mm&r=g","contentUrl":"https:\/\/secure.gravatar.com\/avatar\/0546ffaa9b79224faf9f2a156b67a529ae861d3287c66c1d8ccfdf909bcba78d?s=96&d=mm&r=g","caption":"Sebastiano Plutino"},"url":"https:\/\/progettotouring.it\/radiotouring104\/author\/sebastiano\/"}]}},"jetpack_publicize_connections":[],"jetpack_featured_media_url":"https:\/\/progettotouring.it\/radiotouring104\/wp-content\/uploads\/sites\/6\/2023\/06\/Calabria-Sound-Festival.png","jetpack_sharing_enabled":true,"_links":{"self":[{"href":"https:\/\/progettotouring.it\/radiotouring104\/wp-json\/wp\/v2\/posts\/28652","targetHints":{"allow":["GET"]}}],"collection":[{"href":"https:\/\/progettotouring.it\/radiotouring104\/wp-json\/wp\/v2\/posts"}],"about":[{"href":"https:\/\/progettotouring.it\/radiotouring104\/wp-json\/wp\/v2\/types\/post"}],"author":[{"embeddable":true,"href":"https:\/\/progettotouring.it\/radiotouring104\/wp-json\/wp\/v2\/users\/12"}],"replies":[{"embeddable":true,"href":"https:\/\/progettotouring.it\/radiotouring104\/wp-json\/wp\/v2\/comments?post=28652"}],"version-history":[{"count":1,"href":"https:\/\/progettotouring.it\/radiotouring104\/wp-json\/wp\/v2\/posts\/28652\/revisions"}],"predecessor-version":[{"id":28654,"href":"https:\/\/progettotouring.it\/radiotouring104\/wp-json\/wp\/v2\/posts\/28652\/revisions\/28654"}],"wp:featuredmedia":[{"embeddable":true,"href":"https:\/\/progettotouring.it\/radiotouring104\/wp-json\/wp\/v2\/media\/28653"}],"wp:attachment":[{"href":"https:\/\/progettotouring.it\/radiotouring104\/wp-json\/wp\/v2\/media?parent=28652"}],"wp:term":[{"taxonomy":"category","embeddable":true,"href":"https:\/\/progettotouring.it\/radiotouring104\/wp-json\/wp\/v2\/categories?post=28652"},{"taxonomy":"post_tag","embeddable":true,"href":"https:\/\/progettotouring.it\/radiotouring104\/wp-json\/wp\/v2\/tags?post=28652"}],"curies":[{"name":"wp","href":"https:\/\/api.w.org\/{rel}","templated":true}]}}