{"id":28666,"date":"2023-06-22T12:04:41","date_gmt":"2023-06-22T10:04:41","guid":{"rendered":"https:\/\/progettotouring.it\/radiotouring104\/?p=28666"},"modified":"2023-06-22T12:04:41","modified_gmt":"2023-06-22T10:04:41","slug":"la-strada-su-rimborso-canone-idrico-per-le-aree-di-non-potabilita","status":"publish","type":"post","link":"https:\/\/progettotouring.it\/radiotouring104\/2023\/06\/22\/la-strada-su-rimborso-canone-idrico-per-le-aree-di-non-potabilita\/","title":{"rendered":"La Strada su rimborso canone idrico per le aree di non potabilit\u00e0"},"content":{"rendered":"<p style=\"text-align: justify\"><strong>Riceviamo e pubblichiamo:<\/strong> <em>&#8220;Sono giorni in cui a molti cittadini arrivano bollette relative all\u2019idrico con importi notevoli e per le quali, giustamente, sono necessari approfondimenti. Da ci\u00f2 che possiamo intuire in questa fase, in attesa degli approfondimenti nelle sedi opportune,\u00a0 potrebbero non essere pochi i casi di errore o di prescrizione.<\/em><\/p>\n<p style=\"text-align: justify\"><em>Ma c\u2019\u00e8 un tema connesso alle bollette che La Strada affronta da diverso tempo, senza che sia arrivato alcun riscontro dall\u2019Amministrazione Comunale: il tema del rimborso per la non potabilit\u00e0 dell\u2019acqua. Come ormai \u00e8 noto, sono tante ed estese le aree della citt\u00e0 interessate nel tempo da ordinanze di non potabilit\u00e0 e per le quali, riteniamo, la cittadinanza avrebbe diritto al rimborso del 50%. Se calcoliamo che ci sono state ordinanze revocate dopo mesi, se non dopo anni, e che alcune di esse sono ancora in essere, possiamo ragionare che i rimborsi per gli utenti sarebbero cospicui. A questo punto \u00e8 importante anche capire se le bollette giunte in questi giorni a molti utenti tengono conto anche di questo o se sia possibile ottenere il rimborso con apposita domanda. Un ragionamento non da poco per un nucleo familiare che vede arrivare bollette con cifre da capogiro. All\u2019atto di ogni Ordinanza di non potabilit\u00e0 si provvede l\u2019invio ai settori comunali competenti ed anche ad Hermes: il calcolo del rimborso eventuale avviene gi\u00e0 in bolletta o i cittadini devono provvedere a chiederlo? Ne hanno diritto? Se no, perch\u00e9? E da quando questo non accade?<\/em><\/p>\n<p style=\"text-align: justify\"><em>Rammentiamo a tal proposito che nel 2013 la Commissione Straordinaria deliber\u00f2 il riconoscimento del 50% per gli utenti residenti nelle aree interessate da ordinanze di non potabilit\u00e0. Tale scelta avvenne anche in considerazione dei numerosi contenziosi intentati dagli utenti e che avrebbero messo il Comune davanti al fatto di dover rimborsare il 50% del canone pagato oltre\u00a0 al risarcimento dei danni patrimoniali e non patrimoniali, agli interessi e alle spese legali.<\/em><\/p>\n<p style=\"text-align: justify\"><em>Oggi non sappiamo cosa accada -e perch\u00e9, soprattutto. Non sappiamo se questo diritto permanga per la cittadinanza o siano state fatte altre considerazioni. Non sappiamo neanche da quando tale diritto -riconosciuto dalla terna commissariale- non sia pi\u00f9 eventualmente riconosciuto e se per gli anni pregressi il rimborso sia prescritto o meno. Proprio mentre arrivano bollette dell\u2019idrico relative anche a diversi anni fa. Abbiamo ricevuto soltanto risposte diverse e fra loro incongrue. Motivo per cui con il consigliere Saverio Pazzano abbiamo da circa un mese presentato un\u2019interrogazione a risposta scritta, che ad oggi non ha avuto alcun riscontro. Il consigliere ha provveduto a sollecitare a mezzo pec, ma entro la prossima settimana, non dovesse giungere risposta, chieder\u00e0 un incontro con il Prefetto. \u00c8 un tema di giustizia tributaria ma anche di salute pubblica su cui l\u2019Amministrazione Comunale non pu\u00f2 permettersi di tergiversare. Soprattutto in vista della discussione sul bilancio previsionale.<\/em><\/p>\n<p style=\"text-align: justify\"><em>Non capiamo come mai dagli uffici competenti non arrivi una risposta a una domanda semplice semplice. Se non hanno l\u2019acqua potabile, i cittadini hanno diritto a un rimborso?\u00a0\u00a0\u00a0\u00a0<\/em><\/p>\n","protected":false},"excerpt":{"rendered":"<p>Riceviamo e pubblichiamo: &#8220;Sono giorni in cui a molti cittadini arrivano bollette relative all\u2019idrico con importi notevoli e per le quali, giustamente, sono necessari approfondimenti. Da ci\u00f2 che possiamo intuire&hellip;<\/p>\n","protected":false},"author":12,"featured_media":9796,"comment_status":"closed","ping_status":"open","sticky":false,"template":"","format":"standard","meta":{"_jetpack_memberships_contains_paid_content":false,"footnotes":"","jetpack_publicize_message":"","jetpack_publicize_feature_enabled":true,"jetpack_social_post_already_shared":false,"jetpack_social_options":{"image_generator_settings":{"template":"highway","default_image_id":0,"font":"","enabled":false},"version":2}},"categories":[921,196,140],"tags":[],"class_list":["post-28666","post","type-post","status-publish","format-standard","has-post-thumbnail","hentry","category-home","category-news","category-reggio-calabria"],"yoast_head":"<!-- This site is optimized with the Yoast SEO plugin v27.2 - https:\/\/yoast.com\/product\/yoast-seo-wordpress\/ -->\n<title>La Strada su rimborso canone idrico per le aree di non potabilit\u00e0<\/title>\n<meta name=\"description\" content=\"Comunicato del Movimento &quot;La Strada&quot; su rimborso canone idrico per le aree di non potabilit\u00e0 sul quale \u00e8 necessario approfondire\" \/>\n<meta name=\"robots\" content=\"index, follow, max-snippet:-1, max-image-preview:large, max-video-preview:-1\" \/>\n<link rel=\"canonical\" href=\"https:\/\/progettotouring.it\/radiotouring104\/2023\/06\/22\/la-strada-su-rimborso-canone-idrico-per-le-aree-di-non-potabilita\/\" \/>\n<meta property=\"og:locale\" content=\"it_IT\" \/>\n<meta property=\"og:type\" content=\"article\" \/>\n<meta property=\"og:title\" content=\"La Strada su rimborso canone idrico per le aree di non potabilit\u00e0\" \/>\n<meta property=\"og:description\" content=\"Comunicato del Movimento &quot;La Strada&quot; su rimborso canone idrico per le aree di non potabilit\u00e0 sul quale \u00e8 necessario approfondire\" \/>\n<meta property=\"og:url\" content=\"https:\/\/progettotouring.it\/radiotouring104\/2023\/06\/22\/la-strada-su-rimborso-canone-idrico-per-le-aree-di-non-potabilita\/\" \/>\n<meta property=\"og:site_name\" content=\"Radio Touring 104\" \/>\n<meta property=\"article:published_time\" content=\"2023-06-22T10:04:41+00:00\" \/>\n<meta property=\"og:image\" content=\"https:\/\/progettotouring.it\/radiotouring104\/wp-content\/uploads\/sites\/6\/2022\/09\/La-Strada.png\" \/>\n\t<meta property=\"og:image:width\" content=\"1110\" \/>\n\t<meta property=\"og:image:height\" content=\"630\" \/>\n\t<meta property=\"og:image:type\" content=\"image\/png\" \/>\n<meta name=\"author\" content=\"Sebastiano Plutino\" \/>\n<meta name=\"twitter:card\" content=\"summary_large_image\" \/>\n<meta name=\"twitter:label1\" content=\"Scritto da\" \/>\n\t<meta name=\"twitter:data1\" content=\"Sebastiano Plutino\" \/>\n\t<meta name=\"twitter:label2\" content=\"Tempo di lettura stimato\" \/>\n\t<meta name=\"twitter:data2\" content=\"2 minuti\" \/>\n<script type=\"application\/ld+json\" class=\"yoast-schema-graph\">{\"@context\":\"https:\/\/schema.org\",\"@graph\":[{\"@type\":\"Article\",\"@id\":\"https:\/\/progettotouring.it\/radiotouring104\/2023\/06\/22\/la-strada-su-rimborso-canone-idrico-per-le-aree-di-non-potabilita\/#article\",\"isPartOf\":{\"@id\":\"https:\/\/progettotouring.it\/radiotouring104\/2023\/06\/22\/la-strada-su-rimborso-canone-idrico-per-le-aree-di-non-potabilita\/\"},\"author\":{\"name\":\"Sebastiano Plutino\",\"@id\":\"https:\/\/progettotouring.it\/radiotouring104\/#\/schema\/person\/78613917f1851f041f7483f5af1d422e\"},\"headline\":\"La Strada su rimborso canone idrico per le aree di non potabilit\u00e0\",\"datePublished\":\"2023-06-22T10:04:41+00:00\",\"mainEntityOfPage\":{\"@id\":\"https:\/\/progettotouring.it\/radiotouring104\/2023\/06\/22\/la-strada-su-rimborso-canone-idrico-per-le-aree-di-non-potabilita\/\"},\"wordCount\":505,\"publisher\":{\"@id\":\"https:\/\/progettotouring.it\/radiotouring104\/#organization\"},\"image\":{\"@id\":\"https:\/\/progettotouring.it\/radiotouring104\/2023\/06\/22\/la-strada-su-rimborso-canone-idrico-per-le-aree-di-non-potabilita\/#primaryimage\"},\"thumbnailUrl\":\"https:\/\/progettotouring.it\/radiotouring104\/wp-content\/uploads\/sites\/6\/2022\/09\/La-Strada.png\",\"articleSection\":[\"Home\",\"News\",\"Reggio Calabria\"],\"inLanguage\":\"it-IT\"},{\"@type\":\"WebPage\",\"@id\":\"https:\/\/progettotouring.it\/radiotouring104\/2023\/06\/22\/la-strada-su-rimborso-canone-idrico-per-le-aree-di-non-potabilita\/\",\"url\":\"https:\/\/progettotouring.it\/radiotouring104\/2023\/06\/22\/la-strada-su-rimborso-canone-idrico-per-le-aree-di-non-potabilita\/\",\"name\":\"La Strada su rimborso canone idrico per le aree di non potabilit\u00e0\",\"isPartOf\":{\"@id\":\"https:\/\/progettotouring.it\/radiotouring104\/#website\"},\"primaryImageOfPage\":{\"@id\":\"https:\/\/progettotouring.it\/radiotouring104\/2023\/06\/22\/la-strada-su-rimborso-canone-idrico-per-le-aree-di-non-potabilita\/#primaryimage\"},\"image\":{\"@id\":\"https:\/\/progettotouring.it\/radiotouring104\/2023\/06\/22\/la-strada-su-rimborso-canone-idrico-per-le-aree-di-non-potabilita\/#primaryimage\"},\"thumbnailUrl\":\"https:\/\/progettotouring.it\/radiotouring104\/wp-content\/uploads\/sites\/6\/2022\/09\/La-Strada.png\",\"datePublished\":\"2023-06-22T10:04:41+00:00\",\"description\":\"Comunicato del Movimento \\\"La Strada\\\" su rimborso canone idrico per le aree di non potabilit\u00e0 sul quale \u00e8 necessario approfondire\",\"breadcrumb\":{\"@id\":\"https:\/\/progettotouring.it\/radiotouring104\/2023\/06\/22\/la-strada-su-rimborso-canone-idrico-per-le-aree-di-non-potabilita\/#breadcrumb\"},\"inLanguage\":\"it-IT\",\"potentialAction\":[{\"@type\":\"ReadAction\",\"target\":[\"https:\/\/progettotouring.it\/radiotouring104\/2023\/06\/22\/la-strada-su-rimborso-canone-idrico-per-le-aree-di-non-potabilita\/\"]}]},{\"@type\":\"ImageObject\",\"inLanguage\":\"it-IT\",\"@id\":\"https:\/\/progettotouring.it\/radiotouring104\/2023\/06\/22\/la-strada-su-rimborso-canone-idrico-per-le-aree-di-non-potabilita\/#primaryimage\",\"url\":\"https:\/\/progettotouring.it\/radiotouring104\/wp-content\/uploads\/sites\/6\/2022\/09\/La-Strada.png\",\"contentUrl\":\"https:\/\/progettotouring.it\/radiotouring104\/wp-content\/uploads\/sites\/6\/2022\/09\/La-Strada.png\",\"width\":1110,\"height\":630},{\"@type\":\"BreadcrumbList\",\"@id\":\"https:\/\/progettotouring.it\/radiotouring104\/2023\/06\/22\/la-strada-su-rimborso-canone-idrico-per-le-aree-di-non-potabilita\/#breadcrumb\",\"itemListElement\":[{\"@type\":\"ListItem\",\"position\":1,\"name\":\"Home\",\"item\":\"https:\/\/progettotouring.it\/radiotouring104\/\"},{\"@type\":\"ListItem\",\"position\":2,\"name\":\"La Strada su rimborso canone idrico per le aree di non potabilit\u00e0\"}]},{\"@type\":\"WebSite\",\"@id\":\"https:\/\/progettotouring.it\/radiotouring104\/#website\",\"url\":\"https:\/\/progettotouring.it\/radiotouring104\/\",\"name\":\"Radio Touring 104\",\"description\":\"La prima radio Reggina\",\"publisher\":{\"@id\":\"https:\/\/progettotouring.it\/radiotouring104\/#organization\"},\"potentialAction\":[{\"@type\":\"SearchAction\",\"target\":{\"@type\":\"EntryPoint\",\"urlTemplate\":\"https:\/\/progettotouring.it\/radiotouring104\/?s={search_term_string}\"},\"query-input\":{\"@type\":\"PropertyValueSpecification\",\"valueRequired\":true,\"valueName\":\"search_term_string\"}}],\"inLanguage\":\"it-IT\"},{\"@type\":\"Organization\",\"@id\":\"https:\/\/progettotouring.it\/radiotouring104\/#organization\",\"name\":\"Radio Touring 104\",\"url\":\"https:\/\/progettotouring.it\/radiotouring104\/\",\"logo\":{\"@type\":\"ImageObject\",\"inLanguage\":\"it-IT\",\"@id\":\"https:\/\/progettotouring.it\/radiotouring104\/#\/schema\/logo\/image\/\",\"url\":\"https:\/\/progettotouring.it\/radiotouring104\/wp-content\/uploads\/sites\/6\/2022\/02\/cropped-logo-radio-touring-104.png\",\"contentUrl\":\"https:\/\/progettotouring.it\/radiotouring104\/wp-content\/uploads\/sites\/6\/2022\/02\/cropped-logo-radio-touring-104.png\",\"width\":377,\"height\":182,\"caption\":\"Radio Touring 104\"},\"image\":{\"@id\":\"https:\/\/progettotouring.it\/radiotouring104\/#\/schema\/logo\/image\/\"}},{\"@type\":\"Person\",\"@id\":\"https:\/\/progettotouring.it\/radiotouring104\/#\/schema\/person\/78613917f1851f041f7483f5af1d422e\",\"name\":\"Sebastiano Plutino\",\"image\":{\"@type\":\"ImageObject\",\"inLanguage\":\"it-IT\",\"@id\":\"https:\/\/secure.gravatar.com\/avatar\/0546ffaa9b79224faf9f2a156b67a529ae861d3287c66c1d8ccfdf909bcba78d?s=96&d=mm&r=g\",\"url\":\"https:\/\/secure.gravatar.com\/avatar\/0546ffaa9b79224faf9f2a156b67a529ae861d3287c66c1d8ccfdf909bcba78d?s=96&d=mm&r=g\",\"contentUrl\":\"https:\/\/secure.gravatar.com\/avatar\/0546ffaa9b79224faf9f2a156b67a529ae861d3287c66c1d8ccfdf909bcba78d?s=96&d=mm&r=g\",\"caption\":\"Sebastiano Plutino\"},\"url\":\"https:\/\/progettotouring.it\/radiotouring104\/author\/sebastiano\/\"}]}<\/script>\n<!-- \/ Yoast SEO plugin. -->","yoast_head_json":{"title":"La Strada su rimborso canone idrico per le aree di non potabilit\u00e0","description":"Comunicato del Movimento \"La Strada\" su rimborso canone idrico per le aree di non potabilit\u00e0 sul quale \u00e8 necessario approfondire","robots":{"index":"index","follow":"follow","max-snippet":"max-snippet:-1","max-image-preview":"max-image-preview:large","max-video-preview":"max-video-preview:-1"},"canonical":"https:\/\/progettotouring.it\/radiotouring104\/2023\/06\/22\/la-strada-su-rimborso-canone-idrico-per-le-aree-di-non-potabilita\/","og_locale":"it_IT","og_type":"article","og_title":"La Strada su rimborso canone idrico per le aree di non potabilit\u00e0","og_description":"Comunicato del Movimento \"La Strada\" su rimborso canone idrico per le aree di non potabilit\u00e0 sul quale \u00e8 necessario approfondire","og_url":"https:\/\/progettotouring.it\/radiotouring104\/2023\/06\/22\/la-strada-su-rimborso-canone-idrico-per-le-aree-di-non-potabilita\/","og_site_name":"Radio Touring 104","article_published_time":"2023-06-22T10:04:41+00:00","og_image":[{"width":1110,"height":630,"url":"https:\/\/progettotouring.it\/radiotouring104\/wp-content\/uploads\/sites\/6\/2022\/09\/La-Strada.png","type":"image\/png"}],"author":"Sebastiano Plutino","twitter_card":"summary_large_image","twitter_misc":{"Scritto da":"Sebastiano Plutino","Tempo di lettura stimato":"2 minuti"},"schema":{"@context":"https:\/\/schema.org","@graph":[{"@type":"Article","@id":"https:\/\/progettotouring.it\/radiotouring104\/2023\/06\/22\/la-strada-su-rimborso-canone-idrico-per-le-aree-di-non-potabilita\/#article","isPartOf":{"@id":"https:\/\/progettotouring.it\/radiotouring104\/2023\/06\/22\/la-strada-su-rimborso-canone-idrico-per-le-aree-di-non-potabilita\/"},"author":{"name":"Sebastiano Plutino","@id":"https:\/\/progettotouring.it\/radiotouring104\/#\/schema\/person\/78613917f1851f041f7483f5af1d422e"},"headline":"La Strada su rimborso canone idrico per le aree di non potabilit\u00e0","datePublished":"2023-06-22T10:04:41+00:00","mainEntityOfPage":{"@id":"https:\/\/progettotouring.it\/radiotouring104\/2023\/06\/22\/la-strada-su-rimborso-canone-idrico-per-le-aree-di-non-potabilita\/"},"wordCount":505,"publisher":{"@id":"https:\/\/progettotouring.it\/radiotouring104\/#organization"},"image":{"@id":"https:\/\/progettotouring.it\/radiotouring104\/2023\/06\/22\/la-strada-su-rimborso-canone-idrico-per-le-aree-di-non-potabilita\/#primaryimage"},"thumbnailUrl":"https:\/\/progettotouring.it\/radiotouring104\/wp-content\/uploads\/sites\/6\/2022\/09\/La-Strada.png","articleSection":["Home","News","Reggio Calabria"],"inLanguage":"it-IT"},{"@type":"WebPage","@id":"https:\/\/progettotouring.it\/radiotouring104\/2023\/06\/22\/la-strada-su-rimborso-canone-idrico-per-le-aree-di-non-potabilita\/","url":"https:\/\/progettotouring.it\/radiotouring104\/2023\/06\/22\/la-strada-su-rimborso-canone-idrico-per-le-aree-di-non-potabilita\/","name":"La Strada su rimborso canone idrico per le aree di non potabilit\u00e0","isPartOf":{"@id":"https:\/\/progettotouring.it\/radiotouring104\/#website"},"primaryImageOfPage":{"@id":"https:\/\/progettotouring.it\/radiotouring104\/2023\/06\/22\/la-strada-su-rimborso-canone-idrico-per-le-aree-di-non-potabilita\/#primaryimage"},"image":{"@id":"https:\/\/progettotouring.it\/radiotouring104\/2023\/06\/22\/la-strada-su-rimborso-canone-idrico-per-le-aree-di-non-potabilita\/#primaryimage"},"thumbnailUrl":"https:\/\/progettotouring.it\/radiotouring104\/wp-content\/uploads\/sites\/6\/2022\/09\/La-Strada.png","datePublished":"2023-06-22T10:04:41+00:00","description":"Comunicato del Movimento \"La Strada\" su rimborso canone idrico per le aree di non potabilit\u00e0 sul quale \u00e8 necessario approfondire","breadcrumb":{"@id":"https:\/\/progettotouring.it\/radiotouring104\/2023\/06\/22\/la-strada-su-rimborso-canone-idrico-per-le-aree-di-non-potabilita\/#breadcrumb"},"inLanguage":"it-IT","potentialAction":[{"@type":"ReadAction","target":["https:\/\/progettotouring.it\/radiotouring104\/2023\/06\/22\/la-strada-su-rimborso-canone-idrico-per-le-aree-di-non-potabilita\/"]}]},{"@type":"ImageObject","inLanguage":"it-IT","@id":"https:\/\/progettotouring.it\/radiotouring104\/2023\/06\/22\/la-strada-su-rimborso-canone-idrico-per-le-aree-di-non-potabilita\/#primaryimage","url":"https:\/\/progettotouring.it\/radiotouring104\/wp-content\/uploads\/sites\/6\/2022\/09\/La-Strada.png","contentUrl":"https:\/\/progettotouring.it\/radiotouring104\/wp-content\/uploads\/sites\/6\/2022\/09\/La-Strada.png","width":1110,"height":630},{"@type":"BreadcrumbList","@id":"https:\/\/progettotouring.it\/radiotouring104\/2023\/06\/22\/la-strada-su-rimborso-canone-idrico-per-le-aree-di-non-potabilita\/#breadcrumb","itemListElement":[{"@type":"ListItem","position":1,"name":"Home","item":"https:\/\/progettotouring.it\/radiotouring104\/"},{"@type":"ListItem","position":2,"name":"La Strada su rimborso canone idrico per le aree di non potabilit\u00e0"}]},{"@type":"WebSite","@id":"https:\/\/progettotouring.it\/radiotouring104\/#website","url":"https:\/\/progettotouring.it\/radiotouring104\/","name":"Radio Touring 104","description":"La prima radio Reggina","publisher":{"@id":"https:\/\/progettotouring.it\/radiotouring104\/#organization"},"potentialAction":[{"@type":"SearchAction","target":{"@type":"EntryPoint","urlTemplate":"https:\/\/progettotouring.it\/radiotouring104\/?s={search_term_string}"},"query-input":{"@type":"PropertyValueSpecification","valueRequired":true,"valueName":"search_term_string"}}],"inLanguage":"it-IT"},{"@type":"Organization","@id":"https:\/\/progettotouring.it\/radiotouring104\/#organization","name":"Radio Touring 104","url":"https:\/\/progettotouring.it\/radiotouring104\/","logo":{"@type":"ImageObject","inLanguage":"it-IT","@id":"https:\/\/progettotouring.it\/radiotouring104\/#\/schema\/logo\/image\/","url":"https:\/\/progettotouring.it\/radiotouring104\/wp-content\/uploads\/sites\/6\/2022\/02\/cropped-logo-radio-touring-104.png","contentUrl":"https:\/\/progettotouring.it\/radiotouring104\/wp-content\/uploads\/sites\/6\/2022\/02\/cropped-logo-radio-touring-104.png","width":377,"height":182,"caption":"Radio Touring 104"},"image":{"@id":"https:\/\/progettotouring.it\/radiotouring104\/#\/schema\/logo\/image\/"}},{"@type":"Person","@id":"https:\/\/progettotouring.it\/radiotouring104\/#\/schema\/person\/78613917f1851f041f7483f5af1d422e","name":"Sebastiano Plutino","image":{"@type":"ImageObject","inLanguage":"it-IT","@id":"https:\/\/secure.gravatar.com\/avatar\/0546ffaa9b79224faf9f2a156b67a529ae861d3287c66c1d8ccfdf909bcba78d?s=96&d=mm&r=g","url":"https:\/\/secure.gravatar.com\/avatar\/0546ffaa9b79224faf9f2a156b67a529ae861d3287c66c1d8ccfdf909bcba78d?s=96&d=mm&r=g","contentUrl":"https:\/\/secure.gravatar.com\/avatar\/0546ffaa9b79224faf9f2a156b67a529ae861d3287c66c1d8ccfdf909bcba78d?s=96&d=mm&r=g","caption":"Sebastiano Plutino"},"url":"https:\/\/progettotouring.it\/radiotouring104\/author\/sebastiano\/"}]}},"jetpack_publicize_connections":[],"jetpack_featured_media_url":"https:\/\/progettotouring.it\/radiotouring104\/wp-content\/uploads\/sites\/6\/2022\/09\/La-Strada.png","jetpack_sharing_enabled":true,"_links":{"self":[{"href":"https:\/\/progettotouring.it\/radiotouring104\/wp-json\/wp\/v2\/posts\/28666","targetHints":{"allow":["GET"]}}],"collection":[{"href":"https:\/\/progettotouring.it\/radiotouring104\/wp-json\/wp\/v2\/posts"}],"about":[{"href":"https:\/\/progettotouring.it\/radiotouring104\/wp-json\/wp\/v2\/types\/post"}],"author":[{"embeddable":true,"href":"https:\/\/progettotouring.it\/radiotouring104\/wp-json\/wp\/v2\/users\/12"}],"replies":[{"embeddable":true,"href":"https:\/\/progettotouring.it\/radiotouring104\/wp-json\/wp\/v2\/comments?post=28666"}],"version-history":[{"count":1,"href":"https:\/\/progettotouring.it\/radiotouring104\/wp-json\/wp\/v2\/posts\/28666\/revisions"}],"predecessor-version":[{"id":28667,"href":"https:\/\/progettotouring.it\/radiotouring104\/wp-json\/wp\/v2\/posts\/28666\/revisions\/28667"}],"wp:featuredmedia":[{"embeddable":true,"href":"https:\/\/progettotouring.it\/radiotouring104\/wp-json\/wp\/v2\/media\/9796"}],"wp:attachment":[{"href":"https:\/\/progettotouring.it\/radiotouring104\/wp-json\/wp\/v2\/media?parent=28666"}],"wp:term":[{"taxonomy":"category","embeddable":true,"href":"https:\/\/progettotouring.it\/radiotouring104\/wp-json\/wp\/v2\/categories?post=28666"},{"taxonomy":"post_tag","embeddable":true,"href":"https:\/\/progettotouring.it\/radiotouring104\/wp-json\/wp\/v2\/tags?post=28666"}],"curies":[{"name":"wp","href":"https:\/\/api.w.org\/{rel}","templated":true}]}}