{"id":28668,"date":"2023-06-22T12:15:20","date_gmt":"2023-06-22T10:15:20","guid":{"rendered":"https:\/\/progettotouring.it\/radiotouring104\/?p=28668"},"modified":"2023-06-22T12:15:20","modified_gmt":"2023-06-22T10:15:20","slug":"uecoop-calabria-giovanni-ielo-presidente","status":"publish","type":"post","link":"https:\/\/progettotouring.it\/radiotouring104\/2023\/06\/22\/uecoop-calabria-giovanni-ielo-presidente\/","title":{"rendered":"UeCoop Calabria: Giovanni Ielo presidente"},"content":{"rendered":"<p style=\"text-align: justify\"><b>Per la Calabria nella Giunta Esecutiva \u00e8 stato eletto\u00a0<\/b><b>Giovanni Ielo presidente di UeCoop Calabria e presidente\u00a0\u00a0della Cooperativa Agazzi di Vibo Valentia<\/b>\u00a0che gestisce una scuola dal micronido fino alla primaria.\u00a0L\u2019Unione europea delle cooperative \u00e8 un\u2019associazione nazionale di rappresentanza, assistenza, tutela e revisione del movimento cooperativo. Uecoop \u00e8 presente in tutti i comparti dell&#8217;economia mutualistica dal sociale all&#8217;agricoltura, dalla pesca all&#8217;abitazione, dalla produzione lavoro all&#8217;alimentare, dai servizi scolastici alla produzione lavoro, fino alla scuola, alla cultura e agli spettacoli. Uecoop sostiene la funzione sociale della cooperazione riconosciuta dalla Costituzione per essere un riferimento effettivo per tutte le cooperative che operano in un quadro di trasparenza e di legalit\u00e0. La sfida di Uecoop \u00e8 quella di un modello di cooperazione che mette al centro la persona, con una visione strategica e azioni di carattere politico, sociale ed economico. \u201c<i>Sono molto onorato per questa elezione \u2013\u00a0<b>ha dichiarato Ielo<\/b>\u00a0\u2013 credo molto e sostengo l&#8217;importanza di una collaborazione fra i diversi settori della cooperazione oltre che di un&#8217;azione di sussidiariet\u00e0 che in Calabria \u00e8 essenziale perch\u00e9 alimenta i servizi pubblici in diverse aree della regione\u00a0\u00a0dove questi mancano o sono carenti, senza dimenticare il valore della formazione per creare figure professionali nuove e offrire una prospettiva di futuro ai giovani. In questo senso la cooperazione pu\u00f2 e deve giocare un ruolo strategico fondamentale\u201d<\/i>. UECOOP Calabria \u00e8 una realt\u00e0 in espansione che ad oggi associa 304 cooperative con 15mila soci. L\u2019assemblea\u00a0\u00a0ha ringraziato Gherardo Colombo, il presidente uscente, per il prezioso lavoro realizzato nell&#8217;ambito del proprio mandato quinquennale.<\/p>\n","protected":false},"excerpt":{"rendered":"<p>Per la Calabria nella Giunta Esecutiva \u00e8 stato eletto\u00a0Giovanni Ielo presidente di UeCoop Calabria e presidente\u00a0\u00a0della Cooperativa Agazzi di Vibo Valentia\u00a0che gestisce una scuola dal micronido fino alla primaria.\u00a0L\u2019Unione europea&hellip;<\/p>\n","protected":false},"author":12,"featured_media":28669,"comment_status":"closed","ping_status":"open","sticky":false,"template":"","format":"standard","meta":{"_jetpack_memberships_contains_paid_content":false,"footnotes":"","jetpack_publicize_message":"","jetpack_publicize_feature_enabled":true,"jetpack_social_post_already_shared":false,"jetpack_social_options":{"image_generator_settings":{"template":"highway","default_image_id":0,"font":"","enabled":false},"version":2}},"categories":[921,196,140],"tags":[17550,17551,17552],"class_list":["post-28668","post","type-post","status-publish","format-standard","has-post-thumbnail","hentry","category-home","category-news","category-reggio-calabria","tag-cooperativa-agazzi-di-vibo","tag-giovanni-ielo-presidente","tag-uecoop-calabria"],"yoast_head":"<!-- This site is optimized with the Yoast SEO plugin v27.2 - https:\/\/yoast.com\/product\/yoast-seo-wordpress\/ -->\n<title>UeCoop Calabria: Giovanni Ielo presidente<\/title>\n<meta name=\"description\" content=\"Per la Calabria nella Giunta Esecutiva, eletto\u00a0Giovanni Ielo presidente di UeCoop Calabria e presidente\u00a0della Cooperativa Agazzi di Vibo\" \/>\n<meta name=\"robots\" content=\"index, follow, max-snippet:-1, max-image-preview:large, max-video-preview:-1\" \/>\n<link rel=\"canonical\" href=\"https:\/\/progettotouring.it\/radiotouring104\/2023\/06\/22\/uecoop-calabria-giovanni-ielo-presidente\/\" \/>\n<meta property=\"og:locale\" content=\"it_IT\" \/>\n<meta property=\"og:type\" content=\"article\" \/>\n<meta property=\"og:title\" content=\"UeCoop Calabria: Giovanni Ielo presidente\" \/>\n<meta property=\"og:description\" content=\"Per la Calabria nella Giunta Esecutiva, eletto\u00a0Giovanni Ielo presidente di UeCoop Calabria e presidente\u00a0della Cooperativa Agazzi di Vibo\" \/>\n<meta property=\"og:url\" content=\"https:\/\/progettotouring.it\/radiotouring104\/2023\/06\/22\/uecoop-calabria-giovanni-ielo-presidente\/\" \/>\n<meta property=\"og:site_name\" content=\"Radio Touring 104\" \/>\n<meta property=\"article:published_time\" content=\"2023-06-22T10:15:20+00:00\" \/>\n<meta property=\"og:image\" content=\"https:\/\/progettotouring.it\/radiotouring104\/wp-content\/uploads\/sites\/6\/2023\/06\/Giovanni-Ielo-presidente-UeCoop.jpg\" \/>\n\t<meta property=\"og:image:width\" content=\"800\" \/>\n\t<meta property=\"og:image:height\" content=\"800\" \/>\n\t<meta property=\"og:image:type\" content=\"image\/jpeg\" \/>\n<meta name=\"author\" content=\"Sebastiano Plutino\" \/>\n<meta name=\"twitter:card\" content=\"summary_large_image\" \/>\n<meta name=\"twitter:label1\" content=\"Scritto da\" \/>\n\t<meta name=\"twitter:data1\" content=\"Sebastiano Plutino\" \/>\n\t<meta name=\"twitter:label2\" content=\"Tempo di lettura stimato\" \/>\n\t<meta name=\"twitter:data2\" content=\"1 minuto\" \/>\n<script type=\"application\/ld+json\" class=\"yoast-schema-graph\">{\"@context\":\"https:\/\/schema.org\",\"@graph\":[{\"@type\":\"Article\",\"@id\":\"https:\/\/progettotouring.it\/radiotouring104\/2023\/06\/22\/uecoop-calabria-giovanni-ielo-presidente\/#article\",\"isPartOf\":{\"@id\":\"https:\/\/progettotouring.it\/radiotouring104\/2023\/06\/22\/uecoop-calabria-giovanni-ielo-presidente\/\"},\"author\":{\"name\":\"Sebastiano Plutino\",\"@id\":\"https:\/\/progettotouring.it\/radiotouring104\/#\/schema\/person\/78613917f1851f041f7483f5af1d422e\"},\"headline\":\"UeCoop Calabria: Giovanni Ielo presidente\",\"datePublished\":\"2023-06-22T10:15:20+00:00\",\"mainEntityOfPage\":{\"@id\":\"https:\/\/progettotouring.it\/radiotouring104\/2023\/06\/22\/uecoop-calabria-giovanni-ielo-presidente\/\"},\"wordCount\":256,\"publisher\":{\"@id\":\"https:\/\/progettotouring.it\/radiotouring104\/#organization\"},\"image\":{\"@id\":\"https:\/\/progettotouring.it\/radiotouring104\/2023\/06\/22\/uecoop-calabria-giovanni-ielo-presidente\/#primaryimage\"},\"thumbnailUrl\":\"https:\/\/progettotouring.it\/radiotouring104\/wp-content\/uploads\/sites\/6\/2023\/06\/Giovanni-Ielo-presidente-UeCoop.jpg\",\"keywords\":[\"Cooperativa Agazzi di Vibo\",\"Giovanni Ielo presidente\",\"UeCoop Calabria\"],\"articleSection\":[\"Home\",\"News\",\"Reggio Calabria\"],\"inLanguage\":\"it-IT\"},{\"@type\":\"WebPage\",\"@id\":\"https:\/\/progettotouring.it\/radiotouring104\/2023\/06\/22\/uecoop-calabria-giovanni-ielo-presidente\/\",\"url\":\"https:\/\/progettotouring.it\/radiotouring104\/2023\/06\/22\/uecoop-calabria-giovanni-ielo-presidente\/\",\"name\":\"UeCoop Calabria: Giovanni Ielo presidente\",\"isPartOf\":{\"@id\":\"https:\/\/progettotouring.it\/radiotouring104\/#website\"},\"primaryImageOfPage\":{\"@id\":\"https:\/\/progettotouring.it\/radiotouring104\/2023\/06\/22\/uecoop-calabria-giovanni-ielo-presidente\/#primaryimage\"},\"image\":{\"@id\":\"https:\/\/progettotouring.it\/radiotouring104\/2023\/06\/22\/uecoop-calabria-giovanni-ielo-presidente\/#primaryimage\"},\"thumbnailUrl\":\"https:\/\/progettotouring.it\/radiotouring104\/wp-content\/uploads\/sites\/6\/2023\/06\/Giovanni-Ielo-presidente-UeCoop.jpg\",\"datePublished\":\"2023-06-22T10:15:20+00:00\",\"description\":\"Per la Calabria nella Giunta Esecutiva, eletto\u00a0Giovanni Ielo presidente di UeCoop Calabria e presidente\u00a0della Cooperativa Agazzi di Vibo\",\"breadcrumb\":{\"@id\":\"https:\/\/progettotouring.it\/radiotouring104\/2023\/06\/22\/uecoop-calabria-giovanni-ielo-presidente\/#breadcrumb\"},\"inLanguage\":\"it-IT\",\"potentialAction\":[{\"@type\":\"ReadAction\",\"target\":[\"https:\/\/progettotouring.it\/radiotouring104\/2023\/06\/22\/uecoop-calabria-giovanni-ielo-presidente\/\"]}]},{\"@type\":\"ImageObject\",\"inLanguage\":\"it-IT\",\"@id\":\"https:\/\/progettotouring.it\/radiotouring104\/2023\/06\/22\/uecoop-calabria-giovanni-ielo-presidente\/#primaryimage\",\"url\":\"https:\/\/progettotouring.it\/radiotouring104\/wp-content\/uploads\/sites\/6\/2023\/06\/Giovanni-Ielo-presidente-UeCoop.jpg\",\"contentUrl\":\"https:\/\/progettotouring.it\/radiotouring104\/wp-content\/uploads\/sites\/6\/2023\/06\/Giovanni-Ielo-presidente-UeCoop.jpg\",\"width\":800,\"height\":800},{\"@type\":\"BreadcrumbList\",\"@id\":\"https:\/\/progettotouring.it\/radiotouring104\/2023\/06\/22\/uecoop-calabria-giovanni-ielo-presidente\/#breadcrumb\",\"itemListElement\":[{\"@type\":\"ListItem\",\"position\":1,\"name\":\"Home\",\"item\":\"https:\/\/progettotouring.it\/radiotouring104\/\"},{\"@type\":\"ListItem\",\"position\":2,\"name\":\"UeCoop Calabria: Giovanni Ielo presidente\"}]},{\"@type\":\"WebSite\",\"@id\":\"https:\/\/progettotouring.it\/radiotouring104\/#website\",\"url\":\"https:\/\/progettotouring.it\/radiotouring104\/\",\"name\":\"Radio Touring 104\",\"description\":\"La prima radio Reggina\",\"publisher\":{\"@id\":\"https:\/\/progettotouring.it\/radiotouring104\/#organization\"},\"potentialAction\":[{\"@type\":\"SearchAction\",\"target\":{\"@type\":\"EntryPoint\",\"urlTemplate\":\"https:\/\/progettotouring.it\/radiotouring104\/?s={search_term_string}\"},\"query-input\":{\"@type\":\"PropertyValueSpecification\",\"valueRequired\":true,\"valueName\":\"search_term_string\"}}],\"inLanguage\":\"it-IT\"},{\"@type\":\"Organization\",\"@id\":\"https:\/\/progettotouring.it\/radiotouring104\/#organization\",\"name\":\"Radio Touring 104\",\"url\":\"https:\/\/progettotouring.it\/radiotouring104\/\",\"logo\":{\"@type\":\"ImageObject\",\"inLanguage\":\"it-IT\",\"@id\":\"https:\/\/progettotouring.it\/radiotouring104\/#\/schema\/logo\/image\/\",\"url\":\"https:\/\/progettotouring.it\/radiotouring104\/wp-content\/uploads\/sites\/6\/2022\/02\/cropped-logo-radio-touring-104.png\",\"contentUrl\":\"https:\/\/progettotouring.it\/radiotouring104\/wp-content\/uploads\/sites\/6\/2022\/02\/cropped-logo-radio-touring-104.png\",\"width\":377,\"height\":182,\"caption\":\"Radio Touring 104\"},\"image\":{\"@id\":\"https:\/\/progettotouring.it\/radiotouring104\/#\/schema\/logo\/image\/\"}},{\"@type\":\"Person\",\"@id\":\"https:\/\/progettotouring.it\/radiotouring104\/#\/schema\/person\/78613917f1851f041f7483f5af1d422e\",\"name\":\"Sebastiano Plutino\",\"image\":{\"@type\":\"ImageObject\",\"inLanguage\":\"it-IT\",\"@id\":\"https:\/\/secure.gravatar.com\/avatar\/0546ffaa9b79224faf9f2a156b67a529ae861d3287c66c1d8ccfdf909bcba78d?s=96&d=mm&r=g\",\"url\":\"https:\/\/secure.gravatar.com\/avatar\/0546ffaa9b79224faf9f2a156b67a529ae861d3287c66c1d8ccfdf909bcba78d?s=96&d=mm&r=g\",\"contentUrl\":\"https:\/\/secure.gravatar.com\/avatar\/0546ffaa9b79224faf9f2a156b67a529ae861d3287c66c1d8ccfdf909bcba78d?s=96&d=mm&r=g\",\"caption\":\"Sebastiano Plutino\"},\"url\":\"https:\/\/progettotouring.it\/radiotouring104\/author\/sebastiano\/\"}]}<\/script>\n<!-- \/ Yoast SEO plugin. -->","yoast_head_json":{"title":"UeCoop Calabria: Giovanni Ielo presidente","description":"Per la Calabria nella Giunta Esecutiva, eletto\u00a0Giovanni Ielo presidente di UeCoop Calabria e presidente\u00a0della Cooperativa Agazzi di Vibo","robots":{"index":"index","follow":"follow","max-snippet":"max-snippet:-1","max-image-preview":"max-image-preview:large","max-video-preview":"max-video-preview:-1"},"canonical":"https:\/\/progettotouring.it\/radiotouring104\/2023\/06\/22\/uecoop-calabria-giovanni-ielo-presidente\/","og_locale":"it_IT","og_type":"article","og_title":"UeCoop Calabria: Giovanni Ielo presidente","og_description":"Per la Calabria nella Giunta Esecutiva, eletto\u00a0Giovanni Ielo presidente di UeCoop Calabria e presidente\u00a0della Cooperativa Agazzi di Vibo","og_url":"https:\/\/progettotouring.it\/radiotouring104\/2023\/06\/22\/uecoop-calabria-giovanni-ielo-presidente\/","og_site_name":"Radio Touring 104","article_published_time":"2023-06-22T10:15:20+00:00","og_image":[{"width":800,"height":800,"url":"https:\/\/progettotouring.it\/radiotouring104\/wp-content\/uploads\/sites\/6\/2023\/06\/Giovanni-Ielo-presidente-UeCoop.jpg","type":"image\/jpeg"}],"author":"Sebastiano Plutino","twitter_card":"summary_large_image","twitter_misc":{"Scritto da":"Sebastiano Plutino","Tempo di lettura stimato":"1 minuto"},"schema":{"@context":"https:\/\/schema.org","@graph":[{"@type":"Article","@id":"https:\/\/progettotouring.it\/radiotouring104\/2023\/06\/22\/uecoop-calabria-giovanni-ielo-presidente\/#article","isPartOf":{"@id":"https:\/\/progettotouring.it\/radiotouring104\/2023\/06\/22\/uecoop-calabria-giovanni-ielo-presidente\/"},"author":{"name":"Sebastiano Plutino","@id":"https:\/\/progettotouring.it\/radiotouring104\/#\/schema\/person\/78613917f1851f041f7483f5af1d422e"},"headline":"UeCoop Calabria: Giovanni Ielo presidente","datePublished":"2023-06-22T10:15:20+00:00","mainEntityOfPage":{"@id":"https:\/\/progettotouring.it\/radiotouring104\/2023\/06\/22\/uecoop-calabria-giovanni-ielo-presidente\/"},"wordCount":256,"publisher":{"@id":"https:\/\/progettotouring.it\/radiotouring104\/#organization"},"image":{"@id":"https:\/\/progettotouring.it\/radiotouring104\/2023\/06\/22\/uecoop-calabria-giovanni-ielo-presidente\/#primaryimage"},"thumbnailUrl":"https:\/\/progettotouring.it\/radiotouring104\/wp-content\/uploads\/sites\/6\/2023\/06\/Giovanni-Ielo-presidente-UeCoop.jpg","keywords":["Cooperativa Agazzi di Vibo","Giovanni Ielo presidente","UeCoop Calabria"],"articleSection":["Home","News","Reggio Calabria"],"inLanguage":"it-IT"},{"@type":"WebPage","@id":"https:\/\/progettotouring.it\/radiotouring104\/2023\/06\/22\/uecoop-calabria-giovanni-ielo-presidente\/","url":"https:\/\/progettotouring.it\/radiotouring104\/2023\/06\/22\/uecoop-calabria-giovanni-ielo-presidente\/","name":"UeCoop Calabria: Giovanni Ielo presidente","isPartOf":{"@id":"https:\/\/progettotouring.it\/radiotouring104\/#website"},"primaryImageOfPage":{"@id":"https:\/\/progettotouring.it\/radiotouring104\/2023\/06\/22\/uecoop-calabria-giovanni-ielo-presidente\/#primaryimage"},"image":{"@id":"https:\/\/progettotouring.it\/radiotouring104\/2023\/06\/22\/uecoop-calabria-giovanni-ielo-presidente\/#primaryimage"},"thumbnailUrl":"https:\/\/progettotouring.it\/radiotouring104\/wp-content\/uploads\/sites\/6\/2023\/06\/Giovanni-Ielo-presidente-UeCoop.jpg","datePublished":"2023-06-22T10:15:20+00:00","description":"Per la Calabria nella Giunta Esecutiva, eletto\u00a0Giovanni Ielo presidente di UeCoop Calabria e presidente\u00a0della Cooperativa Agazzi di Vibo","breadcrumb":{"@id":"https:\/\/progettotouring.it\/radiotouring104\/2023\/06\/22\/uecoop-calabria-giovanni-ielo-presidente\/#breadcrumb"},"inLanguage":"it-IT","potentialAction":[{"@type":"ReadAction","target":["https:\/\/progettotouring.it\/radiotouring104\/2023\/06\/22\/uecoop-calabria-giovanni-ielo-presidente\/"]}]},{"@type":"ImageObject","inLanguage":"it-IT","@id":"https:\/\/progettotouring.it\/radiotouring104\/2023\/06\/22\/uecoop-calabria-giovanni-ielo-presidente\/#primaryimage","url":"https:\/\/progettotouring.it\/radiotouring104\/wp-content\/uploads\/sites\/6\/2023\/06\/Giovanni-Ielo-presidente-UeCoop.jpg","contentUrl":"https:\/\/progettotouring.it\/radiotouring104\/wp-content\/uploads\/sites\/6\/2023\/06\/Giovanni-Ielo-presidente-UeCoop.jpg","width":800,"height":800},{"@type":"BreadcrumbList","@id":"https:\/\/progettotouring.it\/radiotouring104\/2023\/06\/22\/uecoop-calabria-giovanni-ielo-presidente\/#breadcrumb","itemListElement":[{"@type":"ListItem","position":1,"name":"Home","item":"https:\/\/progettotouring.it\/radiotouring104\/"},{"@type":"ListItem","position":2,"name":"UeCoop Calabria: Giovanni Ielo presidente"}]},{"@type":"WebSite","@id":"https:\/\/progettotouring.it\/radiotouring104\/#website","url":"https:\/\/progettotouring.it\/radiotouring104\/","name":"Radio Touring 104","description":"La prima radio Reggina","publisher":{"@id":"https:\/\/progettotouring.it\/radiotouring104\/#organization"},"potentialAction":[{"@type":"SearchAction","target":{"@type":"EntryPoint","urlTemplate":"https:\/\/progettotouring.it\/radiotouring104\/?s={search_term_string}"},"query-input":{"@type":"PropertyValueSpecification","valueRequired":true,"valueName":"search_term_string"}}],"inLanguage":"it-IT"},{"@type":"Organization","@id":"https:\/\/progettotouring.it\/radiotouring104\/#organization","name":"Radio Touring 104","url":"https:\/\/progettotouring.it\/radiotouring104\/","logo":{"@type":"ImageObject","inLanguage":"it-IT","@id":"https:\/\/progettotouring.it\/radiotouring104\/#\/schema\/logo\/image\/","url":"https:\/\/progettotouring.it\/radiotouring104\/wp-content\/uploads\/sites\/6\/2022\/02\/cropped-logo-radio-touring-104.png","contentUrl":"https:\/\/progettotouring.it\/radiotouring104\/wp-content\/uploads\/sites\/6\/2022\/02\/cropped-logo-radio-touring-104.png","width":377,"height":182,"caption":"Radio Touring 104"},"image":{"@id":"https:\/\/progettotouring.it\/radiotouring104\/#\/schema\/logo\/image\/"}},{"@type":"Person","@id":"https:\/\/progettotouring.it\/radiotouring104\/#\/schema\/person\/78613917f1851f041f7483f5af1d422e","name":"Sebastiano Plutino","image":{"@type":"ImageObject","inLanguage":"it-IT","@id":"https:\/\/secure.gravatar.com\/avatar\/0546ffaa9b79224faf9f2a156b67a529ae861d3287c66c1d8ccfdf909bcba78d?s=96&d=mm&r=g","url":"https:\/\/secure.gravatar.com\/avatar\/0546ffaa9b79224faf9f2a156b67a529ae861d3287c66c1d8ccfdf909bcba78d?s=96&d=mm&r=g","contentUrl":"https:\/\/secure.gravatar.com\/avatar\/0546ffaa9b79224faf9f2a156b67a529ae861d3287c66c1d8ccfdf909bcba78d?s=96&d=mm&r=g","caption":"Sebastiano Plutino"},"url":"https:\/\/progettotouring.it\/radiotouring104\/author\/sebastiano\/"}]}},"jetpack_publicize_connections":[],"jetpack_featured_media_url":"https:\/\/progettotouring.it\/radiotouring104\/wp-content\/uploads\/sites\/6\/2023\/06\/Giovanni-Ielo-presidente-UeCoop.jpg","jetpack_sharing_enabled":true,"_links":{"self":[{"href":"https:\/\/progettotouring.it\/radiotouring104\/wp-json\/wp\/v2\/posts\/28668","targetHints":{"allow":["GET"]}}],"collection":[{"href":"https:\/\/progettotouring.it\/radiotouring104\/wp-json\/wp\/v2\/posts"}],"about":[{"href":"https:\/\/progettotouring.it\/radiotouring104\/wp-json\/wp\/v2\/types\/post"}],"author":[{"embeddable":true,"href":"https:\/\/progettotouring.it\/radiotouring104\/wp-json\/wp\/v2\/users\/12"}],"replies":[{"embeddable":true,"href":"https:\/\/progettotouring.it\/radiotouring104\/wp-json\/wp\/v2\/comments?post=28668"}],"version-history":[{"count":1,"href":"https:\/\/progettotouring.it\/radiotouring104\/wp-json\/wp\/v2\/posts\/28668\/revisions"}],"predecessor-version":[{"id":28670,"href":"https:\/\/progettotouring.it\/radiotouring104\/wp-json\/wp\/v2\/posts\/28668\/revisions\/28670"}],"wp:featuredmedia":[{"embeddable":true,"href":"https:\/\/progettotouring.it\/radiotouring104\/wp-json\/wp\/v2\/media\/28669"}],"wp:attachment":[{"href":"https:\/\/progettotouring.it\/radiotouring104\/wp-json\/wp\/v2\/media?parent=28668"}],"wp:term":[{"taxonomy":"category","embeddable":true,"href":"https:\/\/progettotouring.it\/radiotouring104\/wp-json\/wp\/v2\/categories?post=28668"},{"taxonomy":"post_tag","embeddable":true,"href":"https:\/\/progettotouring.it\/radiotouring104\/wp-json\/wp\/v2\/tags?post=28668"}],"curies":[{"name":"wp","href":"https:\/\/api.w.org\/{rel}","templated":true}]}}