{"id":28682,"date":"2023-06-22T13:34:46","date_gmt":"2023-06-22T11:34:46","guid":{"rendered":"https:\/\/progettotouring.it\/radiotouring104\/?p=28682"},"modified":"2023-06-22T14:08:16","modified_gmt":"2023-06-22T12:08:16","slug":"reggina-brunetti-la-citta-ringrazia-lintera-compagine-societaria-per-lattivita-svolta","status":"publish","type":"post","link":"https:\/\/progettotouring.it\/radiotouring104\/2023\/06\/22\/reggina-brunetti-la-citta-ringrazia-lintera-compagine-societaria-per-lattivita-svolta\/","title":{"rendered":"Reggina, Brunetti: &#8220;La citt\u00e0 ringrazia l\u2019intera compagine societaria per l\u2019attivit\u00e0 svolta&#8221;"},"content":{"rendered":"<p style=\"text-align: justify\"><em>&#8220;A<strong>ppreso delle dimissioni del Cda e del presidente Marcello Cardona<\/strong>, oltre all\u2019intenzione manifestata dal patron, <strong>Felice Saladini, di cedere la Reggina 1914,<\/strong> la citt\u00e0 ringrazia l\u2019intera compagine societaria per l\u2019attivit\u00e0 svolta, in questo anno sportivo appena trascorso, nell\u2019interesse della comunit\u00e0 e di una realt\u00e0 che rappresenta, senza dubbio alcuno, patrimonio materiale, immateriale e collettivo del territorio reggino e calabrese&#8221;. <\/em>Cos\u00ec, il sindaco facente funzioni, Paolo Brunetti, interviene sulle recenti vicende che stanno interessando la squadra amaranto sottolineando<em> &#8220;la delicatezza e l\u2019importanza di un momento che pu\u00f2 significare molto per il tessuto sportivo, economico e sociale cittadino&#8221;.<\/em><\/p>\n<p><em>&#8220;Nel massimo rispetto delle posizioni \u2013 <\/em>spiega <em>\u2013 e di dinamiche societarie interne sulle quali l\u2019amministrazione non ha inteso, n\u00e9 intende, assumere posizioni ingerenti, ci\u00f2 che auspichiamo \u00e8 che l&#8217;attuale delicata fase transitoria possa risolversi nel pi\u00f9 breve tempo possibile, tenendo in considerazione quei criteri di <strong>trasparenza<\/strong> e di condivisione che investono l&#8217;interesse non solo dei tifosi, che giustamente oggi si pongono legittimi interrogativi s<strong>ulle ultime vicende,<\/strong> ma di un&#8217;intera comunit\u00e0 sportiva che nella Reggina si riconosce, crede e sulla quale investe tempo, denaro e, perch\u00e9 no, speranze di crescita e di riscatto sociale per l&#8217;intero territorio\u00bb.<\/em><\/p>\n<p style=\"text-align: justify\"><em>&#8220;La <strong>Reggina<\/strong> <\/em>\u2013 afferma ancora Brunetti \u2013<em> non \u00e8 soltanto una squadra di calcio.<strong> E\u2019 passione, \u00e8 identit\u00e0, \u00e8 economia diffusa,<\/strong> \u00e8 un corollario di emozioni che affonda le proprie radici in oltre 100 anni di storia indissolubilmente legati al territorio. Come detto, rispettiamo il massimo riserbo che la societ\u00e0 si \u00e8 imposta rispetto alle eventuali trattative di cessione, nella consapevolezza, per chi lascia e per chi arriver\u00e0, che il Comune sar\u00e0 al fianco di chi avr\u00e0 a cuore le sorti della pi\u00f9 importante realt\u00e0 sportiva della citt\u00e0&#8221;.<\/em><\/p>\n<p style=\"text-align: justify\"><em>&#8220;Chiusa la partita dell\u2019omologa al piano di ristrutturazione del debito <\/em>\u2013 conclude il sindaco facente funzioni \u2013<em> e presentata la documentazione per l\u2019iscrizione del prossimo campionato di <strong>serie B,<\/strong> viviamo adesso una fase che definire sensibile appare quasi un eufemismo. Per questo, bisogna presentarla con estrema chiarezza ed evidenza ad una comunit\u00e0 che ne attende l\u2019esito col fiato sospeso&#8221;.<\/em><\/p>\n","protected":false},"excerpt":{"rendered":"<p>&#8220;Appreso delle dimissioni del Cda e del presidente Marcello Cardona, oltre all\u2019intenzione manifestata dal patron, Felice Saladini, di cedere la Reggina 1914, la citt\u00e0 ringrazia l\u2019intera compagine societaria per l\u2019attivit\u00e0&hellip;<\/p>\n","protected":false},"author":8,"featured_media":15433,"comment_status":"closed","ping_status":"open","sticky":false,"template":"","format":"standard","meta":{"_jetpack_memberships_contains_paid_content":false,"footnotes":"","jetpack_publicize_message":"","jetpack_publicize_feature_enabled":true,"jetpack_social_post_already_shared":false,"jetpack_social_options":{"image_generator_settings":{"template":"highway","default_image_id":0,"font":"","enabled":false},"version":2}},"categories":[196,140,144],"tags":[1047,3141,210,3049,419],"class_list":["post-28682","post","type-post","status-publish","format-standard","has-post-thumbnail","hentry","category-news","category-reggio-calabria","category-sport","tag-brunetti","tag-cardona","tag-reggina","tag-saladini","tag-serie-b"],"yoast_head":"<!-- This site is optimized with the Yoast SEO plugin v27.2 - https:\/\/yoast.com\/product\/yoast-seo-wordpress\/ -->\n<title>Reggina, Brunetti: &quot;La citt\u00e0 ringrazia l\u2019intera compagine societaria per l\u2019attivit\u00e0 svolta&quot; - Radio Touring 104<\/title>\n<meta name=\"description\" content=\"Il sindaco f.f. della citt\u00e0 di Reggio Calabria, Paolo Brunetti, ha ringraziato per il lavoro svolto Marcello Cardona e Felice Saladini\" \/>\n<meta name=\"robots\" content=\"index, follow, max-snippet:-1, max-image-preview:large, max-video-preview:-1\" \/>\n<link rel=\"canonical\" href=\"https:\/\/progettotouring.it\/radiotouring104\/2023\/06\/22\/reggina-brunetti-la-citta-ringrazia-lintera-compagine-societaria-per-lattivita-svolta\/\" \/>\n<meta property=\"og:locale\" content=\"it_IT\" \/>\n<meta property=\"og:type\" content=\"article\" \/>\n<meta property=\"og:title\" content=\"Reggina, Brunetti: &quot;La citt\u00e0 ringrazia l\u2019intera compagine societaria per l\u2019attivit\u00e0 svolta&quot; - Radio Touring 104\" \/>\n<meta property=\"og:description\" content=\"Il sindaco f.f. della citt\u00e0 di Reggio Calabria, Paolo Brunetti, ha ringraziato per il lavoro svolto Marcello Cardona e Felice Saladini\" \/>\n<meta property=\"og:url\" content=\"https:\/\/progettotouring.it\/radiotouring104\/2023\/06\/22\/reggina-brunetti-la-citta-ringrazia-lintera-compagine-societaria-per-lattivita-svolta\/\" \/>\n<meta property=\"og:site_name\" content=\"Radio Touring 104\" \/>\n<meta property=\"article:published_time\" content=\"2023-06-22T11:34:46+00:00\" \/>\n<meta property=\"article:modified_time\" content=\"2023-06-22T12:08:16+00:00\" \/>\n<meta property=\"og:image\" content=\"https:\/\/progettotouring.it\/radiotouring104\/wp-content\/uploads\/sites\/6\/2022\/12\/Brunetti-1.jpg\" \/>\n\t<meta property=\"og:image:width\" content=\"425\" \/>\n\t<meta property=\"og:image:height\" content=\"270\" \/>\n\t<meta property=\"og:image:type\" content=\"image\/jpeg\" \/>\n<meta name=\"author\" content=\"Filippo Francesco Idone\" \/>\n<meta name=\"twitter:card\" content=\"summary_large_image\" \/>\n<meta name=\"twitter:label1\" content=\"Scritto da\" \/>\n\t<meta name=\"twitter:data1\" content=\"Filippo Francesco Idone\" \/>\n\t<meta name=\"twitter:label2\" content=\"Tempo di lettura stimato\" \/>\n\t<meta name=\"twitter:data2\" content=\"2 minuti\" \/>\n<script type=\"application\/ld+json\" class=\"yoast-schema-graph\">{\"@context\":\"https:\/\/schema.org\",\"@graph\":[{\"@type\":\"Article\",\"@id\":\"https:\/\/progettotouring.it\/radiotouring104\/2023\/06\/22\/reggina-brunetti-la-citta-ringrazia-lintera-compagine-societaria-per-lattivita-svolta\/#article\",\"isPartOf\":{\"@id\":\"https:\/\/progettotouring.it\/radiotouring104\/2023\/06\/22\/reggina-brunetti-la-citta-ringrazia-lintera-compagine-societaria-per-lattivita-svolta\/\"},\"author\":{\"name\":\"Filippo Francesco Idone\",\"@id\":\"https:\/\/progettotouring.it\/radiotouring104\/#\/schema\/person\/4a82259ca52ac8702ad1a8f9e5a3120b\"},\"headline\":\"Reggina, Brunetti: &#8220;La citt\u00e0 ringrazia l\u2019intera compagine societaria per l\u2019attivit\u00e0 svolta&#8221;\",\"datePublished\":\"2023-06-22T11:34:46+00:00\",\"dateModified\":\"2023-06-22T12:08:16+00:00\",\"mainEntityOfPage\":{\"@id\":\"https:\/\/progettotouring.it\/radiotouring104\/2023\/06\/22\/reggina-brunetti-la-citta-ringrazia-lintera-compagine-societaria-per-lattivita-svolta\/\"},\"wordCount\":348,\"publisher\":{\"@id\":\"https:\/\/progettotouring.it\/radiotouring104\/#organization\"},\"image\":{\"@id\":\"https:\/\/progettotouring.it\/radiotouring104\/2023\/06\/22\/reggina-brunetti-la-citta-ringrazia-lintera-compagine-societaria-per-lattivita-svolta\/#primaryimage\"},\"thumbnailUrl\":\"https:\/\/progettotouring.it\/radiotouring104\/wp-content\/uploads\/sites\/6\/2022\/12\/Brunetti-1.jpg\",\"keywords\":[\"brunetti\",\"cardona\",\"reggina\",\"saladini\",\"serie b\"],\"articleSection\":[\"News\",\"Reggio Calabria\",\"Sport\"],\"inLanguage\":\"it-IT\"},{\"@type\":\"WebPage\",\"@id\":\"https:\/\/progettotouring.it\/radiotouring104\/2023\/06\/22\/reggina-brunetti-la-citta-ringrazia-lintera-compagine-societaria-per-lattivita-svolta\/\",\"url\":\"https:\/\/progettotouring.it\/radiotouring104\/2023\/06\/22\/reggina-brunetti-la-citta-ringrazia-lintera-compagine-societaria-per-lattivita-svolta\/\",\"name\":\"Reggina, Brunetti: \\\"La citt\u00e0 ringrazia l\u2019intera compagine societaria per l\u2019attivit\u00e0 svolta\\\" - Radio Touring 104\",\"isPartOf\":{\"@id\":\"https:\/\/progettotouring.it\/radiotouring104\/#website\"},\"primaryImageOfPage\":{\"@id\":\"https:\/\/progettotouring.it\/radiotouring104\/2023\/06\/22\/reggina-brunetti-la-citta-ringrazia-lintera-compagine-societaria-per-lattivita-svolta\/#primaryimage\"},\"image\":{\"@id\":\"https:\/\/progettotouring.it\/radiotouring104\/2023\/06\/22\/reggina-brunetti-la-citta-ringrazia-lintera-compagine-societaria-per-lattivita-svolta\/#primaryimage\"},\"thumbnailUrl\":\"https:\/\/progettotouring.it\/radiotouring104\/wp-content\/uploads\/sites\/6\/2022\/12\/Brunetti-1.jpg\",\"datePublished\":\"2023-06-22T11:34:46+00:00\",\"dateModified\":\"2023-06-22T12:08:16+00:00\",\"description\":\"Il sindaco f.f. della citt\u00e0 di Reggio Calabria, Paolo Brunetti, ha ringraziato per il lavoro svolto Marcello Cardona e Felice Saladini\",\"breadcrumb\":{\"@id\":\"https:\/\/progettotouring.it\/radiotouring104\/2023\/06\/22\/reggina-brunetti-la-citta-ringrazia-lintera-compagine-societaria-per-lattivita-svolta\/#breadcrumb\"},\"inLanguage\":\"it-IT\",\"potentialAction\":[{\"@type\":\"ReadAction\",\"target\":[\"https:\/\/progettotouring.it\/radiotouring104\/2023\/06\/22\/reggina-brunetti-la-citta-ringrazia-lintera-compagine-societaria-per-lattivita-svolta\/\"]}]},{\"@type\":\"ImageObject\",\"inLanguage\":\"it-IT\",\"@id\":\"https:\/\/progettotouring.it\/radiotouring104\/2023\/06\/22\/reggina-brunetti-la-citta-ringrazia-lintera-compagine-societaria-per-lattivita-svolta\/#primaryimage\",\"url\":\"https:\/\/progettotouring.it\/radiotouring104\/wp-content\/uploads\/sites\/6\/2022\/12\/Brunetti-1.jpg\",\"contentUrl\":\"https:\/\/progettotouring.it\/radiotouring104\/wp-content\/uploads\/sites\/6\/2022\/12\/Brunetti-1.jpg\",\"width\":425,\"height\":270},{\"@type\":\"BreadcrumbList\",\"@id\":\"https:\/\/progettotouring.it\/radiotouring104\/2023\/06\/22\/reggina-brunetti-la-citta-ringrazia-lintera-compagine-societaria-per-lattivita-svolta\/#breadcrumb\",\"itemListElement\":[{\"@type\":\"ListItem\",\"position\":1,\"name\":\"Home\",\"item\":\"https:\/\/progettotouring.it\/radiotouring104\/\"},{\"@type\":\"ListItem\",\"position\":2,\"name\":\"Reggina, Brunetti: &#8220;La citt\u00e0 ringrazia l\u2019intera compagine societaria per l\u2019attivit\u00e0 svolta&#8221;\"}]},{\"@type\":\"WebSite\",\"@id\":\"https:\/\/progettotouring.it\/radiotouring104\/#website\",\"url\":\"https:\/\/progettotouring.it\/radiotouring104\/\",\"name\":\"Radio Touring 104\",\"description\":\"La prima radio Reggina\",\"publisher\":{\"@id\":\"https:\/\/progettotouring.it\/radiotouring104\/#organization\"},\"potentialAction\":[{\"@type\":\"SearchAction\",\"target\":{\"@type\":\"EntryPoint\",\"urlTemplate\":\"https:\/\/progettotouring.it\/radiotouring104\/?s={search_term_string}\"},\"query-input\":{\"@type\":\"PropertyValueSpecification\",\"valueRequired\":true,\"valueName\":\"search_term_string\"}}],\"inLanguage\":\"it-IT\"},{\"@type\":\"Organization\",\"@id\":\"https:\/\/progettotouring.it\/radiotouring104\/#organization\",\"name\":\"Radio Touring 104\",\"url\":\"https:\/\/progettotouring.it\/radiotouring104\/\",\"logo\":{\"@type\":\"ImageObject\",\"inLanguage\":\"it-IT\",\"@id\":\"https:\/\/progettotouring.it\/radiotouring104\/#\/schema\/logo\/image\/\",\"url\":\"https:\/\/progettotouring.it\/radiotouring104\/wp-content\/uploads\/sites\/6\/2022\/02\/cropped-logo-radio-touring-104.png\",\"contentUrl\":\"https:\/\/progettotouring.it\/radiotouring104\/wp-content\/uploads\/sites\/6\/2022\/02\/cropped-logo-radio-touring-104.png\",\"width\":377,\"height\":182,\"caption\":\"Radio Touring 104\"},\"image\":{\"@id\":\"https:\/\/progettotouring.it\/radiotouring104\/#\/schema\/logo\/image\/\"}},{\"@type\":\"Person\",\"@id\":\"https:\/\/progettotouring.it\/radiotouring104\/#\/schema\/person\/4a82259ca52ac8702ad1a8f9e5a3120b\",\"name\":\"Filippo Francesco Idone\",\"image\":{\"@type\":\"ImageObject\",\"inLanguage\":\"it-IT\",\"@id\":\"https:\/\/secure.gravatar.com\/avatar\/7268715d2366395c3dd314385670e6484117d44f5c442e61e230f7008b7b62d3?s=96&d=mm&r=g\",\"url\":\"https:\/\/secure.gravatar.com\/avatar\/7268715d2366395c3dd314385670e6484117d44f5c442e61e230f7008b7b62d3?s=96&d=mm&r=g\",\"contentUrl\":\"https:\/\/secure.gravatar.com\/avatar\/7268715d2366395c3dd314385670e6484117d44f5c442e61e230f7008b7b62d3?s=96&d=mm&r=g\",\"caption\":\"Filippo Francesco Idone\"},\"url\":\"https:\/\/progettotouring.it\/radiotouring104\/author\/filippoidone\/\"}]}<\/script>\n<!-- \/ Yoast SEO plugin. -->","yoast_head_json":{"title":"Reggina, Brunetti: \"La citt\u00e0 ringrazia l\u2019intera compagine societaria per l\u2019attivit\u00e0 svolta\" - Radio Touring 104","description":"Il sindaco f.f. della citt\u00e0 di Reggio Calabria, Paolo Brunetti, ha ringraziato per il lavoro svolto Marcello Cardona e Felice Saladini","robots":{"index":"index","follow":"follow","max-snippet":"max-snippet:-1","max-image-preview":"max-image-preview:large","max-video-preview":"max-video-preview:-1"},"canonical":"https:\/\/progettotouring.it\/radiotouring104\/2023\/06\/22\/reggina-brunetti-la-citta-ringrazia-lintera-compagine-societaria-per-lattivita-svolta\/","og_locale":"it_IT","og_type":"article","og_title":"Reggina, Brunetti: \"La citt\u00e0 ringrazia l\u2019intera compagine societaria per l\u2019attivit\u00e0 svolta\" - Radio Touring 104","og_description":"Il sindaco f.f. della citt\u00e0 di Reggio Calabria, Paolo Brunetti, ha ringraziato per il lavoro svolto Marcello Cardona e Felice Saladini","og_url":"https:\/\/progettotouring.it\/radiotouring104\/2023\/06\/22\/reggina-brunetti-la-citta-ringrazia-lintera-compagine-societaria-per-lattivita-svolta\/","og_site_name":"Radio Touring 104","article_published_time":"2023-06-22T11:34:46+00:00","article_modified_time":"2023-06-22T12:08:16+00:00","og_image":[{"width":425,"height":270,"url":"https:\/\/progettotouring.it\/radiotouring104\/wp-content\/uploads\/sites\/6\/2022\/12\/Brunetti-1.jpg","type":"image\/jpeg"}],"author":"Filippo Francesco Idone","twitter_card":"summary_large_image","twitter_misc":{"Scritto da":"Filippo Francesco Idone","Tempo di lettura stimato":"2 minuti"},"schema":{"@context":"https:\/\/schema.org","@graph":[{"@type":"Article","@id":"https:\/\/progettotouring.it\/radiotouring104\/2023\/06\/22\/reggina-brunetti-la-citta-ringrazia-lintera-compagine-societaria-per-lattivita-svolta\/#article","isPartOf":{"@id":"https:\/\/progettotouring.it\/radiotouring104\/2023\/06\/22\/reggina-brunetti-la-citta-ringrazia-lintera-compagine-societaria-per-lattivita-svolta\/"},"author":{"name":"Filippo Francesco Idone","@id":"https:\/\/progettotouring.it\/radiotouring104\/#\/schema\/person\/4a82259ca52ac8702ad1a8f9e5a3120b"},"headline":"Reggina, Brunetti: &#8220;La citt\u00e0 ringrazia l\u2019intera compagine societaria per l\u2019attivit\u00e0 svolta&#8221;","datePublished":"2023-06-22T11:34:46+00:00","dateModified":"2023-06-22T12:08:16+00:00","mainEntityOfPage":{"@id":"https:\/\/progettotouring.it\/radiotouring104\/2023\/06\/22\/reggina-brunetti-la-citta-ringrazia-lintera-compagine-societaria-per-lattivita-svolta\/"},"wordCount":348,"publisher":{"@id":"https:\/\/progettotouring.it\/radiotouring104\/#organization"},"image":{"@id":"https:\/\/progettotouring.it\/radiotouring104\/2023\/06\/22\/reggina-brunetti-la-citta-ringrazia-lintera-compagine-societaria-per-lattivita-svolta\/#primaryimage"},"thumbnailUrl":"https:\/\/progettotouring.it\/radiotouring104\/wp-content\/uploads\/sites\/6\/2022\/12\/Brunetti-1.jpg","keywords":["brunetti","cardona","reggina","saladini","serie b"],"articleSection":["News","Reggio Calabria","Sport"],"inLanguage":"it-IT"},{"@type":"WebPage","@id":"https:\/\/progettotouring.it\/radiotouring104\/2023\/06\/22\/reggina-brunetti-la-citta-ringrazia-lintera-compagine-societaria-per-lattivita-svolta\/","url":"https:\/\/progettotouring.it\/radiotouring104\/2023\/06\/22\/reggina-brunetti-la-citta-ringrazia-lintera-compagine-societaria-per-lattivita-svolta\/","name":"Reggina, Brunetti: \"La citt\u00e0 ringrazia l\u2019intera compagine societaria per l\u2019attivit\u00e0 svolta\" - Radio Touring 104","isPartOf":{"@id":"https:\/\/progettotouring.it\/radiotouring104\/#website"},"primaryImageOfPage":{"@id":"https:\/\/progettotouring.it\/radiotouring104\/2023\/06\/22\/reggina-brunetti-la-citta-ringrazia-lintera-compagine-societaria-per-lattivita-svolta\/#primaryimage"},"image":{"@id":"https:\/\/progettotouring.it\/radiotouring104\/2023\/06\/22\/reggina-brunetti-la-citta-ringrazia-lintera-compagine-societaria-per-lattivita-svolta\/#primaryimage"},"thumbnailUrl":"https:\/\/progettotouring.it\/radiotouring104\/wp-content\/uploads\/sites\/6\/2022\/12\/Brunetti-1.jpg","datePublished":"2023-06-22T11:34:46+00:00","dateModified":"2023-06-22T12:08:16+00:00","description":"Il sindaco f.f. della citt\u00e0 di Reggio Calabria, Paolo Brunetti, ha ringraziato per il lavoro svolto Marcello Cardona e Felice Saladini","breadcrumb":{"@id":"https:\/\/progettotouring.it\/radiotouring104\/2023\/06\/22\/reggina-brunetti-la-citta-ringrazia-lintera-compagine-societaria-per-lattivita-svolta\/#breadcrumb"},"inLanguage":"it-IT","potentialAction":[{"@type":"ReadAction","target":["https:\/\/progettotouring.it\/radiotouring104\/2023\/06\/22\/reggina-brunetti-la-citta-ringrazia-lintera-compagine-societaria-per-lattivita-svolta\/"]}]},{"@type":"ImageObject","inLanguage":"it-IT","@id":"https:\/\/progettotouring.it\/radiotouring104\/2023\/06\/22\/reggina-brunetti-la-citta-ringrazia-lintera-compagine-societaria-per-lattivita-svolta\/#primaryimage","url":"https:\/\/progettotouring.it\/radiotouring104\/wp-content\/uploads\/sites\/6\/2022\/12\/Brunetti-1.jpg","contentUrl":"https:\/\/progettotouring.it\/radiotouring104\/wp-content\/uploads\/sites\/6\/2022\/12\/Brunetti-1.jpg","width":425,"height":270},{"@type":"BreadcrumbList","@id":"https:\/\/progettotouring.it\/radiotouring104\/2023\/06\/22\/reggina-brunetti-la-citta-ringrazia-lintera-compagine-societaria-per-lattivita-svolta\/#breadcrumb","itemListElement":[{"@type":"ListItem","position":1,"name":"Home","item":"https:\/\/progettotouring.it\/radiotouring104\/"},{"@type":"ListItem","position":2,"name":"Reggina, Brunetti: &#8220;La citt\u00e0 ringrazia l\u2019intera compagine societaria per l\u2019attivit\u00e0 svolta&#8221;"}]},{"@type":"WebSite","@id":"https:\/\/progettotouring.it\/radiotouring104\/#website","url":"https:\/\/progettotouring.it\/radiotouring104\/","name":"Radio Touring 104","description":"La prima radio Reggina","publisher":{"@id":"https:\/\/progettotouring.it\/radiotouring104\/#organization"},"potentialAction":[{"@type":"SearchAction","target":{"@type":"EntryPoint","urlTemplate":"https:\/\/progettotouring.it\/radiotouring104\/?s={search_term_string}"},"query-input":{"@type":"PropertyValueSpecification","valueRequired":true,"valueName":"search_term_string"}}],"inLanguage":"it-IT"},{"@type":"Organization","@id":"https:\/\/progettotouring.it\/radiotouring104\/#organization","name":"Radio Touring 104","url":"https:\/\/progettotouring.it\/radiotouring104\/","logo":{"@type":"ImageObject","inLanguage":"it-IT","@id":"https:\/\/progettotouring.it\/radiotouring104\/#\/schema\/logo\/image\/","url":"https:\/\/progettotouring.it\/radiotouring104\/wp-content\/uploads\/sites\/6\/2022\/02\/cropped-logo-radio-touring-104.png","contentUrl":"https:\/\/progettotouring.it\/radiotouring104\/wp-content\/uploads\/sites\/6\/2022\/02\/cropped-logo-radio-touring-104.png","width":377,"height":182,"caption":"Radio Touring 104"},"image":{"@id":"https:\/\/progettotouring.it\/radiotouring104\/#\/schema\/logo\/image\/"}},{"@type":"Person","@id":"https:\/\/progettotouring.it\/radiotouring104\/#\/schema\/person\/4a82259ca52ac8702ad1a8f9e5a3120b","name":"Filippo Francesco Idone","image":{"@type":"ImageObject","inLanguage":"it-IT","@id":"https:\/\/secure.gravatar.com\/avatar\/7268715d2366395c3dd314385670e6484117d44f5c442e61e230f7008b7b62d3?s=96&d=mm&r=g","url":"https:\/\/secure.gravatar.com\/avatar\/7268715d2366395c3dd314385670e6484117d44f5c442e61e230f7008b7b62d3?s=96&d=mm&r=g","contentUrl":"https:\/\/secure.gravatar.com\/avatar\/7268715d2366395c3dd314385670e6484117d44f5c442e61e230f7008b7b62d3?s=96&d=mm&r=g","caption":"Filippo Francesco Idone"},"url":"https:\/\/progettotouring.it\/radiotouring104\/author\/filippoidone\/"}]}},"jetpack_publicize_connections":[],"jetpack_featured_media_url":"https:\/\/progettotouring.it\/radiotouring104\/wp-content\/uploads\/sites\/6\/2022\/12\/Brunetti-1.jpg","jetpack_sharing_enabled":true,"_links":{"self":[{"href":"https:\/\/progettotouring.it\/radiotouring104\/wp-json\/wp\/v2\/posts\/28682","targetHints":{"allow":["GET"]}}],"collection":[{"href":"https:\/\/progettotouring.it\/radiotouring104\/wp-json\/wp\/v2\/posts"}],"about":[{"href":"https:\/\/progettotouring.it\/radiotouring104\/wp-json\/wp\/v2\/types\/post"}],"author":[{"embeddable":true,"href":"https:\/\/progettotouring.it\/radiotouring104\/wp-json\/wp\/v2\/users\/8"}],"replies":[{"embeddable":true,"href":"https:\/\/progettotouring.it\/radiotouring104\/wp-json\/wp\/v2\/comments?post=28682"}],"version-history":[{"count":1,"href":"https:\/\/progettotouring.it\/radiotouring104\/wp-json\/wp\/v2\/posts\/28682\/revisions"}],"predecessor-version":[{"id":28683,"href":"https:\/\/progettotouring.it\/radiotouring104\/wp-json\/wp\/v2\/posts\/28682\/revisions\/28683"}],"wp:featuredmedia":[{"embeddable":true,"href":"https:\/\/progettotouring.it\/radiotouring104\/wp-json\/wp\/v2\/media\/15433"}],"wp:attachment":[{"href":"https:\/\/progettotouring.it\/radiotouring104\/wp-json\/wp\/v2\/media?parent=28682"}],"wp:term":[{"taxonomy":"category","embeddable":true,"href":"https:\/\/progettotouring.it\/radiotouring104\/wp-json\/wp\/v2\/categories?post=28682"},{"taxonomy":"post_tag","embeddable":true,"href":"https:\/\/progettotouring.it\/radiotouring104\/wp-json\/wp\/v2\/tags?post=28682"}],"curies":[{"name":"wp","href":"https:\/\/api.w.org\/{rel}","templated":true}]}}