{"id":28686,"date":"2023-06-22T13:18:38","date_gmt":"2023-06-22T11:18:38","guid":{"rendered":"https:\/\/progettotouring.it\/radiotouring104\/?p=28686"},"modified":"2023-06-22T14:18:22","modified_gmt":"2023-06-22T12:18:22","slug":"lo-schiavo-tuona-sterpaglie-e-rifiuti-lungo-le-strade-del-turismo","status":"publish","type":"post","link":"https:\/\/progettotouring.it\/radiotouring104\/2023\/06\/22\/lo-schiavo-tuona-sterpaglie-e-rifiuti-lungo-le-strade-del-turismo\/","title":{"rendered":"Lo Schiavo tuona: &#8220;Sterpaglie e rifiuti lungo le strade del turismo&#8221;"},"content":{"rendered":"<p class=\"xmprfx_gmail-MsoNoSpacing\" style=\"text-align: justify\"><em>&#8220;\u201cTutto il mondo dovrebbe vedere la Calabria\u201d. Come non essere d\u2019accordo con l\u2019affermazione che il celeberrimo attore hollywoodiano Russell Crowe ha pronunciato in occasione della sua recente trasferta nella nostra regione. Ma al di l\u00e0 dell\u2019efficace e veritiero slogan, che cosa la nostra regione offre davvero a chi viene per scoprirla dal mondo intero? Quale immagine di accoglienza danno le nostre principali mete turistiche che da qui a poco saranno prese d\u2019assalto dai turisti?&#8221;.<\/em><\/p>\n<p class=\"xmprfx_gmail-MsoNoSpacing\" style=\"text-align: justify\">Lo afferma<strong> il consigliere regionale Antonio Lo Schiavo<\/strong>, consigliere regionale e presidente del Gruppo misto \u2013 Liberamente progressisti in un comunicato stampa. <em>&#8220;Lungo le strade che conducono alle localit\u00e0 pi\u00f9 attrattive della costa vibonese, ad esempio, in quello che \u00e8 di fatto il principale distretto turistico calabrese, a farla da padrone sono rifiuti e sterpaglie, manto stradale dissestato, condizioni di generale abbandono e trascuratezza. Ma non sono esentate dal fenomeno nemmeno rinomate localit\u00e0 ricadenti in altre province. \u00c8 dunque questa la Calabria che vogliamo che il mondo veda? \u00c8 possibile accettare di arrivare cos\u00ec impreparati alla stagione estiva, senza aver programmato per tempo un bench\u00e9 minimo intervento di manutenzione e pulizia? Spero che gli Enti competenti, cominciando dalla Provincia di Vibo &#8211; <\/em>magari chiedendo supporto della Regione e di enti funzionali come Calabria Verde &#8211; <em>trovi il modo di intervenire al pi\u00f9 presto e porre rimedio a questa situazione di estremo degrado, bench\u00e9 certamente ormai fuori tempo massimo. Prima di lanciare messaggi promozionali e investire ingenti risorse in campagna di dubbia utilit\u00e0 (ricordo la trovata del villaggio invernale alla stazione di Milano che ha prodotto risultati piuttosto deludenti), forse sarebbe pi\u00f9 opportuno soffermarsi a riflettere sulle tante cose ancora da correggere e sugli interventi necessari a far s\u00ec che la realt\u00e0 sia pi\u00f9 aderente a quelle aspettative che certe operazioni di marketing &#8211;<\/em> anche e soprattutto di marketing politico<em> &#8211; lascerebbero intravedere. \u201cTutto il mondo dovrebbe vedere la <strong>Calabria<\/strong>\u201d, \u00e8 vero, ma nessuno dovrebbe vedere le buche, le erbacce e la spazzatura nelle strade che portano alle nostre localit\u00e0 turistiche&#8221;.<\/em><\/p>\n","protected":false},"excerpt":{"rendered":"<p>&#8220;\u201cTutto il mondo dovrebbe vedere la Calabria\u201d. Come non essere d\u2019accordo con l\u2019affermazione che il celeberrimo attore hollywoodiano Russell Crowe ha pronunciato in occasione della sua recente trasferta nella nostra&hellip;<\/p>\n","protected":false},"author":8,"featured_media":5381,"comment_status":"closed","ping_status":"open","sticky":false,"template":"","format":"standard","meta":{"_jetpack_memberships_contains_paid_content":false,"footnotes":"","jetpack_publicize_message":"","jetpack_publicize_feature_enabled":true,"jetpack_social_post_already_shared":false,"jetpack_social_options":{"image_generator_settings":{"template":"highway","default_image_id":0,"font":"","enabled":false},"version":2}},"categories":[142,921,196,195],"tags":[586,9083,5631,5105,644],"class_list":["post-28686","post","type-post","status-publish","format-standard","has-post-thumbnail","hentry","category-calabria","category-home","category-news","category-politica","tag-calabria","tag-calabria-verde","tag-gruppo-misto","tag-lo-schiavo","tag-vibo-valentia"],"yoast_head":"<!-- This site is optimized with the Yoast SEO plugin v27.2 - https:\/\/yoast.com\/product\/yoast-seo-wordpress\/ -->\n<title>Lo Schiavo tuona: &quot;Sterpaglie e rifiuti lungo le strade del turismo&quot; - Radio Touring 104<\/title>\n<meta name=\"description\" content=\"Antonio Lo Schiavo, consigliere regionale, chiede un comportamento pi\u00f9 rispettoso nei luoghi turistici della Calabria\" \/>\n<meta name=\"robots\" content=\"index, follow, max-snippet:-1, max-image-preview:large, max-video-preview:-1\" \/>\n<link rel=\"canonical\" href=\"https:\/\/progettotouring.it\/radiotouring104\/2023\/06\/22\/lo-schiavo-tuona-sterpaglie-e-rifiuti-lungo-le-strade-del-turismo\/\" \/>\n<meta property=\"og:locale\" content=\"it_IT\" \/>\n<meta property=\"og:type\" content=\"article\" \/>\n<meta property=\"og:title\" content=\"Lo Schiavo tuona: &quot;Sterpaglie e rifiuti lungo le strade del turismo&quot; - Radio Touring 104\" \/>\n<meta property=\"og:description\" content=\"Antonio Lo Schiavo, consigliere regionale, chiede un comportamento pi\u00f9 rispettoso nei luoghi turistici della Calabria\" \/>\n<meta property=\"og:url\" content=\"https:\/\/progettotouring.it\/radiotouring104\/2023\/06\/22\/lo-schiavo-tuona-sterpaglie-e-rifiuti-lungo-le-strade-del-turismo\/\" \/>\n<meta property=\"og:site_name\" content=\"Radio Touring 104\" \/>\n<meta property=\"article:published_time\" content=\"2023-06-22T11:18:38+00:00\" \/>\n<meta property=\"article:modified_time\" content=\"2023-06-22T12:18:22+00:00\" \/>\n<meta property=\"og:image\" content=\"https:\/\/progettotouring.it\/radiotouring104\/wp-content\/uploads\/sites\/6\/2022\/05\/Antonio-Lo-Schiavo-in-Commissione.jpg\" \/>\n\t<meta property=\"og:image:width\" content=\"899\" \/>\n\t<meta property=\"og:image:height\" content=\"576\" \/>\n\t<meta property=\"og:image:type\" content=\"image\/jpeg\" \/>\n<meta name=\"author\" content=\"Filippo Francesco Idone\" \/>\n<meta name=\"twitter:card\" content=\"summary_large_image\" \/>\n<meta name=\"twitter:label1\" content=\"Scritto da\" \/>\n\t<meta name=\"twitter:data1\" content=\"Filippo Francesco Idone\" \/>\n\t<meta name=\"twitter:label2\" content=\"Tempo di lettura stimato\" \/>\n\t<meta name=\"twitter:data2\" content=\"2 minuti\" \/>\n<script type=\"application\/ld+json\" class=\"yoast-schema-graph\">{\"@context\":\"https:\/\/schema.org\",\"@graph\":[{\"@type\":\"Article\",\"@id\":\"https:\/\/progettotouring.it\/radiotouring104\/2023\/06\/22\/lo-schiavo-tuona-sterpaglie-e-rifiuti-lungo-le-strade-del-turismo\/#article\",\"isPartOf\":{\"@id\":\"https:\/\/progettotouring.it\/radiotouring104\/2023\/06\/22\/lo-schiavo-tuona-sterpaglie-e-rifiuti-lungo-le-strade-del-turismo\/\"},\"author\":{\"name\":\"Filippo Francesco Idone\",\"@id\":\"https:\/\/progettotouring.it\/radiotouring104\/#\/schema\/person\/4a82259ca52ac8702ad1a8f9e5a3120b\"},\"headline\":\"Lo Schiavo tuona: &#8220;Sterpaglie e rifiuti lungo le strade del turismo&#8221;\",\"datePublished\":\"2023-06-22T11:18:38+00:00\",\"dateModified\":\"2023-06-22T12:18:22+00:00\",\"mainEntityOfPage\":{\"@id\":\"https:\/\/progettotouring.it\/radiotouring104\/2023\/06\/22\/lo-schiavo-tuona-sterpaglie-e-rifiuti-lungo-le-strade-del-turismo\/\"},\"wordCount\":344,\"publisher\":{\"@id\":\"https:\/\/progettotouring.it\/radiotouring104\/#organization\"},\"image\":{\"@id\":\"https:\/\/progettotouring.it\/radiotouring104\/2023\/06\/22\/lo-schiavo-tuona-sterpaglie-e-rifiuti-lungo-le-strade-del-turismo\/#primaryimage\"},\"thumbnailUrl\":\"https:\/\/progettotouring.it\/radiotouring104\/wp-content\/uploads\/sites\/6\/2022\/05\/Antonio-Lo-Schiavo-in-Commissione.jpg\",\"keywords\":[\"calabria\",\"Calabria verde\",\"Gruppo Misto\",\"lo schiavo\",\"vibo valentia\"],\"articleSection\":[\"Calabria\",\"Home\",\"News\",\"Politica\"],\"inLanguage\":\"it-IT\"},{\"@type\":\"WebPage\",\"@id\":\"https:\/\/progettotouring.it\/radiotouring104\/2023\/06\/22\/lo-schiavo-tuona-sterpaglie-e-rifiuti-lungo-le-strade-del-turismo\/\",\"url\":\"https:\/\/progettotouring.it\/radiotouring104\/2023\/06\/22\/lo-schiavo-tuona-sterpaglie-e-rifiuti-lungo-le-strade-del-turismo\/\",\"name\":\"Lo Schiavo tuona: \\\"Sterpaglie e rifiuti lungo le strade del turismo\\\" - Radio Touring 104\",\"isPartOf\":{\"@id\":\"https:\/\/progettotouring.it\/radiotouring104\/#website\"},\"primaryImageOfPage\":{\"@id\":\"https:\/\/progettotouring.it\/radiotouring104\/2023\/06\/22\/lo-schiavo-tuona-sterpaglie-e-rifiuti-lungo-le-strade-del-turismo\/#primaryimage\"},\"image\":{\"@id\":\"https:\/\/progettotouring.it\/radiotouring104\/2023\/06\/22\/lo-schiavo-tuona-sterpaglie-e-rifiuti-lungo-le-strade-del-turismo\/#primaryimage\"},\"thumbnailUrl\":\"https:\/\/progettotouring.it\/radiotouring104\/wp-content\/uploads\/sites\/6\/2022\/05\/Antonio-Lo-Schiavo-in-Commissione.jpg\",\"datePublished\":\"2023-06-22T11:18:38+00:00\",\"dateModified\":\"2023-06-22T12:18:22+00:00\",\"description\":\"Antonio Lo Schiavo, consigliere regionale, chiede un comportamento pi\u00f9 rispettoso nei luoghi turistici della Calabria\",\"breadcrumb\":{\"@id\":\"https:\/\/progettotouring.it\/radiotouring104\/2023\/06\/22\/lo-schiavo-tuona-sterpaglie-e-rifiuti-lungo-le-strade-del-turismo\/#breadcrumb\"},\"inLanguage\":\"it-IT\",\"potentialAction\":[{\"@type\":\"ReadAction\",\"target\":[\"https:\/\/progettotouring.it\/radiotouring104\/2023\/06\/22\/lo-schiavo-tuona-sterpaglie-e-rifiuti-lungo-le-strade-del-turismo\/\"]}]},{\"@type\":\"ImageObject\",\"inLanguage\":\"it-IT\",\"@id\":\"https:\/\/progettotouring.it\/radiotouring104\/2023\/06\/22\/lo-schiavo-tuona-sterpaglie-e-rifiuti-lungo-le-strade-del-turismo\/#primaryimage\",\"url\":\"https:\/\/progettotouring.it\/radiotouring104\/wp-content\/uploads\/sites\/6\/2022\/05\/Antonio-Lo-Schiavo-in-Commissione.jpg\",\"contentUrl\":\"https:\/\/progettotouring.it\/radiotouring104\/wp-content\/uploads\/sites\/6\/2022\/05\/Antonio-Lo-Schiavo-in-Commissione.jpg\",\"width\":899,\"height\":576},{\"@type\":\"BreadcrumbList\",\"@id\":\"https:\/\/progettotouring.it\/radiotouring104\/2023\/06\/22\/lo-schiavo-tuona-sterpaglie-e-rifiuti-lungo-le-strade-del-turismo\/#breadcrumb\",\"itemListElement\":[{\"@type\":\"ListItem\",\"position\":1,\"name\":\"Home\",\"item\":\"https:\/\/progettotouring.it\/radiotouring104\/\"},{\"@type\":\"ListItem\",\"position\":2,\"name\":\"Lo Schiavo tuona: &#8220;Sterpaglie e rifiuti lungo le strade del turismo&#8221;\"}]},{\"@type\":\"WebSite\",\"@id\":\"https:\/\/progettotouring.it\/radiotouring104\/#website\",\"url\":\"https:\/\/progettotouring.it\/radiotouring104\/\",\"name\":\"Radio Touring 104\",\"description\":\"La prima radio Reggina\",\"publisher\":{\"@id\":\"https:\/\/progettotouring.it\/radiotouring104\/#organization\"},\"potentialAction\":[{\"@type\":\"SearchAction\",\"target\":{\"@type\":\"EntryPoint\",\"urlTemplate\":\"https:\/\/progettotouring.it\/radiotouring104\/?s={search_term_string}\"},\"query-input\":{\"@type\":\"PropertyValueSpecification\",\"valueRequired\":true,\"valueName\":\"search_term_string\"}}],\"inLanguage\":\"it-IT\"},{\"@type\":\"Organization\",\"@id\":\"https:\/\/progettotouring.it\/radiotouring104\/#organization\",\"name\":\"Radio Touring 104\",\"url\":\"https:\/\/progettotouring.it\/radiotouring104\/\",\"logo\":{\"@type\":\"ImageObject\",\"inLanguage\":\"it-IT\",\"@id\":\"https:\/\/progettotouring.it\/radiotouring104\/#\/schema\/logo\/image\/\",\"url\":\"https:\/\/progettotouring.it\/radiotouring104\/wp-content\/uploads\/sites\/6\/2022\/02\/cropped-logo-radio-touring-104.png\",\"contentUrl\":\"https:\/\/progettotouring.it\/radiotouring104\/wp-content\/uploads\/sites\/6\/2022\/02\/cropped-logo-radio-touring-104.png\",\"width\":377,\"height\":182,\"caption\":\"Radio Touring 104\"},\"image\":{\"@id\":\"https:\/\/progettotouring.it\/radiotouring104\/#\/schema\/logo\/image\/\"}},{\"@type\":\"Person\",\"@id\":\"https:\/\/progettotouring.it\/radiotouring104\/#\/schema\/person\/4a82259ca52ac8702ad1a8f9e5a3120b\",\"name\":\"Filippo Francesco Idone\",\"image\":{\"@type\":\"ImageObject\",\"inLanguage\":\"it-IT\",\"@id\":\"https:\/\/secure.gravatar.com\/avatar\/7268715d2366395c3dd314385670e6484117d44f5c442e61e230f7008b7b62d3?s=96&d=mm&r=g\",\"url\":\"https:\/\/secure.gravatar.com\/avatar\/7268715d2366395c3dd314385670e6484117d44f5c442e61e230f7008b7b62d3?s=96&d=mm&r=g\",\"contentUrl\":\"https:\/\/secure.gravatar.com\/avatar\/7268715d2366395c3dd314385670e6484117d44f5c442e61e230f7008b7b62d3?s=96&d=mm&r=g\",\"caption\":\"Filippo Francesco Idone\"},\"url\":\"https:\/\/progettotouring.it\/radiotouring104\/author\/filippoidone\/\"}]}<\/script>\n<!-- \/ Yoast SEO plugin. -->","yoast_head_json":{"title":"Lo Schiavo tuona: \"Sterpaglie e rifiuti lungo le strade del turismo\" - Radio Touring 104","description":"Antonio Lo Schiavo, consigliere regionale, chiede un comportamento pi\u00f9 rispettoso nei luoghi turistici della Calabria","robots":{"index":"index","follow":"follow","max-snippet":"max-snippet:-1","max-image-preview":"max-image-preview:large","max-video-preview":"max-video-preview:-1"},"canonical":"https:\/\/progettotouring.it\/radiotouring104\/2023\/06\/22\/lo-schiavo-tuona-sterpaglie-e-rifiuti-lungo-le-strade-del-turismo\/","og_locale":"it_IT","og_type":"article","og_title":"Lo Schiavo tuona: \"Sterpaglie e rifiuti lungo le strade del turismo\" - Radio Touring 104","og_description":"Antonio Lo Schiavo, consigliere regionale, chiede un comportamento pi\u00f9 rispettoso nei luoghi turistici della Calabria","og_url":"https:\/\/progettotouring.it\/radiotouring104\/2023\/06\/22\/lo-schiavo-tuona-sterpaglie-e-rifiuti-lungo-le-strade-del-turismo\/","og_site_name":"Radio Touring 104","article_published_time":"2023-06-22T11:18:38+00:00","article_modified_time":"2023-06-22T12:18:22+00:00","og_image":[{"width":899,"height":576,"url":"https:\/\/progettotouring.it\/radiotouring104\/wp-content\/uploads\/sites\/6\/2022\/05\/Antonio-Lo-Schiavo-in-Commissione.jpg","type":"image\/jpeg"}],"author":"Filippo Francesco Idone","twitter_card":"summary_large_image","twitter_misc":{"Scritto da":"Filippo Francesco Idone","Tempo di lettura stimato":"2 minuti"},"schema":{"@context":"https:\/\/schema.org","@graph":[{"@type":"Article","@id":"https:\/\/progettotouring.it\/radiotouring104\/2023\/06\/22\/lo-schiavo-tuona-sterpaglie-e-rifiuti-lungo-le-strade-del-turismo\/#article","isPartOf":{"@id":"https:\/\/progettotouring.it\/radiotouring104\/2023\/06\/22\/lo-schiavo-tuona-sterpaglie-e-rifiuti-lungo-le-strade-del-turismo\/"},"author":{"name":"Filippo Francesco Idone","@id":"https:\/\/progettotouring.it\/radiotouring104\/#\/schema\/person\/4a82259ca52ac8702ad1a8f9e5a3120b"},"headline":"Lo Schiavo tuona: &#8220;Sterpaglie e rifiuti lungo le strade del turismo&#8221;","datePublished":"2023-06-22T11:18:38+00:00","dateModified":"2023-06-22T12:18:22+00:00","mainEntityOfPage":{"@id":"https:\/\/progettotouring.it\/radiotouring104\/2023\/06\/22\/lo-schiavo-tuona-sterpaglie-e-rifiuti-lungo-le-strade-del-turismo\/"},"wordCount":344,"publisher":{"@id":"https:\/\/progettotouring.it\/radiotouring104\/#organization"},"image":{"@id":"https:\/\/progettotouring.it\/radiotouring104\/2023\/06\/22\/lo-schiavo-tuona-sterpaglie-e-rifiuti-lungo-le-strade-del-turismo\/#primaryimage"},"thumbnailUrl":"https:\/\/progettotouring.it\/radiotouring104\/wp-content\/uploads\/sites\/6\/2022\/05\/Antonio-Lo-Schiavo-in-Commissione.jpg","keywords":["calabria","Calabria verde","Gruppo Misto","lo schiavo","vibo valentia"],"articleSection":["Calabria","Home","News","Politica"],"inLanguage":"it-IT"},{"@type":"WebPage","@id":"https:\/\/progettotouring.it\/radiotouring104\/2023\/06\/22\/lo-schiavo-tuona-sterpaglie-e-rifiuti-lungo-le-strade-del-turismo\/","url":"https:\/\/progettotouring.it\/radiotouring104\/2023\/06\/22\/lo-schiavo-tuona-sterpaglie-e-rifiuti-lungo-le-strade-del-turismo\/","name":"Lo Schiavo tuona: \"Sterpaglie e rifiuti lungo le strade del turismo\" - Radio Touring 104","isPartOf":{"@id":"https:\/\/progettotouring.it\/radiotouring104\/#website"},"primaryImageOfPage":{"@id":"https:\/\/progettotouring.it\/radiotouring104\/2023\/06\/22\/lo-schiavo-tuona-sterpaglie-e-rifiuti-lungo-le-strade-del-turismo\/#primaryimage"},"image":{"@id":"https:\/\/progettotouring.it\/radiotouring104\/2023\/06\/22\/lo-schiavo-tuona-sterpaglie-e-rifiuti-lungo-le-strade-del-turismo\/#primaryimage"},"thumbnailUrl":"https:\/\/progettotouring.it\/radiotouring104\/wp-content\/uploads\/sites\/6\/2022\/05\/Antonio-Lo-Schiavo-in-Commissione.jpg","datePublished":"2023-06-22T11:18:38+00:00","dateModified":"2023-06-22T12:18:22+00:00","description":"Antonio Lo Schiavo, consigliere regionale, chiede un comportamento pi\u00f9 rispettoso nei luoghi turistici della Calabria","breadcrumb":{"@id":"https:\/\/progettotouring.it\/radiotouring104\/2023\/06\/22\/lo-schiavo-tuona-sterpaglie-e-rifiuti-lungo-le-strade-del-turismo\/#breadcrumb"},"inLanguage":"it-IT","potentialAction":[{"@type":"ReadAction","target":["https:\/\/progettotouring.it\/radiotouring104\/2023\/06\/22\/lo-schiavo-tuona-sterpaglie-e-rifiuti-lungo-le-strade-del-turismo\/"]}]},{"@type":"ImageObject","inLanguage":"it-IT","@id":"https:\/\/progettotouring.it\/radiotouring104\/2023\/06\/22\/lo-schiavo-tuona-sterpaglie-e-rifiuti-lungo-le-strade-del-turismo\/#primaryimage","url":"https:\/\/progettotouring.it\/radiotouring104\/wp-content\/uploads\/sites\/6\/2022\/05\/Antonio-Lo-Schiavo-in-Commissione.jpg","contentUrl":"https:\/\/progettotouring.it\/radiotouring104\/wp-content\/uploads\/sites\/6\/2022\/05\/Antonio-Lo-Schiavo-in-Commissione.jpg","width":899,"height":576},{"@type":"BreadcrumbList","@id":"https:\/\/progettotouring.it\/radiotouring104\/2023\/06\/22\/lo-schiavo-tuona-sterpaglie-e-rifiuti-lungo-le-strade-del-turismo\/#breadcrumb","itemListElement":[{"@type":"ListItem","position":1,"name":"Home","item":"https:\/\/progettotouring.it\/radiotouring104\/"},{"@type":"ListItem","position":2,"name":"Lo Schiavo tuona: &#8220;Sterpaglie e rifiuti lungo le strade del turismo&#8221;"}]},{"@type":"WebSite","@id":"https:\/\/progettotouring.it\/radiotouring104\/#website","url":"https:\/\/progettotouring.it\/radiotouring104\/","name":"Radio Touring 104","description":"La prima radio Reggina","publisher":{"@id":"https:\/\/progettotouring.it\/radiotouring104\/#organization"},"potentialAction":[{"@type":"SearchAction","target":{"@type":"EntryPoint","urlTemplate":"https:\/\/progettotouring.it\/radiotouring104\/?s={search_term_string}"},"query-input":{"@type":"PropertyValueSpecification","valueRequired":true,"valueName":"search_term_string"}}],"inLanguage":"it-IT"},{"@type":"Organization","@id":"https:\/\/progettotouring.it\/radiotouring104\/#organization","name":"Radio Touring 104","url":"https:\/\/progettotouring.it\/radiotouring104\/","logo":{"@type":"ImageObject","inLanguage":"it-IT","@id":"https:\/\/progettotouring.it\/radiotouring104\/#\/schema\/logo\/image\/","url":"https:\/\/progettotouring.it\/radiotouring104\/wp-content\/uploads\/sites\/6\/2022\/02\/cropped-logo-radio-touring-104.png","contentUrl":"https:\/\/progettotouring.it\/radiotouring104\/wp-content\/uploads\/sites\/6\/2022\/02\/cropped-logo-radio-touring-104.png","width":377,"height":182,"caption":"Radio Touring 104"},"image":{"@id":"https:\/\/progettotouring.it\/radiotouring104\/#\/schema\/logo\/image\/"}},{"@type":"Person","@id":"https:\/\/progettotouring.it\/radiotouring104\/#\/schema\/person\/4a82259ca52ac8702ad1a8f9e5a3120b","name":"Filippo Francesco Idone","image":{"@type":"ImageObject","inLanguage":"it-IT","@id":"https:\/\/secure.gravatar.com\/avatar\/7268715d2366395c3dd314385670e6484117d44f5c442e61e230f7008b7b62d3?s=96&d=mm&r=g","url":"https:\/\/secure.gravatar.com\/avatar\/7268715d2366395c3dd314385670e6484117d44f5c442e61e230f7008b7b62d3?s=96&d=mm&r=g","contentUrl":"https:\/\/secure.gravatar.com\/avatar\/7268715d2366395c3dd314385670e6484117d44f5c442e61e230f7008b7b62d3?s=96&d=mm&r=g","caption":"Filippo Francesco Idone"},"url":"https:\/\/progettotouring.it\/radiotouring104\/author\/filippoidone\/"}]}},"jetpack_publicize_connections":[],"jetpack_featured_media_url":"https:\/\/progettotouring.it\/radiotouring104\/wp-content\/uploads\/sites\/6\/2022\/05\/Antonio-Lo-Schiavo-in-Commissione.jpg","jetpack_sharing_enabled":true,"_links":{"self":[{"href":"https:\/\/progettotouring.it\/radiotouring104\/wp-json\/wp\/v2\/posts\/28686","targetHints":{"allow":["GET"]}}],"collection":[{"href":"https:\/\/progettotouring.it\/radiotouring104\/wp-json\/wp\/v2\/posts"}],"about":[{"href":"https:\/\/progettotouring.it\/radiotouring104\/wp-json\/wp\/v2\/types\/post"}],"author":[{"embeddable":true,"href":"https:\/\/progettotouring.it\/radiotouring104\/wp-json\/wp\/v2\/users\/8"}],"replies":[{"embeddable":true,"href":"https:\/\/progettotouring.it\/radiotouring104\/wp-json\/wp\/v2\/comments?post=28686"}],"version-history":[{"count":1,"href":"https:\/\/progettotouring.it\/radiotouring104\/wp-json\/wp\/v2\/posts\/28686\/revisions"}],"predecessor-version":[{"id":28688,"href":"https:\/\/progettotouring.it\/radiotouring104\/wp-json\/wp\/v2\/posts\/28686\/revisions\/28688"}],"wp:featuredmedia":[{"embeddable":true,"href":"https:\/\/progettotouring.it\/radiotouring104\/wp-json\/wp\/v2\/media\/5381"}],"wp:attachment":[{"href":"https:\/\/progettotouring.it\/radiotouring104\/wp-json\/wp\/v2\/media?parent=28686"}],"wp:term":[{"taxonomy":"category","embeddable":true,"href":"https:\/\/progettotouring.it\/radiotouring104\/wp-json\/wp\/v2\/categories?post=28686"},{"taxonomy":"post_tag","embeddable":true,"href":"https:\/\/progettotouring.it\/radiotouring104\/wp-json\/wp\/v2\/tags?post=28686"}],"curies":[{"name":"wp","href":"https:\/\/api.w.org\/{rel}","templated":true}]}}