{"id":28689,"date":"2023-06-22T14:23:56","date_gmt":"2023-06-22T12:23:56","guid":{"rendered":"https:\/\/progettotouring.it\/radiotouring104\/?p=28689"},"modified":"2023-06-22T14:23:56","modified_gmt":"2023-06-22T12:23:56","slug":"griso-laboccetta-presentato-il-programma-delle-attivita-estive","status":"publish","type":"post","link":"https:\/\/progettotouring.it\/radiotouring104\/2023\/06\/22\/griso-laboccetta-presentato-il-programma-delle-attivita-estive\/","title":{"rendered":"Griso Laboccetta: presentato il programma delle attivit\u00e0 estive"},"content":{"rendered":"<p style=\"text-align: justify\">Il sindaco metropolitano facente funzioni, <strong>Carmelo Versace,<\/strong> ed il consigliere delegato alla Cultura, <strong>Filippo Quartuccio,<\/strong> hanno preso parte alla presentazione di \u201cEstate al Parco\u201d, il programma di iniziative culturali promosso dall\u2019associazione \u201c<strong>Ulysses<\/strong>\u201d, presieduta da Marisa Cagliostro, presso l\u2019area archeologica Griso-Laboccetta. <em>&#8220;Questa iniziativa \u2013<strong> ha spiegato Versace &#8211;<\/strong> \u00e8 diventata un\u2019abitudine positiva all\u2019interno di un\u2019area che, grazie ad \u201cUlysses\u201d ed alla professoressa Cagliostro, si sta cercando di rianimare per allontanare, definitivamente, i tempi tristi in cui il parco archeologico versava in un inaccettabile stato di abbandono&#8221;.<\/em><\/p>\n<p><em>&#8220;Lo scorso anno \u2013 <\/em>ha ricordato <em>&#8211; ci siamo riusciti, in un\u2019occasione speciale come il 50\u00b0 anniversario del ritrovamento dei <strong>Bronzi di<\/strong> <strong>Riace<\/strong>. Quest\u2019anno la stagione promette lo stesso successo con l\u2019organizzazione di tanti eventi che segnano, soprattutto, la stretta sinergia fra importanti realt\u00e0 culturali del territorio. Siamo felici, dunque, di constatare l\u2019ennesima occasione di confronto culturale in un territorio che ne ha davvero tanto bisogno\u00bb.<\/em><\/p>\n<p>Per il consigliere <strong>Filippo<\/strong> <strong>Quartuccio<\/strong>, l\u2019area <strong>Griso-Laboccetta<\/strong>, &#8220;<em>tornata a rivivere in termini strutturali e di potenziamento culturale grazie alla Citt\u00e0 Metropolitana, si conferma centro propulsivo di creativit\u00e0 e crescita civile e sociale\u00bb. \u00abL\u2019associazione Ulysses \u2013 ha aggiunto \u2013 che ne cura la gestione, presenta un calendario estivo ricco di approfondimenti culturali, di musica, spettacolo e teatro col contributo decisivo e fondamentale di alcune associazioni che sono riuscite ad allestire un cartellone davvero di ottimo livello. Questo, si unisce a tutte le altre opportunit\u00e0 che, a breve, la Citt\u00e0 Metropolitana presenter\u00e0 a beneficio dell\u2019intero comprensorio&#8221;.<\/em><\/p>\n<p><em>&#8220;La stagione dello scorso anno \u2013<\/em> ha proseguito la professoressa<strong> Marisa Cagliostro<\/strong> <em>\u2013 ha riscosso ampi consensi di critica e di pubblico. Concerti, presentazioni di libri, danza hanno riempito di contenuti la convenzione con la <strong>Citt\u00e0<\/strong><strong>Metropolitana<\/strong>, arricchita dai protocolli d\u2019intesa con sette partner che si identificano fra le associazioni pi\u00f9 importanti nel settore dello spettacolo&#8221;. &#8220;In programma <\/em>\u2013 ha concluso \u2013<em> ci sono molte presentazioni di libri con l\u2019impegno di due case editrici. Poi, la danza di <strong>Gabriella<\/strong> <strong>Cutrupi<\/strong>, la musica di <strong>Dario Siclari<\/strong> e concerti che rappresenteranno una vera e propria sorpresa. Dunque, stiamo cercando di mettere in campo eventi interessanti, d\u2019ampio respiro artistico e culturale, sicuramente diversi da quelli che si celebreranno in altri luoghi cos\u00ec da differenziare un\u2019offerta cittadina davvero ampia e variegata&#8221;.<\/em><\/p>\n<div><\/div>\n<div><\/div>\n","protected":false},"excerpt":{"rendered":"<p>Il sindaco metropolitano facente funzioni, Carmelo Versace, ed il consigliere delegato alla Cultura, Filippo Quartuccio, hanno preso parte alla presentazione di \u201cEstate al Parco\u201d, il programma di iniziative culturali promosso&hellip;<\/p>\n","protected":false},"author":8,"featured_media":28690,"comment_status":"closed","ping_status":"open","sticky":false,"template":"","format":"standard","meta":{"_jetpack_memberships_contains_paid_content":false,"footnotes":"","jetpack_publicize_message":"","jetpack_publicize_feature_enabled":true,"jetpack_social_post_already_shared":false,"jetpack_social_options":{"image_generator_settings":{"template":"highway","default_image_id":0,"font":"","enabled":false},"version":2}},"categories":[196],"tags":[388,239,743,468,17572,236],"class_list":["post-28689","post","type-post","status-publish","format-standard","has-post-thumbnail","hentry","category-news","tag-bronzi-di-riace","tag-carmelo-versace","tag-citta-metropolitana","tag-filippo-quartuccio","tag-griso-laboccetta","tag-reggio-calabria"],"yoast_head":"<!-- This site is optimized with the Yoast SEO plugin v27.2 - https:\/\/yoast.com\/product\/yoast-seo-wordpress\/ -->\n<title>Griso Laboccetta: presentato il programma delle attivit\u00e0 estive - Radio Touring 104<\/title>\n<meta name=\"description\" content=\"Il parco archeologico Griso Laboccetta \u00e8 il centro pulsante di iniziative culturali: presentato il programma delle attivit\u00e0 estive\" \/>\n<meta name=\"robots\" content=\"index, follow, max-snippet:-1, max-image-preview:large, max-video-preview:-1\" \/>\n<link rel=\"canonical\" href=\"https:\/\/progettotouring.it\/radiotouring104\/2023\/06\/22\/griso-laboccetta-presentato-il-programma-delle-attivita-estive\/\" \/>\n<meta property=\"og:locale\" content=\"it_IT\" \/>\n<meta property=\"og:type\" content=\"article\" \/>\n<meta property=\"og:title\" content=\"Griso Laboccetta: presentato il programma delle attivit\u00e0 estive - Radio Touring 104\" \/>\n<meta property=\"og:description\" content=\"Il parco archeologico Griso Laboccetta \u00e8 il centro pulsante di iniziative culturali: presentato il programma delle attivit\u00e0 estive\" \/>\n<meta property=\"og:url\" content=\"https:\/\/progettotouring.it\/radiotouring104\/2023\/06\/22\/griso-laboccetta-presentato-il-programma-delle-attivita-estive\/\" \/>\n<meta property=\"og:site_name\" content=\"Radio Touring 104\" \/>\n<meta property=\"article:published_time\" content=\"2023-06-22T12:23:56+00:00\" \/>\n<meta property=\"og:image\" content=\"https:\/\/progettotouring.it\/radiotouring104\/wp-content\/uploads\/sites\/6\/2023\/06\/parco-griso-laboccetta.jpeg\" \/>\n\t<meta property=\"og:image:width\" content=\"1600\" \/>\n\t<meta property=\"og:image:height\" content=\"1200\" \/>\n\t<meta property=\"og:image:type\" content=\"image\/jpeg\" \/>\n<meta name=\"author\" content=\"Filippo Francesco Idone\" \/>\n<meta name=\"twitter:card\" content=\"summary_large_image\" \/>\n<meta name=\"twitter:label1\" content=\"Scritto da\" \/>\n\t<meta name=\"twitter:data1\" content=\"Filippo Francesco Idone\" \/>\n\t<meta name=\"twitter:label2\" content=\"Tempo di lettura stimato\" \/>\n\t<meta name=\"twitter:data2\" content=\"2 minuti\" \/>\n<script type=\"application\/ld+json\" class=\"yoast-schema-graph\">{\"@context\":\"https:\/\/schema.org\",\"@graph\":[{\"@type\":\"Article\",\"@id\":\"https:\/\/progettotouring.it\/radiotouring104\/2023\/06\/22\/griso-laboccetta-presentato-il-programma-delle-attivita-estive\/#article\",\"isPartOf\":{\"@id\":\"https:\/\/progettotouring.it\/radiotouring104\/2023\/06\/22\/griso-laboccetta-presentato-il-programma-delle-attivita-estive\/\"},\"author\":{\"name\":\"Filippo Francesco Idone\",\"@id\":\"https:\/\/progettotouring.it\/radiotouring104\/#\/schema\/person\/4a82259ca52ac8702ad1a8f9e5a3120b\"},\"headline\":\"Griso Laboccetta: presentato il programma delle attivit\u00e0 estive\",\"datePublished\":\"2023-06-22T12:23:56+00:00\",\"mainEntityOfPage\":{\"@id\":\"https:\/\/progettotouring.it\/radiotouring104\/2023\/06\/22\/griso-laboccetta-presentato-il-programma-delle-attivita-estive\/\"},\"wordCount\":386,\"publisher\":{\"@id\":\"https:\/\/progettotouring.it\/radiotouring104\/#organization\"},\"image\":{\"@id\":\"https:\/\/progettotouring.it\/radiotouring104\/2023\/06\/22\/griso-laboccetta-presentato-il-programma-delle-attivita-estive\/#primaryimage\"},\"thumbnailUrl\":\"https:\/\/progettotouring.it\/radiotouring104\/wp-content\/uploads\/sites\/6\/2023\/06\/parco-griso-laboccetta.jpeg\",\"keywords\":[\"Bronzi di Riace\",\"carmelo versace\",\"Citt\u00e0 metropolitana\",\"filippo quartuccio\",\"Griso-Laboccetta\",\"reggio calabria\"],\"articleSection\":[\"News\"],\"inLanguage\":\"it-IT\"},{\"@type\":\"WebPage\",\"@id\":\"https:\/\/progettotouring.it\/radiotouring104\/2023\/06\/22\/griso-laboccetta-presentato-il-programma-delle-attivita-estive\/\",\"url\":\"https:\/\/progettotouring.it\/radiotouring104\/2023\/06\/22\/griso-laboccetta-presentato-il-programma-delle-attivita-estive\/\",\"name\":\"Griso Laboccetta: presentato il programma delle attivit\u00e0 estive - Radio Touring 104\",\"isPartOf\":{\"@id\":\"https:\/\/progettotouring.it\/radiotouring104\/#website\"},\"primaryImageOfPage\":{\"@id\":\"https:\/\/progettotouring.it\/radiotouring104\/2023\/06\/22\/griso-laboccetta-presentato-il-programma-delle-attivita-estive\/#primaryimage\"},\"image\":{\"@id\":\"https:\/\/progettotouring.it\/radiotouring104\/2023\/06\/22\/griso-laboccetta-presentato-il-programma-delle-attivita-estive\/#primaryimage\"},\"thumbnailUrl\":\"https:\/\/progettotouring.it\/radiotouring104\/wp-content\/uploads\/sites\/6\/2023\/06\/parco-griso-laboccetta.jpeg\",\"datePublished\":\"2023-06-22T12:23:56+00:00\",\"description\":\"Il parco archeologico Griso Laboccetta \u00e8 il centro pulsante di iniziative culturali: presentato il programma delle attivit\u00e0 estive\",\"breadcrumb\":{\"@id\":\"https:\/\/progettotouring.it\/radiotouring104\/2023\/06\/22\/griso-laboccetta-presentato-il-programma-delle-attivita-estive\/#breadcrumb\"},\"inLanguage\":\"it-IT\",\"potentialAction\":[{\"@type\":\"ReadAction\",\"target\":[\"https:\/\/progettotouring.it\/radiotouring104\/2023\/06\/22\/griso-laboccetta-presentato-il-programma-delle-attivita-estive\/\"]}]},{\"@type\":\"ImageObject\",\"inLanguage\":\"it-IT\",\"@id\":\"https:\/\/progettotouring.it\/radiotouring104\/2023\/06\/22\/griso-laboccetta-presentato-il-programma-delle-attivita-estive\/#primaryimage\",\"url\":\"https:\/\/progettotouring.it\/radiotouring104\/wp-content\/uploads\/sites\/6\/2023\/06\/parco-griso-laboccetta.jpeg\",\"contentUrl\":\"https:\/\/progettotouring.it\/radiotouring104\/wp-content\/uploads\/sites\/6\/2023\/06\/parco-griso-laboccetta.jpeg\",\"width\":1600,\"height\":1200},{\"@type\":\"BreadcrumbList\",\"@id\":\"https:\/\/progettotouring.it\/radiotouring104\/2023\/06\/22\/griso-laboccetta-presentato-il-programma-delle-attivita-estive\/#breadcrumb\",\"itemListElement\":[{\"@type\":\"ListItem\",\"position\":1,\"name\":\"Home\",\"item\":\"https:\/\/progettotouring.it\/radiotouring104\/\"},{\"@type\":\"ListItem\",\"position\":2,\"name\":\"Griso Laboccetta: presentato il programma delle attivit\u00e0 estive\"}]},{\"@type\":\"WebSite\",\"@id\":\"https:\/\/progettotouring.it\/radiotouring104\/#website\",\"url\":\"https:\/\/progettotouring.it\/radiotouring104\/\",\"name\":\"Radio Touring 104\",\"description\":\"La prima radio Reggina\",\"publisher\":{\"@id\":\"https:\/\/progettotouring.it\/radiotouring104\/#organization\"},\"potentialAction\":[{\"@type\":\"SearchAction\",\"target\":{\"@type\":\"EntryPoint\",\"urlTemplate\":\"https:\/\/progettotouring.it\/radiotouring104\/?s={search_term_string}\"},\"query-input\":{\"@type\":\"PropertyValueSpecification\",\"valueRequired\":true,\"valueName\":\"search_term_string\"}}],\"inLanguage\":\"it-IT\"},{\"@type\":\"Organization\",\"@id\":\"https:\/\/progettotouring.it\/radiotouring104\/#organization\",\"name\":\"Radio Touring 104\",\"url\":\"https:\/\/progettotouring.it\/radiotouring104\/\",\"logo\":{\"@type\":\"ImageObject\",\"inLanguage\":\"it-IT\",\"@id\":\"https:\/\/progettotouring.it\/radiotouring104\/#\/schema\/logo\/image\/\",\"url\":\"https:\/\/progettotouring.it\/radiotouring104\/wp-content\/uploads\/sites\/6\/2022\/02\/cropped-logo-radio-touring-104.png\",\"contentUrl\":\"https:\/\/progettotouring.it\/radiotouring104\/wp-content\/uploads\/sites\/6\/2022\/02\/cropped-logo-radio-touring-104.png\",\"width\":377,\"height\":182,\"caption\":\"Radio Touring 104\"},\"image\":{\"@id\":\"https:\/\/progettotouring.it\/radiotouring104\/#\/schema\/logo\/image\/\"}},{\"@type\":\"Person\",\"@id\":\"https:\/\/progettotouring.it\/radiotouring104\/#\/schema\/person\/4a82259ca52ac8702ad1a8f9e5a3120b\",\"name\":\"Filippo Francesco Idone\",\"image\":{\"@type\":\"ImageObject\",\"inLanguage\":\"it-IT\",\"@id\":\"https:\/\/secure.gravatar.com\/avatar\/7268715d2366395c3dd314385670e6484117d44f5c442e61e230f7008b7b62d3?s=96&d=mm&r=g\",\"url\":\"https:\/\/secure.gravatar.com\/avatar\/7268715d2366395c3dd314385670e6484117d44f5c442e61e230f7008b7b62d3?s=96&d=mm&r=g\",\"contentUrl\":\"https:\/\/secure.gravatar.com\/avatar\/7268715d2366395c3dd314385670e6484117d44f5c442e61e230f7008b7b62d3?s=96&d=mm&r=g\",\"caption\":\"Filippo Francesco Idone\"},\"url\":\"https:\/\/progettotouring.it\/radiotouring104\/author\/filippoidone\/\"}]}<\/script>\n<!-- \/ Yoast SEO plugin. -->","yoast_head_json":{"title":"Griso Laboccetta: presentato il programma delle attivit\u00e0 estive - Radio Touring 104","description":"Il parco archeologico Griso Laboccetta \u00e8 il centro pulsante di iniziative culturali: presentato il programma delle attivit\u00e0 estive","robots":{"index":"index","follow":"follow","max-snippet":"max-snippet:-1","max-image-preview":"max-image-preview:large","max-video-preview":"max-video-preview:-1"},"canonical":"https:\/\/progettotouring.it\/radiotouring104\/2023\/06\/22\/griso-laboccetta-presentato-il-programma-delle-attivita-estive\/","og_locale":"it_IT","og_type":"article","og_title":"Griso Laboccetta: presentato il programma delle attivit\u00e0 estive - Radio Touring 104","og_description":"Il parco archeologico Griso Laboccetta \u00e8 il centro pulsante di iniziative culturali: presentato il programma delle attivit\u00e0 estive","og_url":"https:\/\/progettotouring.it\/radiotouring104\/2023\/06\/22\/griso-laboccetta-presentato-il-programma-delle-attivita-estive\/","og_site_name":"Radio Touring 104","article_published_time":"2023-06-22T12:23:56+00:00","og_image":[{"width":1600,"height":1200,"url":"https:\/\/progettotouring.it\/radiotouring104\/wp-content\/uploads\/sites\/6\/2023\/06\/parco-griso-laboccetta.jpeg","type":"image\/jpeg"}],"author":"Filippo Francesco Idone","twitter_card":"summary_large_image","twitter_misc":{"Scritto da":"Filippo Francesco Idone","Tempo di lettura stimato":"2 minuti"},"schema":{"@context":"https:\/\/schema.org","@graph":[{"@type":"Article","@id":"https:\/\/progettotouring.it\/radiotouring104\/2023\/06\/22\/griso-laboccetta-presentato-il-programma-delle-attivita-estive\/#article","isPartOf":{"@id":"https:\/\/progettotouring.it\/radiotouring104\/2023\/06\/22\/griso-laboccetta-presentato-il-programma-delle-attivita-estive\/"},"author":{"name":"Filippo Francesco Idone","@id":"https:\/\/progettotouring.it\/radiotouring104\/#\/schema\/person\/4a82259ca52ac8702ad1a8f9e5a3120b"},"headline":"Griso Laboccetta: presentato il programma delle attivit\u00e0 estive","datePublished":"2023-06-22T12:23:56+00:00","mainEntityOfPage":{"@id":"https:\/\/progettotouring.it\/radiotouring104\/2023\/06\/22\/griso-laboccetta-presentato-il-programma-delle-attivita-estive\/"},"wordCount":386,"publisher":{"@id":"https:\/\/progettotouring.it\/radiotouring104\/#organization"},"image":{"@id":"https:\/\/progettotouring.it\/radiotouring104\/2023\/06\/22\/griso-laboccetta-presentato-il-programma-delle-attivita-estive\/#primaryimage"},"thumbnailUrl":"https:\/\/progettotouring.it\/radiotouring104\/wp-content\/uploads\/sites\/6\/2023\/06\/parco-griso-laboccetta.jpeg","keywords":["Bronzi di Riace","carmelo versace","Citt\u00e0 metropolitana","filippo quartuccio","Griso-Laboccetta","reggio calabria"],"articleSection":["News"],"inLanguage":"it-IT"},{"@type":"WebPage","@id":"https:\/\/progettotouring.it\/radiotouring104\/2023\/06\/22\/griso-laboccetta-presentato-il-programma-delle-attivita-estive\/","url":"https:\/\/progettotouring.it\/radiotouring104\/2023\/06\/22\/griso-laboccetta-presentato-il-programma-delle-attivita-estive\/","name":"Griso Laboccetta: presentato il programma delle attivit\u00e0 estive - Radio Touring 104","isPartOf":{"@id":"https:\/\/progettotouring.it\/radiotouring104\/#website"},"primaryImageOfPage":{"@id":"https:\/\/progettotouring.it\/radiotouring104\/2023\/06\/22\/griso-laboccetta-presentato-il-programma-delle-attivita-estive\/#primaryimage"},"image":{"@id":"https:\/\/progettotouring.it\/radiotouring104\/2023\/06\/22\/griso-laboccetta-presentato-il-programma-delle-attivita-estive\/#primaryimage"},"thumbnailUrl":"https:\/\/progettotouring.it\/radiotouring104\/wp-content\/uploads\/sites\/6\/2023\/06\/parco-griso-laboccetta.jpeg","datePublished":"2023-06-22T12:23:56+00:00","description":"Il parco archeologico Griso Laboccetta \u00e8 il centro pulsante di iniziative culturali: presentato il programma delle attivit\u00e0 estive","breadcrumb":{"@id":"https:\/\/progettotouring.it\/radiotouring104\/2023\/06\/22\/griso-laboccetta-presentato-il-programma-delle-attivita-estive\/#breadcrumb"},"inLanguage":"it-IT","potentialAction":[{"@type":"ReadAction","target":["https:\/\/progettotouring.it\/radiotouring104\/2023\/06\/22\/griso-laboccetta-presentato-il-programma-delle-attivita-estive\/"]}]},{"@type":"ImageObject","inLanguage":"it-IT","@id":"https:\/\/progettotouring.it\/radiotouring104\/2023\/06\/22\/griso-laboccetta-presentato-il-programma-delle-attivita-estive\/#primaryimage","url":"https:\/\/progettotouring.it\/radiotouring104\/wp-content\/uploads\/sites\/6\/2023\/06\/parco-griso-laboccetta.jpeg","contentUrl":"https:\/\/progettotouring.it\/radiotouring104\/wp-content\/uploads\/sites\/6\/2023\/06\/parco-griso-laboccetta.jpeg","width":1600,"height":1200},{"@type":"BreadcrumbList","@id":"https:\/\/progettotouring.it\/radiotouring104\/2023\/06\/22\/griso-laboccetta-presentato-il-programma-delle-attivita-estive\/#breadcrumb","itemListElement":[{"@type":"ListItem","position":1,"name":"Home","item":"https:\/\/progettotouring.it\/radiotouring104\/"},{"@type":"ListItem","position":2,"name":"Griso Laboccetta: presentato il programma delle attivit\u00e0 estive"}]},{"@type":"WebSite","@id":"https:\/\/progettotouring.it\/radiotouring104\/#website","url":"https:\/\/progettotouring.it\/radiotouring104\/","name":"Radio Touring 104","description":"La prima radio Reggina","publisher":{"@id":"https:\/\/progettotouring.it\/radiotouring104\/#organization"},"potentialAction":[{"@type":"SearchAction","target":{"@type":"EntryPoint","urlTemplate":"https:\/\/progettotouring.it\/radiotouring104\/?s={search_term_string}"},"query-input":{"@type":"PropertyValueSpecification","valueRequired":true,"valueName":"search_term_string"}}],"inLanguage":"it-IT"},{"@type":"Organization","@id":"https:\/\/progettotouring.it\/radiotouring104\/#organization","name":"Radio Touring 104","url":"https:\/\/progettotouring.it\/radiotouring104\/","logo":{"@type":"ImageObject","inLanguage":"it-IT","@id":"https:\/\/progettotouring.it\/radiotouring104\/#\/schema\/logo\/image\/","url":"https:\/\/progettotouring.it\/radiotouring104\/wp-content\/uploads\/sites\/6\/2022\/02\/cropped-logo-radio-touring-104.png","contentUrl":"https:\/\/progettotouring.it\/radiotouring104\/wp-content\/uploads\/sites\/6\/2022\/02\/cropped-logo-radio-touring-104.png","width":377,"height":182,"caption":"Radio Touring 104"},"image":{"@id":"https:\/\/progettotouring.it\/radiotouring104\/#\/schema\/logo\/image\/"}},{"@type":"Person","@id":"https:\/\/progettotouring.it\/radiotouring104\/#\/schema\/person\/4a82259ca52ac8702ad1a8f9e5a3120b","name":"Filippo Francesco Idone","image":{"@type":"ImageObject","inLanguage":"it-IT","@id":"https:\/\/secure.gravatar.com\/avatar\/7268715d2366395c3dd314385670e6484117d44f5c442e61e230f7008b7b62d3?s=96&d=mm&r=g","url":"https:\/\/secure.gravatar.com\/avatar\/7268715d2366395c3dd314385670e6484117d44f5c442e61e230f7008b7b62d3?s=96&d=mm&r=g","contentUrl":"https:\/\/secure.gravatar.com\/avatar\/7268715d2366395c3dd314385670e6484117d44f5c442e61e230f7008b7b62d3?s=96&d=mm&r=g","caption":"Filippo Francesco Idone"},"url":"https:\/\/progettotouring.it\/radiotouring104\/author\/filippoidone\/"}]}},"jetpack_publicize_connections":[],"jetpack_featured_media_url":"https:\/\/progettotouring.it\/radiotouring104\/wp-content\/uploads\/sites\/6\/2023\/06\/parco-griso-laboccetta.jpeg","jetpack_sharing_enabled":true,"_links":{"self":[{"href":"https:\/\/progettotouring.it\/radiotouring104\/wp-json\/wp\/v2\/posts\/28689","targetHints":{"allow":["GET"]}}],"collection":[{"href":"https:\/\/progettotouring.it\/radiotouring104\/wp-json\/wp\/v2\/posts"}],"about":[{"href":"https:\/\/progettotouring.it\/radiotouring104\/wp-json\/wp\/v2\/types\/post"}],"author":[{"embeddable":true,"href":"https:\/\/progettotouring.it\/radiotouring104\/wp-json\/wp\/v2\/users\/8"}],"replies":[{"embeddable":true,"href":"https:\/\/progettotouring.it\/radiotouring104\/wp-json\/wp\/v2\/comments?post=28689"}],"version-history":[{"count":1,"href":"https:\/\/progettotouring.it\/radiotouring104\/wp-json\/wp\/v2\/posts\/28689\/revisions"}],"predecessor-version":[{"id":28691,"href":"https:\/\/progettotouring.it\/radiotouring104\/wp-json\/wp\/v2\/posts\/28689\/revisions\/28691"}],"wp:featuredmedia":[{"embeddable":true,"href":"https:\/\/progettotouring.it\/radiotouring104\/wp-json\/wp\/v2\/media\/28690"}],"wp:attachment":[{"href":"https:\/\/progettotouring.it\/radiotouring104\/wp-json\/wp\/v2\/media?parent=28689"}],"wp:term":[{"taxonomy":"category","embeddable":true,"href":"https:\/\/progettotouring.it\/radiotouring104\/wp-json\/wp\/v2\/categories?post=28689"},{"taxonomy":"post_tag","embeddable":true,"href":"https:\/\/progettotouring.it\/radiotouring104\/wp-json\/wp\/v2\/tags?post=28689"}],"curies":[{"name":"wp","href":"https:\/\/api.w.org\/{rel}","templated":true}]}}