{"id":28696,"date":"2023-06-22T13:07:57","date_gmt":"2023-06-22T11:07:57","guid":{"rendered":"https:\/\/progettotouring.it\/radiotouring104\/?p=28696"},"modified":"2023-06-22T14:35:40","modified_gmt":"2023-06-22T12:35:40","slug":"al-via-i-lavori-dellasilo-nido-di-arghilla-presenti-brunetti-albanese-e-nucera","status":"publish","type":"post","link":"https:\/\/progettotouring.it\/radiotouring104\/2023\/06\/22\/al-via-i-lavori-dellasilo-nido-di-arghilla-presenti-brunetti-albanese-e-nucera\/","title":{"rendered":"Al via i lavori dell&#8217;asilo nido di Arghill\u00e0: presenti Brunetti, Albanese e Nucera"},"content":{"rendered":"<p style=\"text-align: justify\">Sono stati consegnati i lavori per la realizzazione dell&#8217;asilo nido comunale di <strong>Arghill\u00e0<\/strong>. Il sindaco facente funzioni, Paolo <strong>Brunetti<\/strong>, insieme agli assessori ai Lavori Pubblici ed all\u2019Istruzione, <strong>Rocco Albanese<\/strong> e <strong>Lucia Nucera<\/strong>, si sono recati nell&#8217;area del cantiere per incontrare i tecnici e la ditta incaricata di eseguire l\u2019opera. <strong>Brunetti<\/strong>, nel ringraziare il dirigente di settore, <strong>Francesco Barreca,<\/strong> il rup Arturo Arcano, il supporto al rup Serena Siciliano, il direttore dei lavori <strong>Fortunato Vazzana<\/strong> e il curatore dell&#8217;impiantistica <strong>Eugenio<\/strong> <strong>Gattuso<\/strong>, ha parlato di &#8220;<em>un&#8217;infrastruttura innovativa dotata di ogni confort e spazio necessario alla cura ed alla crescita dei bambini&#8221;.<\/em><\/p>\n<p style=\"text-align: justify\"><em>&#8220;Il nuovo asilo nido <\/em>&#8211; ha detto &#8211;<em> \u00e8 un altro tassello che si inserisce nella fitta programmazione di ammodernamento del rione di <strong>Arghill\u00e0<\/strong> programmata in questi anni secondo gli indirizzi di mandato del sindaco <strong>Falcomat\u00e0<\/strong>. L&#8217;intervento, infatti, consta di 1,2 milioni di euro dei Patti per il Sud, fondi che vanno ad aggiungersi ai 15 milioni in via di cantierizzazione del Programma Innovativo Nazionale per la Qualit\u00e0 dell\u2019Abitare riservato alla rigenerazione urbana del quartiere che, da nord a sud, arriver\u00e0 ad interessare anche il <strong>Parco di Ecolandia<\/strong>, una realt\u00e0 storica ed efficiente di <strong>Reggio Calabria,<\/strong> in un quadro di riqualificazione basato su dinamiche di coesione sociale e completamento di punti di attrazione ed aggregazione collettiva&#8221;<\/em>. &#8220;<em>La struttura &#8211;<\/em> ha spiegato &#8211; c<em>he sorger\u00e0 accanto alla scuola materna, accoglier\u00e0 circa 30 piccoli da 0 a 3 anni e verr\u00e0 costruita seguendo le pi\u00f9 moderne tecniche in campo di edilizia ed efficientamento energetico. Ci saranno aree ludiche interne ed esterne, parti ecosostenibili e dedicate ai giochi o alle esposizioni&#8221;.<\/em><\/p>\n<p>Per l&#8217;assessore <strong>Albanese<\/strong><em> &#8220;si conclude un iter lungo, iniziato con il sindaco <strong>Giuseppe<\/strong> <strong>Falcomat\u00e0<\/strong> che aveva inserito l&#8217;asilo nido di Arghill\u00e0 fra gli interventi pi\u00f9 qualificanti delle proprie linee di mandato&#8221;. &#8220;Le famiglie del quartiere &#8211; ha aggiunto &#8211; avranno presto un luogo sicuro dove far crescere i loro figli. E\u2019 un intervento, prima di tutto, di civilt\u00e0 perch\u00e9 consente di aumentare il sistema educativo e d&#8217;istruzione sul territorio e di sostenere genitorialit\u00e0 e lavoro&#8221;. <\/em><em>&#8220;Molto felice&#8221;<\/em> si \u00e8 detta anche l\u2019assessora all\u2019Istruzione, Lucia Nucera, rilevando come il progetto del nido di <strong>Arghill\u00e0<\/strong> sia &#8220;<em>il primo ad intercettare e seguire le nuove direttive ministeriali sul sistema integrato di educazione e di istruzione&#8221;<\/em>. <em>&#8220;Accanto all\u2019opera in via di realizzazione<\/em> \u2013 ha affermato \u2013 <em>insiste la scuola materna del <strong>Comune<\/strong>. <strong>Dunque<\/strong>, si da vita ad un vero e proprio distretto educativo che racchiude le fasce d\u2019et\u00e0 da 0 a 6 anni cos\u00ec da garantire, ad ogni bambino e bambina, pari opportunit\u00e0 di sviluppare le proprie potenzialit\u00e0 di relazione, autonomia, creativit\u00e0 e apprendimento in maniera tale da poter superare disuguaglianze, barriere territoriali, economiche, etniche e culturali&#8221;.<\/em><\/p>\n","protected":false},"excerpt":{"rendered":"<p>Sono stati consegnati i lavori per la realizzazione dell&#8217;asilo nido comunale di Arghill\u00e0. Il sindaco facente funzioni, Paolo Brunetti, insieme agli assessori ai Lavori Pubblici ed all\u2019Istruzione, Rocco Albanese e&hellip;<\/p>\n","protected":false},"author":8,"featured_media":28699,"comment_status":"closed","ping_status":"open","sticky":false,"template":"","format":"standard","meta":{"_jetpack_memberships_contains_paid_content":false,"footnotes":"","jetpack_publicize_message":"","jetpack_publicize_feature_enabled":true,"jetpack_social_post_already_shared":false,"jetpack_social_options":{"image_generator_settings":{"template":"highway","default_image_id":0,"font":"","enabled":false},"version":2}},"categories":[921,196,195,140],"tags":[6740,990,2282,6739,236],"class_list":["post-28696","post","type-post","status-publish","format-standard","has-post-thumbnail","hentry","category-home","category-news","category-politica","category-reggio-calabria","tag-albanese","tag-arghilla","tag-francesco-barreca","tag-nucera","tag-reggio-calabria"],"yoast_head":"<!-- This site is optimized with the Yoast SEO plugin v27.2 - https:\/\/yoast.com\/product\/yoast-seo-wordpress\/ -->\n<title>Al via i lavori dell&#039;asilo nido di Arghill\u00e0: presenti Brunetti, Albanese e Nucera - Radio Touring 104<\/title>\n<meta name=\"description\" content=\"Il sindaco f.f. Brunetti e all&#039;Istruzione Albanese e Nucera, hanno partecipato alla consegna del sito di lavoro\" \/>\n<meta name=\"robots\" content=\"index, follow, max-snippet:-1, max-image-preview:large, max-video-preview:-1\" \/>\n<link rel=\"canonical\" href=\"https:\/\/progettotouring.it\/radiotouring104\/2023\/06\/22\/al-via-i-lavori-dellasilo-nido-di-arghilla-presenti-brunetti-albanese-e-nucera\/\" \/>\n<meta property=\"og:locale\" content=\"it_IT\" \/>\n<meta property=\"og:type\" content=\"article\" \/>\n<meta property=\"og:title\" content=\"Al via i lavori dell&#039;asilo nido di Arghill\u00e0: presenti Brunetti, Albanese e Nucera - Radio Touring 104\" \/>\n<meta property=\"og:description\" content=\"Il sindaco f.f. Brunetti e all&#039;Istruzione Albanese e Nucera, hanno partecipato alla consegna del sito di lavoro\" \/>\n<meta property=\"og:url\" content=\"https:\/\/progettotouring.it\/radiotouring104\/2023\/06\/22\/al-via-i-lavori-dellasilo-nido-di-arghilla-presenti-brunetti-albanese-e-nucera\/\" \/>\n<meta property=\"og:site_name\" content=\"Radio Touring 104\" \/>\n<meta property=\"article:published_time\" content=\"2023-06-22T11:07:57+00:00\" \/>\n<meta property=\"article:modified_time\" content=\"2023-06-22T12:35:40+00:00\" \/>\n<meta property=\"og:image\" content=\"https:\/\/progettotouring.it\/radiotouring104\/wp-content\/uploads\/sites\/6\/2023\/06\/asilo-arghilla-brunetti-2.jpeg\" \/>\n\t<meta property=\"og:image:width\" content=\"1600\" \/>\n\t<meta property=\"og:image:height\" content=\"1200\" \/>\n\t<meta property=\"og:image:type\" content=\"image\/jpeg\" \/>\n<meta name=\"author\" content=\"Filippo Francesco Idone\" \/>\n<meta name=\"twitter:card\" content=\"summary_large_image\" \/>\n<meta name=\"twitter:label1\" content=\"Scritto da\" \/>\n\t<meta name=\"twitter:data1\" content=\"Filippo Francesco Idone\" \/>\n\t<meta name=\"twitter:label2\" content=\"Tempo di lettura stimato\" \/>\n\t<meta name=\"twitter:data2\" content=\"2 minuti\" \/>\n<script type=\"application\/ld+json\" class=\"yoast-schema-graph\">{\"@context\":\"https:\/\/schema.org\",\"@graph\":[{\"@type\":\"Article\",\"@id\":\"https:\/\/progettotouring.it\/radiotouring104\/2023\/06\/22\/al-via-i-lavori-dellasilo-nido-di-arghilla-presenti-brunetti-albanese-e-nucera\/#article\",\"isPartOf\":{\"@id\":\"https:\/\/progettotouring.it\/radiotouring104\/2023\/06\/22\/al-via-i-lavori-dellasilo-nido-di-arghilla-presenti-brunetti-albanese-e-nucera\/\"},\"author\":{\"name\":\"Filippo Francesco Idone\",\"@id\":\"https:\/\/progettotouring.it\/radiotouring104\/#\/schema\/person\/4a82259ca52ac8702ad1a8f9e5a3120b\"},\"headline\":\"Al via i lavori dell&#8217;asilo nido di Arghill\u00e0: presenti Brunetti, Albanese e Nucera\",\"datePublished\":\"2023-06-22T11:07:57+00:00\",\"dateModified\":\"2023-06-22T12:35:40+00:00\",\"mainEntityOfPage\":{\"@id\":\"https:\/\/progettotouring.it\/radiotouring104\/2023\/06\/22\/al-via-i-lavori-dellasilo-nido-di-arghilla-presenti-brunetti-albanese-e-nucera\/\"},\"wordCount\":459,\"publisher\":{\"@id\":\"https:\/\/progettotouring.it\/radiotouring104\/#organization\"},\"image\":{\"@id\":\"https:\/\/progettotouring.it\/radiotouring104\/2023\/06\/22\/al-via-i-lavori-dellasilo-nido-di-arghilla-presenti-brunetti-albanese-e-nucera\/#primaryimage\"},\"thumbnailUrl\":\"https:\/\/progettotouring.it\/radiotouring104\/wp-content\/uploads\/sites\/6\/2023\/06\/asilo-arghilla-brunetti-2.jpeg\",\"keywords\":[\"albanese\",\"Arghill\u00e0\",\"francesco barreca\",\"nucera\",\"reggio calabria\"],\"articleSection\":[\"Home\",\"News\",\"Politica\",\"Reggio Calabria\"],\"inLanguage\":\"it-IT\"},{\"@type\":\"WebPage\",\"@id\":\"https:\/\/progettotouring.it\/radiotouring104\/2023\/06\/22\/al-via-i-lavori-dellasilo-nido-di-arghilla-presenti-brunetti-albanese-e-nucera\/\",\"url\":\"https:\/\/progettotouring.it\/radiotouring104\/2023\/06\/22\/al-via-i-lavori-dellasilo-nido-di-arghilla-presenti-brunetti-albanese-e-nucera\/\",\"name\":\"Al via i lavori dell'asilo nido di Arghill\u00e0: presenti Brunetti, Albanese e Nucera - Radio Touring 104\",\"isPartOf\":{\"@id\":\"https:\/\/progettotouring.it\/radiotouring104\/#website\"},\"primaryImageOfPage\":{\"@id\":\"https:\/\/progettotouring.it\/radiotouring104\/2023\/06\/22\/al-via-i-lavori-dellasilo-nido-di-arghilla-presenti-brunetti-albanese-e-nucera\/#primaryimage\"},\"image\":{\"@id\":\"https:\/\/progettotouring.it\/radiotouring104\/2023\/06\/22\/al-via-i-lavori-dellasilo-nido-di-arghilla-presenti-brunetti-albanese-e-nucera\/#primaryimage\"},\"thumbnailUrl\":\"https:\/\/progettotouring.it\/radiotouring104\/wp-content\/uploads\/sites\/6\/2023\/06\/asilo-arghilla-brunetti-2.jpeg\",\"datePublished\":\"2023-06-22T11:07:57+00:00\",\"dateModified\":\"2023-06-22T12:35:40+00:00\",\"description\":\"Il sindaco f.f. Brunetti e all'Istruzione Albanese e Nucera, hanno partecipato alla consegna del sito di lavoro\",\"breadcrumb\":{\"@id\":\"https:\/\/progettotouring.it\/radiotouring104\/2023\/06\/22\/al-via-i-lavori-dellasilo-nido-di-arghilla-presenti-brunetti-albanese-e-nucera\/#breadcrumb\"},\"inLanguage\":\"it-IT\",\"potentialAction\":[{\"@type\":\"ReadAction\",\"target\":[\"https:\/\/progettotouring.it\/radiotouring104\/2023\/06\/22\/al-via-i-lavori-dellasilo-nido-di-arghilla-presenti-brunetti-albanese-e-nucera\/\"]}]},{\"@type\":\"ImageObject\",\"inLanguage\":\"it-IT\",\"@id\":\"https:\/\/progettotouring.it\/radiotouring104\/2023\/06\/22\/al-via-i-lavori-dellasilo-nido-di-arghilla-presenti-brunetti-albanese-e-nucera\/#primaryimage\",\"url\":\"https:\/\/progettotouring.it\/radiotouring104\/wp-content\/uploads\/sites\/6\/2023\/06\/asilo-arghilla-brunetti-2.jpeg\",\"contentUrl\":\"https:\/\/progettotouring.it\/radiotouring104\/wp-content\/uploads\/sites\/6\/2023\/06\/asilo-arghilla-brunetti-2.jpeg\",\"width\":1600,\"height\":1200},{\"@type\":\"BreadcrumbList\",\"@id\":\"https:\/\/progettotouring.it\/radiotouring104\/2023\/06\/22\/al-via-i-lavori-dellasilo-nido-di-arghilla-presenti-brunetti-albanese-e-nucera\/#breadcrumb\",\"itemListElement\":[{\"@type\":\"ListItem\",\"position\":1,\"name\":\"Home\",\"item\":\"https:\/\/progettotouring.it\/radiotouring104\/\"},{\"@type\":\"ListItem\",\"position\":2,\"name\":\"Al via i lavori dell&#8217;asilo nido di Arghill\u00e0: presenti Brunetti, Albanese e Nucera\"}]},{\"@type\":\"WebSite\",\"@id\":\"https:\/\/progettotouring.it\/radiotouring104\/#website\",\"url\":\"https:\/\/progettotouring.it\/radiotouring104\/\",\"name\":\"Radio Touring 104\",\"description\":\"La prima radio Reggina\",\"publisher\":{\"@id\":\"https:\/\/progettotouring.it\/radiotouring104\/#organization\"},\"potentialAction\":[{\"@type\":\"SearchAction\",\"target\":{\"@type\":\"EntryPoint\",\"urlTemplate\":\"https:\/\/progettotouring.it\/radiotouring104\/?s={search_term_string}\"},\"query-input\":{\"@type\":\"PropertyValueSpecification\",\"valueRequired\":true,\"valueName\":\"search_term_string\"}}],\"inLanguage\":\"it-IT\"},{\"@type\":\"Organization\",\"@id\":\"https:\/\/progettotouring.it\/radiotouring104\/#organization\",\"name\":\"Radio Touring 104\",\"url\":\"https:\/\/progettotouring.it\/radiotouring104\/\",\"logo\":{\"@type\":\"ImageObject\",\"inLanguage\":\"it-IT\",\"@id\":\"https:\/\/progettotouring.it\/radiotouring104\/#\/schema\/logo\/image\/\",\"url\":\"https:\/\/progettotouring.it\/radiotouring104\/wp-content\/uploads\/sites\/6\/2022\/02\/cropped-logo-radio-touring-104.png\",\"contentUrl\":\"https:\/\/progettotouring.it\/radiotouring104\/wp-content\/uploads\/sites\/6\/2022\/02\/cropped-logo-radio-touring-104.png\",\"width\":377,\"height\":182,\"caption\":\"Radio Touring 104\"},\"image\":{\"@id\":\"https:\/\/progettotouring.it\/radiotouring104\/#\/schema\/logo\/image\/\"}},{\"@type\":\"Person\",\"@id\":\"https:\/\/progettotouring.it\/radiotouring104\/#\/schema\/person\/4a82259ca52ac8702ad1a8f9e5a3120b\",\"name\":\"Filippo Francesco Idone\",\"image\":{\"@type\":\"ImageObject\",\"inLanguage\":\"it-IT\",\"@id\":\"https:\/\/secure.gravatar.com\/avatar\/7268715d2366395c3dd314385670e6484117d44f5c442e61e230f7008b7b62d3?s=96&d=mm&r=g\",\"url\":\"https:\/\/secure.gravatar.com\/avatar\/7268715d2366395c3dd314385670e6484117d44f5c442e61e230f7008b7b62d3?s=96&d=mm&r=g\",\"contentUrl\":\"https:\/\/secure.gravatar.com\/avatar\/7268715d2366395c3dd314385670e6484117d44f5c442e61e230f7008b7b62d3?s=96&d=mm&r=g\",\"caption\":\"Filippo Francesco Idone\"},\"url\":\"https:\/\/progettotouring.it\/radiotouring104\/author\/filippoidone\/\"}]}<\/script>\n<!-- \/ Yoast SEO plugin. -->","yoast_head_json":{"title":"Al via i lavori dell'asilo nido di Arghill\u00e0: presenti Brunetti, Albanese e Nucera - Radio Touring 104","description":"Il sindaco f.f. Brunetti e all'Istruzione Albanese e Nucera, hanno partecipato alla consegna del sito di lavoro","robots":{"index":"index","follow":"follow","max-snippet":"max-snippet:-1","max-image-preview":"max-image-preview:large","max-video-preview":"max-video-preview:-1"},"canonical":"https:\/\/progettotouring.it\/radiotouring104\/2023\/06\/22\/al-via-i-lavori-dellasilo-nido-di-arghilla-presenti-brunetti-albanese-e-nucera\/","og_locale":"it_IT","og_type":"article","og_title":"Al via i lavori dell'asilo nido di Arghill\u00e0: presenti Brunetti, Albanese e Nucera - Radio Touring 104","og_description":"Il sindaco f.f. Brunetti e all'Istruzione Albanese e Nucera, hanno partecipato alla consegna del sito di lavoro","og_url":"https:\/\/progettotouring.it\/radiotouring104\/2023\/06\/22\/al-via-i-lavori-dellasilo-nido-di-arghilla-presenti-brunetti-albanese-e-nucera\/","og_site_name":"Radio Touring 104","article_published_time":"2023-06-22T11:07:57+00:00","article_modified_time":"2023-06-22T12:35:40+00:00","og_image":[{"width":1600,"height":1200,"url":"https:\/\/progettotouring.it\/radiotouring104\/wp-content\/uploads\/sites\/6\/2023\/06\/asilo-arghilla-brunetti-2.jpeg","type":"image\/jpeg"}],"author":"Filippo Francesco Idone","twitter_card":"summary_large_image","twitter_misc":{"Scritto da":"Filippo Francesco Idone","Tempo di lettura stimato":"2 minuti"},"schema":{"@context":"https:\/\/schema.org","@graph":[{"@type":"Article","@id":"https:\/\/progettotouring.it\/radiotouring104\/2023\/06\/22\/al-via-i-lavori-dellasilo-nido-di-arghilla-presenti-brunetti-albanese-e-nucera\/#article","isPartOf":{"@id":"https:\/\/progettotouring.it\/radiotouring104\/2023\/06\/22\/al-via-i-lavori-dellasilo-nido-di-arghilla-presenti-brunetti-albanese-e-nucera\/"},"author":{"name":"Filippo Francesco Idone","@id":"https:\/\/progettotouring.it\/radiotouring104\/#\/schema\/person\/4a82259ca52ac8702ad1a8f9e5a3120b"},"headline":"Al via i lavori dell&#8217;asilo nido di Arghill\u00e0: presenti Brunetti, Albanese e Nucera","datePublished":"2023-06-22T11:07:57+00:00","dateModified":"2023-06-22T12:35:40+00:00","mainEntityOfPage":{"@id":"https:\/\/progettotouring.it\/radiotouring104\/2023\/06\/22\/al-via-i-lavori-dellasilo-nido-di-arghilla-presenti-brunetti-albanese-e-nucera\/"},"wordCount":459,"publisher":{"@id":"https:\/\/progettotouring.it\/radiotouring104\/#organization"},"image":{"@id":"https:\/\/progettotouring.it\/radiotouring104\/2023\/06\/22\/al-via-i-lavori-dellasilo-nido-di-arghilla-presenti-brunetti-albanese-e-nucera\/#primaryimage"},"thumbnailUrl":"https:\/\/progettotouring.it\/radiotouring104\/wp-content\/uploads\/sites\/6\/2023\/06\/asilo-arghilla-brunetti-2.jpeg","keywords":["albanese","Arghill\u00e0","francesco barreca","nucera","reggio calabria"],"articleSection":["Home","News","Politica","Reggio Calabria"],"inLanguage":"it-IT"},{"@type":"WebPage","@id":"https:\/\/progettotouring.it\/radiotouring104\/2023\/06\/22\/al-via-i-lavori-dellasilo-nido-di-arghilla-presenti-brunetti-albanese-e-nucera\/","url":"https:\/\/progettotouring.it\/radiotouring104\/2023\/06\/22\/al-via-i-lavori-dellasilo-nido-di-arghilla-presenti-brunetti-albanese-e-nucera\/","name":"Al via i lavori dell'asilo nido di Arghill\u00e0: presenti Brunetti, Albanese e Nucera - Radio Touring 104","isPartOf":{"@id":"https:\/\/progettotouring.it\/radiotouring104\/#website"},"primaryImageOfPage":{"@id":"https:\/\/progettotouring.it\/radiotouring104\/2023\/06\/22\/al-via-i-lavori-dellasilo-nido-di-arghilla-presenti-brunetti-albanese-e-nucera\/#primaryimage"},"image":{"@id":"https:\/\/progettotouring.it\/radiotouring104\/2023\/06\/22\/al-via-i-lavori-dellasilo-nido-di-arghilla-presenti-brunetti-albanese-e-nucera\/#primaryimage"},"thumbnailUrl":"https:\/\/progettotouring.it\/radiotouring104\/wp-content\/uploads\/sites\/6\/2023\/06\/asilo-arghilla-brunetti-2.jpeg","datePublished":"2023-06-22T11:07:57+00:00","dateModified":"2023-06-22T12:35:40+00:00","description":"Il sindaco f.f. Brunetti e all'Istruzione Albanese e Nucera, hanno partecipato alla consegna del sito di lavoro","breadcrumb":{"@id":"https:\/\/progettotouring.it\/radiotouring104\/2023\/06\/22\/al-via-i-lavori-dellasilo-nido-di-arghilla-presenti-brunetti-albanese-e-nucera\/#breadcrumb"},"inLanguage":"it-IT","potentialAction":[{"@type":"ReadAction","target":["https:\/\/progettotouring.it\/radiotouring104\/2023\/06\/22\/al-via-i-lavori-dellasilo-nido-di-arghilla-presenti-brunetti-albanese-e-nucera\/"]}]},{"@type":"ImageObject","inLanguage":"it-IT","@id":"https:\/\/progettotouring.it\/radiotouring104\/2023\/06\/22\/al-via-i-lavori-dellasilo-nido-di-arghilla-presenti-brunetti-albanese-e-nucera\/#primaryimage","url":"https:\/\/progettotouring.it\/radiotouring104\/wp-content\/uploads\/sites\/6\/2023\/06\/asilo-arghilla-brunetti-2.jpeg","contentUrl":"https:\/\/progettotouring.it\/radiotouring104\/wp-content\/uploads\/sites\/6\/2023\/06\/asilo-arghilla-brunetti-2.jpeg","width":1600,"height":1200},{"@type":"BreadcrumbList","@id":"https:\/\/progettotouring.it\/radiotouring104\/2023\/06\/22\/al-via-i-lavori-dellasilo-nido-di-arghilla-presenti-brunetti-albanese-e-nucera\/#breadcrumb","itemListElement":[{"@type":"ListItem","position":1,"name":"Home","item":"https:\/\/progettotouring.it\/radiotouring104\/"},{"@type":"ListItem","position":2,"name":"Al via i lavori dell&#8217;asilo nido di Arghill\u00e0: presenti Brunetti, Albanese e Nucera"}]},{"@type":"WebSite","@id":"https:\/\/progettotouring.it\/radiotouring104\/#website","url":"https:\/\/progettotouring.it\/radiotouring104\/","name":"Radio Touring 104","description":"La prima radio Reggina","publisher":{"@id":"https:\/\/progettotouring.it\/radiotouring104\/#organization"},"potentialAction":[{"@type":"SearchAction","target":{"@type":"EntryPoint","urlTemplate":"https:\/\/progettotouring.it\/radiotouring104\/?s={search_term_string}"},"query-input":{"@type":"PropertyValueSpecification","valueRequired":true,"valueName":"search_term_string"}}],"inLanguage":"it-IT"},{"@type":"Organization","@id":"https:\/\/progettotouring.it\/radiotouring104\/#organization","name":"Radio Touring 104","url":"https:\/\/progettotouring.it\/radiotouring104\/","logo":{"@type":"ImageObject","inLanguage":"it-IT","@id":"https:\/\/progettotouring.it\/radiotouring104\/#\/schema\/logo\/image\/","url":"https:\/\/progettotouring.it\/radiotouring104\/wp-content\/uploads\/sites\/6\/2022\/02\/cropped-logo-radio-touring-104.png","contentUrl":"https:\/\/progettotouring.it\/radiotouring104\/wp-content\/uploads\/sites\/6\/2022\/02\/cropped-logo-radio-touring-104.png","width":377,"height":182,"caption":"Radio Touring 104"},"image":{"@id":"https:\/\/progettotouring.it\/radiotouring104\/#\/schema\/logo\/image\/"}},{"@type":"Person","@id":"https:\/\/progettotouring.it\/radiotouring104\/#\/schema\/person\/4a82259ca52ac8702ad1a8f9e5a3120b","name":"Filippo Francesco Idone","image":{"@type":"ImageObject","inLanguage":"it-IT","@id":"https:\/\/secure.gravatar.com\/avatar\/7268715d2366395c3dd314385670e6484117d44f5c442e61e230f7008b7b62d3?s=96&d=mm&r=g","url":"https:\/\/secure.gravatar.com\/avatar\/7268715d2366395c3dd314385670e6484117d44f5c442e61e230f7008b7b62d3?s=96&d=mm&r=g","contentUrl":"https:\/\/secure.gravatar.com\/avatar\/7268715d2366395c3dd314385670e6484117d44f5c442e61e230f7008b7b62d3?s=96&d=mm&r=g","caption":"Filippo Francesco Idone"},"url":"https:\/\/progettotouring.it\/radiotouring104\/author\/filippoidone\/"}]}},"jetpack_publicize_connections":[],"jetpack_featured_media_url":"https:\/\/progettotouring.it\/radiotouring104\/wp-content\/uploads\/sites\/6\/2023\/06\/asilo-arghilla-brunetti-2.jpeg","jetpack_sharing_enabled":true,"_links":{"self":[{"href":"https:\/\/progettotouring.it\/radiotouring104\/wp-json\/wp\/v2\/posts\/28696","targetHints":{"allow":["GET"]}}],"collection":[{"href":"https:\/\/progettotouring.it\/radiotouring104\/wp-json\/wp\/v2\/posts"}],"about":[{"href":"https:\/\/progettotouring.it\/radiotouring104\/wp-json\/wp\/v2\/types\/post"}],"author":[{"embeddable":true,"href":"https:\/\/progettotouring.it\/radiotouring104\/wp-json\/wp\/v2\/users\/8"}],"replies":[{"embeddable":true,"href":"https:\/\/progettotouring.it\/radiotouring104\/wp-json\/wp\/v2\/comments?post=28696"}],"version-history":[{"count":1,"href":"https:\/\/progettotouring.it\/radiotouring104\/wp-json\/wp\/v2\/posts\/28696\/revisions"}],"predecessor-version":[{"id":28700,"href":"https:\/\/progettotouring.it\/radiotouring104\/wp-json\/wp\/v2\/posts\/28696\/revisions\/28700"}],"wp:featuredmedia":[{"embeddable":true,"href":"https:\/\/progettotouring.it\/radiotouring104\/wp-json\/wp\/v2\/media\/28699"}],"wp:attachment":[{"href":"https:\/\/progettotouring.it\/radiotouring104\/wp-json\/wp\/v2\/media?parent=28696"}],"wp:term":[{"taxonomy":"category","embeddable":true,"href":"https:\/\/progettotouring.it\/radiotouring104\/wp-json\/wp\/v2\/categories?post=28696"},{"taxonomy":"post_tag","embeddable":true,"href":"https:\/\/progettotouring.it\/radiotouring104\/wp-json\/wp\/v2\/tags?post=28696"}],"curies":[{"name":"wp","href":"https:\/\/api.w.org\/{rel}","templated":true}]}}