{"id":28726,"date":"2023-06-23T11:00:38","date_gmt":"2023-06-23T09:00:38","guid":{"rendered":"https:\/\/progettotouring.it\/radiotouring104\/?p=28726"},"modified":"2023-06-23T11:00:38","modified_gmt":"2023-06-23T09:00:38","slug":"marrc-mostra-sui-bronzi-di-riace-vola-a-barcellona","status":"publish","type":"post","link":"https:\/\/progettotouring.it\/radiotouring104\/2023\/06\/23\/marrc-mostra-sui-bronzi-di-riace-vola-a-barcellona\/","title":{"rendered":"MArRC: mostra sui Bronzi di Riace vola a Barcellona"},"content":{"rendered":"<p style=\"text-align: justify\">Prosegue la programmazione del Museo Archeologico Nazionale di Reggio Calabria per celebrare il Cinquantesimo anniversario della scoperta dei Bronzi di Riace. La grande mostra fotografica che da agosto dello scorso anno impreziosisce la monumentale scalinata in marmo verde disegnata da Marcello Piacentino per il MArRC \u00e8 stata replicata con grande successo da dicembre a marzo scorso alla Galleria dell\u2019Accademia di Firenze. Ogni giorno migliaia di visitatori provenienti da tutto il mondo hanno potuto ammirare i Bronzi nelle meravigliose fotografie di Luigi Spina, in uno spazio attiguo a quello in cui \u00e8 esposto il maestoso David di Michelangelo. La mostra, curata dal direttore del MArRC Carmelo Malacrino, \u00e8 nata dalla collaborazione con la direttrice della Galleria dell\u2019Accademia, Cecilie Hollberg.<\/p>\n<p style=\"text-align: justify\"><em>\u00abNell&#8217;ambito del programma di David 140, che celebra i 140 anni del capolavoro di Michelangelo nella Tribuna del nostro museo<\/em> \u2013<strong> ha dichiarato la direttrice Hollberg<\/strong> \u2013 <em>abbiamo voluto riunire, anche se solo virtualmente, le sculture degli Eroi pi\u00f9 belli e potenti dell&#8217;arte: le statue emerse dal mare di Riace e il nostro David per festeggiare, insieme a Carmelo Malacrino e al Museo Archeologico Nazionale di Reggio Calabria, due compleanni importanti\u00bb.<\/em><\/p>\n<p style=\"text-align: justify\"><strong>La mostra \u201cI Bronzi di Riace. Un percorso per immagini\u201d vola ora a Barcellona<\/strong>, in uno dei centri a maggiore flusso turistico della Spagna. \u201cEls Bronzes de Riace. La mirada art\u00edstica de Luigi Spina\u201d sar\u00e0 il titolo dell\u2019esposizione che sar\u00e0 inaugurata gioved\u00ec 29 giugno, alle 19.00, al Museu d&#8217;Arqueologia de Catalunya (MAC), diretto da Jus\u00e8p Boya Busquet.<\/p>\n<p style=\"text-align: justify\"><em>\u00ab \u00c8 un grande piacere per il MAC<\/em> \u2013 dichiara il direttore Jus\u00e8p Boya Busquet \u2013 ospitare questa bellissima mostra sui Bronzi di Riace, basata sul lavoro artistico del celebre fotografo italiano Luigi Spina, in occasione del 50\u00b0 Anniversario della loro scoperta. L\u2019esposizione \u00e8 nata dalla collaborazione con il Museo Archeologico Nazionale di Reggio Calabria e, soprattutto, con il suo direttore Carmelo Malacrino, con il quale condividiamo il progetto e la volont\u00e0 di continuare a lavorare insieme ancora in futuro, ponendo le basi per una collaborazione stabile tra i due Musei, aperta all&#8217;intero Mediterraneo. La mostra affiancher\u00e0 il percorso espositivo &#8220;Naufragi. Storia sommersa&#8221;, realizzato dal nostro Museo per raccontare la ricchezza e la diversit\u00e0 del patrimonio archeologico subacqueo della Catalogna e del resto del Mediterraneo. Con questa esperienza Reggio e Barcellona, \u200b\u200bla Catalogna e la Calabria, accomunate da tanti legami storici e culturali, si rincontrano di nuovo, iniziando una bella storia di collaborazione e scambio artistico e culturale. Un&#8217;amicizia che viene dal passato e che vuole essere proiettata nel futuro\u00bb.<\/p>\n<p style=\"text-align: justify\">La mostra, arricchita anche con istallazioni video, sar\u00e0 aperta al pubblico per l\u2019intera stagione estiva. Il progetto, per la parte italiana, \u00e8 stato seguito dall\u2019arch. Claudia Ventura, dall\u2019<strong>arch. Giuseppina Cassalia<\/strong> e dalla <strong>dott.ssa Maria Domenica Lo Faro,<\/strong> tutte funzionari del Museo reggino.<\/p>\n<p style=\"text-align: justify\"><em>\u00abI Bronzi di Riace<\/em> \u2013 <strong>dichiara il direttore Carmelo Malacrino<\/strong> \u2013 <em>sono tra le statue antiche pi\u00f9 famose al mondo. Due Eroi venuti dal mare, due capolavori del Mediterraneo. Sono felice di questa esposizione al Museu d&#8217;Arqueologia de Catalunya, resa ancora pi\u00f9 suggestiva dal collegamento con la mostra \u201cNaufragi. Storia sommersa\u201d, tutta dedicata a quell\u2019archeologia subacquea di cui i Bronzi di Riace sono meravigliosi testimoni. Ringrazio il direttore Boya Busquets e tutto lo staff del MAC per questa straordinaria collaborazione, che porter\u00e0 le immagini dei Bronzi di Riace nel cuore di Barcellona. Un\u2019eccezionale opportunit\u00e0 di promozione culturale e turistica per tutta l\u2019area dello Stretto\u00bb.<\/em><\/p>\n","protected":false},"excerpt":{"rendered":"<p>Prosegue la programmazione del Museo Archeologico Nazionale di Reggio Calabria per celebrare il Cinquantesimo anniversario della scoperta dei Bronzi di Riace. La grande mostra fotografica che da agosto dello scorso&hellip;<\/p>\n","protected":false},"author":12,"featured_media":28727,"comment_status":"closed","ping_status":"open","sticky":false,"template":"","format":"standard","meta":{"_jetpack_memberships_contains_paid_content":false,"footnotes":"","jetpack_publicize_message":"","jetpack_publicize_feature_enabled":true,"jetpack_social_post_already_shared":false,"jetpack_social_options":{"image_generator_settings":{"template":"highway","default_image_id":0,"font":"","enabled":false},"version":2}},"categories":[921,196,140],"tags":[17582,17586,17583,488,17585,17584,17587,479],"class_list":["post-28726","post","type-post","status-publish","format-standard","has-post-thumbnail","hentry","category-home","category-news","category-reggio-calabria","tag-els-bronzes-de-riace-la-mirada-artistica-de-luigi-spina","tag-arch-giuseppina-cassalia","tag-bronzi-di-riace-a-barcellona","tag-carmelo-malacrino","tag-direttore-jusep-boya-busquet","tag-direttrice-hollberg","tag-dott-ssa-maria-domenica-lo-faro","tag-marrc"],"yoast_head":"<!-- This site is optimized with the Yoast SEO plugin v27.2 - https:\/\/yoast.com\/product\/yoast-seo-wordpress\/ -->\n<title>MArRC: mostra sui Bronzi di Riace vola a Barcellona<\/title>\n<meta name=\"description\" content=\"&quot;Promozione internazionale per tutta l\u2019area dello Stretto&quot;, dichiara il Direttore del Museo Archeologico Nazionale Carmelo Malacrino\" \/>\n<meta name=\"robots\" content=\"index, follow, max-snippet:-1, max-image-preview:large, max-video-preview:-1\" \/>\n<link rel=\"canonical\" href=\"https:\/\/progettotouring.it\/radiotouring104\/2023\/06\/23\/marrc-mostra-sui-bronzi-di-riace-vola-a-barcellona\/\" \/>\n<meta property=\"og:locale\" content=\"it_IT\" \/>\n<meta property=\"og:type\" content=\"article\" \/>\n<meta property=\"og:title\" content=\"MArRC: mostra sui Bronzi di Riace vola a Barcellona\" \/>\n<meta property=\"og:description\" content=\"&quot;Promozione internazionale per tutta l\u2019area dello Stretto&quot;, dichiara il Direttore del Museo Archeologico Nazionale Carmelo Malacrino\" \/>\n<meta property=\"og:url\" content=\"https:\/\/progettotouring.it\/radiotouring104\/2023\/06\/23\/marrc-mostra-sui-bronzi-di-riace-vola-a-barcellona\/\" \/>\n<meta property=\"og:site_name\" content=\"Radio Touring 104\" \/>\n<meta property=\"article:published_time\" content=\"2023-06-23T09:00:38+00:00\" \/>\n<meta property=\"og:image\" content=\"https:\/\/progettotouring.it\/radiotouring104\/wp-content\/uploads\/sites\/6\/2023\/06\/Bronzi-di-Riace-a-Barcellona.jpg\" \/>\n\t<meta property=\"og:image:width\" content=\"200\" \/>\n\t<meta property=\"og:image:height\" content=\"284\" \/>\n\t<meta property=\"og:image:type\" content=\"image\/jpeg\" \/>\n<meta name=\"author\" content=\"Sebastiano Plutino\" \/>\n<meta name=\"twitter:card\" content=\"summary_large_image\" \/>\n<meta name=\"twitter:label1\" content=\"Scritto da\" \/>\n\t<meta name=\"twitter:data1\" content=\"Sebastiano Plutino\" \/>\n\t<meta name=\"twitter:label2\" content=\"Tempo di lettura stimato\" \/>\n\t<meta name=\"twitter:data2\" content=\"3 minuti\" \/>\n<script type=\"application\/ld+json\" class=\"yoast-schema-graph\">{\"@context\":\"https:\/\/schema.org\",\"@graph\":[{\"@type\":\"Article\",\"@id\":\"https:\/\/progettotouring.it\/radiotouring104\/2023\/06\/23\/marrc-mostra-sui-bronzi-di-riace-vola-a-barcellona\/#article\",\"isPartOf\":{\"@id\":\"https:\/\/progettotouring.it\/radiotouring104\/2023\/06\/23\/marrc-mostra-sui-bronzi-di-riace-vola-a-barcellona\/\"},\"author\":{\"name\":\"Sebastiano Plutino\",\"@id\":\"https:\/\/progettotouring.it\/radiotouring104\/#\/schema\/person\/78613917f1851f041f7483f5af1d422e\"},\"headline\":\"MArRC: mostra sui Bronzi di Riace vola a Barcellona\",\"datePublished\":\"2023-06-23T09:00:38+00:00\",\"mainEntityOfPage\":{\"@id\":\"https:\/\/progettotouring.it\/radiotouring104\/2023\/06\/23\/marrc-mostra-sui-bronzi-di-riace-vola-a-barcellona\/\"},\"wordCount\":567,\"publisher\":{\"@id\":\"https:\/\/progettotouring.it\/radiotouring104\/#organization\"},\"image\":{\"@id\":\"https:\/\/progettotouring.it\/radiotouring104\/2023\/06\/23\/marrc-mostra-sui-bronzi-di-riace-vola-a-barcellona\/#primaryimage\"},\"thumbnailUrl\":\"https:\/\/progettotouring.it\/radiotouring104\/wp-content\/uploads\/sites\/6\/2023\/06\/Bronzi-di-Riace-a-Barcellona.jpg\",\"keywords\":[\"\u201cEls Bronzes de Riace. La mirada art\u00edstica de Luigi Spina\u201d\",\"arch. Giuseppina Cassalia\",\"Bronzi di Riace a Barcellona\",\"Carmelo Malacrino\",\"direttore Jus\u00e8p Boya Busquet\",\"direttrice Hollberg\",\"dott.ssa Maria Domenica Lo Faro\",\"MArRC\"],\"articleSection\":[\"Home\",\"News\",\"Reggio Calabria\"],\"inLanguage\":\"it-IT\"},{\"@type\":\"WebPage\",\"@id\":\"https:\/\/progettotouring.it\/radiotouring104\/2023\/06\/23\/marrc-mostra-sui-bronzi-di-riace-vola-a-barcellona\/\",\"url\":\"https:\/\/progettotouring.it\/radiotouring104\/2023\/06\/23\/marrc-mostra-sui-bronzi-di-riace-vola-a-barcellona\/\",\"name\":\"MArRC: mostra sui Bronzi di Riace vola a Barcellona\",\"isPartOf\":{\"@id\":\"https:\/\/progettotouring.it\/radiotouring104\/#website\"},\"primaryImageOfPage\":{\"@id\":\"https:\/\/progettotouring.it\/radiotouring104\/2023\/06\/23\/marrc-mostra-sui-bronzi-di-riace-vola-a-barcellona\/#primaryimage\"},\"image\":{\"@id\":\"https:\/\/progettotouring.it\/radiotouring104\/2023\/06\/23\/marrc-mostra-sui-bronzi-di-riace-vola-a-barcellona\/#primaryimage\"},\"thumbnailUrl\":\"https:\/\/progettotouring.it\/radiotouring104\/wp-content\/uploads\/sites\/6\/2023\/06\/Bronzi-di-Riace-a-Barcellona.jpg\",\"datePublished\":\"2023-06-23T09:00:38+00:00\",\"description\":\"\\\"Promozione internazionale per tutta l\u2019area dello Stretto\\\", dichiara il Direttore del Museo Archeologico Nazionale Carmelo Malacrino\",\"breadcrumb\":{\"@id\":\"https:\/\/progettotouring.it\/radiotouring104\/2023\/06\/23\/marrc-mostra-sui-bronzi-di-riace-vola-a-barcellona\/#breadcrumb\"},\"inLanguage\":\"it-IT\",\"potentialAction\":[{\"@type\":\"ReadAction\",\"target\":[\"https:\/\/progettotouring.it\/radiotouring104\/2023\/06\/23\/marrc-mostra-sui-bronzi-di-riace-vola-a-barcellona\/\"]}]},{\"@type\":\"ImageObject\",\"inLanguage\":\"it-IT\",\"@id\":\"https:\/\/progettotouring.it\/radiotouring104\/2023\/06\/23\/marrc-mostra-sui-bronzi-di-riace-vola-a-barcellona\/#primaryimage\",\"url\":\"https:\/\/progettotouring.it\/radiotouring104\/wp-content\/uploads\/sites\/6\/2023\/06\/Bronzi-di-Riace-a-Barcellona.jpg\",\"contentUrl\":\"https:\/\/progettotouring.it\/radiotouring104\/wp-content\/uploads\/sites\/6\/2023\/06\/Bronzi-di-Riace-a-Barcellona.jpg\",\"width\":200,\"height\":284},{\"@type\":\"BreadcrumbList\",\"@id\":\"https:\/\/progettotouring.it\/radiotouring104\/2023\/06\/23\/marrc-mostra-sui-bronzi-di-riace-vola-a-barcellona\/#breadcrumb\",\"itemListElement\":[{\"@type\":\"ListItem\",\"position\":1,\"name\":\"Home\",\"item\":\"https:\/\/progettotouring.it\/radiotouring104\/\"},{\"@type\":\"ListItem\",\"position\":2,\"name\":\"MArRC: mostra sui Bronzi di Riace vola a Barcellona\"}]},{\"@type\":\"WebSite\",\"@id\":\"https:\/\/progettotouring.it\/radiotouring104\/#website\",\"url\":\"https:\/\/progettotouring.it\/radiotouring104\/\",\"name\":\"Radio Touring 104\",\"description\":\"La prima radio Reggina\",\"publisher\":{\"@id\":\"https:\/\/progettotouring.it\/radiotouring104\/#organization\"},\"potentialAction\":[{\"@type\":\"SearchAction\",\"target\":{\"@type\":\"EntryPoint\",\"urlTemplate\":\"https:\/\/progettotouring.it\/radiotouring104\/?s={search_term_string}\"},\"query-input\":{\"@type\":\"PropertyValueSpecification\",\"valueRequired\":true,\"valueName\":\"search_term_string\"}}],\"inLanguage\":\"it-IT\"},{\"@type\":\"Organization\",\"@id\":\"https:\/\/progettotouring.it\/radiotouring104\/#organization\",\"name\":\"Radio Touring 104\",\"url\":\"https:\/\/progettotouring.it\/radiotouring104\/\",\"logo\":{\"@type\":\"ImageObject\",\"inLanguage\":\"it-IT\",\"@id\":\"https:\/\/progettotouring.it\/radiotouring104\/#\/schema\/logo\/image\/\",\"url\":\"https:\/\/progettotouring.it\/radiotouring104\/wp-content\/uploads\/sites\/6\/2022\/02\/cropped-logo-radio-touring-104.png\",\"contentUrl\":\"https:\/\/progettotouring.it\/radiotouring104\/wp-content\/uploads\/sites\/6\/2022\/02\/cropped-logo-radio-touring-104.png\",\"width\":377,\"height\":182,\"caption\":\"Radio Touring 104\"},\"image\":{\"@id\":\"https:\/\/progettotouring.it\/radiotouring104\/#\/schema\/logo\/image\/\"}},{\"@type\":\"Person\",\"@id\":\"https:\/\/progettotouring.it\/radiotouring104\/#\/schema\/person\/78613917f1851f041f7483f5af1d422e\",\"name\":\"Sebastiano Plutino\",\"image\":{\"@type\":\"ImageObject\",\"inLanguage\":\"it-IT\",\"@id\":\"https:\/\/secure.gravatar.com\/avatar\/0546ffaa9b79224faf9f2a156b67a529ae861d3287c66c1d8ccfdf909bcba78d?s=96&d=mm&r=g\",\"url\":\"https:\/\/secure.gravatar.com\/avatar\/0546ffaa9b79224faf9f2a156b67a529ae861d3287c66c1d8ccfdf909bcba78d?s=96&d=mm&r=g\",\"contentUrl\":\"https:\/\/secure.gravatar.com\/avatar\/0546ffaa9b79224faf9f2a156b67a529ae861d3287c66c1d8ccfdf909bcba78d?s=96&d=mm&r=g\",\"caption\":\"Sebastiano Plutino\"},\"url\":\"https:\/\/progettotouring.it\/radiotouring104\/author\/sebastiano\/\"}]}<\/script>\n<!-- \/ Yoast SEO plugin. -->","yoast_head_json":{"title":"MArRC: mostra sui Bronzi di Riace vola a Barcellona","description":"\"Promozione internazionale per tutta l\u2019area dello Stretto\", dichiara il Direttore del Museo Archeologico Nazionale Carmelo Malacrino","robots":{"index":"index","follow":"follow","max-snippet":"max-snippet:-1","max-image-preview":"max-image-preview:large","max-video-preview":"max-video-preview:-1"},"canonical":"https:\/\/progettotouring.it\/radiotouring104\/2023\/06\/23\/marrc-mostra-sui-bronzi-di-riace-vola-a-barcellona\/","og_locale":"it_IT","og_type":"article","og_title":"MArRC: mostra sui Bronzi di Riace vola a Barcellona","og_description":"\"Promozione internazionale per tutta l\u2019area dello Stretto\", dichiara il Direttore del Museo Archeologico Nazionale Carmelo Malacrino","og_url":"https:\/\/progettotouring.it\/radiotouring104\/2023\/06\/23\/marrc-mostra-sui-bronzi-di-riace-vola-a-barcellona\/","og_site_name":"Radio Touring 104","article_published_time":"2023-06-23T09:00:38+00:00","og_image":[{"width":200,"height":284,"url":"https:\/\/progettotouring.it\/radiotouring104\/wp-content\/uploads\/sites\/6\/2023\/06\/Bronzi-di-Riace-a-Barcellona.jpg","type":"image\/jpeg"}],"author":"Sebastiano Plutino","twitter_card":"summary_large_image","twitter_misc":{"Scritto da":"Sebastiano Plutino","Tempo di lettura stimato":"3 minuti"},"schema":{"@context":"https:\/\/schema.org","@graph":[{"@type":"Article","@id":"https:\/\/progettotouring.it\/radiotouring104\/2023\/06\/23\/marrc-mostra-sui-bronzi-di-riace-vola-a-barcellona\/#article","isPartOf":{"@id":"https:\/\/progettotouring.it\/radiotouring104\/2023\/06\/23\/marrc-mostra-sui-bronzi-di-riace-vola-a-barcellona\/"},"author":{"name":"Sebastiano Plutino","@id":"https:\/\/progettotouring.it\/radiotouring104\/#\/schema\/person\/78613917f1851f041f7483f5af1d422e"},"headline":"MArRC: mostra sui Bronzi di Riace vola a Barcellona","datePublished":"2023-06-23T09:00:38+00:00","mainEntityOfPage":{"@id":"https:\/\/progettotouring.it\/radiotouring104\/2023\/06\/23\/marrc-mostra-sui-bronzi-di-riace-vola-a-barcellona\/"},"wordCount":567,"publisher":{"@id":"https:\/\/progettotouring.it\/radiotouring104\/#organization"},"image":{"@id":"https:\/\/progettotouring.it\/radiotouring104\/2023\/06\/23\/marrc-mostra-sui-bronzi-di-riace-vola-a-barcellona\/#primaryimage"},"thumbnailUrl":"https:\/\/progettotouring.it\/radiotouring104\/wp-content\/uploads\/sites\/6\/2023\/06\/Bronzi-di-Riace-a-Barcellona.jpg","keywords":["\u201cEls Bronzes de Riace. La mirada art\u00edstica de Luigi Spina\u201d","arch. Giuseppina Cassalia","Bronzi di Riace a Barcellona","Carmelo Malacrino","direttore Jus\u00e8p Boya Busquet","direttrice Hollberg","dott.ssa Maria Domenica Lo Faro","MArRC"],"articleSection":["Home","News","Reggio Calabria"],"inLanguage":"it-IT"},{"@type":"WebPage","@id":"https:\/\/progettotouring.it\/radiotouring104\/2023\/06\/23\/marrc-mostra-sui-bronzi-di-riace-vola-a-barcellona\/","url":"https:\/\/progettotouring.it\/radiotouring104\/2023\/06\/23\/marrc-mostra-sui-bronzi-di-riace-vola-a-barcellona\/","name":"MArRC: mostra sui Bronzi di Riace vola a Barcellona","isPartOf":{"@id":"https:\/\/progettotouring.it\/radiotouring104\/#website"},"primaryImageOfPage":{"@id":"https:\/\/progettotouring.it\/radiotouring104\/2023\/06\/23\/marrc-mostra-sui-bronzi-di-riace-vola-a-barcellona\/#primaryimage"},"image":{"@id":"https:\/\/progettotouring.it\/radiotouring104\/2023\/06\/23\/marrc-mostra-sui-bronzi-di-riace-vola-a-barcellona\/#primaryimage"},"thumbnailUrl":"https:\/\/progettotouring.it\/radiotouring104\/wp-content\/uploads\/sites\/6\/2023\/06\/Bronzi-di-Riace-a-Barcellona.jpg","datePublished":"2023-06-23T09:00:38+00:00","description":"\"Promozione internazionale per tutta l\u2019area dello Stretto\", dichiara il Direttore del Museo Archeologico Nazionale Carmelo Malacrino","breadcrumb":{"@id":"https:\/\/progettotouring.it\/radiotouring104\/2023\/06\/23\/marrc-mostra-sui-bronzi-di-riace-vola-a-barcellona\/#breadcrumb"},"inLanguage":"it-IT","potentialAction":[{"@type":"ReadAction","target":["https:\/\/progettotouring.it\/radiotouring104\/2023\/06\/23\/marrc-mostra-sui-bronzi-di-riace-vola-a-barcellona\/"]}]},{"@type":"ImageObject","inLanguage":"it-IT","@id":"https:\/\/progettotouring.it\/radiotouring104\/2023\/06\/23\/marrc-mostra-sui-bronzi-di-riace-vola-a-barcellona\/#primaryimage","url":"https:\/\/progettotouring.it\/radiotouring104\/wp-content\/uploads\/sites\/6\/2023\/06\/Bronzi-di-Riace-a-Barcellona.jpg","contentUrl":"https:\/\/progettotouring.it\/radiotouring104\/wp-content\/uploads\/sites\/6\/2023\/06\/Bronzi-di-Riace-a-Barcellona.jpg","width":200,"height":284},{"@type":"BreadcrumbList","@id":"https:\/\/progettotouring.it\/radiotouring104\/2023\/06\/23\/marrc-mostra-sui-bronzi-di-riace-vola-a-barcellona\/#breadcrumb","itemListElement":[{"@type":"ListItem","position":1,"name":"Home","item":"https:\/\/progettotouring.it\/radiotouring104\/"},{"@type":"ListItem","position":2,"name":"MArRC: mostra sui Bronzi di Riace vola a Barcellona"}]},{"@type":"WebSite","@id":"https:\/\/progettotouring.it\/radiotouring104\/#website","url":"https:\/\/progettotouring.it\/radiotouring104\/","name":"Radio Touring 104","description":"La prima radio Reggina","publisher":{"@id":"https:\/\/progettotouring.it\/radiotouring104\/#organization"},"potentialAction":[{"@type":"SearchAction","target":{"@type":"EntryPoint","urlTemplate":"https:\/\/progettotouring.it\/radiotouring104\/?s={search_term_string}"},"query-input":{"@type":"PropertyValueSpecification","valueRequired":true,"valueName":"search_term_string"}}],"inLanguage":"it-IT"},{"@type":"Organization","@id":"https:\/\/progettotouring.it\/radiotouring104\/#organization","name":"Radio Touring 104","url":"https:\/\/progettotouring.it\/radiotouring104\/","logo":{"@type":"ImageObject","inLanguage":"it-IT","@id":"https:\/\/progettotouring.it\/radiotouring104\/#\/schema\/logo\/image\/","url":"https:\/\/progettotouring.it\/radiotouring104\/wp-content\/uploads\/sites\/6\/2022\/02\/cropped-logo-radio-touring-104.png","contentUrl":"https:\/\/progettotouring.it\/radiotouring104\/wp-content\/uploads\/sites\/6\/2022\/02\/cropped-logo-radio-touring-104.png","width":377,"height":182,"caption":"Radio Touring 104"},"image":{"@id":"https:\/\/progettotouring.it\/radiotouring104\/#\/schema\/logo\/image\/"}},{"@type":"Person","@id":"https:\/\/progettotouring.it\/radiotouring104\/#\/schema\/person\/78613917f1851f041f7483f5af1d422e","name":"Sebastiano Plutino","image":{"@type":"ImageObject","inLanguage":"it-IT","@id":"https:\/\/secure.gravatar.com\/avatar\/0546ffaa9b79224faf9f2a156b67a529ae861d3287c66c1d8ccfdf909bcba78d?s=96&d=mm&r=g","url":"https:\/\/secure.gravatar.com\/avatar\/0546ffaa9b79224faf9f2a156b67a529ae861d3287c66c1d8ccfdf909bcba78d?s=96&d=mm&r=g","contentUrl":"https:\/\/secure.gravatar.com\/avatar\/0546ffaa9b79224faf9f2a156b67a529ae861d3287c66c1d8ccfdf909bcba78d?s=96&d=mm&r=g","caption":"Sebastiano Plutino"},"url":"https:\/\/progettotouring.it\/radiotouring104\/author\/sebastiano\/"}]}},"jetpack_publicize_connections":[],"jetpack_featured_media_url":"https:\/\/progettotouring.it\/radiotouring104\/wp-content\/uploads\/sites\/6\/2023\/06\/Bronzi-di-Riace-a-Barcellona.jpg","jetpack_sharing_enabled":true,"_links":{"self":[{"href":"https:\/\/progettotouring.it\/radiotouring104\/wp-json\/wp\/v2\/posts\/28726","targetHints":{"allow":["GET"]}}],"collection":[{"href":"https:\/\/progettotouring.it\/radiotouring104\/wp-json\/wp\/v2\/posts"}],"about":[{"href":"https:\/\/progettotouring.it\/radiotouring104\/wp-json\/wp\/v2\/types\/post"}],"author":[{"embeddable":true,"href":"https:\/\/progettotouring.it\/radiotouring104\/wp-json\/wp\/v2\/users\/12"}],"replies":[{"embeddable":true,"href":"https:\/\/progettotouring.it\/radiotouring104\/wp-json\/wp\/v2\/comments?post=28726"}],"version-history":[{"count":1,"href":"https:\/\/progettotouring.it\/radiotouring104\/wp-json\/wp\/v2\/posts\/28726\/revisions"}],"predecessor-version":[{"id":28728,"href":"https:\/\/progettotouring.it\/radiotouring104\/wp-json\/wp\/v2\/posts\/28726\/revisions\/28728"}],"wp:featuredmedia":[{"embeddable":true,"href":"https:\/\/progettotouring.it\/radiotouring104\/wp-json\/wp\/v2\/media\/28727"}],"wp:attachment":[{"href":"https:\/\/progettotouring.it\/radiotouring104\/wp-json\/wp\/v2\/media?parent=28726"}],"wp:term":[{"taxonomy":"category","embeddable":true,"href":"https:\/\/progettotouring.it\/radiotouring104\/wp-json\/wp\/v2\/categories?post=28726"},{"taxonomy":"post_tag","embeddable":true,"href":"https:\/\/progettotouring.it\/radiotouring104\/wp-json\/wp\/v2\/tags?post=28726"}],"curies":[{"name":"wp","href":"https:\/\/api.w.org\/{rel}","templated":true}]}}