{"id":28759,"date":"2023-06-23T12:15:05","date_gmt":"2023-06-23T10:15:05","guid":{"rendered":"https:\/\/progettotouring.it\/radiotouring104\/?p=28759"},"modified":"2023-06-23T12:15:05","modified_gmt":"2023-06-23T10:15:05","slug":"a-palazzo-alvaro-lincontro-su-periferie-risorse-o-problema","status":"publish","type":"post","link":"https:\/\/progettotouring.it\/radiotouring104\/2023\/06\/23\/a-palazzo-alvaro-lincontro-su-periferie-risorse-o-problema\/","title":{"rendered":"A Palazzo Alvaro l&#8217;incontro su \u201cPeriferie: risorse o problema\u201d"},"content":{"rendered":"<div style=\"text-align: justify\">Si \u00e8 svolto presso la sala Perri di <strong>Palazzo Alvaro<\/strong> il pubblico <strong>incontro sul tema \u201cPeriferie nel Comune di Reggio Calabria: risorsa o problema\u201d<\/strong>. L\u2019iniziativa \u00e8 stata promossa dal Comitato di quartiere di Mosorrofa, presieduto da Pasquale Andidero, ma aperto a tutti gli altri comitati cittadini nonch\u00e9 alla cittadinanza tutta.\u00a0Presenti anche il prefetto Massimo Mariani, per il Comune il sindaco facente funzioni Paolo Brunetti e l\u2019Assessora Giuseppina Palmenta, per la Citt\u00e0 Metropolitana il sindaco facente funzioni Carmelo Versace.<br \/>\nTra gli interventi previsti quello di Paolo Cotrupi, amministratore stesso del comitato di Mosorrofa, e quello di Domenico Marino, docente di Politica Economica presso la Mediterranea.<\/p>\n<p>Il confronto, dopo i saluti istituzionali e le relazioni degli esperti, si \u00e8 sviluppato proprio sul ruolo strategico ed essenziale di quelle che quasi in senso degradante vengono definite \u201cperiferie\u201d quando, nei fatti, sono dei quartieri o dei borghi con storie e identit\u00e0 importanti; molti tra questi sono stati comuni autonomi prima della \u201cgrande Reggio\u201d.\u00a0Le istanze principali rappresentate, quasi all\u2019unisono, dal comitato di Mosorrofa e dai referenti di altri quartieri cittadini sono quelle connesse alla garanzia dei servizi essenziali, strade, acqua, rifiuti e viabilit\u00e0, ma anche agli spazi destinati ad attivit\u00e0 sportive o ludico ricreative, quali luoghi di aggregazione, socialit\u00e0 e cultura.\u00a0La questione della viabilit\u00e0 \u00e8 vissuta con un senso di assoluta priorit\u00e0 proprio per chi vive in centri dell\u2019area interna che soffrono atavicamente del problema di collegamenti con la citt\u00e0.<\/p>\n<p>La questione della \u201cpartecipazione\u201d e del decentramento amministrativo, aspetti connessi anche se non coincidenti, \u00e8 stata sollevata dai comitati ma articolata politicamente e tecnicamente dai referenti istituzionali presenti.<br \/>\nGiuggi Palmenta, sposando lo spirito propositivo della questione, ha voluto sottolineare l\u2019importanza di un governo cittadino partecipato di cui i comitati sono assolutamente soggetti protagonisti ma alle cui esperienze va associato un percorso di fattivo e concreto decentramento amministrativo che vada oltre il ruolo delle vecchie Circoscrizioni che era meramente \u201crappresentativo\u201d ma senza godere di risorse o deleghe territoriali.<\/p>\n<p>Il sindaco facente funzioni Carmelo Versace, nei suoi saluti istituzionali, richiama l\u2019attenzione sul fatto che ancora ad oggi la Citt\u00e0 metropolitana non ha ottenuto le funzioni, gi\u00e0 per legge delegate, da parte della Regione Calabria, unico caso in Italia, e ci\u00f2 malgrado l\u2019Ente sta operando in modo sano e fattivo su molti fronti pur avendo le mani legate su altri. Ricorda ai presenti che alcuni settori, quello dei rifiuti in primis, sono ormai di gestione regionale ma ieri stesso si \u00e8 trovato, per responsabilit\u00e0, \u201ccostretto\u201d a firmare un\u2019ordinanza relativa agli impianti di smaltimento per garantire un servizio essenziale richiamandosi ad un\u2019idea del \u201cfare\u201d operativo. Versace, in veste anche di consigliere comunale, ha anticipato qualche informazione sul nuovo Bilancio che prevede molti interventi per le aree periferiche.<\/p>\n<p>A tal proposito il sindaco Brunetti ha ricordato ai presenti il percorso degli enormi sacrifici compiuti per uscire fuori dal predissesto pagando i debiti di chi in passato \u201cha depredato questa citt\u00e0\u201d. Parte da questa analisi per far capire che per tutto questo periodo \u00e8 stato difficilissimo, se non impossibile in taluni casi, operare amministrativamente con le risorse blindate dalla corte dei conti e con dei limiti di azione determinanti. Brunetti ha poi parlato dei fondi del PNRR che si aggiungeranno a quelle ordinarie dell\u2019Ente con interventi progettuali per oltre 300 mln di euro, augurandosi, ironicamente, &#8220;che i cittadini si lamentino per il disagio del numero dei cantieri in giro per progetti che, una volta realizzati, cambieranno il volto della citt\u00e0\u201d.<\/p>\n<p>Sulle anticipazioni di Versace rispetto al Bilancio ed in risposta ad alcuni rilievi posti da qualcuno Brunetti ha risposto che \u201cIl nuovo Bilancio, gi\u00e0 approvato in giunta, \u00e8 figlio del confronto con tutti i comitati cittadini, nessuno escluso, e non di calcoli fatti in segrete stanze, e risponde proprio, come precisa scelta politica, soprattutto alle istanze delle periferie ed al potenziamento dei servizi essenziali\u201d.<\/p><\/div>\n<div style=\"text-align: justify\">\nIn chiusura lo stesso Brunetti, ringraziando il comitato di Mosorrofa e gli altri intervenuti, si \u00e8 impegnato ad un nuovo incontro con gli stessi promotori per approfondire tematiche entrando nel dettaglio delle stesse con la giusta cura ed attenzione.\u00a0Anche per il sindaco facente funzioni del Comune, in ogni caso, la questione del decentramento amministrativo rimane focale per un governo dei territori capillare, efficace e rappresentativo.<\/div>\n","protected":false},"excerpt":{"rendered":"<p>Si \u00e8 svolto presso la sala Perri di Palazzo Alvaro il pubblico incontro sul tema \u201cPeriferie nel Comune di Reggio Calabria: risorsa o problema\u201d. L\u2019iniziativa \u00e8 stata promossa dal Comitato&hellip;<\/p>\n","protected":false},"author":12,"featured_media":28760,"comment_status":"closed","ping_status":"open","sticky":false,"template":"","format":"standard","meta":{"_jetpack_memberships_contains_paid_content":false,"footnotes":"","jetpack_publicize_message":"","jetpack_publicize_feature_enabled":true,"jetpack_social_post_already_shared":false,"jetpack_social_options":{"image_generator_settings":{"template":"highway","default_image_id":0,"font":"","enabled":false},"version":2}},"categories":[921,196,140],"tags":[17600,239,17601,2464,1524,370,17602,15269],"class_list":["post-28759","post","type-post","status-publish","format-standard","has-post-thumbnail","hentry","category-home","category-news","category-reggio-calabria","tag-periferie-risorse-o-problema","tag-carmelo-versace","tag-decentramento-amministrativo","tag-domenico-marino","tag-giuggi-palmenta","tag-mediterranea","tag-paolo-cotrupi","tag-sindaco-f-f-brunetti"],"yoast_head":"<!-- This site is optimized with the Yoast SEO plugin v27.2 - https:\/\/yoast.com\/product\/yoast-seo-wordpress\/ -->\n<title>A Palazzo Alvaro l&#039;incontro su \u201cPeriferie: risorse o problema\u201d<\/title>\n<meta name=\"description\" content=\"Svolto presso la sala Perri di Palazzo Alvaro il pubblico incontro sul tema \u201cPeriferie nel Comune di Reggio Calabria: risorsa o problema\u201d\" \/>\n<meta name=\"robots\" content=\"index, follow, max-snippet:-1, max-image-preview:large, max-video-preview:-1\" \/>\n<link rel=\"canonical\" href=\"https:\/\/progettotouring.it\/radiotouring104\/2023\/06\/23\/a-palazzo-alvaro-lincontro-su-periferie-risorse-o-problema\/\" \/>\n<meta property=\"og:locale\" content=\"it_IT\" \/>\n<meta property=\"og:type\" content=\"article\" \/>\n<meta property=\"og:title\" content=\"A Palazzo Alvaro l&#039;incontro su \u201cPeriferie: risorse o problema\u201d\" \/>\n<meta property=\"og:description\" content=\"Svolto presso la sala Perri di Palazzo Alvaro il pubblico incontro sul tema \u201cPeriferie nel Comune di Reggio Calabria: risorsa o problema\u201d\" \/>\n<meta property=\"og:url\" content=\"https:\/\/progettotouring.it\/radiotouring104\/2023\/06\/23\/a-palazzo-alvaro-lincontro-su-periferie-risorse-o-problema\/\" \/>\n<meta property=\"og:site_name\" content=\"Radio Touring 104\" \/>\n<meta property=\"article:published_time\" content=\"2023-06-23T10:15:05+00:00\" \/>\n<meta property=\"og:image\" content=\"https:\/\/progettotouring.it\/radiotouring104\/wp-content\/uploads\/sites\/6\/2023\/06\/convegno-decentramento-Palazzo-Alvaro-Periferie.jpeg\" \/>\n\t<meta property=\"og:image:width\" content=\"2048\" \/>\n\t<meta property=\"og:image:height\" content=\"921\" \/>\n\t<meta property=\"og:image:type\" content=\"image\/jpeg\" \/>\n<meta name=\"author\" content=\"Sebastiano Plutino\" \/>\n<meta name=\"twitter:card\" content=\"summary_large_image\" \/>\n<meta name=\"twitter:label1\" content=\"Scritto da\" \/>\n\t<meta name=\"twitter:data1\" content=\"Sebastiano Plutino\" \/>\n\t<meta name=\"twitter:label2\" content=\"Tempo di lettura stimato\" \/>\n\t<meta name=\"twitter:data2\" content=\"4 minuti\" \/>\n<script type=\"application\/ld+json\" class=\"yoast-schema-graph\">{\"@context\":\"https:\/\/schema.org\",\"@graph\":[{\"@type\":\"Article\",\"@id\":\"https:\/\/progettotouring.it\/radiotouring104\/2023\/06\/23\/a-palazzo-alvaro-lincontro-su-periferie-risorse-o-problema\/#article\",\"isPartOf\":{\"@id\":\"https:\/\/progettotouring.it\/radiotouring104\/2023\/06\/23\/a-palazzo-alvaro-lincontro-su-periferie-risorse-o-problema\/\"},\"author\":{\"name\":\"Sebastiano Plutino\",\"@id\":\"https:\/\/progettotouring.it\/radiotouring104\/#\/schema\/person\/78613917f1851f041f7483f5af1d422e\"},\"headline\":\"A Palazzo Alvaro l&#8217;incontro su \u201cPeriferie: risorse o problema\u201d\",\"datePublished\":\"2023-06-23T10:15:05+00:00\",\"mainEntityOfPage\":{\"@id\":\"https:\/\/progettotouring.it\/radiotouring104\/2023\/06\/23\/a-palazzo-alvaro-lincontro-su-periferie-risorse-o-problema\/\"},\"wordCount\":711,\"publisher\":{\"@id\":\"https:\/\/progettotouring.it\/radiotouring104\/#organization\"},\"image\":{\"@id\":\"https:\/\/progettotouring.it\/radiotouring104\/2023\/06\/23\/a-palazzo-alvaro-lincontro-su-periferie-risorse-o-problema\/#primaryimage\"},\"thumbnailUrl\":\"https:\/\/progettotouring.it\/radiotouring104\/wp-content\/uploads\/sites\/6\/2023\/06\/convegno-decentramento-Palazzo-Alvaro-Periferie.jpeg\",\"keywords\":[\"\u201cPeriferie: risorse o problema\u201d\",\"carmelo versace\",\"decentramento amministrativo\",\"Domenico Marino\",\"Giuggi Palmenta\",\"mediterranea\",\"Paolo Cotrupi\",\"Sindaco f.f. Brunetti\"],\"articleSection\":[\"Home\",\"News\",\"Reggio Calabria\"],\"inLanguage\":\"it-IT\"},{\"@type\":\"WebPage\",\"@id\":\"https:\/\/progettotouring.it\/radiotouring104\/2023\/06\/23\/a-palazzo-alvaro-lincontro-su-periferie-risorse-o-problema\/\",\"url\":\"https:\/\/progettotouring.it\/radiotouring104\/2023\/06\/23\/a-palazzo-alvaro-lincontro-su-periferie-risorse-o-problema\/\",\"name\":\"A Palazzo Alvaro l'incontro su \u201cPeriferie: risorse o problema\u201d\",\"isPartOf\":{\"@id\":\"https:\/\/progettotouring.it\/radiotouring104\/#website\"},\"primaryImageOfPage\":{\"@id\":\"https:\/\/progettotouring.it\/radiotouring104\/2023\/06\/23\/a-palazzo-alvaro-lincontro-su-periferie-risorse-o-problema\/#primaryimage\"},\"image\":{\"@id\":\"https:\/\/progettotouring.it\/radiotouring104\/2023\/06\/23\/a-palazzo-alvaro-lincontro-su-periferie-risorse-o-problema\/#primaryimage\"},\"thumbnailUrl\":\"https:\/\/progettotouring.it\/radiotouring104\/wp-content\/uploads\/sites\/6\/2023\/06\/convegno-decentramento-Palazzo-Alvaro-Periferie.jpeg\",\"datePublished\":\"2023-06-23T10:15:05+00:00\",\"description\":\"Svolto presso la sala Perri di Palazzo Alvaro il pubblico incontro sul tema \u201cPeriferie nel Comune di Reggio Calabria: risorsa o problema\u201d\",\"breadcrumb\":{\"@id\":\"https:\/\/progettotouring.it\/radiotouring104\/2023\/06\/23\/a-palazzo-alvaro-lincontro-su-periferie-risorse-o-problema\/#breadcrumb\"},\"inLanguage\":\"it-IT\",\"potentialAction\":[{\"@type\":\"ReadAction\",\"target\":[\"https:\/\/progettotouring.it\/radiotouring104\/2023\/06\/23\/a-palazzo-alvaro-lincontro-su-periferie-risorse-o-problema\/\"]}]},{\"@type\":\"ImageObject\",\"inLanguage\":\"it-IT\",\"@id\":\"https:\/\/progettotouring.it\/radiotouring104\/2023\/06\/23\/a-palazzo-alvaro-lincontro-su-periferie-risorse-o-problema\/#primaryimage\",\"url\":\"https:\/\/progettotouring.it\/radiotouring104\/wp-content\/uploads\/sites\/6\/2023\/06\/convegno-decentramento-Palazzo-Alvaro-Periferie.jpeg\",\"contentUrl\":\"https:\/\/progettotouring.it\/radiotouring104\/wp-content\/uploads\/sites\/6\/2023\/06\/convegno-decentramento-Palazzo-Alvaro-Periferie.jpeg\",\"width\":2048,\"height\":921},{\"@type\":\"BreadcrumbList\",\"@id\":\"https:\/\/progettotouring.it\/radiotouring104\/2023\/06\/23\/a-palazzo-alvaro-lincontro-su-periferie-risorse-o-problema\/#breadcrumb\",\"itemListElement\":[{\"@type\":\"ListItem\",\"position\":1,\"name\":\"Home\",\"item\":\"https:\/\/progettotouring.it\/radiotouring104\/\"},{\"@type\":\"ListItem\",\"position\":2,\"name\":\"A Palazzo Alvaro l&#8217;incontro su \u201cPeriferie: risorse o problema\u201d\"}]},{\"@type\":\"WebSite\",\"@id\":\"https:\/\/progettotouring.it\/radiotouring104\/#website\",\"url\":\"https:\/\/progettotouring.it\/radiotouring104\/\",\"name\":\"Radio Touring 104\",\"description\":\"La prima radio Reggina\",\"publisher\":{\"@id\":\"https:\/\/progettotouring.it\/radiotouring104\/#organization\"},\"potentialAction\":[{\"@type\":\"SearchAction\",\"target\":{\"@type\":\"EntryPoint\",\"urlTemplate\":\"https:\/\/progettotouring.it\/radiotouring104\/?s={search_term_string}\"},\"query-input\":{\"@type\":\"PropertyValueSpecification\",\"valueRequired\":true,\"valueName\":\"search_term_string\"}}],\"inLanguage\":\"it-IT\"},{\"@type\":\"Organization\",\"@id\":\"https:\/\/progettotouring.it\/radiotouring104\/#organization\",\"name\":\"Radio Touring 104\",\"url\":\"https:\/\/progettotouring.it\/radiotouring104\/\",\"logo\":{\"@type\":\"ImageObject\",\"inLanguage\":\"it-IT\",\"@id\":\"https:\/\/progettotouring.it\/radiotouring104\/#\/schema\/logo\/image\/\",\"url\":\"https:\/\/progettotouring.it\/radiotouring104\/wp-content\/uploads\/sites\/6\/2022\/02\/cropped-logo-radio-touring-104.png\",\"contentUrl\":\"https:\/\/progettotouring.it\/radiotouring104\/wp-content\/uploads\/sites\/6\/2022\/02\/cropped-logo-radio-touring-104.png\",\"width\":377,\"height\":182,\"caption\":\"Radio Touring 104\"},\"image\":{\"@id\":\"https:\/\/progettotouring.it\/radiotouring104\/#\/schema\/logo\/image\/\"}},{\"@type\":\"Person\",\"@id\":\"https:\/\/progettotouring.it\/radiotouring104\/#\/schema\/person\/78613917f1851f041f7483f5af1d422e\",\"name\":\"Sebastiano Plutino\",\"image\":{\"@type\":\"ImageObject\",\"inLanguage\":\"it-IT\",\"@id\":\"https:\/\/secure.gravatar.com\/avatar\/0546ffaa9b79224faf9f2a156b67a529ae861d3287c66c1d8ccfdf909bcba78d?s=96&d=mm&r=g\",\"url\":\"https:\/\/secure.gravatar.com\/avatar\/0546ffaa9b79224faf9f2a156b67a529ae861d3287c66c1d8ccfdf909bcba78d?s=96&d=mm&r=g\",\"contentUrl\":\"https:\/\/secure.gravatar.com\/avatar\/0546ffaa9b79224faf9f2a156b67a529ae861d3287c66c1d8ccfdf909bcba78d?s=96&d=mm&r=g\",\"caption\":\"Sebastiano Plutino\"},\"url\":\"https:\/\/progettotouring.it\/radiotouring104\/author\/sebastiano\/\"}]}<\/script>\n<!-- \/ Yoast SEO plugin. -->","yoast_head_json":{"title":"A Palazzo Alvaro l'incontro su \u201cPeriferie: risorse o problema\u201d","description":"Svolto presso la sala Perri di Palazzo Alvaro il pubblico incontro sul tema \u201cPeriferie nel Comune di Reggio Calabria: risorsa o problema\u201d","robots":{"index":"index","follow":"follow","max-snippet":"max-snippet:-1","max-image-preview":"max-image-preview:large","max-video-preview":"max-video-preview:-1"},"canonical":"https:\/\/progettotouring.it\/radiotouring104\/2023\/06\/23\/a-palazzo-alvaro-lincontro-su-periferie-risorse-o-problema\/","og_locale":"it_IT","og_type":"article","og_title":"A Palazzo Alvaro l'incontro su \u201cPeriferie: risorse o problema\u201d","og_description":"Svolto presso la sala Perri di Palazzo Alvaro il pubblico incontro sul tema \u201cPeriferie nel Comune di Reggio Calabria: risorsa o problema\u201d","og_url":"https:\/\/progettotouring.it\/radiotouring104\/2023\/06\/23\/a-palazzo-alvaro-lincontro-su-periferie-risorse-o-problema\/","og_site_name":"Radio Touring 104","article_published_time":"2023-06-23T10:15:05+00:00","og_image":[{"width":2048,"height":921,"url":"https:\/\/progettotouring.it\/radiotouring104\/wp-content\/uploads\/sites\/6\/2023\/06\/convegno-decentramento-Palazzo-Alvaro-Periferie.jpeg","type":"image\/jpeg"}],"author":"Sebastiano Plutino","twitter_card":"summary_large_image","twitter_misc":{"Scritto da":"Sebastiano Plutino","Tempo di lettura stimato":"4 minuti"},"schema":{"@context":"https:\/\/schema.org","@graph":[{"@type":"Article","@id":"https:\/\/progettotouring.it\/radiotouring104\/2023\/06\/23\/a-palazzo-alvaro-lincontro-su-periferie-risorse-o-problema\/#article","isPartOf":{"@id":"https:\/\/progettotouring.it\/radiotouring104\/2023\/06\/23\/a-palazzo-alvaro-lincontro-su-periferie-risorse-o-problema\/"},"author":{"name":"Sebastiano Plutino","@id":"https:\/\/progettotouring.it\/radiotouring104\/#\/schema\/person\/78613917f1851f041f7483f5af1d422e"},"headline":"A Palazzo Alvaro l&#8217;incontro su \u201cPeriferie: risorse o problema\u201d","datePublished":"2023-06-23T10:15:05+00:00","mainEntityOfPage":{"@id":"https:\/\/progettotouring.it\/radiotouring104\/2023\/06\/23\/a-palazzo-alvaro-lincontro-su-periferie-risorse-o-problema\/"},"wordCount":711,"publisher":{"@id":"https:\/\/progettotouring.it\/radiotouring104\/#organization"},"image":{"@id":"https:\/\/progettotouring.it\/radiotouring104\/2023\/06\/23\/a-palazzo-alvaro-lincontro-su-periferie-risorse-o-problema\/#primaryimage"},"thumbnailUrl":"https:\/\/progettotouring.it\/radiotouring104\/wp-content\/uploads\/sites\/6\/2023\/06\/convegno-decentramento-Palazzo-Alvaro-Periferie.jpeg","keywords":["\u201cPeriferie: risorse o problema\u201d","carmelo versace","decentramento amministrativo","Domenico Marino","Giuggi Palmenta","mediterranea","Paolo Cotrupi","Sindaco f.f. Brunetti"],"articleSection":["Home","News","Reggio Calabria"],"inLanguage":"it-IT"},{"@type":"WebPage","@id":"https:\/\/progettotouring.it\/radiotouring104\/2023\/06\/23\/a-palazzo-alvaro-lincontro-su-periferie-risorse-o-problema\/","url":"https:\/\/progettotouring.it\/radiotouring104\/2023\/06\/23\/a-palazzo-alvaro-lincontro-su-periferie-risorse-o-problema\/","name":"A Palazzo Alvaro l'incontro su \u201cPeriferie: risorse o problema\u201d","isPartOf":{"@id":"https:\/\/progettotouring.it\/radiotouring104\/#website"},"primaryImageOfPage":{"@id":"https:\/\/progettotouring.it\/radiotouring104\/2023\/06\/23\/a-palazzo-alvaro-lincontro-su-periferie-risorse-o-problema\/#primaryimage"},"image":{"@id":"https:\/\/progettotouring.it\/radiotouring104\/2023\/06\/23\/a-palazzo-alvaro-lincontro-su-periferie-risorse-o-problema\/#primaryimage"},"thumbnailUrl":"https:\/\/progettotouring.it\/radiotouring104\/wp-content\/uploads\/sites\/6\/2023\/06\/convegno-decentramento-Palazzo-Alvaro-Periferie.jpeg","datePublished":"2023-06-23T10:15:05+00:00","description":"Svolto presso la sala Perri di Palazzo Alvaro il pubblico incontro sul tema \u201cPeriferie nel Comune di Reggio Calabria: risorsa o problema\u201d","breadcrumb":{"@id":"https:\/\/progettotouring.it\/radiotouring104\/2023\/06\/23\/a-palazzo-alvaro-lincontro-su-periferie-risorse-o-problema\/#breadcrumb"},"inLanguage":"it-IT","potentialAction":[{"@type":"ReadAction","target":["https:\/\/progettotouring.it\/radiotouring104\/2023\/06\/23\/a-palazzo-alvaro-lincontro-su-periferie-risorse-o-problema\/"]}]},{"@type":"ImageObject","inLanguage":"it-IT","@id":"https:\/\/progettotouring.it\/radiotouring104\/2023\/06\/23\/a-palazzo-alvaro-lincontro-su-periferie-risorse-o-problema\/#primaryimage","url":"https:\/\/progettotouring.it\/radiotouring104\/wp-content\/uploads\/sites\/6\/2023\/06\/convegno-decentramento-Palazzo-Alvaro-Periferie.jpeg","contentUrl":"https:\/\/progettotouring.it\/radiotouring104\/wp-content\/uploads\/sites\/6\/2023\/06\/convegno-decentramento-Palazzo-Alvaro-Periferie.jpeg","width":2048,"height":921},{"@type":"BreadcrumbList","@id":"https:\/\/progettotouring.it\/radiotouring104\/2023\/06\/23\/a-palazzo-alvaro-lincontro-su-periferie-risorse-o-problema\/#breadcrumb","itemListElement":[{"@type":"ListItem","position":1,"name":"Home","item":"https:\/\/progettotouring.it\/radiotouring104\/"},{"@type":"ListItem","position":2,"name":"A Palazzo Alvaro l&#8217;incontro su \u201cPeriferie: risorse o problema\u201d"}]},{"@type":"WebSite","@id":"https:\/\/progettotouring.it\/radiotouring104\/#website","url":"https:\/\/progettotouring.it\/radiotouring104\/","name":"Radio Touring 104","description":"La prima radio Reggina","publisher":{"@id":"https:\/\/progettotouring.it\/radiotouring104\/#organization"},"potentialAction":[{"@type":"SearchAction","target":{"@type":"EntryPoint","urlTemplate":"https:\/\/progettotouring.it\/radiotouring104\/?s={search_term_string}"},"query-input":{"@type":"PropertyValueSpecification","valueRequired":true,"valueName":"search_term_string"}}],"inLanguage":"it-IT"},{"@type":"Organization","@id":"https:\/\/progettotouring.it\/radiotouring104\/#organization","name":"Radio Touring 104","url":"https:\/\/progettotouring.it\/radiotouring104\/","logo":{"@type":"ImageObject","inLanguage":"it-IT","@id":"https:\/\/progettotouring.it\/radiotouring104\/#\/schema\/logo\/image\/","url":"https:\/\/progettotouring.it\/radiotouring104\/wp-content\/uploads\/sites\/6\/2022\/02\/cropped-logo-radio-touring-104.png","contentUrl":"https:\/\/progettotouring.it\/radiotouring104\/wp-content\/uploads\/sites\/6\/2022\/02\/cropped-logo-radio-touring-104.png","width":377,"height":182,"caption":"Radio Touring 104"},"image":{"@id":"https:\/\/progettotouring.it\/radiotouring104\/#\/schema\/logo\/image\/"}},{"@type":"Person","@id":"https:\/\/progettotouring.it\/radiotouring104\/#\/schema\/person\/78613917f1851f041f7483f5af1d422e","name":"Sebastiano Plutino","image":{"@type":"ImageObject","inLanguage":"it-IT","@id":"https:\/\/secure.gravatar.com\/avatar\/0546ffaa9b79224faf9f2a156b67a529ae861d3287c66c1d8ccfdf909bcba78d?s=96&d=mm&r=g","url":"https:\/\/secure.gravatar.com\/avatar\/0546ffaa9b79224faf9f2a156b67a529ae861d3287c66c1d8ccfdf909bcba78d?s=96&d=mm&r=g","contentUrl":"https:\/\/secure.gravatar.com\/avatar\/0546ffaa9b79224faf9f2a156b67a529ae861d3287c66c1d8ccfdf909bcba78d?s=96&d=mm&r=g","caption":"Sebastiano Plutino"},"url":"https:\/\/progettotouring.it\/radiotouring104\/author\/sebastiano\/"}]}},"jetpack_publicize_connections":[],"jetpack_featured_media_url":"https:\/\/progettotouring.it\/radiotouring104\/wp-content\/uploads\/sites\/6\/2023\/06\/convegno-decentramento-Palazzo-Alvaro-Periferie.jpeg","jetpack_sharing_enabled":true,"_links":{"self":[{"href":"https:\/\/progettotouring.it\/radiotouring104\/wp-json\/wp\/v2\/posts\/28759","targetHints":{"allow":["GET"]}}],"collection":[{"href":"https:\/\/progettotouring.it\/radiotouring104\/wp-json\/wp\/v2\/posts"}],"about":[{"href":"https:\/\/progettotouring.it\/radiotouring104\/wp-json\/wp\/v2\/types\/post"}],"author":[{"embeddable":true,"href":"https:\/\/progettotouring.it\/radiotouring104\/wp-json\/wp\/v2\/users\/12"}],"replies":[{"embeddable":true,"href":"https:\/\/progettotouring.it\/radiotouring104\/wp-json\/wp\/v2\/comments?post=28759"}],"version-history":[{"count":1,"href":"https:\/\/progettotouring.it\/radiotouring104\/wp-json\/wp\/v2\/posts\/28759\/revisions"}],"predecessor-version":[{"id":28761,"href":"https:\/\/progettotouring.it\/radiotouring104\/wp-json\/wp\/v2\/posts\/28759\/revisions\/28761"}],"wp:featuredmedia":[{"embeddable":true,"href":"https:\/\/progettotouring.it\/radiotouring104\/wp-json\/wp\/v2\/media\/28760"}],"wp:attachment":[{"href":"https:\/\/progettotouring.it\/radiotouring104\/wp-json\/wp\/v2\/media?parent=28759"}],"wp:term":[{"taxonomy":"category","embeddable":true,"href":"https:\/\/progettotouring.it\/radiotouring104\/wp-json\/wp\/v2\/categories?post=28759"},{"taxonomy":"post_tag","embeddable":true,"href":"https:\/\/progettotouring.it\/radiotouring104\/wp-json\/wp\/v2\/tags?post=28759"}],"curies":[{"name":"wp","href":"https:\/\/api.w.org\/{rel}","templated":true}]}}