{"id":28762,"date":"2023-06-23T12:29:47","date_gmt":"2023-06-23T10:29:47","guid":{"rendered":"https:\/\/progettotouring.it\/radiotouring104\/?p=28762"},"modified":"2023-06-23T12:33:14","modified_gmt":"2023-06-23T10:33:14","slug":"coldiretti-borrello-si-congratula-col-nuovo-rettore-ugm-cuda","status":"publish","type":"post","link":"https:\/\/progettotouring.it\/radiotouring104\/2023\/06\/23\/coldiretti-borrello-si-congratula-col-nuovo-rettore-ugm-cuda\/","title":{"rendered":"Coldiretti, Borrello si congratula col nuovo Rettore UGM Cuda"},"content":{"rendered":"<p style=\"text-align: justify\">Riceviamo e pubblichiamo: \u201c<em>Formulo\u00a0\u00a0a nome della Coldiretti Interprovinciale di Catanzaro-Crotone- Vibo Valenzia<\/em> &#8211;\u00a0 <b>dichiara il presidente Fabio Borrello<\/b> &#8211;<em>\u00a0\u00a0e mio personale, le pi\u00f9 vive congratulazioni al prof. Giovanni Cuda per l&#8217;elezione a Magnifico Rettore dell&#8217;Universit\u00e0 degli Studi Magna Graecia di Catanzaro\u201d. Sono certo che la competenza del nuovo rettore, la sua professionalit\u00e0 ed esperienza, rappresentino quella guida forte e autorevole per raggiungere gli obiettivi e vincere le sfide che attendono quella che sentiamo la nostra Universit\u00e0, un&#8217;Istituzione che considero da sempre esemplare punto di riferimento culturale, luogo deputato alla migliore formazione dei nostri giovani e fucina di eccellenze del nostro territorio. Il nuovo rettore \u00e8 animato da tanto entusiasmo e dalla forte determinazione e sapr\u00e0 imprimere alla nostra grande Universit\u00e0 un ulteriore salto qualitativo a tutti i livelli, coniugando la didattica alla ricerca in modo deciso, aperto e competitivo, puntando su un\u2019organizzazione agile e duttile, capace di dialogare con le Universit\u00e0, le Istituzioni e le associazioni.. Assicuro \u2013<\/em><strong>conclude Borrello-<\/strong><em> la completa disponibilit\u00e0 della Coldiretti\u00a0\u00a0in un rapporto di sinergica collaborazione tra Universit\u00e0 ed esigenze sempre di pi\u00f9 specialistiche in ambito tecnico, economico e giuridico delle imprese agricole ed agroalimentari. Siamo altres\u00ec soddisfatti della riattivazione del\u00a0\u00a0\u201cCorso di Laurea Magistrale in Medicina Veterinaria\u201d.\u00a0<\/em><span class=\"xmprfx_markedcontent\"><em>Il corso<\/em> \u2013 <strong>chiarisce Borrello<\/strong> &#8211;\u00a0<em>\u00a0servir\u00e0 a sostenere gli interessi produttivi della Regione Calabria e quindi formare professionisti, medici veterinari, che possono portare valore alla filiera zootecnica e alle sue produzioni. La sanit\u00e0 veterinaria pubblica, \u00e8 un cordone ombelicale che garantisce la qualit\u00e0 degli allevamenti dal latte alla carne e in generale dal cibo che\u00a0\u00a0ha un impatto strategico sulla popolazione.<\/em><\/span><\/p>\n","protected":false},"excerpt":{"rendered":"<p>Riceviamo e pubblichiamo: \u201cFormulo\u00a0\u00a0a nome della Coldiretti Interprovinciale di Catanzaro-Crotone- Vibo Valenzia &#8211;\u00a0 dichiara il presidente Fabio Borrello &#8211;\u00a0\u00a0e mio personale, le pi\u00f9 vive congratulazioni al prof. Giovanni Cuda per&hellip;<\/p>\n","protected":false},"author":12,"featured_media":17125,"comment_status":"closed","ping_status":"open","sticky":false,"template":"","format":"standard","meta":{"_jetpack_memberships_contains_paid_content":false,"footnotes":"","jetpack_publicize_message":"","jetpack_publicize_feature_enabled":true,"jetpack_social_post_already_shared":false,"jetpack_social_options":{"image_generator_settings":{"template":"highway","default_image_id":0,"font":"","enabled":false},"version":2}},"categories":[142,921,196],"tags":[17604,5585,17603,13946],"class_list":["post-28762","post","type-post","status-publish","format-standard","has-post-thumbnail","hentry","category-calabria","category-home","category-news","tag-coldiretti-interprovinciale-di-catanzaro-crotone-vibo","tag-fabio-borrello","tag-giovanni-cuda","tag-universita-degli-studi-magna-graecia-di-catanzaro"],"yoast_head":"<!-- This site is optimized with the Yoast SEO plugin v27.2 - https:\/\/yoast.com\/product\/yoast-seo-wordpress\/ -->\n<title>Coldiretti, Borrello si congratula col nuovo Rettore UGM Cuda<\/title>\n<meta name=\"description\" content=\"&quot;Le mie congratulazioni al prof. Cuda per l&#039;elezione a Rettore dell&#039;Universit\u00e0 degli Studi Magna Graecia di Catanzaro\u201d, dichiara Borrello\" \/>\n<meta name=\"robots\" content=\"index, follow, max-snippet:-1, max-image-preview:large, max-video-preview:-1\" \/>\n<link rel=\"canonical\" href=\"https:\/\/progettotouring.it\/radiotouring104\/2023\/06\/23\/coldiretti-borrello-si-congratula-col-nuovo-rettore-ugm-cuda\/\" \/>\n<meta property=\"og:locale\" content=\"it_IT\" \/>\n<meta property=\"og:type\" content=\"article\" \/>\n<meta property=\"og:title\" content=\"Coldiretti, Borrello si congratula col nuovo Rettore UGM Cuda\" \/>\n<meta property=\"og:description\" content=\"&quot;Le mie congratulazioni al prof. Cuda per l&#039;elezione a Rettore dell&#039;Universit\u00e0 degli Studi Magna Graecia di Catanzaro\u201d, dichiara Borrello\" \/>\n<meta property=\"og:url\" content=\"https:\/\/progettotouring.it\/radiotouring104\/2023\/06\/23\/coldiretti-borrello-si-congratula-col-nuovo-rettore-ugm-cuda\/\" \/>\n<meta property=\"og:site_name\" content=\"Radio Touring 104\" \/>\n<meta property=\"article:published_time\" content=\"2023-06-23T10:29:47+00:00\" \/>\n<meta property=\"article:modified_time\" content=\"2023-06-23T10:33:14+00:00\" \/>\n<meta property=\"og:image\" content=\"https:\/\/progettotouring.it\/radiotouring104\/wp-content\/uploads\/sites\/6\/2023\/01\/coldiretti-calabria.jpg\" \/>\n\t<meta property=\"og:image:width\" content=\"1400\" \/>\n\t<meta property=\"og:image:height\" content=\"1400\" \/>\n\t<meta property=\"og:image:type\" content=\"image\/jpeg\" \/>\n<meta name=\"author\" content=\"Sebastiano Plutino\" \/>\n<meta name=\"twitter:card\" content=\"summary_large_image\" \/>\n<meta name=\"twitter:label1\" content=\"Scritto da\" \/>\n\t<meta name=\"twitter:data1\" content=\"Sebastiano Plutino\" \/>\n\t<meta name=\"twitter:label2\" content=\"Tempo di lettura stimato\" \/>\n\t<meta name=\"twitter:data2\" content=\"1 minuto\" \/>\n<script type=\"application\/ld+json\" class=\"yoast-schema-graph\">{\"@context\":\"https:\/\/schema.org\",\"@graph\":[{\"@type\":\"Article\",\"@id\":\"https:\/\/progettotouring.it\/radiotouring104\/2023\/06\/23\/coldiretti-borrello-si-congratula-col-nuovo-rettore-ugm-cuda\/#article\",\"isPartOf\":{\"@id\":\"https:\/\/progettotouring.it\/radiotouring104\/2023\/06\/23\/coldiretti-borrello-si-congratula-col-nuovo-rettore-ugm-cuda\/\"},\"author\":{\"name\":\"Sebastiano Plutino\",\"@id\":\"https:\/\/progettotouring.it\/radiotouring104\/#\/schema\/person\/78613917f1851f041f7483f5af1d422e\"},\"headline\":\"Coldiretti, Borrello si congratula col nuovo Rettore UGM Cuda\",\"datePublished\":\"2023-06-23T10:29:47+00:00\",\"dateModified\":\"2023-06-23T10:33:14+00:00\",\"mainEntityOfPage\":{\"@id\":\"https:\/\/progettotouring.it\/radiotouring104\/2023\/06\/23\/coldiretti-borrello-si-congratula-col-nuovo-rettore-ugm-cuda\/\"},\"wordCount\":273,\"publisher\":{\"@id\":\"https:\/\/progettotouring.it\/radiotouring104\/#organization\"},\"image\":{\"@id\":\"https:\/\/progettotouring.it\/radiotouring104\/2023\/06\/23\/coldiretti-borrello-si-congratula-col-nuovo-rettore-ugm-cuda\/#primaryimage\"},\"thumbnailUrl\":\"https:\/\/progettotouring.it\/radiotouring104\/wp-content\/uploads\/sites\/6\/2023\/01\/coldiretti-calabria.jpg\",\"keywords\":[\"Coldiretti Interprovinciale di Catanzaro-Crotone-Vibo\",\"Fabio Borrello\",\"Giovanni Cuda\",\"Universit\u00e0 degli studi Magna Graecia di Catanzaro\"],\"articleSection\":[\"Calabria\",\"Home\",\"News\"],\"inLanguage\":\"it-IT\"},{\"@type\":\"WebPage\",\"@id\":\"https:\/\/progettotouring.it\/radiotouring104\/2023\/06\/23\/coldiretti-borrello-si-congratula-col-nuovo-rettore-ugm-cuda\/\",\"url\":\"https:\/\/progettotouring.it\/radiotouring104\/2023\/06\/23\/coldiretti-borrello-si-congratula-col-nuovo-rettore-ugm-cuda\/\",\"name\":\"Coldiretti, Borrello si congratula col nuovo Rettore UGM Cuda\",\"isPartOf\":{\"@id\":\"https:\/\/progettotouring.it\/radiotouring104\/#website\"},\"primaryImageOfPage\":{\"@id\":\"https:\/\/progettotouring.it\/radiotouring104\/2023\/06\/23\/coldiretti-borrello-si-congratula-col-nuovo-rettore-ugm-cuda\/#primaryimage\"},\"image\":{\"@id\":\"https:\/\/progettotouring.it\/radiotouring104\/2023\/06\/23\/coldiretti-borrello-si-congratula-col-nuovo-rettore-ugm-cuda\/#primaryimage\"},\"thumbnailUrl\":\"https:\/\/progettotouring.it\/radiotouring104\/wp-content\/uploads\/sites\/6\/2023\/01\/coldiretti-calabria.jpg\",\"datePublished\":\"2023-06-23T10:29:47+00:00\",\"dateModified\":\"2023-06-23T10:33:14+00:00\",\"description\":\"\\\"Le mie congratulazioni al prof. Cuda per l'elezione a Rettore dell'Universit\u00e0 degli Studi Magna Graecia di Catanzaro\u201d, dichiara Borrello\",\"breadcrumb\":{\"@id\":\"https:\/\/progettotouring.it\/radiotouring104\/2023\/06\/23\/coldiretti-borrello-si-congratula-col-nuovo-rettore-ugm-cuda\/#breadcrumb\"},\"inLanguage\":\"it-IT\",\"potentialAction\":[{\"@type\":\"ReadAction\",\"target\":[\"https:\/\/progettotouring.it\/radiotouring104\/2023\/06\/23\/coldiretti-borrello-si-congratula-col-nuovo-rettore-ugm-cuda\/\"]}]},{\"@type\":\"ImageObject\",\"inLanguage\":\"it-IT\",\"@id\":\"https:\/\/progettotouring.it\/radiotouring104\/2023\/06\/23\/coldiretti-borrello-si-congratula-col-nuovo-rettore-ugm-cuda\/#primaryimage\",\"url\":\"https:\/\/progettotouring.it\/radiotouring104\/wp-content\/uploads\/sites\/6\/2023\/01\/coldiretti-calabria.jpg\",\"contentUrl\":\"https:\/\/progettotouring.it\/radiotouring104\/wp-content\/uploads\/sites\/6\/2023\/01\/coldiretti-calabria.jpg\",\"width\":1400,\"height\":1400},{\"@type\":\"BreadcrumbList\",\"@id\":\"https:\/\/progettotouring.it\/radiotouring104\/2023\/06\/23\/coldiretti-borrello-si-congratula-col-nuovo-rettore-ugm-cuda\/#breadcrumb\",\"itemListElement\":[{\"@type\":\"ListItem\",\"position\":1,\"name\":\"Home\",\"item\":\"https:\/\/progettotouring.it\/radiotouring104\/\"},{\"@type\":\"ListItem\",\"position\":2,\"name\":\"Coldiretti, Borrello si congratula col nuovo Rettore UGM Cuda\"}]},{\"@type\":\"WebSite\",\"@id\":\"https:\/\/progettotouring.it\/radiotouring104\/#website\",\"url\":\"https:\/\/progettotouring.it\/radiotouring104\/\",\"name\":\"Radio Touring 104\",\"description\":\"La prima radio Reggina\",\"publisher\":{\"@id\":\"https:\/\/progettotouring.it\/radiotouring104\/#organization\"},\"potentialAction\":[{\"@type\":\"SearchAction\",\"target\":{\"@type\":\"EntryPoint\",\"urlTemplate\":\"https:\/\/progettotouring.it\/radiotouring104\/?s={search_term_string}\"},\"query-input\":{\"@type\":\"PropertyValueSpecification\",\"valueRequired\":true,\"valueName\":\"search_term_string\"}}],\"inLanguage\":\"it-IT\"},{\"@type\":\"Organization\",\"@id\":\"https:\/\/progettotouring.it\/radiotouring104\/#organization\",\"name\":\"Radio Touring 104\",\"url\":\"https:\/\/progettotouring.it\/radiotouring104\/\",\"logo\":{\"@type\":\"ImageObject\",\"inLanguage\":\"it-IT\",\"@id\":\"https:\/\/progettotouring.it\/radiotouring104\/#\/schema\/logo\/image\/\",\"url\":\"https:\/\/progettotouring.it\/radiotouring104\/wp-content\/uploads\/sites\/6\/2022\/02\/cropped-logo-radio-touring-104.png\",\"contentUrl\":\"https:\/\/progettotouring.it\/radiotouring104\/wp-content\/uploads\/sites\/6\/2022\/02\/cropped-logo-radio-touring-104.png\",\"width\":377,\"height\":182,\"caption\":\"Radio Touring 104\"},\"image\":{\"@id\":\"https:\/\/progettotouring.it\/radiotouring104\/#\/schema\/logo\/image\/\"}},{\"@type\":\"Person\",\"@id\":\"https:\/\/progettotouring.it\/radiotouring104\/#\/schema\/person\/78613917f1851f041f7483f5af1d422e\",\"name\":\"Sebastiano Plutino\",\"image\":{\"@type\":\"ImageObject\",\"inLanguage\":\"it-IT\",\"@id\":\"https:\/\/secure.gravatar.com\/avatar\/0546ffaa9b79224faf9f2a156b67a529ae861d3287c66c1d8ccfdf909bcba78d?s=96&d=mm&r=g\",\"url\":\"https:\/\/secure.gravatar.com\/avatar\/0546ffaa9b79224faf9f2a156b67a529ae861d3287c66c1d8ccfdf909bcba78d?s=96&d=mm&r=g\",\"contentUrl\":\"https:\/\/secure.gravatar.com\/avatar\/0546ffaa9b79224faf9f2a156b67a529ae861d3287c66c1d8ccfdf909bcba78d?s=96&d=mm&r=g\",\"caption\":\"Sebastiano Plutino\"},\"url\":\"https:\/\/progettotouring.it\/radiotouring104\/author\/sebastiano\/\"}]}<\/script>\n<!-- \/ Yoast SEO plugin. -->","yoast_head_json":{"title":"Coldiretti, Borrello si congratula col nuovo Rettore UGM Cuda","description":"\"Le mie congratulazioni al prof. Cuda per l'elezione a Rettore dell'Universit\u00e0 degli Studi Magna Graecia di Catanzaro\u201d, dichiara Borrello","robots":{"index":"index","follow":"follow","max-snippet":"max-snippet:-1","max-image-preview":"max-image-preview:large","max-video-preview":"max-video-preview:-1"},"canonical":"https:\/\/progettotouring.it\/radiotouring104\/2023\/06\/23\/coldiretti-borrello-si-congratula-col-nuovo-rettore-ugm-cuda\/","og_locale":"it_IT","og_type":"article","og_title":"Coldiretti, Borrello si congratula col nuovo Rettore UGM Cuda","og_description":"\"Le mie congratulazioni al prof. Cuda per l'elezione a Rettore dell'Universit\u00e0 degli Studi Magna Graecia di Catanzaro\u201d, dichiara Borrello","og_url":"https:\/\/progettotouring.it\/radiotouring104\/2023\/06\/23\/coldiretti-borrello-si-congratula-col-nuovo-rettore-ugm-cuda\/","og_site_name":"Radio Touring 104","article_published_time":"2023-06-23T10:29:47+00:00","article_modified_time":"2023-06-23T10:33:14+00:00","og_image":[{"width":1400,"height":1400,"url":"https:\/\/progettotouring.it\/radiotouring104\/wp-content\/uploads\/sites\/6\/2023\/01\/coldiretti-calabria.jpg","type":"image\/jpeg"}],"author":"Sebastiano Plutino","twitter_card":"summary_large_image","twitter_misc":{"Scritto da":"Sebastiano Plutino","Tempo di lettura stimato":"1 minuto"},"schema":{"@context":"https:\/\/schema.org","@graph":[{"@type":"Article","@id":"https:\/\/progettotouring.it\/radiotouring104\/2023\/06\/23\/coldiretti-borrello-si-congratula-col-nuovo-rettore-ugm-cuda\/#article","isPartOf":{"@id":"https:\/\/progettotouring.it\/radiotouring104\/2023\/06\/23\/coldiretti-borrello-si-congratula-col-nuovo-rettore-ugm-cuda\/"},"author":{"name":"Sebastiano Plutino","@id":"https:\/\/progettotouring.it\/radiotouring104\/#\/schema\/person\/78613917f1851f041f7483f5af1d422e"},"headline":"Coldiretti, Borrello si congratula col nuovo Rettore UGM Cuda","datePublished":"2023-06-23T10:29:47+00:00","dateModified":"2023-06-23T10:33:14+00:00","mainEntityOfPage":{"@id":"https:\/\/progettotouring.it\/radiotouring104\/2023\/06\/23\/coldiretti-borrello-si-congratula-col-nuovo-rettore-ugm-cuda\/"},"wordCount":273,"publisher":{"@id":"https:\/\/progettotouring.it\/radiotouring104\/#organization"},"image":{"@id":"https:\/\/progettotouring.it\/radiotouring104\/2023\/06\/23\/coldiretti-borrello-si-congratula-col-nuovo-rettore-ugm-cuda\/#primaryimage"},"thumbnailUrl":"https:\/\/progettotouring.it\/radiotouring104\/wp-content\/uploads\/sites\/6\/2023\/01\/coldiretti-calabria.jpg","keywords":["Coldiretti Interprovinciale di Catanzaro-Crotone-Vibo","Fabio Borrello","Giovanni Cuda","Universit\u00e0 degli studi Magna Graecia di Catanzaro"],"articleSection":["Calabria","Home","News"],"inLanguage":"it-IT"},{"@type":"WebPage","@id":"https:\/\/progettotouring.it\/radiotouring104\/2023\/06\/23\/coldiretti-borrello-si-congratula-col-nuovo-rettore-ugm-cuda\/","url":"https:\/\/progettotouring.it\/radiotouring104\/2023\/06\/23\/coldiretti-borrello-si-congratula-col-nuovo-rettore-ugm-cuda\/","name":"Coldiretti, Borrello si congratula col nuovo Rettore UGM Cuda","isPartOf":{"@id":"https:\/\/progettotouring.it\/radiotouring104\/#website"},"primaryImageOfPage":{"@id":"https:\/\/progettotouring.it\/radiotouring104\/2023\/06\/23\/coldiretti-borrello-si-congratula-col-nuovo-rettore-ugm-cuda\/#primaryimage"},"image":{"@id":"https:\/\/progettotouring.it\/radiotouring104\/2023\/06\/23\/coldiretti-borrello-si-congratula-col-nuovo-rettore-ugm-cuda\/#primaryimage"},"thumbnailUrl":"https:\/\/progettotouring.it\/radiotouring104\/wp-content\/uploads\/sites\/6\/2023\/01\/coldiretti-calabria.jpg","datePublished":"2023-06-23T10:29:47+00:00","dateModified":"2023-06-23T10:33:14+00:00","description":"\"Le mie congratulazioni al prof. Cuda per l'elezione a Rettore dell'Universit\u00e0 degli Studi Magna Graecia di Catanzaro\u201d, dichiara Borrello","breadcrumb":{"@id":"https:\/\/progettotouring.it\/radiotouring104\/2023\/06\/23\/coldiretti-borrello-si-congratula-col-nuovo-rettore-ugm-cuda\/#breadcrumb"},"inLanguage":"it-IT","potentialAction":[{"@type":"ReadAction","target":["https:\/\/progettotouring.it\/radiotouring104\/2023\/06\/23\/coldiretti-borrello-si-congratula-col-nuovo-rettore-ugm-cuda\/"]}]},{"@type":"ImageObject","inLanguage":"it-IT","@id":"https:\/\/progettotouring.it\/radiotouring104\/2023\/06\/23\/coldiretti-borrello-si-congratula-col-nuovo-rettore-ugm-cuda\/#primaryimage","url":"https:\/\/progettotouring.it\/radiotouring104\/wp-content\/uploads\/sites\/6\/2023\/01\/coldiretti-calabria.jpg","contentUrl":"https:\/\/progettotouring.it\/radiotouring104\/wp-content\/uploads\/sites\/6\/2023\/01\/coldiretti-calabria.jpg","width":1400,"height":1400},{"@type":"BreadcrumbList","@id":"https:\/\/progettotouring.it\/radiotouring104\/2023\/06\/23\/coldiretti-borrello-si-congratula-col-nuovo-rettore-ugm-cuda\/#breadcrumb","itemListElement":[{"@type":"ListItem","position":1,"name":"Home","item":"https:\/\/progettotouring.it\/radiotouring104\/"},{"@type":"ListItem","position":2,"name":"Coldiretti, Borrello si congratula col nuovo Rettore UGM Cuda"}]},{"@type":"WebSite","@id":"https:\/\/progettotouring.it\/radiotouring104\/#website","url":"https:\/\/progettotouring.it\/radiotouring104\/","name":"Radio Touring 104","description":"La prima radio Reggina","publisher":{"@id":"https:\/\/progettotouring.it\/radiotouring104\/#organization"},"potentialAction":[{"@type":"SearchAction","target":{"@type":"EntryPoint","urlTemplate":"https:\/\/progettotouring.it\/radiotouring104\/?s={search_term_string}"},"query-input":{"@type":"PropertyValueSpecification","valueRequired":true,"valueName":"search_term_string"}}],"inLanguage":"it-IT"},{"@type":"Organization","@id":"https:\/\/progettotouring.it\/radiotouring104\/#organization","name":"Radio Touring 104","url":"https:\/\/progettotouring.it\/radiotouring104\/","logo":{"@type":"ImageObject","inLanguage":"it-IT","@id":"https:\/\/progettotouring.it\/radiotouring104\/#\/schema\/logo\/image\/","url":"https:\/\/progettotouring.it\/radiotouring104\/wp-content\/uploads\/sites\/6\/2022\/02\/cropped-logo-radio-touring-104.png","contentUrl":"https:\/\/progettotouring.it\/radiotouring104\/wp-content\/uploads\/sites\/6\/2022\/02\/cropped-logo-radio-touring-104.png","width":377,"height":182,"caption":"Radio Touring 104"},"image":{"@id":"https:\/\/progettotouring.it\/radiotouring104\/#\/schema\/logo\/image\/"}},{"@type":"Person","@id":"https:\/\/progettotouring.it\/radiotouring104\/#\/schema\/person\/78613917f1851f041f7483f5af1d422e","name":"Sebastiano Plutino","image":{"@type":"ImageObject","inLanguage":"it-IT","@id":"https:\/\/secure.gravatar.com\/avatar\/0546ffaa9b79224faf9f2a156b67a529ae861d3287c66c1d8ccfdf909bcba78d?s=96&d=mm&r=g","url":"https:\/\/secure.gravatar.com\/avatar\/0546ffaa9b79224faf9f2a156b67a529ae861d3287c66c1d8ccfdf909bcba78d?s=96&d=mm&r=g","contentUrl":"https:\/\/secure.gravatar.com\/avatar\/0546ffaa9b79224faf9f2a156b67a529ae861d3287c66c1d8ccfdf909bcba78d?s=96&d=mm&r=g","caption":"Sebastiano Plutino"},"url":"https:\/\/progettotouring.it\/radiotouring104\/author\/sebastiano\/"}]}},"jetpack_publicize_connections":[],"jetpack_featured_media_url":"https:\/\/progettotouring.it\/radiotouring104\/wp-content\/uploads\/sites\/6\/2023\/01\/coldiretti-calabria.jpg","jetpack_sharing_enabled":true,"_links":{"self":[{"href":"https:\/\/progettotouring.it\/radiotouring104\/wp-json\/wp\/v2\/posts\/28762","targetHints":{"allow":["GET"]}}],"collection":[{"href":"https:\/\/progettotouring.it\/radiotouring104\/wp-json\/wp\/v2\/posts"}],"about":[{"href":"https:\/\/progettotouring.it\/radiotouring104\/wp-json\/wp\/v2\/types\/post"}],"author":[{"embeddable":true,"href":"https:\/\/progettotouring.it\/radiotouring104\/wp-json\/wp\/v2\/users\/12"}],"replies":[{"embeddable":true,"href":"https:\/\/progettotouring.it\/radiotouring104\/wp-json\/wp\/v2\/comments?post=28762"}],"version-history":[{"count":1,"href":"https:\/\/progettotouring.it\/radiotouring104\/wp-json\/wp\/v2\/posts\/28762\/revisions"}],"predecessor-version":[{"id":28763,"href":"https:\/\/progettotouring.it\/radiotouring104\/wp-json\/wp\/v2\/posts\/28762\/revisions\/28763"}],"wp:featuredmedia":[{"embeddable":true,"href":"https:\/\/progettotouring.it\/radiotouring104\/wp-json\/wp\/v2\/media\/17125"}],"wp:attachment":[{"href":"https:\/\/progettotouring.it\/radiotouring104\/wp-json\/wp\/v2\/media?parent=28762"}],"wp:term":[{"taxonomy":"category","embeddable":true,"href":"https:\/\/progettotouring.it\/radiotouring104\/wp-json\/wp\/v2\/categories?post=28762"},{"taxonomy":"post_tag","embeddable":true,"href":"https:\/\/progettotouring.it\/radiotouring104\/wp-json\/wp\/v2\/tags?post=28762"}],"curies":[{"name":"wp","href":"https:\/\/api.w.org\/{rel}","templated":true}]}}