{"id":28764,"date":"2023-06-23T12:41:23","date_gmt":"2023-06-23T10:41:23","guid":{"rendered":"https:\/\/progettotouring.it\/radiotouring104\/?p=28764"},"modified":"2023-06-23T12:41:23","modified_gmt":"2023-06-23T10:41:23","slug":"reggio-nuovo-spazio-culturale-grazie-a-mana-chuma-teatro","status":"publish","type":"post","link":"https:\/\/progettotouring.it\/radiotouring104\/2023\/06\/23\/reggio-nuovo-spazio-culturale-grazie-a-mana-chuma-teatro\/","title":{"rendered":"Reggio, nuovo spazio culturale grazie a Mana Chuma Teatro"},"content":{"rendered":"<p style=\"text-align: justify\">Ormai \u00e8 ufficiale. Con i seminari tenuti in questi giorni \u00e8 stato avviato l\u2019atteso percorso di recupero dello <strong>spazio Jardin<\/strong>, una ex sala per ricevimenti attiva per molti anni nel quartiere di <strong>Catona<\/strong>. Abbandonata da tempo, la sala e i suoi spazi annessi sono stati affidati in comodato d\u2019uso dalla propriet\u00e0, la famiglia Votano, alla compagnia <strong>Mana Chuma Teatro<\/strong> che, assieme a una serie di altri partner, associazioni ed enti, la far\u00e0 rivivere in una dimensione sociale, culturale ed educativa.<\/p>\n<p style=\"text-align: justify\">\n<p style=\"text-align: justify\">L\u2019obiettivo \u00e8 di creare uno spazio culturale ibrido in uno dei quartieri periferici pi\u00f9 popolosi e, per certi aspetti, difficili della citt\u00e0 di Reggio Calabria.<\/p>\n<p style=\"text-align: justify\">\u201cPer spazio culturale ibrido si intende un luogo in cui l\u2019arte e la cultura aprano le porte ad altre attivit\u00e0 parallele ma non meno importanti come la formazione, l\u2019innovazione sociale, oltre ai servizi complementari come il bar, la biblioteca e l\u2019archivio\u201d, dice <strong>Massimo Barilla<\/strong>, drammaturgo e direttore di Mana Chuma Teatro.<\/p>\n<p style=\"text-align: justify\">\n<p style=\"text-align: justify\">Si \u00e8 partiti negli scorsi giorni con una serie di seminari organizzati nell\u2019ambito di <strong>\u201cJardin. Hub di comunit\u00e0 per l\u2019innovazione sociale e culturale\u201d<\/strong>, sostenuto dall\u2019Avviso \u201cReggio Resiliente\u201d (PON Metro Citt\u00e0 di Reggio Calabria), progetto di Mana Chuma Teatro in ATS con la cooperativa sociale MAG delle Calabrie.<\/p>\n<p style=\"text-align: justify\">\n<p style=\"text-align: justify\">\u201cInnovazione del purpose. Definizione dell\u2019identit\u00e0 e del design dello spazio\u201d, \u201cJardin. Governance e sostenibilit\u00e0 dello spazio\u201d, \u201cJardin e gli altri. I luoghi di rigenerazione\u201d: questi i temi dei seminari tenuti presso La Fattoria Urbana, sempre a Catona.<\/p>\n<p style=\"text-align: justify\">Durante la mattina gli organizzatori si sono incontrati per discutere e riflettere sui possibili\u00a0 percorsi da intraprendere allo spazio Jardin, mentre il pomeriggio si sono svolti dei meeting con associazioni, cittadini e istituzioni locali in un confronto aperto per identificare i bisogni specifici del territorio.<\/p>\n<p style=\"text-align: justify\">\n<p style=\"text-align: justify\"><em>\u201cPer noi \u00e8 fondamentale che l\u2019apertura dello spazio coincida con l\u2019avvio di un processo condiviso con le persone che vivono il quartiere, senza la cui presenza e partecipazione attiva il nostro progetto non avrebbe senso. Siamo qui per raccogliere le istanze e comprendere le esigenze della comunit\u00e0 locale e lavorare insieme\u201d<\/em>,<strong> ha affermato Massimo Barilla.\u00a0<\/strong><\/p>\n<p style=\"text-align: justify\">\n<p style=\"text-align: justify\">Parallelamente ai seminari, Mana Chuma Teatro ha organizzato due interessanti laboratori aperti a tutti, in particolare a chi si occupa di giornalismo e comunicazione. Nella giornata di marted\u00ec 20 si \u00e8 tenuto \u201cGiornalismo e gamification. Gli spazi dell\u2019interazione\u201d, a cura di Claudio Calveri, Luigi Polimeni, Lorenza Fruci, mentre domani <strong>sabato 24 giugno<\/strong> (dalle ore 15 alle 18) sar\u00e0 il giornalista reggino <strong>Gianfrancesco Turano<\/strong>, firma di punta del settimanale <strong>\u201cL\u2019Espresso\u201d<\/strong>, a tenere <strong>\u201cStoria e narrazione. Tra giornalismo e letteratura\u201d<\/strong>, un laboratorio dedicato alla valore della memoria e a come si possano ibridare giornalismo e letteratura. Esattamente come ha fatto lui nei suoi romanzi \u201cContrada Armac\u00e0\u201d (Chiarelettere, 2013) e \u201cSalutiamo, amico\u201d (Giunti, 2020).<\/p>\n<p style=\"text-align: justify\">\n","protected":false},"excerpt":{"rendered":"<p>Ormai \u00e8 ufficiale. Con i seminari tenuti in questi giorni \u00e8 stato avviato l\u2019atteso percorso di recupero dello spazio Jardin, una ex sala per ricevimenti attiva per molti anni nel&hellip;<\/p>\n","protected":false},"author":12,"featured_media":28765,"comment_status":"closed","ping_status":"open","sticky":false,"template":"","format":"standard","meta":{"_jetpack_memberships_contains_paid_content":false,"footnotes":"","jetpack_publicize_message":"","jetpack_publicize_feature_enabled":true,"jetpack_social_post_already_shared":false,"jetpack_social_options":{"image_generator_settings":{"template":"highway","default_image_id":0,"font":"","enabled":false},"version":2}},"categories":[921,196,140],"tags":[2256,2975,17605,17606,17607,4425,655,14112],"class_list":["post-28764","post","type-post","status-publish","format-standard","has-post-thumbnail","hentry","category-home","category-news","category-reggio-calabria","tag-catona","tag-gianfrancesco-turano","tag-jardin","tag-lambito-di-jardin-hub-di-comunita-per-linnovazione-sociale-e-culturale","tag-la-fattoria-urbana","tag-mana-chuma-teatro","tag-massimo-barilla","tag-reggio-resiliente"],"yoast_head":"<!-- This site is optimized with the Yoast SEO plugin v27.2 - https:\/\/yoast.com\/product\/yoast-seo-wordpress\/ -->\n<title>Reggio, nuovo spazio culturale grazie a Mana Chuma Teatro<\/title>\n<meta name=\"description\" content=\"Mana Chuma Teatro, assieme ad altri partner, ha avviato il recupero di Jardin, ex sala per ricevimenti attiva nel quartiere di Catona\" \/>\n<meta name=\"robots\" content=\"index, follow, max-snippet:-1, max-image-preview:large, max-video-preview:-1\" \/>\n<link rel=\"canonical\" href=\"https:\/\/progettotouring.it\/radiotouring104\/2023\/06\/23\/reggio-nuovo-spazio-culturale-grazie-a-mana-chuma-teatro\/\" \/>\n<meta property=\"og:locale\" content=\"it_IT\" \/>\n<meta property=\"og:type\" content=\"article\" \/>\n<meta property=\"og:title\" content=\"Reggio, nuovo spazio culturale grazie a Mana Chuma Teatro\" \/>\n<meta property=\"og:description\" content=\"Mana Chuma Teatro, assieme ad altri partner, ha avviato il recupero di Jardin, ex sala per ricevimenti attiva nel quartiere di Catona\" \/>\n<meta property=\"og:url\" content=\"https:\/\/progettotouring.it\/radiotouring104\/2023\/06\/23\/reggio-nuovo-spazio-culturale-grazie-a-mana-chuma-teatro\/\" \/>\n<meta property=\"og:site_name\" content=\"Radio Touring 104\" \/>\n<meta property=\"article:published_time\" content=\"2023-06-23T10:41:23+00:00\" \/>\n<meta property=\"og:image\" content=\"https:\/\/progettotouring.it\/radiotouring104\/wp-content\/uploads\/sites\/6\/2023\/06\/MANACHUMA-Spazio-Jardin.jpg\" \/>\n\t<meta property=\"og:image:width\" content=\"1046\" \/>\n\t<meta property=\"og:image:height\" content=\"1307\" \/>\n\t<meta property=\"og:image:type\" content=\"image\/jpeg\" \/>\n<meta name=\"author\" content=\"Sebastiano Plutino\" \/>\n<meta name=\"twitter:card\" content=\"summary_large_image\" \/>\n<meta name=\"twitter:label1\" content=\"Scritto da\" \/>\n\t<meta name=\"twitter:data1\" content=\"Sebastiano Plutino\" \/>\n\t<meta name=\"twitter:label2\" content=\"Tempo di lettura stimato\" \/>\n\t<meta name=\"twitter:data2\" content=\"2 minuti\" \/>\n<script type=\"application\/ld+json\" class=\"yoast-schema-graph\">{\"@context\":\"https:\/\/schema.org\",\"@graph\":[{\"@type\":\"Article\",\"@id\":\"https:\/\/progettotouring.it\/radiotouring104\/2023\/06\/23\/reggio-nuovo-spazio-culturale-grazie-a-mana-chuma-teatro\/#article\",\"isPartOf\":{\"@id\":\"https:\/\/progettotouring.it\/radiotouring104\/2023\/06\/23\/reggio-nuovo-spazio-culturale-grazie-a-mana-chuma-teatro\/\"},\"author\":{\"name\":\"Sebastiano Plutino\",\"@id\":\"https:\/\/progettotouring.it\/radiotouring104\/#\/schema\/person\/78613917f1851f041f7483f5af1d422e\"},\"headline\":\"Reggio, nuovo spazio culturale grazie a Mana Chuma Teatro\",\"datePublished\":\"2023-06-23T10:41:23+00:00\",\"mainEntityOfPage\":{\"@id\":\"https:\/\/progettotouring.it\/radiotouring104\/2023\/06\/23\/reggio-nuovo-spazio-culturale-grazie-a-mana-chuma-teatro\/\"},\"wordCount\":462,\"publisher\":{\"@id\":\"https:\/\/progettotouring.it\/radiotouring104\/#organization\"},\"image\":{\"@id\":\"https:\/\/progettotouring.it\/radiotouring104\/2023\/06\/23\/reggio-nuovo-spazio-culturale-grazie-a-mana-chuma-teatro\/#primaryimage\"},\"thumbnailUrl\":\"https:\/\/progettotouring.it\/radiotouring104\/wp-content\/uploads\/sites\/6\/2023\/06\/MANACHUMA-Spazio-Jardin.jpg\",\"keywords\":[\"catona\",\"gianfrancesco turano\",\"Jardin\",\"l\u2019ambito di \u201cJardin. Hub di comunit\u00e0 per l\u2019innovazione sociale e culturale\u201d\",\"La Fattoria Urbana\",\"mana chuma teatro\",\"Massimo Barilla\",\"reggio resiliente\"],\"articleSection\":[\"Home\",\"News\",\"Reggio Calabria\"],\"inLanguage\":\"it-IT\"},{\"@type\":\"WebPage\",\"@id\":\"https:\/\/progettotouring.it\/radiotouring104\/2023\/06\/23\/reggio-nuovo-spazio-culturale-grazie-a-mana-chuma-teatro\/\",\"url\":\"https:\/\/progettotouring.it\/radiotouring104\/2023\/06\/23\/reggio-nuovo-spazio-culturale-grazie-a-mana-chuma-teatro\/\",\"name\":\"Reggio, nuovo spazio culturale grazie a Mana Chuma Teatro\",\"isPartOf\":{\"@id\":\"https:\/\/progettotouring.it\/radiotouring104\/#website\"},\"primaryImageOfPage\":{\"@id\":\"https:\/\/progettotouring.it\/radiotouring104\/2023\/06\/23\/reggio-nuovo-spazio-culturale-grazie-a-mana-chuma-teatro\/#primaryimage\"},\"image\":{\"@id\":\"https:\/\/progettotouring.it\/radiotouring104\/2023\/06\/23\/reggio-nuovo-spazio-culturale-grazie-a-mana-chuma-teatro\/#primaryimage\"},\"thumbnailUrl\":\"https:\/\/progettotouring.it\/radiotouring104\/wp-content\/uploads\/sites\/6\/2023\/06\/MANACHUMA-Spazio-Jardin.jpg\",\"datePublished\":\"2023-06-23T10:41:23+00:00\",\"description\":\"Mana Chuma Teatro, assieme ad altri partner, ha avviato il recupero di Jardin, ex sala per ricevimenti attiva nel quartiere di Catona\",\"breadcrumb\":{\"@id\":\"https:\/\/progettotouring.it\/radiotouring104\/2023\/06\/23\/reggio-nuovo-spazio-culturale-grazie-a-mana-chuma-teatro\/#breadcrumb\"},\"inLanguage\":\"it-IT\",\"potentialAction\":[{\"@type\":\"ReadAction\",\"target\":[\"https:\/\/progettotouring.it\/radiotouring104\/2023\/06\/23\/reggio-nuovo-spazio-culturale-grazie-a-mana-chuma-teatro\/\"]}]},{\"@type\":\"ImageObject\",\"inLanguage\":\"it-IT\",\"@id\":\"https:\/\/progettotouring.it\/radiotouring104\/2023\/06\/23\/reggio-nuovo-spazio-culturale-grazie-a-mana-chuma-teatro\/#primaryimage\",\"url\":\"https:\/\/progettotouring.it\/radiotouring104\/wp-content\/uploads\/sites\/6\/2023\/06\/MANACHUMA-Spazio-Jardin.jpg\",\"contentUrl\":\"https:\/\/progettotouring.it\/radiotouring104\/wp-content\/uploads\/sites\/6\/2023\/06\/MANACHUMA-Spazio-Jardin.jpg\",\"width\":1046,\"height\":1307},{\"@type\":\"BreadcrumbList\",\"@id\":\"https:\/\/progettotouring.it\/radiotouring104\/2023\/06\/23\/reggio-nuovo-spazio-culturale-grazie-a-mana-chuma-teatro\/#breadcrumb\",\"itemListElement\":[{\"@type\":\"ListItem\",\"position\":1,\"name\":\"Home\",\"item\":\"https:\/\/progettotouring.it\/radiotouring104\/\"},{\"@type\":\"ListItem\",\"position\":2,\"name\":\"Reggio, nuovo spazio culturale grazie a Mana Chuma Teatro\"}]},{\"@type\":\"WebSite\",\"@id\":\"https:\/\/progettotouring.it\/radiotouring104\/#website\",\"url\":\"https:\/\/progettotouring.it\/radiotouring104\/\",\"name\":\"Radio Touring 104\",\"description\":\"La prima radio Reggina\",\"publisher\":{\"@id\":\"https:\/\/progettotouring.it\/radiotouring104\/#organization\"},\"potentialAction\":[{\"@type\":\"SearchAction\",\"target\":{\"@type\":\"EntryPoint\",\"urlTemplate\":\"https:\/\/progettotouring.it\/radiotouring104\/?s={search_term_string}\"},\"query-input\":{\"@type\":\"PropertyValueSpecification\",\"valueRequired\":true,\"valueName\":\"search_term_string\"}}],\"inLanguage\":\"it-IT\"},{\"@type\":\"Organization\",\"@id\":\"https:\/\/progettotouring.it\/radiotouring104\/#organization\",\"name\":\"Radio Touring 104\",\"url\":\"https:\/\/progettotouring.it\/radiotouring104\/\",\"logo\":{\"@type\":\"ImageObject\",\"inLanguage\":\"it-IT\",\"@id\":\"https:\/\/progettotouring.it\/radiotouring104\/#\/schema\/logo\/image\/\",\"url\":\"https:\/\/progettotouring.it\/radiotouring104\/wp-content\/uploads\/sites\/6\/2022\/02\/cropped-logo-radio-touring-104.png\",\"contentUrl\":\"https:\/\/progettotouring.it\/radiotouring104\/wp-content\/uploads\/sites\/6\/2022\/02\/cropped-logo-radio-touring-104.png\",\"width\":377,\"height\":182,\"caption\":\"Radio Touring 104\"},\"image\":{\"@id\":\"https:\/\/progettotouring.it\/radiotouring104\/#\/schema\/logo\/image\/\"}},{\"@type\":\"Person\",\"@id\":\"https:\/\/progettotouring.it\/radiotouring104\/#\/schema\/person\/78613917f1851f041f7483f5af1d422e\",\"name\":\"Sebastiano Plutino\",\"image\":{\"@type\":\"ImageObject\",\"inLanguage\":\"it-IT\",\"@id\":\"https:\/\/secure.gravatar.com\/avatar\/0546ffaa9b79224faf9f2a156b67a529ae861d3287c66c1d8ccfdf909bcba78d?s=96&d=mm&r=g\",\"url\":\"https:\/\/secure.gravatar.com\/avatar\/0546ffaa9b79224faf9f2a156b67a529ae861d3287c66c1d8ccfdf909bcba78d?s=96&d=mm&r=g\",\"contentUrl\":\"https:\/\/secure.gravatar.com\/avatar\/0546ffaa9b79224faf9f2a156b67a529ae861d3287c66c1d8ccfdf909bcba78d?s=96&d=mm&r=g\",\"caption\":\"Sebastiano Plutino\"},\"url\":\"https:\/\/progettotouring.it\/radiotouring104\/author\/sebastiano\/\"}]}<\/script>\n<!-- \/ Yoast SEO plugin. -->","yoast_head_json":{"title":"Reggio, nuovo spazio culturale grazie a Mana Chuma Teatro","description":"Mana Chuma Teatro, assieme ad altri partner, ha avviato il recupero di Jardin, ex sala per ricevimenti attiva nel quartiere di Catona","robots":{"index":"index","follow":"follow","max-snippet":"max-snippet:-1","max-image-preview":"max-image-preview:large","max-video-preview":"max-video-preview:-1"},"canonical":"https:\/\/progettotouring.it\/radiotouring104\/2023\/06\/23\/reggio-nuovo-spazio-culturale-grazie-a-mana-chuma-teatro\/","og_locale":"it_IT","og_type":"article","og_title":"Reggio, nuovo spazio culturale grazie a Mana Chuma Teatro","og_description":"Mana Chuma Teatro, assieme ad altri partner, ha avviato il recupero di Jardin, ex sala per ricevimenti attiva nel quartiere di Catona","og_url":"https:\/\/progettotouring.it\/radiotouring104\/2023\/06\/23\/reggio-nuovo-spazio-culturale-grazie-a-mana-chuma-teatro\/","og_site_name":"Radio Touring 104","article_published_time":"2023-06-23T10:41:23+00:00","og_image":[{"width":1046,"height":1307,"url":"https:\/\/progettotouring.it\/radiotouring104\/wp-content\/uploads\/sites\/6\/2023\/06\/MANACHUMA-Spazio-Jardin.jpg","type":"image\/jpeg"}],"author":"Sebastiano Plutino","twitter_card":"summary_large_image","twitter_misc":{"Scritto da":"Sebastiano Plutino","Tempo di lettura stimato":"2 minuti"},"schema":{"@context":"https:\/\/schema.org","@graph":[{"@type":"Article","@id":"https:\/\/progettotouring.it\/radiotouring104\/2023\/06\/23\/reggio-nuovo-spazio-culturale-grazie-a-mana-chuma-teatro\/#article","isPartOf":{"@id":"https:\/\/progettotouring.it\/radiotouring104\/2023\/06\/23\/reggio-nuovo-spazio-culturale-grazie-a-mana-chuma-teatro\/"},"author":{"name":"Sebastiano Plutino","@id":"https:\/\/progettotouring.it\/radiotouring104\/#\/schema\/person\/78613917f1851f041f7483f5af1d422e"},"headline":"Reggio, nuovo spazio culturale grazie a Mana Chuma Teatro","datePublished":"2023-06-23T10:41:23+00:00","mainEntityOfPage":{"@id":"https:\/\/progettotouring.it\/radiotouring104\/2023\/06\/23\/reggio-nuovo-spazio-culturale-grazie-a-mana-chuma-teatro\/"},"wordCount":462,"publisher":{"@id":"https:\/\/progettotouring.it\/radiotouring104\/#organization"},"image":{"@id":"https:\/\/progettotouring.it\/radiotouring104\/2023\/06\/23\/reggio-nuovo-spazio-culturale-grazie-a-mana-chuma-teatro\/#primaryimage"},"thumbnailUrl":"https:\/\/progettotouring.it\/radiotouring104\/wp-content\/uploads\/sites\/6\/2023\/06\/MANACHUMA-Spazio-Jardin.jpg","keywords":["catona","gianfrancesco turano","Jardin","l\u2019ambito di \u201cJardin. Hub di comunit\u00e0 per l\u2019innovazione sociale e culturale\u201d","La Fattoria Urbana","mana chuma teatro","Massimo Barilla","reggio resiliente"],"articleSection":["Home","News","Reggio Calabria"],"inLanguage":"it-IT"},{"@type":"WebPage","@id":"https:\/\/progettotouring.it\/radiotouring104\/2023\/06\/23\/reggio-nuovo-spazio-culturale-grazie-a-mana-chuma-teatro\/","url":"https:\/\/progettotouring.it\/radiotouring104\/2023\/06\/23\/reggio-nuovo-spazio-culturale-grazie-a-mana-chuma-teatro\/","name":"Reggio, nuovo spazio culturale grazie a Mana Chuma Teatro","isPartOf":{"@id":"https:\/\/progettotouring.it\/radiotouring104\/#website"},"primaryImageOfPage":{"@id":"https:\/\/progettotouring.it\/radiotouring104\/2023\/06\/23\/reggio-nuovo-spazio-culturale-grazie-a-mana-chuma-teatro\/#primaryimage"},"image":{"@id":"https:\/\/progettotouring.it\/radiotouring104\/2023\/06\/23\/reggio-nuovo-spazio-culturale-grazie-a-mana-chuma-teatro\/#primaryimage"},"thumbnailUrl":"https:\/\/progettotouring.it\/radiotouring104\/wp-content\/uploads\/sites\/6\/2023\/06\/MANACHUMA-Spazio-Jardin.jpg","datePublished":"2023-06-23T10:41:23+00:00","description":"Mana Chuma Teatro, assieme ad altri partner, ha avviato il recupero di Jardin, ex sala per ricevimenti attiva nel quartiere di Catona","breadcrumb":{"@id":"https:\/\/progettotouring.it\/radiotouring104\/2023\/06\/23\/reggio-nuovo-spazio-culturale-grazie-a-mana-chuma-teatro\/#breadcrumb"},"inLanguage":"it-IT","potentialAction":[{"@type":"ReadAction","target":["https:\/\/progettotouring.it\/radiotouring104\/2023\/06\/23\/reggio-nuovo-spazio-culturale-grazie-a-mana-chuma-teatro\/"]}]},{"@type":"ImageObject","inLanguage":"it-IT","@id":"https:\/\/progettotouring.it\/radiotouring104\/2023\/06\/23\/reggio-nuovo-spazio-culturale-grazie-a-mana-chuma-teatro\/#primaryimage","url":"https:\/\/progettotouring.it\/radiotouring104\/wp-content\/uploads\/sites\/6\/2023\/06\/MANACHUMA-Spazio-Jardin.jpg","contentUrl":"https:\/\/progettotouring.it\/radiotouring104\/wp-content\/uploads\/sites\/6\/2023\/06\/MANACHUMA-Spazio-Jardin.jpg","width":1046,"height":1307},{"@type":"BreadcrumbList","@id":"https:\/\/progettotouring.it\/radiotouring104\/2023\/06\/23\/reggio-nuovo-spazio-culturale-grazie-a-mana-chuma-teatro\/#breadcrumb","itemListElement":[{"@type":"ListItem","position":1,"name":"Home","item":"https:\/\/progettotouring.it\/radiotouring104\/"},{"@type":"ListItem","position":2,"name":"Reggio, nuovo spazio culturale grazie a Mana Chuma Teatro"}]},{"@type":"WebSite","@id":"https:\/\/progettotouring.it\/radiotouring104\/#website","url":"https:\/\/progettotouring.it\/radiotouring104\/","name":"Radio Touring 104","description":"La prima radio Reggina","publisher":{"@id":"https:\/\/progettotouring.it\/radiotouring104\/#organization"},"potentialAction":[{"@type":"SearchAction","target":{"@type":"EntryPoint","urlTemplate":"https:\/\/progettotouring.it\/radiotouring104\/?s={search_term_string}"},"query-input":{"@type":"PropertyValueSpecification","valueRequired":true,"valueName":"search_term_string"}}],"inLanguage":"it-IT"},{"@type":"Organization","@id":"https:\/\/progettotouring.it\/radiotouring104\/#organization","name":"Radio Touring 104","url":"https:\/\/progettotouring.it\/radiotouring104\/","logo":{"@type":"ImageObject","inLanguage":"it-IT","@id":"https:\/\/progettotouring.it\/radiotouring104\/#\/schema\/logo\/image\/","url":"https:\/\/progettotouring.it\/radiotouring104\/wp-content\/uploads\/sites\/6\/2022\/02\/cropped-logo-radio-touring-104.png","contentUrl":"https:\/\/progettotouring.it\/radiotouring104\/wp-content\/uploads\/sites\/6\/2022\/02\/cropped-logo-radio-touring-104.png","width":377,"height":182,"caption":"Radio Touring 104"},"image":{"@id":"https:\/\/progettotouring.it\/radiotouring104\/#\/schema\/logo\/image\/"}},{"@type":"Person","@id":"https:\/\/progettotouring.it\/radiotouring104\/#\/schema\/person\/78613917f1851f041f7483f5af1d422e","name":"Sebastiano Plutino","image":{"@type":"ImageObject","inLanguage":"it-IT","@id":"https:\/\/secure.gravatar.com\/avatar\/0546ffaa9b79224faf9f2a156b67a529ae861d3287c66c1d8ccfdf909bcba78d?s=96&d=mm&r=g","url":"https:\/\/secure.gravatar.com\/avatar\/0546ffaa9b79224faf9f2a156b67a529ae861d3287c66c1d8ccfdf909bcba78d?s=96&d=mm&r=g","contentUrl":"https:\/\/secure.gravatar.com\/avatar\/0546ffaa9b79224faf9f2a156b67a529ae861d3287c66c1d8ccfdf909bcba78d?s=96&d=mm&r=g","caption":"Sebastiano Plutino"},"url":"https:\/\/progettotouring.it\/radiotouring104\/author\/sebastiano\/"}]}},"jetpack_publicize_connections":[],"jetpack_featured_media_url":"https:\/\/progettotouring.it\/radiotouring104\/wp-content\/uploads\/sites\/6\/2023\/06\/MANACHUMA-Spazio-Jardin.jpg","jetpack_sharing_enabled":true,"_links":{"self":[{"href":"https:\/\/progettotouring.it\/radiotouring104\/wp-json\/wp\/v2\/posts\/28764","targetHints":{"allow":["GET"]}}],"collection":[{"href":"https:\/\/progettotouring.it\/radiotouring104\/wp-json\/wp\/v2\/posts"}],"about":[{"href":"https:\/\/progettotouring.it\/radiotouring104\/wp-json\/wp\/v2\/types\/post"}],"author":[{"embeddable":true,"href":"https:\/\/progettotouring.it\/radiotouring104\/wp-json\/wp\/v2\/users\/12"}],"replies":[{"embeddable":true,"href":"https:\/\/progettotouring.it\/radiotouring104\/wp-json\/wp\/v2\/comments?post=28764"}],"version-history":[{"count":1,"href":"https:\/\/progettotouring.it\/radiotouring104\/wp-json\/wp\/v2\/posts\/28764\/revisions"}],"predecessor-version":[{"id":28766,"href":"https:\/\/progettotouring.it\/radiotouring104\/wp-json\/wp\/v2\/posts\/28764\/revisions\/28766"}],"wp:featuredmedia":[{"embeddable":true,"href":"https:\/\/progettotouring.it\/radiotouring104\/wp-json\/wp\/v2\/media\/28765"}],"wp:attachment":[{"href":"https:\/\/progettotouring.it\/radiotouring104\/wp-json\/wp\/v2\/media?parent=28764"}],"wp:term":[{"taxonomy":"category","embeddable":true,"href":"https:\/\/progettotouring.it\/radiotouring104\/wp-json\/wp\/v2\/categories?post=28764"},{"taxonomy":"post_tag","embeddable":true,"href":"https:\/\/progettotouring.it\/radiotouring104\/wp-json\/wp\/v2\/tags?post=28764"}],"curies":[{"name":"wp","href":"https:\/\/api.w.org\/{rel}","templated":true}]}}