{"id":28777,"date":"2023-06-23T13:19:49","date_gmt":"2023-06-23T11:19:49","guid":{"rendered":"https:\/\/progettotouring.it\/radiotouring104\/?p=28777"},"modified":"2023-06-23T14:38:45","modified_gmt":"2023-06-23T12:38:45","slug":"professional-day-2023-carmelo-versace-confronto-sinergico-che-produce-risultati","status":"publish","type":"post","link":"https:\/\/progettotouring.it\/radiotouring104\/2023\/06\/23\/professional-day-2023-carmelo-versace-confronto-sinergico-che-produce-risultati\/","title":{"rendered":"Professional Day 2023, Carmelo Versace: &#8220;Confronto sinergico che produce risultati&#8221;"},"content":{"rendered":"<p style=\"text-align: justify\"><em>\u201cA conclusione di questa edizione, abbiamo gi\u00e0 un primo dato utile per un raffronto con quella passata, nel corso della quale ci sono registrate 2.200 prenotazioni. Ad oggi abbiamo contato oltre 3.800 prenotazioni di colloqui. Questo non significa che tutti si tradurranno in posti di lavoro, ma \u00e8 indicativo dello sforzo organizzativo e comunicativo alla base di questo evento\u201d.<\/em> Cos\u00ec il sindaco metropolitano facente funzioni di<strong> Reggio Calabria, Carmelo Versace,<\/strong> partecipando oggi alla giornata conclusiva del Professional day 2023, organizzato dal consorzio Cisme d\u2019intesa con la Citt\u00e0 metropolitana, Camera di commercio e Universit\u00e0 Mediterranea di Reggio Calabria. L\u2019evento, giunto all\u201911.ma\u00a0edizione, si \u00e8 realizzato nei locali messi a disposizione dell\u2019ateneo reggino, con la partecipazione di 54 aziende, le prenotazioni di colloqui sono state 3.866.<\/p>\n<p style=\"text-align: justify\"><em>\u201cSiamo fiduciosi <\/em>\u2013 ha aggiunto Versace &#8211;<em> che le aziende possono avere incamerato quantomeno una disponibilit\u00e0 di massima per i profili da poter, nel tempo, gestire. Si \u00e8 trattato di un confronto importante per il territorio<\/em> \u2013 ha evidenziato &#8211;<em> reso possibile grazie ad una sinergia tra istituzioni che ci consegna un risultato di cui tutti possono essere soddisfatti. Come Citt\u00e0 metropolitana, sul solco gi\u00e0 tracciato dal sindaco Giuseppe Falcomat\u00e0, abbiamo fatto bene a puntare su questo tipo di iniziative. Ora tocca a noi creare le migliori condizioni affinch\u00e9 le aziende possano investire sempre di pi\u00f9 sul nostro territorio, curando l\u2019aspetto dei servizi, fondamentali<\/em> &#8211; ha concluso Versace &#8211; <em>per un territorio metropolitano che vuole crescere bene\u201d.<\/em><\/p>\n<p style=\"text-align: justify\">Presente all&#8217;incontro anche il presidente della Camera di commercio di <strong>Reggio Calabria Antonino Tramontana<\/strong> che ha parlato di &#8220;<em>giornata importante che abbiamo voluto ripetere per due volte in un anno\u201d,<\/em> evidenziando che<em> \u201cRispetto alla passata edizione i numeri ci danno ragione, considerando anche gli 80 posti di lavoro, tra determinati e indeterminati, realizzati. Sono cifre incoraggianti che ci fanno capire che c\u2019\u00e8 un fabbisogno da parte delle aziende\u201d. \u201cQuando si dice che nel nostro territorio non ci sono opportunit\u00e0 di lavor<\/em>o \u2013 ha aggiunto &#8211; <em>forse non \u00e8 del tutto vero. C\u2019\u00e8 ovviamente una forte domanda da parte dei nostri giovani, ma non solo, ricordo anche in questa edizione, che hanno potuto partecipare gli ex lavoratori Alival, che sono stati ascoltati dalle 54 aziende partecipanti a questa edizione. Ci auguriamo \u2013 ha concluso &#8211; che per loro possano nascere nuove opportunit\u00e0 lavorative\u201d.<\/em><\/p>\n<p style=\"text-align: justify\">Soddisfazione anche dal Consigliere delegato all&#8217;Istruzione <strong>Rudi<\/strong> <strong>Lizzi<\/strong>.<em> \u201cPer noi &#8211;<\/em> ha affermato &#8211; <em>questo \u00e8 un evento decisivo e importantissimo, tant\u2019\u00e8 che puntiamo a renderlo stabile istituzionalizzandolo. Al Professional day c\u2019\u00e8 la possibilit\u00e0 davvero concreta e fattiva di fare incrociare direttamente la domanda e l\u2019offerta di lavoro per i nostri giovani, formati nelle scuole e nelle universit\u00e0 e non solo. Ci stiamo riuscendo grazie al lavoro del <strong>Cisme<\/strong>, della <strong>Camera<\/strong> di <strong>Commercio<\/strong> e <strong>dell\u2019Universit\u00e0 Mediterranea<\/strong>, un partenariato che sta rendendo tutto questo possibile\u201d.<\/em><\/p>\n<div><\/div>\n","protected":false},"excerpt":{"rendered":"<p>\u201cA conclusione di questa edizione, abbiamo gi\u00e0 un primo dato utile per un raffronto con quella passata, nel corso della quale ci sono registrate 2.200 prenotazioni. Ad oggi abbiamo contato&hellip;<\/p>\n","protected":false},"author":8,"featured_media":28778,"comment_status":"closed","ping_status":"open","sticky":false,"template":"","format":"standard","meta":{"_jetpack_memberships_contains_paid_content":false,"footnotes":"","jetpack_publicize_message":"","jetpack_publicize_feature_enabled":true,"jetpack_social_post_already_shared":false,"jetpack_social_options":{"image_generator_settings":{"template":"highway","default_image_id":0,"font":"","enabled":false},"version":2}},"categories":[921,196,140],"tags":[3745,239,236,1244],"class_list":["post-28777","post","type-post","status-publish","format-standard","has-post-thumbnail","hentry","category-home","category-news","category-reggio-calabria","tag-antonino-tramontana","tag-carmelo-versace","tag-reggio-calabria","tag-rudi-lizzi"],"yoast_head":"<!-- This site is optimized with the Yoast SEO plugin v27.2 - https:\/\/yoast.com\/product\/yoast-seo-wordpress\/ -->\n<title>Professional Day 2023, Carmelo Versace: &quot;Confronto sinergico che produce risultati&quot; - Radio Touring 104<\/title>\n<meta name=\"description\" content=\"Carmelo Versace, il Delegato all&#039;Istruzione Lizzi e il Presidente della Camera di Commercio, hanno preso parte all&#039;iniziativa del Cisme\" \/>\n<meta name=\"robots\" content=\"index, follow, max-snippet:-1, max-image-preview:large, max-video-preview:-1\" \/>\n<link rel=\"canonical\" href=\"https:\/\/progettotouring.it\/radiotouring104\/2023\/06\/23\/professional-day-2023-carmelo-versace-confronto-sinergico-che-produce-risultati\/\" \/>\n<meta property=\"og:locale\" content=\"it_IT\" \/>\n<meta property=\"og:type\" content=\"article\" \/>\n<meta property=\"og:title\" content=\"Professional Day 2023, Carmelo Versace: &quot;Confronto sinergico che produce risultati&quot; - Radio Touring 104\" \/>\n<meta property=\"og:description\" content=\"Carmelo Versace, il Delegato all&#039;Istruzione Lizzi e il Presidente della Camera di Commercio, hanno preso parte all&#039;iniziativa del Cisme\" \/>\n<meta property=\"og:url\" content=\"https:\/\/progettotouring.it\/radiotouring104\/2023\/06\/23\/professional-day-2023-carmelo-versace-confronto-sinergico-che-produce-risultati\/\" \/>\n<meta property=\"og:site_name\" content=\"Radio Touring 104\" \/>\n<meta property=\"article:published_time\" content=\"2023-06-23T11:19:49+00:00\" \/>\n<meta property=\"article:modified_time\" content=\"2023-06-23T12:38:45+00:00\" \/>\n<meta property=\"og:image\" content=\"https:\/\/progettotouring.it\/radiotouring104\/wp-content\/uploads\/sites\/6\/2023\/06\/professional-day-versace.jpeg\" \/>\n\t<meta property=\"og:image:width\" content=\"1600\" \/>\n\t<meta property=\"og:image:height\" content=\"926\" \/>\n\t<meta property=\"og:image:type\" content=\"image\/jpeg\" \/>\n<meta name=\"author\" content=\"Filippo Francesco Idone\" \/>\n<meta name=\"twitter:card\" content=\"summary_large_image\" \/>\n<meta name=\"twitter:label1\" content=\"Scritto da\" \/>\n\t<meta name=\"twitter:data1\" content=\"Filippo Francesco Idone\" \/>\n\t<meta name=\"twitter:label2\" content=\"Tempo di lettura stimato\" \/>\n\t<meta name=\"twitter:data2\" content=\"2 minuti\" \/>\n<script type=\"application\/ld+json\" class=\"yoast-schema-graph\">{\"@context\":\"https:\/\/schema.org\",\"@graph\":[{\"@type\":\"Article\",\"@id\":\"https:\/\/progettotouring.it\/radiotouring104\/2023\/06\/23\/professional-day-2023-carmelo-versace-confronto-sinergico-che-produce-risultati\/#article\",\"isPartOf\":{\"@id\":\"https:\/\/progettotouring.it\/radiotouring104\/2023\/06\/23\/professional-day-2023-carmelo-versace-confronto-sinergico-che-produce-risultati\/\"},\"author\":{\"name\":\"Filippo Francesco Idone\",\"@id\":\"https:\/\/progettotouring.it\/radiotouring104\/#\/schema\/person\/4a82259ca52ac8702ad1a8f9e5a3120b\"},\"headline\":\"Professional Day 2023, Carmelo Versace: &#8220;Confronto sinergico che produce risultati&#8221;\",\"datePublished\":\"2023-06-23T11:19:49+00:00\",\"dateModified\":\"2023-06-23T12:38:45+00:00\",\"mainEntityOfPage\":{\"@id\":\"https:\/\/progettotouring.it\/radiotouring104\/2023\/06\/23\/professional-day-2023-carmelo-versace-confronto-sinergico-che-produce-risultati\/\"},\"wordCount\":467,\"publisher\":{\"@id\":\"https:\/\/progettotouring.it\/radiotouring104\/#organization\"},\"image\":{\"@id\":\"https:\/\/progettotouring.it\/radiotouring104\/2023\/06\/23\/professional-day-2023-carmelo-versace-confronto-sinergico-che-produce-risultati\/#primaryimage\"},\"thumbnailUrl\":\"https:\/\/progettotouring.it\/radiotouring104\/wp-content\/uploads\/sites\/6\/2023\/06\/professional-day-versace.jpeg\",\"keywords\":[\"Antonino Tramontana\",\"carmelo versace\",\"reggio calabria\",\"Rudi Lizzi\"],\"articleSection\":[\"Home\",\"News\",\"Reggio Calabria\"],\"inLanguage\":\"it-IT\"},{\"@type\":\"WebPage\",\"@id\":\"https:\/\/progettotouring.it\/radiotouring104\/2023\/06\/23\/professional-day-2023-carmelo-versace-confronto-sinergico-che-produce-risultati\/\",\"url\":\"https:\/\/progettotouring.it\/radiotouring104\/2023\/06\/23\/professional-day-2023-carmelo-versace-confronto-sinergico-che-produce-risultati\/\",\"name\":\"Professional Day 2023, Carmelo Versace: \\\"Confronto sinergico che produce risultati\\\" - Radio Touring 104\",\"isPartOf\":{\"@id\":\"https:\/\/progettotouring.it\/radiotouring104\/#website\"},\"primaryImageOfPage\":{\"@id\":\"https:\/\/progettotouring.it\/radiotouring104\/2023\/06\/23\/professional-day-2023-carmelo-versace-confronto-sinergico-che-produce-risultati\/#primaryimage\"},\"image\":{\"@id\":\"https:\/\/progettotouring.it\/radiotouring104\/2023\/06\/23\/professional-day-2023-carmelo-versace-confronto-sinergico-che-produce-risultati\/#primaryimage\"},\"thumbnailUrl\":\"https:\/\/progettotouring.it\/radiotouring104\/wp-content\/uploads\/sites\/6\/2023\/06\/professional-day-versace.jpeg\",\"datePublished\":\"2023-06-23T11:19:49+00:00\",\"dateModified\":\"2023-06-23T12:38:45+00:00\",\"description\":\"Carmelo Versace, il Delegato all'Istruzione Lizzi e il Presidente della Camera di Commercio, hanno preso parte all'iniziativa del Cisme\",\"breadcrumb\":{\"@id\":\"https:\/\/progettotouring.it\/radiotouring104\/2023\/06\/23\/professional-day-2023-carmelo-versace-confronto-sinergico-che-produce-risultati\/#breadcrumb\"},\"inLanguage\":\"it-IT\",\"potentialAction\":[{\"@type\":\"ReadAction\",\"target\":[\"https:\/\/progettotouring.it\/radiotouring104\/2023\/06\/23\/professional-day-2023-carmelo-versace-confronto-sinergico-che-produce-risultati\/\"]}]},{\"@type\":\"ImageObject\",\"inLanguage\":\"it-IT\",\"@id\":\"https:\/\/progettotouring.it\/radiotouring104\/2023\/06\/23\/professional-day-2023-carmelo-versace-confronto-sinergico-che-produce-risultati\/#primaryimage\",\"url\":\"https:\/\/progettotouring.it\/radiotouring104\/wp-content\/uploads\/sites\/6\/2023\/06\/professional-day-versace.jpeg\",\"contentUrl\":\"https:\/\/progettotouring.it\/radiotouring104\/wp-content\/uploads\/sites\/6\/2023\/06\/professional-day-versace.jpeg\",\"width\":1600,\"height\":926},{\"@type\":\"BreadcrumbList\",\"@id\":\"https:\/\/progettotouring.it\/radiotouring104\/2023\/06\/23\/professional-day-2023-carmelo-versace-confronto-sinergico-che-produce-risultati\/#breadcrumb\",\"itemListElement\":[{\"@type\":\"ListItem\",\"position\":1,\"name\":\"Home\",\"item\":\"https:\/\/progettotouring.it\/radiotouring104\/\"},{\"@type\":\"ListItem\",\"position\":2,\"name\":\"Professional Day 2023, Carmelo Versace: &#8220;Confronto sinergico che produce risultati&#8221;\"}]},{\"@type\":\"WebSite\",\"@id\":\"https:\/\/progettotouring.it\/radiotouring104\/#website\",\"url\":\"https:\/\/progettotouring.it\/radiotouring104\/\",\"name\":\"Radio Touring 104\",\"description\":\"La prima radio Reggina\",\"publisher\":{\"@id\":\"https:\/\/progettotouring.it\/radiotouring104\/#organization\"},\"potentialAction\":[{\"@type\":\"SearchAction\",\"target\":{\"@type\":\"EntryPoint\",\"urlTemplate\":\"https:\/\/progettotouring.it\/radiotouring104\/?s={search_term_string}\"},\"query-input\":{\"@type\":\"PropertyValueSpecification\",\"valueRequired\":true,\"valueName\":\"search_term_string\"}}],\"inLanguage\":\"it-IT\"},{\"@type\":\"Organization\",\"@id\":\"https:\/\/progettotouring.it\/radiotouring104\/#organization\",\"name\":\"Radio Touring 104\",\"url\":\"https:\/\/progettotouring.it\/radiotouring104\/\",\"logo\":{\"@type\":\"ImageObject\",\"inLanguage\":\"it-IT\",\"@id\":\"https:\/\/progettotouring.it\/radiotouring104\/#\/schema\/logo\/image\/\",\"url\":\"https:\/\/progettotouring.it\/radiotouring104\/wp-content\/uploads\/sites\/6\/2022\/02\/cropped-logo-radio-touring-104.png\",\"contentUrl\":\"https:\/\/progettotouring.it\/radiotouring104\/wp-content\/uploads\/sites\/6\/2022\/02\/cropped-logo-radio-touring-104.png\",\"width\":377,\"height\":182,\"caption\":\"Radio Touring 104\"},\"image\":{\"@id\":\"https:\/\/progettotouring.it\/radiotouring104\/#\/schema\/logo\/image\/\"}},{\"@type\":\"Person\",\"@id\":\"https:\/\/progettotouring.it\/radiotouring104\/#\/schema\/person\/4a82259ca52ac8702ad1a8f9e5a3120b\",\"name\":\"Filippo Francesco Idone\",\"image\":{\"@type\":\"ImageObject\",\"inLanguage\":\"it-IT\",\"@id\":\"https:\/\/secure.gravatar.com\/avatar\/7268715d2366395c3dd314385670e6484117d44f5c442e61e230f7008b7b62d3?s=96&d=mm&r=g\",\"url\":\"https:\/\/secure.gravatar.com\/avatar\/7268715d2366395c3dd314385670e6484117d44f5c442e61e230f7008b7b62d3?s=96&d=mm&r=g\",\"contentUrl\":\"https:\/\/secure.gravatar.com\/avatar\/7268715d2366395c3dd314385670e6484117d44f5c442e61e230f7008b7b62d3?s=96&d=mm&r=g\",\"caption\":\"Filippo Francesco Idone\"},\"url\":\"https:\/\/progettotouring.it\/radiotouring104\/author\/filippoidone\/\"}]}<\/script>\n<!-- \/ Yoast SEO plugin. -->","yoast_head_json":{"title":"Professional Day 2023, Carmelo Versace: \"Confronto sinergico che produce risultati\" - Radio Touring 104","description":"Carmelo Versace, il Delegato all'Istruzione Lizzi e il Presidente della Camera di Commercio, hanno preso parte all'iniziativa del Cisme","robots":{"index":"index","follow":"follow","max-snippet":"max-snippet:-1","max-image-preview":"max-image-preview:large","max-video-preview":"max-video-preview:-1"},"canonical":"https:\/\/progettotouring.it\/radiotouring104\/2023\/06\/23\/professional-day-2023-carmelo-versace-confronto-sinergico-che-produce-risultati\/","og_locale":"it_IT","og_type":"article","og_title":"Professional Day 2023, Carmelo Versace: \"Confronto sinergico che produce risultati\" - Radio Touring 104","og_description":"Carmelo Versace, il Delegato all'Istruzione Lizzi e il Presidente della Camera di Commercio, hanno preso parte all'iniziativa del Cisme","og_url":"https:\/\/progettotouring.it\/radiotouring104\/2023\/06\/23\/professional-day-2023-carmelo-versace-confronto-sinergico-che-produce-risultati\/","og_site_name":"Radio Touring 104","article_published_time":"2023-06-23T11:19:49+00:00","article_modified_time":"2023-06-23T12:38:45+00:00","og_image":[{"width":1600,"height":926,"url":"https:\/\/progettotouring.it\/radiotouring104\/wp-content\/uploads\/sites\/6\/2023\/06\/professional-day-versace.jpeg","type":"image\/jpeg"}],"author":"Filippo Francesco Idone","twitter_card":"summary_large_image","twitter_misc":{"Scritto da":"Filippo Francesco Idone","Tempo di lettura stimato":"2 minuti"},"schema":{"@context":"https:\/\/schema.org","@graph":[{"@type":"Article","@id":"https:\/\/progettotouring.it\/radiotouring104\/2023\/06\/23\/professional-day-2023-carmelo-versace-confronto-sinergico-che-produce-risultati\/#article","isPartOf":{"@id":"https:\/\/progettotouring.it\/radiotouring104\/2023\/06\/23\/professional-day-2023-carmelo-versace-confronto-sinergico-che-produce-risultati\/"},"author":{"name":"Filippo Francesco Idone","@id":"https:\/\/progettotouring.it\/radiotouring104\/#\/schema\/person\/4a82259ca52ac8702ad1a8f9e5a3120b"},"headline":"Professional Day 2023, Carmelo Versace: &#8220;Confronto sinergico che produce risultati&#8221;","datePublished":"2023-06-23T11:19:49+00:00","dateModified":"2023-06-23T12:38:45+00:00","mainEntityOfPage":{"@id":"https:\/\/progettotouring.it\/radiotouring104\/2023\/06\/23\/professional-day-2023-carmelo-versace-confronto-sinergico-che-produce-risultati\/"},"wordCount":467,"publisher":{"@id":"https:\/\/progettotouring.it\/radiotouring104\/#organization"},"image":{"@id":"https:\/\/progettotouring.it\/radiotouring104\/2023\/06\/23\/professional-day-2023-carmelo-versace-confronto-sinergico-che-produce-risultati\/#primaryimage"},"thumbnailUrl":"https:\/\/progettotouring.it\/radiotouring104\/wp-content\/uploads\/sites\/6\/2023\/06\/professional-day-versace.jpeg","keywords":["Antonino Tramontana","carmelo versace","reggio calabria","Rudi Lizzi"],"articleSection":["Home","News","Reggio Calabria"],"inLanguage":"it-IT"},{"@type":"WebPage","@id":"https:\/\/progettotouring.it\/radiotouring104\/2023\/06\/23\/professional-day-2023-carmelo-versace-confronto-sinergico-che-produce-risultati\/","url":"https:\/\/progettotouring.it\/radiotouring104\/2023\/06\/23\/professional-day-2023-carmelo-versace-confronto-sinergico-che-produce-risultati\/","name":"Professional Day 2023, Carmelo Versace: \"Confronto sinergico che produce risultati\" - Radio Touring 104","isPartOf":{"@id":"https:\/\/progettotouring.it\/radiotouring104\/#website"},"primaryImageOfPage":{"@id":"https:\/\/progettotouring.it\/radiotouring104\/2023\/06\/23\/professional-day-2023-carmelo-versace-confronto-sinergico-che-produce-risultati\/#primaryimage"},"image":{"@id":"https:\/\/progettotouring.it\/radiotouring104\/2023\/06\/23\/professional-day-2023-carmelo-versace-confronto-sinergico-che-produce-risultati\/#primaryimage"},"thumbnailUrl":"https:\/\/progettotouring.it\/radiotouring104\/wp-content\/uploads\/sites\/6\/2023\/06\/professional-day-versace.jpeg","datePublished":"2023-06-23T11:19:49+00:00","dateModified":"2023-06-23T12:38:45+00:00","description":"Carmelo Versace, il Delegato all'Istruzione Lizzi e il Presidente della Camera di Commercio, hanno preso parte all'iniziativa del Cisme","breadcrumb":{"@id":"https:\/\/progettotouring.it\/radiotouring104\/2023\/06\/23\/professional-day-2023-carmelo-versace-confronto-sinergico-che-produce-risultati\/#breadcrumb"},"inLanguage":"it-IT","potentialAction":[{"@type":"ReadAction","target":["https:\/\/progettotouring.it\/radiotouring104\/2023\/06\/23\/professional-day-2023-carmelo-versace-confronto-sinergico-che-produce-risultati\/"]}]},{"@type":"ImageObject","inLanguage":"it-IT","@id":"https:\/\/progettotouring.it\/radiotouring104\/2023\/06\/23\/professional-day-2023-carmelo-versace-confronto-sinergico-che-produce-risultati\/#primaryimage","url":"https:\/\/progettotouring.it\/radiotouring104\/wp-content\/uploads\/sites\/6\/2023\/06\/professional-day-versace.jpeg","contentUrl":"https:\/\/progettotouring.it\/radiotouring104\/wp-content\/uploads\/sites\/6\/2023\/06\/professional-day-versace.jpeg","width":1600,"height":926},{"@type":"BreadcrumbList","@id":"https:\/\/progettotouring.it\/radiotouring104\/2023\/06\/23\/professional-day-2023-carmelo-versace-confronto-sinergico-che-produce-risultati\/#breadcrumb","itemListElement":[{"@type":"ListItem","position":1,"name":"Home","item":"https:\/\/progettotouring.it\/radiotouring104\/"},{"@type":"ListItem","position":2,"name":"Professional Day 2023, Carmelo Versace: &#8220;Confronto sinergico che produce risultati&#8221;"}]},{"@type":"WebSite","@id":"https:\/\/progettotouring.it\/radiotouring104\/#website","url":"https:\/\/progettotouring.it\/radiotouring104\/","name":"Radio Touring 104","description":"La prima radio Reggina","publisher":{"@id":"https:\/\/progettotouring.it\/radiotouring104\/#organization"},"potentialAction":[{"@type":"SearchAction","target":{"@type":"EntryPoint","urlTemplate":"https:\/\/progettotouring.it\/radiotouring104\/?s={search_term_string}"},"query-input":{"@type":"PropertyValueSpecification","valueRequired":true,"valueName":"search_term_string"}}],"inLanguage":"it-IT"},{"@type":"Organization","@id":"https:\/\/progettotouring.it\/radiotouring104\/#organization","name":"Radio Touring 104","url":"https:\/\/progettotouring.it\/radiotouring104\/","logo":{"@type":"ImageObject","inLanguage":"it-IT","@id":"https:\/\/progettotouring.it\/radiotouring104\/#\/schema\/logo\/image\/","url":"https:\/\/progettotouring.it\/radiotouring104\/wp-content\/uploads\/sites\/6\/2022\/02\/cropped-logo-radio-touring-104.png","contentUrl":"https:\/\/progettotouring.it\/radiotouring104\/wp-content\/uploads\/sites\/6\/2022\/02\/cropped-logo-radio-touring-104.png","width":377,"height":182,"caption":"Radio Touring 104"},"image":{"@id":"https:\/\/progettotouring.it\/radiotouring104\/#\/schema\/logo\/image\/"}},{"@type":"Person","@id":"https:\/\/progettotouring.it\/radiotouring104\/#\/schema\/person\/4a82259ca52ac8702ad1a8f9e5a3120b","name":"Filippo Francesco Idone","image":{"@type":"ImageObject","inLanguage":"it-IT","@id":"https:\/\/secure.gravatar.com\/avatar\/7268715d2366395c3dd314385670e6484117d44f5c442e61e230f7008b7b62d3?s=96&d=mm&r=g","url":"https:\/\/secure.gravatar.com\/avatar\/7268715d2366395c3dd314385670e6484117d44f5c442e61e230f7008b7b62d3?s=96&d=mm&r=g","contentUrl":"https:\/\/secure.gravatar.com\/avatar\/7268715d2366395c3dd314385670e6484117d44f5c442e61e230f7008b7b62d3?s=96&d=mm&r=g","caption":"Filippo Francesco Idone"},"url":"https:\/\/progettotouring.it\/radiotouring104\/author\/filippoidone\/"}]}},"jetpack_publicize_connections":[],"jetpack_featured_media_url":"https:\/\/progettotouring.it\/radiotouring104\/wp-content\/uploads\/sites\/6\/2023\/06\/professional-day-versace.jpeg","jetpack_sharing_enabled":true,"_links":{"self":[{"href":"https:\/\/progettotouring.it\/radiotouring104\/wp-json\/wp\/v2\/posts\/28777","targetHints":{"allow":["GET"]}}],"collection":[{"href":"https:\/\/progettotouring.it\/radiotouring104\/wp-json\/wp\/v2\/posts"}],"about":[{"href":"https:\/\/progettotouring.it\/radiotouring104\/wp-json\/wp\/v2\/types\/post"}],"author":[{"embeddable":true,"href":"https:\/\/progettotouring.it\/radiotouring104\/wp-json\/wp\/v2\/users\/8"}],"replies":[{"embeddable":true,"href":"https:\/\/progettotouring.it\/radiotouring104\/wp-json\/wp\/v2\/comments?post=28777"}],"version-history":[{"count":2,"href":"https:\/\/progettotouring.it\/radiotouring104\/wp-json\/wp\/v2\/posts\/28777\/revisions"}],"predecessor-version":[{"id":28787,"href":"https:\/\/progettotouring.it\/radiotouring104\/wp-json\/wp\/v2\/posts\/28777\/revisions\/28787"}],"wp:featuredmedia":[{"embeddable":true,"href":"https:\/\/progettotouring.it\/radiotouring104\/wp-json\/wp\/v2\/media\/28778"}],"wp:attachment":[{"href":"https:\/\/progettotouring.it\/radiotouring104\/wp-json\/wp\/v2\/media?parent=28777"}],"wp:term":[{"taxonomy":"category","embeddable":true,"href":"https:\/\/progettotouring.it\/radiotouring104\/wp-json\/wp\/v2\/categories?post=28777"},{"taxonomy":"post_tag","embeddable":true,"href":"https:\/\/progettotouring.it\/radiotouring104\/wp-json\/wp\/v2\/tags?post=28777"}],"curies":[{"name":"wp","href":"https:\/\/api.w.org\/{rel}","templated":true}]}}