{"id":28785,"date":"2023-06-23T12:59:49","date_gmt":"2023-06-23T10:59:49","guid":{"rendered":"https:\/\/progettotouring.it\/radiotouring104\/?p=28785"},"modified":"2023-06-23T14:36:56","modified_gmt":"2023-06-23T12:36:56","slug":"28785","status":"publish","type":"post","link":"https:\/\/progettotouring.it\/radiotouring104\/2023\/06\/23\/28785\/","title":{"rendered":""},"content":{"rendered":"<p style=\"text-align: justify\">Intendo rivolgere i miei pi\u00f9 sentiti auguri di buon lavoro al Professor <strong>Giovanni<\/strong> <strong>Cuda<\/strong>, nuovo Magnifico Rettore dell\u2019<strong>Universit\u00e0 Magna Graecia<\/strong> di Catanzaro. L\u2019ampissimo consenso attribuitogli in sede di votazione sta certamente a dimostrare le sue enormi capacit\u00e0 professionali e umane e sono certo che sapr\u00e0 cogliere e vincere le sfide che si presenteranno all\u2019universit\u00e0 calabrese nei prossimi anni. Sono sicuro che sapr\u00e0 guidare il nostro prestigioso ateneo, facendolo crescere ulteriormente e valorizzando l\u2019importantissimo capitale umano presente nella nostra regione. Spero di incontrarlo presto per dimostrarli la mia totale disponibilit\u00e0 ad una collaborazione e ad un confronto su temi e percorsi virtuosi per il nostro territorio. In questa direzione, mi auguro che il rapporto tra universit\u00e0 e istituzioni sar\u00e0 sempre pi\u00f9 fitto e proficuo.<\/p>\n<p style=\"text-align: justify\">In particolare, in questo periodo dell\u2019anno, auspico che il nuovo Rettore si confronti al pi\u00f9 presto con il Presidente della Giunta <strong>Roberto Occhiuto<\/strong> in merito alla questione delle borse aggiuntive di medicina, onde evitare quanto accaduto l\u2019anno scorso con il finanziamento da parte della Regione di sole quattro borse di studio. Nel 2022 avevo personalmente evidenziato pubblicamente questa problematica, sottolineando come quasi tutte le altre regioni d\u2019Italia avessero finanziato molte pi\u00f9 borse di studio aggiuntive, fino a 224 in <strong>Sardegna<\/strong> o 168 in <strong>Campania<\/strong>. Successivamente avevamo assistito ad un imbarazzante ping pong tra il <strong>Rettore De Sarro<\/strong> e il Presidente riguardo la responsabilit\u00e0 delle richieste effettuate e delle risorse messe a disposizione, ma di fatto il risultato \u00e8 stato solamente quello di perdere un anno intero per ampliare il numero degli specializzandi di medicina in Calabria. E\u2019 evidente che non possiamo permetterci pi\u00f9 sviste di questo tipo soprattutto in quel settore, la sanit\u00e0, che il Presidente Occhiuto ha voluto tenere per s\u00e9 in qualit\u00e0 di Commissario ad acta, impegnandosi in prima persona.<\/p>\n<p style=\"text-align: justify\">Occorre, quindi, evitare di ripetere l\u2019errore commesso e ampliare sin da quest\u2019anno il pi\u00f9 possibile il numero di borse andando ad incrementare i settori di specializzazione in cui siamo pi\u00f9 carenti a livello regionale, facendo s\u00ec, tra l\u2019altro, che i giovani specializzandi una volta formati prestino servizio all\u2019interno dei nostri ospedali per almeno cinque anni. Queste sono le risposte concrete che si aspettano i calabresi da parte della politica e delle istituzioni e sono fiducioso del fatto che il mio invito sar\u00e0 presto recepito sia dal neo <strong>Rettore Cuda<\/strong> che dal <strong>Presidente Occhiuto.<\/strong><\/p>\n","protected":false},"excerpt":{"rendered":"<p>Intendo rivolgere i miei pi\u00f9 sentiti auguri di buon lavoro al Professor Giovanni Cuda, nuovo Magnifico Rettore dell\u2019Universit\u00e0 Magna Graecia di Catanzaro. L\u2019ampissimo consenso attribuitogli in sede di votazione sta&hellip;<\/p>\n","protected":false},"author":8,"featured_media":18247,"comment_status":"closed","ping_status":"open","sticky":false,"template":"","format":"standard","meta":{"_jetpack_memberships_contains_paid_content":false,"footnotes":"","jetpack_publicize_message":"","jetpack_publicize_feature_enabled":true,"jetpack_social_post_already_shared":false,"jetpack_social_options":{"image_generator_settings":{"template":"highway","default_image_id":0,"font":"","enabled":false},"version":2}},"categories":[142,921,196],"tags":[698,1235,5657],"class_list":["post-28785","post","type-post","status-publish","format-standard","has-post-thumbnail","hentry","category-calabria","category-home","category-news","tag-catanzaro","tag-roberto-occhiuto","tag-universita-magna-graecia"],"yoast_head":"<!-- This site is optimized with the Yoast SEO plugin v27.2 - https:\/\/yoast.com\/product\/yoast-seo-wordpress\/ -->\n<title>- Radio Touring 104<\/title>\n<meta name=\"description\" content=\"Il Consigliere Regionale Ernesto Alecci augura buon lavoro al Professore Cuda, eletto Rettore dell&#039;Universit\u00e0 di Catanzaro\" \/>\n<meta name=\"robots\" content=\"index, follow, max-snippet:-1, max-image-preview:large, max-video-preview:-1\" \/>\n<link rel=\"canonical\" href=\"https:\/\/progettotouring.it\/radiotouring104\/2023\/06\/23\/28785\/\" \/>\n<meta property=\"og:locale\" content=\"it_IT\" \/>\n<meta property=\"og:type\" content=\"article\" \/>\n<meta property=\"og:title\" content=\"- Radio Touring 104\" \/>\n<meta property=\"og:description\" content=\"Il Consigliere Regionale Ernesto Alecci augura buon lavoro al Professore Cuda, eletto Rettore dell&#039;Universit\u00e0 di Catanzaro\" \/>\n<meta property=\"og:url\" content=\"https:\/\/progettotouring.it\/radiotouring104\/2023\/06\/23\/28785\/\" \/>\n<meta property=\"og:site_name\" content=\"Radio Touring 104\" \/>\n<meta property=\"article:published_time\" content=\"2023-06-23T10:59:49+00:00\" \/>\n<meta property=\"article:modified_time\" content=\"2023-06-23T12:36:56+00:00\" \/>\n<meta property=\"og:image\" content=\"https:\/\/progettotouring.it\/radiotouring104\/wp-content\/uploads\/sites\/6\/2023\/02\/ernesto-alecci.jpg\" \/>\n\t<meta property=\"og:image:width\" content=\"1319\" \/>\n\t<meta property=\"og:image:height\" content=\"1600\" \/>\n\t<meta property=\"og:image:type\" content=\"image\/jpeg\" \/>\n<meta name=\"author\" content=\"Filippo Francesco Idone\" \/>\n<meta name=\"twitter:card\" content=\"summary_large_image\" \/>\n<meta name=\"twitter:label1\" content=\"Scritto da\" \/>\n\t<meta name=\"twitter:data1\" content=\"Filippo Francesco Idone\" \/>\n\t<meta name=\"twitter:label2\" content=\"Tempo di lettura stimato\" \/>\n\t<meta name=\"twitter:data2\" content=\"2 minuti\" \/>\n<script type=\"application\/ld+json\" class=\"yoast-schema-graph\">{\"@context\":\"https:\/\/schema.org\",\"@graph\":[{\"@type\":\"Article\",\"@id\":\"https:\/\/progettotouring.it\/radiotouring104\/2023\/06\/23\/28785\/#article\",\"isPartOf\":{\"@id\":\"https:\/\/progettotouring.it\/radiotouring104\/2023\/06\/23\/28785\/\"},\"author\":{\"name\":\"Filippo Francesco Idone\",\"@id\":\"https:\/\/progettotouring.it\/radiotouring104\/#\/schema\/person\/4a82259ca52ac8702ad1a8f9e5a3120b\"},\"headline\":\"Nessun titolo\",\"datePublished\":\"2023-06-23T10:59:49+00:00\",\"dateModified\":\"2023-06-23T12:36:56+00:00\",\"mainEntityOfPage\":{\"@id\":\"https:\/\/progettotouring.it\/radiotouring104\/2023\/06\/23\/28785\/\"},\"wordCount\":395,\"publisher\":{\"@id\":\"https:\/\/progettotouring.it\/radiotouring104\/#organization\"},\"image\":{\"@id\":\"https:\/\/progettotouring.it\/radiotouring104\/2023\/06\/23\/28785\/#primaryimage\"},\"thumbnailUrl\":\"https:\/\/progettotouring.it\/radiotouring104\/wp-content\/uploads\/sites\/6\/2023\/02\/ernesto-alecci.jpg\",\"keywords\":[\"catanzaro\",\"roberto occhiuto\",\"Universit\u00e0 Magna Graecia\"],\"articleSection\":[\"Calabria\",\"Home\",\"News\"],\"inLanguage\":\"it-IT\"},{\"@type\":\"WebPage\",\"@id\":\"https:\/\/progettotouring.it\/radiotouring104\/2023\/06\/23\/28785\/\",\"url\":\"https:\/\/progettotouring.it\/radiotouring104\/2023\/06\/23\/28785\/\",\"name\":\"- Radio Touring 104\",\"isPartOf\":{\"@id\":\"https:\/\/progettotouring.it\/radiotouring104\/#website\"},\"primaryImageOfPage\":{\"@id\":\"https:\/\/progettotouring.it\/radiotouring104\/2023\/06\/23\/28785\/#primaryimage\"},\"image\":{\"@id\":\"https:\/\/progettotouring.it\/radiotouring104\/2023\/06\/23\/28785\/#primaryimage\"},\"thumbnailUrl\":\"https:\/\/progettotouring.it\/radiotouring104\/wp-content\/uploads\/sites\/6\/2023\/02\/ernesto-alecci.jpg\",\"datePublished\":\"2023-06-23T10:59:49+00:00\",\"dateModified\":\"2023-06-23T12:36:56+00:00\",\"description\":\"Il Consigliere Regionale Ernesto Alecci augura buon lavoro al Professore Cuda, eletto Rettore dell'Universit\u00e0 di Catanzaro\",\"inLanguage\":\"it-IT\",\"potentialAction\":[{\"@type\":\"ReadAction\",\"target\":[\"https:\/\/progettotouring.it\/radiotouring104\/2023\/06\/23\/28785\/\"]}]},{\"@type\":\"ImageObject\",\"inLanguage\":\"it-IT\",\"@id\":\"https:\/\/progettotouring.it\/radiotouring104\/2023\/06\/23\/28785\/#primaryimage\",\"url\":\"https:\/\/progettotouring.it\/radiotouring104\/wp-content\/uploads\/sites\/6\/2023\/02\/ernesto-alecci.jpg\",\"contentUrl\":\"https:\/\/progettotouring.it\/radiotouring104\/wp-content\/uploads\/sites\/6\/2023\/02\/ernesto-alecci.jpg\",\"width\":1319,\"height\":1600},{\"@type\":\"WebSite\",\"@id\":\"https:\/\/progettotouring.it\/radiotouring104\/#website\",\"url\":\"https:\/\/progettotouring.it\/radiotouring104\/\",\"name\":\"Radio Touring 104\",\"description\":\"La prima radio Reggina\",\"publisher\":{\"@id\":\"https:\/\/progettotouring.it\/radiotouring104\/#organization\"},\"potentialAction\":[{\"@type\":\"SearchAction\",\"target\":{\"@type\":\"EntryPoint\",\"urlTemplate\":\"https:\/\/progettotouring.it\/radiotouring104\/?s={search_term_string}\"},\"query-input\":{\"@type\":\"PropertyValueSpecification\",\"valueRequired\":true,\"valueName\":\"search_term_string\"}}],\"inLanguage\":\"it-IT\"},{\"@type\":\"Organization\",\"@id\":\"https:\/\/progettotouring.it\/radiotouring104\/#organization\",\"name\":\"Radio Touring 104\",\"url\":\"https:\/\/progettotouring.it\/radiotouring104\/\",\"logo\":{\"@type\":\"ImageObject\",\"inLanguage\":\"it-IT\",\"@id\":\"https:\/\/progettotouring.it\/radiotouring104\/#\/schema\/logo\/image\/\",\"url\":\"https:\/\/progettotouring.it\/radiotouring104\/wp-content\/uploads\/sites\/6\/2022\/02\/cropped-logo-radio-touring-104.png\",\"contentUrl\":\"https:\/\/progettotouring.it\/radiotouring104\/wp-content\/uploads\/sites\/6\/2022\/02\/cropped-logo-radio-touring-104.png\",\"width\":377,\"height\":182,\"caption\":\"Radio Touring 104\"},\"image\":{\"@id\":\"https:\/\/progettotouring.it\/radiotouring104\/#\/schema\/logo\/image\/\"}},{\"@type\":\"Person\",\"@id\":\"https:\/\/progettotouring.it\/radiotouring104\/#\/schema\/person\/4a82259ca52ac8702ad1a8f9e5a3120b\",\"name\":\"Filippo Francesco Idone\",\"image\":{\"@type\":\"ImageObject\",\"inLanguage\":\"it-IT\",\"@id\":\"https:\/\/secure.gravatar.com\/avatar\/7268715d2366395c3dd314385670e6484117d44f5c442e61e230f7008b7b62d3?s=96&d=mm&r=g\",\"url\":\"https:\/\/secure.gravatar.com\/avatar\/7268715d2366395c3dd314385670e6484117d44f5c442e61e230f7008b7b62d3?s=96&d=mm&r=g\",\"contentUrl\":\"https:\/\/secure.gravatar.com\/avatar\/7268715d2366395c3dd314385670e6484117d44f5c442e61e230f7008b7b62d3?s=96&d=mm&r=g\",\"caption\":\"Filippo Francesco Idone\"},\"url\":\"https:\/\/progettotouring.it\/radiotouring104\/author\/filippoidone\/\"}]}<\/script>\n<!-- \/ Yoast SEO plugin. -->","yoast_head_json":{"title":"- Radio Touring 104","description":"Il Consigliere Regionale Ernesto Alecci augura buon lavoro al Professore Cuda, eletto Rettore dell'Universit\u00e0 di Catanzaro","robots":{"index":"index","follow":"follow","max-snippet":"max-snippet:-1","max-image-preview":"max-image-preview:large","max-video-preview":"max-video-preview:-1"},"canonical":"https:\/\/progettotouring.it\/radiotouring104\/2023\/06\/23\/28785\/","og_locale":"it_IT","og_type":"article","og_title":"- Radio Touring 104","og_description":"Il Consigliere Regionale Ernesto Alecci augura buon lavoro al Professore Cuda, eletto Rettore dell'Universit\u00e0 di Catanzaro","og_url":"https:\/\/progettotouring.it\/radiotouring104\/2023\/06\/23\/28785\/","og_site_name":"Radio Touring 104","article_published_time":"2023-06-23T10:59:49+00:00","article_modified_time":"2023-06-23T12:36:56+00:00","og_image":[{"width":1319,"height":1600,"url":"https:\/\/progettotouring.it\/radiotouring104\/wp-content\/uploads\/sites\/6\/2023\/02\/ernesto-alecci.jpg","type":"image\/jpeg"}],"author":"Filippo Francesco Idone","twitter_card":"summary_large_image","twitter_misc":{"Scritto da":"Filippo Francesco Idone","Tempo di lettura stimato":"2 minuti"},"schema":{"@context":"https:\/\/schema.org","@graph":[{"@type":"Article","@id":"https:\/\/progettotouring.it\/radiotouring104\/2023\/06\/23\/28785\/#article","isPartOf":{"@id":"https:\/\/progettotouring.it\/radiotouring104\/2023\/06\/23\/28785\/"},"author":{"name":"Filippo Francesco Idone","@id":"https:\/\/progettotouring.it\/radiotouring104\/#\/schema\/person\/4a82259ca52ac8702ad1a8f9e5a3120b"},"headline":"Nessun titolo","datePublished":"2023-06-23T10:59:49+00:00","dateModified":"2023-06-23T12:36:56+00:00","mainEntityOfPage":{"@id":"https:\/\/progettotouring.it\/radiotouring104\/2023\/06\/23\/28785\/"},"wordCount":395,"publisher":{"@id":"https:\/\/progettotouring.it\/radiotouring104\/#organization"},"image":{"@id":"https:\/\/progettotouring.it\/radiotouring104\/2023\/06\/23\/28785\/#primaryimage"},"thumbnailUrl":"https:\/\/progettotouring.it\/radiotouring104\/wp-content\/uploads\/sites\/6\/2023\/02\/ernesto-alecci.jpg","keywords":["catanzaro","roberto occhiuto","Universit\u00e0 Magna Graecia"],"articleSection":["Calabria","Home","News"],"inLanguage":"it-IT"},{"@type":"WebPage","@id":"https:\/\/progettotouring.it\/radiotouring104\/2023\/06\/23\/28785\/","url":"https:\/\/progettotouring.it\/radiotouring104\/2023\/06\/23\/28785\/","name":"- Radio Touring 104","isPartOf":{"@id":"https:\/\/progettotouring.it\/radiotouring104\/#website"},"primaryImageOfPage":{"@id":"https:\/\/progettotouring.it\/radiotouring104\/2023\/06\/23\/28785\/#primaryimage"},"image":{"@id":"https:\/\/progettotouring.it\/radiotouring104\/2023\/06\/23\/28785\/#primaryimage"},"thumbnailUrl":"https:\/\/progettotouring.it\/radiotouring104\/wp-content\/uploads\/sites\/6\/2023\/02\/ernesto-alecci.jpg","datePublished":"2023-06-23T10:59:49+00:00","dateModified":"2023-06-23T12:36:56+00:00","description":"Il Consigliere Regionale Ernesto Alecci augura buon lavoro al Professore Cuda, eletto Rettore dell'Universit\u00e0 di Catanzaro","inLanguage":"it-IT","potentialAction":[{"@type":"ReadAction","target":["https:\/\/progettotouring.it\/radiotouring104\/2023\/06\/23\/28785\/"]}]},{"@type":"ImageObject","inLanguage":"it-IT","@id":"https:\/\/progettotouring.it\/radiotouring104\/2023\/06\/23\/28785\/#primaryimage","url":"https:\/\/progettotouring.it\/radiotouring104\/wp-content\/uploads\/sites\/6\/2023\/02\/ernesto-alecci.jpg","contentUrl":"https:\/\/progettotouring.it\/radiotouring104\/wp-content\/uploads\/sites\/6\/2023\/02\/ernesto-alecci.jpg","width":1319,"height":1600},{"@type":"WebSite","@id":"https:\/\/progettotouring.it\/radiotouring104\/#website","url":"https:\/\/progettotouring.it\/radiotouring104\/","name":"Radio Touring 104","description":"La prima radio Reggina","publisher":{"@id":"https:\/\/progettotouring.it\/radiotouring104\/#organization"},"potentialAction":[{"@type":"SearchAction","target":{"@type":"EntryPoint","urlTemplate":"https:\/\/progettotouring.it\/radiotouring104\/?s={search_term_string}"},"query-input":{"@type":"PropertyValueSpecification","valueRequired":true,"valueName":"search_term_string"}}],"inLanguage":"it-IT"},{"@type":"Organization","@id":"https:\/\/progettotouring.it\/radiotouring104\/#organization","name":"Radio Touring 104","url":"https:\/\/progettotouring.it\/radiotouring104\/","logo":{"@type":"ImageObject","inLanguage":"it-IT","@id":"https:\/\/progettotouring.it\/radiotouring104\/#\/schema\/logo\/image\/","url":"https:\/\/progettotouring.it\/radiotouring104\/wp-content\/uploads\/sites\/6\/2022\/02\/cropped-logo-radio-touring-104.png","contentUrl":"https:\/\/progettotouring.it\/radiotouring104\/wp-content\/uploads\/sites\/6\/2022\/02\/cropped-logo-radio-touring-104.png","width":377,"height":182,"caption":"Radio Touring 104"},"image":{"@id":"https:\/\/progettotouring.it\/radiotouring104\/#\/schema\/logo\/image\/"}},{"@type":"Person","@id":"https:\/\/progettotouring.it\/radiotouring104\/#\/schema\/person\/4a82259ca52ac8702ad1a8f9e5a3120b","name":"Filippo Francesco Idone","image":{"@type":"ImageObject","inLanguage":"it-IT","@id":"https:\/\/secure.gravatar.com\/avatar\/7268715d2366395c3dd314385670e6484117d44f5c442e61e230f7008b7b62d3?s=96&d=mm&r=g","url":"https:\/\/secure.gravatar.com\/avatar\/7268715d2366395c3dd314385670e6484117d44f5c442e61e230f7008b7b62d3?s=96&d=mm&r=g","contentUrl":"https:\/\/secure.gravatar.com\/avatar\/7268715d2366395c3dd314385670e6484117d44f5c442e61e230f7008b7b62d3?s=96&d=mm&r=g","caption":"Filippo Francesco Idone"},"url":"https:\/\/progettotouring.it\/radiotouring104\/author\/filippoidone\/"}]}},"jetpack_publicize_connections":[],"jetpack_featured_media_url":"https:\/\/progettotouring.it\/radiotouring104\/wp-content\/uploads\/sites\/6\/2023\/02\/ernesto-alecci.jpg","jetpack_sharing_enabled":true,"_links":{"self":[{"href":"https:\/\/progettotouring.it\/radiotouring104\/wp-json\/wp\/v2\/posts\/28785","targetHints":{"allow":["GET"]}}],"collection":[{"href":"https:\/\/progettotouring.it\/radiotouring104\/wp-json\/wp\/v2\/posts"}],"about":[{"href":"https:\/\/progettotouring.it\/radiotouring104\/wp-json\/wp\/v2\/types\/post"}],"author":[{"embeddable":true,"href":"https:\/\/progettotouring.it\/radiotouring104\/wp-json\/wp\/v2\/users\/8"}],"replies":[{"embeddable":true,"href":"https:\/\/progettotouring.it\/radiotouring104\/wp-json\/wp\/v2\/comments?post=28785"}],"version-history":[{"count":1,"href":"https:\/\/progettotouring.it\/radiotouring104\/wp-json\/wp\/v2\/posts\/28785\/revisions"}],"predecessor-version":[{"id":28786,"href":"https:\/\/progettotouring.it\/radiotouring104\/wp-json\/wp\/v2\/posts\/28785\/revisions\/28786"}],"wp:featuredmedia":[{"embeddable":true,"href":"https:\/\/progettotouring.it\/radiotouring104\/wp-json\/wp\/v2\/media\/18247"}],"wp:attachment":[{"href":"https:\/\/progettotouring.it\/radiotouring104\/wp-json\/wp\/v2\/media?parent=28785"}],"wp:term":[{"taxonomy":"category","embeddable":true,"href":"https:\/\/progettotouring.it\/radiotouring104\/wp-json\/wp\/v2\/categories?post=28785"},{"taxonomy":"post_tag","embeddable":true,"href":"https:\/\/progettotouring.it\/radiotouring104\/wp-json\/wp\/v2\/tags?post=28785"}],"curies":[{"name":"wp","href":"https:\/\/api.w.org\/{rel}","templated":true}]}}