{"id":28799,"date":"2023-06-23T09:12:06","date_gmt":"2023-06-23T07:12:06","guid":{"rendered":"https:\/\/progettotouring.it\/radiotouring104\/?p=28799"},"modified":"2023-06-28T11:15:50","modified_gmt":"2023-06-28T09:15:50","slug":"pallanuoto-al-via-le-semifinali-under18","status":"publish","type":"post","link":"https:\/\/progettotouring.it\/radiotouring104\/2023\/06\/23\/pallanuoto-al-via-le-semifinali-under18\/","title":{"rendered":"Pallanuoto: al via le semifinali under18"},"content":{"rendered":"<p class=\"xmprfx_MsoNormal\" style=\"text-align: justify\">Inizieranno oggi, gioved\u00ec 23 giugno, le <strong>semifinali Under 18 B<\/strong>: La Cosenza pallanuoto impegnata a Salerno. La squadra cosentina, qualificatasi con merito nel girone calabro-lucano, dovr\u00e0 affrontare in tre partite i padroni di casa del <strong>Circolo Nautico Salerno, la Waterpolo Bari e la Libertas Roma Pallanuoto<\/strong>. Cos\u00ec il tecnico <strong>Gianmarco Manna:<\/strong> \u201c<em>Affrontiamo tre societ\u00e0 che hanno delle qualit\u00e0 importanti. Salerno, per me, \u00e8 una delle accreditate alla vittoria nazionale e avr\u00e0 anche il vantaggio di giocare nella sua vasca. <strong>Bari<\/strong> ha una struttura giovanile importante e invidiabile con un tecnico di primo livello e <strong>Roma<\/strong> si \u00e8 qualificata in un girone come quello romano di sicuro livello. Dal canto nostro andiamo a <strong>Salerno<\/strong> per giocarci un posto, con la solita grinta e passione che ci contraddistingue\u201d<\/em>, ha avuto modo di affermare il mister <strong>Manna<\/strong>. <em>\u201cSiamo sicuramente con tanti under 16 e forse meno esperti ci\u00f2 non deve rappresentare nessun alibi; anzi, queste esperienze rappresentano motivo di crescita e confronto con realt\u00e0 pi\u00f9 blasonate. Ai ragazzi, dopo un anno, chiedo solo di dare il massimo e di divertirsi, perch\u00e9 queste esperienze non ricapitano spesso\u201d.<\/em><\/p>\n<p class=\"xmprfx_MsoNormal\" style=\"text-align: justify\">\n","protected":false},"excerpt":{"rendered":"<p>Inizieranno oggi, gioved\u00ec 23 giugno, le semifinali Under 18 B: La Cosenza pallanuoto impegnata a Salerno. La squadra cosentina, qualificatasi con merito nel girone calabro-lucano, dovr\u00e0 affrontare in tre partite&hellip;<\/p>\n","protected":false},"author":8,"featured_media":28800,"comment_status":"closed","ping_status":"open","sticky":false,"template":"","format":"standard","meta":{"_jetpack_memberships_contains_paid_content":false,"footnotes":"","jetpack_publicize_message":"","jetpack_publicize_feature_enabled":true,"jetpack_social_post_already_shared":false,"jetpack_social_options":{"image_generator_settings":{"template":"highway","default_image_id":0,"font":"","enabled":false},"version":2}},"categories":[196,144],"tags":[354,17623,17624],"class_list":["post-28799","post","type-post","status-publish","format-standard","has-post-thumbnail","hentry","category-news","category-sport","tag-cosenza","tag-gianmarco-manna","tag-semifinali-under-18-b"],"yoast_head":"<!-- This site is optimized with the Yoast SEO plugin v27.2 - https:\/\/yoast.com\/product\/yoast-seo-wordpress\/ -->\n<title>Pallanuoto: al via le semifinali under18 - Radio Touring 104<\/title>\n<meta name=\"description\" content=\"Da gioved\u00ec 23 giugno, la squadra di pallanuoto Under 18 B di Cosenza inizia le semifinali a Salerno per provare a vincere il torneo\" \/>\n<meta name=\"robots\" content=\"index, follow, max-snippet:-1, max-image-preview:large, max-video-preview:-1\" \/>\n<link rel=\"canonical\" href=\"https:\/\/progettotouring.it\/radiotouring104\/2023\/06\/23\/pallanuoto-al-via-le-semifinali-under18\/\" \/>\n<meta property=\"og:locale\" content=\"it_IT\" \/>\n<meta property=\"og:type\" content=\"article\" \/>\n<meta property=\"og:title\" content=\"Pallanuoto: al via le semifinali under18 - Radio Touring 104\" \/>\n<meta property=\"og:description\" content=\"Da gioved\u00ec 23 giugno, la squadra di pallanuoto Under 18 B di Cosenza inizia le semifinali a Salerno per provare a vincere il torneo\" \/>\n<meta property=\"og:url\" content=\"https:\/\/progettotouring.it\/radiotouring104\/2023\/06\/23\/pallanuoto-al-via-le-semifinali-under18\/\" \/>\n<meta property=\"og:site_name\" content=\"Radio Touring 104\" \/>\n<meta property=\"article:published_time\" content=\"2023-06-23T07:12:06+00:00\" \/>\n<meta property=\"article:modified_time\" content=\"2023-06-28T09:15:50+00:00\" \/>\n<meta property=\"og:image\" content=\"https:\/\/progettotouring.it\/radiotouring104\/wp-content\/uploads\/sites\/6\/2023\/06\/pallanuoto.jpg\" \/>\n\t<meta property=\"og:image:width\" content=\"799\" \/>\n\t<meta property=\"og:image:height\" content=\"526\" \/>\n\t<meta property=\"og:image:type\" content=\"image\/jpeg\" \/>\n<meta name=\"author\" content=\"Filippo Francesco Idone\" \/>\n<meta name=\"twitter:card\" content=\"summary_large_image\" \/>\n<meta name=\"twitter:label1\" content=\"Scritto da\" \/>\n\t<meta name=\"twitter:data1\" content=\"Filippo Francesco Idone\" \/>\n\t<meta name=\"twitter:label2\" content=\"Tempo di lettura stimato\" \/>\n\t<meta name=\"twitter:data2\" content=\"1 minuto\" \/>\n<script type=\"application\/ld+json\" class=\"yoast-schema-graph\">{\"@context\":\"https:\/\/schema.org\",\"@graph\":[{\"@type\":\"Article\",\"@id\":\"https:\/\/progettotouring.it\/radiotouring104\/2023\/06\/23\/pallanuoto-al-via-le-semifinali-under18\/#article\",\"isPartOf\":{\"@id\":\"https:\/\/progettotouring.it\/radiotouring104\/2023\/06\/23\/pallanuoto-al-via-le-semifinali-under18\/\"},\"author\":{\"name\":\"Filippo Francesco Idone\",\"@id\":\"https:\/\/progettotouring.it\/radiotouring104\/#\/schema\/person\/4a82259ca52ac8702ad1a8f9e5a3120b\"},\"headline\":\"Pallanuoto: al via le semifinali under18\",\"datePublished\":\"2023-06-23T07:12:06+00:00\",\"dateModified\":\"2023-06-28T09:15:50+00:00\",\"mainEntityOfPage\":{\"@id\":\"https:\/\/progettotouring.it\/radiotouring104\/2023\/06\/23\/pallanuoto-al-via-le-semifinali-under18\/\"},\"wordCount\":184,\"publisher\":{\"@id\":\"https:\/\/progettotouring.it\/radiotouring104\/#organization\"},\"image\":{\"@id\":\"https:\/\/progettotouring.it\/radiotouring104\/2023\/06\/23\/pallanuoto-al-via-le-semifinali-under18\/#primaryimage\"},\"thumbnailUrl\":\"https:\/\/progettotouring.it\/radiotouring104\/wp-content\/uploads\/sites\/6\/2023\/06\/pallanuoto.jpg\",\"keywords\":[\"Cosenza\",\"Gianmarco Manna\",\"semifinali Under 18 B\"],\"articleSection\":[\"News\",\"Sport\"],\"inLanguage\":\"it-IT\"},{\"@type\":\"WebPage\",\"@id\":\"https:\/\/progettotouring.it\/radiotouring104\/2023\/06\/23\/pallanuoto-al-via-le-semifinali-under18\/\",\"url\":\"https:\/\/progettotouring.it\/radiotouring104\/2023\/06\/23\/pallanuoto-al-via-le-semifinali-under18\/\",\"name\":\"Pallanuoto: al via le semifinali under18 - Radio Touring 104\",\"isPartOf\":{\"@id\":\"https:\/\/progettotouring.it\/radiotouring104\/#website\"},\"primaryImageOfPage\":{\"@id\":\"https:\/\/progettotouring.it\/radiotouring104\/2023\/06\/23\/pallanuoto-al-via-le-semifinali-under18\/#primaryimage\"},\"image\":{\"@id\":\"https:\/\/progettotouring.it\/radiotouring104\/2023\/06\/23\/pallanuoto-al-via-le-semifinali-under18\/#primaryimage\"},\"thumbnailUrl\":\"https:\/\/progettotouring.it\/radiotouring104\/wp-content\/uploads\/sites\/6\/2023\/06\/pallanuoto.jpg\",\"datePublished\":\"2023-06-23T07:12:06+00:00\",\"dateModified\":\"2023-06-28T09:15:50+00:00\",\"description\":\"Da gioved\u00ec 23 giugno, la squadra di pallanuoto Under 18 B di Cosenza inizia le semifinali a Salerno per provare a vincere il torneo\",\"breadcrumb\":{\"@id\":\"https:\/\/progettotouring.it\/radiotouring104\/2023\/06\/23\/pallanuoto-al-via-le-semifinali-under18\/#breadcrumb\"},\"inLanguage\":\"it-IT\",\"potentialAction\":[{\"@type\":\"ReadAction\",\"target\":[\"https:\/\/progettotouring.it\/radiotouring104\/2023\/06\/23\/pallanuoto-al-via-le-semifinali-under18\/\"]}]},{\"@type\":\"ImageObject\",\"inLanguage\":\"it-IT\",\"@id\":\"https:\/\/progettotouring.it\/radiotouring104\/2023\/06\/23\/pallanuoto-al-via-le-semifinali-under18\/#primaryimage\",\"url\":\"https:\/\/progettotouring.it\/radiotouring104\/wp-content\/uploads\/sites\/6\/2023\/06\/pallanuoto.jpg\",\"contentUrl\":\"https:\/\/progettotouring.it\/radiotouring104\/wp-content\/uploads\/sites\/6\/2023\/06\/pallanuoto.jpg\",\"width\":799,\"height\":526},{\"@type\":\"BreadcrumbList\",\"@id\":\"https:\/\/progettotouring.it\/radiotouring104\/2023\/06\/23\/pallanuoto-al-via-le-semifinali-under18\/#breadcrumb\",\"itemListElement\":[{\"@type\":\"ListItem\",\"position\":1,\"name\":\"Home\",\"item\":\"https:\/\/progettotouring.it\/radiotouring104\/\"},{\"@type\":\"ListItem\",\"position\":2,\"name\":\"Pallanuoto: al via le semifinali under18\"}]},{\"@type\":\"WebSite\",\"@id\":\"https:\/\/progettotouring.it\/radiotouring104\/#website\",\"url\":\"https:\/\/progettotouring.it\/radiotouring104\/\",\"name\":\"Radio Touring 104\",\"description\":\"La prima radio Reggina\",\"publisher\":{\"@id\":\"https:\/\/progettotouring.it\/radiotouring104\/#organization\"},\"potentialAction\":[{\"@type\":\"SearchAction\",\"target\":{\"@type\":\"EntryPoint\",\"urlTemplate\":\"https:\/\/progettotouring.it\/radiotouring104\/?s={search_term_string}\"},\"query-input\":{\"@type\":\"PropertyValueSpecification\",\"valueRequired\":true,\"valueName\":\"search_term_string\"}}],\"inLanguage\":\"it-IT\"},{\"@type\":\"Organization\",\"@id\":\"https:\/\/progettotouring.it\/radiotouring104\/#organization\",\"name\":\"Radio Touring 104\",\"url\":\"https:\/\/progettotouring.it\/radiotouring104\/\",\"logo\":{\"@type\":\"ImageObject\",\"inLanguage\":\"it-IT\",\"@id\":\"https:\/\/progettotouring.it\/radiotouring104\/#\/schema\/logo\/image\/\",\"url\":\"https:\/\/progettotouring.it\/radiotouring104\/wp-content\/uploads\/sites\/6\/2022\/02\/cropped-logo-radio-touring-104.png\",\"contentUrl\":\"https:\/\/progettotouring.it\/radiotouring104\/wp-content\/uploads\/sites\/6\/2022\/02\/cropped-logo-radio-touring-104.png\",\"width\":377,\"height\":182,\"caption\":\"Radio Touring 104\"},\"image\":{\"@id\":\"https:\/\/progettotouring.it\/radiotouring104\/#\/schema\/logo\/image\/\"}},{\"@type\":\"Person\",\"@id\":\"https:\/\/progettotouring.it\/radiotouring104\/#\/schema\/person\/4a82259ca52ac8702ad1a8f9e5a3120b\",\"name\":\"Filippo Francesco Idone\",\"image\":{\"@type\":\"ImageObject\",\"inLanguage\":\"it-IT\",\"@id\":\"https:\/\/secure.gravatar.com\/avatar\/7268715d2366395c3dd314385670e6484117d44f5c442e61e230f7008b7b62d3?s=96&d=mm&r=g\",\"url\":\"https:\/\/secure.gravatar.com\/avatar\/7268715d2366395c3dd314385670e6484117d44f5c442e61e230f7008b7b62d3?s=96&d=mm&r=g\",\"contentUrl\":\"https:\/\/secure.gravatar.com\/avatar\/7268715d2366395c3dd314385670e6484117d44f5c442e61e230f7008b7b62d3?s=96&d=mm&r=g\",\"caption\":\"Filippo Francesco Idone\"},\"url\":\"https:\/\/progettotouring.it\/radiotouring104\/author\/filippoidone\/\"}]}<\/script>\n<!-- \/ Yoast SEO plugin. -->","yoast_head_json":{"title":"Pallanuoto: al via le semifinali under18 - Radio Touring 104","description":"Da gioved\u00ec 23 giugno, la squadra di pallanuoto Under 18 B di Cosenza inizia le semifinali a Salerno per provare a vincere il torneo","robots":{"index":"index","follow":"follow","max-snippet":"max-snippet:-1","max-image-preview":"max-image-preview:large","max-video-preview":"max-video-preview:-1"},"canonical":"https:\/\/progettotouring.it\/radiotouring104\/2023\/06\/23\/pallanuoto-al-via-le-semifinali-under18\/","og_locale":"it_IT","og_type":"article","og_title":"Pallanuoto: al via le semifinali under18 - Radio Touring 104","og_description":"Da gioved\u00ec 23 giugno, la squadra di pallanuoto Under 18 B di Cosenza inizia le semifinali a Salerno per provare a vincere il torneo","og_url":"https:\/\/progettotouring.it\/radiotouring104\/2023\/06\/23\/pallanuoto-al-via-le-semifinali-under18\/","og_site_name":"Radio Touring 104","article_published_time":"2023-06-23T07:12:06+00:00","article_modified_time":"2023-06-28T09:15:50+00:00","og_image":[{"width":799,"height":526,"url":"https:\/\/progettotouring.it\/radiotouring104\/wp-content\/uploads\/sites\/6\/2023\/06\/pallanuoto.jpg","type":"image\/jpeg"}],"author":"Filippo Francesco Idone","twitter_card":"summary_large_image","twitter_misc":{"Scritto da":"Filippo Francesco Idone","Tempo di lettura stimato":"1 minuto"},"schema":{"@context":"https:\/\/schema.org","@graph":[{"@type":"Article","@id":"https:\/\/progettotouring.it\/radiotouring104\/2023\/06\/23\/pallanuoto-al-via-le-semifinali-under18\/#article","isPartOf":{"@id":"https:\/\/progettotouring.it\/radiotouring104\/2023\/06\/23\/pallanuoto-al-via-le-semifinali-under18\/"},"author":{"name":"Filippo Francesco Idone","@id":"https:\/\/progettotouring.it\/radiotouring104\/#\/schema\/person\/4a82259ca52ac8702ad1a8f9e5a3120b"},"headline":"Pallanuoto: al via le semifinali under18","datePublished":"2023-06-23T07:12:06+00:00","dateModified":"2023-06-28T09:15:50+00:00","mainEntityOfPage":{"@id":"https:\/\/progettotouring.it\/radiotouring104\/2023\/06\/23\/pallanuoto-al-via-le-semifinali-under18\/"},"wordCount":184,"publisher":{"@id":"https:\/\/progettotouring.it\/radiotouring104\/#organization"},"image":{"@id":"https:\/\/progettotouring.it\/radiotouring104\/2023\/06\/23\/pallanuoto-al-via-le-semifinali-under18\/#primaryimage"},"thumbnailUrl":"https:\/\/progettotouring.it\/radiotouring104\/wp-content\/uploads\/sites\/6\/2023\/06\/pallanuoto.jpg","keywords":["Cosenza","Gianmarco Manna","semifinali Under 18 B"],"articleSection":["News","Sport"],"inLanguage":"it-IT"},{"@type":"WebPage","@id":"https:\/\/progettotouring.it\/radiotouring104\/2023\/06\/23\/pallanuoto-al-via-le-semifinali-under18\/","url":"https:\/\/progettotouring.it\/radiotouring104\/2023\/06\/23\/pallanuoto-al-via-le-semifinali-under18\/","name":"Pallanuoto: al via le semifinali under18 - Radio Touring 104","isPartOf":{"@id":"https:\/\/progettotouring.it\/radiotouring104\/#website"},"primaryImageOfPage":{"@id":"https:\/\/progettotouring.it\/radiotouring104\/2023\/06\/23\/pallanuoto-al-via-le-semifinali-under18\/#primaryimage"},"image":{"@id":"https:\/\/progettotouring.it\/radiotouring104\/2023\/06\/23\/pallanuoto-al-via-le-semifinali-under18\/#primaryimage"},"thumbnailUrl":"https:\/\/progettotouring.it\/radiotouring104\/wp-content\/uploads\/sites\/6\/2023\/06\/pallanuoto.jpg","datePublished":"2023-06-23T07:12:06+00:00","dateModified":"2023-06-28T09:15:50+00:00","description":"Da gioved\u00ec 23 giugno, la squadra di pallanuoto Under 18 B di Cosenza inizia le semifinali a Salerno per provare a vincere il torneo","breadcrumb":{"@id":"https:\/\/progettotouring.it\/radiotouring104\/2023\/06\/23\/pallanuoto-al-via-le-semifinali-under18\/#breadcrumb"},"inLanguage":"it-IT","potentialAction":[{"@type":"ReadAction","target":["https:\/\/progettotouring.it\/radiotouring104\/2023\/06\/23\/pallanuoto-al-via-le-semifinali-under18\/"]}]},{"@type":"ImageObject","inLanguage":"it-IT","@id":"https:\/\/progettotouring.it\/radiotouring104\/2023\/06\/23\/pallanuoto-al-via-le-semifinali-under18\/#primaryimage","url":"https:\/\/progettotouring.it\/radiotouring104\/wp-content\/uploads\/sites\/6\/2023\/06\/pallanuoto.jpg","contentUrl":"https:\/\/progettotouring.it\/radiotouring104\/wp-content\/uploads\/sites\/6\/2023\/06\/pallanuoto.jpg","width":799,"height":526},{"@type":"BreadcrumbList","@id":"https:\/\/progettotouring.it\/radiotouring104\/2023\/06\/23\/pallanuoto-al-via-le-semifinali-under18\/#breadcrumb","itemListElement":[{"@type":"ListItem","position":1,"name":"Home","item":"https:\/\/progettotouring.it\/radiotouring104\/"},{"@type":"ListItem","position":2,"name":"Pallanuoto: al via le semifinali under18"}]},{"@type":"WebSite","@id":"https:\/\/progettotouring.it\/radiotouring104\/#website","url":"https:\/\/progettotouring.it\/radiotouring104\/","name":"Radio Touring 104","description":"La prima radio Reggina","publisher":{"@id":"https:\/\/progettotouring.it\/radiotouring104\/#organization"},"potentialAction":[{"@type":"SearchAction","target":{"@type":"EntryPoint","urlTemplate":"https:\/\/progettotouring.it\/radiotouring104\/?s={search_term_string}"},"query-input":{"@type":"PropertyValueSpecification","valueRequired":true,"valueName":"search_term_string"}}],"inLanguage":"it-IT"},{"@type":"Organization","@id":"https:\/\/progettotouring.it\/radiotouring104\/#organization","name":"Radio Touring 104","url":"https:\/\/progettotouring.it\/radiotouring104\/","logo":{"@type":"ImageObject","inLanguage":"it-IT","@id":"https:\/\/progettotouring.it\/radiotouring104\/#\/schema\/logo\/image\/","url":"https:\/\/progettotouring.it\/radiotouring104\/wp-content\/uploads\/sites\/6\/2022\/02\/cropped-logo-radio-touring-104.png","contentUrl":"https:\/\/progettotouring.it\/radiotouring104\/wp-content\/uploads\/sites\/6\/2022\/02\/cropped-logo-radio-touring-104.png","width":377,"height":182,"caption":"Radio Touring 104"},"image":{"@id":"https:\/\/progettotouring.it\/radiotouring104\/#\/schema\/logo\/image\/"}},{"@type":"Person","@id":"https:\/\/progettotouring.it\/radiotouring104\/#\/schema\/person\/4a82259ca52ac8702ad1a8f9e5a3120b","name":"Filippo Francesco Idone","image":{"@type":"ImageObject","inLanguage":"it-IT","@id":"https:\/\/secure.gravatar.com\/avatar\/7268715d2366395c3dd314385670e6484117d44f5c442e61e230f7008b7b62d3?s=96&d=mm&r=g","url":"https:\/\/secure.gravatar.com\/avatar\/7268715d2366395c3dd314385670e6484117d44f5c442e61e230f7008b7b62d3?s=96&d=mm&r=g","contentUrl":"https:\/\/secure.gravatar.com\/avatar\/7268715d2366395c3dd314385670e6484117d44f5c442e61e230f7008b7b62d3?s=96&d=mm&r=g","caption":"Filippo Francesco Idone"},"url":"https:\/\/progettotouring.it\/radiotouring104\/author\/filippoidone\/"}]}},"jetpack_publicize_connections":[],"jetpack_featured_media_url":"https:\/\/progettotouring.it\/radiotouring104\/wp-content\/uploads\/sites\/6\/2023\/06\/pallanuoto.jpg","jetpack_sharing_enabled":true,"_links":{"self":[{"href":"https:\/\/progettotouring.it\/radiotouring104\/wp-json\/wp\/v2\/posts\/28799","targetHints":{"allow":["GET"]}}],"collection":[{"href":"https:\/\/progettotouring.it\/radiotouring104\/wp-json\/wp\/v2\/posts"}],"about":[{"href":"https:\/\/progettotouring.it\/radiotouring104\/wp-json\/wp\/v2\/types\/post"}],"author":[{"embeddable":true,"href":"https:\/\/progettotouring.it\/radiotouring104\/wp-json\/wp\/v2\/users\/8"}],"replies":[{"embeddable":true,"href":"https:\/\/progettotouring.it\/radiotouring104\/wp-json\/wp\/v2\/comments?post=28799"}],"version-history":[{"count":1,"href":"https:\/\/progettotouring.it\/radiotouring104\/wp-json\/wp\/v2\/posts\/28799\/revisions"}],"predecessor-version":[{"id":28801,"href":"https:\/\/progettotouring.it\/radiotouring104\/wp-json\/wp\/v2\/posts\/28799\/revisions\/28801"}],"wp:featuredmedia":[{"embeddable":true,"href":"https:\/\/progettotouring.it\/radiotouring104\/wp-json\/wp\/v2\/media\/28800"}],"wp:attachment":[{"href":"https:\/\/progettotouring.it\/radiotouring104\/wp-json\/wp\/v2\/media?parent=28799"}],"wp:term":[{"taxonomy":"category","embeddable":true,"href":"https:\/\/progettotouring.it\/radiotouring104\/wp-json\/wp\/v2\/categories?post=28799"},{"taxonomy":"post_tag","embeddable":true,"href":"https:\/\/progettotouring.it\/radiotouring104\/wp-json\/wp\/v2\/tags?post=28799"}],"curies":[{"name":"wp","href":"https:\/\/api.w.org\/{rel}","templated":true}]}}