{"id":28802,"date":"2023-06-23T15:08:37","date_gmt":"2023-06-23T13:08:37","guid":{"rendered":"https:\/\/progettotouring.it\/radiotouring104\/?p=28802"},"modified":"2023-06-23T15:08:37","modified_gmt":"2023-06-23T13:08:37","slug":"coldiretti-calabria-leuzzi-confermata-presidente-dei-senior","status":"publish","type":"post","link":"https:\/\/progettotouring.it\/radiotouring104\/2023\/06\/23\/coldiretti-calabria-leuzzi-confermata-presidente-dei-senior\/","title":{"rendered":"Coldiretti Calabria: Leuzzi confermata presidente dei senior"},"content":{"rendered":"<p style=\"text-align: justify\"><strong>Elvira Leuzzi <\/strong>di <strong>Reggio<\/strong> <strong>Calabria<\/strong> titolare di un\u2019azienda bergamotticola con spiccate sensibilit\u00e0 all\u2019agricoltura multifunzionale e al sociale \u00e8 stata eletta e confermata all\u2019unanimit\u00e0 presidente, per il prossimo quinquennio, dell\u2019associazione regionale dei pensionati Coldiretti.\u00a0Questo l\u2019esito dell\u2019assemblea che si \u00e8 tenuta\u00a0 a Lamezia Terme nella sede della Coldiretti.\u00a0Sono stati eletti vice presidenti Domenico Liberti di Crotone e Carlo Spizzirri di Montalto Uffugo (CS). Compongono il consiglio direttivo: Giuseppe Aiello, Antonio Pascuzzo, Gennaro Chimenti, Salvatore Abbruzzese, Domenico Lazzaro, Francesco Caruso, Massimo Maneli e Pasquale Profitti.\u00a0\u00a0Un\u00a0 obiettivo principe che sar\u00e0 al centro dell\u2019attivit\u00e0, \u00e8 quello di\u00a0contribuire a consentire a piena accessibilit\u00e0 ai servizi essenziali alla comunit\u00e0,\u00a0a partire dalla\u00a0sanit\u00e0, soprattutto per i residenti nelle zone interne e rurali dove devono essere mantenuti i servizi essenziali. Sono state programmate varie iniziative oltre il pieno coinvolgimento in tutte le iniziative della Coldiretti, con incontri provinciali e territoriali. \u201c<i>\u00c8 per me un grande onore poter continuare a ricoprire questo incarico-\u00a0<b>ha affermato Leuzzi<\/b>\u00a0&#8211; sono pronta a continuare il\u00a0 lavoro affiancata dal Consiglio Direttivo per dare massima attenzione ai diritti e alle istanze degli agricoltori in pensione e garantire condivisione e supporto alle battaglie della Coldiretti. La nostra generazione\u00a0 &#8211; ha continuato\u00a0 si sente forte il compito di trasmettere ai giovani il valore del nostro lavoro ed \u00e8 per questo che dobbiamo batterci insieme a loro, per prima cosa, per avere regole comuni e condivise a livello europeo contro ogni possibilit\u00e0 di concorrenza sleale, contro il cibo sintetico e per valorizzare le nostre produzioni di qualit\u00e0<\/i>\u201d.<\/p>\n<p style=\"text-align: justify\">Alla presidente riconfermata, ha fatto giunger gli auguri il presidente Regionale della Coldiretti Calabria\u00a0<b>Franco Aceto<\/b>\u00a0che ha affermato: \u201c<i>Elvira \u00e8 una dirigente di valore che si \u00e8 spesa e si spender\u00e0 a livello regionale e nazionale sulle politiche a favore degli pensionati. I nostri senior \u2013 ha aggiunto &#8211; sono l\u2019esempio di invecchiamento attivo perch\u00e9 continuano ad essere punti di riferimento insostituibili delle imprese agricole, oltre che delle loro famiglie, e la nuova agricoltura che concilia innovazione e tradizione non pu\u00f2 rinunciare ad un cos\u00ec prezioso patrimonio. Auguro buon lavoro alla\u00a0 Presidente e all\u2019intero Consiglio Direttivo che rappresenta una parte attiva, forte e vitale della nostra Coldiretti<\/i>\u201d.<\/p>\n<p style=\"text-align: justify\">Ringraziamenti e auguri sono giunti anche dal Direttore di Coldiretti Calabria\u00a0<b>Francesco Cosentini<\/b>\u00a0che ha evidenziato: \u201c<i>La giornata di oggi arriva dopo un lungo percorso di incontri sull\u2019intero territorio provinciale, con Assemblee che hanno permesso ai nostri senior di dialogare, condividere e confrontarsi nel pieno stile Coldiretti per arrivare pronti a questo importante appuntamento<\/i>\u201d.<\/p>\n","protected":false},"excerpt":{"rendered":"<p>Elvira Leuzzi di Reggio Calabria titolare di un\u2019azienda bergamotticola con spiccate sensibilit\u00e0 all\u2019agricoltura multifunzionale e al sociale \u00e8 stata eletta e confermata all\u2019unanimit\u00e0 presidente, per il prossimo quinquennio, dell\u2019associazione regionale&hellip;<\/p>\n","protected":false},"author":8,"featured_media":17125,"comment_status":"closed","ping_status":"open","sticky":false,"template":"","format":"standard","meta":{"_jetpack_memberships_contains_paid_content":false,"footnotes":"","jetpack_publicize_message":"","jetpack_publicize_feature_enabled":true,"jetpack_social_post_already_shared":false,"jetpack_social_options":{"image_generator_settings":{"template":"highway","default_image_id":0,"font":"","enabled":false},"version":2}},"categories":[196],"tags":[557,16217,9012,15363,17625],"class_list":["post-28802","post","type-post","status-publish","format-standard","has-post-thumbnail","hentry","category-news","tag-coldiretti-calabria","tag-domenico-lazzaro","tag-elvira-leuzzi","tag-francesco-caruso","tag-massimo-maneli"],"yoast_head":"<!-- This site is optimized with the Yoast SEO plugin v27.2 - https:\/\/yoast.com\/product\/yoast-seo-wordpress\/ -->\n<title>Coldiretti Calabria: Leuzzi confermata presidente dei senior - Radio Touring 104<\/title>\n<meta name=\"description\" content=\"Leuzzi, titolare di un\u2019azienda bergamotticola di Reggio Calabria, \u00e8 riconfermata presidente dei senior Coldiretti in Calabria\" \/>\n<meta name=\"robots\" content=\"index, follow, max-snippet:-1, max-image-preview:large, max-video-preview:-1\" \/>\n<link rel=\"canonical\" href=\"https:\/\/progettotouring.it\/radiotouring104\/2023\/06\/23\/coldiretti-calabria-leuzzi-confermata-presidente-dei-senior\/\" \/>\n<meta property=\"og:locale\" content=\"it_IT\" \/>\n<meta property=\"og:type\" content=\"article\" \/>\n<meta property=\"og:title\" content=\"Coldiretti Calabria: Leuzzi confermata presidente dei senior - Radio Touring 104\" \/>\n<meta property=\"og:description\" content=\"Leuzzi, titolare di un\u2019azienda bergamotticola di Reggio Calabria, \u00e8 riconfermata presidente dei senior Coldiretti in Calabria\" \/>\n<meta property=\"og:url\" content=\"https:\/\/progettotouring.it\/radiotouring104\/2023\/06\/23\/coldiretti-calabria-leuzzi-confermata-presidente-dei-senior\/\" \/>\n<meta property=\"og:site_name\" content=\"Radio Touring 104\" \/>\n<meta property=\"article:published_time\" content=\"2023-06-23T13:08:37+00:00\" \/>\n<meta property=\"og:image\" content=\"https:\/\/progettotouring.it\/radiotouring104\/wp-content\/uploads\/sites\/6\/2023\/01\/coldiretti-calabria.jpg\" \/>\n\t<meta property=\"og:image:width\" content=\"1400\" \/>\n\t<meta property=\"og:image:height\" content=\"1400\" \/>\n\t<meta property=\"og:image:type\" content=\"image\/jpeg\" \/>\n<meta name=\"author\" content=\"Filippo Francesco Idone\" \/>\n<meta name=\"twitter:card\" content=\"summary_large_image\" \/>\n<meta name=\"twitter:label1\" content=\"Scritto da\" \/>\n\t<meta name=\"twitter:data1\" content=\"Filippo Francesco Idone\" \/>\n\t<meta name=\"twitter:label2\" content=\"Tempo di lettura stimato\" \/>\n\t<meta name=\"twitter:data2\" content=\"2 minuti\" \/>\n<script type=\"application\/ld+json\" class=\"yoast-schema-graph\">{\"@context\":\"https:\/\/schema.org\",\"@graph\":[{\"@type\":\"Article\",\"@id\":\"https:\/\/progettotouring.it\/radiotouring104\/2023\/06\/23\/coldiretti-calabria-leuzzi-confermata-presidente-dei-senior\/#article\",\"isPartOf\":{\"@id\":\"https:\/\/progettotouring.it\/radiotouring104\/2023\/06\/23\/coldiretti-calabria-leuzzi-confermata-presidente-dei-senior\/\"},\"author\":{\"name\":\"Filippo Francesco Idone\",\"@id\":\"https:\/\/progettotouring.it\/radiotouring104\/#\/schema\/person\/4a82259ca52ac8702ad1a8f9e5a3120b\"},\"headline\":\"Coldiretti Calabria: Leuzzi confermata presidente dei senior\",\"datePublished\":\"2023-06-23T13:08:37+00:00\",\"mainEntityOfPage\":{\"@id\":\"https:\/\/progettotouring.it\/radiotouring104\/2023\/06\/23\/coldiretti-calabria-leuzzi-confermata-presidente-dei-senior\/\"},\"wordCount\":425,\"publisher\":{\"@id\":\"https:\/\/progettotouring.it\/radiotouring104\/#organization\"},\"image\":{\"@id\":\"https:\/\/progettotouring.it\/radiotouring104\/2023\/06\/23\/coldiretti-calabria-leuzzi-confermata-presidente-dei-senior\/#primaryimage\"},\"thumbnailUrl\":\"https:\/\/progettotouring.it\/radiotouring104\/wp-content\/uploads\/sites\/6\/2023\/01\/coldiretti-calabria.jpg\",\"keywords\":[\"Coldiretti Calabria\",\"Domenico Lazzaro\",\"Elvira leuzzi\",\"Francesco caruso\",\"Massimo Maneli\"],\"articleSection\":[\"News\"],\"inLanguage\":\"it-IT\"},{\"@type\":\"WebPage\",\"@id\":\"https:\/\/progettotouring.it\/radiotouring104\/2023\/06\/23\/coldiretti-calabria-leuzzi-confermata-presidente-dei-senior\/\",\"url\":\"https:\/\/progettotouring.it\/radiotouring104\/2023\/06\/23\/coldiretti-calabria-leuzzi-confermata-presidente-dei-senior\/\",\"name\":\"Coldiretti Calabria: Leuzzi confermata presidente dei senior - Radio Touring 104\",\"isPartOf\":{\"@id\":\"https:\/\/progettotouring.it\/radiotouring104\/#website\"},\"primaryImageOfPage\":{\"@id\":\"https:\/\/progettotouring.it\/radiotouring104\/2023\/06\/23\/coldiretti-calabria-leuzzi-confermata-presidente-dei-senior\/#primaryimage\"},\"image\":{\"@id\":\"https:\/\/progettotouring.it\/radiotouring104\/2023\/06\/23\/coldiretti-calabria-leuzzi-confermata-presidente-dei-senior\/#primaryimage\"},\"thumbnailUrl\":\"https:\/\/progettotouring.it\/radiotouring104\/wp-content\/uploads\/sites\/6\/2023\/01\/coldiretti-calabria.jpg\",\"datePublished\":\"2023-06-23T13:08:37+00:00\",\"description\":\"Leuzzi, titolare di un\u2019azienda bergamotticola di Reggio Calabria, \u00e8 riconfermata presidente dei senior Coldiretti in Calabria\",\"breadcrumb\":{\"@id\":\"https:\/\/progettotouring.it\/radiotouring104\/2023\/06\/23\/coldiretti-calabria-leuzzi-confermata-presidente-dei-senior\/#breadcrumb\"},\"inLanguage\":\"it-IT\",\"potentialAction\":[{\"@type\":\"ReadAction\",\"target\":[\"https:\/\/progettotouring.it\/radiotouring104\/2023\/06\/23\/coldiretti-calabria-leuzzi-confermata-presidente-dei-senior\/\"]}]},{\"@type\":\"ImageObject\",\"inLanguage\":\"it-IT\",\"@id\":\"https:\/\/progettotouring.it\/radiotouring104\/2023\/06\/23\/coldiretti-calabria-leuzzi-confermata-presidente-dei-senior\/#primaryimage\",\"url\":\"https:\/\/progettotouring.it\/radiotouring104\/wp-content\/uploads\/sites\/6\/2023\/01\/coldiretti-calabria.jpg\",\"contentUrl\":\"https:\/\/progettotouring.it\/radiotouring104\/wp-content\/uploads\/sites\/6\/2023\/01\/coldiretti-calabria.jpg\",\"width\":1400,\"height\":1400},{\"@type\":\"BreadcrumbList\",\"@id\":\"https:\/\/progettotouring.it\/radiotouring104\/2023\/06\/23\/coldiretti-calabria-leuzzi-confermata-presidente-dei-senior\/#breadcrumb\",\"itemListElement\":[{\"@type\":\"ListItem\",\"position\":1,\"name\":\"Home\",\"item\":\"https:\/\/progettotouring.it\/radiotouring104\/\"},{\"@type\":\"ListItem\",\"position\":2,\"name\":\"Coldiretti Calabria: Leuzzi confermata presidente dei senior\"}]},{\"@type\":\"WebSite\",\"@id\":\"https:\/\/progettotouring.it\/radiotouring104\/#website\",\"url\":\"https:\/\/progettotouring.it\/radiotouring104\/\",\"name\":\"Radio Touring 104\",\"description\":\"La prima radio Reggina\",\"publisher\":{\"@id\":\"https:\/\/progettotouring.it\/radiotouring104\/#organization\"},\"potentialAction\":[{\"@type\":\"SearchAction\",\"target\":{\"@type\":\"EntryPoint\",\"urlTemplate\":\"https:\/\/progettotouring.it\/radiotouring104\/?s={search_term_string}\"},\"query-input\":{\"@type\":\"PropertyValueSpecification\",\"valueRequired\":true,\"valueName\":\"search_term_string\"}}],\"inLanguage\":\"it-IT\"},{\"@type\":\"Organization\",\"@id\":\"https:\/\/progettotouring.it\/radiotouring104\/#organization\",\"name\":\"Radio Touring 104\",\"url\":\"https:\/\/progettotouring.it\/radiotouring104\/\",\"logo\":{\"@type\":\"ImageObject\",\"inLanguage\":\"it-IT\",\"@id\":\"https:\/\/progettotouring.it\/radiotouring104\/#\/schema\/logo\/image\/\",\"url\":\"https:\/\/progettotouring.it\/radiotouring104\/wp-content\/uploads\/sites\/6\/2022\/02\/cropped-logo-radio-touring-104.png\",\"contentUrl\":\"https:\/\/progettotouring.it\/radiotouring104\/wp-content\/uploads\/sites\/6\/2022\/02\/cropped-logo-radio-touring-104.png\",\"width\":377,\"height\":182,\"caption\":\"Radio Touring 104\"},\"image\":{\"@id\":\"https:\/\/progettotouring.it\/radiotouring104\/#\/schema\/logo\/image\/\"}},{\"@type\":\"Person\",\"@id\":\"https:\/\/progettotouring.it\/radiotouring104\/#\/schema\/person\/4a82259ca52ac8702ad1a8f9e5a3120b\",\"name\":\"Filippo Francesco Idone\",\"image\":{\"@type\":\"ImageObject\",\"inLanguage\":\"it-IT\",\"@id\":\"https:\/\/secure.gravatar.com\/avatar\/7268715d2366395c3dd314385670e6484117d44f5c442e61e230f7008b7b62d3?s=96&d=mm&r=g\",\"url\":\"https:\/\/secure.gravatar.com\/avatar\/7268715d2366395c3dd314385670e6484117d44f5c442e61e230f7008b7b62d3?s=96&d=mm&r=g\",\"contentUrl\":\"https:\/\/secure.gravatar.com\/avatar\/7268715d2366395c3dd314385670e6484117d44f5c442e61e230f7008b7b62d3?s=96&d=mm&r=g\",\"caption\":\"Filippo Francesco Idone\"},\"url\":\"https:\/\/progettotouring.it\/radiotouring104\/author\/filippoidone\/\"}]}<\/script>\n<!-- \/ Yoast SEO plugin. -->","yoast_head_json":{"title":"Coldiretti Calabria: Leuzzi confermata presidente dei senior - Radio Touring 104","description":"Leuzzi, titolare di un\u2019azienda bergamotticola di Reggio Calabria, \u00e8 riconfermata presidente dei senior Coldiretti in Calabria","robots":{"index":"index","follow":"follow","max-snippet":"max-snippet:-1","max-image-preview":"max-image-preview:large","max-video-preview":"max-video-preview:-1"},"canonical":"https:\/\/progettotouring.it\/radiotouring104\/2023\/06\/23\/coldiretti-calabria-leuzzi-confermata-presidente-dei-senior\/","og_locale":"it_IT","og_type":"article","og_title":"Coldiretti Calabria: Leuzzi confermata presidente dei senior - Radio Touring 104","og_description":"Leuzzi, titolare di un\u2019azienda bergamotticola di Reggio Calabria, \u00e8 riconfermata presidente dei senior Coldiretti in Calabria","og_url":"https:\/\/progettotouring.it\/radiotouring104\/2023\/06\/23\/coldiretti-calabria-leuzzi-confermata-presidente-dei-senior\/","og_site_name":"Radio Touring 104","article_published_time":"2023-06-23T13:08:37+00:00","og_image":[{"width":1400,"height":1400,"url":"https:\/\/progettotouring.it\/radiotouring104\/wp-content\/uploads\/sites\/6\/2023\/01\/coldiretti-calabria.jpg","type":"image\/jpeg"}],"author":"Filippo Francesco Idone","twitter_card":"summary_large_image","twitter_misc":{"Scritto da":"Filippo Francesco Idone","Tempo di lettura stimato":"2 minuti"},"schema":{"@context":"https:\/\/schema.org","@graph":[{"@type":"Article","@id":"https:\/\/progettotouring.it\/radiotouring104\/2023\/06\/23\/coldiretti-calabria-leuzzi-confermata-presidente-dei-senior\/#article","isPartOf":{"@id":"https:\/\/progettotouring.it\/radiotouring104\/2023\/06\/23\/coldiretti-calabria-leuzzi-confermata-presidente-dei-senior\/"},"author":{"name":"Filippo Francesco Idone","@id":"https:\/\/progettotouring.it\/radiotouring104\/#\/schema\/person\/4a82259ca52ac8702ad1a8f9e5a3120b"},"headline":"Coldiretti Calabria: Leuzzi confermata presidente dei senior","datePublished":"2023-06-23T13:08:37+00:00","mainEntityOfPage":{"@id":"https:\/\/progettotouring.it\/radiotouring104\/2023\/06\/23\/coldiretti-calabria-leuzzi-confermata-presidente-dei-senior\/"},"wordCount":425,"publisher":{"@id":"https:\/\/progettotouring.it\/radiotouring104\/#organization"},"image":{"@id":"https:\/\/progettotouring.it\/radiotouring104\/2023\/06\/23\/coldiretti-calabria-leuzzi-confermata-presidente-dei-senior\/#primaryimage"},"thumbnailUrl":"https:\/\/progettotouring.it\/radiotouring104\/wp-content\/uploads\/sites\/6\/2023\/01\/coldiretti-calabria.jpg","keywords":["Coldiretti Calabria","Domenico Lazzaro","Elvira leuzzi","Francesco caruso","Massimo Maneli"],"articleSection":["News"],"inLanguage":"it-IT"},{"@type":"WebPage","@id":"https:\/\/progettotouring.it\/radiotouring104\/2023\/06\/23\/coldiretti-calabria-leuzzi-confermata-presidente-dei-senior\/","url":"https:\/\/progettotouring.it\/radiotouring104\/2023\/06\/23\/coldiretti-calabria-leuzzi-confermata-presidente-dei-senior\/","name":"Coldiretti Calabria: Leuzzi confermata presidente dei senior - Radio Touring 104","isPartOf":{"@id":"https:\/\/progettotouring.it\/radiotouring104\/#website"},"primaryImageOfPage":{"@id":"https:\/\/progettotouring.it\/radiotouring104\/2023\/06\/23\/coldiretti-calabria-leuzzi-confermata-presidente-dei-senior\/#primaryimage"},"image":{"@id":"https:\/\/progettotouring.it\/radiotouring104\/2023\/06\/23\/coldiretti-calabria-leuzzi-confermata-presidente-dei-senior\/#primaryimage"},"thumbnailUrl":"https:\/\/progettotouring.it\/radiotouring104\/wp-content\/uploads\/sites\/6\/2023\/01\/coldiretti-calabria.jpg","datePublished":"2023-06-23T13:08:37+00:00","description":"Leuzzi, titolare di un\u2019azienda bergamotticola di Reggio Calabria, \u00e8 riconfermata presidente dei senior Coldiretti in Calabria","breadcrumb":{"@id":"https:\/\/progettotouring.it\/radiotouring104\/2023\/06\/23\/coldiretti-calabria-leuzzi-confermata-presidente-dei-senior\/#breadcrumb"},"inLanguage":"it-IT","potentialAction":[{"@type":"ReadAction","target":["https:\/\/progettotouring.it\/radiotouring104\/2023\/06\/23\/coldiretti-calabria-leuzzi-confermata-presidente-dei-senior\/"]}]},{"@type":"ImageObject","inLanguage":"it-IT","@id":"https:\/\/progettotouring.it\/radiotouring104\/2023\/06\/23\/coldiretti-calabria-leuzzi-confermata-presidente-dei-senior\/#primaryimage","url":"https:\/\/progettotouring.it\/radiotouring104\/wp-content\/uploads\/sites\/6\/2023\/01\/coldiretti-calabria.jpg","contentUrl":"https:\/\/progettotouring.it\/radiotouring104\/wp-content\/uploads\/sites\/6\/2023\/01\/coldiretti-calabria.jpg","width":1400,"height":1400},{"@type":"BreadcrumbList","@id":"https:\/\/progettotouring.it\/radiotouring104\/2023\/06\/23\/coldiretti-calabria-leuzzi-confermata-presidente-dei-senior\/#breadcrumb","itemListElement":[{"@type":"ListItem","position":1,"name":"Home","item":"https:\/\/progettotouring.it\/radiotouring104\/"},{"@type":"ListItem","position":2,"name":"Coldiretti Calabria: Leuzzi confermata presidente dei senior"}]},{"@type":"WebSite","@id":"https:\/\/progettotouring.it\/radiotouring104\/#website","url":"https:\/\/progettotouring.it\/radiotouring104\/","name":"Radio Touring 104","description":"La prima radio Reggina","publisher":{"@id":"https:\/\/progettotouring.it\/radiotouring104\/#organization"},"potentialAction":[{"@type":"SearchAction","target":{"@type":"EntryPoint","urlTemplate":"https:\/\/progettotouring.it\/radiotouring104\/?s={search_term_string}"},"query-input":{"@type":"PropertyValueSpecification","valueRequired":true,"valueName":"search_term_string"}}],"inLanguage":"it-IT"},{"@type":"Organization","@id":"https:\/\/progettotouring.it\/radiotouring104\/#organization","name":"Radio Touring 104","url":"https:\/\/progettotouring.it\/radiotouring104\/","logo":{"@type":"ImageObject","inLanguage":"it-IT","@id":"https:\/\/progettotouring.it\/radiotouring104\/#\/schema\/logo\/image\/","url":"https:\/\/progettotouring.it\/radiotouring104\/wp-content\/uploads\/sites\/6\/2022\/02\/cropped-logo-radio-touring-104.png","contentUrl":"https:\/\/progettotouring.it\/radiotouring104\/wp-content\/uploads\/sites\/6\/2022\/02\/cropped-logo-radio-touring-104.png","width":377,"height":182,"caption":"Radio Touring 104"},"image":{"@id":"https:\/\/progettotouring.it\/radiotouring104\/#\/schema\/logo\/image\/"}},{"@type":"Person","@id":"https:\/\/progettotouring.it\/radiotouring104\/#\/schema\/person\/4a82259ca52ac8702ad1a8f9e5a3120b","name":"Filippo Francesco Idone","image":{"@type":"ImageObject","inLanguage":"it-IT","@id":"https:\/\/secure.gravatar.com\/avatar\/7268715d2366395c3dd314385670e6484117d44f5c442e61e230f7008b7b62d3?s=96&d=mm&r=g","url":"https:\/\/secure.gravatar.com\/avatar\/7268715d2366395c3dd314385670e6484117d44f5c442e61e230f7008b7b62d3?s=96&d=mm&r=g","contentUrl":"https:\/\/secure.gravatar.com\/avatar\/7268715d2366395c3dd314385670e6484117d44f5c442e61e230f7008b7b62d3?s=96&d=mm&r=g","caption":"Filippo Francesco Idone"},"url":"https:\/\/progettotouring.it\/radiotouring104\/author\/filippoidone\/"}]}},"jetpack_publicize_connections":[],"jetpack_featured_media_url":"https:\/\/progettotouring.it\/radiotouring104\/wp-content\/uploads\/sites\/6\/2023\/01\/coldiretti-calabria.jpg","jetpack_sharing_enabled":true,"_links":{"self":[{"href":"https:\/\/progettotouring.it\/radiotouring104\/wp-json\/wp\/v2\/posts\/28802","targetHints":{"allow":["GET"]}}],"collection":[{"href":"https:\/\/progettotouring.it\/radiotouring104\/wp-json\/wp\/v2\/posts"}],"about":[{"href":"https:\/\/progettotouring.it\/radiotouring104\/wp-json\/wp\/v2\/types\/post"}],"author":[{"embeddable":true,"href":"https:\/\/progettotouring.it\/radiotouring104\/wp-json\/wp\/v2\/users\/8"}],"replies":[{"embeddable":true,"href":"https:\/\/progettotouring.it\/radiotouring104\/wp-json\/wp\/v2\/comments?post=28802"}],"version-history":[{"count":1,"href":"https:\/\/progettotouring.it\/radiotouring104\/wp-json\/wp\/v2\/posts\/28802\/revisions"}],"predecessor-version":[{"id":28803,"href":"https:\/\/progettotouring.it\/radiotouring104\/wp-json\/wp\/v2\/posts\/28802\/revisions\/28803"}],"wp:featuredmedia":[{"embeddable":true,"href":"https:\/\/progettotouring.it\/radiotouring104\/wp-json\/wp\/v2\/media\/17125"}],"wp:attachment":[{"href":"https:\/\/progettotouring.it\/radiotouring104\/wp-json\/wp\/v2\/media?parent=28802"}],"wp:term":[{"taxonomy":"category","embeddable":true,"href":"https:\/\/progettotouring.it\/radiotouring104\/wp-json\/wp\/v2\/categories?post=28802"},{"taxonomy":"post_tag","embeddable":true,"href":"https:\/\/progettotouring.it\/radiotouring104\/wp-json\/wp\/v2\/tags?post=28802"}],"curies":[{"name":"wp","href":"https:\/\/api.w.org\/{rel}","templated":true}]}}