{"id":28807,"date":"2023-06-23T15:58:00","date_gmt":"2023-06-23T13:58:00","guid":{"rendered":"https:\/\/progettotouring.it\/radiotouring104\/?p=28807"},"modified":"2023-06-23T16:12:35","modified_gmt":"2023-06-23T14:12:35","slug":"reggio-calabria-ritorna-il-premio-muse-estate-2023","status":"publish","type":"post","link":"https:\/\/progettotouring.it\/radiotouring104\/2023\/06\/23\/reggio-calabria-ritorna-il-premio-muse-estate-2023\/","title":{"rendered":"Reggio Calabria: ritorna il Premio Muse Estate 2023"},"content":{"rendered":"<p style=\"text-align: justify\">Ritorna il Premio Muse versione Estate 2023. Un riconoscimento che da 23 anni viene ritirato da volti e personalit\u00e0 importanti del panorama nazionale e non solo e che coincide con l\u2019inizio della programmazione invernale ed estiva della nota associazione culturale calabrese.<\/p>\n<p style=\"text-align: justify\">Si aprir\u00e0 domenica 2 luglio 2023 alle ore 21 la stagione culturale estiva del Laboratorio delle Arti e delle Lettere \u201cLe Muse\u201d di <strong>Reggio Calabria<\/strong>, inaugurazione che \u00e8 occasione per l\u2019assegnazione dell\u2019importante \u201cPremio\u201d che ha visto \u00a0negli anni come testimonial \u00a0tra gli altri <strong>Rosanna<\/strong> <strong>Cancellieri<\/strong> \u2013 conduttrice Rai, Michele Gaudiomonte \u2013 stilista, Emilia Costantini \u2013 capo servizio cultura del Corriere della Sera, \u00a0Alda D\u2019Eusanio \u2013 conduttrice televisiva, Fioretta Mari \u2013 attrice, Roberto Bilotti Ruggi D\u2019Aragona \u2013 mecenate, Beatrice Feo Filangeri \u2013 nobile normanna, Micaela \u2013 cantante, S. E. Mons. Milito \u2013 vice presidente della Conferenza Episcopale Calabra, Cesare Mul\u00e8 \u2013 storico, Anton Giulio Grande \u2013 stilista, \u00a0Odette Nicoletti \u2013 costumista \u2013 <strong>Tonino Raffa<\/strong> \u2013 giornalista Rai, Anna Maria Galgano presidente Fondazione Rodolfo Valentino, Franco Pascale \u2013 presidente Fondazione Leoncavallo, Mons. Liberto \u2013 gi\u00e0 direttore del Coro Pontificio, Antonio Marziale \u2013 presidente Osservatorio sui Minori, Giacomo Battaglia \u2013 attore, <strong>Gigi<\/strong> <strong>Misefari<\/strong> \u2013 attore, Marinetta Saglio \u2013 fotografa, Vivien Hewitt \u2013 regista e costumista, Lella Golfo \u2013 presidente della Fondazione Marisa Bellissario, Giuseppe Garufi \u2013 presidente nazionale Adisco, Paola Marella architetto e conduttrice, Loris Cherubini e Giovanni Amato \u2013 imprenditori. \u00a0L\u2019associazione culturale<\/p>\n<p style=\"text-align: justify\">\u201cLe Muse \u2013 Laboratorio delle Arti e delle Lettere\u201d per questa nuova edizione ha pensato di creare ben due eventi per il noto riconoscimento. Il primo sar\u00e0 domenica 2 luglio con l\u2019apertura ufficiale del Cortile delle Muse di via San Giuseppe 19 alle ore 21. Presente per la consegna ufficiale la notissima Adriana Pannitteri. Giornalista, lavora al tg1 Rai. Ha seguito come inviata i casi pi\u00f9 scottanti di cronaca. Ha pubblicato tra gli altri i saggi: Madri assassine, diario da Castiglione delle Stiviere (Alberto Gaffi editore, 2006); Vite sospese, eutanasia un diritto? (Aliberti editore, 2007); La vita senza limiti con Beppino Englaro (Rizzoli, 2009); La pazzia dimenticata, viaggio negli ospedali psichiatrici giudiziari (L\u2019asino d\u2019oro, 2013); Malattia mentale e zone d\u2019ombra, diario di una giornalista (Edizione Grifo, 2021) e In nome del popolo televisivo (Vallecchi, 2022), scritto con il magistrato Valerio de Gioia. Cronaca di un delitto annunciato sulla problematica del femminicidio (L\u2019asino d\u2019oro, 2017) \u00e8 il suo primo romanzo. Il suo ultimo romanzo, La forza delle donne (Giulio Perrone Editore, 2020), \u00e8 dedicato alla problematica del femminicidio e rivolto in particolare ai ragazzi. Attualmente lavora al tg1 ed \u00e8 vicecaporedattrice a Tv7- Speciali. Fa parte di <strong>Netforpp<\/strong>, ente di ricerca psichiatrica, con il quale organizza i corsi di formazione professionali su tematiche sensibili in collaborazione con l\u2019Ordine dei giornalisti. Ha realizzato lo Speciale Tg1 \u201cCarramba! Che Carr\u00e0\u201d, andato in onda il 10 luglio 2022. Ed in tale occasione verr\u00e0 dato spazio alla sua ultima pubblicazione \u201cRaffaella Carra\u2019 \u2013 La ragazza perfetta\u201d edito da Morellini Editore.<\/p>\n<p style=\"text-align: justify\">Il secondo appuntamento sar\u00e0 il 9 luglio sempre al Cortile delle Muse alle ore 21 \u00a0per la consegna del secondo <strong>Premio Muse Estate 2023<\/strong> a <strong>Anna<\/strong> <strong>Barbaro<\/strong>. Anna ragazza non vedente della nazionale di paratriathlon, era musicista ed ingegnere soddisfatta degli splendidi traguardi che aveva raggiunto nel 2010, ho iniziato perdere la vista. Diventata ipovedente nel giro di 3 mesi e in 6 mesi la luce si spegne del tutto: diventando non vedente forse per un virus o il morbo d\u00ec Leber che ha causato l&#8217;atrofia dei miei nervi ottici. Dopo gli ultimi accertamenti fatti a Napoli, decide di reagire, di ricominciare a vivere. Recupera tutta la grinta che ha ancora dentro, stabilisce un nuovo percorso dei nuovi obiettivi e si avvicina cos\u00ec al nuoto, acquistando pi\u00f9 padronanza del suo corpo, migliorando la sua percezione della dimensione e dell\u2019equilibrio grazie al \u00a0suo allenatore <strong>Giuseppe Laface<\/strong> e alla prima societ\u00e0 la <strong>Asved<\/strong> con <strong>Noi Rc<\/strong>. In seguito, all&#8217;interno della nuova societ\u00e0 la polisportiva team14, si avvicina all\u2019atletica e al ciclismo, dall&#8217;unione di queste nuove due passioni inizia la pratica del paraTriathlon, che in seguito l\u2019ha condotta ad essere tesserata con la Minerva triathlon Roma poi alle Woman triathlon Italia fino ad approdare grazie a\u00a0 Charlotte Bonin nel GS Fiamme Azzurre ad un progetto che l\u2019ha supportata fino a Tokyo e anche oltre. Il suo medagliere \u00e8 molto ricco: la medaglia d\u2019argento ai giochi paralimpici di Tokyo 2020 a fine 2021 a Abu Dhabi ho vinto l\u2019argento al Mondiale.<\/p>\n<p style=\"text-align: justify\">Ed oggi oltre ad essere un\u2019atleta della Nazionale di paratriathlon collabora come ingegnere e tiflologa con varie associazioni con le quali crea apparecchiature free che aiutano i non vedenti ad essere autonomi nella propria quotidianit\u00e0. Un premio come oggi pi\u00f9 che mai ci conduce a sentire il senso dell\u2019appartenenza, dell\u2019inclusione e la percezione del valore di ognuno nella societ\u00e0 poich\u00e9 l\u2019appartenenza \u00e8 bisogno fondamentale dell\u2019essere umano ed occorre cos\u00ec identificarsi per poter avvertire il senso del \u2013noi-.<\/p>\n","protected":false},"excerpt":{"rendered":"<p>Ritorna il Premio Muse versione Estate 2023. Un riconoscimento che da 23 anni viene ritirato da volti e personalit\u00e0 importanti del panorama nazionale e non solo e che coincide con&hellip;<\/p>\n","protected":false},"author":8,"featured_media":12694,"comment_status":"closed","ping_status":"open","sticky":false,"template":"","format":"standard","meta":{"_jetpack_memberships_contains_paid_content":false,"footnotes":"","jetpack_publicize_message":"","jetpack_publicize_feature_enabled":true,"jetpack_social_post_already_shared":false,"jetpack_social_options":{"image_generator_settings":{"template":"highway","default_image_id":0,"font":"","enabled":false},"version":2}},"categories":[921,196,140],"tags":[10673,17627,17626],"class_list":["post-28807","post","type-post","status-publish","format-standard","has-post-thumbnail","hentry","category-home","category-news","category-reggio-calabria","tag-anna-barbaro","tag-giuseppe-laface","tag-premio-muse-versione-estate-2023"],"yoast_head":"<!-- This site is optimized with the Yoast SEO plugin v27.2 - https:\/\/yoast.com\/product\/yoast-seo-wordpress\/ -->\n<title>Reggio Calabria: ritorna il Premio Muse Estate 2023 - Radio Touring 104<\/title>\n<meta name=\"description\" content=\"Il Laboratorio delle Arti e delle Lettere \u201cLe Muse\u201d premia Adriana Pannitteri e Anna Barbaro con i Muse Estate Awards 2023\" \/>\n<meta name=\"robots\" content=\"index, follow, max-snippet:-1, max-image-preview:large, max-video-preview:-1\" \/>\n<link rel=\"canonical\" href=\"https:\/\/progettotouring.it\/radiotouring104\/2023\/06\/23\/reggio-calabria-ritorna-il-premio-muse-estate-2023\/\" \/>\n<meta property=\"og:locale\" content=\"it_IT\" \/>\n<meta property=\"og:type\" content=\"article\" \/>\n<meta property=\"og:title\" content=\"Reggio Calabria: ritorna il Premio Muse Estate 2023 - Radio Touring 104\" \/>\n<meta property=\"og:description\" content=\"Il Laboratorio delle Arti e delle Lettere \u201cLe Muse\u201d premia Adriana Pannitteri e Anna Barbaro con i Muse Estate Awards 2023\" \/>\n<meta property=\"og:url\" content=\"https:\/\/progettotouring.it\/radiotouring104\/2023\/06\/23\/reggio-calabria-ritorna-il-premio-muse-estate-2023\/\" \/>\n<meta property=\"og:site_name\" content=\"Radio Touring 104\" \/>\n<meta property=\"article:published_time\" content=\"2023-06-23T13:58:00+00:00\" \/>\n<meta property=\"article:modified_time\" content=\"2023-06-23T14:12:35+00:00\" \/>\n<meta property=\"og:image\" content=\"https:\/\/progettotouring.it\/radiotouring104\/wp-content\/uploads\/sites\/6\/2022\/11\/livoti.jpg\" \/>\n\t<meta property=\"og:image:width\" content=\"726\" \/>\n\t<meta property=\"og:image:height\" content=\"484\" \/>\n\t<meta property=\"og:image:type\" content=\"image\/jpeg\" \/>\n<meta name=\"author\" content=\"Filippo Francesco Idone\" \/>\n<meta name=\"twitter:card\" content=\"summary_large_image\" \/>\n<meta name=\"twitter:label1\" content=\"Scritto da\" \/>\n\t<meta name=\"twitter:data1\" content=\"Filippo Francesco Idone\" \/>\n\t<meta name=\"twitter:label2\" content=\"Tempo di lettura stimato\" \/>\n\t<meta name=\"twitter:data2\" content=\"4 minuti\" \/>\n<script type=\"application\/ld+json\" class=\"yoast-schema-graph\">{\"@context\":\"https:\/\/schema.org\",\"@graph\":[{\"@type\":\"Article\",\"@id\":\"https:\/\/progettotouring.it\/radiotouring104\/2023\/06\/23\/reggio-calabria-ritorna-il-premio-muse-estate-2023\/#article\",\"isPartOf\":{\"@id\":\"https:\/\/progettotouring.it\/radiotouring104\/2023\/06\/23\/reggio-calabria-ritorna-il-premio-muse-estate-2023\/\"},\"author\":{\"name\":\"Filippo Francesco Idone\",\"@id\":\"https:\/\/progettotouring.it\/radiotouring104\/#\/schema\/person\/4a82259ca52ac8702ad1a8f9e5a3120b\"},\"headline\":\"Reggio Calabria: ritorna il Premio Muse Estate 2023\",\"datePublished\":\"2023-06-23T13:58:00+00:00\",\"dateModified\":\"2023-06-23T14:12:35+00:00\",\"mainEntityOfPage\":{\"@id\":\"https:\/\/progettotouring.it\/radiotouring104\/2023\/06\/23\/reggio-calabria-ritorna-il-premio-muse-estate-2023\/\"},\"wordCount\":784,\"publisher\":{\"@id\":\"https:\/\/progettotouring.it\/radiotouring104\/#organization\"},\"image\":{\"@id\":\"https:\/\/progettotouring.it\/radiotouring104\/2023\/06\/23\/reggio-calabria-ritorna-il-premio-muse-estate-2023\/#primaryimage\"},\"thumbnailUrl\":\"https:\/\/progettotouring.it\/radiotouring104\/wp-content\/uploads\/sites\/6\/2022\/11\/livoti.jpg\",\"keywords\":[\"Anna Barbaro\",\"Giuseppe Laface\",\"Premio Muse versione Estate 2023\"],\"articleSection\":[\"Home\",\"News\",\"Reggio Calabria\"],\"inLanguage\":\"it-IT\"},{\"@type\":\"WebPage\",\"@id\":\"https:\/\/progettotouring.it\/radiotouring104\/2023\/06\/23\/reggio-calabria-ritorna-il-premio-muse-estate-2023\/\",\"url\":\"https:\/\/progettotouring.it\/radiotouring104\/2023\/06\/23\/reggio-calabria-ritorna-il-premio-muse-estate-2023\/\",\"name\":\"Reggio Calabria: ritorna il Premio Muse Estate 2023 - Radio Touring 104\",\"isPartOf\":{\"@id\":\"https:\/\/progettotouring.it\/radiotouring104\/#website\"},\"primaryImageOfPage\":{\"@id\":\"https:\/\/progettotouring.it\/radiotouring104\/2023\/06\/23\/reggio-calabria-ritorna-il-premio-muse-estate-2023\/#primaryimage\"},\"image\":{\"@id\":\"https:\/\/progettotouring.it\/radiotouring104\/2023\/06\/23\/reggio-calabria-ritorna-il-premio-muse-estate-2023\/#primaryimage\"},\"thumbnailUrl\":\"https:\/\/progettotouring.it\/radiotouring104\/wp-content\/uploads\/sites\/6\/2022\/11\/livoti.jpg\",\"datePublished\":\"2023-06-23T13:58:00+00:00\",\"dateModified\":\"2023-06-23T14:12:35+00:00\",\"description\":\"Il Laboratorio delle Arti e delle Lettere \u201cLe Muse\u201d premia Adriana Pannitteri e Anna Barbaro con i Muse Estate Awards 2023\",\"breadcrumb\":{\"@id\":\"https:\/\/progettotouring.it\/radiotouring104\/2023\/06\/23\/reggio-calabria-ritorna-il-premio-muse-estate-2023\/#breadcrumb\"},\"inLanguage\":\"it-IT\",\"potentialAction\":[{\"@type\":\"ReadAction\",\"target\":[\"https:\/\/progettotouring.it\/radiotouring104\/2023\/06\/23\/reggio-calabria-ritorna-il-premio-muse-estate-2023\/\"]}]},{\"@type\":\"ImageObject\",\"inLanguage\":\"it-IT\",\"@id\":\"https:\/\/progettotouring.it\/radiotouring104\/2023\/06\/23\/reggio-calabria-ritorna-il-premio-muse-estate-2023\/#primaryimage\",\"url\":\"https:\/\/progettotouring.it\/radiotouring104\/wp-content\/uploads\/sites\/6\/2022\/11\/livoti.jpg\",\"contentUrl\":\"https:\/\/progettotouring.it\/radiotouring104\/wp-content\/uploads\/sites\/6\/2022\/11\/livoti.jpg\",\"width\":726,\"height\":484},{\"@type\":\"BreadcrumbList\",\"@id\":\"https:\/\/progettotouring.it\/radiotouring104\/2023\/06\/23\/reggio-calabria-ritorna-il-premio-muse-estate-2023\/#breadcrumb\",\"itemListElement\":[{\"@type\":\"ListItem\",\"position\":1,\"name\":\"Home\",\"item\":\"https:\/\/progettotouring.it\/radiotouring104\/\"},{\"@type\":\"ListItem\",\"position\":2,\"name\":\"Reggio Calabria: ritorna il Premio Muse Estate 2023\"}]},{\"@type\":\"WebSite\",\"@id\":\"https:\/\/progettotouring.it\/radiotouring104\/#website\",\"url\":\"https:\/\/progettotouring.it\/radiotouring104\/\",\"name\":\"Radio Touring 104\",\"description\":\"La prima radio Reggina\",\"publisher\":{\"@id\":\"https:\/\/progettotouring.it\/radiotouring104\/#organization\"},\"potentialAction\":[{\"@type\":\"SearchAction\",\"target\":{\"@type\":\"EntryPoint\",\"urlTemplate\":\"https:\/\/progettotouring.it\/radiotouring104\/?s={search_term_string}\"},\"query-input\":{\"@type\":\"PropertyValueSpecification\",\"valueRequired\":true,\"valueName\":\"search_term_string\"}}],\"inLanguage\":\"it-IT\"},{\"@type\":\"Organization\",\"@id\":\"https:\/\/progettotouring.it\/radiotouring104\/#organization\",\"name\":\"Radio Touring 104\",\"url\":\"https:\/\/progettotouring.it\/radiotouring104\/\",\"logo\":{\"@type\":\"ImageObject\",\"inLanguage\":\"it-IT\",\"@id\":\"https:\/\/progettotouring.it\/radiotouring104\/#\/schema\/logo\/image\/\",\"url\":\"https:\/\/progettotouring.it\/radiotouring104\/wp-content\/uploads\/sites\/6\/2022\/02\/cropped-logo-radio-touring-104.png\",\"contentUrl\":\"https:\/\/progettotouring.it\/radiotouring104\/wp-content\/uploads\/sites\/6\/2022\/02\/cropped-logo-radio-touring-104.png\",\"width\":377,\"height\":182,\"caption\":\"Radio Touring 104\"},\"image\":{\"@id\":\"https:\/\/progettotouring.it\/radiotouring104\/#\/schema\/logo\/image\/\"}},{\"@type\":\"Person\",\"@id\":\"https:\/\/progettotouring.it\/radiotouring104\/#\/schema\/person\/4a82259ca52ac8702ad1a8f9e5a3120b\",\"name\":\"Filippo Francesco Idone\",\"image\":{\"@type\":\"ImageObject\",\"inLanguage\":\"it-IT\",\"@id\":\"https:\/\/secure.gravatar.com\/avatar\/7268715d2366395c3dd314385670e6484117d44f5c442e61e230f7008b7b62d3?s=96&d=mm&r=g\",\"url\":\"https:\/\/secure.gravatar.com\/avatar\/7268715d2366395c3dd314385670e6484117d44f5c442e61e230f7008b7b62d3?s=96&d=mm&r=g\",\"contentUrl\":\"https:\/\/secure.gravatar.com\/avatar\/7268715d2366395c3dd314385670e6484117d44f5c442e61e230f7008b7b62d3?s=96&d=mm&r=g\",\"caption\":\"Filippo Francesco Idone\"},\"url\":\"https:\/\/progettotouring.it\/radiotouring104\/author\/filippoidone\/\"}]}<\/script>\n<!-- \/ Yoast SEO plugin. -->","yoast_head_json":{"title":"Reggio Calabria: ritorna il Premio Muse Estate 2023 - Radio Touring 104","description":"Il Laboratorio delle Arti e delle Lettere \u201cLe Muse\u201d premia Adriana Pannitteri e Anna Barbaro con i Muse Estate Awards 2023","robots":{"index":"index","follow":"follow","max-snippet":"max-snippet:-1","max-image-preview":"max-image-preview:large","max-video-preview":"max-video-preview:-1"},"canonical":"https:\/\/progettotouring.it\/radiotouring104\/2023\/06\/23\/reggio-calabria-ritorna-il-premio-muse-estate-2023\/","og_locale":"it_IT","og_type":"article","og_title":"Reggio Calabria: ritorna il Premio Muse Estate 2023 - Radio Touring 104","og_description":"Il Laboratorio delle Arti e delle Lettere \u201cLe Muse\u201d premia Adriana Pannitteri e Anna Barbaro con i Muse Estate Awards 2023","og_url":"https:\/\/progettotouring.it\/radiotouring104\/2023\/06\/23\/reggio-calabria-ritorna-il-premio-muse-estate-2023\/","og_site_name":"Radio Touring 104","article_published_time":"2023-06-23T13:58:00+00:00","article_modified_time":"2023-06-23T14:12:35+00:00","og_image":[{"width":726,"height":484,"url":"https:\/\/progettotouring.it\/radiotouring104\/wp-content\/uploads\/sites\/6\/2022\/11\/livoti.jpg","type":"image\/jpeg"}],"author":"Filippo Francesco Idone","twitter_card":"summary_large_image","twitter_misc":{"Scritto da":"Filippo Francesco Idone","Tempo di lettura stimato":"4 minuti"},"schema":{"@context":"https:\/\/schema.org","@graph":[{"@type":"Article","@id":"https:\/\/progettotouring.it\/radiotouring104\/2023\/06\/23\/reggio-calabria-ritorna-il-premio-muse-estate-2023\/#article","isPartOf":{"@id":"https:\/\/progettotouring.it\/radiotouring104\/2023\/06\/23\/reggio-calabria-ritorna-il-premio-muse-estate-2023\/"},"author":{"name":"Filippo Francesco Idone","@id":"https:\/\/progettotouring.it\/radiotouring104\/#\/schema\/person\/4a82259ca52ac8702ad1a8f9e5a3120b"},"headline":"Reggio Calabria: ritorna il Premio Muse Estate 2023","datePublished":"2023-06-23T13:58:00+00:00","dateModified":"2023-06-23T14:12:35+00:00","mainEntityOfPage":{"@id":"https:\/\/progettotouring.it\/radiotouring104\/2023\/06\/23\/reggio-calabria-ritorna-il-premio-muse-estate-2023\/"},"wordCount":784,"publisher":{"@id":"https:\/\/progettotouring.it\/radiotouring104\/#organization"},"image":{"@id":"https:\/\/progettotouring.it\/radiotouring104\/2023\/06\/23\/reggio-calabria-ritorna-il-premio-muse-estate-2023\/#primaryimage"},"thumbnailUrl":"https:\/\/progettotouring.it\/radiotouring104\/wp-content\/uploads\/sites\/6\/2022\/11\/livoti.jpg","keywords":["Anna Barbaro","Giuseppe Laface","Premio Muse versione Estate 2023"],"articleSection":["Home","News","Reggio Calabria"],"inLanguage":"it-IT"},{"@type":"WebPage","@id":"https:\/\/progettotouring.it\/radiotouring104\/2023\/06\/23\/reggio-calabria-ritorna-il-premio-muse-estate-2023\/","url":"https:\/\/progettotouring.it\/radiotouring104\/2023\/06\/23\/reggio-calabria-ritorna-il-premio-muse-estate-2023\/","name":"Reggio Calabria: ritorna il Premio Muse Estate 2023 - Radio Touring 104","isPartOf":{"@id":"https:\/\/progettotouring.it\/radiotouring104\/#website"},"primaryImageOfPage":{"@id":"https:\/\/progettotouring.it\/radiotouring104\/2023\/06\/23\/reggio-calabria-ritorna-il-premio-muse-estate-2023\/#primaryimage"},"image":{"@id":"https:\/\/progettotouring.it\/radiotouring104\/2023\/06\/23\/reggio-calabria-ritorna-il-premio-muse-estate-2023\/#primaryimage"},"thumbnailUrl":"https:\/\/progettotouring.it\/radiotouring104\/wp-content\/uploads\/sites\/6\/2022\/11\/livoti.jpg","datePublished":"2023-06-23T13:58:00+00:00","dateModified":"2023-06-23T14:12:35+00:00","description":"Il Laboratorio delle Arti e delle Lettere \u201cLe Muse\u201d premia Adriana Pannitteri e Anna Barbaro con i Muse Estate Awards 2023","breadcrumb":{"@id":"https:\/\/progettotouring.it\/radiotouring104\/2023\/06\/23\/reggio-calabria-ritorna-il-premio-muse-estate-2023\/#breadcrumb"},"inLanguage":"it-IT","potentialAction":[{"@type":"ReadAction","target":["https:\/\/progettotouring.it\/radiotouring104\/2023\/06\/23\/reggio-calabria-ritorna-il-premio-muse-estate-2023\/"]}]},{"@type":"ImageObject","inLanguage":"it-IT","@id":"https:\/\/progettotouring.it\/radiotouring104\/2023\/06\/23\/reggio-calabria-ritorna-il-premio-muse-estate-2023\/#primaryimage","url":"https:\/\/progettotouring.it\/radiotouring104\/wp-content\/uploads\/sites\/6\/2022\/11\/livoti.jpg","contentUrl":"https:\/\/progettotouring.it\/radiotouring104\/wp-content\/uploads\/sites\/6\/2022\/11\/livoti.jpg","width":726,"height":484},{"@type":"BreadcrumbList","@id":"https:\/\/progettotouring.it\/radiotouring104\/2023\/06\/23\/reggio-calabria-ritorna-il-premio-muse-estate-2023\/#breadcrumb","itemListElement":[{"@type":"ListItem","position":1,"name":"Home","item":"https:\/\/progettotouring.it\/radiotouring104\/"},{"@type":"ListItem","position":2,"name":"Reggio Calabria: ritorna il Premio Muse Estate 2023"}]},{"@type":"WebSite","@id":"https:\/\/progettotouring.it\/radiotouring104\/#website","url":"https:\/\/progettotouring.it\/radiotouring104\/","name":"Radio Touring 104","description":"La prima radio Reggina","publisher":{"@id":"https:\/\/progettotouring.it\/radiotouring104\/#organization"},"potentialAction":[{"@type":"SearchAction","target":{"@type":"EntryPoint","urlTemplate":"https:\/\/progettotouring.it\/radiotouring104\/?s={search_term_string}"},"query-input":{"@type":"PropertyValueSpecification","valueRequired":true,"valueName":"search_term_string"}}],"inLanguage":"it-IT"},{"@type":"Organization","@id":"https:\/\/progettotouring.it\/radiotouring104\/#organization","name":"Radio Touring 104","url":"https:\/\/progettotouring.it\/radiotouring104\/","logo":{"@type":"ImageObject","inLanguage":"it-IT","@id":"https:\/\/progettotouring.it\/radiotouring104\/#\/schema\/logo\/image\/","url":"https:\/\/progettotouring.it\/radiotouring104\/wp-content\/uploads\/sites\/6\/2022\/02\/cropped-logo-radio-touring-104.png","contentUrl":"https:\/\/progettotouring.it\/radiotouring104\/wp-content\/uploads\/sites\/6\/2022\/02\/cropped-logo-radio-touring-104.png","width":377,"height":182,"caption":"Radio Touring 104"},"image":{"@id":"https:\/\/progettotouring.it\/radiotouring104\/#\/schema\/logo\/image\/"}},{"@type":"Person","@id":"https:\/\/progettotouring.it\/radiotouring104\/#\/schema\/person\/4a82259ca52ac8702ad1a8f9e5a3120b","name":"Filippo Francesco Idone","image":{"@type":"ImageObject","inLanguage":"it-IT","@id":"https:\/\/secure.gravatar.com\/avatar\/7268715d2366395c3dd314385670e6484117d44f5c442e61e230f7008b7b62d3?s=96&d=mm&r=g","url":"https:\/\/secure.gravatar.com\/avatar\/7268715d2366395c3dd314385670e6484117d44f5c442e61e230f7008b7b62d3?s=96&d=mm&r=g","contentUrl":"https:\/\/secure.gravatar.com\/avatar\/7268715d2366395c3dd314385670e6484117d44f5c442e61e230f7008b7b62d3?s=96&d=mm&r=g","caption":"Filippo Francesco Idone"},"url":"https:\/\/progettotouring.it\/radiotouring104\/author\/filippoidone\/"}]}},"jetpack_publicize_connections":[],"jetpack_featured_media_url":"https:\/\/progettotouring.it\/radiotouring104\/wp-content\/uploads\/sites\/6\/2022\/11\/livoti.jpg","jetpack_sharing_enabled":true,"_links":{"self":[{"href":"https:\/\/progettotouring.it\/radiotouring104\/wp-json\/wp\/v2\/posts\/28807","targetHints":{"allow":["GET"]}}],"collection":[{"href":"https:\/\/progettotouring.it\/radiotouring104\/wp-json\/wp\/v2\/posts"}],"about":[{"href":"https:\/\/progettotouring.it\/radiotouring104\/wp-json\/wp\/v2\/types\/post"}],"author":[{"embeddable":true,"href":"https:\/\/progettotouring.it\/radiotouring104\/wp-json\/wp\/v2\/users\/8"}],"replies":[{"embeddable":true,"href":"https:\/\/progettotouring.it\/radiotouring104\/wp-json\/wp\/v2\/comments?post=28807"}],"version-history":[{"count":1,"href":"https:\/\/progettotouring.it\/radiotouring104\/wp-json\/wp\/v2\/posts\/28807\/revisions"}],"predecessor-version":[{"id":28808,"href":"https:\/\/progettotouring.it\/radiotouring104\/wp-json\/wp\/v2\/posts\/28807\/revisions\/28808"}],"wp:featuredmedia":[{"embeddable":true,"href":"https:\/\/progettotouring.it\/radiotouring104\/wp-json\/wp\/v2\/media\/12694"}],"wp:attachment":[{"href":"https:\/\/progettotouring.it\/radiotouring104\/wp-json\/wp\/v2\/media?parent=28807"}],"wp:term":[{"taxonomy":"category","embeddable":true,"href":"https:\/\/progettotouring.it\/radiotouring104\/wp-json\/wp\/v2\/categories?post=28807"},{"taxonomy":"post_tag","embeddable":true,"href":"https:\/\/progettotouring.it\/radiotouring104\/wp-json\/wp\/v2\/tags?post=28807"}],"curies":[{"name":"wp","href":"https:\/\/api.w.org\/{rel}","templated":true}]}}