{"id":28809,"date":"2023-06-23T15:59:00","date_gmt":"2023-06-23T13:59:00","guid":{"rendered":"https:\/\/progettotouring.it\/radiotouring104\/?p=28809"},"modified":"2023-06-23T16:26:36","modified_gmt":"2023-06-23T14:26:36","slug":"reggina-latella-ringrazia-cardona-una-delle-migliori-espressioni-della-reggio-sportiva","status":"publish","type":"post","link":"https:\/\/progettotouring.it\/radiotouring104\/2023\/06\/23\/reggina-latella-ringrazia-cardona-una-delle-migliori-espressioni-della-reggio-sportiva\/","title":{"rendered":"Reggina, Latella ringrazia Cardona: &#8220;Una delle migliori espressioni della Reggio sportiva&#8221;"},"content":{"rendered":"<p style=\"text-align: justify\"><em>&#8220;Una delle migliori espressioni della Reggio sportiva, in quest\u2019ultimo anno, \u00e8 stato, senza dubbio, il presidente<strong> Marcello Cardona<\/strong>. Lo avevamo detto all\u2019inizio di questa avventura, lo abbiamo ripetuto quando il campo consegnava splendide vittorie o cocenti sconfitte, lo ribadiamo adesso che il \u201cpi\u00f9 reggino\u201d della <strong>Reggina<\/strong> ha lasciato il suo incarico&#8221;<\/em>. E\u2019 quanto afferma il consigliere metropolitano delegato allo Sport, <strong>Giovanni<\/strong> <strong>Latella<\/strong>, sottolineando &#8220;<em>lo spessore umano e professionale di chi ha impresso un segno indelebile di legalit\u00e0 e decoro in un mondo, quello del calcio moderno, offuscato dai miliardi e dai mille interessi&#8221;.<\/em><\/p>\n<p style=\"text-align: justify\"><em>&#8220;Nel momento pi\u00f9 delicato della storia amaranto <\/em>&#8211; ha aggiunto \u2013<em> il ringraziamento pi\u00f9 grande va all\u2019uomo <strong>Marcello<\/strong> <strong>Cardona<\/strong>, capace di assegnare autorevolezza e credibilit\u00e0 istituzionale ad un progetto impegnato a scalare le diffidenze ereditate da un passato nebuloso e nefasto. Il nostro auspicio che anche il prossimo consiglio d&#8217;amministrazione della Reggina possa avere il contributo di un rappresentante del territorio, autenticamente legato ai principi identitari che sono propri della compagine amaranto&#8221;.<\/em><\/p>\n<p style=\"text-align: justify\"><em>&#8220;Per quanto ci riguarda l\u2019intero territorio <\/em>\u2013 ha proseguito Latella \u2013<em> \u00e8 orgoglioso di poter annoverare fra i propri concittadini una figura che, quando \u00e8 stata chiamata a misurarsi, ha sempre mantenuto alto il nome della <strong>Reggio<\/strong> operosa ed operaia, preparata, giusta, lontana dalle logiche che ammorbano ogni anelito di sviluppo e crescita. <strong>Cardona<\/strong>, nella sua esperienza in sella alla <strong>Reggina<\/strong>, ha davvero rappresentato un elemento di garanzia, di prestigio e credibilit\u00e0 ad ogni livello. Il mondo dello sport, a pi\u00f9 riprese, ne ha riconosciuto le doti e le qualit\u00e0, lo spessore di chi, nella compostezza e nell\u2019umilt\u00e0, ha contribuito a far emergere la parte migliore della nostra comunit\u00e0&#8221;.<\/em><\/p>\n<p style=\"text-align: justify\"><em>&#8220;Le sue dimissioni <\/em>\u2013 ha continuato il consigliere metropolitano \u2013<em> addolorano perch\u00e9 spazzano via il senso pi\u00f9 romantico di un calcio ormai in preda alle fascinazioni del dio denaro, dei nuovi mondi patinati degli emiri e dell\u2019alta finanza. Uno sport che sta smarrendo la sua peculiarit\u00e0 principale dell\u2019essere popolare, cio\u00e8 del popolo. I<strong> tifosi, in questo \u201cpot-pourri\u201d<\/strong> di incertezze, compromessi e continue oscillazioni, subiscono lo smarrimento ed il disorientamento di chi, impotente, non pu\u00f2 nulla di fronte all\u2019evoluzione dei tempi moderni ed a logiche che, col calcio giocato, c\u2019entrano poco o niente&#8221;. &#8220;<\/em><em>Ancora grazie, quindi, presidente <strong>Cardona<\/strong> \u2013<\/em> ha concluso Giovanni Latella \u2013<em> per quanto ha fatto e per ci\u00f2 che continuer\u00e0 a fare. Non \u00e8 vero che non esistono pi\u00f9 le bandiere. E non \u00e8 vero che gli idoli sono solo in mezzo al campo&#8221;.<\/em><\/p>\n<div><\/div>\n<div><\/div>\n","protected":false},"excerpt":{"rendered":"<p>&#8220;Una delle migliori espressioni della Reggio sportiva, in quest\u2019ultimo anno, \u00e8 stato, senza dubbio, il presidente Marcello Cardona. Lo avevamo detto all\u2019inizio di questa avventura, lo abbiamo ripetuto quando il&hellip;<\/p>\n","protected":false},"author":8,"featured_media":21936,"comment_status":"closed","ping_status":"open","sticky":false,"template":"","format":"standard","meta":{"_jetpack_memberships_contains_paid_content":false,"footnotes":"","jetpack_publicize_message":"","jetpack_publicize_feature_enabled":true,"jetpack_social_post_already_shared":false,"jetpack_social_options":{"image_generator_settings":{"template":"highway","default_image_id":0,"font":"","enabled":false},"version":2}},"categories":[196,140,144],"tags":[3141,3817,210],"class_list":["post-28809","post","type-post","status-publish","format-standard","has-post-thumbnail","hentry","category-news","category-reggio-calabria","category-sport","tag-cardona","tag-latella","tag-reggina"],"yoast_head":"<!-- This site is optimized with the Yoast SEO plugin v27.2 - https:\/\/yoast.com\/product\/yoast-seo-wordpress\/ -->\n<title>Reggina, Latella ringrazia Cardona: &quot;Una delle migliori espressioni della Reggio sportiva&quot; - Radio Touring 104<\/title>\n<meta name=\"description\" content=\"Il responsabile del settore sport della Citt\u00e0 Metropolitana, Latella, dispiaciuto per le dimissioni del Presidente della Reggina\" \/>\n<meta name=\"robots\" content=\"index, follow, max-snippet:-1, max-image-preview:large, max-video-preview:-1\" \/>\n<link rel=\"canonical\" href=\"https:\/\/progettotouring.it\/radiotouring104\/2023\/06\/23\/reggina-latella-ringrazia-cardona-una-delle-migliori-espressioni-della-reggio-sportiva\/\" \/>\n<meta property=\"og:locale\" content=\"it_IT\" \/>\n<meta property=\"og:type\" content=\"article\" \/>\n<meta property=\"og:title\" content=\"Reggina, Latella ringrazia Cardona: &quot;Una delle migliori espressioni della Reggio sportiva&quot; - Radio Touring 104\" \/>\n<meta property=\"og:description\" content=\"Il responsabile del settore sport della Citt\u00e0 Metropolitana, Latella, dispiaciuto per le dimissioni del Presidente della Reggina\" \/>\n<meta property=\"og:url\" content=\"https:\/\/progettotouring.it\/radiotouring104\/2023\/06\/23\/reggina-latella-ringrazia-cardona-una-delle-migliori-espressioni-della-reggio-sportiva\/\" \/>\n<meta property=\"og:site_name\" content=\"Radio Touring 104\" \/>\n<meta property=\"article:published_time\" content=\"2023-06-23T13:59:00+00:00\" \/>\n<meta property=\"article:modified_time\" content=\"2023-06-23T14:26:36+00:00\" \/>\n<meta property=\"og:image\" content=\"https:\/\/progettotouring.it\/radiotouring104\/wp-content\/uploads\/sites\/6\/2023\/03\/latella-granillo.jpg\" \/>\n\t<meta property=\"og:image:width\" content=\"960\" \/>\n\t<meta property=\"og:image:height\" content=\"720\" \/>\n\t<meta property=\"og:image:type\" content=\"image\/jpeg\" \/>\n<meta name=\"author\" content=\"Filippo Francesco Idone\" \/>\n<meta name=\"twitter:card\" content=\"summary_large_image\" \/>\n<meta name=\"twitter:label1\" content=\"Scritto da\" \/>\n\t<meta name=\"twitter:data1\" content=\"Filippo Francesco Idone\" \/>\n\t<meta name=\"twitter:label2\" content=\"Tempo di lettura stimato\" \/>\n\t<meta name=\"twitter:data2\" content=\"2 minuti\" \/>\n<script type=\"application\/ld+json\" class=\"yoast-schema-graph\">{\"@context\":\"https:\/\/schema.org\",\"@graph\":[{\"@type\":\"Article\",\"@id\":\"https:\/\/progettotouring.it\/radiotouring104\/2023\/06\/23\/reggina-latella-ringrazia-cardona-una-delle-migliori-espressioni-della-reggio-sportiva\/#article\",\"isPartOf\":{\"@id\":\"https:\/\/progettotouring.it\/radiotouring104\/2023\/06\/23\/reggina-latella-ringrazia-cardona-una-delle-migliori-espressioni-della-reggio-sportiva\/\"},\"author\":{\"name\":\"Filippo Francesco Idone\",\"@id\":\"https:\/\/progettotouring.it\/radiotouring104\/#\/schema\/person\/4a82259ca52ac8702ad1a8f9e5a3120b\"},\"headline\":\"Reggina, Latella ringrazia Cardona: &#8220;Una delle migliori espressioni della Reggio sportiva&#8221;\",\"datePublished\":\"2023-06-23T13:59:00+00:00\",\"dateModified\":\"2023-06-23T14:26:36+00:00\",\"mainEntityOfPage\":{\"@id\":\"https:\/\/progettotouring.it\/radiotouring104\/2023\/06\/23\/reggina-latella-ringrazia-cardona-una-delle-migliori-espressioni-della-reggio-sportiva\/\"},\"wordCount\":418,\"publisher\":{\"@id\":\"https:\/\/progettotouring.it\/radiotouring104\/#organization\"},\"image\":{\"@id\":\"https:\/\/progettotouring.it\/radiotouring104\/2023\/06\/23\/reggina-latella-ringrazia-cardona-una-delle-migliori-espressioni-della-reggio-sportiva\/#primaryimage\"},\"thumbnailUrl\":\"https:\/\/progettotouring.it\/radiotouring104\/wp-content\/uploads\/sites\/6\/2023\/03\/latella-granillo.jpg\",\"keywords\":[\"cardona\",\"Latella\",\"reggina\"],\"articleSection\":[\"News\",\"Reggio Calabria\",\"Sport\"],\"inLanguage\":\"it-IT\"},{\"@type\":\"WebPage\",\"@id\":\"https:\/\/progettotouring.it\/radiotouring104\/2023\/06\/23\/reggina-latella-ringrazia-cardona-una-delle-migliori-espressioni-della-reggio-sportiva\/\",\"url\":\"https:\/\/progettotouring.it\/radiotouring104\/2023\/06\/23\/reggina-latella-ringrazia-cardona-una-delle-migliori-espressioni-della-reggio-sportiva\/\",\"name\":\"Reggina, Latella ringrazia Cardona: \\\"Una delle migliori espressioni della Reggio sportiva\\\" - Radio Touring 104\",\"isPartOf\":{\"@id\":\"https:\/\/progettotouring.it\/radiotouring104\/#website\"},\"primaryImageOfPage\":{\"@id\":\"https:\/\/progettotouring.it\/radiotouring104\/2023\/06\/23\/reggina-latella-ringrazia-cardona-una-delle-migliori-espressioni-della-reggio-sportiva\/#primaryimage\"},\"image\":{\"@id\":\"https:\/\/progettotouring.it\/radiotouring104\/2023\/06\/23\/reggina-latella-ringrazia-cardona-una-delle-migliori-espressioni-della-reggio-sportiva\/#primaryimage\"},\"thumbnailUrl\":\"https:\/\/progettotouring.it\/radiotouring104\/wp-content\/uploads\/sites\/6\/2023\/03\/latella-granillo.jpg\",\"datePublished\":\"2023-06-23T13:59:00+00:00\",\"dateModified\":\"2023-06-23T14:26:36+00:00\",\"description\":\"Il responsabile del settore sport della Citt\u00e0 Metropolitana, Latella, dispiaciuto per le dimissioni del Presidente della Reggina\",\"breadcrumb\":{\"@id\":\"https:\/\/progettotouring.it\/radiotouring104\/2023\/06\/23\/reggina-latella-ringrazia-cardona-una-delle-migliori-espressioni-della-reggio-sportiva\/#breadcrumb\"},\"inLanguage\":\"it-IT\",\"potentialAction\":[{\"@type\":\"ReadAction\",\"target\":[\"https:\/\/progettotouring.it\/radiotouring104\/2023\/06\/23\/reggina-latella-ringrazia-cardona-una-delle-migliori-espressioni-della-reggio-sportiva\/\"]}]},{\"@type\":\"ImageObject\",\"inLanguage\":\"it-IT\",\"@id\":\"https:\/\/progettotouring.it\/radiotouring104\/2023\/06\/23\/reggina-latella-ringrazia-cardona-una-delle-migliori-espressioni-della-reggio-sportiva\/#primaryimage\",\"url\":\"https:\/\/progettotouring.it\/radiotouring104\/wp-content\/uploads\/sites\/6\/2023\/03\/latella-granillo.jpg\",\"contentUrl\":\"https:\/\/progettotouring.it\/radiotouring104\/wp-content\/uploads\/sites\/6\/2023\/03\/latella-granillo.jpg\",\"width\":960,\"height\":720},{\"@type\":\"BreadcrumbList\",\"@id\":\"https:\/\/progettotouring.it\/radiotouring104\/2023\/06\/23\/reggina-latella-ringrazia-cardona-una-delle-migliori-espressioni-della-reggio-sportiva\/#breadcrumb\",\"itemListElement\":[{\"@type\":\"ListItem\",\"position\":1,\"name\":\"Home\",\"item\":\"https:\/\/progettotouring.it\/radiotouring104\/\"},{\"@type\":\"ListItem\",\"position\":2,\"name\":\"Reggina, Latella ringrazia Cardona: &#8220;Una delle migliori espressioni della Reggio sportiva&#8221;\"}]},{\"@type\":\"WebSite\",\"@id\":\"https:\/\/progettotouring.it\/radiotouring104\/#website\",\"url\":\"https:\/\/progettotouring.it\/radiotouring104\/\",\"name\":\"Radio Touring 104\",\"description\":\"La prima radio Reggina\",\"publisher\":{\"@id\":\"https:\/\/progettotouring.it\/radiotouring104\/#organization\"},\"potentialAction\":[{\"@type\":\"SearchAction\",\"target\":{\"@type\":\"EntryPoint\",\"urlTemplate\":\"https:\/\/progettotouring.it\/radiotouring104\/?s={search_term_string}\"},\"query-input\":{\"@type\":\"PropertyValueSpecification\",\"valueRequired\":true,\"valueName\":\"search_term_string\"}}],\"inLanguage\":\"it-IT\"},{\"@type\":\"Organization\",\"@id\":\"https:\/\/progettotouring.it\/radiotouring104\/#organization\",\"name\":\"Radio Touring 104\",\"url\":\"https:\/\/progettotouring.it\/radiotouring104\/\",\"logo\":{\"@type\":\"ImageObject\",\"inLanguage\":\"it-IT\",\"@id\":\"https:\/\/progettotouring.it\/radiotouring104\/#\/schema\/logo\/image\/\",\"url\":\"https:\/\/progettotouring.it\/radiotouring104\/wp-content\/uploads\/sites\/6\/2022\/02\/cropped-logo-radio-touring-104.png\",\"contentUrl\":\"https:\/\/progettotouring.it\/radiotouring104\/wp-content\/uploads\/sites\/6\/2022\/02\/cropped-logo-radio-touring-104.png\",\"width\":377,\"height\":182,\"caption\":\"Radio Touring 104\"},\"image\":{\"@id\":\"https:\/\/progettotouring.it\/radiotouring104\/#\/schema\/logo\/image\/\"}},{\"@type\":\"Person\",\"@id\":\"https:\/\/progettotouring.it\/radiotouring104\/#\/schema\/person\/4a82259ca52ac8702ad1a8f9e5a3120b\",\"name\":\"Filippo Francesco Idone\",\"image\":{\"@type\":\"ImageObject\",\"inLanguage\":\"it-IT\",\"@id\":\"https:\/\/secure.gravatar.com\/avatar\/7268715d2366395c3dd314385670e6484117d44f5c442e61e230f7008b7b62d3?s=96&d=mm&r=g\",\"url\":\"https:\/\/secure.gravatar.com\/avatar\/7268715d2366395c3dd314385670e6484117d44f5c442e61e230f7008b7b62d3?s=96&d=mm&r=g\",\"contentUrl\":\"https:\/\/secure.gravatar.com\/avatar\/7268715d2366395c3dd314385670e6484117d44f5c442e61e230f7008b7b62d3?s=96&d=mm&r=g\",\"caption\":\"Filippo Francesco Idone\"},\"url\":\"https:\/\/progettotouring.it\/radiotouring104\/author\/filippoidone\/\"}]}<\/script>\n<!-- \/ Yoast SEO plugin. -->","yoast_head_json":{"title":"Reggina, Latella ringrazia Cardona: \"Una delle migliori espressioni della Reggio sportiva\" - Radio Touring 104","description":"Il responsabile del settore sport della Citt\u00e0 Metropolitana, Latella, dispiaciuto per le dimissioni del Presidente della Reggina","robots":{"index":"index","follow":"follow","max-snippet":"max-snippet:-1","max-image-preview":"max-image-preview:large","max-video-preview":"max-video-preview:-1"},"canonical":"https:\/\/progettotouring.it\/radiotouring104\/2023\/06\/23\/reggina-latella-ringrazia-cardona-una-delle-migliori-espressioni-della-reggio-sportiva\/","og_locale":"it_IT","og_type":"article","og_title":"Reggina, Latella ringrazia Cardona: \"Una delle migliori espressioni della Reggio sportiva\" - Radio Touring 104","og_description":"Il responsabile del settore sport della Citt\u00e0 Metropolitana, Latella, dispiaciuto per le dimissioni del Presidente della Reggina","og_url":"https:\/\/progettotouring.it\/radiotouring104\/2023\/06\/23\/reggina-latella-ringrazia-cardona-una-delle-migliori-espressioni-della-reggio-sportiva\/","og_site_name":"Radio Touring 104","article_published_time":"2023-06-23T13:59:00+00:00","article_modified_time":"2023-06-23T14:26:36+00:00","og_image":[{"width":960,"height":720,"url":"https:\/\/progettotouring.it\/radiotouring104\/wp-content\/uploads\/sites\/6\/2023\/03\/latella-granillo.jpg","type":"image\/jpeg"}],"author":"Filippo Francesco Idone","twitter_card":"summary_large_image","twitter_misc":{"Scritto da":"Filippo Francesco Idone","Tempo di lettura stimato":"2 minuti"},"schema":{"@context":"https:\/\/schema.org","@graph":[{"@type":"Article","@id":"https:\/\/progettotouring.it\/radiotouring104\/2023\/06\/23\/reggina-latella-ringrazia-cardona-una-delle-migliori-espressioni-della-reggio-sportiva\/#article","isPartOf":{"@id":"https:\/\/progettotouring.it\/radiotouring104\/2023\/06\/23\/reggina-latella-ringrazia-cardona-una-delle-migliori-espressioni-della-reggio-sportiva\/"},"author":{"name":"Filippo Francesco Idone","@id":"https:\/\/progettotouring.it\/radiotouring104\/#\/schema\/person\/4a82259ca52ac8702ad1a8f9e5a3120b"},"headline":"Reggina, Latella ringrazia Cardona: &#8220;Una delle migliori espressioni della Reggio sportiva&#8221;","datePublished":"2023-06-23T13:59:00+00:00","dateModified":"2023-06-23T14:26:36+00:00","mainEntityOfPage":{"@id":"https:\/\/progettotouring.it\/radiotouring104\/2023\/06\/23\/reggina-latella-ringrazia-cardona-una-delle-migliori-espressioni-della-reggio-sportiva\/"},"wordCount":418,"publisher":{"@id":"https:\/\/progettotouring.it\/radiotouring104\/#organization"},"image":{"@id":"https:\/\/progettotouring.it\/radiotouring104\/2023\/06\/23\/reggina-latella-ringrazia-cardona-una-delle-migliori-espressioni-della-reggio-sportiva\/#primaryimage"},"thumbnailUrl":"https:\/\/progettotouring.it\/radiotouring104\/wp-content\/uploads\/sites\/6\/2023\/03\/latella-granillo.jpg","keywords":["cardona","Latella","reggina"],"articleSection":["News","Reggio Calabria","Sport"],"inLanguage":"it-IT"},{"@type":"WebPage","@id":"https:\/\/progettotouring.it\/radiotouring104\/2023\/06\/23\/reggina-latella-ringrazia-cardona-una-delle-migliori-espressioni-della-reggio-sportiva\/","url":"https:\/\/progettotouring.it\/radiotouring104\/2023\/06\/23\/reggina-latella-ringrazia-cardona-una-delle-migliori-espressioni-della-reggio-sportiva\/","name":"Reggina, Latella ringrazia Cardona: \"Una delle migliori espressioni della Reggio sportiva\" - Radio Touring 104","isPartOf":{"@id":"https:\/\/progettotouring.it\/radiotouring104\/#website"},"primaryImageOfPage":{"@id":"https:\/\/progettotouring.it\/radiotouring104\/2023\/06\/23\/reggina-latella-ringrazia-cardona-una-delle-migliori-espressioni-della-reggio-sportiva\/#primaryimage"},"image":{"@id":"https:\/\/progettotouring.it\/radiotouring104\/2023\/06\/23\/reggina-latella-ringrazia-cardona-una-delle-migliori-espressioni-della-reggio-sportiva\/#primaryimage"},"thumbnailUrl":"https:\/\/progettotouring.it\/radiotouring104\/wp-content\/uploads\/sites\/6\/2023\/03\/latella-granillo.jpg","datePublished":"2023-06-23T13:59:00+00:00","dateModified":"2023-06-23T14:26:36+00:00","description":"Il responsabile del settore sport della Citt\u00e0 Metropolitana, Latella, dispiaciuto per le dimissioni del Presidente della Reggina","breadcrumb":{"@id":"https:\/\/progettotouring.it\/radiotouring104\/2023\/06\/23\/reggina-latella-ringrazia-cardona-una-delle-migliori-espressioni-della-reggio-sportiva\/#breadcrumb"},"inLanguage":"it-IT","potentialAction":[{"@type":"ReadAction","target":["https:\/\/progettotouring.it\/radiotouring104\/2023\/06\/23\/reggina-latella-ringrazia-cardona-una-delle-migliori-espressioni-della-reggio-sportiva\/"]}]},{"@type":"ImageObject","inLanguage":"it-IT","@id":"https:\/\/progettotouring.it\/radiotouring104\/2023\/06\/23\/reggina-latella-ringrazia-cardona-una-delle-migliori-espressioni-della-reggio-sportiva\/#primaryimage","url":"https:\/\/progettotouring.it\/radiotouring104\/wp-content\/uploads\/sites\/6\/2023\/03\/latella-granillo.jpg","contentUrl":"https:\/\/progettotouring.it\/radiotouring104\/wp-content\/uploads\/sites\/6\/2023\/03\/latella-granillo.jpg","width":960,"height":720},{"@type":"BreadcrumbList","@id":"https:\/\/progettotouring.it\/radiotouring104\/2023\/06\/23\/reggina-latella-ringrazia-cardona-una-delle-migliori-espressioni-della-reggio-sportiva\/#breadcrumb","itemListElement":[{"@type":"ListItem","position":1,"name":"Home","item":"https:\/\/progettotouring.it\/radiotouring104\/"},{"@type":"ListItem","position":2,"name":"Reggina, Latella ringrazia Cardona: &#8220;Una delle migliori espressioni della Reggio sportiva&#8221;"}]},{"@type":"WebSite","@id":"https:\/\/progettotouring.it\/radiotouring104\/#website","url":"https:\/\/progettotouring.it\/radiotouring104\/","name":"Radio Touring 104","description":"La prima radio Reggina","publisher":{"@id":"https:\/\/progettotouring.it\/radiotouring104\/#organization"},"potentialAction":[{"@type":"SearchAction","target":{"@type":"EntryPoint","urlTemplate":"https:\/\/progettotouring.it\/radiotouring104\/?s={search_term_string}"},"query-input":{"@type":"PropertyValueSpecification","valueRequired":true,"valueName":"search_term_string"}}],"inLanguage":"it-IT"},{"@type":"Organization","@id":"https:\/\/progettotouring.it\/radiotouring104\/#organization","name":"Radio Touring 104","url":"https:\/\/progettotouring.it\/radiotouring104\/","logo":{"@type":"ImageObject","inLanguage":"it-IT","@id":"https:\/\/progettotouring.it\/radiotouring104\/#\/schema\/logo\/image\/","url":"https:\/\/progettotouring.it\/radiotouring104\/wp-content\/uploads\/sites\/6\/2022\/02\/cropped-logo-radio-touring-104.png","contentUrl":"https:\/\/progettotouring.it\/radiotouring104\/wp-content\/uploads\/sites\/6\/2022\/02\/cropped-logo-radio-touring-104.png","width":377,"height":182,"caption":"Radio Touring 104"},"image":{"@id":"https:\/\/progettotouring.it\/radiotouring104\/#\/schema\/logo\/image\/"}},{"@type":"Person","@id":"https:\/\/progettotouring.it\/radiotouring104\/#\/schema\/person\/4a82259ca52ac8702ad1a8f9e5a3120b","name":"Filippo Francesco Idone","image":{"@type":"ImageObject","inLanguage":"it-IT","@id":"https:\/\/secure.gravatar.com\/avatar\/7268715d2366395c3dd314385670e6484117d44f5c442e61e230f7008b7b62d3?s=96&d=mm&r=g","url":"https:\/\/secure.gravatar.com\/avatar\/7268715d2366395c3dd314385670e6484117d44f5c442e61e230f7008b7b62d3?s=96&d=mm&r=g","contentUrl":"https:\/\/secure.gravatar.com\/avatar\/7268715d2366395c3dd314385670e6484117d44f5c442e61e230f7008b7b62d3?s=96&d=mm&r=g","caption":"Filippo Francesco Idone"},"url":"https:\/\/progettotouring.it\/radiotouring104\/author\/filippoidone\/"}]}},"jetpack_publicize_connections":[],"jetpack_featured_media_url":"https:\/\/progettotouring.it\/radiotouring104\/wp-content\/uploads\/sites\/6\/2023\/03\/latella-granillo.jpg","jetpack_sharing_enabled":true,"_links":{"self":[{"href":"https:\/\/progettotouring.it\/radiotouring104\/wp-json\/wp\/v2\/posts\/28809","targetHints":{"allow":["GET"]}}],"collection":[{"href":"https:\/\/progettotouring.it\/radiotouring104\/wp-json\/wp\/v2\/posts"}],"about":[{"href":"https:\/\/progettotouring.it\/radiotouring104\/wp-json\/wp\/v2\/types\/post"}],"author":[{"embeddable":true,"href":"https:\/\/progettotouring.it\/radiotouring104\/wp-json\/wp\/v2\/users\/8"}],"replies":[{"embeddable":true,"href":"https:\/\/progettotouring.it\/radiotouring104\/wp-json\/wp\/v2\/comments?post=28809"}],"version-history":[{"count":2,"href":"https:\/\/progettotouring.it\/radiotouring104\/wp-json\/wp\/v2\/posts\/28809\/revisions"}],"predecessor-version":[{"id":28818,"href":"https:\/\/progettotouring.it\/radiotouring104\/wp-json\/wp\/v2\/posts\/28809\/revisions\/28818"}],"wp:featuredmedia":[{"embeddable":true,"href":"https:\/\/progettotouring.it\/radiotouring104\/wp-json\/wp\/v2\/media\/21936"}],"wp:attachment":[{"href":"https:\/\/progettotouring.it\/radiotouring104\/wp-json\/wp\/v2\/media?parent=28809"}],"wp:term":[{"taxonomy":"category","embeddable":true,"href":"https:\/\/progettotouring.it\/radiotouring104\/wp-json\/wp\/v2\/categories?post=28809"},{"taxonomy":"post_tag","embeddable":true,"href":"https:\/\/progettotouring.it\/radiotouring104\/wp-json\/wp\/v2\/tags?post=28809"}],"curies":[{"name":"wp","href":"https:\/\/api.w.org\/{rel}","templated":true}]}}