{"id":28811,"date":"2023-06-23T16:07:46","date_gmt":"2023-06-23T14:07:46","guid":{"rendered":"https:\/\/progettotouring.it\/radiotouring104\/?p=28811"},"modified":"2023-06-23T16:21:54","modified_gmt":"2023-06-23T14:21:54","slug":"marrc-versace-confronto-di-alto-valore-scientifico-di-livello-nazionale","status":"publish","type":"post","link":"https:\/\/progettotouring.it\/radiotouring104\/2023\/06\/23\/marrc-versace-confronto-di-alto-valore-scientifico-di-livello-nazionale\/","title":{"rendered":"MarRC, Versace: &#8220;Confronto di alto valore scientifico di livello nazionale&#8221;"},"content":{"rendered":"<p style=\"text-align: justify\">Il sindaco metropolitano facente funzioni, <strong>Carmelo Versace,<\/strong> \u00e8 intervenuto al seminario scientifico \u201c<strong>Le azioni ed i movimenti espressivi nel rito nell\u2019arte e nella malattia. Una visione contaminata dell\u2019attivit\u00e0 del cervello umano&#8221;<\/strong>, organizzato dal professor Umberto Aguglia, neurologo gi\u00e0 ordinario dell\u2019Universit\u00e0 Magna Graecia di Catanzaro, in collaborazione con Museo Archeologico Nazionale e patrocinato dall\u2019 <strong>Universit\u00e0<\/strong> \u201c<strong>Mediterranea<\/strong>\u201d, <strong>dall\u2019Universit\u00e0 \u201cMagna Graecia&#8221; di Catanzaro<\/strong>, dal Touring Club Italiano e dalla Citt\u00e0 Metropolitana.<\/p>\n<p>Nel ringraziare il direttore Carmelo Malacrino ed i presenti nella sala conferenze del museo di <strong>Piazza De Nava,<\/strong> il sindaco facente funzioni <strong>Versace<\/strong> ha sottolineato &#8220;l<em>\u2019intuito e la caparbiet\u00e0 del professor <strong>Aguglia<\/strong> nell\u2019allestire un programma che riunisce, in un unico posto, fra i pi\u00f9 autorevoli e illustri professionisti del settore&#8221;. <\/em>&#8220;<em>Segno<\/em> \u2013 ha aggiunto \u2013 <em>di una maturit\u00e0 e di un livello che permette al territorio di emergere in un campo s\u00ec settoriale, ma che riesce ad esaltare la qualit\u00e0 di un evento scientifico in un pi\u00f9 ampio contesto nazionale&#8221;. &#8220;Ci\u00f2<\/em> \u2013 ha sottolineato Versace \u2013 <em>mi riempie di orgoglio anche perch\u00e9 si \u00e8 stati in grado, finalmente, di unire due realt\u00e0 importanti come <strong>Reggio<\/strong> e <strong>Catanzaro<\/strong> in un frangente in cui, ad innalzarsi, \u00e8 il sentimento di una <strong>Calabria<\/strong> unita e proiettata verso un obiettivo di crescita comune&#8221;. <\/em>Un altro aspetto importante del seminario organizzato dal professor Aguglia, secondo <strong>Versace<\/strong>, \u00e8 rappresentato &#8220;<em>dall\u2019unione delle istituzioni che, quando collaborano, dimostrano di saper lavorare bene e di tramandare un\u2019immagine migliore e diversa, sicuramente positiva, della nostra realt\u00e0 territoriale&#8221;.<\/em><\/p>\n","protected":false},"excerpt":{"rendered":"<p>Il sindaco metropolitano facente funzioni, Carmelo Versace, \u00e8 intervenuto al seminario scientifico \u201cLe azioni ed i movimenti espressivi nel rito nell\u2019arte e nella malattia. Una visione contaminata dell\u2019attivit\u00e0 del cervello&hellip;<\/p>\n","protected":false},"author":8,"featured_media":28812,"comment_status":"closed","ping_status":"open","sticky":false,"template":"","format":"standard","meta":{"_jetpack_memberships_contains_paid_content":false,"footnotes":"","jetpack_publicize_message":"","jetpack_publicize_feature_enabled":true,"jetpack_social_post_already_shared":false,"jetpack_social_options":{"image_generator_settings":{"template":"highway","default_image_id":0,"font":"","enabled":false},"version":2}},"categories":[921,196,140],"tags":[4700,236,5657,765],"class_list":["post-28811","post","type-post","status-publish","format-standard","has-post-thumbnail","hentry","category-home","category-news","category-reggio-calabria","tag-piazza-de-nava","tag-reggio-calabria","tag-universita-magna-graecia","tag-versace"],"yoast_head":"<!-- This site is optimized with the Yoast SEO plugin v27.2 - https:\/\/yoast.com\/product\/yoast-seo-wordpress\/ -->\n<title>MarRC, Versace: &quot;Confronto di alto valore scientifico di livello nazionale&quot; - Radio Touring 104<\/title>\n<meta name=\"description\" content=\"Il sindaco metropolitano facente funzioni, Carmelo Versace, \u00e8 intervenuto al seminario scientifico organizzato dal professor Umberto Aguglia\" \/>\n<meta name=\"robots\" content=\"index, follow, max-snippet:-1, max-image-preview:large, max-video-preview:-1\" \/>\n<link rel=\"canonical\" href=\"https:\/\/progettotouring.it\/radiotouring104\/2023\/06\/23\/marrc-versace-confronto-di-alto-valore-scientifico-di-livello-nazionale\/\" \/>\n<meta property=\"og:locale\" content=\"it_IT\" \/>\n<meta property=\"og:type\" content=\"article\" \/>\n<meta property=\"og:title\" content=\"MarRC, Versace: &quot;Confronto di alto valore scientifico di livello nazionale&quot; - Radio Touring 104\" \/>\n<meta property=\"og:description\" content=\"Il sindaco metropolitano facente funzioni, Carmelo Versace, \u00e8 intervenuto al seminario scientifico organizzato dal professor Umberto Aguglia\" \/>\n<meta property=\"og:url\" content=\"https:\/\/progettotouring.it\/radiotouring104\/2023\/06\/23\/marrc-versace-confronto-di-alto-valore-scientifico-di-livello-nazionale\/\" \/>\n<meta property=\"og:site_name\" content=\"Radio Touring 104\" \/>\n<meta property=\"article:published_time\" content=\"2023-06-23T14:07:46+00:00\" \/>\n<meta property=\"article:modified_time\" content=\"2023-06-23T14:21:54+00:00\" \/>\n<meta property=\"og:image\" content=\"https:\/\/progettotouring.it\/radiotouring104\/wp-content\/uploads\/sites\/6\/2023\/06\/versace-2.jpeg\" \/>\n\t<meta property=\"og:image:width\" content=\"1600\" \/>\n\t<meta property=\"og:image:height\" content=\"1200\" \/>\n\t<meta property=\"og:image:type\" content=\"image\/jpeg\" \/>\n<meta name=\"author\" content=\"Filippo Francesco Idone\" \/>\n<meta name=\"twitter:card\" content=\"summary_large_image\" \/>\n<meta name=\"twitter:label1\" content=\"Scritto da\" \/>\n\t<meta name=\"twitter:data1\" content=\"Filippo Francesco Idone\" \/>\n\t<meta name=\"twitter:label2\" content=\"Tempo di lettura stimato\" \/>\n\t<meta name=\"twitter:data2\" content=\"1 minuto\" \/>\n<script type=\"application\/ld+json\" class=\"yoast-schema-graph\">{\"@context\":\"https:\/\/schema.org\",\"@graph\":[{\"@type\":\"Article\",\"@id\":\"https:\/\/progettotouring.it\/radiotouring104\/2023\/06\/23\/marrc-versace-confronto-di-alto-valore-scientifico-di-livello-nazionale\/#article\",\"isPartOf\":{\"@id\":\"https:\/\/progettotouring.it\/radiotouring104\/2023\/06\/23\/marrc-versace-confronto-di-alto-valore-scientifico-di-livello-nazionale\/\"},\"author\":{\"name\":\"Filippo Francesco Idone\",\"@id\":\"https:\/\/progettotouring.it\/radiotouring104\/#\/schema\/person\/4a82259ca52ac8702ad1a8f9e5a3120b\"},\"headline\":\"MarRC, Versace: &#8220;Confronto di alto valore scientifico di livello nazionale&#8221;\",\"datePublished\":\"2023-06-23T14:07:46+00:00\",\"dateModified\":\"2023-06-23T14:21:54+00:00\",\"mainEntityOfPage\":{\"@id\":\"https:\/\/progettotouring.it\/radiotouring104\/2023\/06\/23\/marrc-versace-confronto-di-alto-valore-scientifico-di-livello-nazionale\/\"},\"wordCount\":255,\"publisher\":{\"@id\":\"https:\/\/progettotouring.it\/radiotouring104\/#organization\"},\"image\":{\"@id\":\"https:\/\/progettotouring.it\/radiotouring104\/2023\/06\/23\/marrc-versace-confronto-di-alto-valore-scientifico-di-livello-nazionale\/#primaryimage\"},\"thumbnailUrl\":\"https:\/\/progettotouring.it\/radiotouring104\/wp-content\/uploads\/sites\/6\/2023\/06\/versace-2.jpeg\",\"keywords\":[\"Piazza De Nava\",\"reggio calabria\",\"Universit\u00e0 Magna Graecia\",\"versace\"],\"articleSection\":[\"Home\",\"News\",\"Reggio Calabria\"],\"inLanguage\":\"it-IT\"},{\"@type\":\"WebPage\",\"@id\":\"https:\/\/progettotouring.it\/radiotouring104\/2023\/06\/23\/marrc-versace-confronto-di-alto-valore-scientifico-di-livello-nazionale\/\",\"url\":\"https:\/\/progettotouring.it\/radiotouring104\/2023\/06\/23\/marrc-versace-confronto-di-alto-valore-scientifico-di-livello-nazionale\/\",\"name\":\"MarRC, Versace: \\\"Confronto di alto valore scientifico di livello nazionale\\\" - Radio Touring 104\",\"isPartOf\":{\"@id\":\"https:\/\/progettotouring.it\/radiotouring104\/#website\"},\"primaryImageOfPage\":{\"@id\":\"https:\/\/progettotouring.it\/radiotouring104\/2023\/06\/23\/marrc-versace-confronto-di-alto-valore-scientifico-di-livello-nazionale\/#primaryimage\"},\"image\":{\"@id\":\"https:\/\/progettotouring.it\/radiotouring104\/2023\/06\/23\/marrc-versace-confronto-di-alto-valore-scientifico-di-livello-nazionale\/#primaryimage\"},\"thumbnailUrl\":\"https:\/\/progettotouring.it\/radiotouring104\/wp-content\/uploads\/sites\/6\/2023\/06\/versace-2.jpeg\",\"datePublished\":\"2023-06-23T14:07:46+00:00\",\"dateModified\":\"2023-06-23T14:21:54+00:00\",\"description\":\"Il sindaco metropolitano facente funzioni, Carmelo Versace, \u00e8 intervenuto al seminario scientifico organizzato dal professor Umberto Aguglia\",\"breadcrumb\":{\"@id\":\"https:\/\/progettotouring.it\/radiotouring104\/2023\/06\/23\/marrc-versace-confronto-di-alto-valore-scientifico-di-livello-nazionale\/#breadcrumb\"},\"inLanguage\":\"it-IT\",\"potentialAction\":[{\"@type\":\"ReadAction\",\"target\":[\"https:\/\/progettotouring.it\/radiotouring104\/2023\/06\/23\/marrc-versace-confronto-di-alto-valore-scientifico-di-livello-nazionale\/\"]}]},{\"@type\":\"ImageObject\",\"inLanguage\":\"it-IT\",\"@id\":\"https:\/\/progettotouring.it\/radiotouring104\/2023\/06\/23\/marrc-versace-confronto-di-alto-valore-scientifico-di-livello-nazionale\/#primaryimage\",\"url\":\"https:\/\/progettotouring.it\/radiotouring104\/wp-content\/uploads\/sites\/6\/2023\/06\/versace-2.jpeg\",\"contentUrl\":\"https:\/\/progettotouring.it\/radiotouring104\/wp-content\/uploads\/sites\/6\/2023\/06\/versace-2.jpeg\",\"width\":1600,\"height\":1200},{\"@type\":\"BreadcrumbList\",\"@id\":\"https:\/\/progettotouring.it\/radiotouring104\/2023\/06\/23\/marrc-versace-confronto-di-alto-valore-scientifico-di-livello-nazionale\/#breadcrumb\",\"itemListElement\":[{\"@type\":\"ListItem\",\"position\":1,\"name\":\"Home\",\"item\":\"https:\/\/progettotouring.it\/radiotouring104\/\"},{\"@type\":\"ListItem\",\"position\":2,\"name\":\"MarRC, Versace: &#8220;Confronto di alto valore scientifico di livello nazionale&#8221;\"}]},{\"@type\":\"WebSite\",\"@id\":\"https:\/\/progettotouring.it\/radiotouring104\/#website\",\"url\":\"https:\/\/progettotouring.it\/radiotouring104\/\",\"name\":\"Radio Touring 104\",\"description\":\"La prima radio Reggina\",\"publisher\":{\"@id\":\"https:\/\/progettotouring.it\/radiotouring104\/#organization\"},\"potentialAction\":[{\"@type\":\"SearchAction\",\"target\":{\"@type\":\"EntryPoint\",\"urlTemplate\":\"https:\/\/progettotouring.it\/radiotouring104\/?s={search_term_string}\"},\"query-input\":{\"@type\":\"PropertyValueSpecification\",\"valueRequired\":true,\"valueName\":\"search_term_string\"}}],\"inLanguage\":\"it-IT\"},{\"@type\":\"Organization\",\"@id\":\"https:\/\/progettotouring.it\/radiotouring104\/#organization\",\"name\":\"Radio Touring 104\",\"url\":\"https:\/\/progettotouring.it\/radiotouring104\/\",\"logo\":{\"@type\":\"ImageObject\",\"inLanguage\":\"it-IT\",\"@id\":\"https:\/\/progettotouring.it\/radiotouring104\/#\/schema\/logo\/image\/\",\"url\":\"https:\/\/progettotouring.it\/radiotouring104\/wp-content\/uploads\/sites\/6\/2022\/02\/cropped-logo-radio-touring-104.png\",\"contentUrl\":\"https:\/\/progettotouring.it\/radiotouring104\/wp-content\/uploads\/sites\/6\/2022\/02\/cropped-logo-radio-touring-104.png\",\"width\":377,\"height\":182,\"caption\":\"Radio Touring 104\"},\"image\":{\"@id\":\"https:\/\/progettotouring.it\/radiotouring104\/#\/schema\/logo\/image\/\"}},{\"@type\":\"Person\",\"@id\":\"https:\/\/progettotouring.it\/radiotouring104\/#\/schema\/person\/4a82259ca52ac8702ad1a8f9e5a3120b\",\"name\":\"Filippo Francesco Idone\",\"image\":{\"@type\":\"ImageObject\",\"inLanguage\":\"it-IT\",\"@id\":\"https:\/\/secure.gravatar.com\/avatar\/7268715d2366395c3dd314385670e6484117d44f5c442e61e230f7008b7b62d3?s=96&d=mm&r=g\",\"url\":\"https:\/\/secure.gravatar.com\/avatar\/7268715d2366395c3dd314385670e6484117d44f5c442e61e230f7008b7b62d3?s=96&d=mm&r=g\",\"contentUrl\":\"https:\/\/secure.gravatar.com\/avatar\/7268715d2366395c3dd314385670e6484117d44f5c442e61e230f7008b7b62d3?s=96&d=mm&r=g\",\"caption\":\"Filippo Francesco Idone\"},\"url\":\"https:\/\/progettotouring.it\/radiotouring104\/author\/filippoidone\/\"}]}<\/script>\n<!-- \/ Yoast SEO plugin. -->","yoast_head_json":{"title":"MarRC, Versace: \"Confronto di alto valore scientifico di livello nazionale\" - Radio Touring 104","description":"Il sindaco metropolitano facente funzioni, Carmelo Versace, \u00e8 intervenuto al seminario scientifico organizzato dal professor Umberto Aguglia","robots":{"index":"index","follow":"follow","max-snippet":"max-snippet:-1","max-image-preview":"max-image-preview:large","max-video-preview":"max-video-preview:-1"},"canonical":"https:\/\/progettotouring.it\/radiotouring104\/2023\/06\/23\/marrc-versace-confronto-di-alto-valore-scientifico-di-livello-nazionale\/","og_locale":"it_IT","og_type":"article","og_title":"MarRC, Versace: \"Confronto di alto valore scientifico di livello nazionale\" - Radio Touring 104","og_description":"Il sindaco metropolitano facente funzioni, Carmelo Versace, \u00e8 intervenuto al seminario scientifico organizzato dal professor Umberto Aguglia","og_url":"https:\/\/progettotouring.it\/radiotouring104\/2023\/06\/23\/marrc-versace-confronto-di-alto-valore-scientifico-di-livello-nazionale\/","og_site_name":"Radio Touring 104","article_published_time":"2023-06-23T14:07:46+00:00","article_modified_time":"2023-06-23T14:21:54+00:00","og_image":[{"width":1600,"height":1200,"url":"https:\/\/progettotouring.it\/radiotouring104\/wp-content\/uploads\/sites\/6\/2023\/06\/versace-2.jpeg","type":"image\/jpeg"}],"author":"Filippo Francesco Idone","twitter_card":"summary_large_image","twitter_misc":{"Scritto da":"Filippo Francesco Idone","Tempo di lettura stimato":"1 minuto"},"schema":{"@context":"https:\/\/schema.org","@graph":[{"@type":"Article","@id":"https:\/\/progettotouring.it\/radiotouring104\/2023\/06\/23\/marrc-versace-confronto-di-alto-valore-scientifico-di-livello-nazionale\/#article","isPartOf":{"@id":"https:\/\/progettotouring.it\/radiotouring104\/2023\/06\/23\/marrc-versace-confronto-di-alto-valore-scientifico-di-livello-nazionale\/"},"author":{"name":"Filippo Francesco Idone","@id":"https:\/\/progettotouring.it\/radiotouring104\/#\/schema\/person\/4a82259ca52ac8702ad1a8f9e5a3120b"},"headline":"MarRC, Versace: &#8220;Confronto di alto valore scientifico di livello nazionale&#8221;","datePublished":"2023-06-23T14:07:46+00:00","dateModified":"2023-06-23T14:21:54+00:00","mainEntityOfPage":{"@id":"https:\/\/progettotouring.it\/radiotouring104\/2023\/06\/23\/marrc-versace-confronto-di-alto-valore-scientifico-di-livello-nazionale\/"},"wordCount":255,"publisher":{"@id":"https:\/\/progettotouring.it\/radiotouring104\/#organization"},"image":{"@id":"https:\/\/progettotouring.it\/radiotouring104\/2023\/06\/23\/marrc-versace-confronto-di-alto-valore-scientifico-di-livello-nazionale\/#primaryimage"},"thumbnailUrl":"https:\/\/progettotouring.it\/radiotouring104\/wp-content\/uploads\/sites\/6\/2023\/06\/versace-2.jpeg","keywords":["Piazza De Nava","reggio calabria","Universit\u00e0 Magna Graecia","versace"],"articleSection":["Home","News","Reggio Calabria"],"inLanguage":"it-IT"},{"@type":"WebPage","@id":"https:\/\/progettotouring.it\/radiotouring104\/2023\/06\/23\/marrc-versace-confronto-di-alto-valore-scientifico-di-livello-nazionale\/","url":"https:\/\/progettotouring.it\/radiotouring104\/2023\/06\/23\/marrc-versace-confronto-di-alto-valore-scientifico-di-livello-nazionale\/","name":"MarRC, Versace: \"Confronto di alto valore scientifico di livello nazionale\" - Radio Touring 104","isPartOf":{"@id":"https:\/\/progettotouring.it\/radiotouring104\/#website"},"primaryImageOfPage":{"@id":"https:\/\/progettotouring.it\/radiotouring104\/2023\/06\/23\/marrc-versace-confronto-di-alto-valore-scientifico-di-livello-nazionale\/#primaryimage"},"image":{"@id":"https:\/\/progettotouring.it\/radiotouring104\/2023\/06\/23\/marrc-versace-confronto-di-alto-valore-scientifico-di-livello-nazionale\/#primaryimage"},"thumbnailUrl":"https:\/\/progettotouring.it\/radiotouring104\/wp-content\/uploads\/sites\/6\/2023\/06\/versace-2.jpeg","datePublished":"2023-06-23T14:07:46+00:00","dateModified":"2023-06-23T14:21:54+00:00","description":"Il sindaco metropolitano facente funzioni, Carmelo Versace, \u00e8 intervenuto al seminario scientifico organizzato dal professor Umberto Aguglia","breadcrumb":{"@id":"https:\/\/progettotouring.it\/radiotouring104\/2023\/06\/23\/marrc-versace-confronto-di-alto-valore-scientifico-di-livello-nazionale\/#breadcrumb"},"inLanguage":"it-IT","potentialAction":[{"@type":"ReadAction","target":["https:\/\/progettotouring.it\/radiotouring104\/2023\/06\/23\/marrc-versace-confronto-di-alto-valore-scientifico-di-livello-nazionale\/"]}]},{"@type":"ImageObject","inLanguage":"it-IT","@id":"https:\/\/progettotouring.it\/radiotouring104\/2023\/06\/23\/marrc-versace-confronto-di-alto-valore-scientifico-di-livello-nazionale\/#primaryimage","url":"https:\/\/progettotouring.it\/radiotouring104\/wp-content\/uploads\/sites\/6\/2023\/06\/versace-2.jpeg","contentUrl":"https:\/\/progettotouring.it\/radiotouring104\/wp-content\/uploads\/sites\/6\/2023\/06\/versace-2.jpeg","width":1600,"height":1200},{"@type":"BreadcrumbList","@id":"https:\/\/progettotouring.it\/radiotouring104\/2023\/06\/23\/marrc-versace-confronto-di-alto-valore-scientifico-di-livello-nazionale\/#breadcrumb","itemListElement":[{"@type":"ListItem","position":1,"name":"Home","item":"https:\/\/progettotouring.it\/radiotouring104\/"},{"@type":"ListItem","position":2,"name":"MarRC, Versace: &#8220;Confronto di alto valore scientifico di livello nazionale&#8221;"}]},{"@type":"WebSite","@id":"https:\/\/progettotouring.it\/radiotouring104\/#website","url":"https:\/\/progettotouring.it\/radiotouring104\/","name":"Radio Touring 104","description":"La prima radio Reggina","publisher":{"@id":"https:\/\/progettotouring.it\/radiotouring104\/#organization"},"potentialAction":[{"@type":"SearchAction","target":{"@type":"EntryPoint","urlTemplate":"https:\/\/progettotouring.it\/radiotouring104\/?s={search_term_string}"},"query-input":{"@type":"PropertyValueSpecification","valueRequired":true,"valueName":"search_term_string"}}],"inLanguage":"it-IT"},{"@type":"Organization","@id":"https:\/\/progettotouring.it\/radiotouring104\/#organization","name":"Radio Touring 104","url":"https:\/\/progettotouring.it\/radiotouring104\/","logo":{"@type":"ImageObject","inLanguage":"it-IT","@id":"https:\/\/progettotouring.it\/radiotouring104\/#\/schema\/logo\/image\/","url":"https:\/\/progettotouring.it\/radiotouring104\/wp-content\/uploads\/sites\/6\/2022\/02\/cropped-logo-radio-touring-104.png","contentUrl":"https:\/\/progettotouring.it\/radiotouring104\/wp-content\/uploads\/sites\/6\/2022\/02\/cropped-logo-radio-touring-104.png","width":377,"height":182,"caption":"Radio Touring 104"},"image":{"@id":"https:\/\/progettotouring.it\/radiotouring104\/#\/schema\/logo\/image\/"}},{"@type":"Person","@id":"https:\/\/progettotouring.it\/radiotouring104\/#\/schema\/person\/4a82259ca52ac8702ad1a8f9e5a3120b","name":"Filippo Francesco Idone","image":{"@type":"ImageObject","inLanguage":"it-IT","@id":"https:\/\/secure.gravatar.com\/avatar\/7268715d2366395c3dd314385670e6484117d44f5c442e61e230f7008b7b62d3?s=96&d=mm&r=g","url":"https:\/\/secure.gravatar.com\/avatar\/7268715d2366395c3dd314385670e6484117d44f5c442e61e230f7008b7b62d3?s=96&d=mm&r=g","contentUrl":"https:\/\/secure.gravatar.com\/avatar\/7268715d2366395c3dd314385670e6484117d44f5c442e61e230f7008b7b62d3?s=96&d=mm&r=g","caption":"Filippo Francesco Idone"},"url":"https:\/\/progettotouring.it\/radiotouring104\/author\/filippoidone\/"}]}},"jetpack_publicize_connections":[],"jetpack_featured_media_url":"https:\/\/progettotouring.it\/radiotouring104\/wp-content\/uploads\/sites\/6\/2023\/06\/versace-2.jpeg","jetpack_sharing_enabled":true,"_links":{"self":[{"href":"https:\/\/progettotouring.it\/radiotouring104\/wp-json\/wp\/v2\/posts\/28811","targetHints":{"allow":["GET"]}}],"collection":[{"href":"https:\/\/progettotouring.it\/radiotouring104\/wp-json\/wp\/v2\/posts"}],"about":[{"href":"https:\/\/progettotouring.it\/radiotouring104\/wp-json\/wp\/v2\/types\/post"}],"author":[{"embeddable":true,"href":"https:\/\/progettotouring.it\/radiotouring104\/wp-json\/wp\/v2\/users\/8"}],"replies":[{"embeddable":true,"href":"https:\/\/progettotouring.it\/radiotouring104\/wp-json\/wp\/v2\/comments?post=28811"}],"version-history":[{"count":1,"href":"https:\/\/progettotouring.it\/radiotouring104\/wp-json\/wp\/v2\/posts\/28811\/revisions"}],"predecessor-version":[{"id":28813,"href":"https:\/\/progettotouring.it\/radiotouring104\/wp-json\/wp\/v2\/posts\/28811\/revisions\/28813"}],"wp:featuredmedia":[{"embeddable":true,"href":"https:\/\/progettotouring.it\/radiotouring104\/wp-json\/wp\/v2\/media\/28812"}],"wp:attachment":[{"href":"https:\/\/progettotouring.it\/radiotouring104\/wp-json\/wp\/v2\/media?parent=28811"}],"wp:term":[{"taxonomy":"category","embeddable":true,"href":"https:\/\/progettotouring.it\/radiotouring104\/wp-json\/wp\/v2\/categories?post=28811"},{"taxonomy":"post_tag","embeddable":true,"href":"https:\/\/progettotouring.it\/radiotouring104\/wp-json\/wp\/v2\/tags?post=28811"}],"curies":[{"name":"wp","href":"https:\/\/api.w.org\/{rel}","templated":true}]}}