{"id":28816,"date":"2023-06-23T16:23:39","date_gmt":"2023-06-23T14:23:39","guid":{"rendered":"https:\/\/progettotouring.it\/radiotouring104\/?p=28816"},"modified":"2023-06-23T16:29:10","modified_gmt":"2023-06-23T14:29:10","slug":"reggio-calabria-nasce-lo-sportello-legale-sociale","status":"publish","type":"post","link":"https:\/\/progettotouring.it\/radiotouring104\/2023\/06\/23\/reggio-calabria-nasce-lo-sportello-legale-sociale\/","title":{"rendered":"Reggio Calabria: nasce lo sportello legale sociale"},"content":{"rendered":"<p style=\"text-align: justify\">Si \u00e8 svolta presso la <strong>Sala Giunta di Palazzo San Giorgio<\/strong> la Conferenza stampa di presentazione dello<strong> Sportello legale Sociale<\/strong> promosso dalla Consulta Comunale Politiche Sociali e Lavoro. Presenti il Presidente della Commissione Politiche sociali Carmelo Romeo, la Presidente della Commissione Pari Opportunit\u00e0 Teresa Pensabene, il Garante Comunale della Salute Giuseppe Ferreri, la Presidente della Consulta Marisa Cagliostro ,l\u2019Avvocato Simona Cariati che garantir\u00e0 il servizio gratuito e Iolanda Votano, Presidente della Associazione Reggina Fibromialgia, componente la Consulta e titolare di uno sportello di aiuto per questa patologia presso la sede delle Consulte in Via Lupoi.<\/p>\n<p>In apertura dei lavori il Presidente della Commissione Carmelo Romeo ha commentato l&#8217;istituzione dello sportello legale sociale definendolo &#8220;<em><strong>un&#8217;iniziativa di grande valore sociale<\/strong><\/em>&#8220;. &#8220;<em>Ricordo mesi fa quando con la Presidente Cagliostro parlammo di questa idea, che ha inteso perseguire con impegno e dedizione fino alla sua applicazione concreta. Un risultato ottenuto anche grazie alla straordinaria disponibilit\u00e0 dell&#8217;avvocato Cariati che ha messo a disposizione la sua professionalit\u00e0 ed il suo tempo per sostenere le fasce pi\u00f9 deboli e fragili della nostra comunit\u00e0. Spero<\/em> &#8211; ha aggiunto Romeo &#8211;<em> che questa nuova realt\u00e0 possa essere presto conosciuta dall&#8217;intera cittadinanza e sfruttata in termini positivi per le opportunit\u00e0 che essa offre, in maniera completamente gratuita ed utile. L&#8217;auspicio \u00e8 che l&#8217;avvio di questa iniziativa ed una sua ampia diffusione possa essere anche da stimolo per altri professionisti che intendono mettere gratuitamente a disposizione il proprio tempo per aiutare il prossimo allargando quindi la tipologia dei servizi offerti e la platea dei fruitori&#8221;.<\/em><\/p>\n<p>La Presidente Pensabene, apprezzando l\u2019iniziativa ha ribadito l\u2019importanza di divulgare il servizio in modo da raggiungere quante pi\u00f9 realt\u00e0 sociali possibile, stesso apprezzamento del Garante Comunale della salute che ha auspicato l\u2019ampliamento del servizio ad altre professionalit\u00e0 pertinenti le tematiche trattate. Nei giorni scorsi l\u2019iniziativa \u00e8 stata oggetto di approfondimento in una apposita seduta della Commissione Politiche Sociali riscuotendo ampio consenso tra tutti i presenti e chiarendo ogni aspetto del servizio pubblico aperto a tutti i cittadini.<\/p>\n<p>Lo <strong>Sportello Legale della Consulta Comunale Politiche Sociali<\/strong> <strong>e del Lavoro di Reggio Calabria<\/strong>, si pone come obiettivo primario quello di fornire un servizio gratuito di informazione e consulenza legale ai cittadini, con particolare riguardo alle persone con disabilit\u00e0 e ai lori familiari, al fine di promuovere la conoscenza sui diritti e le tutele necessarie per una migliore qualit\u00e0 della vita ed integrazione sociale degli stessi, ma anche quello di assistere i cittadini nei casi in cui si renda necessario ricorrere avverso i giudizi degli enti previdenziali e assistenziali pubblici che non riconoscano loro l\u2019effettivo grado di invalidit\u00e0\/disabilit\u00e0, nei casi in cui sia necessario ricorrere al Tribunale contro abusi e soprusi sul posto di lavoro o per il riconoscimento delle malattie\/infortuni che insorgano a causa del lavoro, nonch\u00e9 per la tutela dei diritti dei soggetti pi\u00f9 deboli quali ad es. i minori e gli infermi psichici. Lo Sportello sar\u00e0 aperto al pubblico il luned\u00ec pomeriggio presso la sede comunale Consulte di Via Lupoi. Al fine di evitare lunghe attese, \u00e8 consigliabile prenotare un appuntamento inviando un messaggio whatsapp al numero telefonico dedicato (3792846587) o una mail (<a target=\"_self\" rel=\"nofollow noopener\">sportellolegaleconsultacomunale@hotmail.com<\/a>) indicando il proprio nominativo e l\u2019oggetto della consulenza legale che si desidera richiedere.<\/p>\n","protected":false},"excerpt":{"rendered":"<p>Si \u00e8 svolta presso la Sala Giunta di Palazzo San Giorgio la Conferenza stampa di presentazione dello Sportello legale Sociale promosso dalla Consulta Comunale Politiche Sociali e Lavoro. Presenti il&hellip;<\/p>\n","protected":false},"author":8,"featured_media":28819,"comment_status":"closed","ping_status":"open","sticky":false,"template":"","format":"standard","meta":{"_jetpack_memberships_contains_paid_content":false,"footnotes":"","jetpack_publicize_message":"","jetpack_publicize_feature_enabled":true,"jetpack_social_post_already_shared":false,"jetpack_social_options":{"image_generator_settings":{"template":"highway","default_image_id":0,"font":"","enabled":false},"version":2}},"categories":[921,196,140],"tags":[17632,17631,17630],"class_list":["post-28816","post","type-post","status-publish","format-standard","has-post-thumbnail","hentry","category-home","category-news","category-reggio-calabria","tag-consulta-comunale-politiche-sociali","tag-sala-giunta-di-palazzo-san-giorgio","tag-sportello-legale-sociale"],"yoast_head":"<!-- This site is optimized with the Yoast SEO plugin v27.2 - https:\/\/yoast.com\/product\/yoast-seo-wordpress\/ -->\n<title>Reggio Calabria: nasce lo sportello legale sociale - Radio Touring 104<\/title>\n<meta name=\"description\" content=\"La Consulta comunale Politiche Sociali e del Lavoro ha istituito uno sportello legale sociale a Reggio Calabria\" \/>\n<meta name=\"robots\" content=\"index, follow, max-snippet:-1, max-image-preview:large, max-video-preview:-1\" \/>\n<link rel=\"canonical\" href=\"https:\/\/progettotouring.it\/radiotouring104\/2023\/06\/23\/reggio-calabria-nasce-lo-sportello-legale-sociale\/\" \/>\n<meta property=\"og:locale\" content=\"it_IT\" \/>\n<meta property=\"og:type\" content=\"article\" \/>\n<meta property=\"og:title\" content=\"Reggio Calabria: nasce lo sportello legale sociale - Radio Touring 104\" \/>\n<meta property=\"og:description\" content=\"La Consulta comunale Politiche Sociali e del Lavoro ha istituito uno sportello legale sociale a Reggio Calabria\" \/>\n<meta property=\"og:url\" content=\"https:\/\/progettotouring.it\/radiotouring104\/2023\/06\/23\/reggio-calabria-nasce-lo-sportello-legale-sociale\/\" \/>\n<meta property=\"og:site_name\" content=\"Radio Touring 104\" \/>\n<meta property=\"article:published_time\" content=\"2023-06-23T14:23:39+00:00\" \/>\n<meta property=\"article:modified_time\" content=\"2023-06-23T14:29:10+00:00\" \/>\n<meta property=\"og:image\" content=\"https:\/\/progettotouring.it\/radiotouring104\/wp-content\/uploads\/sites\/6\/2023\/06\/Consulta-comunale-Politiche-Sociali.jpeg\" \/>\n\t<meta property=\"og:image:width\" content=\"1286\" \/>\n\t<meta property=\"og:image:height\" content=\"574\" \/>\n\t<meta property=\"og:image:type\" content=\"image\/jpeg\" \/>\n<meta name=\"author\" content=\"Filippo Francesco Idone\" \/>\n<meta name=\"twitter:card\" content=\"summary_large_image\" \/>\n<meta name=\"twitter:label1\" content=\"Scritto da\" \/>\n\t<meta name=\"twitter:data1\" content=\"Filippo Francesco Idone\" \/>\n\t<meta name=\"twitter:label2\" content=\"Tempo di lettura stimato\" \/>\n\t<meta name=\"twitter:data2\" content=\"3 minuti\" \/>\n<script type=\"application\/ld+json\" class=\"yoast-schema-graph\">{\"@context\":\"https:\/\/schema.org\",\"@graph\":[{\"@type\":\"Article\",\"@id\":\"https:\/\/progettotouring.it\/radiotouring104\/2023\/06\/23\/reggio-calabria-nasce-lo-sportello-legale-sociale\/#article\",\"isPartOf\":{\"@id\":\"https:\/\/progettotouring.it\/radiotouring104\/2023\/06\/23\/reggio-calabria-nasce-lo-sportello-legale-sociale\/\"},\"author\":{\"name\":\"Filippo Francesco Idone\",\"@id\":\"https:\/\/progettotouring.it\/radiotouring104\/#\/schema\/person\/4a82259ca52ac8702ad1a8f9e5a3120b\"},\"headline\":\"Reggio Calabria: nasce lo sportello legale sociale\",\"datePublished\":\"2023-06-23T14:23:39+00:00\",\"dateModified\":\"2023-06-23T14:29:10+00:00\",\"mainEntityOfPage\":{\"@id\":\"https:\/\/progettotouring.it\/radiotouring104\/2023\/06\/23\/reggio-calabria-nasce-lo-sportello-legale-sociale\/\"},\"wordCount\":544,\"publisher\":{\"@id\":\"https:\/\/progettotouring.it\/radiotouring104\/#organization\"},\"image\":{\"@id\":\"https:\/\/progettotouring.it\/radiotouring104\/2023\/06\/23\/reggio-calabria-nasce-lo-sportello-legale-sociale\/#primaryimage\"},\"thumbnailUrl\":\"https:\/\/progettotouring.it\/radiotouring104\/wp-content\/uploads\/sites\/6\/2023\/06\/Consulta-comunale-Politiche-Sociali.jpeg\",\"keywords\":[\"Consulta comunale Politiche Sociali\",\"Sala Giunta di Palazzo San Giorgio\",\"Sportello legale Sociale\"],\"articleSection\":[\"Home\",\"News\",\"Reggio Calabria\"],\"inLanguage\":\"it-IT\"},{\"@type\":\"WebPage\",\"@id\":\"https:\/\/progettotouring.it\/radiotouring104\/2023\/06\/23\/reggio-calabria-nasce-lo-sportello-legale-sociale\/\",\"url\":\"https:\/\/progettotouring.it\/radiotouring104\/2023\/06\/23\/reggio-calabria-nasce-lo-sportello-legale-sociale\/\",\"name\":\"Reggio Calabria: nasce lo sportello legale sociale - Radio Touring 104\",\"isPartOf\":{\"@id\":\"https:\/\/progettotouring.it\/radiotouring104\/#website\"},\"primaryImageOfPage\":{\"@id\":\"https:\/\/progettotouring.it\/radiotouring104\/2023\/06\/23\/reggio-calabria-nasce-lo-sportello-legale-sociale\/#primaryimage\"},\"image\":{\"@id\":\"https:\/\/progettotouring.it\/radiotouring104\/2023\/06\/23\/reggio-calabria-nasce-lo-sportello-legale-sociale\/#primaryimage\"},\"thumbnailUrl\":\"https:\/\/progettotouring.it\/radiotouring104\/wp-content\/uploads\/sites\/6\/2023\/06\/Consulta-comunale-Politiche-Sociali.jpeg\",\"datePublished\":\"2023-06-23T14:23:39+00:00\",\"dateModified\":\"2023-06-23T14:29:10+00:00\",\"description\":\"La Consulta comunale Politiche Sociali e del Lavoro ha istituito uno sportello legale sociale a Reggio Calabria\",\"breadcrumb\":{\"@id\":\"https:\/\/progettotouring.it\/radiotouring104\/2023\/06\/23\/reggio-calabria-nasce-lo-sportello-legale-sociale\/#breadcrumb\"},\"inLanguage\":\"it-IT\",\"potentialAction\":[{\"@type\":\"ReadAction\",\"target\":[\"https:\/\/progettotouring.it\/radiotouring104\/2023\/06\/23\/reggio-calabria-nasce-lo-sportello-legale-sociale\/\"]}]},{\"@type\":\"ImageObject\",\"inLanguage\":\"it-IT\",\"@id\":\"https:\/\/progettotouring.it\/radiotouring104\/2023\/06\/23\/reggio-calabria-nasce-lo-sportello-legale-sociale\/#primaryimage\",\"url\":\"https:\/\/progettotouring.it\/radiotouring104\/wp-content\/uploads\/sites\/6\/2023\/06\/Consulta-comunale-Politiche-Sociali.jpeg\",\"contentUrl\":\"https:\/\/progettotouring.it\/radiotouring104\/wp-content\/uploads\/sites\/6\/2023\/06\/Consulta-comunale-Politiche-Sociali.jpeg\",\"width\":1286,\"height\":574},{\"@type\":\"BreadcrumbList\",\"@id\":\"https:\/\/progettotouring.it\/radiotouring104\/2023\/06\/23\/reggio-calabria-nasce-lo-sportello-legale-sociale\/#breadcrumb\",\"itemListElement\":[{\"@type\":\"ListItem\",\"position\":1,\"name\":\"Home\",\"item\":\"https:\/\/progettotouring.it\/radiotouring104\/\"},{\"@type\":\"ListItem\",\"position\":2,\"name\":\"Reggio Calabria: nasce lo sportello legale sociale\"}]},{\"@type\":\"WebSite\",\"@id\":\"https:\/\/progettotouring.it\/radiotouring104\/#website\",\"url\":\"https:\/\/progettotouring.it\/radiotouring104\/\",\"name\":\"Radio Touring 104\",\"description\":\"La prima radio Reggina\",\"publisher\":{\"@id\":\"https:\/\/progettotouring.it\/radiotouring104\/#organization\"},\"potentialAction\":[{\"@type\":\"SearchAction\",\"target\":{\"@type\":\"EntryPoint\",\"urlTemplate\":\"https:\/\/progettotouring.it\/radiotouring104\/?s={search_term_string}\"},\"query-input\":{\"@type\":\"PropertyValueSpecification\",\"valueRequired\":true,\"valueName\":\"search_term_string\"}}],\"inLanguage\":\"it-IT\"},{\"@type\":\"Organization\",\"@id\":\"https:\/\/progettotouring.it\/radiotouring104\/#organization\",\"name\":\"Radio Touring 104\",\"url\":\"https:\/\/progettotouring.it\/radiotouring104\/\",\"logo\":{\"@type\":\"ImageObject\",\"inLanguage\":\"it-IT\",\"@id\":\"https:\/\/progettotouring.it\/radiotouring104\/#\/schema\/logo\/image\/\",\"url\":\"https:\/\/progettotouring.it\/radiotouring104\/wp-content\/uploads\/sites\/6\/2022\/02\/cropped-logo-radio-touring-104.png\",\"contentUrl\":\"https:\/\/progettotouring.it\/radiotouring104\/wp-content\/uploads\/sites\/6\/2022\/02\/cropped-logo-radio-touring-104.png\",\"width\":377,\"height\":182,\"caption\":\"Radio Touring 104\"},\"image\":{\"@id\":\"https:\/\/progettotouring.it\/radiotouring104\/#\/schema\/logo\/image\/\"}},{\"@type\":\"Person\",\"@id\":\"https:\/\/progettotouring.it\/radiotouring104\/#\/schema\/person\/4a82259ca52ac8702ad1a8f9e5a3120b\",\"name\":\"Filippo Francesco Idone\",\"image\":{\"@type\":\"ImageObject\",\"inLanguage\":\"it-IT\",\"@id\":\"https:\/\/secure.gravatar.com\/avatar\/7268715d2366395c3dd314385670e6484117d44f5c442e61e230f7008b7b62d3?s=96&d=mm&r=g\",\"url\":\"https:\/\/secure.gravatar.com\/avatar\/7268715d2366395c3dd314385670e6484117d44f5c442e61e230f7008b7b62d3?s=96&d=mm&r=g\",\"contentUrl\":\"https:\/\/secure.gravatar.com\/avatar\/7268715d2366395c3dd314385670e6484117d44f5c442e61e230f7008b7b62d3?s=96&d=mm&r=g\",\"caption\":\"Filippo Francesco Idone\"},\"url\":\"https:\/\/progettotouring.it\/radiotouring104\/author\/filippoidone\/\"}]}<\/script>\n<!-- \/ Yoast SEO plugin. -->","yoast_head_json":{"title":"Reggio Calabria: nasce lo sportello legale sociale - Radio Touring 104","description":"La Consulta comunale Politiche Sociali e del Lavoro ha istituito uno sportello legale sociale a Reggio Calabria","robots":{"index":"index","follow":"follow","max-snippet":"max-snippet:-1","max-image-preview":"max-image-preview:large","max-video-preview":"max-video-preview:-1"},"canonical":"https:\/\/progettotouring.it\/radiotouring104\/2023\/06\/23\/reggio-calabria-nasce-lo-sportello-legale-sociale\/","og_locale":"it_IT","og_type":"article","og_title":"Reggio Calabria: nasce lo sportello legale sociale - Radio Touring 104","og_description":"La Consulta comunale Politiche Sociali e del Lavoro ha istituito uno sportello legale sociale a Reggio Calabria","og_url":"https:\/\/progettotouring.it\/radiotouring104\/2023\/06\/23\/reggio-calabria-nasce-lo-sportello-legale-sociale\/","og_site_name":"Radio Touring 104","article_published_time":"2023-06-23T14:23:39+00:00","article_modified_time":"2023-06-23T14:29:10+00:00","og_image":[{"width":1286,"height":574,"url":"https:\/\/progettotouring.it\/radiotouring104\/wp-content\/uploads\/sites\/6\/2023\/06\/Consulta-comunale-Politiche-Sociali.jpeg","type":"image\/jpeg"}],"author":"Filippo Francesco Idone","twitter_card":"summary_large_image","twitter_misc":{"Scritto da":"Filippo Francesco Idone","Tempo di lettura stimato":"3 minuti"},"schema":{"@context":"https:\/\/schema.org","@graph":[{"@type":"Article","@id":"https:\/\/progettotouring.it\/radiotouring104\/2023\/06\/23\/reggio-calabria-nasce-lo-sportello-legale-sociale\/#article","isPartOf":{"@id":"https:\/\/progettotouring.it\/radiotouring104\/2023\/06\/23\/reggio-calabria-nasce-lo-sportello-legale-sociale\/"},"author":{"name":"Filippo Francesco Idone","@id":"https:\/\/progettotouring.it\/radiotouring104\/#\/schema\/person\/4a82259ca52ac8702ad1a8f9e5a3120b"},"headline":"Reggio Calabria: nasce lo sportello legale sociale","datePublished":"2023-06-23T14:23:39+00:00","dateModified":"2023-06-23T14:29:10+00:00","mainEntityOfPage":{"@id":"https:\/\/progettotouring.it\/radiotouring104\/2023\/06\/23\/reggio-calabria-nasce-lo-sportello-legale-sociale\/"},"wordCount":544,"publisher":{"@id":"https:\/\/progettotouring.it\/radiotouring104\/#organization"},"image":{"@id":"https:\/\/progettotouring.it\/radiotouring104\/2023\/06\/23\/reggio-calabria-nasce-lo-sportello-legale-sociale\/#primaryimage"},"thumbnailUrl":"https:\/\/progettotouring.it\/radiotouring104\/wp-content\/uploads\/sites\/6\/2023\/06\/Consulta-comunale-Politiche-Sociali.jpeg","keywords":["Consulta comunale Politiche Sociali","Sala Giunta di Palazzo San Giorgio","Sportello legale Sociale"],"articleSection":["Home","News","Reggio Calabria"],"inLanguage":"it-IT"},{"@type":"WebPage","@id":"https:\/\/progettotouring.it\/radiotouring104\/2023\/06\/23\/reggio-calabria-nasce-lo-sportello-legale-sociale\/","url":"https:\/\/progettotouring.it\/radiotouring104\/2023\/06\/23\/reggio-calabria-nasce-lo-sportello-legale-sociale\/","name":"Reggio Calabria: nasce lo sportello legale sociale - Radio Touring 104","isPartOf":{"@id":"https:\/\/progettotouring.it\/radiotouring104\/#website"},"primaryImageOfPage":{"@id":"https:\/\/progettotouring.it\/radiotouring104\/2023\/06\/23\/reggio-calabria-nasce-lo-sportello-legale-sociale\/#primaryimage"},"image":{"@id":"https:\/\/progettotouring.it\/radiotouring104\/2023\/06\/23\/reggio-calabria-nasce-lo-sportello-legale-sociale\/#primaryimage"},"thumbnailUrl":"https:\/\/progettotouring.it\/radiotouring104\/wp-content\/uploads\/sites\/6\/2023\/06\/Consulta-comunale-Politiche-Sociali.jpeg","datePublished":"2023-06-23T14:23:39+00:00","dateModified":"2023-06-23T14:29:10+00:00","description":"La Consulta comunale Politiche Sociali e del Lavoro ha istituito uno sportello legale sociale a Reggio Calabria","breadcrumb":{"@id":"https:\/\/progettotouring.it\/radiotouring104\/2023\/06\/23\/reggio-calabria-nasce-lo-sportello-legale-sociale\/#breadcrumb"},"inLanguage":"it-IT","potentialAction":[{"@type":"ReadAction","target":["https:\/\/progettotouring.it\/radiotouring104\/2023\/06\/23\/reggio-calabria-nasce-lo-sportello-legale-sociale\/"]}]},{"@type":"ImageObject","inLanguage":"it-IT","@id":"https:\/\/progettotouring.it\/radiotouring104\/2023\/06\/23\/reggio-calabria-nasce-lo-sportello-legale-sociale\/#primaryimage","url":"https:\/\/progettotouring.it\/radiotouring104\/wp-content\/uploads\/sites\/6\/2023\/06\/Consulta-comunale-Politiche-Sociali.jpeg","contentUrl":"https:\/\/progettotouring.it\/radiotouring104\/wp-content\/uploads\/sites\/6\/2023\/06\/Consulta-comunale-Politiche-Sociali.jpeg","width":1286,"height":574},{"@type":"BreadcrumbList","@id":"https:\/\/progettotouring.it\/radiotouring104\/2023\/06\/23\/reggio-calabria-nasce-lo-sportello-legale-sociale\/#breadcrumb","itemListElement":[{"@type":"ListItem","position":1,"name":"Home","item":"https:\/\/progettotouring.it\/radiotouring104\/"},{"@type":"ListItem","position":2,"name":"Reggio Calabria: nasce lo sportello legale sociale"}]},{"@type":"WebSite","@id":"https:\/\/progettotouring.it\/radiotouring104\/#website","url":"https:\/\/progettotouring.it\/radiotouring104\/","name":"Radio Touring 104","description":"La prima radio Reggina","publisher":{"@id":"https:\/\/progettotouring.it\/radiotouring104\/#organization"},"potentialAction":[{"@type":"SearchAction","target":{"@type":"EntryPoint","urlTemplate":"https:\/\/progettotouring.it\/radiotouring104\/?s={search_term_string}"},"query-input":{"@type":"PropertyValueSpecification","valueRequired":true,"valueName":"search_term_string"}}],"inLanguage":"it-IT"},{"@type":"Organization","@id":"https:\/\/progettotouring.it\/radiotouring104\/#organization","name":"Radio Touring 104","url":"https:\/\/progettotouring.it\/radiotouring104\/","logo":{"@type":"ImageObject","inLanguage":"it-IT","@id":"https:\/\/progettotouring.it\/radiotouring104\/#\/schema\/logo\/image\/","url":"https:\/\/progettotouring.it\/radiotouring104\/wp-content\/uploads\/sites\/6\/2022\/02\/cropped-logo-radio-touring-104.png","contentUrl":"https:\/\/progettotouring.it\/radiotouring104\/wp-content\/uploads\/sites\/6\/2022\/02\/cropped-logo-radio-touring-104.png","width":377,"height":182,"caption":"Radio Touring 104"},"image":{"@id":"https:\/\/progettotouring.it\/radiotouring104\/#\/schema\/logo\/image\/"}},{"@type":"Person","@id":"https:\/\/progettotouring.it\/radiotouring104\/#\/schema\/person\/4a82259ca52ac8702ad1a8f9e5a3120b","name":"Filippo Francesco Idone","image":{"@type":"ImageObject","inLanguage":"it-IT","@id":"https:\/\/secure.gravatar.com\/avatar\/7268715d2366395c3dd314385670e6484117d44f5c442e61e230f7008b7b62d3?s=96&d=mm&r=g","url":"https:\/\/secure.gravatar.com\/avatar\/7268715d2366395c3dd314385670e6484117d44f5c442e61e230f7008b7b62d3?s=96&d=mm&r=g","contentUrl":"https:\/\/secure.gravatar.com\/avatar\/7268715d2366395c3dd314385670e6484117d44f5c442e61e230f7008b7b62d3?s=96&d=mm&r=g","caption":"Filippo Francesco Idone"},"url":"https:\/\/progettotouring.it\/radiotouring104\/author\/filippoidone\/"}]}},"jetpack_publicize_connections":[],"jetpack_featured_media_url":"https:\/\/progettotouring.it\/radiotouring104\/wp-content\/uploads\/sites\/6\/2023\/06\/Consulta-comunale-Politiche-Sociali.jpeg","jetpack_sharing_enabled":true,"_links":{"self":[{"href":"https:\/\/progettotouring.it\/radiotouring104\/wp-json\/wp\/v2\/posts\/28816","targetHints":{"allow":["GET"]}}],"collection":[{"href":"https:\/\/progettotouring.it\/radiotouring104\/wp-json\/wp\/v2\/posts"}],"about":[{"href":"https:\/\/progettotouring.it\/radiotouring104\/wp-json\/wp\/v2\/types\/post"}],"author":[{"embeddable":true,"href":"https:\/\/progettotouring.it\/radiotouring104\/wp-json\/wp\/v2\/users\/8"}],"replies":[{"embeddable":true,"href":"https:\/\/progettotouring.it\/radiotouring104\/wp-json\/wp\/v2\/comments?post=28816"}],"version-history":[{"count":1,"href":"https:\/\/progettotouring.it\/radiotouring104\/wp-json\/wp\/v2\/posts\/28816\/revisions"}],"predecessor-version":[{"id":28820,"href":"https:\/\/progettotouring.it\/radiotouring104\/wp-json\/wp\/v2\/posts\/28816\/revisions\/28820"}],"wp:featuredmedia":[{"embeddable":true,"href":"https:\/\/progettotouring.it\/radiotouring104\/wp-json\/wp\/v2\/media\/28819"}],"wp:attachment":[{"href":"https:\/\/progettotouring.it\/radiotouring104\/wp-json\/wp\/v2\/media?parent=28816"}],"wp:term":[{"taxonomy":"category","embeddable":true,"href":"https:\/\/progettotouring.it\/radiotouring104\/wp-json\/wp\/v2\/categories?post=28816"},{"taxonomy":"post_tag","embeddable":true,"href":"https:\/\/progettotouring.it\/radiotouring104\/wp-json\/wp\/v2\/tags?post=28816"}],"curies":[{"name":"wp","href":"https:\/\/api.w.org\/{rel}","templated":true}]}}