{"id":28825,"date":"2023-06-23T22:01:49","date_gmt":"2023-06-23T20:01:49","guid":{"rendered":"https:\/\/progettotouring.it\/radiotouring104\/?p=28825"},"modified":"2023-06-23T22:01:49","modified_gmt":"2023-06-23T20:01:49","slug":"serie-b-ufficializzata-la-data-dei-sorteggi-e-linizio-e-la-fine-del-torneo","status":"publish","type":"post","link":"https:\/\/progettotouring.it\/radiotouring104\/2023\/06\/23\/serie-b-ufficializzata-la-data-dei-sorteggi-e-linizio-e-la-fine-del-torneo\/","title":{"rendered":"Serie B: ufficializzata la data dei sorteggi e l&#8217;inizio e la fine del torneo"},"content":{"rendered":"<p style=\"text-align: justify\">Il calendario che sar\u00e0 presentato a <strong>Como<\/strong>, presso lo splendido scenario di villa Olmo il prossimo 11 luglio, porter\u00e0 con s\u00e9 un\u2019importante novit\u00e0. E\u2019 stato infatti approvato dall\u2019Assemblea, per la prima volta, il calendario asimmetrico, con le gare del girone di ritorno che non saranno speculari a quelle di andata. L\u2019Assemblea ha inoltre stabilito che non si giocher\u00e0 durante le soste nazionali e ha confermato il boxing day del 26 dicembre, soprattutto dopo il grande successo di questa stagione che ha registrato il record di audience e il quarto posto nella classifica delle giornate con pi\u00f9 spettatori. La sosta invernale \u00e8 prevista dal 27 dicembre al 12 gennaio, con la prima giornata di ritorno stabilita il 13 gennaio, decisi inoltre i turni infrasettimanali: marted\u00ec 29 agosto, marted\u00ec 26 settembre, marted\u00ec 26 dicembre, marted\u00ec 27 febbraio e mercoled\u00ec primo maggio oltre a <strong>Pasquetta<\/strong> luned\u00ec primo aprile 2024. Gi\u00e0 deliberato l\u2019inizio campionato nella scorsa Assemblea con il via sabato 19 agosto e conclusione venerd\u00ec 10 maggio 2024.<\/p>\n","protected":false},"excerpt":{"rendered":"<p>Il calendario che sar\u00e0 presentato a Como, presso lo splendido scenario di villa Olmo il prossimo 11 luglio, porter\u00e0 con s\u00e9 un\u2019importante novit\u00e0. E\u2019 stato infatti approvato dall\u2019Assemblea, per la&hellip;<\/p>\n","protected":false},"author":8,"featured_media":11578,"comment_status":"closed","ping_status":"open","sticky":false,"template":"","format":"standard","meta":{"_jetpack_memberships_contains_paid_content":false,"footnotes":"","jetpack_publicize_message":"","jetpack_publicize_feature_enabled":true,"jetpack_social_post_already_shared":false,"jetpack_social_options":{"image_generator_settings":{"template":"highway","default_image_id":0,"font":"","enabled":false},"version":2}},"categories":[196,140,144],"tags":[3383,17633,419],"class_list":["post-28825","post","type-post","status-publish","format-standard","has-post-thumbnail","hentry","category-news","category-reggio-calabria","category-sport","tag-calendario","tag-calendario-asimmetrico","tag-serie-b"],"yoast_head":"<!-- This site is optimized with the Yoast SEO plugin v27.2 - https:\/\/yoast.com\/product\/yoast-seo-wordpress\/ -->\n<title>Serie B: ufficializzata la data dei sorteggi e l&#039;inizio e la fine del torneo - Radio Touring 104<\/title>\n<meta name=\"description\" content=\"La Lega Serie B ha ufficializzato la data dei sorteggi dei calendari e l&#039;inizio e la fine del torneo con la novit\u00e0 del calendario asimmetrico\" \/>\n<meta name=\"robots\" content=\"index, follow, max-snippet:-1, max-image-preview:large, max-video-preview:-1\" \/>\n<link rel=\"canonical\" href=\"https:\/\/progettotouring.it\/radiotouring104\/2023\/06\/23\/serie-b-ufficializzata-la-data-dei-sorteggi-e-linizio-e-la-fine-del-torneo\/\" \/>\n<meta property=\"og:locale\" content=\"it_IT\" \/>\n<meta property=\"og:type\" content=\"article\" \/>\n<meta property=\"og:title\" content=\"Serie B: ufficializzata la data dei sorteggi e l&#039;inizio e la fine del torneo - Radio Touring 104\" \/>\n<meta property=\"og:description\" content=\"La Lega Serie B ha ufficializzato la data dei sorteggi dei calendari e l&#039;inizio e la fine del torneo con la novit\u00e0 del calendario asimmetrico\" \/>\n<meta property=\"og:url\" content=\"https:\/\/progettotouring.it\/radiotouring104\/2023\/06\/23\/serie-b-ufficializzata-la-data-dei-sorteggi-e-linizio-e-la-fine-del-torneo\/\" \/>\n<meta property=\"og:site_name\" content=\"Radio Touring 104\" \/>\n<meta property=\"article:published_time\" content=\"2023-06-23T20:01:49+00:00\" \/>\n<meta property=\"og:image\" content=\"https:\/\/progettotouring.it\/radiotouring104\/wp-content\/uploads\/sites\/6\/2022\/11\/serie-b.png\" \/>\n\t<meta property=\"og:image:width\" content=\"906\" \/>\n\t<meta property=\"og:image:height\" content=\"578\" \/>\n\t<meta property=\"og:image:type\" content=\"image\/png\" \/>\n<meta name=\"author\" content=\"Filippo Francesco Idone\" \/>\n<meta name=\"twitter:card\" content=\"summary_large_image\" \/>\n<meta name=\"twitter:label1\" content=\"Scritto da\" \/>\n\t<meta name=\"twitter:data1\" content=\"Filippo Francesco Idone\" \/>\n\t<meta name=\"twitter:label2\" content=\"Tempo di lettura stimato\" \/>\n\t<meta name=\"twitter:data2\" content=\"1 minuto\" \/>\n<script type=\"application\/ld+json\" class=\"yoast-schema-graph\">{\"@context\":\"https:\/\/schema.org\",\"@graph\":[{\"@type\":\"Article\",\"@id\":\"https:\/\/progettotouring.it\/radiotouring104\/2023\/06\/23\/serie-b-ufficializzata-la-data-dei-sorteggi-e-linizio-e-la-fine-del-torneo\/#article\",\"isPartOf\":{\"@id\":\"https:\/\/progettotouring.it\/radiotouring104\/2023\/06\/23\/serie-b-ufficializzata-la-data-dei-sorteggi-e-linizio-e-la-fine-del-torneo\/\"},\"author\":{\"name\":\"Filippo Francesco Idone\",\"@id\":\"https:\/\/progettotouring.it\/radiotouring104\/#\/schema\/person\/4a82259ca52ac8702ad1a8f9e5a3120b\"},\"headline\":\"Serie B: ufficializzata la data dei sorteggi e l&#8217;inizio e la fine del torneo\",\"datePublished\":\"2023-06-23T20:01:49+00:00\",\"mainEntityOfPage\":{\"@id\":\"https:\/\/progettotouring.it\/radiotouring104\/2023\/06\/23\/serie-b-ufficializzata-la-data-dei-sorteggi-e-linizio-e-la-fine-del-torneo\/\"},\"wordCount\":169,\"publisher\":{\"@id\":\"https:\/\/progettotouring.it\/radiotouring104\/#organization\"},\"image\":{\"@id\":\"https:\/\/progettotouring.it\/radiotouring104\/2023\/06\/23\/serie-b-ufficializzata-la-data-dei-sorteggi-e-linizio-e-la-fine-del-torneo\/#primaryimage\"},\"thumbnailUrl\":\"https:\/\/progettotouring.it\/radiotouring104\/wp-content\/uploads\/sites\/6\/2022\/11\/serie-b.png\",\"keywords\":[\"Calendario\",\"calendario asimmetrico\",\"serie b\"],\"articleSection\":[\"News\",\"Reggio Calabria\",\"Sport\"],\"inLanguage\":\"it-IT\"},{\"@type\":\"WebPage\",\"@id\":\"https:\/\/progettotouring.it\/radiotouring104\/2023\/06\/23\/serie-b-ufficializzata-la-data-dei-sorteggi-e-linizio-e-la-fine-del-torneo\/\",\"url\":\"https:\/\/progettotouring.it\/radiotouring104\/2023\/06\/23\/serie-b-ufficializzata-la-data-dei-sorteggi-e-linizio-e-la-fine-del-torneo\/\",\"name\":\"Serie B: ufficializzata la data dei sorteggi e l'inizio e la fine del torneo - Radio Touring 104\",\"isPartOf\":{\"@id\":\"https:\/\/progettotouring.it\/radiotouring104\/#website\"},\"primaryImageOfPage\":{\"@id\":\"https:\/\/progettotouring.it\/radiotouring104\/2023\/06\/23\/serie-b-ufficializzata-la-data-dei-sorteggi-e-linizio-e-la-fine-del-torneo\/#primaryimage\"},\"image\":{\"@id\":\"https:\/\/progettotouring.it\/radiotouring104\/2023\/06\/23\/serie-b-ufficializzata-la-data-dei-sorteggi-e-linizio-e-la-fine-del-torneo\/#primaryimage\"},\"thumbnailUrl\":\"https:\/\/progettotouring.it\/radiotouring104\/wp-content\/uploads\/sites\/6\/2022\/11\/serie-b.png\",\"datePublished\":\"2023-06-23T20:01:49+00:00\",\"description\":\"La Lega Serie B ha ufficializzato la data dei sorteggi dei calendari e l'inizio e la fine del torneo con la novit\u00e0 del calendario asimmetrico\",\"breadcrumb\":{\"@id\":\"https:\/\/progettotouring.it\/radiotouring104\/2023\/06\/23\/serie-b-ufficializzata-la-data-dei-sorteggi-e-linizio-e-la-fine-del-torneo\/#breadcrumb\"},\"inLanguage\":\"it-IT\",\"potentialAction\":[{\"@type\":\"ReadAction\",\"target\":[\"https:\/\/progettotouring.it\/radiotouring104\/2023\/06\/23\/serie-b-ufficializzata-la-data-dei-sorteggi-e-linizio-e-la-fine-del-torneo\/\"]}]},{\"@type\":\"ImageObject\",\"inLanguage\":\"it-IT\",\"@id\":\"https:\/\/progettotouring.it\/radiotouring104\/2023\/06\/23\/serie-b-ufficializzata-la-data-dei-sorteggi-e-linizio-e-la-fine-del-torneo\/#primaryimage\",\"url\":\"https:\/\/progettotouring.it\/radiotouring104\/wp-content\/uploads\/sites\/6\/2022\/11\/serie-b.png\",\"contentUrl\":\"https:\/\/progettotouring.it\/radiotouring104\/wp-content\/uploads\/sites\/6\/2022\/11\/serie-b.png\",\"width\":906,\"height\":578},{\"@type\":\"BreadcrumbList\",\"@id\":\"https:\/\/progettotouring.it\/radiotouring104\/2023\/06\/23\/serie-b-ufficializzata-la-data-dei-sorteggi-e-linizio-e-la-fine-del-torneo\/#breadcrumb\",\"itemListElement\":[{\"@type\":\"ListItem\",\"position\":1,\"name\":\"Home\",\"item\":\"https:\/\/progettotouring.it\/radiotouring104\/\"},{\"@type\":\"ListItem\",\"position\":2,\"name\":\"Serie B: ufficializzata la data dei sorteggi e l&#8217;inizio e la fine del torneo\"}]},{\"@type\":\"WebSite\",\"@id\":\"https:\/\/progettotouring.it\/radiotouring104\/#website\",\"url\":\"https:\/\/progettotouring.it\/radiotouring104\/\",\"name\":\"Radio Touring 104\",\"description\":\"La prima radio Reggina\",\"publisher\":{\"@id\":\"https:\/\/progettotouring.it\/radiotouring104\/#organization\"},\"potentialAction\":[{\"@type\":\"SearchAction\",\"target\":{\"@type\":\"EntryPoint\",\"urlTemplate\":\"https:\/\/progettotouring.it\/radiotouring104\/?s={search_term_string}\"},\"query-input\":{\"@type\":\"PropertyValueSpecification\",\"valueRequired\":true,\"valueName\":\"search_term_string\"}}],\"inLanguage\":\"it-IT\"},{\"@type\":\"Organization\",\"@id\":\"https:\/\/progettotouring.it\/radiotouring104\/#organization\",\"name\":\"Radio Touring 104\",\"url\":\"https:\/\/progettotouring.it\/radiotouring104\/\",\"logo\":{\"@type\":\"ImageObject\",\"inLanguage\":\"it-IT\",\"@id\":\"https:\/\/progettotouring.it\/radiotouring104\/#\/schema\/logo\/image\/\",\"url\":\"https:\/\/progettotouring.it\/radiotouring104\/wp-content\/uploads\/sites\/6\/2022\/02\/cropped-logo-radio-touring-104.png\",\"contentUrl\":\"https:\/\/progettotouring.it\/radiotouring104\/wp-content\/uploads\/sites\/6\/2022\/02\/cropped-logo-radio-touring-104.png\",\"width\":377,\"height\":182,\"caption\":\"Radio Touring 104\"},\"image\":{\"@id\":\"https:\/\/progettotouring.it\/radiotouring104\/#\/schema\/logo\/image\/\"}},{\"@type\":\"Person\",\"@id\":\"https:\/\/progettotouring.it\/radiotouring104\/#\/schema\/person\/4a82259ca52ac8702ad1a8f9e5a3120b\",\"name\":\"Filippo Francesco Idone\",\"image\":{\"@type\":\"ImageObject\",\"inLanguage\":\"it-IT\",\"@id\":\"https:\/\/secure.gravatar.com\/avatar\/7268715d2366395c3dd314385670e6484117d44f5c442e61e230f7008b7b62d3?s=96&d=mm&r=g\",\"url\":\"https:\/\/secure.gravatar.com\/avatar\/7268715d2366395c3dd314385670e6484117d44f5c442e61e230f7008b7b62d3?s=96&d=mm&r=g\",\"contentUrl\":\"https:\/\/secure.gravatar.com\/avatar\/7268715d2366395c3dd314385670e6484117d44f5c442e61e230f7008b7b62d3?s=96&d=mm&r=g\",\"caption\":\"Filippo Francesco Idone\"},\"url\":\"https:\/\/progettotouring.it\/radiotouring104\/author\/filippoidone\/\"}]}<\/script>\n<!-- \/ Yoast SEO plugin. -->","yoast_head_json":{"title":"Serie B: ufficializzata la data dei sorteggi e l'inizio e la fine del torneo - Radio Touring 104","description":"La Lega Serie B ha ufficializzato la data dei sorteggi dei calendari e l'inizio e la fine del torneo con la novit\u00e0 del calendario asimmetrico","robots":{"index":"index","follow":"follow","max-snippet":"max-snippet:-1","max-image-preview":"max-image-preview:large","max-video-preview":"max-video-preview:-1"},"canonical":"https:\/\/progettotouring.it\/radiotouring104\/2023\/06\/23\/serie-b-ufficializzata-la-data-dei-sorteggi-e-linizio-e-la-fine-del-torneo\/","og_locale":"it_IT","og_type":"article","og_title":"Serie B: ufficializzata la data dei sorteggi e l'inizio e la fine del torneo - Radio Touring 104","og_description":"La Lega Serie B ha ufficializzato la data dei sorteggi dei calendari e l'inizio e la fine del torneo con la novit\u00e0 del calendario asimmetrico","og_url":"https:\/\/progettotouring.it\/radiotouring104\/2023\/06\/23\/serie-b-ufficializzata-la-data-dei-sorteggi-e-linizio-e-la-fine-del-torneo\/","og_site_name":"Radio Touring 104","article_published_time":"2023-06-23T20:01:49+00:00","og_image":[{"width":906,"height":578,"url":"https:\/\/progettotouring.it\/radiotouring104\/wp-content\/uploads\/sites\/6\/2022\/11\/serie-b.png","type":"image\/png"}],"author":"Filippo Francesco Idone","twitter_card":"summary_large_image","twitter_misc":{"Scritto da":"Filippo Francesco Idone","Tempo di lettura stimato":"1 minuto"},"schema":{"@context":"https:\/\/schema.org","@graph":[{"@type":"Article","@id":"https:\/\/progettotouring.it\/radiotouring104\/2023\/06\/23\/serie-b-ufficializzata-la-data-dei-sorteggi-e-linizio-e-la-fine-del-torneo\/#article","isPartOf":{"@id":"https:\/\/progettotouring.it\/radiotouring104\/2023\/06\/23\/serie-b-ufficializzata-la-data-dei-sorteggi-e-linizio-e-la-fine-del-torneo\/"},"author":{"name":"Filippo Francesco Idone","@id":"https:\/\/progettotouring.it\/radiotouring104\/#\/schema\/person\/4a82259ca52ac8702ad1a8f9e5a3120b"},"headline":"Serie B: ufficializzata la data dei sorteggi e l&#8217;inizio e la fine del torneo","datePublished":"2023-06-23T20:01:49+00:00","mainEntityOfPage":{"@id":"https:\/\/progettotouring.it\/radiotouring104\/2023\/06\/23\/serie-b-ufficializzata-la-data-dei-sorteggi-e-linizio-e-la-fine-del-torneo\/"},"wordCount":169,"publisher":{"@id":"https:\/\/progettotouring.it\/radiotouring104\/#organization"},"image":{"@id":"https:\/\/progettotouring.it\/radiotouring104\/2023\/06\/23\/serie-b-ufficializzata-la-data-dei-sorteggi-e-linizio-e-la-fine-del-torneo\/#primaryimage"},"thumbnailUrl":"https:\/\/progettotouring.it\/radiotouring104\/wp-content\/uploads\/sites\/6\/2022\/11\/serie-b.png","keywords":["Calendario","calendario asimmetrico","serie b"],"articleSection":["News","Reggio Calabria","Sport"],"inLanguage":"it-IT"},{"@type":"WebPage","@id":"https:\/\/progettotouring.it\/radiotouring104\/2023\/06\/23\/serie-b-ufficializzata-la-data-dei-sorteggi-e-linizio-e-la-fine-del-torneo\/","url":"https:\/\/progettotouring.it\/radiotouring104\/2023\/06\/23\/serie-b-ufficializzata-la-data-dei-sorteggi-e-linizio-e-la-fine-del-torneo\/","name":"Serie B: ufficializzata la data dei sorteggi e l'inizio e la fine del torneo - Radio Touring 104","isPartOf":{"@id":"https:\/\/progettotouring.it\/radiotouring104\/#website"},"primaryImageOfPage":{"@id":"https:\/\/progettotouring.it\/radiotouring104\/2023\/06\/23\/serie-b-ufficializzata-la-data-dei-sorteggi-e-linizio-e-la-fine-del-torneo\/#primaryimage"},"image":{"@id":"https:\/\/progettotouring.it\/radiotouring104\/2023\/06\/23\/serie-b-ufficializzata-la-data-dei-sorteggi-e-linizio-e-la-fine-del-torneo\/#primaryimage"},"thumbnailUrl":"https:\/\/progettotouring.it\/radiotouring104\/wp-content\/uploads\/sites\/6\/2022\/11\/serie-b.png","datePublished":"2023-06-23T20:01:49+00:00","description":"La Lega Serie B ha ufficializzato la data dei sorteggi dei calendari e l'inizio e la fine del torneo con la novit\u00e0 del calendario asimmetrico","breadcrumb":{"@id":"https:\/\/progettotouring.it\/radiotouring104\/2023\/06\/23\/serie-b-ufficializzata-la-data-dei-sorteggi-e-linizio-e-la-fine-del-torneo\/#breadcrumb"},"inLanguage":"it-IT","potentialAction":[{"@type":"ReadAction","target":["https:\/\/progettotouring.it\/radiotouring104\/2023\/06\/23\/serie-b-ufficializzata-la-data-dei-sorteggi-e-linizio-e-la-fine-del-torneo\/"]}]},{"@type":"ImageObject","inLanguage":"it-IT","@id":"https:\/\/progettotouring.it\/radiotouring104\/2023\/06\/23\/serie-b-ufficializzata-la-data-dei-sorteggi-e-linizio-e-la-fine-del-torneo\/#primaryimage","url":"https:\/\/progettotouring.it\/radiotouring104\/wp-content\/uploads\/sites\/6\/2022\/11\/serie-b.png","contentUrl":"https:\/\/progettotouring.it\/radiotouring104\/wp-content\/uploads\/sites\/6\/2022\/11\/serie-b.png","width":906,"height":578},{"@type":"BreadcrumbList","@id":"https:\/\/progettotouring.it\/radiotouring104\/2023\/06\/23\/serie-b-ufficializzata-la-data-dei-sorteggi-e-linizio-e-la-fine-del-torneo\/#breadcrumb","itemListElement":[{"@type":"ListItem","position":1,"name":"Home","item":"https:\/\/progettotouring.it\/radiotouring104\/"},{"@type":"ListItem","position":2,"name":"Serie B: ufficializzata la data dei sorteggi e l&#8217;inizio e la fine del torneo"}]},{"@type":"WebSite","@id":"https:\/\/progettotouring.it\/radiotouring104\/#website","url":"https:\/\/progettotouring.it\/radiotouring104\/","name":"Radio Touring 104","description":"La prima radio Reggina","publisher":{"@id":"https:\/\/progettotouring.it\/radiotouring104\/#organization"},"potentialAction":[{"@type":"SearchAction","target":{"@type":"EntryPoint","urlTemplate":"https:\/\/progettotouring.it\/radiotouring104\/?s={search_term_string}"},"query-input":{"@type":"PropertyValueSpecification","valueRequired":true,"valueName":"search_term_string"}}],"inLanguage":"it-IT"},{"@type":"Organization","@id":"https:\/\/progettotouring.it\/radiotouring104\/#organization","name":"Radio Touring 104","url":"https:\/\/progettotouring.it\/radiotouring104\/","logo":{"@type":"ImageObject","inLanguage":"it-IT","@id":"https:\/\/progettotouring.it\/radiotouring104\/#\/schema\/logo\/image\/","url":"https:\/\/progettotouring.it\/radiotouring104\/wp-content\/uploads\/sites\/6\/2022\/02\/cropped-logo-radio-touring-104.png","contentUrl":"https:\/\/progettotouring.it\/radiotouring104\/wp-content\/uploads\/sites\/6\/2022\/02\/cropped-logo-radio-touring-104.png","width":377,"height":182,"caption":"Radio Touring 104"},"image":{"@id":"https:\/\/progettotouring.it\/radiotouring104\/#\/schema\/logo\/image\/"}},{"@type":"Person","@id":"https:\/\/progettotouring.it\/radiotouring104\/#\/schema\/person\/4a82259ca52ac8702ad1a8f9e5a3120b","name":"Filippo Francesco Idone","image":{"@type":"ImageObject","inLanguage":"it-IT","@id":"https:\/\/secure.gravatar.com\/avatar\/7268715d2366395c3dd314385670e6484117d44f5c442e61e230f7008b7b62d3?s=96&d=mm&r=g","url":"https:\/\/secure.gravatar.com\/avatar\/7268715d2366395c3dd314385670e6484117d44f5c442e61e230f7008b7b62d3?s=96&d=mm&r=g","contentUrl":"https:\/\/secure.gravatar.com\/avatar\/7268715d2366395c3dd314385670e6484117d44f5c442e61e230f7008b7b62d3?s=96&d=mm&r=g","caption":"Filippo Francesco Idone"},"url":"https:\/\/progettotouring.it\/radiotouring104\/author\/filippoidone\/"}]}},"jetpack_publicize_connections":[],"jetpack_featured_media_url":"https:\/\/progettotouring.it\/radiotouring104\/wp-content\/uploads\/sites\/6\/2022\/11\/serie-b.png","jetpack_sharing_enabled":true,"_links":{"self":[{"href":"https:\/\/progettotouring.it\/radiotouring104\/wp-json\/wp\/v2\/posts\/28825","targetHints":{"allow":["GET"]}}],"collection":[{"href":"https:\/\/progettotouring.it\/radiotouring104\/wp-json\/wp\/v2\/posts"}],"about":[{"href":"https:\/\/progettotouring.it\/radiotouring104\/wp-json\/wp\/v2\/types\/post"}],"author":[{"embeddable":true,"href":"https:\/\/progettotouring.it\/radiotouring104\/wp-json\/wp\/v2\/users\/8"}],"replies":[{"embeddable":true,"href":"https:\/\/progettotouring.it\/radiotouring104\/wp-json\/wp\/v2\/comments?post=28825"}],"version-history":[{"count":1,"href":"https:\/\/progettotouring.it\/radiotouring104\/wp-json\/wp\/v2\/posts\/28825\/revisions"}],"predecessor-version":[{"id":28826,"href":"https:\/\/progettotouring.it\/radiotouring104\/wp-json\/wp\/v2\/posts\/28825\/revisions\/28826"}],"wp:featuredmedia":[{"embeddable":true,"href":"https:\/\/progettotouring.it\/radiotouring104\/wp-json\/wp\/v2\/media\/11578"}],"wp:attachment":[{"href":"https:\/\/progettotouring.it\/radiotouring104\/wp-json\/wp\/v2\/media?parent=28825"}],"wp:term":[{"taxonomy":"category","embeddable":true,"href":"https:\/\/progettotouring.it\/radiotouring104\/wp-json\/wp\/v2\/categories?post=28825"},{"taxonomy":"post_tag","embeddable":true,"href":"https:\/\/progettotouring.it\/radiotouring104\/wp-json\/wp\/v2\/tags?post=28825"}],"curies":[{"name":"wp","href":"https:\/\/api.w.org\/{rel}","templated":true}]}}