{"id":28838,"date":"2023-06-24T10:13:15","date_gmt":"2023-06-24T08:13:15","guid":{"rendered":"https:\/\/progettotouring.it\/radiotouring104\/?p=28838"},"modified":"2023-06-24T14:16:30","modified_gmt":"2023-06-24T12:16:30","slug":"numerosi-incontri-culturali-presso-lassociazione-culturale-anassilaos","status":"publish","type":"post","link":"https:\/\/progettotouring.it\/radiotouring104\/2023\/06\/24\/numerosi-incontri-culturali-presso-lassociazione-culturale-anassilaos\/","title":{"rendered":"Numerosi incontri culturali presso l&#8217;Associazione Culturale Anassilaos"},"content":{"rendered":"<p style=\"text-align: justify\">Una settimana all\u2019insegna della poesia per l\u2019<strong>Associazione Culturale Anassilaos<\/strong> che nella settimana che si apre incontrer\u00e0 tre poetesse e la ultima produzione in versi \u00a0con la partecipazione della Responsabile Poesia di <strong>Anassilaos<\/strong> Pina de Felice e l\u2019intervento della prof.ssa <strong>Francesca Neri,<\/strong> critico letterario e studiosa di letteratura. Si comincia <strong><em>marted\u00ec 27 giugno presso lo Spazio Open alle ore 18,00<\/em><\/strong> con <strong>Caterina Adriana Cordiano<\/strong> e la sua raccolta \u201c<strong><em>Poesie scritte per gioco<\/em><\/strong>\u201d (Il Convivio editore) \u00a0un titolo semplice, ma che allo stesso tempo nasconde una certa complessit\u00e0. Se infatti si mette in relazione il termine &#8220;gioco&#8221; (che rimanda a una sorta di divertissement letterario) ai temi e ai motivi della raccolta, si pu\u00f2 immediatamente notare come l&#8217;aspetto ludico, se cos\u00ec possiamo definirlo, non \u00e8 proprio nelle corde dell&#8217;autrice. Ci si trova di fronte ad una silloge in cui vengono affrontati argomenti importanti relativi all&#8217;essere e all&#8217;esserci, per mutuare due termini heideggeriani. Le poesie scritte per gioco, dunque, si dimostrano essere dei lampi di riflessione, nei quali simboli e metafore si alternano per indagare se stessi e il mondo, la societ\u00e0 e l&#8217;infinito.<\/p>\n<p style=\"text-align: justify\">Sempre allo <strong><em>Spazio Open sabato 1 luglio (ore 18,00<\/em><\/strong>) <strong>l\u2019Anassilaos<\/strong> incontrer\u00e0 <strong>Raffaela Condello<\/strong> e la sua ultima raccolta di versi \u201c<strong><em>Profumo di zagara bianca\/L\u2019eloquenza dell\u2019anima<\/em><\/strong>\u201d una silloge di poesie attraverso le quali l&#8217;autrice fa emergere l&#8217;eloquenza dell&#8217;anima come un cuore pulsante addolcito o amareggiato da una fame o una sete che respira l&#8217;aria della vita e, con un attento sguardo, dibatte il presente e non dislega il passato e il futuro. Tra le righe di ogni poesia la presenza di pianto e riso rivelato da un io che s&#8217;intrinseca tra le meraviglie della vita e i misteri della morte: \u00e8 l&#8217;anima che parla, or erge i ricordi or li cancella come quel vento che scuote i rami di una quercia ma non tocca le radici dove, nella terra, \u00e8 ancorata. <strong><em>Mercoled\u00ec 28 giugno, alle ore 19,00 presso le Vie del Gusto<\/em><\/strong> sar\u00e0 la volta della poetessa <strong>Mimma Licastro Minniti<\/strong> e della sua ultima fatica letteraria \u201c<strong><em>Percorsi di-versi<\/em><\/strong>\u201d (Citt\u00e0 del Sole), incontro al quale prenderanno parte Maril\u00f9 Laface e Daniela Scuncia. Una poesia \u2013 scrive Caterina Silipo che ne ha curato la prefazione e interverr\u00e0 all\u2019incontro &#8211;\u00a0 che risulta abbastanza armoniosa e si presenta asciutta\u2026 senza sperimentazioni ed ermetismi, dove i contenuti lasciano un segno e innervano l\u2019intero progetto di scrittura della poetessa che, nella sua semplicit\u00e0 ed umilt\u00e0, possiamo definire un meraviglioso percorso di emozioni che esprime una poesia autentica.<\/p>\n","protected":false},"excerpt":{"rendered":"<p>Una settimana all\u2019insegna della poesia per l\u2019Associazione Culturale Anassilaos che nella settimana che si apre incontrer\u00e0 tre poetesse e la ultima produzione in versi \u00a0con la partecipazione della Responsabile Poesia&hellip;<\/p>\n","protected":false},"author":8,"featured_media":28839,"comment_status":"closed","ping_status":"open","sticky":false,"template":"","format":"standard","meta":{"_jetpack_memberships_contains_paid_content":false,"footnotes":"","jetpack_publicize_message":"","jetpack_publicize_feature_enabled":true,"jetpack_social_post_already_shared":false,"jetpack_social_options":{"image_generator_settings":{"template":"highway","default_image_id":0,"font":"","enabled":false},"version":2}},"categories":[921,196,140],"tags":[501,2265,17636],"class_list":["post-28838","post","type-post","status-publish","format-standard","has-post-thumbnail","hentry","category-home","category-news","category-reggio-calabria","tag-anassilaos","tag-mimma-licastro-minniti","tag-percorsi-di-versi"],"yoast_head":"<!-- This site is optimized with the Yoast SEO plugin v27.2 - https:\/\/yoast.com\/product\/yoast-seo-wordpress\/ -->\n<title>Numerosi incontri culturali presso l&#039;Associazione Culturale Anassilaos - Radio Touring 104<\/title>\n<meta name=\"description\" content=\"Presso l\u2019Associazione Culturale Anassilaos ci saranno diversi incontri culturali all&#039;insegna della poesia e della letteratura\" \/>\n<meta name=\"robots\" content=\"index, follow, max-snippet:-1, max-image-preview:large, max-video-preview:-1\" \/>\n<link rel=\"canonical\" href=\"https:\/\/progettotouring.it\/radiotouring104\/2023\/06\/24\/numerosi-incontri-culturali-presso-lassociazione-culturale-anassilaos\/\" \/>\n<meta property=\"og:locale\" content=\"it_IT\" \/>\n<meta property=\"og:type\" content=\"article\" \/>\n<meta property=\"og:title\" content=\"Numerosi incontri culturali presso l&#039;Associazione Culturale Anassilaos - Radio Touring 104\" \/>\n<meta property=\"og:description\" content=\"Presso l\u2019Associazione Culturale Anassilaos ci saranno diversi incontri culturali all&#039;insegna della poesia e della letteratura\" \/>\n<meta property=\"og:url\" content=\"https:\/\/progettotouring.it\/radiotouring104\/2023\/06\/24\/numerosi-incontri-culturali-presso-lassociazione-culturale-anassilaos\/\" \/>\n<meta property=\"og:site_name\" content=\"Radio Touring 104\" \/>\n<meta property=\"article:published_time\" content=\"2023-06-24T08:13:15+00:00\" \/>\n<meta property=\"article:modified_time\" content=\"2023-06-24T12:16:30+00:00\" \/>\n<meta property=\"og:image\" content=\"https:\/\/progettotouring.it\/radiotouring104\/wp-content\/uploads\/sites\/6\/2023\/06\/anassilasos-libri.jpg\" \/>\n\t<meta property=\"og:image:width\" content=\"1709\" \/>\n\t<meta property=\"og:image:height\" content=\"822\" \/>\n\t<meta property=\"og:image:type\" content=\"image\/jpeg\" \/>\n<meta name=\"author\" content=\"Filippo Francesco Idone\" \/>\n<meta name=\"twitter:card\" content=\"summary_large_image\" \/>\n<meta name=\"twitter:label1\" content=\"Scritto da\" \/>\n\t<meta name=\"twitter:data1\" content=\"Filippo Francesco Idone\" \/>\n\t<meta name=\"twitter:label2\" content=\"Tempo di lettura stimato\" \/>\n\t<meta name=\"twitter:data2\" content=\"2 minuti\" \/>\n<script type=\"application\/ld+json\" class=\"yoast-schema-graph\">{\"@context\":\"https:\/\/schema.org\",\"@graph\":[{\"@type\":\"Article\",\"@id\":\"https:\/\/progettotouring.it\/radiotouring104\/2023\/06\/24\/numerosi-incontri-culturali-presso-lassociazione-culturale-anassilaos\/#article\",\"isPartOf\":{\"@id\":\"https:\/\/progettotouring.it\/radiotouring104\/2023\/06\/24\/numerosi-incontri-culturali-presso-lassociazione-culturale-anassilaos\/\"},\"author\":{\"name\":\"Filippo Francesco Idone\",\"@id\":\"https:\/\/progettotouring.it\/radiotouring104\/#\/schema\/person\/4a82259ca52ac8702ad1a8f9e5a3120b\"},\"headline\":\"Numerosi incontri culturali presso l&#8217;Associazione Culturale Anassilaos\",\"datePublished\":\"2023-06-24T08:13:15+00:00\",\"dateModified\":\"2023-06-24T12:16:30+00:00\",\"mainEntityOfPage\":{\"@id\":\"https:\/\/progettotouring.it\/radiotouring104\/2023\/06\/24\/numerosi-incontri-culturali-presso-lassociazione-culturale-anassilaos\/\"},\"wordCount\":418,\"publisher\":{\"@id\":\"https:\/\/progettotouring.it\/radiotouring104\/#organization\"},\"image\":{\"@id\":\"https:\/\/progettotouring.it\/radiotouring104\/2023\/06\/24\/numerosi-incontri-culturali-presso-lassociazione-culturale-anassilaos\/#primaryimage\"},\"thumbnailUrl\":\"https:\/\/progettotouring.it\/radiotouring104\/wp-content\/uploads\/sites\/6\/2023\/06\/anassilasos-libri.jpg\",\"keywords\":[\"anassilaos\",\"Mimma Licastro Minniti\",\"Percorsi di-versi\"],\"articleSection\":[\"Home\",\"News\",\"Reggio Calabria\"],\"inLanguage\":\"it-IT\"},{\"@type\":\"WebPage\",\"@id\":\"https:\/\/progettotouring.it\/radiotouring104\/2023\/06\/24\/numerosi-incontri-culturali-presso-lassociazione-culturale-anassilaos\/\",\"url\":\"https:\/\/progettotouring.it\/radiotouring104\/2023\/06\/24\/numerosi-incontri-culturali-presso-lassociazione-culturale-anassilaos\/\",\"name\":\"Numerosi incontri culturali presso l'Associazione Culturale Anassilaos - Radio Touring 104\",\"isPartOf\":{\"@id\":\"https:\/\/progettotouring.it\/radiotouring104\/#website\"},\"primaryImageOfPage\":{\"@id\":\"https:\/\/progettotouring.it\/radiotouring104\/2023\/06\/24\/numerosi-incontri-culturali-presso-lassociazione-culturale-anassilaos\/#primaryimage\"},\"image\":{\"@id\":\"https:\/\/progettotouring.it\/radiotouring104\/2023\/06\/24\/numerosi-incontri-culturali-presso-lassociazione-culturale-anassilaos\/#primaryimage\"},\"thumbnailUrl\":\"https:\/\/progettotouring.it\/radiotouring104\/wp-content\/uploads\/sites\/6\/2023\/06\/anassilasos-libri.jpg\",\"datePublished\":\"2023-06-24T08:13:15+00:00\",\"dateModified\":\"2023-06-24T12:16:30+00:00\",\"description\":\"Presso l\u2019Associazione Culturale Anassilaos ci saranno diversi incontri culturali all'insegna della poesia e della letteratura\",\"breadcrumb\":{\"@id\":\"https:\/\/progettotouring.it\/radiotouring104\/2023\/06\/24\/numerosi-incontri-culturali-presso-lassociazione-culturale-anassilaos\/#breadcrumb\"},\"inLanguage\":\"it-IT\",\"potentialAction\":[{\"@type\":\"ReadAction\",\"target\":[\"https:\/\/progettotouring.it\/radiotouring104\/2023\/06\/24\/numerosi-incontri-culturali-presso-lassociazione-culturale-anassilaos\/\"]}]},{\"@type\":\"ImageObject\",\"inLanguage\":\"it-IT\",\"@id\":\"https:\/\/progettotouring.it\/radiotouring104\/2023\/06\/24\/numerosi-incontri-culturali-presso-lassociazione-culturale-anassilaos\/#primaryimage\",\"url\":\"https:\/\/progettotouring.it\/radiotouring104\/wp-content\/uploads\/sites\/6\/2023\/06\/anassilasos-libri.jpg\",\"contentUrl\":\"https:\/\/progettotouring.it\/radiotouring104\/wp-content\/uploads\/sites\/6\/2023\/06\/anassilasos-libri.jpg\",\"width\":1709,\"height\":822},{\"@type\":\"BreadcrumbList\",\"@id\":\"https:\/\/progettotouring.it\/radiotouring104\/2023\/06\/24\/numerosi-incontri-culturali-presso-lassociazione-culturale-anassilaos\/#breadcrumb\",\"itemListElement\":[{\"@type\":\"ListItem\",\"position\":1,\"name\":\"Home\",\"item\":\"https:\/\/progettotouring.it\/radiotouring104\/\"},{\"@type\":\"ListItem\",\"position\":2,\"name\":\"Numerosi incontri culturali presso l&#8217;Associazione Culturale Anassilaos\"}]},{\"@type\":\"WebSite\",\"@id\":\"https:\/\/progettotouring.it\/radiotouring104\/#website\",\"url\":\"https:\/\/progettotouring.it\/radiotouring104\/\",\"name\":\"Radio Touring 104\",\"description\":\"La prima radio Reggina\",\"publisher\":{\"@id\":\"https:\/\/progettotouring.it\/radiotouring104\/#organization\"},\"potentialAction\":[{\"@type\":\"SearchAction\",\"target\":{\"@type\":\"EntryPoint\",\"urlTemplate\":\"https:\/\/progettotouring.it\/radiotouring104\/?s={search_term_string}\"},\"query-input\":{\"@type\":\"PropertyValueSpecification\",\"valueRequired\":true,\"valueName\":\"search_term_string\"}}],\"inLanguage\":\"it-IT\"},{\"@type\":\"Organization\",\"@id\":\"https:\/\/progettotouring.it\/radiotouring104\/#organization\",\"name\":\"Radio Touring 104\",\"url\":\"https:\/\/progettotouring.it\/radiotouring104\/\",\"logo\":{\"@type\":\"ImageObject\",\"inLanguage\":\"it-IT\",\"@id\":\"https:\/\/progettotouring.it\/radiotouring104\/#\/schema\/logo\/image\/\",\"url\":\"https:\/\/progettotouring.it\/radiotouring104\/wp-content\/uploads\/sites\/6\/2022\/02\/cropped-logo-radio-touring-104.png\",\"contentUrl\":\"https:\/\/progettotouring.it\/radiotouring104\/wp-content\/uploads\/sites\/6\/2022\/02\/cropped-logo-radio-touring-104.png\",\"width\":377,\"height\":182,\"caption\":\"Radio Touring 104\"},\"image\":{\"@id\":\"https:\/\/progettotouring.it\/radiotouring104\/#\/schema\/logo\/image\/\"}},{\"@type\":\"Person\",\"@id\":\"https:\/\/progettotouring.it\/radiotouring104\/#\/schema\/person\/4a82259ca52ac8702ad1a8f9e5a3120b\",\"name\":\"Filippo Francesco Idone\",\"image\":{\"@type\":\"ImageObject\",\"inLanguage\":\"it-IT\",\"@id\":\"https:\/\/secure.gravatar.com\/avatar\/7268715d2366395c3dd314385670e6484117d44f5c442e61e230f7008b7b62d3?s=96&d=mm&r=g\",\"url\":\"https:\/\/secure.gravatar.com\/avatar\/7268715d2366395c3dd314385670e6484117d44f5c442e61e230f7008b7b62d3?s=96&d=mm&r=g\",\"contentUrl\":\"https:\/\/secure.gravatar.com\/avatar\/7268715d2366395c3dd314385670e6484117d44f5c442e61e230f7008b7b62d3?s=96&d=mm&r=g\",\"caption\":\"Filippo Francesco Idone\"},\"url\":\"https:\/\/progettotouring.it\/radiotouring104\/author\/filippoidone\/\"}]}<\/script>\n<!-- \/ Yoast SEO plugin. -->","yoast_head_json":{"title":"Numerosi incontri culturali presso l'Associazione Culturale Anassilaos - Radio Touring 104","description":"Presso l\u2019Associazione Culturale Anassilaos ci saranno diversi incontri culturali all'insegna della poesia e della letteratura","robots":{"index":"index","follow":"follow","max-snippet":"max-snippet:-1","max-image-preview":"max-image-preview:large","max-video-preview":"max-video-preview:-1"},"canonical":"https:\/\/progettotouring.it\/radiotouring104\/2023\/06\/24\/numerosi-incontri-culturali-presso-lassociazione-culturale-anassilaos\/","og_locale":"it_IT","og_type":"article","og_title":"Numerosi incontri culturali presso l'Associazione Culturale Anassilaos - Radio Touring 104","og_description":"Presso l\u2019Associazione Culturale Anassilaos ci saranno diversi incontri culturali all'insegna della poesia e della letteratura","og_url":"https:\/\/progettotouring.it\/radiotouring104\/2023\/06\/24\/numerosi-incontri-culturali-presso-lassociazione-culturale-anassilaos\/","og_site_name":"Radio Touring 104","article_published_time":"2023-06-24T08:13:15+00:00","article_modified_time":"2023-06-24T12:16:30+00:00","og_image":[{"width":1709,"height":822,"url":"https:\/\/progettotouring.it\/radiotouring104\/wp-content\/uploads\/sites\/6\/2023\/06\/anassilasos-libri.jpg","type":"image\/jpeg"}],"author":"Filippo Francesco Idone","twitter_card":"summary_large_image","twitter_misc":{"Scritto da":"Filippo Francesco Idone","Tempo di lettura stimato":"2 minuti"},"schema":{"@context":"https:\/\/schema.org","@graph":[{"@type":"Article","@id":"https:\/\/progettotouring.it\/radiotouring104\/2023\/06\/24\/numerosi-incontri-culturali-presso-lassociazione-culturale-anassilaos\/#article","isPartOf":{"@id":"https:\/\/progettotouring.it\/radiotouring104\/2023\/06\/24\/numerosi-incontri-culturali-presso-lassociazione-culturale-anassilaos\/"},"author":{"name":"Filippo Francesco Idone","@id":"https:\/\/progettotouring.it\/radiotouring104\/#\/schema\/person\/4a82259ca52ac8702ad1a8f9e5a3120b"},"headline":"Numerosi incontri culturali presso l&#8217;Associazione Culturale Anassilaos","datePublished":"2023-06-24T08:13:15+00:00","dateModified":"2023-06-24T12:16:30+00:00","mainEntityOfPage":{"@id":"https:\/\/progettotouring.it\/radiotouring104\/2023\/06\/24\/numerosi-incontri-culturali-presso-lassociazione-culturale-anassilaos\/"},"wordCount":418,"publisher":{"@id":"https:\/\/progettotouring.it\/radiotouring104\/#organization"},"image":{"@id":"https:\/\/progettotouring.it\/radiotouring104\/2023\/06\/24\/numerosi-incontri-culturali-presso-lassociazione-culturale-anassilaos\/#primaryimage"},"thumbnailUrl":"https:\/\/progettotouring.it\/radiotouring104\/wp-content\/uploads\/sites\/6\/2023\/06\/anassilasos-libri.jpg","keywords":["anassilaos","Mimma Licastro Minniti","Percorsi di-versi"],"articleSection":["Home","News","Reggio Calabria"],"inLanguage":"it-IT"},{"@type":"WebPage","@id":"https:\/\/progettotouring.it\/radiotouring104\/2023\/06\/24\/numerosi-incontri-culturali-presso-lassociazione-culturale-anassilaos\/","url":"https:\/\/progettotouring.it\/radiotouring104\/2023\/06\/24\/numerosi-incontri-culturali-presso-lassociazione-culturale-anassilaos\/","name":"Numerosi incontri culturali presso l'Associazione Culturale Anassilaos - Radio Touring 104","isPartOf":{"@id":"https:\/\/progettotouring.it\/radiotouring104\/#website"},"primaryImageOfPage":{"@id":"https:\/\/progettotouring.it\/radiotouring104\/2023\/06\/24\/numerosi-incontri-culturali-presso-lassociazione-culturale-anassilaos\/#primaryimage"},"image":{"@id":"https:\/\/progettotouring.it\/radiotouring104\/2023\/06\/24\/numerosi-incontri-culturali-presso-lassociazione-culturale-anassilaos\/#primaryimage"},"thumbnailUrl":"https:\/\/progettotouring.it\/radiotouring104\/wp-content\/uploads\/sites\/6\/2023\/06\/anassilasos-libri.jpg","datePublished":"2023-06-24T08:13:15+00:00","dateModified":"2023-06-24T12:16:30+00:00","description":"Presso l\u2019Associazione Culturale Anassilaos ci saranno diversi incontri culturali all'insegna della poesia e della letteratura","breadcrumb":{"@id":"https:\/\/progettotouring.it\/radiotouring104\/2023\/06\/24\/numerosi-incontri-culturali-presso-lassociazione-culturale-anassilaos\/#breadcrumb"},"inLanguage":"it-IT","potentialAction":[{"@type":"ReadAction","target":["https:\/\/progettotouring.it\/radiotouring104\/2023\/06\/24\/numerosi-incontri-culturali-presso-lassociazione-culturale-anassilaos\/"]}]},{"@type":"ImageObject","inLanguage":"it-IT","@id":"https:\/\/progettotouring.it\/radiotouring104\/2023\/06\/24\/numerosi-incontri-culturali-presso-lassociazione-culturale-anassilaos\/#primaryimage","url":"https:\/\/progettotouring.it\/radiotouring104\/wp-content\/uploads\/sites\/6\/2023\/06\/anassilasos-libri.jpg","contentUrl":"https:\/\/progettotouring.it\/radiotouring104\/wp-content\/uploads\/sites\/6\/2023\/06\/anassilasos-libri.jpg","width":1709,"height":822},{"@type":"BreadcrumbList","@id":"https:\/\/progettotouring.it\/radiotouring104\/2023\/06\/24\/numerosi-incontri-culturali-presso-lassociazione-culturale-anassilaos\/#breadcrumb","itemListElement":[{"@type":"ListItem","position":1,"name":"Home","item":"https:\/\/progettotouring.it\/radiotouring104\/"},{"@type":"ListItem","position":2,"name":"Numerosi incontri culturali presso l&#8217;Associazione Culturale Anassilaos"}]},{"@type":"WebSite","@id":"https:\/\/progettotouring.it\/radiotouring104\/#website","url":"https:\/\/progettotouring.it\/radiotouring104\/","name":"Radio Touring 104","description":"La prima radio Reggina","publisher":{"@id":"https:\/\/progettotouring.it\/radiotouring104\/#organization"},"potentialAction":[{"@type":"SearchAction","target":{"@type":"EntryPoint","urlTemplate":"https:\/\/progettotouring.it\/radiotouring104\/?s={search_term_string}"},"query-input":{"@type":"PropertyValueSpecification","valueRequired":true,"valueName":"search_term_string"}}],"inLanguage":"it-IT"},{"@type":"Organization","@id":"https:\/\/progettotouring.it\/radiotouring104\/#organization","name":"Radio Touring 104","url":"https:\/\/progettotouring.it\/radiotouring104\/","logo":{"@type":"ImageObject","inLanguage":"it-IT","@id":"https:\/\/progettotouring.it\/radiotouring104\/#\/schema\/logo\/image\/","url":"https:\/\/progettotouring.it\/radiotouring104\/wp-content\/uploads\/sites\/6\/2022\/02\/cropped-logo-radio-touring-104.png","contentUrl":"https:\/\/progettotouring.it\/radiotouring104\/wp-content\/uploads\/sites\/6\/2022\/02\/cropped-logo-radio-touring-104.png","width":377,"height":182,"caption":"Radio Touring 104"},"image":{"@id":"https:\/\/progettotouring.it\/radiotouring104\/#\/schema\/logo\/image\/"}},{"@type":"Person","@id":"https:\/\/progettotouring.it\/radiotouring104\/#\/schema\/person\/4a82259ca52ac8702ad1a8f9e5a3120b","name":"Filippo Francesco Idone","image":{"@type":"ImageObject","inLanguage":"it-IT","@id":"https:\/\/secure.gravatar.com\/avatar\/7268715d2366395c3dd314385670e6484117d44f5c442e61e230f7008b7b62d3?s=96&d=mm&r=g","url":"https:\/\/secure.gravatar.com\/avatar\/7268715d2366395c3dd314385670e6484117d44f5c442e61e230f7008b7b62d3?s=96&d=mm&r=g","contentUrl":"https:\/\/secure.gravatar.com\/avatar\/7268715d2366395c3dd314385670e6484117d44f5c442e61e230f7008b7b62d3?s=96&d=mm&r=g","caption":"Filippo Francesco Idone"},"url":"https:\/\/progettotouring.it\/radiotouring104\/author\/filippoidone\/"}]}},"jetpack_publicize_connections":[],"jetpack_featured_media_url":"https:\/\/progettotouring.it\/radiotouring104\/wp-content\/uploads\/sites\/6\/2023\/06\/anassilasos-libri.jpg","jetpack_sharing_enabled":true,"_links":{"self":[{"href":"https:\/\/progettotouring.it\/radiotouring104\/wp-json\/wp\/v2\/posts\/28838","targetHints":{"allow":["GET"]}}],"collection":[{"href":"https:\/\/progettotouring.it\/radiotouring104\/wp-json\/wp\/v2\/posts"}],"about":[{"href":"https:\/\/progettotouring.it\/radiotouring104\/wp-json\/wp\/v2\/types\/post"}],"author":[{"embeddable":true,"href":"https:\/\/progettotouring.it\/radiotouring104\/wp-json\/wp\/v2\/users\/8"}],"replies":[{"embeddable":true,"href":"https:\/\/progettotouring.it\/radiotouring104\/wp-json\/wp\/v2\/comments?post=28838"}],"version-history":[{"count":1,"href":"https:\/\/progettotouring.it\/radiotouring104\/wp-json\/wp\/v2\/posts\/28838\/revisions"}],"predecessor-version":[{"id":28840,"href":"https:\/\/progettotouring.it\/radiotouring104\/wp-json\/wp\/v2\/posts\/28838\/revisions\/28840"}],"wp:featuredmedia":[{"embeddable":true,"href":"https:\/\/progettotouring.it\/radiotouring104\/wp-json\/wp\/v2\/media\/28839"}],"wp:attachment":[{"href":"https:\/\/progettotouring.it\/radiotouring104\/wp-json\/wp\/v2\/media?parent=28838"}],"wp:term":[{"taxonomy":"category","embeddable":true,"href":"https:\/\/progettotouring.it\/radiotouring104\/wp-json\/wp\/v2\/categories?post=28838"},{"taxonomy":"post_tag","embeddable":true,"href":"https:\/\/progettotouring.it\/radiotouring104\/wp-json\/wp\/v2\/tags?post=28838"}],"curies":[{"name":"wp","href":"https:\/\/api.w.org\/{rel}","templated":true}]}}