{"id":28841,"date":"2023-06-24T10:16:54","date_gmt":"2023-06-24T08:16:54","guid":{"rendered":"https:\/\/progettotouring.it\/radiotouring104\/?p=28841"},"modified":"2023-06-24T14:19:51","modified_gmt":"2023-06-24T12:19:51","slug":"reggio-calabria-carabinieri-in-azione-in-svariate-citta","status":"publish","type":"post","link":"https:\/\/progettotouring.it\/radiotouring104\/2023\/06\/24\/reggio-calabria-carabinieri-in-azione-in-svariate-citta\/","title":{"rendered":"Reggio Calabria: Carabinieri in azione in svariate citt\u00e0"},"content":{"rendered":"<p style=\"text-align: justify\">I <strong>Carabinieri<\/strong> del <strong>NAS di Reggio Calabria,<\/strong> a seguito di mirati servizi per la tutela della salute e della sicurezza alimentare nel periodo estivo, tra il capoluogo reggino e <strong>Scilla<\/strong>, hanno accertato numerose violazioni sia penali che amministrative. In Scilla, \u00e8 stato deferito in stato di libert\u00e0 un ristoratore poich\u00e9 deteneva in cattivo stato di conservazione 50 kg di prodotti ittici, di cui una parte veniva servita cruda senza un preventivo uso dell\u2019abbattitore e dopo un arbitrario scongelamento.\u00a0 Nella medesima localit\u00e0 turistica venivano sanzionati tre attivit\u00e0 ristorative perch\u00e9 detenevano complessivamente oltre 200 kg di preparati privi di tracciabilit\u00e0; nei confronti di un ristorante\/ sala ricevimenti \u00e8 stata emanata un\u2019ordinanza di sospensione in quanto privo di qualsiasi titolo autorizzativo e quindi risultato abusivo.<\/p>\n<p style=\"text-align: justify\">In <strong>Reggio Calabria<\/strong> \u00e8 stato sottoposto a immediata chiusura un esercizio di vendita di alimenti etnici per gravissime carenze igienico sanitarie e strutturali; mentre \u00e8 emerso che un\u2019attivit\u00e0 di salumeria e gastronomia esercitava abusivamente perch\u00e9 priva di documenti autorizzativi. Sempre a<strong> Reggio Calabria, i Carabinieri del Nas,<\/strong> con l\u2019ausilio di personale della societ\u00e0 <strong>ENEL<\/strong>, accertavano che i titolari di una pescheria, ubicata in centro cittadino, ed un ristorante\/sala ricevimenti in localit\u00e0 <strong>Pellaro<\/strong>, avrebbero alimentato le rispettive attivit\u00e0 con allacci diretti alla rete elettrica pubblica, non avendo nessuna utenza a loro intestata, per tanto venivano deferiti in stato di libert\u00e0 per furto aggravato. I tecnici hanno calcolato una sottrazione illecita di energia elettrica di circa <strong>250.000 euro.<\/strong> Gli alimenti sottoposti a sequestro verranno distrutti da ditte specializzate, mentre a carico dei titolari delle attivit\u00e0 ispezionate sono state elevate complessivamente sanzioni per<strong> 20.000 euro.<\/strong><\/p>\n","protected":false},"excerpt":{"rendered":"<p>I Carabinieri del NAS di Reggio Calabria, a seguito di mirati servizi per la tutela della salute e della sicurezza alimentare nel periodo estivo, tra il capoluogo reggino e Scilla,&hellip;<\/p>\n","protected":false},"author":8,"featured_media":22744,"comment_status":"closed","ping_status":"open","sticky":false,"template":"","format":"standard","meta":{"_jetpack_memberships_contains_paid_content":false,"footnotes":"","jetpack_publicize_message":"","jetpack_publicize_feature_enabled":true,"jetpack_social_post_already_shared":false,"jetpack_social_options":{"image_generator_settings":{"template":"highway","default_image_id":0,"font":"","enabled":false},"version":2}},"categories":[921,196,140],"tags":[511,522,236,1533],"class_list":["post-28841","post","type-post","status-publish","format-standard","has-post-thumbnail","hentry","category-home","category-news","category-reggio-calabria","tag-carabinieri","tag-nas","tag-reggio-calabria","tag-scilla"],"yoast_head":"<!-- This site is optimized with the Yoast SEO plugin v27.2 - https:\/\/yoast.com\/product\/yoast-seo-wordpress\/ -->\n<title>Reggio Calabria: Carabinieri in azione in svariate citt\u00e0 - Radio Touring 104<\/title>\n<meta name=\"description\" content=\"I Carabinieri del NAS hanno effettuato denunce e sequestri di alimenti in cattivo stato e furto di energia elettrica in varie citt\u00e0 reggine\" \/>\n<meta name=\"robots\" content=\"index, follow, max-snippet:-1, max-image-preview:large, max-video-preview:-1\" \/>\n<link rel=\"canonical\" href=\"https:\/\/progettotouring.it\/radiotouring104\/2023\/06\/24\/reggio-calabria-carabinieri-in-azione-in-svariate-citta\/\" \/>\n<meta property=\"og:locale\" content=\"it_IT\" \/>\n<meta property=\"og:type\" content=\"article\" \/>\n<meta property=\"og:title\" content=\"Reggio Calabria: Carabinieri in azione in svariate citt\u00e0 - Radio Touring 104\" \/>\n<meta property=\"og:description\" content=\"I Carabinieri del NAS hanno effettuato denunce e sequestri di alimenti in cattivo stato e furto di energia elettrica in varie citt\u00e0 reggine\" \/>\n<meta property=\"og:url\" content=\"https:\/\/progettotouring.it\/radiotouring104\/2023\/06\/24\/reggio-calabria-carabinieri-in-azione-in-svariate-citta\/\" \/>\n<meta property=\"og:site_name\" content=\"Radio Touring 104\" \/>\n<meta property=\"article:published_time\" content=\"2023-06-24T08:16:54+00:00\" \/>\n<meta property=\"article:modified_time\" content=\"2023-06-24T12:19:51+00:00\" \/>\n<meta property=\"og:image\" content=\"https:\/\/progettotouring.it\/radiotouring104\/wp-content\/uploads\/sites\/6\/2023\/04\/Carabinieri.jpeg\" \/>\n\t<meta property=\"og:image:width\" content=\"1024\" \/>\n\t<meta property=\"og:image:height\" content=\"462\" \/>\n\t<meta property=\"og:image:type\" content=\"image\/jpeg\" \/>\n<meta name=\"author\" content=\"Filippo Francesco Idone\" \/>\n<meta name=\"twitter:card\" content=\"summary_large_image\" \/>\n<meta name=\"twitter:label1\" content=\"Scritto da\" \/>\n\t<meta name=\"twitter:data1\" content=\"Filippo Francesco Idone\" \/>\n\t<meta name=\"twitter:label2\" content=\"Tempo di lettura stimato\" \/>\n\t<meta name=\"twitter:data2\" content=\"1 minuto\" \/>\n<script type=\"application\/ld+json\" class=\"yoast-schema-graph\">{\"@context\":\"https:\/\/schema.org\",\"@graph\":[{\"@type\":\"Article\",\"@id\":\"https:\/\/progettotouring.it\/radiotouring104\/2023\/06\/24\/reggio-calabria-carabinieri-in-azione-in-svariate-citta\/#article\",\"isPartOf\":{\"@id\":\"https:\/\/progettotouring.it\/radiotouring104\/2023\/06\/24\/reggio-calabria-carabinieri-in-azione-in-svariate-citta\/\"},\"author\":{\"name\":\"Filippo Francesco Idone\",\"@id\":\"https:\/\/progettotouring.it\/radiotouring104\/#\/schema\/person\/4a82259ca52ac8702ad1a8f9e5a3120b\"},\"headline\":\"Reggio Calabria: Carabinieri in azione in svariate citt\u00e0\",\"datePublished\":\"2023-06-24T08:16:54+00:00\",\"dateModified\":\"2023-06-24T12:19:51+00:00\",\"mainEntityOfPage\":{\"@id\":\"https:\/\/progettotouring.it\/radiotouring104\/2023\/06\/24\/reggio-calabria-carabinieri-in-azione-in-svariate-citta\/\"},\"wordCount\":269,\"publisher\":{\"@id\":\"https:\/\/progettotouring.it\/radiotouring104\/#organization\"},\"image\":{\"@id\":\"https:\/\/progettotouring.it\/radiotouring104\/2023\/06\/24\/reggio-calabria-carabinieri-in-azione-in-svariate-citta\/#primaryimage\"},\"thumbnailUrl\":\"https:\/\/progettotouring.it\/radiotouring104\/wp-content\/uploads\/sites\/6\/2023\/04\/Carabinieri.jpeg\",\"keywords\":[\"carabinieri\",\"nas\",\"reggio calabria\",\"scilla\"],\"articleSection\":[\"Home\",\"News\",\"Reggio Calabria\"],\"inLanguage\":\"it-IT\"},{\"@type\":\"WebPage\",\"@id\":\"https:\/\/progettotouring.it\/radiotouring104\/2023\/06\/24\/reggio-calabria-carabinieri-in-azione-in-svariate-citta\/\",\"url\":\"https:\/\/progettotouring.it\/radiotouring104\/2023\/06\/24\/reggio-calabria-carabinieri-in-azione-in-svariate-citta\/\",\"name\":\"Reggio Calabria: Carabinieri in azione in svariate citt\u00e0 - Radio Touring 104\",\"isPartOf\":{\"@id\":\"https:\/\/progettotouring.it\/radiotouring104\/#website\"},\"primaryImageOfPage\":{\"@id\":\"https:\/\/progettotouring.it\/radiotouring104\/2023\/06\/24\/reggio-calabria-carabinieri-in-azione-in-svariate-citta\/#primaryimage\"},\"image\":{\"@id\":\"https:\/\/progettotouring.it\/radiotouring104\/2023\/06\/24\/reggio-calabria-carabinieri-in-azione-in-svariate-citta\/#primaryimage\"},\"thumbnailUrl\":\"https:\/\/progettotouring.it\/radiotouring104\/wp-content\/uploads\/sites\/6\/2023\/04\/Carabinieri.jpeg\",\"datePublished\":\"2023-06-24T08:16:54+00:00\",\"dateModified\":\"2023-06-24T12:19:51+00:00\",\"description\":\"I Carabinieri del NAS hanno effettuato denunce e sequestri di alimenti in cattivo stato e furto di energia elettrica in varie citt\u00e0 reggine\",\"breadcrumb\":{\"@id\":\"https:\/\/progettotouring.it\/radiotouring104\/2023\/06\/24\/reggio-calabria-carabinieri-in-azione-in-svariate-citta\/#breadcrumb\"},\"inLanguage\":\"it-IT\",\"potentialAction\":[{\"@type\":\"ReadAction\",\"target\":[\"https:\/\/progettotouring.it\/radiotouring104\/2023\/06\/24\/reggio-calabria-carabinieri-in-azione-in-svariate-citta\/\"]}]},{\"@type\":\"ImageObject\",\"inLanguage\":\"it-IT\",\"@id\":\"https:\/\/progettotouring.it\/radiotouring104\/2023\/06\/24\/reggio-calabria-carabinieri-in-azione-in-svariate-citta\/#primaryimage\",\"url\":\"https:\/\/progettotouring.it\/radiotouring104\/wp-content\/uploads\/sites\/6\/2023\/04\/Carabinieri.jpeg\",\"contentUrl\":\"https:\/\/progettotouring.it\/radiotouring104\/wp-content\/uploads\/sites\/6\/2023\/04\/Carabinieri.jpeg\",\"width\":1024,\"height\":462},{\"@type\":\"BreadcrumbList\",\"@id\":\"https:\/\/progettotouring.it\/radiotouring104\/2023\/06\/24\/reggio-calabria-carabinieri-in-azione-in-svariate-citta\/#breadcrumb\",\"itemListElement\":[{\"@type\":\"ListItem\",\"position\":1,\"name\":\"Home\",\"item\":\"https:\/\/progettotouring.it\/radiotouring104\/\"},{\"@type\":\"ListItem\",\"position\":2,\"name\":\"Reggio Calabria: Carabinieri in azione in svariate citt\u00e0\"}]},{\"@type\":\"WebSite\",\"@id\":\"https:\/\/progettotouring.it\/radiotouring104\/#website\",\"url\":\"https:\/\/progettotouring.it\/radiotouring104\/\",\"name\":\"Radio Touring 104\",\"description\":\"La prima radio Reggina\",\"publisher\":{\"@id\":\"https:\/\/progettotouring.it\/radiotouring104\/#organization\"},\"potentialAction\":[{\"@type\":\"SearchAction\",\"target\":{\"@type\":\"EntryPoint\",\"urlTemplate\":\"https:\/\/progettotouring.it\/radiotouring104\/?s={search_term_string}\"},\"query-input\":{\"@type\":\"PropertyValueSpecification\",\"valueRequired\":true,\"valueName\":\"search_term_string\"}}],\"inLanguage\":\"it-IT\"},{\"@type\":\"Organization\",\"@id\":\"https:\/\/progettotouring.it\/radiotouring104\/#organization\",\"name\":\"Radio Touring 104\",\"url\":\"https:\/\/progettotouring.it\/radiotouring104\/\",\"logo\":{\"@type\":\"ImageObject\",\"inLanguage\":\"it-IT\",\"@id\":\"https:\/\/progettotouring.it\/radiotouring104\/#\/schema\/logo\/image\/\",\"url\":\"https:\/\/progettotouring.it\/radiotouring104\/wp-content\/uploads\/sites\/6\/2022\/02\/cropped-logo-radio-touring-104.png\",\"contentUrl\":\"https:\/\/progettotouring.it\/radiotouring104\/wp-content\/uploads\/sites\/6\/2022\/02\/cropped-logo-radio-touring-104.png\",\"width\":377,\"height\":182,\"caption\":\"Radio Touring 104\"},\"image\":{\"@id\":\"https:\/\/progettotouring.it\/radiotouring104\/#\/schema\/logo\/image\/\"}},{\"@type\":\"Person\",\"@id\":\"https:\/\/progettotouring.it\/radiotouring104\/#\/schema\/person\/4a82259ca52ac8702ad1a8f9e5a3120b\",\"name\":\"Filippo Francesco Idone\",\"image\":{\"@type\":\"ImageObject\",\"inLanguage\":\"it-IT\",\"@id\":\"https:\/\/secure.gravatar.com\/avatar\/7268715d2366395c3dd314385670e6484117d44f5c442e61e230f7008b7b62d3?s=96&d=mm&r=g\",\"url\":\"https:\/\/secure.gravatar.com\/avatar\/7268715d2366395c3dd314385670e6484117d44f5c442e61e230f7008b7b62d3?s=96&d=mm&r=g\",\"contentUrl\":\"https:\/\/secure.gravatar.com\/avatar\/7268715d2366395c3dd314385670e6484117d44f5c442e61e230f7008b7b62d3?s=96&d=mm&r=g\",\"caption\":\"Filippo Francesco Idone\"},\"url\":\"https:\/\/progettotouring.it\/radiotouring104\/author\/filippoidone\/\"}]}<\/script>\n<!-- \/ Yoast SEO plugin. -->","yoast_head_json":{"title":"Reggio Calabria: Carabinieri in azione in svariate citt\u00e0 - Radio Touring 104","description":"I Carabinieri del NAS hanno effettuato denunce e sequestri di alimenti in cattivo stato e furto di energia elettrica in varie citt\u00e0 reggine","robots":{"index":"index","follow":"follow","max-snippet":"max-snippet:-1","max-image-preview":"max-image-preview:large","max-video-preview":"max-video-preview:-1"},"canonical":"https:\/\/progettotouring.it\/radiotouring104\/2023\/06\/24\/reggio-calabria-carabinieri-in-azione-in-svariate-citta\/","og_locale":"it_IT","og_type":"article","og_title":"Reggio Calabria: Carabinieri in azione in svariate citt\u00e0 - Radio Touring 104","og_description":"I Carabinieri del NAS hanno effettuato denunce e sequestri di alimenti in cattivo stato e furto di energia elettrica in varie citt\u00e0 reggine","og_url":"https:\/\/progettotouring.it\/radiotouring104\/2023\/06\/24\/reggio-calabria-carabinieri-in-azione-in-svariate-citta\/","og_site_name":"Radio Touring 104","article_published_time":"2023-06-24T08:16:54+00:00","article_modified_time":"2023-06-24T12:19:51+00:00","og_image":[{"width":1024,"height":462,"url":"https:\/\/progettotouring.it\/radiotouring104\/wp-content\/uploads\/sites\/6\/2023\/04\/Carabinieri.jpeg","type":"image\/jpeg"}],"author":"Filippo Francesco Idone","twitter_card":"summary_large_image","twitter_misc":{"Scritto da":"Filippo Francesco Idone","Tempo di lettura stimato":"1 minuto"},"schema":{"@context":"https:\/\/schema.org","@graph":[{"@type":"Article","@id":"https:\/\/progettotouring.it\/radiotouring104\/2023\/06\/24\/reggio-calabria-carabinieri-in-azione-in-svariate-citta\/#article","isPartOf":{"@id":"https:\/\/progettotouring.it\/radiotouring104\/2023\/06\/24\/reggio-calabria-carabinieri-in-azione-in-svariate-citta\/"},"author":{"name":"Filippo Francesco Idone","@id":"https:\/\/progettotouring.it\/radiotouring104\/#\/schema\/person\/4a82259ca52ac8702ad1a8f9e5a3120b"},"headline":"Reggio Calabria: Carabinieri in azione in svariate citt\u00e0","datePublished":"2023-06-24T08:16:54+00:00","dateModified":"2023-06-24T12:19:51+00:00","mainEntityOfPage":{"@id":"https:\/\/progettotouring.it\/radiotouring104\/2023\/06\/24\/reggio-calabria-carabinieri-in-azione-in-svariate-citta\/"},"wordCount":269,"publisher":{"@id":"https:\/\/progettotouring.it\/radiotouring104\/#organization"},"image":{"@id":"https:\/\/progettotouring.it\/radiotouring104\/2023\/06\/24\/reggio-calabria-carabinieri-in-azione-in-svariate-citta\/#primaryimage"},"thumbnailUrl":"https:\/\/progettotouring.it\/radiotouring104\/wp-content\/uploads\/sites\/6\/2023\/04\/Carabinieri.jpeg","keywords":["carabinieri","nas","reggio calabria","scilla"],"articleSection":["Home","News","Reggio Calabria"],"inLanguage":"it-IT"},{"@type":"WebPage","@id":"https:\/\/progettotouring.it\/radiotouring104\/2023\/06\/24\/reggio-calabria-carabinieri-in-azione-in-svariate-citta\/","url":"https:\/\/progettotouring.it\/radiotouring104\/2023\/06\/24\/reggio-calabria-carabinieri-in-azione-in-svariate-citta\/","name":"Reggio Calabria: Carabinieri in azione in svariate citt\u00e0 - Radio Touring 104","isPartOf":{"@id":"https:\/\/progettotouring.it\/radiotouring104\/#website"},"primaryImageOfPage":{"@id":"https:\/\/progettotouring.it\/radiotouring104\/2023\/06\/24\/reggio-calabria-carabinieri-in-azione-in-svariate-citta\/#primaryimage"},"image":{"@id":"https:\/\/progettotouring.it\/radiotouring104\/2023\/06\/24\/reggio-calabria-carabinieri-in-azione-in-svariate-citta\/#primaryimage"},"thumbnailUrl":"https:\/\/progettotouring.it\/radiotouring104\/wp-content\/uploads\/sites\/6\/2023\/04\/Carabinieri.jpeg","datePublished":"2023-06-24T08:16:54+00:00","dateModified":"2023-06-24T12:19:51+00:00","description":"I Carabinieri del NAS hanno effettuato denunce e sequestri di alimenti in cattivo stato e furto di energia elettrica in varie citt\u00e0 reggine","breadcrumb":{"@id":"https:\/\/progettotouring.it\/radiotouring104\/2023\/06\/24\/reggio-calabria-carabinieri-in-azione-in-svariate-citta\/#breadcrumb"},"inLanguage":"it-IT","potentialAction":[{"@type":"ReadAction","target":["https:\/\/progettotouring.it\/radiotouring104\/2023\/06\/24\/reggio-calabria-carabinieri-in-azione-in-svariate-citta\/"]}]},{"@type":"ImageObject","inLanguage":"it-IT","@id":"https:\/\/progettotouring.it\/radiotouring104\/2023\/06\/24\/reggio-calabria-carabinieri-in-azione-in-svariate-citta\/#primaryimage","url":"https:\/\/progettotouring.it\/radiotouring104\/wp-content\/uploads\/sites\/6\/2023\/04\/Carabinieri.jpeg","contentUrl":"https:\/\/progettotouring.it\/radiotouring104\/wp-content\/uploads\/sites\/6\/2023\/04\/Carabinieri.jpeg","width":1024,"height":462},{"@type":"BreadcrumbList","@id":"https:\/\/progettotouring.it\/radiotouring104\/2023\/06\/24\/reggio-calabria-carabinieri-in-azione-in-svariate-citta\/#breadcrumb","itemListElement":[{"@type":"ListItem","position":1,"name":"Home","item":"https:\/\/progettotouring.it\/radiotouring104\/"},{"@type":"ListItem","position":2,"name":"Reggio Calabria: Carabinieri in azione in svariate citt\u00e0"}]},{"@type":"WebSite","@id":"https:\/\/progettotouring.it\/radiotouring104\/#website","url":"https:\/\/progettotouring.it\/radiotouring104\/","name":"Radio Touring 104","description":"La prima radio Reggina","publisher":{"@id":"https:\/\/progettotouring.it\/radiotouring104\/#organization"},"potentialAction":[{"@type":"SearchAction","target":{"@type":"EntryPoint","urlTemplate":"https:\/\/progettotouring.it\/radiotouring104\/?s={search_term_string}"},"query-input":{"@type":"PropertyValueSpecification","valueRequired":true,"valueName":"search_term_string"}}],"inLanguage":"it-IT"},{"@type":"Organization","@id":"https:\/\/progettotouring.it\/radiotouring104\/#organization","name":"Radio Touring 104","url":"https:\/\/progettotouring.it\/radiotouring104\/","logo":{"@type":"ImageObject","inLanguage":"it-IT","@id":"https:\/\/progettotouring.it\/radiotouring104\/#\/schema\/logo\/image\/","url":"https:\/\/progettotouring.it\/radiotouring104\/wp-content\/uploads\/sites\/6\/2022\/02\/cropped-logo-radio-touring-104.png","contentUrl":"https:\/\/progettotouring.it\/radiotouring104\/wp-content\/uploads\/sites\/6\/2022\/02\/cropped-logo-radio-touring-104.png","width":377,"height":182,"caption":"Radio Touring 104"},"image":{"@id":"https:\/\/progettotouring.it\/radiotouring104\/#\/schema\/logo\/image\/"}},{"@type":"Person","@id":"https:\/\/progettotouring.it\/radiotouring104\/#\/schema\/person\/4a82259ca52ac8702ad1a8f9e5a3120b","name":"Filippo Francesco Idone","image":{"@type":"ImageObject","inLanguage":"it-IT","@id":"https:\/\/secure.gravatar.com\/avatar\/7268715d2366395c3dd314385670e6484117d44f5c442e61e230f7008b7b62d3?s=96&d=mm&r=g","url":"https:\/\/secure.gravatar.com\/avatar\/7268715d2366395c3dd314385670e6484117d44f5c442e61e230f7008b7b62d3?s=96&d=mm&r=g","contentUrl":"https:\/\/secure.gravatar.com\/avatar\/7268715d2366395c3dd314385670e6484117d44f5c442e61e230f7008b7b62d3?s=96&d=mm&r=g","caption":"Filippo Francesco Idone"},"url":"https:\/\/progettotouring.it\/radiotouring104\/author\/filippoidone\/"}]}},"jetpack_publicize_connections":[],"jetpack_featured_media_url":"https:\/\/progettotouring.it\/radiotouring104\/wp-content\/uploads\/sites\/6\/2023\/04\/Carabinieri.jpeg","jetpack_sharing_enabled":true,"_links":{"self":[{"href":"https:\/\/progettotouring.it\/radiotouring104\/wp-json\/wp\/v2\/posts\/28841","targetHints":{"allow":["GET"]}}],"collection":[{"href":"https:\/\/progettotouring.it\/radiotouring104\/wp-json\/wp\/v2\/posts"}],"about":[{"href":"https:\/\/progettotouring.it\/radiotouring104\/wp-json\/wp\/v2\/types\/post"}],"author":[{"embeddable":true,"href":"https:\/\/progettotouring.it\/radiotouring104\/wp-json\/wp\/v2\/users\/8"}],"replies":[{"embeddable":true,"href":"https:\/\/progettotouring.it\/radiotouring104\/wp-json\/wp\/v2\/comments?post=28841"}],"version-history":[{"count":1,"href":"https:\/\/progettotouring.it\/radiotouring104\/wp-json\/wp\/v2\/posts\/28841\/revisions"}],"predecessor-version":[{"id":28842,"href":"https:\/\/progettotouring.it\/radiotouring104\/wp-json\/wp\/v2\/posts\/28841\/revisions\/28842"}],"wp:featuredmedia":[{"embeddable":true,"href":"https:\/\/progettotouring.it\/radiotouring104\/wp-json\/wp\/v2\/media\/22744"}],"wp:attachment":[{"href":"https:\/\/progettotouring.it\/radiotouring104\/wp-json\/wp\/v2\/media?parent=28841"}],"wp:term":[{"taxonomy":"category","embeddable":true,"href":"https:\/\/progettotouring.it\/radiotouring104\/wp-json\/wp\/v2\/categories?post=28841"},{"taxonomy":"post_tag","embeddable":true,"href":"https:\/\/progettotouring.it\/radiotouring104\/wp-json\/wp\/v2\/tags?post=28841"}],"curies":[{"name":"wp","href":"https:\/\/api.w.org\/{rel}","templated":true}]}}