{"id":28845,"date":"2023-06-24T10:43:33","date_gmt":"2023-06-24T08:43:33","guid":{"rendered":"https:\/\/progettotouring.it\/radiotouring104\/?p=28845"},"modified":"2023-06-24T14:25:53","modified_gmt":"2023-06-24T12:25:53","slug":"pizzo-calabro-lo-schiavo-pretende-maggiore-attenzione-al-mare-pizzitano","status":"publish","type":"post","link":"https:\/\/progettotouring.it\/radiotouring104\/2023\/06\/24\/pizzo-calabro-lo-schiavo-pretende-maggiore-attenzione-al-mare-pizzitano\/","title":{"rendered":"Pizzo Calabro: Lo Schiavo pretende maggiore attenzione al mare pizzitano"},"content":{"rendered":"<p class=\"xmprfx_gmail-MsoNoSpacing\" style=\"text-align: justify\"><em>&#8220;Sembra di assistere al classico film gi\u00e0 visto. Dopo i proclami, le rassicurazioni, i blitz e le ricognizioni via mare, il problema \u00e8 sempre l\u00ec: puntuale come ogni anno e sotto gli occhi di tutti. La campagna social-mediatica contro la mala-depurazione e per il mare pulito, condotta dal presidente <strong>Occhiuto<\/strong>, s\u2019infrange davanti alle evidenze che arrivano da <strong>Pizzo<\/strong>&#8220;. <\/em>\u00c8 quanto afferma il consigliere regionale Antonio Lo Schiavo, presidente del Gruppo misto \u2013 Liberamente progressisti, in relazione al fenomeno di inquinamento marino da batteri coliformi che si \u00e8 registrato a Pizzo Calabro e che ha reso necessaria l\u2019emanazione di un\u2019ordinanza di divieto di balneazione.<\/p>\n<p class=\"xmprfx_gmail-MsoNoSpacing\" style=\"text-align: justify\"><em>&#8220;Proprio l\u00ec &#8211;<\/em> prosegue<strong> Lo Schiavo<\/strong> -, <em>nella stessa localit\u00e0 da dove il governatore avviava lo scorso anno la sua crociata ambientale ispezionando personalmente l\u2019impianto di depurazione e monitorando la costa sui natanti dell\u2019Arpacal. Ed ecco comparire di nuovo chiazze nauseabonde in mare e spuntare nuovi divieti di balneazione in alcuni tratti di spiaggia. Insomma, siamo alle solite. E ancora una volta, nel momento in cui si dovrebbero offrire le migliori condizioni ambientali del nostro mare, ci si trova terribilmente impreparati e in estrema difficolt\u00e0. Qualche sforzo \u00e8 stato anche fatto, va detto. I buoni propositi non sono certo mancati ma \u00e8 evidente come le azioni intraprese, a conti fatti, si siano dimostrate del tutto inefficaci. <strong>Quanto dovremo ancora aspettare affinch\u00e9 gli impegni e gli slogan si traducano in fatti?<\/strong> Sar\u00e0 in grado la <strong>Regione<\/strong> <strong>Calabria<\/strong> di raggiungere finalmente un livello che assicuri standard accettabili nella qualit\u00e0 delle acque di balneazione lungo i suoi oltre settecento chilometri di coste? Da qui sarebbe indispensabile partire anche per garantire una piena coerenza tra ci\u00f2 che raccontano le campagne promozionali che la Regione finanzia a suon di milioni e quello che realmente offriamo ai tanti visitatori e turisti che scelgono la nostra terra, ma anche ai nostri conterranei che hanno lo stesso diritto di godere di un mare pulito. Infine, un\u2019ultima considerazione: con l\u2019uscita di scena dell\u2019assessore regionale all\u2019Ambiente, e con tale delega tornata nelle mani del presidente Occhiuto, c\u2019\u00e8 poco da stare sereni. Non per mancanza di fiducia nelle sue competenze ma semplicemente perch\u00e9 una tale concentrazione di compiti e di fascicoli aperti sulla sua scrivania rischierebbe di sovraccaricare e mettere in seria difficolt\u00e0 anche il pi\u00f9 infaticabile degli amministratori pubblici&#8221;.\u00a0<\/em><\/p>\n","protected":false},"excerpt":{"rendered":"<p>&#8220;Sembra di assistere al classico film gi\u00e0 visto. Dopo i proclami, le rassicurazioni, i blitz e le ricognizioni via mare, il problema \u00e8 sempre l\u00ec: puntuale come ogni anno e&hellip;<\/p>\n","protected":false},"author":8,"featured_media":5381,"comment_status":"closed","ping_status":"open","sticky":false,"template":"","format":"standard","meta":{"_jetpack_memberships_contains_paid_content":false,"footnotes":"","jetpack_publicize_message":"","jetpack_publicize_feature_enabled":true,"jetpack_social_post_already_shared":false,"jetpack_social_options":{"image_generator_settings":{"template":"highway","default_image_id":0,"font":"","enabled":false},"version":2}},"categories":[142,921,196,195],"tags":[5105,14714,219],"class_list":["post-28845","post","type-post","status-publish","format-standard","has-post-thumbnail","hentry","category-calabria","category-home","category-news","category-politica","tag-lo-schiavo","tag-pizzo-calabro","tag-regione-calabria"],"yoast_head":"<!-- This site is optimized with the Yoast SEO plugin v27.2 - https:\/\/yoast.com\/product\/yoast-seo-wordpress\/ -->\n<title>Pizzo Calabro: Lo Schiavo pretende maggiore attenzione al mare pizzitano - Radio Touring 104<\/title>\n<meta name=\"description\" content=\"Il consigliere regionale Antonio Lo Schiavo chiede maggiore attenzione sulla pulizia del mare di Pizzo Calabro\" \/>\n<meta name=\"robots\" content=\"index, follow, max-snippet:-1, max-image-preview:large, max-video-preview:-1\" \/>\n<link rel=\"canonical\" href=\"https:\/\/progettotouring.it\/radiotouring104\/2023\/06\/24\/pizzo-calabro-lo-schiavo-pretende-maggiore-attenzione-al-mare-pizzitano\/\" \/>\n<meta property=\"og:locale\" content=\"it_IT\" \/>\n<meta property=\"og:type\" content=\"article\" \/>\n<meta property=\"og:title\" content=\"Pizzo Calabro: Lo Schiavo pretende maggiore attenzione al mare pizzitano - Radio Touring 104\" \/>\n<meta property=\"og:description\" content=\"Il consigliere regionale Antonio Lo Schiavo chiede maggiore attenzione sulla pulizia del mare di Pizzo Calabro\" \/>\n<meta property=\"og:url\" content=\"https:\/\/progettotouring.it\/radiotouring104\/2023\/06\/24\/pizzo-calabro-lo-schiavo-pretende-maggiore-attenzione-al-mare-pizzitano\/\" \/>\n<meta property=\"og:site_name\" content=\"Radio Touring 104\" \/>\n<meta property=\"article:published_time\" content=\"2023-06-24T08:43:33+00:00\" \/>\n<meta property=\"article:modified_time\" content=\"2023-06-24T12:25:53+00:00\" \/>\n<meta property=\"og:image\" content=\"https:\/\/progettotouring.it\/radiotouring104\/wp-content\/uploads\/sites\/6\/2022\/05\/Antonio-Lo-Schiavo-in-Commissione.jpg\" \/>\n\t<meta property=\"og:image:width\" content=\"899\" \/>\n\t<meta property=\"og:image:height\" content=\"576\" \/>\n\t<meta property=\"og:image:type\" content=\"image\/jpeg\" \/>\n<meta name=\"author\" content=\"Filippo Francesco Idone\" \/>\n<meta name=\"twitter:card\" content=\"summary_large_image\" \/>\n<meta name=\"twitter:label1\" content=\"Scritto da\" \/>\n\t<meta name=\"twitter:data1\" content=\"Filippo Francesco Idone\" \/>\n\t<meta name=\"twitter:label2\" content=\"Tempo di lettura stimato\" \/>\n\t<meta name=\"twitter:data2\" content=\"2 minuti\" \/>\n<script type=\"application\/ld+json\" class=\"yoast-schema-graph\">{\"@context\":\"https:\/\/schema.org\",\"@graph\":[{\"@type\":\"Article\",\"@id\":\"https:\/\/progettotouring.it\/radiotouring104\/2023\/06\/24\/pizzo-calabro-lo-schiavo-pretende-maggiore-attenzione-al-mare-pizzitano\/#article\",\"isPartOf\":{\"@id\":\"https:\/\/progettotouring.it\/radiotouring104\/2023\/06\/24\/pizzo-calabro-lo-schiavo-pretende-maggiore-attenzione-al-mare-pizzitano\/\"},\"author\":{\"name\":\"Filippo Francesco Idone\",\"@id\":\"https:\/\/progettotouring.it\/radiotouring104\/#\/schema\/person\/4a82259ca52ac8702ad1a8f9e5a3120b\"},\"headline\":\"Pizzo Calabro: Lo Schiavo pretende maggiore attenzione al mare pizzitano\",\"datePublished\":\"2023-06-24T08:43:33+00:00\",\"dateModified\":\"2023-06-24T12:25:53+00:00\",\"mainEntityOfPage\":{\"@id\":\"https:\/\/progettotouring.it\/radiotouring104\/2023\/06\/24\/pizzo-calabro-lo-schiavo-pretende-maggiore-attenzione-al-mare-pizzitano\/\"},\"wordCount\":395,\"publisher\":{\"@id\":\"https:\/\/progettotouring.it\/radiotouring104\/#organization\"},\"image\":{\"@id\":\"https:\/\/progettotouring.it\/radiotouring104\/2023\/06\/24\/pizzo-calabro-lo-schiavo-pretende-maggiore-attenzione-al-mare-pizzitano\/#primaryimage\"},\"thumbnailUrl\":\"https:\/\/progettotouring.it\/radiotouring104\/wp-content\/uploads\/sites\/6\/2022\/05\/Antonio-Lo-Schiavo-in-Commissione.jpg\",\"keywords\":[\"lo schiavo\",\"Pizzo Calabro\",\"regione calabria\"],\"articleSection\":[\"Calabria\",\"Home\",\"News\",\"Politica\"],\"inLanguage\":\"it-IT\"},{\"@type\":\"WebPage\",\"@id\":\"https:\/\/progettotouring.it\/radiotouring104\/2023\/06\/24\/pizzo-calabro-lo-schiavo-pretende-maggiore-attenzione-al-mare-pizzitano\/\",\"url\":\"https:\/\/progettotouring.it\/radiotouring104\/2023\/06\/24\/pizzo-calabro-lo-schiavo-pretende-maggiore-attenzione-al-mare-pizzitano\/\",\"name\":\"Pizzo Calabro: Lo Schiavo pretende maggiore attenzione al mare pizzitano - Radio Touring 104\",\"isPartOf\":{\"@id\":\"https:\/\/progettotouring.it\/radiotouring104\/#website\"},\"primaryImageOfPage\":{\"@id\":\"https:\/\/progettotouring.it\/radiotouring104\/2023\/06\/24\/pizzo-calabro-lo-schiavo-pretende-maggiore-attenzione-al-mare-pizzitano\/#primaryimage\"},\"image\":{\"@id\":\"https:\/\/progettotouring.it\/radiotouring104\/2023\/06\/24\/pizzo-calabro-lo-schiavo-pretende-maggiore-attenzione-al-mare-pizzitano\/#primaryimage\"},\"thumbnailUrl\":\"https:\/\/progettotouring.it\/radiotouring104\/wp-content\/uploads\/sites\/6\/2022\/05\/Antonio-Lo-Schiavo-in-Commissione.jpg\",\"datePublished\":\"2023-06-24T08:43:33+00:00\",\"dateModified\":\"2023-06-24T12:25:53+00:00\",\"description\":\"Il consigliere regionale Antonio Lo Schiavo chiede maggiore attenzione sulla pulizia del mare di Pizzo Calabro\",\"breadcrumb\":{\"@id\":\"https:\/\/progettotouring.it\/radiotouring104\/2023\/06\/24\/pizzo-calabro-lo-schiavo-pretende-maggiore-attenzione-al-mare-pizzitano\/#breadcrumb\"},\"inLanguage\":\"it-IT\",\"potentialAction\":[{\"@type\":\"ReadAction\",\"target\":[\"https:\/\/progettotouring.it\/radiotouring104\/2023\/06\/24\/pizzo-calabro-lo-schiavo-pretende-maggiore-attenzione-al-mare-pizzitano\/\"]}]},{\"@type\":\"ImageObject\",\"inLanguage\":\"it-IT\",\"@id\":\"https:\/\/progettotouring.it\/radiotouring104\/2023\/06\/24\/pizzo-calabro-lo-schiavo-pretende-maggiore-attenzione-al-mare-pizzitano\/#primaryimage\",\"url\":\"https:\/\/progettotouring.it\/radiotouring104\/wp-content\/uploads\/sites\/6\/2022\/05\/Antonio-Lo-Schiavo-in-Commissione.jpg\",\"contentUrl\":\"https:\/\/progettotouring.it\/radiotouring104\/wp-content\/uploads\/sites\/6\/2022\/05\/Antonio-Lo-Schiavo-in-Commissione.jpg\",\"width\":899,\"height\":576},{\"@type\":\"BreadcrumbList\",\"@id\":\"https:\/\/progettotouring.it\/radiotouring104\/2023\/06\/24\/pizzo-calabro-lo-schiavo-pretende-maggiore-attenzione-al-mare-pizzitano\/#breadcrumb\",\"itemListElement\":[{\"@type\":\"ListItem\",\"position\":1,\"name\":\"Home\",\"item\":\"https:\/\/progettotouring.it\/radiotouring104\/\"},{\"@type\":\"ListItem\",\"position\":2,\"name\":\"Pizzo Calabro: Lo Schiavo pretende maggiore attenzione al mare pizzitano\"}]},{\"@type\":\"WebSite\",\"@id\":\"https:\/\/progettotouring.it\/radiotouring104\/#website\",\"url\":\"https:\/\/progettotouring.it\/radiotouring104\/\",\"name\":\"Radio Touring 104\",\"description\":\"La prima radio Reggina\",\"publisher\":{\"@id\":\"https:\/\/progettotouring.it\/radiotouring104\/#organization\"},\"potentialAction\":[{\"@type\":\"SearchAction\",\"target\":{\"@type\":\"EntryPoint\",\"urlTemplate\":\"https:\/\/progettotouring.it\/radiotouring104\/?s={search_term_string}\"},\"query-input\":{\"@type\":\"PropertyValueSpecification\",\"valueRequired\":true,\"valueName\":\"search_term_string\"}}],\"inLanguage\":\"it-IT\"},{\"@type\":\"Organization\",\"@id\":\"https:\/\/progettotouring.it\/radiotouring104\/#organization\",\"name\":\"Radio Touring 104\",\"url\":\"https:\/\/progettotouring.it\/radiotouring104\/\",\"logo\":{\"@type\":\"ImageObject\",\"inLanguage\":\"it-IT\",\"@id\":\"https:\/\/progettotouring.it\/radiotouring104\/#\/schema\/logo\/image\/\",\"url\":\"https:\/\/progettotouring.it\/radiotouring104\/wp-content\/uploads\/sites\/6\/2022\/02\/cropped-logo-radio-touring-104.png\",\"contentUrl\":\"https:\/\/progettotouring.it\/radiotouring104\/wp-content\/uploads\/sites\/6\/2022\/02\/cropped-logo-radio-touring-104.png\",\"width\":377,\"height\":182,\"caption\":\"Radio Touring 104\"},\"image\":{\"@id\":\"https:\/\/progettotouring.it\/radiotouring104\/#\/schema\/logo\/image\/\"}},{\"@type\":\"Person\",\"@id\":\"https:\/\/progettotouring.it\/radiotouring104\/#\/schema\/person\/4a82259ca52ac8702ad1a8f9e5a3120b\",\"name\":\"Filippo Francesco Idone\",\"image\":{\"@type\":\"ImageObject\",\"inLanguage\":\"it-IT\",\"@id\":\"https:\/\/secure.gravatar.com\/avatar\/7268715d2366395c3dd314385670e6484117d44f5c442e61e230f7008b7b62d3?s=96&d=mm&r=g\",\"url\":\"https:\/\/secure.gravatar.com\/avatar\/7268715d2366395c3dd314385670e6484117d44f5c442e61e230f7008b7b62d3?s=96&d=mm&r=g\",\"contentUrl\":\"https:\/\/secure.gravatar.com\/avatar\/7268715d2366395c3dd314385670e6484117d44f5c442e61e230f7008b7b62d3?s=96&d=mm&r=g\",\"caption\":\"Filippo Francesco Idone\"},\"url\":\"https:\/\/progettotouring.it\/radiotouring104\/author\/filippoidone\/\"}]}<\/script>\n<!-- \/ Yoast SEO plugin. -->","yoast_head_json":{"title":"Pizzo Calabro: Lo Schiavo pretende maggiore attenzione al mare pizzitano - Radio Touring 104","description":"Il consigliere regionale Antonio Lo Schiavo chiede maggiore attenzione sulla pulizia del mare di Pizzo Calabro","robots":{"index":"index","follow":"follow","max-snippet":"max-snippet:-1","max-image-preview":"max-image-preview:large","max-video-preview":"max-video-preview:-1"},"canonical":"https:\/\/progettotouring.it\/radiotouring104\/2023\/06\/24\/pizzo-calabro-lo-schiavo-pretende-maggiore-attenzione-al-mare-pizzitano\/","og_locale":"it_IT","og_type":"article","og_title":"Pizzo Calabro: Lo Schiavo pretende maggiore attenzione al mare pizzitano - Radio Touring 104","og_description":"Il consigliere regionale Antonio Lo Schiavo chiede maggiore attenzione sulla pulizia del mare di Pizzo Calabro","og_url":"https:\/\/progettotouring.it\/radiotouring104\/2023\/06\/24\/pizzo-calabro-lo-schiavo-pretende-maggiore-attenzione-al-mare-pizzitano\/","og_site_name":"Radio Touring 104","article_published_time":"2023-06-24T08:43:33+00:00","article_modified_time":"2023-06-24T12:25:53+00:00","og_image":[{"width":899,"height":576,"url":"https:\/\/progettotouring.it\/radiotouring104\/wp-content\/uploads\/sites\/6\/2022\/05\/Antonio-Lo-Schiavo-in-Commissione.jpg","type":"image\/jpeg"}],"author":"Filippo Francesco Idone","twitter_card":"summary_large_image","twitter_misc":{"Scritto da":"Filippo Francesco Idone","Tempo di lettura stimato":"2 minuti"},"schema":{"@context":"https:\/\/schema.org","@graph":[{"@type":"Article","@id":"https:\/\/progettotouring.it\/radiotouring104\/2023\/06\/24\/pizzo-calabro-lo-schiavo-pretende-maggiore-attenzione-al-mare-pizzitano\/#article","isPartOf":{"@id":"https:\/\/progettotouring.it\/radiotouring104\/2023\/06\/24\/pizzo-calabro-lo-schiavo-pretende-maggiore-attenzione-al-mare-pizzitano\/"},"author":{"name":"Filippo Francesco Idone","@id":"https:\/\/progettotouring.it\/radiotouring104\/#\/schema\/person\/4a82259ca52ac8702ad1a8f9e5a3120b"},"headline":"Pizzo Calabro: Lo Schiavo pretende maggiore attenzione al mare pizzitano","datePublished":"2023-06-24T08:43:33+00:00","dateModified":"2023-06-24T12:25:53+00:00","mainEntityOfPage":{"@id":"https:\/\/progettotouring.it\/radiotouring104\/2023\/06\/24\/pizzo-calabro-lo-schiavo-pretende-maggiore-attenzione-al-mare-pizzitano\/"},"wordCount":395,"publisher":{"@id":"https:\/\/progettotouring.it\/radiotouring104\/#organization"},"image":{"@id":"https:\/\/progettotouring.it\/radiotouring104\/2023\/06\/24\/pizzo-calabro-lo-schiavo-pretende-maggiore-attenzione-al-mare-pizzitano\/#primaryimage"},"thumbnailUrl":"https:\/\/progettotouring.it\/radiotouring104\/wp-content\/uploads\/sites\/6\/2022\/05\/Antonio-Lo-Schiavo-in-Commissione.jpg","keywords":["lo schiavo","Pizzo Calabro","regione calabria"],"articleSection":["Calabria","Home","News","Politica"],"inLanguage":"it-IT"},{"@type":"WebPage","@id":"https:\/\/progettotouring.it\/radiotouring104\/2023\/06\/24\/pizzo-calabro-lo-schiavo-pretende-maggiore-attenzione-al-mare-pizzitano\/","url":"https:\/\/progettotouring.it\/radiotouring104\/2023\/06\/24\/pizzo-calabro-lo-schiavo-pretende-maggiore-attenzione-al-mare-pizzitano\/","name":"Pizzo Calabro: Lo Schiavo pretende maggiore attenzione al mare pizzitano - Radio Touring 104","isPartOf":{"@id":"https:\/\/progettotouring.it\/radiotouring104\/#website"},"primaryImageOfPage":{"@id":"https:\/\/progettotouring.it\/radiotouring104\/2023\/06\/24\/pizzo-calabro-lo-schiavo-pretende-maggiore-attenzione-al-mare-pizzitano\/#primaryimage"},"image":{"@id":"https:\/\/progettotouring.it\/radiotouring104\/2023\/06\/24\/pizzo-calabro-lo-schiavo-pretende-maggiore-attenzione-al-mare-pizzitano\/#primaryimage"},"thumbnailUrl":"https:\/\/progettotouring.it\/radiotouring104\/wp-content\/uploads\/sites\/6\/2022\/05\/Antonio-Lo-Schiavo-in-Commissione.jpg","datePublished":"2023-06-24T08:43:33+00:00","dateModified":"2023-06-24T12:25:53+00:00","description":"Il consigliere regionale Antonio Lo Schiavo chiede maggiore attenzione sulla pulizia del mare di Pizzo Calabro","breadcrumb":{"@id":"https:\/\/progettotouring.it\/radiotouring104\/2023\/06\/24\/pizzo-calabro-lo-schiavo-pretende-maggiore-attenzione-al-mare-pizzitano\/#breadcrumb"},"inLanguage":"it-IT","potentialAction":[{"@type":"ReadAction","target":["https:\/\/progettotouring.it\/radiotouring104\/2023\/06\/24\/pizzo-calabro-lo-schiavo-pretende-maggiore-attenzione-al-mare-pizzitano\/"]}]},{"@type":"ImageObject","inLanguage":"it-IT","@id":"https:\/\/progettotouring.it\/radiotouring104\/2023\/06\/24\/pizzo-calabro-lo-schiavo-pretende-maggiore-attenzione-al-mare-pizzitano\/#primaryimage","url":"https:\/\/progettotouring.it\/radiotouring104\/wp-content\/uploads\/sites\/6\/2022\/05\/Antonio-Lo-Schiavo-in-Commissione.jpg","contentUrl":"https:\/\/progettotouring.it\/radiotouring104\/wp-content\/uploads\/sites\/6\/2022\/05\/Antonio-Lo-Schiavo-in-Commissione.jpg","width":899,"height":576},{"@type":"BreadcrumbList","@id":"https:\/\/progettotouring.it\/radiotouring104\/2023\/06\/24\/pizzo-calabro-lo-schiavo-pretende-maggiore-attenzione-al-mare-pizzitano\/#breadcrumb","itemListElement":[{"@type":"ListItem","position":1,"name":"Home","item":"https:\/\/progettotouring.it\/radiotouring104\/"},{"@type":"ListItem","position":2,"name":"Pizzo Calabro: Lo Schiavo pretende maggiore attenzione al mare pizzitano"}]},{"@type":"WebSite","@id":"https:\/\/progettotouring.it\/radiotouring104\/#website","url":"https:\/\/progettotouring.it\/radiotouring104\/","name":"Radio Touring 104","description":"La prima radio Reggina","publisher":{"@id":"https:\/\/progettotouring.it\/radiotouring104\/#organization"},"potentialAction":[{"@type":"SearchAction","target":{"@type":"EntryPoint","urlTemplate":"https:\/\/progettotouring.it\/radiotouring104\/?s={search_term_string}"},"query-input":{"@type":"PropertyValueSpecification","valueRequired":true,"valueName":"search_term_string"}}],"inLanguage":"it-IT"},{"@type":"Organization","@id":"https:\/\/progettotouring.it\/radiotouring104\/#organization","name":"Radio Touring 104","url":"https:\/\/progettotouring.it\/radiotouring104\/","logo":{"@type":"ImageObject","inLanguage":"it-IT","@id":"https:\/\/progettotouring.it\/radiotouring104\/#\/schema\/logo\/image\/","url":"https:\/\/progettotouring.it\/radiotouring104\/wp-content\/uploads\/sites\/6\/2022\/02\/cropped-logo-radio-touring-104.png","contentUrl":"https:\/\/progettotouring.it\/radiotouring104\/wp-content\/uploads\/sites\/6\/2022\/02\/cropped-logo-radio-touring-104.png","width":377,"height":182,"caption":"Radio Touring 104"},"image":{"@id":"https:\/\/progettotouring.it\/radiotouring104\/#\/schema\/logo\/image\/"}},{"@type":"Person","@id":"https:\/\/progettotouring.it\/radiotouring104\/#\/schema\/person\/4a82259ca52ac8702ad1a8f9e5a3120b","name":"Filippo Francesco Idone","image":{"@type":"ImageObject","inLanguage":"it-IT","@id":"https:\/\/secure.gravatar.com\/avatar\/7268715d2366395c3dd314385670e6484117d44f5c442e61e230f7008b7b62d3?s=96&d=mm&r=g","url":"https:\/\/secure.gravatar.com\/avatar\/7268715d2366395c3dd314385670e6484117d44f5c442e61e230f7008b7b62d3?s=96&d=mm&r=g","contentUrl":"https:\/\/secure.gravatar.com\/avatar\/7268715d2366395c3dd314385670e6484117d44f5c442e61e230f7008b7b62d3?s=96&d=mm&r=g","caption":"Filippo Francesco Idone"},"url":"https:\/\/progettotouring.it\/radiotouring104\/author\/filippoidone\/"}]}},"jetpack_publicize_connections":[],"jetpack_featured_media_url":"https:\/\/progettotouring.it\/radiotouring104\/wp-content\/uploads\/sites\/6\/2022\/05\/Antonio-Lo-Schiavo-in-Commissione.jpg","jetpack_sharing_enabled":true,"_links":{"self":[{"href":"https:\/\/progettotouring.it\/radiotouring104\/wp-json\/wp\/v2\/posts\/28845","targetHints":{"allow":["GET"]}}],"collection":[{"href":"https:\/\/progettotouring.it\/radiotouring104\/wp-json\/wp\/v2\/posts"}],"about":[{"href":"https:\/\/progettotouring.it\/radiotouring104\/wp-json\/wp\/v2\/types\/post"}],"author":[{"embeddable":true,"href":"https:\/\/progettotouring.it\/radiotouring104\/wp-json\/wp\/v2\/users\/8"}],"replies":[{"embeddable":true,"href":"https:\/\/progettotouring.it\/radiotouring104\/wp-json\/wp\/v2\/comments?post=28845"}],"version-history":[{"count":1,"href":"https:\/\/progettotouring.it\/radiotouring104\/wp-json\/wp\/v2\/posts\/28845\/revisions"}],"predecessor-version":[{"id":28846,"href":"https:\/\/progettotouring.it\/radiotouring104\/wp-json\/wp\/v2\/posts\/28845\/revisions\/28846"}],"wp:featuredmedia":[{"embeddable":true,"href":"https:\/\/progettotouring.it\/radiotouring104\/wp-json\/wp\/v2\/media\/5381"}],"wp:attachment":[{"href":"https:\/\/progettotouring.it\/radiotouring104\/wp-json\/wp\/v2\/media?parent=28845"}],"wp:term":[{"taxonomy":"category","embeddable":true,"href":"https:\/\/progettotouring.it\/radiotouring104\/wp-json\/wp\/v2\/categories?post=28845"},{"taxonomy":"post_tag","embeddable":true,"href":"https:\/\/progettotouring.it\/radiotouring104\/wp-json\/wp\/v2\/tags?post=28845"}],"curies":[{"name":"wp","href":"https:\/\/api.w.org\/{rel}","templated":true}]}}