{"id":28847,"date":"2023-06-24T10:56:06","date_gmt":"2023-06-24T08:56:06","guid":{"rendered":"https:\/\/progettotouring.it\/radiotouring104\/?p=28847"},"modified":"2023-06-24T14:28:33","modified_gmt":"2023-06-24T12:28:33","slug":"san-giovanni-di-sambatello-restyling-in-corso-da-lunedi-tornano-i-bus-atam","status":"publish","type":"post","link":"https:\/\/progettotouring.it\/radiotouring104\/2023\/06\/24\/san-giovanni-di-sambatello-restyling-in-corso-da-lunedi-tornano-i-bus-atam\/","title":{"rendered":"San Giovanni di Sambatello: restyling in corso. Da luned\u00ec tornano i bus Atam"},"content":{"rendered":"<p style=\"text-align: justify\">Lavori in corso a <strong>San Giovanni di Sambatello<\/strong>, borgo collinare della zona nord di <strong>Reggio Calabria.<\/strong> Su indirizzo dell&#8217;Assessore ai <strong>Lavori Pubblici del Comune di Reggio Calabria Rocco Albanese<\/strong> e del Sindaco facente funzioni Paolo Brunetti, e grazie alla proficua sinergia prodotta con il comitato civico del quartiere, si stanno realizzando in queste ore gli attesi lavori di restyling della strada di accesso all&#8217;area collinare. Gli interventi riguardano la messa in sicurezza di diversi tratti della strada, unica e pi\u00f9 veloce via d&#8217;accesso all&#8217;area di San Giovanni.<\/p>\n<p>L&#8217;intervento, programmato dall&#8217;Amministrazione comunale nell&#8217;ottica delle linee di mandato del sindaco Giuseppe Falcomat\u00e0, che puntano alla valorizzazione delle aree collinari, \u00e8 il frutto dei sopralluoghi tecnici congiunti effettuati in presenza dell&#8217;Assessore Rocco Albanese e dei rappresentanti del Comitato civico, che nell&#8217;occasione, attraverso la portavoce Martina Tripodo, ha espresso soddisfazione per il risultato raggiunto. Grazie alla collaborazione della societ\u00e0 comunale Castore, in stretta sinergia con gli uffici del S<strong>ettore Lavori Pubblici dell&#8217;Ente,<\/strong> nelle ultime ore sono stati ripristinati lunghi tratti di asfalto, nelle parti pi\u00f9 ammalorate, oltre che il ripristino di muretti a bordo strada, parapetti e guardrail. Gi\u00e0 nelle scorse settimane l&#8217;Amministrazione, sempre in accordo con le priorit\u00e0 stilate dal comitato civico, era intervenuta per lo sfalcio della vegetazione a bordo strada. Intervento che sar\u00e0 ripetuto nelle prossime settimane, dopo il termine dei lavori sulla strada, per consentire una continuit\u00e0 sulle condizioni di sicurezza e percorribilit\u00e0 della strada. Questa mattina la prova generale anche per il ritorno, atteso ormai da lungo tempo, dei bus di <strong>Atam<\/strong>, che a causa delle difficolt\u00e0 di percorrenza erano costretti a fermarsi al bivio di accesso della strada che conduce al borgo collinare. Insieme all&#8217;Assessore <strong>Rocco Albanese<\/strong> i tecnici di <strong>Atam<\/strong> hanno verificato il ripristino delle condizioni di sicurezza e gi\u00e0 da luned\u00ec sar\u00e0 recuperata la percorrenza ordinaria con la fermata al capolinea di <strong>San Giovanni.<\/strong><\/p>\n<p>L&#8217;Assessore <strong>Albanese<\/strong> ha espresso piena soddisfazione per l&#8217;intervento effettuato. <em>&#8220;Ci scusiamo con la cittadinanza per l&#8217;attesa <\/em>&#8211; ha affermato &#8211; <em>ma grazie al lavoro meticoloso degli uffici abbiamo creato le condizioni per intervenire in vista dell&#8217;inizio della stagione estiva. Ringrazio i rappresentanti del comitato civico per la sinergia costruttiva che abbiamo instaurato in questi mesi, dialogando in maniera proficua con l&#8217;Amministrazione per il bene collettivo della comunit\u00e0 di San Giovanni. Da parte nostra &#8211; ha concluso Albanese &#8211; continueremo a lavorare, rimanendo a stretto contatto con la cittadinanza, per fare in modo che le straordinarie potenzialit\u00e0 del borgo di San Giovanni e l&#8217;intera area di Sambatello, in termini di bellezze paesaggistiche, storiche e culturali, possano essere sfruttate e valorizzate al meglio&#8221;.<\/em><\/p>\n","protected":false},"excerpt":{"rendered":"<p>Lavori in corso a San Giovanni di Sambatello, borgo collinare della zona nord di Reggio Calabria. Su indirizzo dell&#8217;Assessore ai Lavori Pubblici del Comune di Reggio Calabria Rocco Albanese e&hellip;<\/p>\n","protected":false},"author":8,"featured_media":28848,"comment_status":"closed","ping_status":"open","sticky":false,"template":"","format":"standard","meta":{"_jetpack_memberships_contains_paid_content":false,"footnotes":"","jetpack_publicize_message":"","jetpack_publicize_feature_enabled":true,"jetpack_social_post_already_shared":false,"jetpack_social_options":{"image_generator_settings":{"template":"highway","default_image_id":0,"font":"","enabled":false},"version":2}},"categories":[921,196,140],"tags":[236,2554,17637],"class_list":["post-28847","post","type-post","status-publish","format-standard","has-post-thumbnail","hentry","category-home","category-news","category-reggio-calabria","tag-reggio-calabria","tag-rocco-albanese","tag-san-giovanni-di-sambatello"],"yoast_head":"<!-- This site is optimized with the Yoast SEO plugin v27.2 - https:\/\/yoast.com\/product\/yoast-seo-wordpress\/ -->\n<title>San Giovanni di Sambatello: restyling in corso. Da luned\u00ec tornano i bus Atam - Radio Touring 104<\/title>\n<meta name=\"description\" content=\"A partire da luned\u00ec, i bus Atam torneranno a circolare lungo la strada di San Giovanni di Sambatello, che sta subendo un restyling.\" \/>\n<meta name=\"robots\" content=\"index, follow, max-snippet:-1, max-image-preview:large, max-video-preview:-1\" \/>\n<link rel=\"canonical\" href=\"https:\/\/progettotouring.it\/radiotouring104\/2023\/06\/24\/san-giovanni-di-sambatello-restyling-in-corso-da-lunedi-tornano-i-bus-atam\/\" \/>\n<meta property=\"og:locale\" content=\"it_IT\" \/>\n<meta property=\"og:type\" content=\"article\" \/>\n<meta property=\"og:title\" content=\"San Giovanni di Sambatello: restyling in corso. Da luned\u00ec tornano i bus Atam - Radio Touring 104\" \/>\n<meta property=\"og:description\" content=\"A partire da luned\u00ec, i bus Atam torneranno a circolare lungo la strada di San Giovanni di Sambatello, che sta subendo un restyling.\" \/>\n<meta property=\"og:url\" content=\"https:\/\/progettotouring.it\/radiotouring104\/2023\/06\/24\/san-giovanni-di-sambatello-restyling-in-corso-da-lunedi-tornano-i-bus-atam\/\" \/>\n<meta property=\"og:site_name\" content=\"Radio Touring 104\" \/>\n<meta property=\"article:published_time\" content=\"2023-06-24T08:56:06+00:00\" \/>\n<meta property=\"article:modified_time\" content=\"2023-06-24T12:28:33+00:00\" \/>\n<meta property=\"og:image\" content=\"https:\/\/progettotouring.it\/radiotouring104\/wp-content\/uploads\/sites\/6\/2023\/06\/san-giovanni-sambatello-2.jpeg\" \/>\n\t<meta property=\"og:image:width\" content=\"1262\" \/>\n\t<meta property=\"og:image:height\" content=\"930\" \/>\n\t<meta property=\"og:image:type\" content=\"image\/jpeg\" \/>\n<meta name=\"author\" content=\"Filippo Francesco Idone\" \/>\n<meta name=\"twitter:card\" content=\"summary_large_image\" \/>\n<meta name=\"twitter:label1\" content=\"Scritto da\" \/>\n\t<meta name=\"twitter:data1\" content=\"Filippo Francesco Idone\" \/>\n\t<meta name=\"twitter:label2\" content=\"Tempo di lettura stimato\" \/>\n\t<meta name=\"twitter:data2\" content=\"2 minuti\" \/>\n<script type=\"application\/ld+json\" class=\"yoast-schema-graph\">{\"@context\":\"https:\/\/schema.org\",\"@graph\":[{\"@type\":\"Article\",\"@id\":\"https:\/\/progettotouring.it\/radiotouring104\/2023\/06\/24\/san-giovanni-di-sambatello-restyling-in-corso-da-lunedi-tornano-i-bus-atam\/#article\",\"isPartOf\":{\"@id\":\"https:\/\/progettotouring.it\/radiotouring104\/2023\/06\/24\/san-giovanni-di-sambatello-restyling-in-corso-da-lunedi-tornano-i-bus-atam\/\"},\"author\":{\"name\":\"Filippo Francesco Idone\",\"@id\":\"https:\/\/progettotouring.it\/radiotouring104\/#\/schema\/person\/4a82259ca52ac8702ad1a8f9e5a3120b\"},\"headline\":\"San Giovanni di Sambatello: restyling in corso. Da luned\u00ec tornano i bus Atam\",\"datePublished\":\"2023-06-24T08:56:06+00:00\",\"dateModified\":\"2023-06-24T12:28:33+00:00\",\"mainEntityOfPage\":{\"@id\":\"https:\/\/progettotouring.it\/radiotouring104\/2023\/06\/24\/san-giovanni-di-sambatello-restyling-in-corso-da-lunedi-tornano-i-bus-atam\/\"},\"wordCount\":441,\"publisher\":{\"@id\":\"https:\/\/progettotouring.it\/radiotouring104\/#organization\"},\"image\":{\"@id\":\"https:\/\/progettotouring.it\/radiotouring104\/2023\/06\/24\/san-giovanni-di-sambatello-restyling-in-corso-da-lunedi-tornano-i-bus-atam\/#primaryimage\"},\"thumbnailUrl\":\"https:\/\/progettotouring.it\/radiotouring104\/wp-content\/uploads\/sites\/6\/2023\/06\/san-giovanni-sambatello-2.jpeg\",\"keywords\":[\"reggio calabria\",\"rocco albanese\",\"San Giovanni di Sambatello\"],\"articleSection\":[\"Home\",\"News\",\"Reggio Calabria\"],\"inLanguage\":\"it-IT\"},{\"@type\":\"WebPage\",\"@id\":\"https:\/\/progettotouring.it\/radiotouring104\/2023\/06\/24\/san-giovanni-di-sambatello-restyling-in-corso-da-lunedi-tornano-i-bus-atam\/\",\"url\":\"https:\/\/progettotouring.it\/radiotouring104\/2023\/06\/24\/san-giovanni-di-sambatello-restyling-in-corso-da-lunedi-tornano-i-bus-atam\/\",\"name\":\"San Giovanni di Sambatello: restyling in corso. Da luned\u00ec tornano i bus Atam - Radio Touring 104\",\"isPartOf\":{\"@id\":\"https:\/\/progettotouring.it\/radiotouring104\/#website\"},\"primaryImageOfPage\":{\"@id\":\"https:\/\/progettotouring.it\/radiotouring104\/2023\/06\/24\/san-giovanni-di-sambatello-restyling-in-corso-da-lunedi-tornano-i-bus-atam\/#primaryimage\"},\"image\":{\"@id\":\"https:\/\/progettotouring.it\/radiotouring104\/2023\/06\/24\/san-giovanni-di-sambatello-restyling-in-corso-da-lunedi-tornano-i-bus-atam\/#primaryimage\"},\"thumbnailUrl\":\"https:\/\/progettotouring.it\/radiotouring104\/wp-content\/uploads\/sites\/6\/2023\/06\/san-giovanni-sambatello-2.jpeg\",\"datePublished\":\"2023-06-24T08:56:06+00:00\",\"dateModified\":\"2023-06-24T12:28:33+00:00\",\"description\":\"A partire da luned\u00ec, i bus Atam torneranno a circolare lungo la strada di San Giovanni di Sambatello, che sta subendo un restyling.\",\"breadcrumb\":{\"@id\":\"https:\/\/progettotouring.it\/radiotouring104\/2023\/06\/24\/san-giovanni-di-sambatello-restyling-in-corso-da-lunedi-tornano-i-bus-atam\/#breadcrumb\"},\"inLanguage\":\"it-IT\",\"potentialAction\":[{\"@type\":\"ReadAction\",\"target\":[\"https:\/\/progettotouring.it\/radiotouring104\/2023\/06\/24\/san-giovanni-di-sambatello-restyling-in-corso-da-lunedi-tornano-i-bus-atam\/\"]}]},{\"@type\":\"ImageObject\",\"inLanguage\":\"it-IT\",\"@id\":\"https:\/\/progettotouring.it\/radiotouring104\/2023\/06\/24\/san-giovanni-di-sambatello-restyling-in-corso-da-lunedi-tornano-i-bus-atam\/#primaryimage\",\"url\":\"https:\/\/progettotouring.it\/radiotouring104\/wp-content\/uploads\/sites\/6\/2023\/06\/san-giovanni-sambatello-2.jpeg\",\"contentUrl\":\"https:\/\/progettotouring.it\/radiotouring104\/wp-content\/uploads\/sites\/6\/2023\/06\/san-giovanni-sambatello-2.jpeg\",\"width\":1262,\"height\":930},{\"@type\":\"BreadcrumbList\",\"@id\":\"https:\/\/progettotouring.it\/radiotouring104\/2023\/06\/24\/san-giovanni-di-sambatello-restyling-in-corso-da-lunedi-tornano-i-bus-atam\/#breadcrumb\",\"itemListElement\":[{\"@type\":\"ListItem\",\"position\":1,\"name\":\"Home\",\"item\":\"https:\/\/progettotouring.it\/radiotouring104\/\"},{\"@type\":\"ListItem\",\"position\":2,\"name\":\"San Giovanni di Sambatello: restyling in corso. Da luned\u00ec tornano i bus Atam\"}]},{\"@type\":\"WebSite\",\"@id\":\"https:\/\/progettotouring.it\/radiotouring104\/#website\",\"url\":\"https:\/\/progettotouring.it\/radiotouring104\/\",\"name\":\"Radio Touring 104\",\"description\":\"La prima radio Reggina\",\"publisher\":{\"@id\":\"https:\/\/progettotouring.it\/radiotouring104\/#organization\"},\"potentialAction\":[{\"@type\":\"SearchAction\",\"target\":{\"@type\":\"EntryPoint\",\"urlTemplate\":\"https:\/\/progettotouring.it\/radiotouring104\/?s={search_term_string}\"},\"query-input\":{\"@type\":\"PropertyValueSpecification\",\"valueRequired\":true,\"valueName\":\"search_term_string\"}}],\"inLanguage\":\"it-IT\"},{\"@type\":\"Organization\",\"@id\":\"https:\/\/progettotouring.it\/radiotouring104\/#organization\",\"name\":\"Radio Touring 104\",\"url\":\"https:\/\/progettotouring.it\/radiotouring104\/\",\"logo\":{\"@type\":\"ImageObject\",\"inLanguage\":\"it-IT\",\"@id\":\"https:\/\/progettotouring.it\/radiotouring104\/#\/schema\/logo\/image\/\",\"url\":\"https:\/\/progettotouring.it\/radiotouring104\/wp-content\/uploads\/sites\/6\/2022\/02\/cropped-logo-radio-touring-104.png\",\"contentUrl\":\"https:\/\/progettotouring.it\/radiotouring104\/wp-content\/uploads\/sites\/6\/2022\/02\/cropped-logo-radio-touring-104.png\",\"width\":377,\"height\":182,\"caption\":\"Radio Touring 104\"},\"image\":{\"@id\":\"https:\/\/progettotouring.it\/radiotouring104\/#\/schema\/logo\/image\/\"}},{\"@type\":\"Person\",\"@id\":\"https:\/\/progettotouring.it\/radiotouring104\/#\/schema\/person\/4a82259ca52ac8702ad1a8f9e5a3120b\",\"name\":\"Filippo Francesco Idone\",\"image\":{\"@type\":\"ImageObject\",\"inLanguage\":\"it-IT\",\"@id\":\"https:\/\/secure.gravatar.com\/avatar\/7268715d2366395c3dd314385670e6484117d44f5c442e61e230f7008b7b62d3?s=96&d=mm&r=g\",\"url\":\"https:\/\/secure.gravatar.com\/avatar\/7268715d2366395c3dd314385670e6484117d44f5c442e61e230f7008b7b62d3?s=96&d=mm&r=g\",\"contentUrl\":\"https:\/\/secure.gravatar.com\/avatar\/7268715d2366395c3dd314385670e6484117d44f5c442e61e230f7008b7b62d3?s=96&d=mm&r=g\",\"caption\":\"Filippo Francesco Idone\"},\"url\":\"https:\/\/progettotouring.it\/radiotouring104\/author\/filippoidone\/\"}]}<\/script>\n<!-- \/ Yoast SEO plugin. -->","yoast_head_json":{"title":"San Giovanni di Sambatello: restyling in corso. Da luned\u00ec tornano i bus Atam - Radio Touring 104","description":"A partire da luned\u00ec, i bus Atam torneranno a circolare lungo la strada di San Giovanni di Sambatello, che sta subendo un restyling.","robots":{"index":"index","follow":"follow","max-snippet":"max-snippet:-1","max-image-preview":"max-image-preview:large","max-video-preview":"max-video-preview:-1"},"canonical":"https:\/\/progettotouring.it\/radiotouring104\/2023\/06\/24\/san-giovanni-di-sambatello-restyling-in-corso-da-lunedi-tornano-i-bus-atam\/","og_locale":"it_IT","og_type":"article","og_title":"San Giovanni di Sambatello: restyling in corso. Da luned\u00ec tornano i bus Atam - Radio Touring 104","og_description":"A partire da luned\u00ec, i bus Atam torneranno a circolare lungo la strada di San Giovanni di Sambatello, che sta subendo un restyling.","og_url":"https:\/\/progettotouring.it\/radiotouring104\/2023\/06\/24\/san-giovanni-di-sambatello-restyling-in-corso-da-lunedi-tornano-i-bus-atam\/","og_site_name":"Radio Touring 104","article_published_time":"2023-06-24T08:56:06+00:00","article_modified_time":"2023-06-24T12:28:33+00:00","og_image":[{"width":1262,"height":930,"url":"https:\/\/progettotouring.it\/radiotouring104\/wp-content\/uploads\/sites\/6\/2023\/06\/san-giovanni-sambatello-2.jpeg","type":"image\/jpeg"}],"author":"Filippo Francesco Idone","twitter_card":"summary_large_image","twitter_misc":{"Scritto da":"Filippo Francesco Idone","Tempo di lettura stimato":"2 minuti"},"schema":{"@context":"https:\/\/schema.org","@graph":[{"@type":"Article","@id":"https:\/\/progettotouring.it\/radiotouring104\/2023\/06\/24\/san-giovanni-di-sambatello-restyling-in-corso-da-lunedi-tornano-i-bus-atam\/#article","isPartOf":{"@id":"https:\/\/progettotouring.it\/radiotouring104\/2023\/06\/24\/san-giovanni-di-sambatello-restyling-in-corso-da-lunedi-tornano-i-bus-atam\/"},"author":{"name":"Filippo Francesco Idone","@id":"https:\/\/progettotouring.it\/radiotouring104\/#\/schema\/person\/4a82259ca52ac8702ad1a8f9e5a3120b"},"headline":"San Giovanni di Sambatello: restyling in corso. Da luned\u00ec tornano i bus Atam","datePublished":"2023-06-24T08:56:06+00:00","dateModified":"2023-06-24T12:28:33+00:00","mainEntityOfPage":{"@id":"https:\/\/progettotouring.it\/radiotouring104\/2023\/06\/24\/san-giovanni-di-sambatello-restyling-in-corso-da-lunedi-tornano-i-bus-atam\/"},"wordCount":441,"publisher":{"@id":"https:\/\/progettotouring.it\/radiotouring104\/#organization"},"image":{"@id":"https:\/\/progettotouring.it\/radiotouring104\/2023\/06\/24\/san-giovanni-di-sambatello-restyling-in-corso-da-lunedi-tornano-i-bus-atam\/#primaryimage"},"thumbnailUrl":"https:\/\/progettotouring.it\/radiotouring104\/wp-content\/uploads\/sites\/6\/2023\/06\/san-giovanni-sambatello-2.jpeg","keywords":["reggio calabria","rocco albanese","San Giovanni di Sambatello"],"articleSection":["Home","News","Reggio Calabria"],"inLanguage":"it-IT"},{"@type":"WebPage","@id":"https:\/\/progettotouring.it\/radiotouring104\/2023\/06\/24\/san-giovanni-di-sambatello-restyling-in-corso-da-lunedi-tornano-i-bus-atam\/","url":"https:\/\/progettotouring.it\/radiotouring104\/2023\/06\/24\/san-giovanni-di-sambatello-restyling-in-corso-da-lunedi-tornano-i-bus-atam\/","name":"San Giovanni di Sambatello: restyling in corso. Da luned\u00ec tornano i bus Atam - Radio Touring 104","isPartOf":{"@id":"https:\/\/progettotouring.it\/radiotouring104\/#website"},"primaryImageOfPage":{"@id":"https:\/\/progettotouring.it\/radiotouring104\/2023\/06\/24\/san-giovanni-di-sambatello-restyling-in-corso-da-lunedi-tornano-i-bus-atam\/#primaryimage"},"image":{"@id":"https:\/\/progettotouring.it\/radiotouring104\/2023\/06\/24\/san-giovanni-di-sambatello-restyling-in-corso-da-lunedi-tornano-i-bus-atam\/#primaryimage"},"thumbnailUrl":"https:\/\/progettotouring.it\/radiotouring104\/wp-content\/uploads\/sites\/6\/2023\/06\/san-giovanni-sambatello-2.jpeg","datePublished":"2023-06-24T08:56:06+00:00","dateModified":"2023-06-24T12:28:33+00:00","description":"A partire da luned\u00ec, i bus Atam torneranno a circolare lungo la strada di San Giovanni di Sambatello, che sta subendo un restyling.","breadcrumb":{"@id":"https:\/\/progettotouring.it\/radiotouring104\/2023\/06\/24\/san-giovanni-di-sambatello-restyling-in-corso-da-lunedi-tornano-i-bus-atam\/#breadcrumb"},"inLanguage":"it-IT","potentialAction":[{"@type":"ReadAction","target":["https:\/\/progettotouring.it\/radiotouring104\/2023\/06\/24\/san-giovanni-di-sambatello-restyling-in-corso-da-lunedi-tornano-i-bus-atam\/"]}]},{"@type":"ImageObject","inLanguage":"it-IT","@id":"https:\/\/progettotouring.it\/radiotouring104\/2023\/06\/24\/san-giovanni-di-sambatello-restyling-in-corso-da-lunedi-tornano-i-bus-atam\/#primaryimage","url":"https:\/\/progettotouring.it\/radiotouring104\/wp-content\/uploads\/sites\/6\/2023\/06\/san-giovanni-sambatello-2.jpeg","contentUrl":"https:\/\/progettotouring.it\/radiotouring104\/wp-content\/uploads\/sites\/6\/2023\/06\/san-giovanni-sambatello-2.jpeg","width":1262,"height":930},{"@type":"BreadcrumbList","@id":"https:\/\/progettotouring.it\/radiotouring104\/2023\/06\/24\/san-giovanni-di-sambatello-restyling-in-corso-da-lunedi-tornano-i-bus-atam\/#breadcrumb","itemListElement":[{"@type":"ListItem","position":1,"name":"Home","item":"https:\/\/progettotouring.it\/radiotouring104\/"},{"@type":"ListItem","position":2,"name":"San Giovanni di Sambatello: restyling in corso. Da luned\u00ec tornano i bus Atam"}]},{"@type":"WebSite","@id":"https:\/\/progettotouring.it\/radiotouring104\/#website","url":"https:\/\/progettotouring.it\/radiotouring104\/","name":"Radio Touring 104","description":"La prima radio Reggina","publisher":{"@id":"https:\/\/progettotouring.it\/radiotouring104\/#organization"},"potentialAction":[{"@type":"SearchAction","target":{"@type":"EntryPoint","urlTemplate":"https:\/\/progettotouring.it\/radiotouring104\/?s={search_term_string}"},"query-input":{"@type":"PropertyValueSpecification","valueRequired":true,"valueName":"search_term_string"}}],"inLanguage":"it-IT"},{"@type":"Organization","@id":"https:\/\/progettotouring.it\/radiotouring104\/#organization","name":"Radio Touring 104","url":"https:\/\/progettotouring.it\/radiotouring104\/","logo":{"@type":"ImageObject","inLanguage":"it-IT","@id":"https:\/\/progettotouring.it\/radiotouring104\/#\/schema\/logo\/image\/","url":"https:\/\/progettotouring.it\/radiotouring104\/wp-content\/uploads\/sites\/6\/2022\/02\/cropped-logo-radio-touring-104.png","contentUrl":"https:\/\/progettotouring.it\/radiotouring104\/wp-content\/uploads\/sites\/6\/2022\/02\/cropped-logo-radio-touring-104.png","width":377,"height":182,"caption":"Radio Touring 104"},"image":{"@id":"https:\/\/progettotouring.it\/radiotouring104\/#\/schema\/logo\/image\/"}},{"@type":"Person","@id":"https:\/\/progettotouring.it\/radiotouring104\/#\/schema\/person\/4a82259ca52ac8702ad1a8f9e5a3120b","name":"Filippo Francesco Idone","image":{"@type":"ImageObject","inLanguage":"it-IT","@id":"https:\/\/secure.gravatar.com\/avatar\/7268715d2366395c3dd314385670e6484117d44f5c442e61e230f7008b7b62d3?s=96&d=mm&r=g","url":"https:\/\/secure.gravatar.com\/avatar\/7268715d2366395c3dd314385670e6484117d44f5c442e61e230f7008b7b62d3?s=96&d=mm&r=g","contentUrl":"https:\/\/secure.gravatar.com\/avatar\/7268715d2366395c3dd314385670e6484117d44f5c442e61e230f7008b7b62d3?s=96&d=mm&r=g","caption":"Filippo Francesco Idone"},"url":"https:\/\/progettotouring.it\/radiotouring104\/author\/filippoidone\/"}]}},"jetpack_publicize_connections":[],"jetpack_featured_media_url":"https:\/\/progettotouring.it\/radiotouring104\/wp-content\/uploads\/sites\/6\/2023\/06\/san-giovanni-sambatello-2.jpeg","jetpack_sharing_enabled":true,"_links":{"self":[{"href":"https:\/\/progettotouring.it\/radiotouring104\/wp-json\/wp\/v2\/posts\/28847","targetHints":{"allow":["GET"]}}],"collection":[{"href":"https:\/\/progettotouring.it\/radiotouring104\/wp-json\/wp\/v2\/posts"}],"about":[{"href":"https:\/\/progettotouring.it\/radiotouring104\/wp-json\/wp\/v2\/types\/post"}],"author":[{"embeddable":true,"href":"https:\/\/progettotouring.it\/radiotouring104\/wp-json\/wp\/v2\/users\/8"}],"replies":[{"embeddable":true,"href":"https:\/\/progettotouring.it\/radiotouring104\/wp-json\/wp\/v2\/comments?post=28847"}],"version-history":[{"count":1,"href":"https:\/\/progettotouring.it\/radiotouring104\/wp-json\/wp\/v2\/posts\/28847\/revisions"}],"predecessor-version":[{"id":28849,"href":"https:\/\/progettotouring.it\/radiotouring104\/wp-json\/wp\/v2\/posts\/28847\/revisions\/28849"}],"wp:featuredmedia":[{"embeddable":true,"href":"https:\/\/progettotouring.it\/radiotouring104\/wp-json\/wp\/v2\/media\/28848"}],"wp:attachment":[{"href":"https:\/\/progettotouring.it\/radiotouring104\/wp-json\/wp\/v2\/media?parent=28847"}],"wp:term":[{"taxonomy":"category","embeddable":true,"href":"https:\/\/progettotouring.it\/radiotouring104\/wp-json\/wp\/v2\/categories?post=28847"},{"taxonomy":"post_tag","embeddable":true,"href":"https:\/\/progettotouring.it\/radiotouring104\/wp-json\/wp\/v2\/tags?post=28847"}],"curies":[{"name":"wp","href":"https:\/\/api.w.org\/{rel}","templated":true}]}}