{"id":28850,"date":"2023-06-24T11:11:51","date_gmt":"2023-06-24T09:11:51","guid":{"rendered":"https:\/\/progettotouring.it\/radiotouring104\/?p=28850"},"modified":"2023-06-24T14:33:27","modified_gmt":"2023-06-24T12:33:27","slug":"reggio-calabria-grande-onore-per-il-plurilaureato-gennaro-cortese","status":"publish","type":"post","link":"https:\/\/progettotouring.it\/radiotouring104\/2023\/06\/24\/reggio-calabria-grande-onore-per-il-plurilaureato-gennaro-cortese\/","title":{"rendered":"Reggio Calabria: grande onore per il plurilaureato Gennaro Cortese"},"content":{"rendered":"<p style=\"text-align: justify\">Dopo la settima chiss\u00e0, arriver\u00e0 anche l&#8217;ottava laurea? \u00c8 la domanda che in molti si pongono dopo aver seguito, in questi anni, le imprese dell&#8217;ormai plurilaureato reggino, <strong>Gennaro Cortese<\/strong> che a 72 anni ha collezionato ben 7 lauree, tutte conseguite in una <strong>Universit\u00e0<\/strong> statale, quella di <strong>Messina<\/strong>, durante gli anni della pensione. \u00c8 la stessa che si \u00e8 posto anche il noto conduttore <strong>Marco<\/strong> <strong>Liorni<\/strong> che ha voluto dedicare uno spazio dell&#8217;ultima puntata della trasmissione televisiva di successo del sabato pomeriggio di Rai1, &#8220;Italia S\u00ec&#8221; alle &#8220;fatiche&#8221; del reggino Gennaro Cortese, giornalista ed ex dirigente Telecom. In puntata \u00e8 stata riproposta una parte della toccante intervista andata in onda lo scorso Natale, quando Cortese fu ospite in studio di Liorni.<\/p>\n<p style=\"text-align: justify\">Ne \u00e8 nata una simpatia al punto che il conduttore ha voluto coinvolgere il plurilaureato anche per i saluti finali. Con un simpatico siparietto che ha visto protagonista anche la moglie<strong> Mara, Gennaro Cortese,<\/strong> in collegamento da <strong>Reggio<\/strong>, con sullo sfondo il meraviglioso panorama dello Stretto, ha preso un impegno, frutto della promessa fatta alla consorte: &#8220;<em>Non ci sar\u00e0 l&#8217;ottava laurea, non perch\u00e9 non riesco a studiare, ma perch\u00e9 mia moglie Mara ha parlato con il suo avvocato, mia figlia Raffaella, per la separazione&#8230;&#8221;<\/em>. Una simpatica conferma arrivata dalla signora Mara, con tanto di strappo di bacio finale a suggellare, un amore che si appresta a festeggiare i 50 anni di matrimonio nel 2024. E poi chiss\u00e0 se ci sar\u00e0 un\u2019altra laurea.<\/p>\n<p style=\"text-align: justify\">L&#8217;ultima Laurea di <strong>Gennaro<\/strong> <strong>Cortese<\/strong> conseguita a marzo \u00e8 stata in Servizio sociale e politiche sociali presso il Dipartimento di Scienze cognitive, piscologiche, pedagogiche e degli studi culturali. Un vero e proprio esempio di resilienza e tenacia, non solo per i giovani, ma soprattutto per chi nella cosiddetta \u201cterza et\u00e0\u201d si sente gi\u00e0 messo da parte. Ed il messaggio che Gennaro Cortese ha voluto lanciare \u00e8 proprio questo:<em> &#8220;Non \u00e8 mai troppo tardi per realizzare le cose che si desiderano&#8221;. <\/em>La sua storia, dai risvolti anche commoventi, \u00e8 diventata ormai di dominio pubblico, ripresa dalle principali testate e emittenti televisive nazionali. Una voglia di studiare ripresa nel 2006 dopo la pensione, per riscattare un&#8217;infanzia e una giovinezza fatta di sacrifici e lavoro e, purtroppo, segnata anche dalla perdita del pap\u00e0 Lorenzo, a cui <strong>Gennaro Cortese<\/strong> ha voluto dedicare proprio l&#8217;ultima tesi su &#8220;Il valore della mancanza: crescere senza padre in adolescenza&#8221;.<\/p>\n<p style=\"text-align: justify\">Le sei lauree precedenti le ha dedicate invece ai sei nipoti, <em>&#8220;proprio perch\u00e9 possano ricordare in futuro il messaggio che, attraverso questa \u201cimpresa\u201d, il nonno ha voluto loro consegnare: formarsi con lo studio e la cultura \u00e8 indispensabile. Solo cos\u00ec si pu\u00f2 preservare la democrazia e migliorare, attraverso la meritocrazia, la classe dirigente nel nostro Paese&#8221;,<\/em> le parole di Cortese che adesso ha deciso di porre fine alla sua impresa&#8230; Chiss\u00e0 se \u00e8 vero, moglie naturalmente permettendo!<\/p>\n","protected":false},"excerpt":{"rendered":"<p>Dopo la settima chiss\u00e0, arriver\u00e0 anche l&#8217;ottava laurea? \u00c8 la domanda che in molti si pongono dopo aver seguito, in questi anni, le imprese dell&#8217;ormai plurilaureato reggino, Gennaro Cortese che&hellip;<\/p>\n","protected":false},"author":8,"featured_media":28851,"comment_status":"closed","ping_status":"open","sticky":false,"template":"","format":"standard","meta":{"_jetpack_memberships_contains_paid_content":false,"footnotes":"","jetpack_publicize_message":"","jetpack_publicize_feature_enabled":true,"jetpack_social_post_already_shared":false,"jetpack_social_options":{"image_generator_settings":{"template":"highway","default_image_id":0,"font":"","enabled":false},"version":2}},"categories":[921,196,140],"tags":[11926,17638,1307,2952],"class_list":["post-28850","post","type-post","status-publish","format-standard","has-post-thumbnail","hentry","category-home","category-news","category-reggio-calabria","tag-gennaro-cortese","tag-lauree","tag-messina","tag-rai"],"yoast_head":"<!-- This site is optimized with the Yoast SEO plugin v27.2 - https:\/\/yoast.com\/product\/yoast-seo-wordpress\/ -->\n<title>Reggio Calabria: grande onore per il plurilaureato Gennaro Cortese - Radio Touring 104<\/title>\n<meta name=\"description\" content=\"Il reggino Gennaro Cortese \u00e8 stato in diretta sulla Rai per parlare delle sue 7 lauree conseguite in una Universit\u00e0 statale di Messina\" \/>\n<meta name=\"robots\" content=\"index, follow, max-snippet:-1, max-image-preview:large, max-video-preview:-1\" \/>\n<link rel=\"canonical\" href=\"https:\/\/progettotouring.it\/radiotouring104\/2023\/06\/24\/reggio-calabria-grande-onore-per-il-plurilaureato-gennaro-cortese\/\" \/>\n<meta property=\"og:locale\" content=\"it_IT\" \/>\n<meta property=\"og:type\" content=\"article\" \/>\n<meta property=\"og:title\" content=\"Reggio Calabria: grande onore per il plurilaureato Gennaro Cortese - Radio Touring 104\" \/>\n<meta property=\"og:description\" content=\"Il reggino Gennaro Cortese \u00e8 stato in diretta sulla Rai per parlare delle sue 7 lauree conseguite in una Universit\u00e0 statale di Messina\" \/>\n<meta property=\"og:url\" content=\"https:\/\/progettotouring.it\/radiotouring104\/2023\/06\/24\/reggio-calabria-grande-onore-per-il-plurilaureato-gennaro-cortese\/\" \/>\n<meta property=\"og:site_name\" content=\"Radio Touring 104\" \/>\n<meta property=\"article:published_time\" content=\"2023-06-24T09:11:51+00:00\" \/>\n<meta property=\"article:modified_time\" content=\"2023-06-24T12:33:27+00:00\" \/>\n<meta property=\"og:image\" content=\"https:\/\/progettotouring.it\/radiotouring104\/wp-content\/uploads\/sites\/6\/2023\/06\/Cortese-Lauree.jpeg\" \/>\n\t<meta property=\"og:image:width\" content=\"1600\" \/>\n\t<meta property=\"og:image:height\" content=\"1200\" \/>\n\t<meta property=\"og:image:type\" content=\"image\/jpeg\" \/>\n<meta name=\"author\" content=\"Filippo Francesco Idone\" \/>\n<meta name=\"twitter:card\" content=\"summary_large_image\" \/>\n<meta name=\"twitter:label1\" content=\"Scritto da\" \/>\n\t<meta name=\"twitter:data1\" content=\"Filippo Francesco Idone\" \/>\n\t<meta name=\"twitter:label2\" content=\"Tempo di lettura stimato\" \/>\n\t<meta name=\"twitter:data2\" content=\"2 minuti\" \/>\n<script type=\"application\/ld+json\" class=\"yoast-schema-graph\">{\"@context\":\"https:\/\/schema.org\",\"@graph\":[{\"@type\":\"Article\",\"@id\":\"https:\/\/progettotouring.it\/radiotouring104\/2023\/06\/24\/reggio-calabria-grande-onore-per-il-plurilaureato-gennaro-cortese\/#article\",\"isPartOf\":{\"@id\":\"https:\/\/progettotouring.it\/radiotouring104\/2023\/06\/24\/reggio-calabria-grande-onore-per-il-plurilaureato-gennaro-cortese\/\"},\"author\":{\"name\":\"Filippo Francesco Idone\",\"@id\":\"https:\/\/progettotouring.it\/radiotouring104\/#\/schema\/person\/4a82259ca52ac8702ad1a8f9e5a3120b\"},\"headline\":\"Reggio Calabria: grande onore per il plurilaureato Gennaro Cortese\",\"datePublished\":\"2023-06-24T09:11:51+00:00\",\"dateModified\":\"2023-06-24T12:33:27+00:00\",\"mainEntityOfPage\":{\"@id\":\"https:\/\/progettotouring.it\/radiotouring104\/2023\/06\/24\/reggio-calabria-grande-onore-per-il-plurilaureato-gennaro-cortese\/\"},\"wordCount\":464,\"publisher\":{\"@id\":\"https:\/\/progettotouring.it\/radiotouring104\/#organization\"},\"image\":{\"@id\":\"https:\/\/progettotouring.it\/radiotouring104\/2023\/06\/24\/reggio-calabria-grande-onore-per-il-plurilaureato-gennaro-cortese\/#primaryimage\"},\"thumbnailUrl\":\"https:\/\/progettotouring.it\/radiotouring104\/wp-content\/uploads\/sites\/6\/2023\/06\/Cortese-Lauree.jpeg\",\"keywords\":[\"gennaro cortese\",\"lauree\",\"Messina\",\"rai\"],\"articleSection\":[\"Home\",\"News\",\"Reggio Calabria\"],\"inLanguage\":\"it-IT\"},{\"@type\":\"WebPage\",\"@id\":\"https:\/\/progettotouring.it\/radiotouring104\/2023\/06\/24\/reggio-calabria-grande-onore-per-il-plurilaureato-gennaro-cortese\/\",\"url\":\"https:\/\/progettotouring.it\/radiotouring104\/2023\/06\/24\/reggio-calabria-grande-onore-per-il-plurilaureato-gennaro-cortese\/\",\"name\":\"Reggio Calabria: grande onore per il plurilaureato Gennaro Cortese - Radio Touring 104\",\"isPartOf\":{\"@id\":\"https:\/\/progettotouring.it\/radiotouring104\/#website\"},\"primaryImageOfPage\":{\"@id\":\"https:\/\/progettotouring.it\/radiotouring104\/2023\/06\/24\/reggio-calabria-grande-onore-per-il-plurilaureato-gennaro-cortese\/#primaryimage\"},\"image\":{\"@id\":\"https:\/\/progettotouring.it\/radiotouring104\/2023\/06\/24\/reggio-calabria-grande-onore-per-il-plurilaureato-gennaro-cortese\/#primaryimage\"},\"thumbnailUrl\":\"https:\/\/progettotouring.it\/radiotouring104\/wp-content\/uploads\/sites\/6\/2023\/06\/Cortese-Lauree.jpeg\",\"datePublished\":\"2023-06-24T09:11:51+00:00\",\"dateModified\":\"2023-06-24T12:33:27+00:00\",\"description\":\"Il reggino Gennaro Cortese \u00e8 stato in diretta sulla Rai per parlare delle sue 7 lauree conseguite in una Universit\u00e0 statale di Messina\",\"breadcrumb\":{\"@id\":\"https:\/\/progettotouring.it\/radiotouring104\/2023\/06\/24\/reggio-calabria-grande-onore-per-il-plurilaureato-gennaro-cortese\/#breadcrumb\"},\"inLanguage\":\"it-IT\",\"potentialAction\":[{\"@type\":\"ReadAction\",\"target\":[\"https:\/\/progettotouring.it\/radiotouring104\/2023\/06\/24\/reggio-calabria-grande-onore-per-il-plurilaureato-gennaro-cortese\/\"]}]},{\"@type\":\"ImageObject\",\"inLanguage\":\"it-IT\",\"@id\":\"https:\/\/progettotouring.it\/radiotouring104\/2023\/06\/24\/reggio-calabria-grande-onore-per-il-plurilaureato-gennaro-cortese\/#primaryimage\",\"url\":\"https:\/\/progettotouring.it\/radiotouring104\/wp-content\/uploads\/sites\/6\/2023\/06\/Cortese-Lauree.jpeg\",\"contentUrl\":\"https:\/\/progettotouring.it\/radiotouring104\/wp-content\/uploads\/sites\/6\/2023\/06\/Cortese-Lauree.jpeg\",\"width\":1600,\"height\":1200},{\"@type\":\"BreadcrumbList\",\"@id\":\"https:\/\/progettotouring.it\/radiotouring104\/2023\/06\/24\/reggio-calabria-grande-onore-per-il-plurilaureato-gennaro-cortese\/#breadcrumb\",\"itemListElement\":[{\"@type\":\"ListItem\",\"position\":1,\"name\":\"Home\",\"item\":\"https:\/\/progettotouring.it\/radiotouring104\/\"},{\"@type\":\"ListItem\",\"position\":2,\"name\":\"Reggio Calabria: grande onore per il plurilaureato Gennaro Cortese\"}]},{\"@type\":\"WebSite\",\"@id\":\"https:\/\/progettotouring.it\/radiotouring104\/#website\",\"url\":\"https:\/\/progettotouring.it\/radiotouring104\/\",\"name\":\"Radio Touring 104\",\"description\":\"La prima radio Reggina\",\"publisher\":{\"@id\":\"https:\/\/progettotouring.it\/radiotouring104\/#organization\"},\"potentialAction\":[{\"@type\":\"SearchAction\",\"target\":{\"@type\":\"EntryPoint\",\"urlTemplate\":\"https:\/\/progettotouring.it\/radiotouring104\/?s={search_term_string}\"},\"query-input\":{\"@type\":\"PropertyValueSpecification\",\"valueRequired\":true,\"valueName\":\"search_term_string\"}}],\"inLanguage\":\"it-IT\"},{\"@type\":\"Organization\",\"@id\":\"https:\/\/progettotouring.it\/radiotouring104\/#organization\",\"name\":\"Radio Touring 104\",\"url\":\"https:\/\/progettotouring.it\/radiotouring104\/\",\"logo\":{\"@type\":\"ImageObject\",\"inLanguage\":\"it-IT\",\"@id\":\"https:\/\/progettotouring.it\/radiotouring104\/#\/schema\/logo\/image\/\",\"url\":\"https:\/\/progettotouring.it\/radiotouring104\/wp-content\/uploads\/sites\/6\/2022\/02\/cropped-logo-radio-touring-104.png\",\"contentUrl\":\"https:\/\/progettotouring.it\/radiotouring104\/wp-content\/uploads\/sites\/6\/2022\/02\/cropped-logo-radio-touring-104.png\",\"width\":377,\"height\":182,\"caption\":\"Radio Touring 104\"},\"image\":{\"@id\":\"https:\/\/progettotouring.it\/radiotouring104\/#\/schema\/logo\/image\/\"}},{\"@type\":\"Person\",\"@id\":\"https:\/\/progettotouring.it\/radiotouring104\/#\/schema\/person\/4a82259ca52ac8702ad1a8f9e5a3120b\",\"name\":\"Filippo Francesco Idone\",\"image\":{\"@type\":\"ImageObject\",\"inLanguage\":\"it-IT\",\"@id\":\"https:\/\/secure.gravatar.com\/avatar\/7268715d2366395c3dd314385670e6484117d44f5c442e61e230f7008b7b62d3?s=96&d=mm&r=g\",\"url\":\"https:\/\/secure.gravatar.com\/avatar\/7268715d2366395c3dd314385670e6484117d44f5c442e61e230f7008b7b62d3?s=96&d=mm&r=g\",\"contentUrl\":\"https:\/\/secure.gravatar.com\/avatar\/7268715d2366395c3dd314385670e6484117d44f5c442e61e230f7008b7b62d3?s=96&d=mm&r=g\",\"caption\":\"Filippo Francesco Idone\"},\"url\":\"https:\/\/progettotouring.it\/radiotouring104\/author\/filippoidone\/\"}]}<\/script>\n<!-- \/ Yoast SEO plugin. -->","yoast_head_json":{"title":"Reggio Calabria: grande onore per il plurilaureato Gennaro Cortese - Radio Touring 104","description":"Il reggino Gennaro Cortese \u00e8 stato in diretta sulla Rai per parlare delle sue 7 lauree conseguite in una Universit\u00e0 statale di Messina","robots":{"index":"index","follow":"follow","max-snippet":"max-snippet:-1","max-image-preview":"max-image-preview:large","max-video-preview":"max-video-preview:-1"},"canonical":"https:\/\/progettotouring.it\/radiotouring104\/2023\/06\/24\/reggio-calabria-grande-onore-per-il-plurilaureato-gennaro-cortese\/","og_locale":"it_IT","og_type":"article","og_title":"Reggio Calabria: grande onore per il plurilaureato Gennaro Cortese - Radio Touring 104","og_description":"Il reggino Gennaro Cortese \u00e8 stato in diretta sulla Rai per parlare delle sue 7 lauree conseguite in una Universit\u00e0 statale di Messina","og_url":"https:\/\/progettotouring.it\/radiotouring104\/2023\/06\/24\/reggio-calabria-grande-onore-per-il-plurilaureato-gennaro-cortese\/","og_site_name":"Radio Touring 104","article_published_time":"2023-06-24T09:11:51+00:00","article_modified_time":"2023-06-24T12:33:27+00:00","og_image":[{"width":1600,"height":1200,"url":"https:\/\/progettotouring.it\/radiotouring104\/wp-content\/uploads\/sites\/6\/2023\/06\/Cortese-Lauree.jpeg","type":"image\/jpeg"}],"author":"Filippo Francesco Idone","twitter_card":"summary_large_image","twitter_misc":{"Scritto da":"Filippo Francesco Idone","Tempo di lettura stimato":"2 minuti"},"schema":{"@context":"https:\/\/schema.org","@graph":[{"@type":"Article","@id":"https:\/\/progettotouring.it\/radiotouring104\/2023\/06\/24\/reggio-calabria-grande-onore-per-il-plurilaureato-gennaro-cortese\/#article","isPartOf":{"@id":"https:\/\/progettotouring.it\/radiotouring104\/2023\/06\/24\/reggio-calabria-grande-onore-per-il-plurilaureato-gennaro-cortese\/"},"author":{"name":"Filippo Francesco Idone","@id":"https:\/\/progettotouring.it\/radiotouring104\/#\/schema\/person\/4a82259ca52ac8702ad1a8f9e5a3120b"},"headline":"Reggio Calabria: grande onore per il plurilaureato Gennaro Cortese","datePublished":"2023-06-24T09:11:51+00:00","dateModified":"2023-06-24T12:33:27+00:00","mainEntityOfPage":{"@id":"https:\/\/progettotouring.it\/radiotouring104\/2023\/06\/24\/reggio-calabria-grande-onore-per-il-plurilaureato-gennaro-cortese\/"},"wordCount":464,"publisher":{"@id":"https:\/\/progettotouring.it\/radiotouring104\/#organization"},"image":{"@id":"https:\/\/progettotouring.it\/radiotouring104\/2023\/06\/24\/reggio-calabria-grande-onore-per-il-plurilaureato-gennaro-cortese\/#primaryimage"},"thumbnailUrl":"https:\/\/progettotouring.it\/radiotouring104\/wp-content\/uploads\/sites\/6\/2023\/06\/Cortese-Lauree.jpeg","keywords":["gennaro cortese","lauree","Messina","rai"],"articleSection":["Home","News","Reggio Calabria"],"inLanguage":"it-IT"},{"@type":"WebPage","@id":"https:\/\/progettotouring.it\/radiotouring104\/2023\/06\/24\/reggio-calabria-grande-onore-per-il-plurilaureato-gennaro-cortese\/","url":"https:\/\/progettotouring.it\/radiotouring104\/2023\/06\/24\/reggio-calabria-grande-onore-per-il-plurilaureato-gennaro-cortese\/","name":"Reggio Calabria: grande onore per il plurilaureato Gennaro Cortese - Radio Touring 104","isPartOf":{"@id":"https:\/\/progettotouring.it\/radiotouring104\/#website"},"primaryImageOfPage":{"@id":"https:\/\/progettotouring.it\/radiotouring104\/2023\/06\/24\/reggio-calabria-grande-onore-per-il-plurilaureato-gennaro-cortese\/#primaryimage"},"image":{"@id":"https:\/\/progettotouring.it\/radiotouring104\/2023\/06\/24\/reggio-calabria-grande-onore-per-il-plurilaureato-gennaro-cortese\/#primaryimage"},"thumbnailUrl":"https:\/\/progettotouring.it\/radiotouring104\/wp-content\/uploads\/sites\/6\/2023\/06\/Cortese-Lauree.jpeg","datePublished":"2023-06-24T09:11:51+00:00","dateModified":"2023-06-24T12:33:27+00:00","description":"Il reggino Gennaro Cortese \u00e8 stato in diretta sulla Rai per parlare delle sue 7 lauree conseguite in una Universit\u00e0 statale di Messina","breadcrumb":{"@id":"https:\/\/progettotouring.it\/radiotouring104\/2023\/06\/24\/reggio-calabria-grande-onore-per-il-plurilaureato-gennaro-cortese\/#breadcrumb"},"inLanguage":"it-IT","potentialAction":[{"@type":"ReadAction","target":["https:\/\/progettotouring.it\/radiotouring104\/2023\/06\/24\/reggio-calabria-grande-onore-per-il-plurilaureato-gennaro-cortese\/"]}]},{"@type":"ImageObject","inLanguage":"it-IT","@id":"https:\/\/progettotouring.it\/radiotouring104\/2023\/06\/24\/reggio-calabria-grande-onore-per-il-plurilaureato-gennaro-cortese\/#primaryimage","url":"https:\/\/progettotouring.it\/radiotouring104\/wp-content\/uploads\/sites\/6\/2023\/06\/Cortese-Lauree.jpeg","contentUrl":"https:\/\/progettotouring.it\/radiotouring104\/wp-content\/uploads\/sites\/6\/2023\/06\/Cortese-Lauree.jpeg","width":1600,"height":1200},{"@type":"BreadcrumbList","@id":"https:\/\/progettotouring.it\/radiotouring104\/2023\/06\/24\/reggio-calabria-grande-onore-per-il-plurilaureato-gennaro-cortese\/#breadcrumb","itemListElement":[{"@type":"ListItem","position":1,"name":"Home","item":"https:\/\/progettotouring.it\/radiotouring104\/"},{"@type":"ListItem","position":2,"name":"Reggio Calabria: grande onore per il plurilaureato Gennaro Cortese"}]},{"@type":"WebSite","@id":"https:\/\/progettotouring.it\/radiotouring104\/#website","url":"https:\/\/progettotouring.it\/radiotouring104\/","name":"Radio Touring 104","description":"La prima radio Reggina","publisher":{"@id":"https:\/\/progettotouring.it\/radiotouring104\/#organization"},"potentialAction":[{"@type":"SearchAction","target":{"@type":"EntryPoint","urlTemplate":"https:\/\/progettotouring.it\/radiotouring104\/?s={search_term_string}"},"query-input":{"@type":"PropertyValueSpecification","valueRequired":true,"valueName":"search_term_string"}}],"inLanguage":"it-IT"},{"@type":"Organization","@id":"https:\/\/progettotouring.it\/radiotouring104\/#organization","name":"Radio Touring 104","url":"https:\/\/progettotouring.it\/radiotouring104\/","logo":{"@type":"ImageObject","inLanguage":"it-IT","@id":"https:\/\/progettotouring.it\/radiotouring104\/#\/schema\/logo\/image\/","url":"https:\/\/progettotouring.it\/radiotouring104\/wp-content\/uploads\/sites\/6\/2022\/02\/cropped-logo-radio-touring-104.png","contentUrl":"https:\/\/progettotouring.it\/radiotouring104\/wp-content\/uploads\/sites\/6\/2022\/02\/cropped-logo-radio-touring-104.png","width":377,"height":182,"caption":"Radio Touring 104"},"image":{"@id":"https:\/\/progettotouring.it\/radiotouring104\/#\/schema\/logo\/image\/"}},{"@type":"Person","@id":"https:\/\/progettotouring.it\/radiotouring104\/#\/schema\/person\/4a82259ca52ac8702ad1a8f9e5a3120b","name":"Filippo Francesco Idone","image":{"@type":"ImageObject","inLanguage":"it-IT","@id":"https:\/\/secure.gravatar.com\/avatar\/7268715d2366395c3dd314385670e6484117d44f5c442e61e230f7008b7b62d3?s=96&d=mm&r=g","url":"https:\/\/secure.gravatar.com\/avatar\/7268715d2366395c3dd314385670e6484117d44f5c442e61e230f7008b7b62d3?s=96&d=mm&r=g","contentUrl":"https:\/\/secure.gravatar.com\/avatar\/7268715d2366395c3dd314385670e6484117d44f5c442e61e230f7008b7b62d3?s=96&d=mm&r=g","caption":"Filippo Francesco Idone"},"url":"https:\/\/progettotouring.it\/radiotouring104\/author\/filippoidone\/"}]}},"jetpack_publicize_connections":[],"jetpack_featured_media_url":"https:\/\/progettotouring.it\/radiotouring104\/wp-content\/uploads\/sites\/6\/2023\/06\/Cortese-Lauree.jpeg","jetpack_sharing_enabled":true,"_links":{"self":[{"href":"https:\/\/progettotouring.it\/radiotouring104\/wp-json\/wp\/v2\/posts\/28850","targetHints":{"allow":["GET"]}}],"collection":[{"href":"https:\/\/progettotouring.it\/radiotouring104\/wp-json\/wp\/v2\/posts"}],"about":[{"href":"https:\/\/progettotouring.it\/radiotouring104\/wp-json\/wp\/v2\/types\/post"}],"author":[{"embeddable":true,"href":"https:\/\/progettotouring.it\/radiotouring104\/wp-json\/wp\/v2\/users\/8"}],"replies":[{"embeddable":true,"href":"https:\/\/progettotouring.it\/radiotouring104\/wp-json\/wp\/v2\/comments?post=28850"}],"version-history":[{"count":1,"href":"https:\/\/progettotouring.it\/radiotouring104\/wp-json\/wp\/v2\/posts\/28850\/revisions"}],"predecessor-version":[{"id":28853,"href":"https:\/\/progettotouring.it\/radiotouring104\/wp-json\/wp\/v2\/posts\/28850\/revisions\/28853"}],"wp:featuredmedia":[{"embeddable":true,"href":"https:\/\/progettotouring.it\/radiotouring104\/wp-json\/wp\/v2\/media\/28851"}],"wp:attachment":[{"href":"https:\/\/progettotouring.it\/radiotouring104\/wp-json\/wp\/v2\/media?parent=28850"}],"wp:term":[{"taxonomy":"category","embeddable":true,"href":"https:\/\/progettotouring.it\/radiotouring104\/wp-json\/wp\/v2\/categories?post=28850"},{"taxonomy":"post_tag","embeddable":true,"href":"https:\/\/progettotouring.it\/radiotouring104\/wp-json\/wp\/v2\/tags?post=28850"}],"curies":[{"name":"wp","href":"https:\/\/api.w.org\/{rel}","templated":true}]}}