{"id":28854,"date":"2023-06-24T12:33:39","date_gmt":"2023-06-24T10:33:39","guid":{"rendered":"https:\/\/progettotouring.it\/radiotouring104\/?p=28854"},"modified":"2023-06-24T14:38:05","modified_gmt":"2023-06-24T12:38:05","slug":"aeroporto-ripepi-attacca-tramontana-non-saremo-mai-lo-zerbino-di-nessuno","status":"publish","type":"post","link":"https:\/\/progettotouring.it\/radiotouring104\/2023\/06\/24\/aeroporto-ripepi-attacca-tramontana-non-saremo-mai-lo-zerbino-di-nessuno\/","title":{"rendered":"Aeroporto, Ripepi attacca Tramontana: &#8220;Non saremo mai lo zerbino di nessuno&#8221;"},"content":{"rendered":"<p class=\"xmprfx_MsoNormal\" style=\"text-align: justify\">Quando un rappresentante istituzionale antepone il proprio interesse a quello pubblico il danno per il territorio governato \u00e8 incalcolabile. <strong>Falcomat\u00e0<\/strong> docet. Esistono su questa terra degli esseri viventi che, per un motivo ancora sconosciuto appieno, cadono in letargo durante la lunga stagione invernale. Per lunghi mesi restano dormienti sulle questioni aeroportuali dello scalo reggino e, ai primi caldi estivi quando sopravviene il risveglio dei sensi, stressati dal sonno e dal lungo digiuno, enunciano frasi senza alcun filo logico lontane dall\u2019interesse del territorio rappresentato. <strong>Ninni Tramontana,<\/strong> Presidente della Camera di Commercio di <strong>Reggio<\/strong> <strong>Calabria<\/strong> ma anche di altre province calabresi, pare appartenga a questa specie. Della stessa categoria fa parte il Sindaco ff <strong>Paolo<\/strong> <strong>Brunetti<\/strong> che, mentre l\u2019Aeroporto veniva saccheggiato e svenduto dal suo capo Falcomat\u00e0, seduto tra i banchi della maggioranza in Consiglio Comunale non proferiva parola. Oggi, come se niente fosse, tenta di travestirsi da pre-capo del popolo e pre-salvatore della patria in attesa dell\u2019avvento del vero Sindaco Giuseppe Falcomat\u00e0.<\/p>\n<p class=\"xmprfx_MsoNormal\" style=\"text-align: justify\">Cos\u00ec, quando qualcuno osa evidenziare le chiare politiche societarie della Sacal, che privilegia spudoratamente lo scalo lamentino ai danni di quello reggino, escono improvvisamente allo scoperto, ergendo uno scudo protettivo a difesa del carnefice degli interessi di questa comunit\u00e0.<\/p>\n<p class=\"xmprfx_MsoNormal\" style=\"text-align: justify\">Quali siano i reconditi motivi che trasformano esseri viventi, solitamente sordomuti e tiepidi, in vividi individui che addirittura difendono lo schema societario <strong>SACAL<\/strong>, a totale trazione <strong>Catanzarese, Lametina e Cosentina,<\/strong> non \u00e8 dato per il momento saperlo. Il fatto certo, molto triste e preoccupante, \u00e8 vedere colui che dovrebbe difendere con le unghie e con i denti la classe imprenditoriale del nostro territorio, spostare il baricentro dall\u2019interesse reggino ai nostri storici nemici fisiologici che si sono sempre alleati per colpire ed affondare la nostra Citt\u00e0. <strong>Tramontana<\/strong> ha recentemente dichiarato al \u201cIl Reggino\u201d:\u00a0<i>\u201cDovremmo prima chiederci se si disponga delle risorse finanziarie e delle competenze e se vi sia un contesto privato incline all\u2019investimento<b>.\u00a0<\/b>Come Camera riteniamo tale opzione di difficile realizzazione\u201d.<\/i><\/p>\n<p class=\"xmprfx_MsoNormal\" style=\"text-align: justify\">Appare dunque chiara l\u2019affermazione del leader della Camera di Commercio che stabilisce come nel nostro territorio non ci siano le competenze e le risorse finanziare per realizzare la nostra societ\u00e0 di gestione. Ma chi dovrebbe essere il fulcro istituzionale per reperire le competenze e le eventuali risorse private se non il <strong>Presidente della Camera di Commercio<\/strong> preposto anche a finanziare direttamente, come ente camerale, tale operazione? Ecco tutto questo \u00e8 incredibile e quasi inverosimile. Coloro che devono difenderci e devono essere i propulsori dello sviluppo del territorio sono proprio quelli che lo abbandonano mettendolo alla merc\u00e8 dei nemici. Non bastano i risultati tragici registrati dallo scalo reggino negli ultimi sei anni, dopo che <strong>Falcomat\u00e0<\/strong> per motivi personali e di carriera ha svenduto il cuore della Citt\u00e0, per convincere il numero uno della Camera di Commercio che la <strong>SACAL<\/strong> \u00e8 l\u2019aguzzino che determiner\u00e0 la chiusura definitiva del <strong>Tito<\/strong> <strong>Minniti<\/strong>? Che cosa dovrebbe succedere ancora per capire quello che \u00e8 gi\u00e0 avvenuto?<\/p>\n<p class=\"xmprfx_MsoNormal\" style=\"text-align: justify\">Si sta applicando il vecchio espediente di imbrattare la verit\u00e0 per oscurare le falsit\u00e0 inconfessabili? <strong>Ninni Tramontana<\/strong>, che \u00e8 un importante e serio imprenditore del nostro territorio, sa bene che se non difendiamo direttamente noi il nostro spazio non lo potranno mai fare i nemici storici di Reggio. Darebbe lui la gestione della sua importante azienda al suo primo competitor commerciale? Sicuramente no. Ma l\u2019Aeroporto, che \u00e8 il cuore pulsante di Reggio, sicuramente s\u00ec. Stiamo edificando una lapide ideale dove scolpire, in modo indelebile, i nomi dei nemici di Reggio e del suo aeroporto: il secondo, dopo Falcomat\u00e0, lo abbiamo trovato. Brunetti \u00e8 solo una comparsa. Ma, sapendo che la speranza \u00e8 l\u2019ultima a morire auspichiamo un rapido e convinto ravvedimento operoso di Ninni Tramontana che, se comincer\u00e0 ad amare la Citt\u00e0 pi\u00f9 di qualunque altro interesse, trover\u00e0 la forza di rompere le catene e i vincoli che troppo spesso hanno spinto i nostri rappresentanti istituzionali a determinare il declino della nostra amata Citt\u00e0<strong>. Dico al Presidente Tramontana<\/strong> che noi siamo <strong>Reggio Calabria<\/strong> e non saremo mai lo zerbino di nessuno<\/p>\n","protected":false},"excerpt":{"rendered":"<p>Quando un rappresentante istituzionale antepone il proprio interesse a quello pubblico il danno per il territorio governato \u00e8 incalcolabile. Falcomat\u00e0 docet. Esistono su questa terra degli esseri viventi che, per&hellip;<\/p>\n","protected":false},"author":8,"featured_media":24938,"comment_status":"closed","ping_status":"open","sticky":false,"template":"","format":"standard","meta":{"_jetpack_memberships_contains_paid_content":false,"footnotes":"","jetpack_publicize_message":"","jetpack_publicize_feature_enabled":true,"jetpack_social_post_already_shared":false,"jetpack_social_options":{"image_generator_settings":{"template":"highway","default_image_id":0,"font":"","enabled":false},"version":2}},"categories":[921,196,195,140],"tags":[236,4770,17639],"class_list":["post-28854","post","type-post","status-publish","format-standard","has-post-thumbnail","hentry","category-home","category-news","category-politica","category-reggio-calabria","tag-reggio-calabria","tag-ripepi","tag-tramontana"],"yoast_head":"<!-- This site is optimized with the Yoast SEO plugin v27.2 - https:\/\/yoast.com\/product\/yoast-seo-wordpress\/ -->\n<title>Aeroporto, Ripepi attacca Tramontana: &quot;Non saremo mai lo zerbino di nessuno&quot; - Radio Touring 104<\/title>\n<meta name=\"description\" content=\"Il consigliere Ripepi ha attaccato duramente Tramontana, Presidente della Camera di Commercio di Reggio Calabria sulla questione aeroporto\" \/>\n<meta name=\"robots\" content=\"index, follow, max-snippet:-1, max-image-preview:large, max-video-preview:-1\" \/>\n<link rel=\"canonical\" href=\"https:\/\/progettotouring.it\/radiotouring104\/2023\/06\/24\/aeroporto-ripepi-attacca-tramontana-non-saremo-mai-lo-zerbino-di-nessuno\/\" \/>\n<meta property=\"og:locale\" content=\"it_IT\" \/>\n<meta property=\"og:type\" content=\"article\" \/>\n<meta property=\"og:title\" content=\"Aeroporto, Ripepi attacca Tramontana: &quot;Non saremo mai lo zerbino di nessuno&quot; - Radio Touring 104\" \/>\n<meta property=\"og:description\" content=\"Il consigliere Ripepi ha attaccato duramente Tramontana, Presidente della Camera di Commercio di Reggio Calabria sulla questione aeroporto\" \/>\n<meta property=\"og:url\" content=\"https:\/\/progettotouring.it\/radiotouring104\/2023\/06\/24\/aeroporto-ripepi-attacca-tramontana-non-saremo-mai-lo-zerbino-di-nessuno\/\" \/>\n<meta property=\"og:site_name\" content=\"Radio Touring 104\" \/>\n<meta property=\"article:published_time\" content=\"2023-06-24T10:33:39+00:00\" \/>\n<meta property=\"article:modified_time\" content=\"2023-06-24T12:38:05+00:00\" \/>\n<meta property=\"og:image\" content=\"https:\/\/progettotouring.it\/radiotouring104\/wp-content\/uploads\/sites\/6\/2023\/05\/Foto_Massimo-Ripepi.jpeg\" \/>\n\t<meta property=\"og:image:width\" content=\"1600\" \/>\n\t<meta property=\"og:image:height\" content=\"1200\" \/>\n\t<meta property=\"og:image:type\" content=\"image\/jpeg\" \/>\n<meta name=\"author\" content=\"Filippo Francesco Idone\" \/>\n<meta name=\"twitter:card\" content=\"summary_large_image\" \/>\n<meta name=\"twitter:label1\" content=\"Scritto da\" \/>\n\t<meta name=\"twitter:data1\" content=\"Filippo Francesco Idone\" \/>\n\t<meta name=\"twitter:label2\" content=\"Tempo di lettura stimato\" \/>\n\t<meta name=\"twitter:data2\" content=\"3 minuti\" \/>\n<script type=\"application\/ld+json\" class=\"yoast-schema-graph\">{\"@context\":\"https:\/\/schema.org\",\"@graph\":[{\"@type\":\"Article\",\"@id\":\"https:\/\/progettotouring.it\/radiotouring104\/2023\/06\/24\/aeroporto-ripepi-attacca-tramontana-non-saremo-mai-lo-zerbino-di-nessuno\/#article\",\"isPartOf\":{\"@id\":\"https:\/\/progettotouring.it\/radiotouring104\/2023\/06\/24\/aeroporto-ripepi-attacca-tramontana-non-saremo-mai-lo-zerbino-di-nessuno\/\"},\"author\":{\"name\":\"Filippo Francesco Idone\",\"@id\":\"https:\/\/progettotouring.it\/radiotouring104\/#\/schema\/person\/4a82259ca52ac8702ad1a8f9e5a3120b\"},\"headline\":\"Aeroporto, Ripepi attacca Tramontana: &#8220;Non saremo mai lo zerbino di nessuno&#8221;\",\"datePublished\":\"2023-06-24T10:33:39+00:00\",\"dateModified\":\"2023-06-24T12:38:05+00:00\",\"mainEntityOfPage\":{\"@id\":\"https:\/\/progettotouring.it\/radiotouring104\/2023\/06\/24\/aeroporto-ripepi-attacca-tramontana-non-saremo-mai-lo-zerbino-di-nessuno\/\"},\"wordCount\":672,\"publisher\":{\"@id\":\"https:\/\/progettotouring.it\/radiotouring104\/#organization\"},\"image\":{\"@id\":\"https:\/\/progettotouring.it\/radiotouring104\/2023\/06\/24\/aeroporto-ripepi-attacca-tramontana-non-saremo-mai-lo-zerbino-di-nessuno\/#primaryimage\"},\"thumbnailUrl\":\"https:\/\/progettotouring.it\/radiotouring104\/wp-content\/uploads\/sites\/6\/2023\/05\/Foto_Massimo-Ripepi.jpeg\",\"keywords\":[\"reggio calabria\",\"ripepi\",\"Tramontana\"],\"articleSection\":[\"Home\",\"News\",\"Politica\",\"Reggio Calabria\"],\"inLanguage\":\"it-IT\"},{\"@type\":\"WebPage\",\"@id\":\"https:\/\/progettotouring.it\/radiotouring104\/2023\/06\/24\/aeroporto-ripepi-attacca-tramontana-non-saremo-mai-lo-zerbino-di-nessuno\/\",\"url\":\"https:\/\/progettotouring.it\/radiotouring104\/2023\/06\/24\/aeroporto-ripepi-attacca-tramontana-non-saremo-mai-lo-zerbino-di-nessuno\/\",\"name\":\"Aeroporto, Ripepi attacca Tramontana: \\\"Non saremo mai lo zerbino di nessuno\\\" - Radio Touring 104\",\"isPartOf\":{\"@id\":\"https:\/\/progettotouring.it\/radiotouring104\/#website\"},\"primaryImageOfPage\":{\"@id\":\"https:\/\/progettotouring.it\/radiotouring104\/2023\/06\/24\/aeroporto-ripepi-attacca-tramontana-non-saremo-mai-lo-zerbino-di-nessuno\/#primaryimage\"},\"image\":{\"@id\":\"https:\/\/progettotouring.it\/radiotouring104\/2023\/06\/24\/aeroporto-ripepi-attacca-tramontana-non-saremo-mai-lo-zerbino-di-nessuno\/#primaryimage\"},\"thumbnailUrl\":\"https:\/\/progettotouring.it\/radiotouring104\/wp-content\/uploads\/sites\/6\/2023\/05\/Foto_Massimo-Ripepi.jpeg\",\"datePublished\":\"2023-06-24T10:33:39+00:00\",\"dateModified\":\"2023-06-24T12:38:05+00:00\",\"description\":\"Il consigliere Ripepi ha attaccato duramente Tramontana, Presidente della Camera di Commercio di Reggio Calabria sulla questione aeroporto\",\"breadcrumb\":{\"@id\":\"https:\/\/progettotouring.it\/radiotouring104\/2023\/06\/24\/aeroporto-ripepi-attacca-tramontana-non-saremo-mai-lo-zerbino-di-nessuno\/#breadcrumb\"},\"inLanguage\":\"it-IT\",\"potentialAction\":[{\"@type\":\"ReadAction\",\"target\":[\"https:\/\/progettotouring.it\/radiotouring104\/2023\/06\/24\/aeroporto-ripepi-attacca-tramontana-non-saremo-mai-lo-zerbino-di-nessuno\/\"]}]},{\"@type\":\"ImageObject\",\"inLanguage\":\"it-IT\",\"@id\":\"https:\/\/progettotouring.it\/radiotouring104\/2023\/06\/24\/aeroporto-ripepi-attacca-tramontana-non-saremo-mai-lo-zerbino-di-nessuno\/#primaryimage\",\"url\":\"https:\/\/progettotouring.it\/radiotouring104\/wp-content\/uploads\/sites\/6\/2023\/05\/Foto_Massimo-Ripepi.jpeg\",\"contentUrl\":\"https:\/\/progettotouring.it\/radiotouring104\/wp-content\/uploads\/sites\/6\/2023\/05\/Foto_Massimo-Ripepi.jpeg\",\"width\":1600,\"height\":1200},{\"@type\":\"BreadcrumbList\",\"@id\":\"https:\/\/progettotouring.it\/radiotouring104\/2023\/06\/24\/aeroporto-ripepi-attacca-tramontana-non-saremo-mai-lo-zerbino-di-nessuno\/#breadcrumb\",\"itemListElement\":[{\"@type\":\"ListItem\",\"position\":1,\"name\":\"Home\",\"item\":\"https:\/\/progettotouring.it\/radiotouring104\/\"},{\"@type\":\"ListItem\",\"position\":2,\"name\":\"Aeroporto, Ripepi attacca Tramontana: &#8220;Non saremo mai lo zerbino di nessuno&#8221;\"}]},{\"@type\":\"WebSite\",\"@id\":\"https:\/\/progettotouring.it\/radiotouring104\/#website\",\"url\":\"https:\/\/progettotouring.it\/radiotouring104\/\",\"name\":\"Radio Touring 104\",\"description\":\"La prima radio Reggina\",\"publisher\":{\"@id\":\"https:\/\/progettotouring.it\/radiotouring104\/#organization\"},\"potentialAction\":[{\"@type\":\"SearchAction\",\"target\":{\"@type\":\"EntryPoint\",\"urlTemplate\":\"https:\/\/progettotouring.it\/radiotouring104\/?s={search_term_string}\"},\"query-input\":{\"@type\":\"PropertyValueSpecification\",\"valueRequired\":true,\"valueName\":\"search_term_string\"}}],\"inLanguage\":\"it-IT\"},{\"@type\":\"Organization\",\"@id\":\"https:\/\/progettotouring.it\/radiotouring104\/#organization\",\"name\":\"Radio Touring 104\",\"url\":\"https:\/\/progettotouring.it\/radiotouring104\/\",\"logo\":{\"@type\":\"ImageObject\",\"inLanguage\":\"it-IT\",\"@id\":\"https:\/\/progettotouring.it\/radiotouring104\/#\/schema\/logo\/image\/\",\"url\":\"https:\/\/progettotouring.it\/radiotouring104\/wp-content\/uploads\/sites\/6\/2022\/02\/cropped-logo-radio-touring-104.png\",\"contentUrl\":\"https:\/\/progettotouring.it\/radiotouring104\/wp-content\/uploads\/sites\/6\/2022\/02\/cropped-logo-radio-touring-104.png\",\"width\":377,\"height\":182,\"caption\":\"Radio Touring 104\"},\"image\":{\"@id\":\"https:\/\/progettotouring.it\/radiotouring104\/#\/schema\/logo\/image\/\"}},{\"@type\":\"Person\",\"@id\":\"https:\/\/progettotouring.it\/radiotouring104\/#\/schema\/person\/4a82259ca52ac8702ad1a8f9e5a3120b\",\"name\":\"Filippo Francesco Idone\",\"image\":{\"@type\":\"ImageObject\",\"inLanguage\":\"it-IT\",\"@id\":\"https:\/\/secure.gravatar.com\/avatar\/7268715d2366395c3dd314385670e6484117d44f5c442e61e230f7008b7b62d3?s=96&d=mm&r=g\",\"url\":\"https:\/\/secure.gravatar.com\/avatar\/7268715d2366395c3dd314385670e6484117d44f5c442e61e230f7008b7b62d3?s=96&d=mm&r=g\",\"contentUrl\":\"https:\/\/secure.gravatar.com\/avatar\/7268715d2366395c3dd314385670e6484117d44f5c442e61e230f7008b7b62d3?s=96&d=mm&r=g\",\"caption\":\"Filippo Francesco Idone\"},\"url\":\"https:\/\/progettotouring.it\/radiotouring104\/author\/filippoidone\/\"}]}<\/script>\n<!-- \/ Yoast SEO plugin. -->","yoast_head_json":{"title":"Aeroporto, Ripepi attacca Tramontana: \"Non saremo mai lo zerbino di nessuno\" - Radio Touring 104","description":"Il consigliere Ripepi ha attaccato duramente Tramontana, Presidente della Camera di Commercio di Reggio Calabria sulla questione aeroporto","robots":{"index":"index","follow":"follow","max-snippet":"max-snippet:-1","max-image-preview":"max-image-preview:large","max-video-preview":"max-video-preview:-1"},"canonical":"https:\/\/progettotouring.it\/radiotouring104\/2023\/06\/24\/aeroporto-ripepi-attacca-tramontana-non-saremo-mai-lo-zerbino-di-nessuno\/","og_locale":"it_IT","og_type":"article","og_title":"Aeroporto, Ripepi attacca Tramontana: \"Non saremo mai lo zerbino di nessuno\" - Radio Touring 104","og_description":"Il consigliere Ripepi ha attaccato duramente Tramontana, Presidente della Camera di Commercio di Reggio Calabria sulla questione aeroporto","og_url":"https:\/\/progettotouring.it\/radiotouring104\/2023\/06\/24\/aeroporto-ripepi-attacca-tramontana-non-saremo-mai-lo-zerbino-di-nessuno\/","og_site_name":"Radio Touring 104","article_published_time":"2023-06-24T10:33:39+00:00","article_modified_time":"2023-06-24T12:38:05+00:00","og_image":[{"width":1600,"height":1200,"url":"https:\/\/progettotouring.it\/radiotouring104\/wp-content\/uploads\/sites\/6\/2023\/05\/Foto_Massimo-Ripepi.jpeg","type":"image\/jpeg"}],"author":"Filippo Francesco Idone","twitter_card":"summary_large_image","twitter_misc":{"Scritto da":"Filippo Francesco Idone","Tempo di lettura stimato":"3 minuti"},"schema":{"@context":"https:\/\/schema.org","@graph":[{"@type":"Article","@id":"https:\/\/progettotouring.it\/radiotouring104\/2023\/06\/24\/aeroporto-ripepi-attacca-tramontana-non-saremo-mai-lo-zerbino-di-nessuno\/#article","isPartOf":{"@id":"https:\/\/progettotouring.it\/radiotouring104\/2023\/06\/24\/aeroporto-ripepi-attacca-tramontana-non-saremo-mai-lo-zerbino-di-nessuno\/"},"author":{"name":"Filippo Francesco Idone","@id":"https:\/\/progettotouring.it\/radiotouring104\/#\/schema\/person\/4a82259ca52ac8702ad1a8f9e5a3120b"},"headline":"Aeroporto, Ripepi attacca Tramontana: &#8220;Non saremo mai lo zerbino di nessuno&#8221;","datePublished":"2023-06-24T10:33:39+00:00","dateModified":"2023-06-24T12:38:05+00:00","mainEntityOfPage":{"@id":"https:\/\/progettotouring.it\/radiotouring104\/2023\/06\/24\/aeroporto-ripepi-attacca-tramontana-non-saremo-mai-lo-zerbino-di-nessuno\/"},"wordCount":672,"publisher":{"@id":"https:\/\/progettotouring.it\/radiotouring104\/#organization"},"image":{"@id":"https:\/\/progettotouring.it\/radiotouring104\/2023\/06\/24\/aeroporto-ripepi-attacca-tramontana-non-saremo-mai-lo-zerbino-di-nessuno\/#primaryimage"},"thumbnailUrl":"https:\/\/progettotouring.it\/radiotouring104\/wp-content\/uploads\/sites\/6\/2023\/05\/Foto_Massimo-Ripepi.jpeg","keywords":["reggio calabria","ripepi","Tramontana"],"articleSection":["Home","News","Politica","Reggio Calabria"],"inLanguage":"it-IT"},{"@type":"WebPage","@id":"https:\/\/progettotouring.it\/radiotouring104\/2023\/06\/24\/aeroporto-ripepi-attacca-tramontana-non-saremo-mai-lo-zerbino-di-nessuno\/","url":"https:\/\/progettotouring.it\/radiotouring104\/2023\/06\/24\/aeroporto-ripepi-attacca-tramontana-non-saremo-mai-lo-zerbino-di-nessuno\/","name":"Aeroporto, Ripepi attacca Tramontana: \"Non saremo mai lo zerbino di nessuno\" - Radio Touring 104","isPartOf":{"@id":"https:\/\/progettotouring.it\/radiotouring104\/#website"},"primaryImageOfPage":{"@id":"https:\/\/progettotouring.it\/radiotouring104\/2023\/06\/24\/aeroporto-ripepi-attacca-tramontana-non-saremo-mai-lo-zerbino-di-nessuno\/#primaryimage"},"image":{"@id":"https:\/\/progettotouring.it\/radiotouring104\/2023\/06\/24\/aeroporto-ripepi-attacca-tramontana-non-saremo-mai-lo-zerbino-di-nessuno\/#primaryimage"},"thumbnailUrl":"https:\/\/progettotouring.it\/radiotouring104\/wp-content\/uploads\/sites\/6\/2023\/05\/Foto_Massimo-Ripepi.jpeg","datePublished":"2023-06-24T10:33:39+00:00","dateModified":"2023-06-24T12:38:05+00:00","description":"Il consigliere Ripepi ha attaccato duramente Tramontana, Presidente della Camera di Commercio di Reggio Calabria sulla questione aeroporto","breadcrumb":{"@id":"https:\/\/progettotouring.it\/radiotouring104\/2023\/06\/24\/aeroporto-ripepi-attacca-tramontana-non-saremo-mai-lo-zerbino-di-nessuno\/#breadcrumb"},"inLanguage":"it-IT","potentialAction":[{"@type":"ReadAction","target":["https:\/\/progettotouring.it\/radiotouring104\/2023\/06\/24\/aeroporto-ripepi-attacca-tramontana-non-saremo-mai-lo-zerbino-di-nessuno\/"]}]},{"@type":"ImageObject","inLanguage":"it-IT","@id":"https:\/\/progettotouring.it\/radiotouring104\/2023\/06\/24\/aeroporto-ripepi-attacca-tramontana-non-saremo-mai-lo-zerbino-di-nessuno\/#primaryimage","url":"https:\/\/progettotouring.it\/radiotouring104\/wp-content\/uploads\/sites\/6\/2023\/05\/Foto_Massimo-Ripepi.jpeg","contentUrl":"https:\/\/progettotouring.it\/radiotouring104\/wp-content\/uploads\/sites\/6\/2023\/05\/Foto_Massimo-Ripepi.jpeg","width":1600,"height":1200},{"@type":"BreadcrumbList","@id":"https:\/\/progettotouring.it\/radiotouring104\/2023\/06\/24\/aeroporto-ripepi-attacca-tramontana-non-saremo-mai-lo-zerbino-di-nessuno\/#breadcrumb","itemListElement":[{"@type":"ListItem","position":1,"name":"Home","item":"https:\/\/progettotouring.it\/radiotouring104\/"},{"@type":"ListItem","position":2,"name":"Aeroporto, Ripepi attacca Tramontana: &#8220;Non saremo mai lo zerbino di nessuno&#8221;"}]},{"@type":"WebSite","@id":"https:\/\/progettotouring.it\/radiotouring104\/#website","url":"https:\/\/progettotouring.it\/radiotouring104\/","name":"Radio Touring 104","description":"La prima radio Reggina","publisher":{"@id":"https:\/\/progettotouring.it\/radiotouring104\/#organization"},"potentialAction":[{"@type":"SearchAction","target":{"@type":"EntryPoint","urlTemplate":"https:\/\/progettotouring.it\/radiotouring104\/?s={search_term_string}"},"query-input":{"@type":"PropertyValueSpecification","valueRequired":true,"valueName":"search_term_string"}}],"inLanguage":"it-IT"},{"@type":"Organization","@id":"https:\/\/progettotouring.it\/radiotouring104\/#organization","name":"Radio Touring 104","url":"https:\/\/progettotouring.it\/radiotouring104\/","logo":{"@type":"ImageObject","inLanguage":"it-IT","@id":"https:\/\/progettotouring.it\/radiotouring104\/#\/schema\/logo\/image\/","url":"https:\/\/progettotouring.it\/radiotouring104\/wp-content\/uploads\/sites\/6\/2022\/02\/cropped-logo-radio-touring-104.png","contentUrl":"https:\/\/progettotouring.it\/radiotouring104\/wp-content\/uploads\/sites\/6\/2022\/02\/cropped-logo-radio-touring-104.png","width":377,"height":182,"caption":"Radio Touring 104"},"image":{"@id":"https:\/\/progettotouring.it\/radiotouring104\/#\/schema\/logo\/image\/"}},{"@type":"Person","@id":"https:\/\/progettotouring.it\/radiotouring104\/#\/schema\/person\/4a82259ca52ac8702ad1a8f9e5a3120b","name":"Filippo Francesco Idone","image":{"@type":"ImageObject","inLanguage":"it-IT","@id":"https:\/\/secure.gravatar.com\/avatar\/7268715d2366395c3dd314385670e6484117d44f5c442e61e230f7008b7b62d3?s=96&d=mm&r=g","url":"https:\/\/secure.gravatar.com\/avatar\/7268715d2366395c3dd314385670e6484117d44f5c442e61e230f7008b7b62d3?s=96&d=mm&r=g","contentUrl":"https:\/\/secure.gravatar.com\/avatar\/7268715d2366395c3dd314385670e6484117d44f5c442e61e230f7008b7b62d3?s=96&d=mm&r=g","caption":"Filippo Francesco Idone"},"url":"https:\/\/progettotouring.it\/radiotouring104\/author\/filippoidone\/"}]}},"jetpack_publicize_connections":[],"jetpack_featured_media_url":"https:\/\/progettotouring.it\/radiotouring104\/wp-content\/uploads\/sites\/6\/2023\/05\/Foto_Massimo-Ripepi.jpeg","jetpack_sharing_enabled":true,"_links":{"self":[{"href":"https:\/\/progettotouring.it\/radiotouring104\/wp-json\/wp\/v2\/posts\/28854","targetHints":{"allow":["GET"]}}],"collection":[{"href":"https:\/\/progettotouring.it\/radiotouring104\/wp-json\/wp\/v2\/posts"}],"about":[{"href":"https:\/\/progettotouring.it\/radiotouring104\/wp-json\/wp\/v2\/types\/post"}],"author":[{"embeddable":true,"href":"https:\/\/progettotouring.it\/radiotouring104\/wp-json\/wp\/v2\/users\/8"}],"replies":[{"embeddable":true,"href":"https:\/\/progettotouring.it\/radiotouring104\/wp-json\/wp\/v2\/comments?post=28854"}],"version-history":[{"count":1,"href":"https:\/\/progettotouring.it\/radiotouring104\/wp-json\/wp\/v2\/posts\/28854\/revisions"}],"predecessor-version":[{"id":28855,"href":"https:\/\/progettotouring.it\/radiotouring104\/wp-json\/wp\/v2\/posts\/28854\/revisions\/28855"}],"wp:featuredmedia":[{"embeddable":true,"href":"https:\/\/progettotouring.it\/radiotouring104\/wp-json\/wp\/v2\/media\/24938"}],"wp:attachment":[{"href":"https:\/\/progettotouring.it\/radiotouring104\/wp-json\/wp\/v2\/media?parent=28854"}],"wp:term":[{"taxonomy":"category","embeddable":true,"href":"https:\/\/progettotouring.it\/radiotouring104\/wp-json\/wp\/v2\/categories?post=28854"},{"taxonomy":"post_tag","embeddable":true,"href":"https:\/\/progettotouring.it\/radiotouring104\/wp-json\/wp\/v2\/tags?post=28854"}],"curies":[{"name":"wp","href":"https:\/\/api.w.org\/{rel}","templated":true}]}}