{"id":28856,"date":"2023-06-24T12:38:22","date_gmt":"2023-06-24T10:38:22","guid":{"rendered":"https:\/\/progettotouring.it\/radiotouring104\/?p=28856"},"modified":"2023-06-24T14:43:45","modified_gmt":"2023-06-24T12:43:45","slug":"vibo-valentia-mancuso-presente-al-convegno-sulla-difesa-del-territorio","status":"publish","type":"post","link":"https:\/\/progettotouring.it\/radiotouring104\/2023\/06\/24\/vibo-valentia-mancuso-presente-al-convegno-sulla-difesa-del-territorio\/","title":{"rendered":"Vibo Valentia: Mancuso presente al convegno sulla difesa del territorio"},"content":{"rendered":"<p style=\"text-align: justify\"><em>\u201cCredo che ormai due concetti siano unanimemente condivisi: se non cresce il <strong>Sud<\/strong> e le sue regioni pi\u00f9 svantaggiate come la <strong>Calabria<\/strong>, non cresce il <strong>Paese<\/strong> e se non si dota la <strong>Calabria<\/strong> delle infrastrutture basilari, non le si consente di promuovere\u00a0 sviluppo e nuovo occupazione. Oggi, con un <strong>Governo<\/strong> di legislatura e dall\u2019ampio mandato popolare, le iniziative della Calabria per lo sviluppo possono avere pi\u00f9 speranze di realizzarsi in tempi relativamente brevi. La Regione non sta tralasciando nulla\u201d.<\/em><\/p>\n<p style=\"text-align: justify\">L\u2019ha detto il presidente del Consiglio regionale <strong>Filippo<\/strong> <strong>Mancuso<\/strong> intervenendo al convegno su \u201cInfrastrutture e sviluppo\u201d organizzato a Vibo Valentia dall\u2019 \u201cAssociazione difesa dei diritti e del territorio\u201d. Per Mancuso: <em>\u201cIl <strong>ministro<\/strong> <strong>Salvini<\/strong> \u00e8 determinato. L\u2019idea del <strong>Ponte<\/strong> <strong>sullo Stretto, su cui il Governo punta molto<\/strong>, ritengo possa essere una delle grandi opportunit\u00e0 che dobbiamo e possiamo cogliere: sia per togliere dall\u2019isolamento la <strong>Calabria<\/strong> e la <strong>Sicilia<\/strong>, che per avvicinare <strong>l\u2019Europa<\/strong> al Mediterraneo, che va visto non soltanto come un mare di problemi, ma come una grande opportunit\u00e0 per il dialogo e le prospettive di cooperazione e sviluppo con i Paesi del sud del mondo. Il Ponte sullo Stretto di per s\u00e9, per gli investimenti che comporta e l\u2019occupazione che consentir\u00e0, \u00e8 una grande occasione, ma lo \u00e8 anche perch\u00e9 consentir\u00e0 la realizzazione di tutte le altre infrastrutture collaterali: Alta velocit\u00e0 ferroviaria per il <strong>Sud<\/strong>; <strong>modernizzazione della 106 e dell\u2019Autostrada Sa\/Rc;<\/strong> rilancio degli scali aeroportuali e il pieno sviluppo del porto di<strong> Gioia Tauro<\/strong> con l\u2019accrescimento della competitivit\u00e0 dei porti di <strong>Crotone<\/strong>, <strong>Corigliano, Palmi e Vibo Valentia\u201d<\/strong>.<\/em><\/p>\n<p style=\"text-align: justify\">Ad avviso del Presidente del Consiglio regionale: \u201c<em>Il P<strong>orto di Gioia Tauro<\/strong> \u00e8 un\u2019altra delle grandi sfide da continuare a vincere, visto che \u00e8 l\u2019hub di transhipment tra i maggiori in Europa con il primato nazionale dei 3.146.533 teus movimentati, sapendo, per\u00f2, che resistono criticit\u00e0 ormai insostenibili. Mi riferisco all\u2019urgenza di sviluppare il retroporto (tra i pi\u00f9 imponenti d\u2019Italia), che deve interfacciarsi con gli snodi del Paese per attrarre investimenti. Qui, come a <strong>Lamezia<\/strong>, nel <strong>Crotonese<\/strong> e in altre aree della Calabria un ruolo decisivo spetta alla Zes. Noi dobbiamo, come ha sostenuto pi\u00f9 volte il commissario <strong>Giosi Romano<\/strong> che sta facendo un ottimo lavoro, alimentare il circuito della fiducia, in particolare da parte del sistema imprenditoriale locale e nazionale. L\u2019azione della <strong>Zes<\/strong> \u00e8 decisiva per attrarre investimenti, ma per rendere possibile questo cambio di scenario e di marcia, c\u2019\u00e8 bisogno di un sussulto di responsabilit\u00e0 e una sinergia collaborazione fra istituzioni e soggetti dello sviluppo\u201d.<\/em><\/p>\n<p style=\"text-align: justify\">E di seguito: <em>\u201cCi\u00f2 su cui dobbiamo insistere \u00e8 la sinergia tra istituzioni di ogni livello e tra pubblico e privato, sia per premiare merito e competenza che per impedire l\u2019inquinamento mafioso e la corruzione, che sono due ipoteche enormi sul futuro della Calabria di cui dobbiamo liberarci per difendere la democrazia e lo sviluppo nella legalit\u00e0\u201d.<\/em><\/p>\n","protected":false},"excerpt":{"rendered":"<p>\u201cCredo che ormai due concetti siano unanimemente condivisi: se non cresce il Sud e le sue regioni pi\u00f9 svantaggiate come la Calabria, non cresce il Paese e se non si&hellip;<\/p>\n","protected":false},"author":8,"featured_media":28857,"comment_status":"closed","ping_status":"open","sticky":false,"template":"","format":"standard","meta":{"_jetpack_memberships_contains_paid_content":false,"footnotes":"","jetpack_publicize_message":"","jetpack_publicize_feature_enabled":true,"jetpack_social_post_already_shared":false,"jetpack_social_options":{"image_generator_settings":{"template":"highway","default_image_id":0,"font":"","enabled":false},"version":2}},"categories":[142,921,196,195],"tags":[17640,517,3911,988],"class_list":["post-28856","post","type-post","status-publish","format-standard","has-post-thumbnail","hentry","category-calabria","category-home","category-news","category-politica","tag-autostrada-sa-rc","tag-gioia-tauro","tag-mancuso","tag-porto-di-gioia-tauro"],"yoast_head":"<!-- This site is optimized with the Yoast SEO plugin v27.2 - https:\/\/yoast.com\/product\/yoast-seo-wordpress\/ -->\n<title>Vibo Valentia: Mancuso presente al convegno sulla difesa del territorio - Radio Touring 104<\/title>\n<meta name=\"description\" content=\"Il presidente del Consiglio regionale Mancuso ha partecipato al convegno realizzato dall&#039;Associazione difesa dei diritti e del territorio\" \/>\n<meta name=\"robots\" content=\"index, follow, max-snippet:-1, max-image-preview:large, max-video-preview:-1\" \/>\n<link rel=\"canonical\" href=\"https:\/\/progettotouring.it\/radiotouring104\/2023\/06\/24\/vibo-valentia-mancuso-presente-al-convegno-sulla-difesa-del-territorio\/\" \/>\n<meta property=\"og:locale\" content=\"it_IT\" \/>\n<meta property=\"og:type\" content=\"article\" \/>\n<meta property=\"og:title\" content=\"Vibo Valentia: Mancuso presente al convegno sulla difesa del territorio - Radio Touring 104\" \/>\n<meta property=\"og:description\" content=\"Il presidente del Consiglio regionale Mancuso ha partecipato al convegno realizzato dall&#039;Associazione difesa dei diritti e del territorio\" \/>\n<meta property=\"og:url\" content=\"https:\/\/progettotouring.it\/radiotouring104\/2023\/06\/24\/vibo-valentia-mancuso-presente-al-convegno-sulla-difesa-del-territorio\/\" \/>\n<meta property=\"og:site_name\" content=\"Radio Touring 104\" \/>\n<meta property=\"article:published_time\" content=\"2023-06-24T10:38:22+00:00\" \/>\n<meta property=\"article:modified_time\" content=\"2023-06-24T12:43:45+00:00\" \/>\n<meta property=\"og:image\" content=\"https:\/\/progettotouring.it\/radiotouring104\/wp-content\/uploads\/sites\/6\/2023\/06\/mancuso.jpeg\" \/>\n\t<meta property=\"og:image:width\" content=\"1197\" \/>\n\t<meta property=\"og:image:height\" content=\"662\" \/>\n\t<meta property=\"og:image:type\" content=\"image\/jpeg\" \/>\n<meta name=\"author\" content=\"Filippo Francesco Idone\" \/>\n<meta name=\"twitter:card\" content=\"summary_large_image\" \/>\n<meta name=\"twitter:label1\" content=\"Scritto da\" \/>\n\t<meta name=\"twitter:data1\" content=\"Filippo Francesco Idone\" \/>\n\t<meta name=\"twitter:label2\" content=\"Tempo di lettura stimato\" \/>\n\t<meta name=\"twitter:data2\" content=\"2 minuti\" \/>\n<script type=\"application\/ld+json\" class=\"yoast-schema-graph\">{\"@context\":\"https:\/\/schema.org\",\"@graph\":[{\"@type\":\"Article\",\"@id\":\"https:\/\/progettotouring.it\/radiotouring104\/2023\/06\/24\/vibo-valentia-mancuso-presente-al-convegno-sulla-difesa-del-territorio\/#article\",\"isPartOf\":{\"@id\":\"https:\/\/progettotouring.it\/radiotouring104\/2023\/06\/24\/vibo-valentia-mancuso-presente-al-convegno-sulla-difesa-del-territorio\/\"},\"author\":{\"name\":\"Filippo Francesco Idone\",\"@id\":\"https:\/\/progettotouring.it\/radiotouring104\/#\/schema\/person\/4a82259ca52ac8702ad1a8f9e5a3120b\"},\"headline\":\"Vibo Valentia: Mancuso presente al convegno sulla difesa del territorio\",\"datePublished\":\"2023-06-24T10:38:22+00:00\",\"dateModified\":\"2023-06-24T12:43:45+00:00\",\"mainEntityOfPage\":{\"@id\":\"https:\/\/progettotouring.it\/radiotouring104\/2023\/06\/24\/vibo-valentia-mancuso-presente-al-convegno-sulla-difesa-del-territorio\/\"},\"wordCount\":485,\"publisher\":{\"@id\":\"https:\/\/progettotouring.it\/radiotouring104\/#organization\"},\"image\":{\"@id\":\"https:\/\/progettotouring.it\/radiotouring104\/2023\/06\/24\/vibo-valentia-mancuso-presente-al-convegno-sulla-difesa-del-territorio\/#primaryimage\"},\"thumbnailUrl\":\"https:\/\/progettotouring.it\/radiotouring104\/wp-content\/uploads\/sites\/6\/2023\/06\/mancuso.jpeg\",\"keywords\":[\"Autostrada Sa\/Rc\",\"Gioia Tauro\",\"mancuso\",\"porto di Gioia Tauro\"],\"articleSection\":[\"Calabria\",\"Home\",\"News\",\"Politica\"],\"inLanguage\":\"it-IT\"},{\"@type\":\"WebPage\",\"@id\":\"https:\/\/progettotouring.it\/radiotouring104\/2023\/06\/24\/vibo-valentia-mancuso-presente-al-convegno-sulla-difesa-del-territorio\/\",\"url\":\"https:\/\/progettotouring.it\/radiotouring104\/2023\/06\/24\/vibo-valentia-mancuso-presente-al-convegno-sulla-difesa-del-territorio\/\",\"name\":\"Vibo Valentia: Mancuso presente al convegno sulla difesa del territorio - Radio Touring 104\",\"isPartOf\":{\"@id\":\"https:\/\/progettotouring.it\/radiotouring104\/#website\"},\"primaryImageOfPage\":{\"@id\":\"https:\/\/progettotouring.it\/radiotouring104\/2023\/06\/24\/vibo-valentia-mancuso-presente-al-convegno-sulla-difesa-del-territorio\/#primaryimage\"},\"image\":{\"@id\":\"https:\/\/progettotouring.it\/radiotouring104\/2023\/06\/24\/vibo-valentia-mancuso-presente-al-convegno-sulla-difesa-del-territorio\/#primaryimage\"},\"thumbnailUrl\":\"https:\/\/progettotouring.it\/radiotouring104\/wp-content\/uploads\/sites\/6\/2023\/06\/mancuso.jpeg\",\"datePublished\":\"2023-06-24T10:38:22+00:00\",\"dateModified\":\"2023-06-24T12:43:45+00:00\",\"description\":\"Il presidente del Consiglio regionale Mancuso ha partecipato al convegno realizzato dall'Associazione difesa dei diritti e del territorio\",\"breadcrumb\":{\"@id\":\"https:\/\/progettotouring.it\/radiotouring104\/2023\/06\/24\/vibo-valentia-mancuso-presente-al-convegno-sulla-difesa-del-territorio\/#breadcrumb\"},\"inLanguage\":\"it-IT\",\"potentialAction\":[{\"@type\":\"ReadAction\",\"target\":[\"https:\/\/progettotouring.it\/radiotouring104\/2023\/06\/24\/vibo-valentia-mancuso-presente-al-convegno-sulla-difesa-del-territorio\/\"]}]},{\"@type\":\"ImageObject\",\"inLanguage\":\"it-IT\",\"@id\":\"https:\/\/progettotouring.it\/radiotouring104\/2023\/06\/24\/vibo-valentia-mancuso-presente-al-convegno-sulla-difesa-del-territorio\/#primaryimage\",\"url\":\"https:\/\/progettotouring.it\/radiotouring104\/wp-content\/uploads\/sites\/6\/2023\/06\/mancuso.jpeg\",\"contentUrl\":\"https:\/\/progettotouring.it\/radiotouring104\/wp-content\/uploads\/sites\/6\/2023\/06\/mancuso.jpeg\",\"width\":1197,\"height\":662},{\"@type\":\"BreadcrumbList\",\"@id\":\"https:\/\/progettotouring.it\/radiotouring104\/2023\/06\/24\/vibo-valentia-mancuso-presente-al-convegno-sulla-difesa-del-territorio\/#breadcrumb\",\"itemListElement\":[{\"@type\":\"ListItem\",\"position\":1,\"name\":\"Home\",\"item\":\"https:\/\/progettotouring.it\/radiotouring104\/\"},{\"@type\":\"ListItem\",\"position\":2,\"name\":\"Vibo Valentia: Mancuso presente al convegno sulla difesa del territorio\"}]},{\"@type\":\"WebSite\",\"@id\":\"https:\/\/progettotouring.it\/radiotouring104\/#website\",\"url\":\"https:\/\/progettotouring.it\/radiotouring104\/\",\"name\":\"Radio Touring 104\",\"description\":\"La prima radio Reggina\",\"publisher\":{\"@id\":\"https:\/\/progettotouring.it\/radiotouring104\/#organization\"},\"potentialAction\":[{\"@type\":\"SearchAction\",\"target\":{\"@type\":\"EntryPoint\",\"urlTemplate\":\"https:\/\/progettotouring.it\/radiotouring104\/?s={search_term_string}\"},\"query-input\":{\"@type\":\"PropertyValueSpecification\",\"valueRequired\":true,\"valueName\":\"search_term_string\"}}],\"inLanguage\":\"it-IT\"},{\"@type\":\"Organization\",\"@id\":\"https:\/\/progettotouring.it\/radiotouring104\/#organization\",\"name\":\"Radio Touring 104\",\"url\":\"https:\/\/progettotouring.it\/radiotouring104\/\",\"logo\":{\"@type\":\"ImageObject\",\"inLanguage\":\"it-IT\",\"@id\":\"https:\/\/progettotouring.it\/radiotouring104\/#\/schema\/logo\/image\/\",\"url\":\"https:\/\/progettotouring.it\/radiotouring104\/wp-content\/uploads\/sites\/6\/2022\/02\/cropped-logo-radio-touring-104.png\",\"contentUrl\":\"https:\/\/progettotouring.it\/radiotouring104\/wp-content\/uploads\/sites\/6\/2022\/02\/cropped-logo-radio-touring-104.png\",\"width\":377,\"height\":182,\"caption\":\"Radio Touring 104\"},\"image\":{\"@id\":\"https:\/\/progettotouring.it\/radiotouring104\/#\/schema\/logo\/image\/\"}},{\"@type\":\"Person\",\"@id\":\"https:\/\/progettotouring.it\/radiotouring104\/#\/schema\/person\/4a82259ca52ac8702ad1a8f9e5a3120b\",\"name\":\"Filippo Francesco Idone\",\"image\":{\"@type\":\"ImageObject\",\"inLanguage\":\"it-IT\",\"@id\":\"https:\/\/secure.gravatar.com\/avatar\/7268715d2366395c3dd314385670e6484117d44f5c442e61e230f7008b7b62d3?s=96&d=mm&r=g\",\"url\":\"https:\/\/secure.gravatar.com\/avatar\/7268715d2366395c3dd314385670e6484117d44f5c442e61e230f7008b7b62d3?s=96&d=mm&r=g\",\"contentUrl\":\"https:\/\/secure.gravatar.com\/avatar\/7268715d2366395c3dd314385670e6484117d44f5c442e61e230f7008b7b62d3?s=96&d=mm&r=g\",\"caption\":\"Filippo Francesco Idone\"},\"url\":\"https:\/\/progettotouring.it\/radiotouring104\/author\/filippoidone\/\"}]}<\/script>\n<!-- \/ Yoast SEO plugin. -->","yoast_head_json":{"title":"Vibo Valentia: Mancuso presente al convegno sulla difesa del territorio - Radio Touring 104","description":"Il presidente del Consiglio regionale Mancuso ha partecipato al convegno realizzato dall'Associazione difesa dei diritti e del territorio","robots":{"index":"index","follow":"follow","max-snippet":"max-snippet:-1","max-image-preview":"max-image-preview:large","max-video-preview":"max-video-preview:-1"},"canonical":"https:\/\/progettotouring.it\/radiotouring104\/2023\/06\/24\/vibo-valentia-mancuso-presente-al-convegno-sulla-difesa-del-territorio\/","og_locale":"it_IT","og_type":"article","og_title":"Vibo Valentia: Mancuso presente al convegno sulla difesa del territorio - Radio Touring 104","og_description":"Il presidente del Consiglio regionale Mancuso ha partecipato al convegno realizzato dall'Associazione difesa dei diritti e del territorio","og_url":"https:\/\/progettotouring.it\/radiotouring104\/2023\/06\/24\/vibo-valentia-mancuso-presente-al-convegno-sulla-difesa-del-territorio\/","og_site_name":"Radio Touring 104","article_published_time":"2023-06-24T10:38:22+00:00","article_modified_time":"2023-06-24T12:43:45+00:00","og_image":[{"width":1197,"height":662,"url":"https:\/\/progettotouring.it\/radiotouring104\/wp-content\/uploads\/sites\/6\/2023\/06\/mancuso.jpeg","type":"image\/jpeg"}],"author":"Filippo Francesco Idone","twitter_card":"summary_large_image","twitter_misc":{"Scritto da":"Filippo Francesco Idone","Tempo di lettura stimato":"2 minuti"},"schema":{"@context":"https:\/\/schema.org","@graph":[{"@type":"Article","@id":"https:\/\/progettotouring.it\/radiotouring104\/2023\/06\/24\/vibo-valentia-mancuso-presente-al-convegno-sulla-difesa-del-territorio\/#article","isPartOf":{"@id":"https:\/\/progettotouring.it\/radiotouring104\/2023\/06\/24\/vibo-valentia-mancuso-presente-al-convegno-sulla-difesa-del-territorio\/"},"author":{"name":"Filippo Francesco Idone","@id":"https:\/\/progettotouring.it\/radiotouring104\/#\/schema\/person\/4a82259ca52ac8702ad1a8f9e5a3120b"},"headline":"Vibo Valentia: Mancuso presente al convegno sulla difesa del territorio","datePublished":"2023-06-24T10:38:22+00:00","dateModified":"2023-06-24T12:43:45+00:00","mainEntityOfPage":{"@id":"https:\/\/progettotouring.it\/radiotouring104\/2023\/06\/24\/vibo-valentia-mancuso-presente-al-convegno-sulla-difesa-del-territorio\/"},"wordCount":485,"publisher":{"@id":"https:\/\/progettotouring.it\/radiotouring104\/#organization"},"image":{"@id":"https:\/\/progettotouring.it\/radiotouring104\/2023\/06\/24\/vibo-valentia-mancuso-presente-al-convegno-sulla-difesa-del-territorio\/#primaryimage"},"thumbnailUrl":"https:\/\/progettotouring.it\/radiotouring104\/wp-content\/uploads\/sites\/6\/2023\/06\/mancuso.jpeg","keywords":["Autostrada Sa\/Rc","Gioia Tauro","mancuso","porto di Gioia Tauro"],"articleSection":["Calabria","Home","News","Politica"],"inLanguage":"it-IT"},{"@type":"WebPage","@id":"https:\/\/progettotouring.it\/radiotouring104\/2023\/06\/24\/vibo-valentia-mancuso-presente-al-convegno-sulla-difesa-del-territorio\/","url":"https:\/\/progettotouring.it\/radiotouring104\/2023\/06\/24\/vibo-valentia-mancuso-presente-al-convegno-sulla-difesa-del-territorio\/","name":"Vibo Valentia: Mancuso presente al convegno sulla difesa del territorio - Radio Touring 104","isPartOf":{"@id":"https:\/\/progettotouring.it\/radiotouring104\/#website"},"primaryImageOfPage":{"@id":"https:\/\/progettotouring.it\/radiotouring104\/2023\/06\/24\/vibo-valentia-mancuso-presente-al-convegno-sulla-difesa-del-territorio\/#primaryimage"},"image":{"@id":"https:\/\/progettotouring.it\/radiotouring104\/2023\/06\/24\/vibo-valentia-mancuso-presente-al-convegno-sulla-difesa-del-territorio\/#primaryimage"},"thumbnailUrl":"https:\/\/progettotouring.it\/radiotouring104\/wp-content\/uploads\/sites\/6\/2023\/06\/mancuso.jpeg","datePublished":"2023-06-24T10:38:22+00:00","dateModified":"2023-06-24T12:43:45+00:00","description":"Il presidente del Consiglio regionale Mancuso ha partecipato al convegno realizzato dall'Associazione difesa dei diritti e del territorio","breadcrumb":{"@id":"https:\/\/progettotouring.it\/radiotouring104\/2023\/06\/24\/vibo-valentia-mancuso-presente-al-convegno-sulla-difesa-del-territorio\/#breadcrumb"},"inLanguage":"it-IT","potentialAction":[{"@type":"ReadAction","target":["https:\/\/progettotouring.it\/radiotouring104\/2023\/06\/24\/vibo-valentia-mancuso-presente-al-convegno-sulla-difesa-del-territorio\/"]}]},{"@type":"ImageObject","inLanguage":"it-IT","@id":"https:\/\/progettotouring.it\/radiotouring104\/2023\/06\/24\/vibo-valentia-mancuso-presente-al-convegno-sulla-difesa-del-territorio\/#primaryimage","url":"https:\/\/progettotouring.it\/radiotouring104\/wp-content\/uploads\/sites\/6\/2023\/06\/mancuso.jpeg","contentUrl":"https:\/\/progettotouring.it\/radiotouring104\/wp-content\/uploads\/sites\/6\/2023\/06\/mancuso.jpeg","width":1197,"height":662},{"@type":"BreadcrumbList","@id":"https:\/\/progettotouring.it\/radiotouring104\/2023\/06\/24\/vibo-valentia-mancuso-presente-al-convegno-sulla-difesa-del-territorio\/#breadcrumb","itemListElement":[{"@type":"ListItem","position":1,"name":"Home","item":"https:\/\/progettotouring.it\/radiotouring104\/"},{"@type":"ListItem","position":2,"name":"Vibo Valentia: Mancuso presente al convegno sulla difesa del territorio"}]},{"@type":"WebSite","@id":"https:\/\/progettotouring.it\/radiotouring104\/#website","url":"https:\/\/progettotouring.it\/radiotouring104\/","name":"Radio Touring 104","description":"La prima radio Reggina","publisher":{"@id":"https:\/\/progettotouring.it\/radiotouring104\/#organization"},"potentialAction":[{"@type":"SearchAction","target":{"@type":"EntryPoint","urlTemplate":"https:\/\/progettotouring.it\/radiotouring104\/?s={search_term_string}"},"query-input":{"@type":"PropertyValueSpecification","valueRequired":true,"valueName":"search_term_string"}}],"inLanguage":"it-IT"},{"@type":"Organization","@id":"https:\/\/progettotouring.it\/radiotouring104\/#organization","name":"Radio Touring 104","url":"https:\/\/progettotouring.it\/radiotouring104\/","logo":{"@type":"ImageObject","inLanguage":"it-IT","@id":"https:\/\/progettotouring.it\/radiotouring104\/#\/schema\/logo\/image\/","url":"https:\/\/progettotouring.it\/radiotouring104\/wp-content\/uploads\/sites\/6\/2022\/02\/cropped-logo-radio-touring-104.png","contentUrl":"https:\/\/progettotouring.it\/radiotouring104\/wp-content\/uploads\/sites\/6\/2022\/02\/cropped-logo-radio-touring-104.png","width":377,"height":182,"caption":"Radio Touring 104"},"image":{"@id":"https:\/\/progettotouring.it\/radiotouring104\/#\/schema\/logo\/image\/"}},{"@type":"Person","@id":"https:\/\/progettotouring.it\/radiotouring104\/#\/schema\/person\/4a82259ca52ac8702ad1a8f9e5a3120b","name":"Filippo Francesco Idone","image":{"@type":"ImageObject","inLanguage":"it-IT","@id":"https:\/\/secure.gravatar.com\/avatar\/7268715d2366395c3dd314385670e6484117d44f5c442e61e230f7008b7b62d3?s=96&d=mm&r=g","url":"https:\/\/secure.gravatar.com\/avatar\/7268715d2366395c3dd314385670e6484117d44f5c442e61e230f7008b7b62d3?s=96&d=mm&r=g","contentUrl":"https:\/\/secure.gravatar.com\/avatar\/7268715d2366395c3dd314385670e6484117d44f5c442e61e230f7008b7b62d3?s=96&d=mm&r=g","caption":"Filippo Francesco Idone"},"url":"https:\/\/progettotouring.it\/radiotouring104\/author\/filippoidone\/"}]}},"jetpack_publicize_connections":[],"jetpack_featured_media_url":"https:\/\/progettotouring.it\/radiotouring104\/wp-content\/uploads\/sites\/6\/2023\/06\/mancuso.jpeg","jetpack_sharing_enabled":true,"_links":{"self":[{"href":"https:\/\/progettotouring.it\/radiotouring104\/wp-json\/wp\/v2\/posts\/28856","targetHints":{"allow":["GET"]}}],"collection":[{"href":"https:\/\/progettotouring.it\/radiotouring104\/wp-json\/wp\/v2\/posts"}],"about":[{"href":"https:\/\/progettotouring.it\/radiotouring104\/wp-json\/wp\/v2\/types\/post"}],"author":[{"embeddable":true,"href":"https:\/\/progettotouring.it\/radiotouring104\/wp-json\/wp\/v2\/users\/8"}],"replies":[{"embeddable":true,"href":"https:\/\/progettotouring.it\/radiotouring104\/wp-json\/wp\/v2\/comments?post=28856"}],"version-history":[{"count":1,"href":"https:\/\/progettotouring.it\/radiotouring104\/wp-json\/wp\/v2\/posts\/28856\/revisions"}],"predecessor-version":[{"id":28858,"href":"https:\/\/progettotouring.it\/radiotouring104\/wp-json\/wp\/v2\/posts\/28856\/revisions\/28858"}],"wp:featuredmedia":[{"embeddable":true,"href":"https:\/\/progettotouring.it\/radiotouring104\/wp-json\/wp\/v2\/media\/28857"}],"wp:attachment":[{"href":"https:\/\/progettotouring.it\/radiotouring104\/wp-json\/wp\/v2\/media?parent=28856"}],"wp:term":[{"taxonomy":"category","embeddable":true,"href":"https:\/\/progettotouring.it\/radiotouring104\/wp-json\/wp\/v2\/categories?post=28856"},{"taxonomy":"post_tag","embeddable":true,"href":"https:\/\/progettotouring.it\/radiotouring104\/wp-json\/wp\/v2\/tags?post=28856"}],"curies":[{"name":"wp","href":"https:\/\/api.w.org\/{rel}","templated":true}]}}