{"id":28861,"date":"2023-06-24T15:10:40","date_gmt":"2023-06-24T13:10:40","guid":{"rendered":"https:\/\/progettotouring.it\/radiotouring104\/?p=28861"},"modified":"2023-06-24T16:15:17","modified_gmt":"2023-06-24T14:15:17","slug":"merenda-nelloliveta-giordano-liniziativa-va-nella-direzione-della-promozione-di-questa-risorsa","status":"publish","type":"post","link":"https:\/\/progettotouring.it\/radiotouring104\/2023\/06\/24\/merenda-nelloliveta-giordano-liniziativa-va-nella-direzione-della-promozione-di-questa-risorsa\/","title":{"rendered":"Merenda nell&#8217;Oliveta, Giordano: &#8220;L&#8217;iniziativa va nella direzione della promozione di questa risorsa&#8221;"},"content":{"rendered":"<p style=\"text-align: justify\">Ancora uno straordinario successo per la <strong>Merenda nell&#8217;Oliveta promossa dalla Citt\u00e0 Metropolitana di Reggio Calabria<\/strong> nell&#8217;ambito della campagna nazionale dell&#8217;Associazione Citt\u00e0 dell&#8217;Olio. Questa mattina a Scido, presso l&#8217;Azienda Agricola Tarsitani di Scido, appartenente al Presidio Slow Food Olivi secolari, decine di appassionati hanno preso parte al tour organizzato dalla <strong>MetroCity<\/strong>. Tra le varie attivit\u00e0 proposte la visita al <strong>Museo dell\u2019arte Contadina di Scido,<\/strong> a fianco del Museo Biblioteca Palazzo Ruffo, dove i partecipanti hanno potuto ammirare un antico frantoio mosso da energia idraulica, le presse con gli antichi fusi in legno e una serie di utensili per la trasformazione delle olive; a seguire la visita all&#8217;azienda agricola, in particolare degli uliveti e del frantoio ed infine la degustazione curata dalla stessa impresa vincitrice del bando pubblicato dalla Citt\u00e0 Metropolitana, che ha proposto una selezione di mono varietali prodotti dall\u2019azienda.<\/p>\n<p>Presente, a rappresentare la <strong>Citt\u00e0 Metropolitana di Reggio Calabria,<\/strong> il Consigliere delegato all&#8217;Agricoltura <strong>Giuseppe Giordano,<\/strong> che ha espresso apprezzamento per una iniziativa di grande valore promozionale, promossa dall&#8217;Ente di Palazzo Alvaro in contemporanea a quelle di tante altre citt\u00e0 italiane aderenti al network di <strong>Citt\u00e0 dell&#8217;Olio<\/strong>.<em> &#8220;Una comunit\u00e0 di persone e di istituzioni che unisce oltre 500 enti, citt\u00e0, piccoli comuni e consorzi, con una rete qualificata utile a promuovere e valorizzare l&#8217;olio e le olive come risorsa produttiva del territorio&#8221;. <\/em><em>&#8220;Si tratta di una risorsa importantissima nel nostro comprensorio, fondamentale non solo per la produzione in s\u00e9, ma anche per la biodiversit\u00e0 che mantiene in un&#8217;area geografica ricca di bellezze naturali ma anche di fragilit\u00e0, che sono in qualche modo assorbite dalla presenza di queste coltivazioni, per una corretta gestione del territorio. L&#8217;iniziativa della <strong>Citt\u00e0 Metropolitana<\/strong> va quindi nella direzione della promozione di questa risorsa, che implementeremo anche con altre iniziative, seguendo il processo di espansione di <strong>Citt\u00e0 dell&#8217;Olio<\/strong> che sta coinvolgendo pienamente anche il nostro territorio, a partire dal comune di Scido che aderir\u00e0 nelle prossime settimane&#8221;.<\/em><\/p>\n<p><em>&#8220;L&#8217;iniziativa di oggi &#8211;<\/em> ha concluso Giordano &#8211;<em> che ha coinvolto anche tanti cittadini appartenenti al presidio slow food, ha quindi una grande valenza promozionale, ed ha avuto il merito di creare un&#8217;occasione di confronto con il territorio, per la diffusione di un percorso virtuoso in grado di unire una rete di comunit\u00e0 che pu\u00f2 generare ulteriore valore e ricchezza per il nostro territorio&#8221;.<\/em><\/p>\n<div><\/div>\n","protected":false},"excerpt":{"rendered":"<p>Ancora uno straordinario successo per la Merenda nell&#8217;Oliveta promossa dalla Citt\u00e0 Metropolitana di Reggio Calabria nell&#8217;ambito della campagna nazionale dell&#8217;Associazione Citt\u00e0 dell&#8217;Olio. Questa mattina a Scido, presso l&#8217;Azienda Agricola Tarsitani&hellip;<\/p>\n","protected":false},"author":8,"featured_media":28862,"comment_status":"closed","ping_status":"open","sticky":false,"template":"","format":"standard","meta":{"_jetpack_memberships_contains_paid_content":false,"footnotes":"","jetpack_publicize_message":"","jetpack_publicize_feature_enabled":true,"jetpack_social_post_already_shared":false,"jetpack_social_options":{"image_generator_settings":{"template":"highway","default_image_id":0,"font":"","enabled":false},"version":2}},"categories":[921,196,140],"tags":[743,1763,2502,531,236],"class_list":["post-28861","post","type-post","status-publish","format-standard","has-post-thumbnail","hentry","category-home","category-news","category-reggio-calabria","tag-citta-metropolitana","tag-giuseppe-giordano","tag-merenda-nelloliveta","tag-metrocity","tag-reggio-calabria"],"yoast_head":"<!-- This site is optimized with the Yoast SEO plugin v27.2 - https:\/\/yoast.com\/product\/yoast-seo-wordpress\/ -->\n<title>Merenda nell&#039;Oliveta, Giordano: &quot;L&#039;iniziativa va nella direzione della promozione di questa risorsa&quot; - Radio Touring 104<\/title>\n<meta name=\"description\" content=\"Il consigliere responsabile dell&#039;Agricoltura e della Pianificazione territoriale ha partecipato all&#039;evento della Citt\u00e0 Metropolitana\" \/>\n<meta name=\"robots\" content=\"index, follow, max-snippet:-1, max-image-preview:large, max-video-preview:-1\" \/>\n<link rel=\"canonical\" href=\"https:\/\/progettotouring.it\/radiotouring104\/2023\/06\/24\/merenda-nelloliveta-giordano-liniziativa-va-nella-direzione-della-promozione-di-questa-risorsa\/\" \/>\n<meta property=\"og:locale\" content=\"it_IT\" \/>\n<meta property=\"og:type\" content=\"article\" \/>\n<meta property=\"og:title\" content=\"Merenda nell&#039;Oliveta, Giordano: &quot;L&#039;iniziativa va nella direzione della promozione di questa risorsa&quot; - Radio Touring 104\" \/>\n<meta property=\"og:description\" content=\"Il consigliere responsabile dell&#039;Agricoltura e della Pianificazione territoriale ha partecipato all&#039;evento della Citt\u00e0 Metropolitana\" \/>\n<meta property=\"og:url\" content=\"https:\/\/progettotouring.it\/radiotouring104\/2023\/06\/24\/merenda-nelloliveta-giordano-liniziativa-va-nella-direzione-della-promozione-di-questa-risorsa\/\" \/>\n<meta property=\"og:site_name\" content=\"Radio Touring 104\" \/>\n<meta property=\"article:published_time\" content=\"2023-06-24T13:10:40+00:00\" \/>\n<meta property=\"article:modified_time\" content=\"2023-06-24T14:15:17+00:00\" \/>\n<meta property=\"og:image\" content=\"https:\/\/progettotouring.it\/radiotouring104\/wp-content\/uploads\/sites\/6\/2023\/06\/merenda-oliveta-1.jpeg\" \/>\n\t<meta property=\"og:image:width\" content=\"1599\" \/>\n\t<meta property=\"og:image:height\" content=\"899\" \/>\n\t<meta property=\"og:image:type\" content=\"image\/jpeg\" \/>\n<meta name=\"author\" content=\"Filippo Francesco Idone\" \/>\n<meta name=\"twitter:card\" content=\"summary_large_image\" \/>\n<meta name=\"twitter:label1\" content=\"Scritto da\" \/>\n\t<meta name=\"twitter:data1\" content=\"Filippo Francesco Idone\" \/>\n\t<meta name=\"twitter:label2\" content=\"Tempo di lettura stimato\" \/>\n\t<meta name=\"twitter:data2\" content=\"2 minuti\" \/>\n<script type=\"application\/ld+json\" class=\"yoast-schema-graph\">{\"@context\":\"https:\/\/schema.org\",\"@graph\":[{\"@type\":\"Article\",\"@id\":\"https:\/\/progettotouring.it\/radiotouring104\/2023\/06\/24\/merenda-nelloliveta-giordano-liniziativa-va-nella-direzione-della-promozione-di-questa-risorsa\/#article\",\"isPartOf\":{\"@id\":\"https:\/\/progettotouring.it\/radiotouring104\/2023\/06\/24\/merenda-nelloliveta-giordano-liniziativa-va-nella-direzione-della-promozione-di-questa-risorsa\/\"},\"author\":{\"name\":\"Filippo Francesco Idone\",\"@id\":\"https:\/\/progettotouring.it\/radiotouring104\/#\/schema\/person\/4a82259ca52ac8702ad1a8f9e5a3120b\"},\"headline\":\"Merenda nell&#8217;Oliveta, Giordano: &#8220;L&#8217;iniziativa va nella direzione della promozione di questa risorsa&#8221;\",\"datePublished\":\"2023-06-24T13:10:40+00:00\",\"dateModified\":\"2023-06-24T14:15:17+00:00\",\"mainEntityOfPage\":{\"@id\":\"https:\/\/progettotouring.it\/radiotouring104\/2023\/06\/24\/merenda-nelloliveta-giordano-liniziativa-va-nella-direzione-della-promozione-di-questa-risorsa\/\"},\"wordCount\":395,\"publisher\":{\"@id\":\"https:\/\/progettotouring.it\/radiotouring104\/#organization\"},\"image\":{\"@id\":\"https:\/\/progettotouring.it\/radiotouring104\/2023\/06\/24\/merenda-nelloliveta-giordano-liniziativa-va-nella-direzione-della-promozione-di-questa-risorsa\/#primaryimage\"},\"thumbnailUrl\":\"https:\/\/progettotouring.it\/radiotouring104\/wp-content\/uploads\/sites\/6\/2023\/06\/merenda-oliveta-1.jpeg\",\"keywords\":[\"Citt\u00e0 metropolitana\",\"Giuseppe Giordano\",\"merenda nell'oliveta\",\"Metrocity\",\"reggio calabria\"],\"articleSection\":[\"Home\",\"News\",\"Reggio Calabria\"],\"inLanguage\":\"it-IT\"},{\"@type\":\"WebPage\",\"@id\":\"https:\/\/progettotouring.it\/radiotouring104\/2023\/06\/24\/merenda-nelloliveta-giordano-liniziativa-va-nella-direzione-della-promozione-di-questa-risorsa\/\",\"url\":\"https:\/\/progettotouring.it\/radiotouring104\/2023\/06\/24\/merenda-nelloliveta-giordano-liniziativa-va-nella-direzione-della-promozione-di-questa-risorsa\/\",\"name\":\"Merenda nell'Oliveta, Giordano: \\\"L'iniziativa va nella direzione della promozione di questa risorsa\\\" - Radio Touring 104\",\"isPartOf\":{\"@id\":\"https:\/\/progettotouring.it\/radiotouring104\/#website\"},\"primaryImageOfPage\":{\"@id\":\"https:\/\/progettotouring.it\/radiotouring104\/2023\/06\/24\/merenda-nelloliveta-giordano-liniziativa-va-nella-direzione-della-promozione-di-questa-risorsa\/#primaryimage\"},\"image\":{\"@id\":\"https:\/\/progettotouring.it\/radiotouring104\/2023\/06\/24\/merenda-nelloliveta-giordano-liniziativa-va-nella-direzione-della-promozione-di-questa-risorsa\/#primaryimage\"},\"thumbnailUrl\":\"https:\/\/progettotouring.it\/radiotouring104\/wp-content\/uploads\/sites\/6\/2023\/06\/merenda-oliveta-1.jpeg\",\"datePublished\":\"2023-06-24T13:10:40+00:00\",\"dateModified\":\"2023-06-24T14:15:17+00:00\",\"description\":\"Il consigliere responsabile dell'Agricoltura e della Pianificazione territoriale ha partecipato all'evento della Citt\u00e0 Metropolitana\",\"breadcrumb\":{\"@id\":\"https:\/\/progettotouring.it\/radiotouring104\/2023\/06\/24\/merenda-nelloliveta-giordano-liniziativa-va-nella-direzione-della-promozione-di-questa-risorsa\/#breadcrumb\"},\"inLanguage\":\"it-IT\",\"potentialAction\":[{\"@type\":\"ReadAction\",\"target\":[\"https:\/\/progettotouring.it\/radiotouring104\/2023\/06\/24\/merenda-nelloliveta-giordano-liniziativa-va-nella-direzione-della-promozione-di-questa-risorsa\/\"]}]},{\"@type\":\"ImageObject\",\"inLanguage\":\"it-IT\",\"@id\":\"https:\/\/progettotouring.it\/radiotouring104\/2023\/06\/24\/merenda-nelloliveta-giordano-liniziativa-va-nella-direzione-della-promozione-di-questa-risorsa\/#primaryimage\",\"url\":\"https:\/\/progettotouring.it\/radiotouring104\/wp-content\/uploads\/sites\/6\/2023\/06\/merenda-oliveta-1.jpeg\",\"contentUrl\":\"https:\/\/progettotouring.it\/radiotouring104\/wp-content\/uploads\/sites\/6\/2023\/06\/merenda-oliveta-1.jpeg\",\"width\":1599,\"height\":899},{\"@type\":\"BreadcrumbList\",\"@id\":\"https:\/\/progettotouring.it\/radiotouring104\/2023\/06\/24\/merenda-nelloliveta-giordano-liniziativa-va-nella-direzione-della-promozione-di-questa-risorsa\/#breadcrumb\",\"itemListElement\":[{\"@type\":\"ListItem\",\"position\":1,\"name\":\"Home\",\"item\":\"https:\/\/progettotouring.it\/radiotouring104\/\"},{\"@type\":\"ListItem\",\"position\":2,\"name\":\"Merenda nell&#8217;Oliveta, Giordano: &#8220;L&#8217;iniziativa va nella direzione della promozione di questa risorsa&#8221;\"}]},{\"@type\":\"WebSite\",\"@id\":\"https:\/\/progettotouring.it\/radiotouring104\/#website\",\"url\":\"https:\/\/progettotouring.it\/radiotouring104\/\",\"name\":\"Radio Touring 104\",\"description\":\"La prima radio Reggina\",\"publisher\":{\"@id\":\"https:\/\/progettotouring.it\/radiotouring104\/#organization\"},\"potentialAction\":[{\"@type\":\"SearchAction\",\"target\":{\"@type\":\"EntryPoint\",\"urlTemplate\":\"https:\/\/progettotouring.it\/radiotouring104\/?s={search_term_string}\"},\"query-input\":{\"@type\":\"PropertyValueSpecification\",\"valueRequired\":true,\"valueName\":\"search_term_string\"}}],\"inLanguage\":\"it-IT\"},{\"@type\":\"Organization\",\"@id\":\"https:\/\/progettotouring.it\/radiotouring104\/#organization\",\"name\":\"Radio Touring 104\",\"url\":\"https:\/\/progettotouring.it\/radiotouring104\/\",\"logo\":{\"@type\":\"ImageObject\",\"inLanguage\":\"it-IT\",\"@id\":\"https:\/\/progettotouring.it\/radiotouring104\/#\/schema\/logo\/image\/\",\"url\":\"https:\/\/progettotouring.it\/radiotouring104\/wp-content\/uploads\/sites\/6\/2022\/02\/cropped-logo-radio-touring-104.png\",\"contentUrl\":\"https:\/\/progettotouring.it\/radiotouring104\/wp-content\/uploads\/sites\/6\/2022\/02\/cropped-logo-radio-touring-104.png\",\"width\":377,\"height\":182,\"caption\":\"Radio Touring 104\"},\"image\":{\"@id\":\"https:\/\/progettotouring.it\/radiotouring104\/#\/schema\/logo\/image\/\"}},{\"@type\":\"Person\",\"@id\":\"https:\/\/progettotouring.it\/radiotouring104\/#\/schema\/person\/4a82259ca52ac8702ad1a8f9e5a3120b\",\"name\":\"Filippo Francesco Idone\",\"image\":{\"@type\":\"ImageObject\",\"inLanguage\":\"it-IT\",\"@id\":\"https:\/\/secure.gravatar.com\/avatar\/7268715d2366395c3dd314385670e6484117d44f5c442e61e230f7008b7b62d3?s=96&d=mm&r=g\",\"url\":\"https:\/\/secure.gravatar.com\/avatar\/7268715d2366395c3dd314385670e6484117d44f5c442e61e230f7008b7b62d3?s=96&d=mm&r=g\",\"contentUrl\":\"https:\/\/secure.gravatar.com\/avatar\/7268715d2366395c3dd314385670e6484117d44f5c442e61e230f7008b7b62d3?s=96&d=mm&r=g\",\"caption\":\"Filippo Francesco Idone\"},\"url\":\"https:\/\/progettotouring.it\/radiotouring104\/author\/filippoidone\/\"}]}<\/script>\n<!-- \/ Yoast SEO plugin. -->","yoast_head_json":{"title":"Merenda nell'Oliveta, Giordano: \"L'iniziativa va nella direzione della promozione di questa risorsa\" - Radio Touring 104","description":"Il consigliere responsabile dell'Agricoltura e della Pianificazione territoriale ha partecipato all'evento della Citt\u00e0 Metropolitana","robots":{"index":"index","follow":"follow","max-snippet":"max-snippet:-1","max-image-preview":"max-image-preview:large","max-video-preview":"max-video-preview:-1"},"canonical":"https:\/\/progettotouring.it\/radiotouring104\/2023\/06\/24\/merenda-nelloliveta-giordano-liniziativa-va-nella-direzione-della-promozione-di-questa-risorsa\/","og_locale":"it_IT","og_type":"article","og_title":"Merenda nell'Oliveta, Giordano: \"L'iniziativa va nella direzione della promozione di questa risorsa\" - Radio Touring 104","og_description":"Il consigliere responsabile dell'Agricoltura e della Pianificazione territoriale ha partecipato all'evento della Citt\u00e0 Metropolitana","og_url":"https:\/\/progettotouring.it\/radiotouring104\/2023\/06\/24\/merenda-nelloliveta-giordano-liniziativa-va-nella-direzione-della-promozione-di-questa-risorsa\/","og_site_name":"Radio Touring 104","article_published_time":"2023-06-24T13:10:40+00:00","article_modified_time":"2023-06-24T14:15:17+00:00","og_image":[{"width":1599,"height":899,"url":"https:\/\/progettotouring.it\/radiotouring104\/wp-content\/uploads\/sites\/6\/2023\/06\/merenda-oliveta-1.jpeg","type":"image\/jpeg"}],"author":"Filippo Francesco Idone","twitter_card":"summary_large_image","twitter_misc":{"Scritto da":"Filippo Francesco Idone","Tempo di lettura stimato":"2 minuti"},"schema":{"@context":"https:\/\/schema.org","@graph":[{"@type":"Article","@id":"https:\/\/progettotouring.it\/radiotouring104\/2023\/06\/24\/merenda-nelloliveta-giordano-liniziativa-va-nella-direzione-della-promozione-di-questa-risorsa\/#article","isPartOf":{"@id":"https:\/\/progettotouring.it\/radiotouring104\/2023\/06\/24\/merenda-nelloliveta-giordano-liniziativa-va-nella-direzione-della-promozione-di-questa-risorsa\/"},"author":{"name":"Filippo Francesco Idone","@id":"https:\/\/progettotouring.it\/radiotouring104\/#\/schema\/person\/4a82259ca52ac8702ad1a8f9e5a3120b"},"headline":"Merenda nell&#8217;Oliveta, Giordano: &#8220;L&#8217;iniziativa va nella direzione della promozione di questa risorsa&#8221;","datePublished":"2023-06-24T13:10:40+00:00","dateModified":"2023-06-24T14:15:17+00:00","mainEntityOfPage":{"@id":"https:\/\/progettotouring.it\/radiotouring104\/2023\/06\/24\/merenda-nelloliveta-giordano-liniziativa-va-nella-direzione-della-promozione-di-questa-risorsa\/"},"wordCount":395,"publisher":{"@id":"https:\/\/progettotouring.it\/radiotouring104\/#organization"},"image":{"@id":"https:\/\/progettotouring.it\/radiotouring104\/2023\/06\/24\/merenda-nelloliveta-giordano-liniziativa-va-nella-direzione-della-promozione-di-questa-risorsa\/#primaryimage"},"thumbnailUrl":"https:\/\/progettotouring.it\/radiotouring104\/wp-content\/uploads\/sites\/6\/2023\/06\/merenda-oliveta-1.jpeg","keywords":["Citt\u00e0 metropolitana","Giuseppe Giordano","merenda nell'oliveta","Metrocity","reggio calabria"],"articleSection":["Home","News","Reggio Calabria"],"inLanguage":"it-IT"},{"@type":"WebPage","@id":"https:\/\/progettotouring.it\/radiotouring104\/2023\/06\/24\/merenda-nelloliveta-giordano-liniziativa-va-nella-direzione-della-promozione-di-questa-risorsa\/","url":"https:\/\/progettotouring.it\/radiotouring104\/2023\/06\/24\/merenda-nelloliveta-giordano-liniziativa-va-nella-direzione-della-promozione-di-questa-risorsa\/","name":"Merenda nell'Oliveta, Giordano: \"L'iniziativa va nella direzione della promozione di questa risorsa\" - Radio Touring 104","isPartOf":{"@id":"https:\/\/progettotouring.it\/radiotouring104\/#website"},"primaryImageOfPage":{"@id":"https:\/\/progettotouring.it\/radiotouring104\/2023\/06\/24\/merenda-nelloliveta-giordano-liniziativa-va-nella-direzione-della-promozione-di-questa-risorsa\/#primaryimage"},"image":{"@id":"https:\/\/progettotouring.it\/radiotouring104\/2023\/06\/24\/merenda-nelloliveta-giordano-liniziativa-va-nella-direzione-della-promozione-di-questa-risorsa\/#primaryimage"},"thumbnailUrl":"https:\/\/progettotouring.it\/radiotouring104\/wp-content\/uploads\/sites\/6\/2023\/06\/merenda-oliveta-1.jpeg","datePublished":"2023-06-24T13:10:40+00:00","dateModified":"2023-06-24T14:15:17+00:00","description":"Il consigliere responsabile dell'Agricoltura e della Pianificazione territoriale ha partecipato all'evento della Citt\u00e0 Metropolitana","breadcrumb":{"@id":"https:\/\/progettotouring.it\/radiotouring104\/2023\/06\/24\/merenda-nelloliveta-giordano-liniziativa-va-nella-direzione-della-promozione-di-questa-risorsa\/#breadcrumb"},"inLanguage":"it-IT","potentialAction":[{"@type":"ReadAction","target":["https:\/\/progettotouring.it\/radiotouring104\/2023\/06\/24\/merenda-nelloliveta-giordano-liniziativa-va-nella-direzione-della-promozione-di-questa-risorsa\/"]}]},{"@type":"ImageObject","inLanguage":"it-IT","@id":"https:\/\/progettotouring.it\/radiotouring104\/2023\/06\/24\/merenda-nelloliveta-giordano-liniziativa-va-nella-direzione-della-promozione-di-questa-risorsa\/#primaryimage","url":"https:\/\/progettotouring.it\/radiotouring104\/wp-content\/uploads\/sites\/6\/2023\/06\/merenda-oliveta-1.jpeg","contentUrl":"https:\/\/progettotouring.it\/radiotouring104\/wp-content\/uploads\/sites\/6\/2023\/06\/merenda-oliveta-1.jpeg","width":1599,"height":899},{"@type":"BreadcrumbList","@id":"https:\/\/progettotouring.it\/radiotouring104\/2023\/06\/24\/merenda-nelloliveta-giordano-liniziativa-va-nella-direzione-della-promozione-di-questa-risorsa\/#breadcrumb","itemListElement":[{"@type":"ListItem","position":1,"name":"Home","item":"https:\/\/progettotouring.it\/radiotouring104\/"},{"@type":"ListItem","position":2,"name":"Merenda nell&#8217;Oliveta, Giordano: &#8220;L&#8217;iniziativa va nella direzione della promozione di questa risorsa&#8221;"}]},{"@type":"WebSite","@id":"https:\/\/progettotouring.it\/radiotouring104\/#website","url":"https:\/\/progettotouring.it\/radiotouring104\/","name":"Radio Touring 104","description":"La prima radio Reggina","publisher":{"@id":"https:\/\/progettotouring.it\/radiotouring104\/#organization"},"potentialAction":[{"@type":"SearchAction","target":{"@type":"EntryPoint","urlTemplate":"https:\/\/progettotouring.it\/radiotouring104\/?s={search_term_string}"},"query-input":{"@type":"PropertyValueSpecification","valueRequired":true,"valueName":"search_term_string"}}],"inLanguage":"it-IT"},{"@type":"Organization","@id":"https:\/\/progettotouring.it\/radiotouring104\/#organization","name":"Radio Touring 104","url":"https:\/\/progettotouring.it\/radiotouring104\/","logo":{"@type":"ImageObject","inLanguage":"it-IT","@id":"https:\/\/progettotouring.it\/radiotouring104\/#\/schema\/logo\/image\/","url":"https:\/\/progettotouring.it\/radiotouring104\/wp-content\/uploads\/sites\/6\/2022\/02\/cropped-logo-radio-touring-104.png","contentUrl":"https:\/\/progettotouring.it\/radiotouring104\/wp-content\/uploads\/sites\/6\/2022\/02\/cropped-logo-radio-touring-104.png","width":377,"height":182,"caption":"Radio Touring 104"},"image":{"@id":"https:\/\/progettotouring.it\/radiotouring104\/#\/schema\/logo\/image\/"}},{"@type":"Person","@id":"https:\/\/progettotouring.it\/radiotouring104\/#\/schema\/person\/4a82259ca52ac8702ad1a8f9e5a3120b","name":"Filippo Francesco Idone","image":{"@type":"ImageObject","inLanguage":"it-IT","@id":"https:\/\/secure.gravatar.com\/avatar\/7268715d2366395c3dd314385670e6484117d44f5c442e61e230f7008b7b62d3?s=96&d=mm&r=g","url":"https:\/\/secure.gravatar.com\/avatar\/7268715d2366395c3dd314385670e6484117d44f5c442e61e230f7008b7b62d3?s=96&d=mm&r=g","contentUrl":"https:\/\/secure.gravatar.com\/avatar\/7268715d2366395c3dd314385670e6484117d44f5c442e61e230f7008b7b62d3?s=96&d=mm&r=g","caption":"Filippo Francesco Idone"},"url":"https:\/\/progettotouring.it\/radiotouring104\/author\/filippoidone\/"}]}},"jetpack_publicize_connections":[],"jetpack_featured_media_url":"https:\/\/progettotouring.it\/radiotouring104\/wp-content\/uploads\/sites\/6\/2023\/06\/merenda-oliveta-1.jpeg","jetpack_sharing_enabled":true,"_links":{"self":[{"href":"https:\/\/progettotouring.it\/radiotouring104\/wp-json\/wp\/v2\/posts\/28861","targetHints":{"allow":["GET"]}}],"collection":[{"href":"https:\/\/progettotouring.it\/radiotouring104\/wp-json\/wp\/v2\/posts"}],"about":[{"href":"https:\/\/progettotouring.it\/radiotouring104\/wp-json\/wp\/v2\/types\/post"}],"author":[{"embeddable":true,"href":"https:\/\/progettotouring.it\/radiotouring104\/wp-json\/wp\/v2\/users\/8"}],"replies":[{"embeddable":true,"href":"https:\/\/progettotouring.it\/radiotouring104\/wp-json\/wp\/v2\/comments?post=28861"}],"version-history":[{"count":1,"href":"https:\/\/progettotouring.it\/radiotouring104\/wp-json\/wp\/v2\/posts\/28861\/revisions"}],"predecessor-version":[{"id":28863,"href":"https:\/\/progettotouring.it\/radiotouring104\/wp-json\/wp\/v2\/posts\/28861\/revisions\/28863"}],"wp:featuredmedia":[{"embeddable":true,"href":"https:\/\/progettotouring.it\/radiotouring104\/wp-json\/wp\/v2\/media\/28862"}],"wp:attachment":[{"href":"https:\/\/progettotouring.it\/radiotouring104\/wp-json\/wp\/v2\/media?parent=28861"}],"wp:term":[{"taxonomy":"category","embeddable":true,"href":"https:\/\/progettotouring.it\/radiotouring104\/wp-json\/wp\/v2\/categories?post=28861"},{"taxonomy":"post_tag","embeddable":true,"href":"https:\/\/progettotouring.it\/radiotouring104\/wp-json\/wp\/v2\/tags?post=28861"}],"curies":[{"name":"wp","href":"https:\/\/api.w.org\/{rel}","templated":true}]}}