{"id":30402,"date":"2023-07-17T11:58:36","date_gmt":"2023-07-17T09:58:36","guid":{"rendered":"https:\/\/progettotouring.it\/radiotouring104\/?p=30402"},"modified":"2023-07-17T11:58:36","modified_gmt":"2023-07-17T09:58:36","slug":"circolo-agora-organizza-conversazione-su-origine-della-rivolta-di-reggio","status":"publish","type":"post","link":"https:\/\/progettotouring.it\/radiotouring104\/2023\/07\/17\/circolo-agora-organizza-conversazione-su-origine-della-rivolta-di-reggio\/","title":{"rendered":"Circolo Agor\u00e0 organizza conversazione su &#8220;Origine della Rivolta di Reggio&#8221;"},"content":{"rendered":"<h1 style=\"text-align: justify\">Continua la programmazione in remoto del Circolo Culturale\u00a0\u201cL\u2019Agor\u00e0 con un nuovo incontro dedicato ai\u00a0\u201cMoti del \u201870\u201d\u00a0di Reggio Calabria.\u00a0La Rivolta di Reggio Calabria, esplosa tra l\u2019estate del 1970 e il febbraio successivo ed innescata dalla rivendicazione del capoluogo regionale, aveva ulteriormente marcato la geografica economica calabrese, creando, cos\u00ec di fatto, un ulteriore divario tra le tre Citt\u00e0 della regione. Il sodalizio culturale reggino non \u00e8 nuovo a queste iniziative, che, insieme ad altri temi della macro storia del novecento, rappresentano alcune delle linee guida che l\u2019Associazione ha inteso storicamente inserire nei propri intenti statutari. La prossima conversazione organizzata dal sodalizio culturale reggino, in collaborazione con la Fondazione \u201cArchivio Audiovisivo del Movimento Operaio e Democratico\u201d, ha come titolo \u201cTestimonianze sulla Rivolta di Reggio Calabria\u201d. Alla prossima conversazione organizzata dal sodalizio culturale reggino, parteciper\u00e0 in qualit\u00e0 di relatore l\u2019onorevole Vincenzo Maria Vita, Direttore dell&#8217;Archivio audiovisivo\u00a0del\u00a0movimento operaio\u00a0e democratico (AAMOD).\u00a0Il gradito ospite del Circolo Culturale \u201cL\u2019Agor\u00e0\u201d nel corso del suo intervento analizzer\u00e0 alcuni dei documenti visivi presenti nell\u2019importante istituto culturale. Tenuto conto dei protocolli di sicurezza anti-contagio e dei risultati altalenanti della pandemia di COVID 19 e nel rispetto delle norme del DPCM del 24 ottobre 2020 la conversazione, organizzata dal sodalizio culturale reggino, sar\u00e0 disponibile, sulle varie piattaforme Social Network presenti nella rete, a far data da venerd\u00ec 21 luglio.<\/h1>\n","protected":false},"excerpt":{"rendered":"<p>Continua la programmazione in remoto del Circolo Culturale\u00a0\u201cL\u2019Agor\u00e0 con un nuovo incontro dedicato ai\u00a0\u201cMoti del \u201870\u201d\u00a0di Reggio Calabria.\u00a0La Rivolta di Reggio Calabria, esplosa tra l\u2019estate del 1970 e il febbraio&hellip;<\/p>\n","protected":false},"author":12,"featured_media":30404,"comment_status":"closed","ping_status":"open","sticky":false,"template":"","format":"standard","meta":{"_jetpack_memberships_contains_paid_content":false,"footnotes":"","jetpack_publicize_message":"","jetpack_publicize_feature_enabled":true,"jetpack_social_post_already_shared":false,"jetpack_social_options":{"image_generator_settings":{"template":"highway","default_image_id":0,"font":"","enabled":false},"version":2}},"categories":[921,196,140],"tags":[6259,18887,18888,18886],"class_list":["post-30402","post","type-post","status-publish","format-standard","has-post-thumbnail","hentry","category-home","category-news","category-reggio-calabria","tag-circolo-culturale-lagora","tag-fondazione-archivio-audiovisivo-del-movimento-operaio-e-democratico","tag-onorevole-vincenzo-maria-vita","tag-origine-rivolta-di-reggio-calabria"],"yoast_head":"<!-- This site is optimized with the Yoast SEO plugin v27.2 - https:\/\/yoast.com\/product\/yoast-seo-wordpress\/ -->\n<title>Circolo &quot;Agor\u00e0&quot;: conversazione su &quot;Origine della Rivolta di Reggio&quot;<\/title>\n<meta name=\"description\" content=\"il 21 luglio sui social network il Circolo &quot;Agor\u00e0&quot; organizza una conversazione sull&#039; &quot;Origine della Rivolta di Reggio&quot;\" \/>\n<meta name=\"robots\" content=\"index, follow, max-snippet:-1, max-image-preview:large, max-video-preview:-1\" \/>\n<link rel=\"canonical\" href=\"https:\/\/progettotouring.it\/radiotouring104\/2023\/07\/17\/circolo-agora-organizza-conversazione-su-origine-della-rivolta-di-reggio\/\" \/>\n<meta property=\"og:locale\" content=\"it_IT\" \/>\n<meta property=\"og:type\" content=\"article\" \/>\n<meta property=\"og:title\" content=\"Circolo &quot;Agor\u00e0&quot;: conversazione su &quot;Origine della Rivolta di Reggio&quot;\" \/>\n<meta property=\"og:description\" content=\"il 21 luglio sui social network il Circolo &quot;Agor\u00e0&quot; organizza una conversazione sull&#039; &quot;Origine della Rivolta di Reggio&quot;\" \/>\n<meta property=\"og:url\" content=\"https:\/\/progettotouring.it\/radiotouring104\/2023\/07\/17\/circolo-agora-organizza-conversazione-su-origine-della-rivolta-di-reggio\/\" \/>\n<meta property=\"og:site_name\" content=\"Radio Touring 104\" \/>\n<meta property=\"article:published_time\" content=\"2023-07-17T09:58:36+00:00\" \/>\n<meta property=\"og:image\" content=\"https:\/\/progettotouring.it\/radiotouring104\/wp-content\/uploads\/sites\/6\/2023\/07\/vincenzo-vita-Circolo-Agora-Origine-Moti-Reggio.jpg\" \/>\n\t<meta property=\"og:image:width\" content=\"1170\" \/>\n\t<meta property=\"og:image:height\" content=\"787\" \/>\n\t<meta property=\"og:image:type\" content=\"image\/jpeg\" \/>\n<meta name=\"author\" content=\"Sebastiano Plutino\" \/>\n<meta name=\"twitter:card\" content=\"summary_large_image\" \/>\n<meta name=\"twitter:label1\" content=\"Scritto da\" \/>\n\t<meta name=\"twitter:data1\" content=\"Sebastiano Plutino\" \/>\n\t<meta name=\"twitter:label2\" content=\"Tempo di lettura stimato\" \/>\n\t<meta name=\"twitter:data2\" content=\"1 minuto\" \/>\n<script type=\"application\/ld+json\" class=\"yoast-schema-graph\">{\"@context\":\"https:\/\/schema.org\",\"@graph\":[{\"@type\":\"Article\",\"@id\":\"https:\/\/progettotouring.it\/radiotouring104\/2023\/07\/17\/circolo-agora-organizza-conversazione-su-origine-della-rivolta-di-reggio\/#article\",\"isPartOf\":{\"@id\":\"https:\/\/progettotouring.it\/radiotouring104\/2023\/07\/17\/circolo-agora-organizza-conversazione-su-origine-della-rivolta-di-reggio\/\"},\"author\":{\"name\":\"Sebastiano Plutino\",\"@id\":\"https:\/\/progettotouring.it\/radiotouring104\/#\/schema\/person\/78613917f1851f041f7483f5af1d422e\"},\"headline\":\"Circolo Agor\u00e0 organizza conversazione su &#8220;Origine della Rivolta di Reggio&#8221;\",\"datePublished\":\"2023-07-17T09:58:36+00:00\",\"mainEntityOfPage\":{\"@id\":\"https:\/\/progettotouring.it\/radiotouring104\/2023\/07\/17\/circolo-agora-organizza-conversazione-su-origine-della-rivolta-di-reggio\/\"},\"wordCount\":233,\"publisher\":{\"@id\":\"https:\/\/progettotouring.it\/radiotouring104\/#organization\"},\"image\":{\"@id\":\"https:\/\/progettotouring.it\/radiotouring104\/2023\/07\/17\/circolo-agora-organizza-conversazione-su-origine-della-rivolta-di-reggio\/#primaryimage\"},\"thumbnailUrl\":\"https:\/\/progettotouring.it\/radiotouring104\/wp-content\/uploads\/sites\/6\/2023\/07\/vincenzo-vita-Circolo-Agora-Origine-Moti-Reggio.jpg\",\"keywords\":[\"Circolo Culturale \\\"L'Agor\u00e0\\\"\",\"Fondazione \u201cArchivio Audiovisivo del Movimento Operaio e Democratico\u201d\",\"onorevole Vincenzo Maria Vita\",\"Origine Rivolta di Reggio Calabria\"],\"articleSection\":[\"Home\",\"News\",\"Reggio Calabria\"],\"inLanguage\":\"it-IT\"},{\"@type\":\"WebPage\",\"@id\":\"https:\/\/progettotouring.it\/radiotouring104\/2023\/07\/17\/circolo-agora-organizza-conversazione-su-origine-della-rivolta-di-reggio\/\",\"url\":\"https:\/\/progettotouring.it\/radiotouring104\/2023\/07\/17\/circolo-agora-organizza-conversazione-su-origine-della-rivolta-di-reggio\/\",\"name\":\"Circolo \\\"Agor\u00e0\\\": conversazione su \\\"Origine della Rivolta di Reggio\\\"\",\"isPartOf\":{\"@id\":\"https:\/\/progettotouring.it\/radiotouring104\/#website\"},\"primaryImageOfPage\":{\"@id\":\"https:\/\/progettotouring.it\/radiotouring104\/2023\/07\/17\/circolo-agora-organizza-conversazione-su-origine-della-rivolta-di-reggio\/#primaryimage\"},\"image\":{\"@id\":\"https:\/\/progettotouring.it\/radiotouring104\/2023\/07\/17\/circolo-agora-organizza-conversazione-su-origine-della-rivolta-di-reggio\/#primaryimage\"},\"thumbnailUrl\":\"https:\/\/progettotouring.it\/radiotouring104\/wp-content\/uploads\/sites\/6\/2023\/07\/vincenzo-vita-Circolo-Agora-Origine-Moti-Reggio.jpg\",\"datePublished\":\"2023-07-17T09:58:36+00:00\",\"description\":\"il 21 luglio sui social network il Circolo \\\"Agor\u00e0\\\" organizza una conversazione sull' \\\"Origine della Rivolta di Reggio\\\"\",\"breadcrumb\":{\"@id\":\"https:\/\/progettotouring.it\/radiotouring104\/2023\/07\/17\/circolo-agora-organizza-conversazione-su-origine-della-rivolta-di-reggio\/#breadcrumb\"},\"inLanguage\":\"it-IT\",\"potentialAction\":[{\"@type\":\"ReadAction\",\"target\":[\"https:\/\/progettotouring.it\/radiotouring104\/2023\/07\/17\/circolo-agora-organizza-conversazione-su-origine-della-rivolta-di-reggio\/\"]}]},{\"@type\":\"ImageObject\",\"inLanguage\":\"it-IT\",\"@id\":\"https:\/\/progettotouring.it\/radiotouring104\/2023\/07\/17\/circolo-agora-organizza-conversazione-su-origine-della-rivolta-di-reggio\/#primaryimage\",\"url\":\"https:\/\/progettotouring.it\/radiotouring104\/wp-content\/uploads\/sites\/6\/2023\/07\/vincenzo-vita-Circolo-Agora-Origine-Moti-Reggio.jpg\",\"contentUrl\":\"https:\/\/progettotouring.it\/radiotouring104\/wp-content\/uploads\/sites\/6\/2023\/07\/vincenzo-vita-Circolo-Agora-Origine-Moti-Reggio.jpg\",\"width\":1170,\"height\":787},{\"@type\":\"BreadcrumbList\",\"@id\":\"https:\/\/progettotouring.it\/radiotouring104\/2023\/07\/17\/circolo-agora-organizza-conversazione-su-origine-della-rivolta-di-reggio\/#breadcrumb\",\"itemListElement\":[{\"@type\":\"ListItem\",\"position\":1,\"name\":\"Home\",\"item\":\"https:\/\/progettotouring.it\/radiotouring104\/\"},{\"@type\":\"ListItem\",\"position\":2,\"name\":\"Circolo Agor\u00e0 organizza conversazione su &#8220;Origine della Rivolta di Reggio&#8221;\"}]},{\"@type\":\"WebSite\",\"@id\":\"https:\/\/progettotouring.it\/radiotouring104\/#website\",\"url\":\"https:\/\/progettotouring.it\/radiotouring104\/\",\"name\":\"Radio Touring 104\",\"description\":\"La prima radio Reggina\",\"publisher\":{\"@id\":\"https:\/\/progettotouring.it\/radiotouring104\/#organization\"},\"potentialAction\":[{\"@type\":\"SearchAction\",\"target\":{\"@type\":\"EntryPoint\",\"urlTemplate\":\"https:\/\/progettotouring.it\/radiotouring104\/?s={search_term_string}\"},\"query-input\":{\"@type\":\"PropertyValueSpecification\",\"valueRequired\":true,\"valueName\":\"search_term_string\"}}],\"inLanguage\":\"it-IT\"},{\"@type\":\"Organization\",\"@id\":\"https:\/\/progettotouring.it\/radiotouring104\/#organization\",\"name\":\"Radio Touring 104\",\"url\":\"https:\/\/progettotouring.it\/radiotouring104\/\",\"logo\":{\"@type\":\"ImageObject\",\"inLanguage\":\"it-IT\",\"@id\":\"https:\/\/progettotouring.it\/radiotouring104\/#\/schema\/logo\/image\/\",\"url\":\"https:\/\/progettotouring.it\/radiotouring104\/wp-content\/uploads\/sites\/6\/2022\/02\/cropped-logo-radio-touring-104.png\",\"contentUrl\":\"https:\/\/progettotouring.it\/radiotouring104\/wp-content\/uploads\/sites\/6\/2022\/02\/cropped-logo-radio-touring-104.png\",\"width\":377,\"height\":182,\"caption\":\"Radio Touring 104\"},\"image\":{\"@id\":\"https:\/\/progettotouring.it\/radiotouring104\/#\/schema\/logo\/image\/\"}},{\"@type\":\"Person\",\"@id\":\"https:\/\/progettotouring.it\/radiotouring104\/#\/schema\/person\/78613917f1851f041f7483f5af1d422e\",\"name\":\"Sebastiano Plutino\",\"image\":{\"@type\":\"ImageObject\",\"inLanguage\":\"it-IT\",\"@id\":\"https:\/\/secure.gravatar.com\/avatar\/0546ffaa9b79224faf9f2a156b67a529ae861d3287c66c1d8ccfdf909bcba78d?s=96&d=mm&r=g\",\"url\":\"https:\/\/secure.gravatar.com\/avatar\/0546ffaa9b79224faf9f2a156b67a529ae861d3287c66c1d8ccfdf909bcba78d?s=96&d=mm&r=g\",\"contentUrl\":\"https:\/\/secure.gravatar.com\/avatar\/0546ffaa9b79224faf9f2a156b67a529ae861d3287c66c1d8ccfdf909bcba78d?s=96&d=mm&r=g\",\"caption\":\"Sebastiano Plutino\"},\"url\":\"https:\/\/progettotouring.it\/radiotouring104\/author\/sebastiano\/\"}]}<\/script>\n<!-- \/ Yoast SEO plugin. -->","yoast_head_json":{"title":"Circolo \"Agor\u00e0\": conversazione su \"Origine della Rivolta di Reggio\"","description":"il 21 luglio sui social network il Circolo \"Agor\u00e0\" organizza una conversazione sull' \"Origine della Rivolta di Reggio\"","robots":{"index":"index","follow":"follow","max-snippet":"max-snippet:-1","max-image-preview":"max-image-preview:large","max-video-preview":"max-video-preview:-1"},"canonical":"https:\/\/progettotouring.it\/radiotouring104\/2023\/07\/17\/circolo-agora-organizza-conversazione-su-origine-della-rivolta-di-reggio\/","og_locale":"it_IT","og_type":"article","og_title":"Circolo \"Agor\u00e0\": conversazione su \"Origine della Rivolta di Reggio\"","og_description":"il 21 luglio sui social network il Circolo \"Agor\u00e0\" organizza una conversazione sull' \"Origine della Rivolta di Reggio\"","og_url":"https:\/\/progettotouring.it\/radiotouring104\/2023\/07\/17\/circolo-agora-organizza-conversazione-su-origine-della-rivolta-di-reggio\/","og_site_name":"Radio Touring 104","article_published_time":"2023-07-17T09:58:36+00:00","og_image":[{"width":1170,"height":787,"url":"https:\/\/progettotouring.it\/radiotouring104\/wp-content\/uploads\/sites\/6\/2023\/07\/vincenzo-vita-Circolo-Agora-Origine-Moti-Reggio.jpg","type":"image\/jpeg"}],"author":"Sebastiano Plutino","twitter_card":"summary_large_image","twitter_misc":{"Scritto da":"Sebastiano Plutino","Tempo di lettura stimato":"1 minuto"},"schema":{"@context":"https:\/\/schema.org","@graph":[{"@type":"Article","@id":"https:\/\/progettotouring.it\/radiotouring104\/2023\/07\/17\/circolo-agora-organizza-conversazione-su-origine-della-rivolta-di-reggio\/#article","isPartOf":{"@id":"https:\/\/progettotouring.it\/radiotouring104\/2023\/07\/17\/circolo-agora-organizza-conversazione-su-origine-della-rivolta-di-reggio\/"},"author":{"name":"Sebastiano Plutino","@id":"https:\/\/progettotouring.it\/radiotouring104\/#\/schema\/person\/78613917f1851f041f7483f5af1d422e"},"headline":"Circolo Agor\u00e0 organizza conversazione su &#8220;Origine della Rivolta di Reggio&#8221;","datePublished":"2023-07-17T09:58:36+00:00","mainEntityOfPage":{"@id":"https:\/\/progettotouring.it\/radiotouring104\/2023\/07\/17\/circolo-agora-organizza-conversazione-su-origine-della-rivolta-di-reggio\/"},"wordCount":233,"publisher":{"@id":"https:\/\/progettotouring.it\/radiotouring104\/#organization"},"image":{"@id":"https:\/\/progettotouring.it\/radiotouring104\/2023\/07\/17\/circolo-agora-organizza-conversazione-su-origine-della-rivolta-di-reggio\/#primaryimage"},"thumbnailUrl":"https:\/\/progettotouring.it\/radiotouring104\/wp-content\/uploads\/sites\/6\/2023\/07\/vincenzo-vita-Circolo-Agora-Origine-Moti-Reggio.jpg","keywords":["Circolo Culturale \"L'Agor\u00e0\"","Fondazione \u201cArchivio Audiovisivo del Movimento Operaio e Democratico\u201d","onorevole Vincenzo Maria Vita","Origine Rivolta di Reggio Calabria"],"articleSection":["Home","News","Reggio Calabria"],"inLanguage":"it-IT"},{"@type":"WebPage","@id":"https:\/\/progettotouring.it\/radiotouring104\/2023\/07\/17\/circolo-agora-organizza-conversazione-su-origine-della-rivolta-di-reggio\/","url":"https:\/\/progettotouring.it\/radiotouring104\/2023\/07\/17\/circolo-agora-organizza-conversazione-su-origine-della-rivolta-di-reggio\/","name":"Circolo \"Agor\u00e0\": conversazione su \"Origine della Rivolta di Reggio\"","isPartOf":{"@id":"https:\/\/progettotouring.it\/radiotouring104\/#website"},"primaryImageOfPage":{"@id":"https:\/\/progettotouring.it\/radiotouring104\/2023\/07\/17\/circolo-agora-organizza-conversazione-su-origine-della-rivolta-di-reggio\/#primaryimage"},"image":{"@id":"https:\/\/progettotouring.it\/radiotouring104\/2023\/07\/17\/circolo-agora-organizza-conversazione-su-origine-della-rivolta-di-reggio\/#primaryimage"},"thumbnailUrl":"https:\/\/progettotouring.it\/radiotouring104\/wp-content\/uploads\/sites\/6\/2023\/07\/vincenzo-vita-Circolo-Agora-Origine-Moti-Reggio.jpg","datePublished":"2023-07-17T09:58:36+00:00","description":"il 21 luglio sui social network il Circolo \"Agor\u00e0\" organizza una conversazione sull' \"Origine della Rivolta di Reggio\"","breadcrumb":{"@id":"https:\/\/progettotouring.it\/radiotouring104\/2023\/07\/17\/circolo-agora-organizza-conversazione-su-origine-della-rivolta-di-reggio\/#breadcrumb"},"inLanguage":"it-IT","potentialAction":[{"@type":"ReadAction","target":["https:\/\/progettotouring.it\/radiotouring104\/2023\/07\/17\/circolo-agora-organizza-conversazione-su-origine-della-rivolta-di-reggio\/"]}]},{"@type":"ImageObject","inLanguage":"it-IT","@id":"https:\/\/progettotouring.it\/radiotouring104\/2023\/07\/17\/circolo-agora-organizza-conversazione-su-origine-della-rivolta-di-reggio\/#primaryimage","url":"https:\/\/progettotouring.it\/radiotouring104\/wp-content\/uploads\/sites\/6\/2023\/07\/vincenzo-vita-Circolo-Agora-Origine-Moti-Reggio.jpg","contentUrl":"https:\/\/progettotouring.it\/radiotouring104\/wp-content\/uploads\/sites\/6\/2023\/07\/vincenzo-vita-Circolo-Agora-Origine-Moti-Reggio.jpg","width":1170,"height":787},{"@type":"BreadcrumbList","@id":"https:\/\/progettotouring.it\/radiotouring104\/2023\/07\/17\/circolo-agora-organizza-conversazione-su-origine-della-rivolta-di-reggio\/#breadcrumb","itemListElement":[{"@type":"ListItem","position":1,"name":"Home","item":"https:\/\/progettotouring.it\/radiotouring104\/"},{"@type":"ListItem","position":2,"name":"Circolo Agor\u00e0 organizza conversazione su &#8220;Origine della Rivolta di Reggio&#8221;"}]},{"@type":"WebSite","@id":"https:\/\/progettotouring.it\/radiotouring104\/#website","url":"https:\/\/progettotouring.it\/radiotouring104\/","name":"Radio Touring 104","description":"La prima radio Reggina","publisher":{"@id":"https:\/\/progettotouring.it\/radiotouring104\/#organization"},"potentialAction":[{"@type":"SearchAction","target":{"@type":"EntryPoint","urlTemplate":"https:\/\/progettotouring.it\/radiotouring104\/?s={search_term_string}"},"query-input":{"@type":"PropertyValueSpecification","valueRequired":true,"valueName":"search_term_string"}}],"inLanguage":"it-IT"},{"@type":"Organization","@id":"https:\/\/progettotouring.it\/radiotouring104\/#organization","name":"Radio Touring 104","url":"https:\/\/progettotouring.it\/radiotouring104\/","logo":{"@type":"ImageObject","inLanguage":"it-IT","@id":"https:\/\/progettotouring.it\/radiotouring104\/#\/schema\/logo\/image\/","url":"https:\/\/progettotouring.it\/radiotouring104\/wp-content\/uploads\/sites\/6\/2022\/02\/cropped-logo-radio-touring-104.png","contentUrl":"https:\/\/progettotouring.it\/radiotouring104\/wp-content\/uploads\/sites\/6\/2022\/02\/cropped-logo-radio-touring-104.png","width":377,"height":182,"caption":"Radio Touring 104"},"image":{"@id":"https:\/\/progettotouring.it\/radiotouring104\/#\/schema\/logo\/image\/"}},{"@type":"Person","@id":"https:\/\/progettotouring.it\/radiotouring104\/#\/schema\/person\/78613917f1851f041f7483f5af1d422e","name":"Sebastiano Plutino","image":{"@type":"ImageObject","inLanguage":"it-IT","@id":"https:\/\/secure.gravatar.com\/avatar\/0546ffaa9b79224faf9f2a156b67a529ae861d3287c66c1d8ccfdf909bcba78d?s=96&d=mm&r=g","url":"https:\/\/secure.gravatar.com\/avatar\/0546ffaa9b79224faf9f2a156b67a529ae861d3287c66c1d8ccfdf909bcba78d?s=96&d=mm&r=g","contentUrl":"https:\/\/secure.gravatar.com\/avatar\/0546ffaa9b79224faf9f2a156b67a529ae861d3287c66c1d8ccfdf909bcba78d?s=96&d=mm&r=g","caption":"Sebastiano Plutino"},"url":"https:\/\/progettotouring.it\/radiotouring104\/author\/sebastiano\/"}]}},"jetpack_publicize_connections":[],"jetpack_featured_media_url":"https:\/\/progettotouring.it\/radiotouring104\/wp-content\/uploads\/sites\/6\/2023\/07\/vincenzo-vita-Circolo-Agora-Origine-Moti-Reggio.jpg","jetpack_sharing_enabled":true,"_links":{"self":[{"href":"https:\/\/progettotouring.it\/radiotouring104\/wp-json\/wp\/v2\/posts\/30402","targetHints":{"allow":["GET"]}}],"collection":[{"href":"https:\/\/progettotouring.it\/radiotouring104\/wp-json\/wp\/v2\/posts"}],"about":[{"href":"https:\/\/progettotouring.it\/radiotouring104\/wp-json\/wp\/v2\/types\/post"}],"author":[{"embeddable":true,"href":"https:\/\/progettotouring.it\/radiotouring104\/wp-json\/wp\/v2\/users\/12"}],"replies":[{"embeddable":true,"href":"https:\/\/progettotouring.it\/radiotouring104\/wp-json\/wp\/v2\/comments?post=30402"}],"version-history":[{"count":1,"href":"https:\/\/progettotouring.it\/radiotouring104\/wp-json\/wp\/v2\/posts\/30402\/revisions"}],"predecessor-version":[{"id":30405,"href":"https:\/\/progettotouring.it\/radiotouring104\/wp-json\/wp\/v2\/posts\/30402\/revisions\/30405"}],"wp:featuredmedia":[{"embeddable":true,"href":"https:\/\/progettotouring.it\/radiotouring104\/wp-json\/wp\/v2\/media\/30404"}],"wp:attachment":[{"href":"https:\/\/progettotouring.it\/radiotouring104\/wp-json\/wp\/v2\/media?parent=30402"}],"wp:term":[{"taxonomy":"category","embeddable":true,"href":"https:\/\/progettotouring.it\/radiotouring104\/wp-json\/wp\/v2\/categories?post=30402"},{"taxonomy":"post_tag","embeddable":true,"href":"https:\/\/progettotouring.it\/radiotouring104\/wp-json\/wp\/v2\/tags?post=30402"}],"curies":[{"name":"wp","href":"https:\/\/api.w.org\/{rel}","templated":true}]}}