{"id":30407,"date":"2023-07-17T12:18:08","date_gmt":"2023-07-17T10:18:08","guid":{"rendered":"https:\/\/progettotouring.it\/radiotouring104\/?p=30407"},"modified":"2023-07-17T12:18:08","modified_gmt":"2023-07-17T10:18:08","slug":"miss-italia-calabria-ha-incoronato-miss-citta-di-parenti","status":"publish","type":"post","link":"https:\/\/progettotouring.it\/radiotouring104\/2023\/07\/17\/miss-italia-calabria-ha-incoronato-miss-citta-di-parenti\/","title":{"rendered":"Miss Italia Calabria ha incoronato Miss citt\u00e0 di Parenti"},"content":{"rendered":"<p class=\"xmprfx_MsoNormal\" style=\"text-align: justify\"><span style=\"font-family: times new roman, serif\"><strong>A salire sul podio della quarta tappa di Miss Italia Calabria \u00e8 Francesca Mazzei,<\/strong> seguita dalle altre cinque finaliste:<strong> Jennifer Stella<\/strong> \u00e8\u00a0Miss Rocchetta Bellezza (seconda classificata),<strong> Anna Chiappetta<\/strong> \u00e8 Miss Framesi (terza classificata), <strong>Giulia Ongia<\/strong> \u00e8 la quarta classificata<strong>, Melissa Belmonte<\/strong> \u00e8 la quinta classificata, Elisa Novello \u00e8 la sesta classificata.<\/span><\/p>\n<p class=\"xmprfx_MsoNormal\" style=\"text-align: justify\"><span style=\"font-family: times new roman, serif\">Nella serata di <strong>ieri, Miss Italia Calabria ha fatto tappa a Parenti,<\/strong> un incantevole Comune immerso nel territorio montuoso della nostra Regione. Una localit\u00e0 rinomata per la sua straordinaria bellezza paesaggistica e l&#8217;atmosfera rurale che vi si respira. Parenti rappresenta il luogo ideale per gli amanti della natura e delle attivit\u00e0 all&#8217;aperto, poich\u00e9 offre numerose opportunit\u00e0 per escursioni, trekking e piacevoli passeggiate panoramiche lungo i sentieri che si snodano tra i boschi circostanti. La vista pittoresca di Parenti affascina i visitatori, in quanto \u00e8 possibile ammirare suggestivi scorci di un insieme architettonico variegato, dove la storia e la cultura si fondono con le caratteristiche naturali del territorio.\u00a0Uno sfondo unico per le selezioni del celebre contest nazionale che ha accolto numerose candidate provenienti da tutta la Regione.\u00a0<\/span><\/p>\n<p class=\"xmprfx_MsoNormal\" style=\"text-align: justify\"><span style=\"font-family: times new roman, serif\">Miss Italia Calabria non \u00e8 solo un concorso di bellezza, ma un&#8217;occasione per esaltare la cultura e le tradizioni locali che rendono la nostra terra un luogo apprezzato a livello internazionale. Ogni concorrente e ospite contribuisce ad esprimere l&#8217;autenticit\u00e0 e l&#8217;eccellenza calabresi, incarnando i valori e l&#8217;orgoglio della nostra Regione. La kermesse intende infatti valorizzare e promuovere il patrimonio culturale della Calabria, invitando sempre pi\u00f9 persone a scoprire la sua straordinaria bellezza e le sue peculiarit\u00e0. Un&#8217;iniziativa che abbraccia la missione di far brillare le stelle locali con tutta la loro eleganza, il loro talento e la loro personalit\u00e0 accrescendo cos\u00ec il prestigio e l&#8217;attenzione verso questa meravigliosa terra.<\/span><\/p>\n<p class=\"xmprfx_MsoNormal\" style=\"text-align: justify\"><span style=\"font-family: times new roman, serif\">La nuova stagione di Miss Italia Calabria \u00e8 un viaggio attraverso la gloriosa storia del concorso, ripercorrendo i momenti indimenticabili dal 1939 fino ai giorni nostri. Gli sketch teatrali, messi in scena dalle allieve della Carli Fashion Academy sotto la guida di Francesca Marchese e con testi scritti da Carola Cesario, hanno portato sul palco la magia di ogni epoca. Le coreografie, curate dal corpo di ballo e coreografate da Lia Molinaro, hanno aggiunto una nota di grazia e bellezza all&#8217;intero spettacolo. Il tutto \u00e8 stato coordinato con maestria dalla direttrice artistica Linda Suriano, esclusivista regionale di Miss Italia Calabria e titolare della Carli Fashion Agency.<\/span><\/p>\n<p class=\"xmprfx_MsoNormal\" style=\"text-align: justify\"><span style=\"font-family: times new roman, serif\">La serata di Miss Italia Calabria \u00e8 stata presentata con grande energia e carisma da Andrea De Iacovo e dalla stessa Linda Suriano, che hanno saputo intrattenere il pubblico in modo entusiasmante.<\/span><\/p>\n<p class=\"xmprfx_MsoNormal\" style=\"text-align: justify\"><span style=\"font-family: times new roman, serif\">Come consuetudine, anche in questa tappa, la musica ha contribuito ad offrire una magica atmosfera. Sul palcoscenico, il pubblico ha potuto apprezzare l&#8217;esibizione della cantante Karolis.<\/span><\/p>\n<p class=\"xmprfx_MsoNormal\" style=\"text-align: justify\"><span style=\"font-family: times new roman, serif\">Il sindaco del Comune di Parenti\u00a0Donatella Deposito\u00a0ha evidenziato che \u00abPer noi, ospitare un concorso di portata nazionale come Miss Italia \u00e8 un\u2019opportunit\u00e0 straordinaria perch\u00e9 ci d\u00e0 la possibilit\u00e0 di far vedere cosa pu\u00f2 offrire il nostro territorio. La piazza che ha ospitato la kermesse \u00e8 solo l\u2019ingresso del nostro meraviglioso paese. Per noi \u00e8 una bellissima vetrina. Fino ad oggi, sembrava un sogno ospitare una manifestazione del genere. Ringraziamo gli organizzatori per averci consentito di diventare un punto di riferimento per queste tappe. Alle aspiranti miss suggerisco di divertirsi e di vivere questa esperienza con tranquillit\u00e0 e gioia perch\u00e9 lascer\u00e0 loro un bellissimo ricordo\u00bb.<\/span><\/p>\n<p class=\"xmprfx_MsoNormal\" style=\"text-align: justify\"><span style=\"font-family: times new roman, serif\">A proclamare la vincitrice della quarta tappa di Miss Italia Calabria \u00e8 stata la giuria composta da:<strong>\u00a0Donatella Deposito\u00a0<\/strong>(sindaco del Comune di Parenti), <strong>Giuseppe Pirillo<\/strong> (in rappresentanza dell\u2019azienda Framesi), <strong>Sergio Minardi<\/strong> (Magma comunicazione), <strong>Mario Tosti<\/strong> (fotografo), <strong>Marco Tiesi<\/strong> (conduttore e speaker radiofonico), <strong>Franchino Perri<\/strong> (conduttore e speaker radiofonico), Elisa D\u2019Andrea (redattrice de \u201cIl Dot\u201d),<strong> Osvaldo Angotti, Francesco Altamura<\/strong> (imprenditore).<\/span><\/p>\n<p class=\"xmprfx_MsoNormal\" style=\"text-align: justify\"><span style=\"font-family: times new roman, serif\">A seguito dell\u2019incoronazione, <strong>Miss citt\u00e0 di Parenti ha confessato<\/strong>: <em>\u00abNon mi aspettavo questa vittoria. \u00c8 il secondo anno che salgo su questo palco perch\u00e9 in passato ho fatto parte del corpo di ballo. Si provano sempre emozioni bellissime sul palco di Miss Italia, soprattutto in questa doppia veste, da ballerina e da modella. Le ragazze sono tutte gentili. Sicuramente, non peser\u00e0 la competizione. Il mio sogno nel cassetto \u00e8 diventare una ballerina professionista e lavorare a contatto con i bambini\u00bb.<\/em><\/span><\/p>\n<p class=\"xmprfx_MsoNormal\" style=\"text-align: justify\"><span style=\"font-family: times new roman, serif\"><strong>Linda Suriano, <\/strong>esclusivista Miss Italia Calabria<strong>, ha sottolineato che:<\/strong> <em>\u00abL&#8217;entusiasmo \u00e8 tangibile tra le concorrenti. Ringraziamo la Regione Calabria in quanto l\u2019evento nella citt\u00e0 di Parenti \u00e8 stato finanziato tramite la legge regionale 13\/1985 e ringraziamo anche Calabria Straordinaria. La risposta delle aspiranti miss \u00e8 stata straordinaria, con numerose candidature pervenute. Tuttavia, c&#8217;\u00e8 ancora la possibilit\u00e0 di unirsi alle selezioni compilando l&#8217;apposito form sul sito di Miss Italia. L&#8217;invito \u00e8 rivolto a chiunque desideri mettersi in gioco e dimostrare il proprio talento e la propria personalit\u00e0. Ci tengo a fare un grande in bocca al lupo a tutte le aspiranti miss e un sentito ringraziamento a coloro che hanno deciso di supportare e ospitare questa imperdibile kermesse. La stagione \u00e8 appena iniziata, ma promette di essere indimenticabile\u00bb.<\/em><\/span><\/p>\n<p class=\"xmprfx_MsoNormal\">\n","protected":false},"excerpt":{"rendered":"<p>A salire sul podio della quarta tappa di Miss Italia Calabria \u00e8 Francesca Mazzei, seguita dalle altre cinque finaliste: Jennifer Stella \u00e8\u00a0Miss Rocchetta Bellezza (seconda classificata), Anna Chiappetta \u00e8 Miss&hellip;<\/p>\n","protected":false},"author":12,"featured_media":30408,"comment_status":"closed","ping_status":"open","sticky":false,"template":"","format":"standard","meta":{"_jetpack_memberships_contains_paid_content":false,"footnotes":"","jetpack_publicize_message":"","jetpack_publicize_feature_enabled":true,"jetpack_social_post_already_shared":false,"jetpack_social_options":{"image_generator_settings":{"template":"highway","default_image_id":0,"font":"","enabled":false},"version":2}},"categories":[142,921,196],"tags":[18889,16605,2341,15868],"class_list":["post-30407","post","type-post","status-publish","format-standard","has-post-thumbnail","hentry","category-calabria","category-home","category-news","tag-francesca-mazzei","tag-linda-suriano","tag-miss-italia-calabria","tag-parenti-cosenza"],"yoast_head":"<!-- This site is optimized with the Yoast SEO plugin v27.2 - https:\/\/yoast.com\/product\/yoast-seo-wordpress\/ -->\n<title>Miss Italia Calabria ha incoronato Miss citt\u00e0 di Parenti<\/title>\n<meta name=\"description\" content=\"Miss Italia Calabria ha fatto tappa a Parenti, Cosenza, per la quarta tappa a salire sul gradino pi\u00f9 alto del podio \u00e8 Francesca Mazzei\" \/>\n<meta name=\"robots\" content=\"index, follow, max-snippet:-1, max-image-preview:large, max-video-preview:-1\" \/>\n<link rel=\"canonical\" href=\"https:\/\/progettotouring.it\/radiotouring104\/2023\/07\/17\/miss-italia-calabria-ha-incoronato-miss-citta-di-parenti\/\" \/>\n<meta property=\"og:locale\" content=\"it_IT\" \/>\n<meta property=\"og:type\" content=\"article\" \/>\n<meta property=\"og:title\" content=\"Miss Italia Calabria ha incoronato Miss citt\u00e0 di Parenti\" \/>\n<meta property=\"og:description\" content=\"Miss Italia Calabria ha fatto tappa a Parenti, Cosenza, per la quarta tappa a salire sul gradino pi\u00f9 alto del podio \u00e8 Francesca Mazzei\" \/>\n<meta property=\"og:url\" content=\"https:\/\/progettotouring.it\/radiotouring104\/2023\/07\/17\/miss-italia-calabria-ha-incoronato-miss-citta-di-parenti\/\" \/>\n<meta property=\"og:site_name\" content=\"Radio Touring 104\" \/>\n<meta property=\"article:published_time\" content=\"2023-07-17T10:18:08+00:00\" \/>\n<meta property=\"og:image\" content=\"https:\/\/progettotouring.it\/radiotouring104\/wp-content\/uploads\/sites\/6\/2023\/07\/Miss-Italia-Calabria-ha-incoronato-Miss-citta-di-Parenti-Francesca-Mazzei-ph1.jpg\" \/>\n\t<meta property=\"og:image:width\" content=\"2225\" \/>\n\t<meta property=\"og:image:height\" content=\"1668\" \/>\n\t<meta property=\"og:image:type\" content=\"image\/jpeg\" \/>\n<meta name=\"author\" content=\"Sebastiano Plutino\" \/>\n<meta name=\"twitter:card\" content=\"summary_large_image\" \/>\n<meta name=\"twitter:label1\" content=\"Scritto da\" \/>\n\t<meta name=\"twitter:data1\" content=\"Sebastiano Plutino\" \/>\n\t<meta name=\"twitter:label2\" content=\"Tempo di lettura stimato\" \/>\n\t<meta name=\"twitter:data2\" content=\"4 minuti\" \/>\n<script type=\"application\/ld+json\" class=\"yoast-schema-graph\">{\"@context\":\"https:\/\/schema.org\",\"@graph\":[{\"@type\":\"Article\",\"@id\":\"https:\/\/progettotouring.it\/radiotouring104\/2023\/07\/17\/miss-italia-calabria-ha-incoronato-miss-citta-di-parenti\/#article\",\"isPartOf\":{\"@id\":\"https:\/\/progettotouring.it\/radiotouring104\/2023\/07\/17\/miss-italia-calabria-ha-incoronato-miss-citta-di-parenti\/\"},\"author\":{\"name\":\"Sebastiano Plutino\",\"@id\":\"https:\/\/progettotouring.it\/radiotouring104\/#\/schema\/person\/78613917f1851f041f7483f5af1d422e\"},\"headline\":\"Miss Italia Calabria ha incoronato Miss citt\u00e0 di Parenti\",\"datePublished\":\"2023-07-17T10:18:08+00:00\",\"mainEntityOfPage\":{\"@id\":\"https:\/\/progettotouring.it\/radiotouring104\/2023\/07\/17\/miss-italia-calabria-ha-incoronato-miss-citta-di-parenti\/\"},\"wordCount\":816,\"publisher\":{\"@id\":\"https:\/\/progettotouring.it\/radiotouring104\/#organization\"},\"image\":{\"@id\":\"https:\/\/progettotouring.it\/radiotouring104\/2023\/07\/17\/miss-italia-calabria-ha-incoronato-miss-citta-di-parenti\/#primaryimage\"},\"thumbnailUrl\":\"https:\/\/progettotouring.it\/radiotouring104\/wp-content\/uploads\/sites\/6\/2023\/07\/Miss-Italia-Calabria-ha-incoronato-Miss-citta-di-Parenti-Francesca-Mazzei-ph1.jpg\",\"keywords\":[\"Francesca Mazzei\",\"Linda Suriano\",\"Miss Italia Calabria\",\"Parenti\u00a0(Cosenza)\"],\"articleSection\":[\"Calabria\",\"Home\",\"News\"],\"inLanguage\":\"it-IT\"},{\"@type\":\"WebPage\",\"@id\":\"https:\/\/progettotouring.it\/radiotouring104\/2023\/07\/17\/miss-italia-calabria-ha-incoronato-miss-citta-di-parenti\/\",\"url\":\"https:\/\/progettotouring.it\/radiotouring104\/2023\/07\/17\/miss-italia-calabria-ha-incoronato-miss-citta-di-parenti\/\",\"name\":\"Miss Italia Calabria ha incoronato Miss citt\u00e0 di Parenti\",\"isPartOf\":{\"@id\":\"https:\/\/progettotouring.it\/radiotouring104\/#website\"},\"primaryImageOfPage\":{\"@id\":\"https:\/\/progettotouring.it\/radiotouring104\/2023\/07\/17\/miss-italia-calabria-ha-incoronato-miss-citta-di-parenti\/#primaryimage\"},\"image\":{\"@id\":\"https:\/\/progettotouring.it\/radiotouring104\/2023\/07\/17\/miss-italia-calabria-ha-incoronato-miss-citta-di-parenti\/#primaryimage\"},\"thumbnailUrl\":\"https:\/\/progettotouring.it\/radiotouring104\/wp-content\/uploads\/sites\/6\/2023\/07\/Miss-Italia-Calabria-ha-incoronato-Miss-citta-di-Parenti-Francesca-Mazzei-ph1.jpg\",\"datePublished\":\"2023-07-17T10:18:08+00:00\",\"description\":\"Miss Italia Calabria ha fatto tappa a Parenti, Cosenza, per la quarta tappa a salire sul gradino pi\u00f9 alto del podio \u00e8 Francesca Mazzei\",\"breadcrumb\":{\"@id\":\"https:\/\/progettotouring.it\/radiotouring104\/2023\/07\/17\/miss-italia-calabria-ha-incoronato-miss-citta-di-parenti\/#breadcrumb\"},\"inLanguage\":\"it-IT\",\"potentialAction\":[{\"@type\":\"ReadAction\",\"target\":[\"https:\/\/progettotouring.it\/radiotouring104\/2023\/07\/17\/miss-italia-calabria-ha-incoronato-miss-citta-di-parenti\/\"]}]},{\"@type\":\"ImageObject\",\"inLanguage\":\"it-IT\",\"@id\":\"https:\/\/progettotouring.it\/radiotouring104\/2023\/07\/17\/miss-italia-calabria-ha-incoronato-miss-citta-di-parenti\/#primaryimage\",\"url\":\"https:\/\/progettotouring.it\/radiotouring104\/wp-content\/uploads\/sites\/6\/2023\/07\/Miss-Italia-Calabria-ha-incoronato-Miss-citta-di-Parenti-Francesca-Mazzei-ph1.jpg\",\"contentUrl\":\"https:\/\/progettotouring.it\/radiotouring104\/wp-content\/uploads\/sites\/6\/2023\/07\/Miss-Italia-Calabria-ha-incoronato-Miss-citta-di-Parenti-Francesca-Mazzei-ph1.jpg\",\"width\":2225,\"height\":1668},{\"@type\":\"BreadcrumbList\",\"@id\":\"https:\/\/progettotouring.it\/radiotouring104\/2023\/07\/17\/miss-italia-calabria-ha-incoronato-miss-citta-di-parenti\/#breadcrumb\",\"itemListElement\":[{\"@type\":\"ListItem\",\"position\":1,\"name\":\"Home\",\"item\":\"https:\/\/progettotouring.it\/radiotouring104\/\"},{\"@type\":\"ListItem\",\"position\":2,\"name\":\"Miss Italia Calabria ha incoronato Miss citt\u00e0 di Parenti\"}]},{\"@type\":\"WebSite\",\"@id\":\"https:\/\/progettotouring.it\/radiotouring104\/#website\",\"url\":\"https:\/\/progettotouring.it\/radiotouring104\/\",\"name\":\"Radio Touring 104\",\"description\":\"La prima radio Reggina\",\"publisher\":{\"@id\":\"https:\/\/progettotouring.it\/radiotouring104\/#organization\"},\"potentialAction\":[{\"@type\":\"SearchAction\",\"target\":{\"@type\":\"EntryPoint\",\"urlTemplate\":\"https:\/\/progettotouring.it\/radiotouring104\/?s={search_term_string}\"},\"query-input\":{\"@type\":\"PropertyValueSpecification\",\"valueRequired\":true,\"valueName\":\"search_term_string\"}}],\"inLanguage\":\"it-IT\"},{\"@type\":\"Organization\",\"@id\":\"https:\/\/progettotouring.it\/radiotouring104\/#organization\",\"name\":\"Radio Touring 104\",\"url\":\"https:\/\/progettotouring.it\/radiotouring104\/\",\"logo\":{\"@type\":\"ImageObject\",\"inLanguage\":\"it-IT\",\"@id\":\"https:\/\/progettotouring.it\/radiotouring104\/#\/schema\/logo\/image\/\",\"url\":\"https:\/\/progettotouring.it\/radiotouring104\/wp-content\/uploads\/sites\/6\/2022\/02\/cropped-logo-radio-touring-104.png\",\"contentUrl\":\"https:\/\/progettotouring.it\/radiotouring104\/wp-content\/uploads\/sites\/6\/2022\/02\/cropped-logo-radio-touring-104.png\",\"width\":377,\"height\":182,\"caption\":\"Radio Touring 104\"},\"image\":{\"@id\":\"https:\/\/progettotouring.it\/radiotouring104\/#\/schema\/logo\/image\/\"}},{\"@type\":\"Person\",\"@id\":\"https:\/\/progettotouring.it\/radiotouring104\/#\/schema\/person\/78613917f1851f041f7483f5af1d422e\",\"name\":\"Sebastiano Plutino\",\"image\":{\"@type\":\"ImageObject\",\"inLanguage\":\"it-IT\",\"@id\":\"https:\/\/secure.gravatar.com\/avatar\/0546ffaa9b79224faf9f2a156b67a529ae861d3287c66c1d8ccfdf909bcba78d?s=96&d=mm&r=g\",\"url\":\"https:\/\/secure.gravatar.com\/avatar\/0546ffaa9b79224faf9f2a156b67a529ae861d3287c66c1d8ccfdf909bcba78d?s=96&d=mm&r=g\",\"contentUrl\":\"https:\/\/secure.gravatar.com\/avatar\/0546ffaa9b79224faf9f2a156b67a529ae861d3287c66c1d8ccfdf909bcba78d?s=96&d=mm&r=g\",\"caption\":\"Sebastiano Plutino\"},\"url\":\"https:\/\/progettotouring.it\/radiotouring104\/author\/sebastiano\/\"}]}<\/script>\n<!-- \/ Yoast SEO plugin. -->","yoast_head_json":{"title":"Miss Italia Calabria ha incoronato Miss citt\u00e0 di Parenti","description":"Miss Italia Calabria ha fatto tappa a Parenti, Cosenza, per la quarta tappa a salire sul gradino pi\u00f9 alto del podio \u00e8 Francesca Mazzei","robots":{"index":"index","follow":"follow","max-snippet":"max-snippet:-1","max-image-preview":"max-image-preview:large","max-video-preview":"max-video-preview:-1"},"canonical":"https:\/\/progettotouring.it\/radiotouring104\/2023\/07\/17\/miss-italia-calabria-ha-incoronato-miss-citta-di-parenti\/","og_locale":"it_IT","og_type":"article","og_title":"Miss Italia Calabria ha incoronato Miss citt\u00e0 di Parenti","og_description":"Miss Italia Calabria ha fatto tappa a Parenti, Cosenza, per la quarta tappa a salire sul gradino pi\u00f9 alto del podio \u00e8 Francesca Mazzei","og_url":"https:\/\/progettotouring.it\/radiotouring104\/2023\/07\/17\/miss-italia-calabria-ha-incoronato-miss-citta-di-parenti\/","og_site_name":"Radio Touring 104","article_published_time":"2023-07-17T10:18:08+00:00","og_image":[{"width":2225,"height":1668,"url":"https:\/\/progettotouring.it\/radiotouring104\/wp-content\/uploads\/sites\/6\/2023\/07\/Miss-Italia-Calabria-ha-incoronato-Miss-citta-di-Parenti-Francesca-Mazzei-ph1.jpg","type":"image\/jpeg"}],"author":"Sebastiano Plutino","twitter_card":"summary_large_image","twitter_misc":{"Scritto da":"Sebastiano Plutino","Tempo di lettura stimato":"4 minuti"},"schema":{"@context":"https:\/\/schema.org","@graph":[{"@type":"Article","@id":"https:\/\/progettotouring.it\/radiotouring104\/2023\/07\/17\/miss-italia-calabria-ha-incoronato-miss-citta-di-parenti\/#article","isPartOf":{"@id":"https:\/\/progettotouring.it\/radiotouring104\/2023\/07\/17\/miss-italia-calabria-ha-incoronato-miss-citta-di-parenti\/"},"author":{"name":"Sebastiano Plutino","@id":"https:\/\/progettotouring.it\/radiotouring104\/#\/schema\/person\/78613917f1851f041f7483f5af1d422e"},"headline":"Miss Italia Calabria ha incoronato Miss citt\u00e0 di Parenti","datePublished":"2023-07-17T10:18:08+00:00","mainEntityOfPage":{"@id":"https:\/\/progettotouring.it\/radiotouring104\/2023\/07\/17\/miss-italia-calabria-ha-incoronato-miss-citta-di-parenti\/"},"wordCount":816,"publisher":{"@id":"https:\/\/progettotouring.it\/radiotouring104\/#organization"},"image":{"@id":"https:\/\/progettotouring.it\/radiotouring104\/2023\/07\/17\/miss-italia-calabria-ha-incoronato-miss-citta-di-parenti\/#primaryimage"},"thumbnailUrl":"https:\/\/progettotouring.it\/radiotouring104\/wp-content\/uploads\/sites\/6\/2023\/07\/Miss-Italia-Calabria-ha-incoronato-Miss-citta-di-Parenti-Francesca-Mazzei-ph1.jpg","keywords":["Francesca Mazzei","Linda Suriano","Miss Italia Calabria","Parenti\u00a0(Cosenza)"],"articleSection":["Calabria","Home","News"],"inLanguage":"it-IT"},{"@type":"WebPage","@id":"https:\/\/progettotouring.it\/radiotouring104\/2023\/07\/17\/miss-italia-calabria-ha-incoronato-miss-citta-di-parenti\/","url":"https:\/\/progettotouring.it\/radiotouring104\/2023\/07\/17\/miss-italia-calabria-ha-incoronato-miss-citta-di-parenti\/","name":"Miss Italia Calabria ha incoronato Miss citt\u00e0 di Parenti","isPartOf":{"@id":"https:\/\/progettotouring.it\/radiotouring104\/#website"},"primaryImageOfPage":{"@id":"https:\/\/progettotouring.it\/radiotouring104\/2023\/07\/17\/miss-italia-calabria-ha-incoronato-miss-citta-di-parenti\/#primaryimage"},"image":{"@id":"https:\/\/progettotouring.it\/radiotouring104\/2023\/07\/17\/miss-italia-calabria-ha-incoronato-miss-citta-di-parenti\/#primaryimage"},"thumbnailUrl":"https:\/\/progettotouring.it\/radiotouring104\/wp-content\/uploads\/sites\/6\/2023\/07\/Miss-Italia-Calabria-ha-incoronato-Miss-citta-di-Parenti-Francesca-Mazzei-ph1.jpg","datePublished":"2023-07-17T10:18:08+00:00","description":"Miss Italia Calabria ha fatto tappa a Parenti, Cosenza, per la quarta tappa a salire sul gradino pi\u00f9 alto del podio \u00e8 Francesca Mazzei","breadcrumb":{"@id":"https:\/\/progettotouring.it\/radiotouring104\/2023\/07\/17\/miss-italia-calabria-ha-incoronato-miss-citta-di-parenti\/#breadcrumb"},"inLanguage":"it-IT","potentialAction":[{"@type":"ReadAction","target":["https:\/\/progettotouring.it\/radiotouring104\/2023\/07\/17\/miss-italia-calabria-ha-incoronato-miss-citta-di-parenti\/"]}]},{"@type":"ImageObject","inLanguage":"it-IT","@id":"https:\/\/progettotouring.it\/radiotouring104\/2023\/07\/17\/miss-italia-calabria-ha-incoronato-miss-citta-di-parenti\/#primaryimage","url":"https:\/\/progettotouring.it\/radiotouring104\/wp-content\/uploads\/sites\/6\/2023\/07\/Miss-Italia-Calabria-ha-incoronato-Miss-citta-di-Parenti-Francesca-Mazzei-ph1.jpg","contentUrl":"https:\/\/progettotouring.it\/radiotouring104\/wp-content\/uploads\/sites\/6\/2023\/07\/Miss-Italia-Calabria-ha-incoronato-Miss-citta-di-Parenti-Francesca-Mazzei-ph1.jpg","width":2225,"height":1668},{"@type":"BreadcrumbList","@id":"https:\/\/progettotouring.it\/radiotouring104\/2023\/07\/17\/miss-italia-calabria-ha-incoronato-miss-citta-di-parenti\/#breadcrumb","itemListElement":[{"@type":"ListItem","position":1,"name":"Home","item":"https:\/\/progettotouring.it\/radiotouring104\/"},{"@type":"ListItem","position":2,"name":"Miss Italia Calabria ha incoronato Miss citt\u00e0 di Parenti"}]},{"@type":"WebSite","@id":"https:\/\/progettotouring.it\/radiotouring104\/#website","url":"https:\/\/progettotouring.it\/radiotouring104\/","name":"Radio Touring 104","description":"La prima radio Reggina","publisher":{"@id":"https:\/\/progettotouring.it\/radiotouring104\/#organization"},"potentialAction":[{"@type":"SearchAction","target":{"@type":"EntryPoint","urlTemplate":"https:\/\/progettotouring.it\/radiotouring104\/?s={search_term_string}"},"query-input":{"@type":"PropertyValueSpecification","valueRequired":true,"valueName":"search_term_string"}}],"inLanguage":"it-IT"},{"@type":"Organization","@id":"https:\/\/progettotouring.it\/radiotouring104\/#organization","name":"Radio Touring 104","url":"https:\/\/progettotouring.it\/radiotouring104\/","logo":{"@type":"ImageObject","inLanguage":"it-IT","@id":"https:\/\/progettotouring.it\/radiotouring104\/#\/schema\/logo\/image\/","url":"https:\/\/progettotouring.it\/radiotouring104\/wp-content\/uploads\/sites\/6\/2022\/02\/cropped-logo-radio-touring-104.png","contentUrl":"https:\/\/progettotouring.it\/radiotouring104\/wp-content\/uploads\/sites\/6\/2022\/02\/cropped-logo-radio-touring-104.png","width":377,"height":182,"caption":"Radio Touring 104"},"image":{"@id":"https:\/\/progettotouring.it\/radiotouring104\/#\/schema\/logo\/image\/"}},{"@type":"Person","@id":"https:\/\/progettotouring.it\/radiotouring104\/#\/schema\/person\/78613917f1851f041f7483f5af1d422e","name":"Sebastiano Plutino","image":{"@type":"ImageObject","inLanguage":"it-IT","@id":"https:\/\/secure.gravatar.com\/avatar\/0546ffaa9b79224faf9f2a156b67a529ae861d3287c66c1d8ccfdf909bcba78d?s=96&d=mm&r=g","url":"https:\/\/secure.gravatar.com\/avatar\/0546ffaa9b79224faf9f2a156b67a529ae861d3287c66c1d8ccfdf909bcba78d?s=96&d=mm&r=g","contentUrl":"https:\/\/secure.gravatar.com\/avatar\/0546ffaa9b79224faf9f2a156b67a529ae861d3287c66c1d8ccfdf909bcba78d?s=96&d=mm&r=g","caption":"Sebastiano Plutino"},"url":"https:\/\/progettotouring.it\/radiotouring104\/author\/sebastiano\/"}]}},"jetpack_publicize_connections":[],"jetpack_featured_media_url":"https:\/\/progettotouring.it\/radiotouring104\/wp-content\/uploads\/sites\/6\/2023\/07\/Miss-Italia-Calabria-ha-incoronato-Miss-citta-di-Parenti-Francesca-Mazzei-ph1.jpg","jetpack_sharing_enabled":true,"_links":{"self":[{"href":"https:\/\/progettotouring.it\/radiotouring104\/wp-json\/wp\/v2\/posts\/30407","targetHints":{"allow":["GET"]}}],"collection":[{"href":"https:\/\/progettotouring.it\/radiotouring104\/wp-json\/wp\/v2\/posts"}],"about":[{"href":"https:\/\/progettotouring.it\/radiotouring104\/wp-json\/wp\/v2\/types\/post"}],"author":[{"embeddable":true,"href":"https:\/\/progettotouring.it\/radiotouring104\/wp-json\/wp\/v2\/users\/12"}],"replies":[{"embeddable":true,"href":"https:\/\/progettotouring.it\/radiotouring104\/wp-json\/wp\/v2\/comments?post=30407"}],"version-history":[{"count":1,"href":"https:\/\/progettotouring.it\/radiotouring104\/wp-json\/wp\/v2\/posts\/30407\/revisions"}],"predecessor-version":[{"id":30409,"href":"https:\/\/progettotouring.it\/radiotouring104\/wp-json\/wp\/v2\/posts\/30407\/revisions\/30409"}],"wp:featuredmedia":[{"embeddable":true,"href":"https:\/\/progettotouring.it\/radiotouring104\/wp-json\/wp\/v2\/media\/30408"}],"wp:attachment":[{"href":"https:\/\/progettotouring.it\/radiotouring104\/wp-json\/wp\/v2\/media?parent=30407"}],"wp:term":[{"taxonomy":"category","embeddable":true,"href":"https:\/\/progettotouring.it\/radiotouring104\/wp-json\/wp\/v2\/categories?post=30407"},{"taxonomy":"post_tag","embeddable":true,"href":"https:\/\/progettotouring.it\/radiotouring104\/wp-json\/wp\/v2\/tags?post=30407"}],"curies":[{"name":"wp","href":"https:\/\/api.w.org\/{rel}","templated":true}]}}