{"id":30412,"date":"2023-07-17T12:41:56","date_gmt":"2023-07-17T10:41:56","guid":{"rendered":"https:\/\/progettotouring.it\/radiotouring104\/?p=30412"},"modified":"2023-07-17T12:41:56","modified_gmt":"2023-07-17T10:41:56","slug":"scuola-irto-ddl-pd-contro-analfabetismo-funzionale","status":"publish","type":"post","link":"https:\/\/progettotouring.it\/radiotouring104\/2023\/07\/17\/scuola-irto-ddl-pd-contro-analfabetismo-funzionale\/","title":{"rendered":"Scuola, Irto: &#8220;Ddl Pd contro analfabetismo funzionale&#8221;"},"content":{"rendered":"<p>A Palazzo Madama \u00e8 stato depositato un disegno di legge di iniziativa del senatore Nicola Irto, &#8220;<em>volto<\/em> &#8211; <strong>spiega lo stesso parlamentare &#8211;<\/strong><em> a promuovere la lettura in et\u00e0 prescolare, dunque a contrastare sin dall&#8217;infanzia fenomeni di analfabetismo, dispersione scolastica e condizionamento psicologico tramite contenuti del web&#8221;<\/em>. L&#8217;articolato, <strong>sottoscritto anche<\/strong> dai senatori <strong>Cecilia D&#8217;Elia, Andrea Crisanti, Vincenza Rando e Francesco Verducci,<\/strong> componenti dem della commissione Cultura, prevede una serie di interventi per favorire e incentivare la lettura da parte dei bambini, anche come alternativa all&#8217;utilizzo continuativo dei dispositivi elettronici. Si va, infatti, dalla possibilit\u00e0 di realizzare piccole biblioteche negli asili nido e nelle scuole dell&#8217;obbligo a quella di creare spazi di lettura negli studi pediatrici, nei reparti o negli ambulatori degli ospedali, nei consultori e nei centri vaccinali. In pi\u00f9, la proposta di legge in argomento contempla la redazione di un apposito Piano triennale e l&#8217;istituzione, presso il ministero della Cultura, di un Tavolo ad hoc<em>. &#8220;Gli interventi legislativi a sostegno dei minori e dello sviluppo culturale<\/em> <strong>&#8211; spiega Irto,<\/strong> che \u00e8 anche segretario dei dem calabresi &#8211;<em> sono sempre i pi\u00f9 utili ma i meno considerati nel contesto attuale, che tende a produrre ignoranza e subalternit\u00e0 invece che conoscenza e autonomia di giudizio. Nel 2020 la Calabria aveva raggiunto il primo posto in Italia per tasso di analfabetismo, anche funzionale. Bisognava dunque individuare una buona soluzione per superare gli ostacoli alla crescita culturale dei bambini, spesso dipendenti dalla loro condizione economica e sociale. Se il centrodestra vuol dividere il Paese con l&#8217;autonomia differenziata, il Partito democratico &#8211; conclude Irto &#8211; intende unire l&#8217;Italia con l&#8217;istruzione, la conoscenza e la cultura, che sono le basi della libert\u00e0, della solidariet\u00e0, della democrazia e del futuro&#8221;<\/em>. (ANSA).<\/p>\n","protected":false},"excerpt":{"rendered":"<p>A Palazzo Madama \u00e8 stato depositato un disegno di legge di iniziativa del senatore Nicola Irto, &#8220;volto &#8211; spiega lo stesso parlamentare &#8211; a promuovere la lettura in et\u00e0 prescolare,&hellip;<\/p>\n","protected":false},"author":12,"featured_media":0,"comment_status":"closed","ping_status":"open","sticky":false,"template":"","format":"standard","meta":{"_jetpack_memberships_contains_paid_content":false,"footnotes":"","jetpack_publicize_message":"","jetpack_publicize_feature_enabled":true,"jetpack_social_post_already_shared":false,"jetpack_social_options":{"image_generator_settings":{"template":"highway","default_image_id":0,"font":"","enabled":false},"version":2}},"categories":[142,921,4303,196],"tags":[18895,18896,18893,18892,18898,3304,18894,3208,18897],"class_list":["post-30412","post","type-post","status-publish","format-standard","hentry","category-calabria","category-home","category-istruzione","category-news","tag-andrea-crisanti","tag-cecilia-delia","tag-contrasto-analfabetismo-funzionale","tag-ddl-istruzione","tag-francesco-verducci","tag-nicola-irto","tag-palazzo-madama","tag-partito-democratico","tag-vincenza-rando"],"yoast_head":"<!-- This site is optimized with the Yoast SEO plugin v27.2 - https:\/\/yoast.com\/product\/yoast-seo-wordpress\/ -->\n<title>Scuola, Irto: &quot;Ddl Pd contro analfabetismo funzionale&quot;<\/title>\n<meta name=\"description\" content=\"Il senatore Nicola Irto ha depositato una di proposta di legge A Palazzo Madama per contrastare l&#039;analfabetismo funzionale\" \/>\n<meta name=\"robots\" content=\"index, follow, max-snippet:-1, max-image-preview:large, max-video-preview:-1\" \/>\n<link rel=\"canonical\" href=\"https:\/\/progettotouring.it\/radiotouring104\/2023\/07\/17\/scuola-irto-ddl-pd-contro-analfabetismo-funzionale\/\" \/>\n<meta property=\"og:locale\" content=\"it_IT\" \/>\n<meta property=\"og:type\" content=\"article\" \/>\n<meta property=\"og:title\" content=\"Scuola, Irto: &quot;Ddl Pd contro analfabetismo funzionale&quot;\" \/>\n<meta property=\"og:description\" content=\"Il senatore Nicola Irto ha depositato una di proposta di legge A Palazzo Madama per contrastare l&#039;analfabetismo funzionale\" \/>\n<meta property=\"og:url\" content=\"https:\/\/progettotouring.it\/radiotouring104\/2023\/07\/17\/scuola-irto-ddl-pd-contro-analfabetismo-funzionale\/\" \/>\n<meta property=\"og:site_name\" content=\"Radio Touring 104\" \/>\n<meta property=\"article:published_time\" content=\"2023-07-17T10:41:56+00:00\" \/>\n<meta property=\"og:image\" content=\"https:\/\/progettotouring.it\/radiotouring104\/wp-content\/uploads\/sites\/6\/2022\/04\/80477792_3217818498233726_5903550934830546944_n.jpg\" \/>\n\t<meta property=\"og:image:width\" content=\"678\" \/>\n\t<meta property=\"og:image:height\" content=\"679\" \/>\n\t<meta property=\"og:image:type\" content=\"image\/jpeg\" \/>\n<meta name=\"author\" content=\"Sebastiano Plutino\" \/>\n<meta name=\"twitter:card\" content=\"summary_large_image\" \/>\n<meta name=\"twitter:label1\" content=\"Scritto da\" \/>\n\t<meta name=\"twitter:data1\" content=\"Sebastiano Plutino\" \/>\n\t<meta name=\"twitter:label2\" content=\"Tempo di lettura stimato\" \/>\n\t<meta name=\"twitter:data2\" content=\"1 minuto\" \/>\n<script type=\"application\/ld+json\" class=\"yoast-schema-graph\">{\"@context\":\"https:\/\/schema.org\",\"@graph\":[{\"@type\":\"Article\",\"@id\":\"https:\/\/progettotouring.it\/radiotouring104\/2023\/07\/17\/scuola-irto-ddl-pd-contro-analfabetismo-funzionale\/#article\",\"isPartOf\":{\"@id\":\"https:\/\/progettotouring.it\/radiotouring104\/2023\/07\/17\/scuola-irto-ddl-pd-contro-analfabetismo-funzionale\/\"},\"author\":{\"name\":\"Sebastiano Plutino\",\"@id\":\"https:\/\/progettotouring.it\/radiotouring104\/#\/schema\/person\/78613917f1851f041f7483f5af1d422e\"},\"headline\":\"Scuola, Irto: &#8220;Ddl Pd contro analfabetismo funzionale&#8221;\",\"datePublished\":\"2023-07-17T10:41:56+00:00\",\"mainEntityOfPage\":{\"@id\":\"https:\/\/progettotouring.it\/radiotouring104\/2023\/07\/17\/scuola-irto-ddl-pd-contro-analfabetismo-funzionale\/\"},\"wordCount\":289,\"publisher\":{\"@id\":\"https:\/\/progettotouring.it\/radiotouring104\/#organization\"},\"keywords\":[\"Andrea Crisanti\",\"Cecilia D'Elia\",\"contrasto analfabetismo funzionale\",\"ddl istruzione\",\"Francesco Verducci\",\"Nicola Irto\",\"Palazzo Madama\",\"Partito Democratico\",\"Vincenza Rando\"],\"articleSection\":[\"Calabria\",\"Home\",\"Istruzione\",\"News\"],\"inLanguage\":\"it-IT\"},{\"@type\":\"WebPage\",\"@id\":\"https:\/\/progettotouring.it\/radiotouring104\/2023\/07\/17\/scuola-irto-ddl-pd-contro-analfabetismo-funzionale\/\",\"url\":\"https:\/\/progettotouring.it\/radiotouring104\/2023\/07\/17\/scuola-irto-ddl-pd-contro-analfabetismo-funzionale\/\",\"name\":\"Scuola, Irto: \\\"Ddl Pd contro analfabetismo funzionale\\\"\",\"isPartOf\":{\"@id\":\"https:\/\/progettotouring.it\/radiotouring104\/#website\"},\"datePublished\":\"2023-07-17T10:41:56+00:00\",\"description\":\"Il senatore Nicola Irto ha depositato una di proposta di legge A Palazzo Madama per contrastare l'analfabetismo funzionale\",\"breadcrumb\":{\"@id\":\"https:\/\/progettotouring.it\/radiotouring104\/2023\/07\/17\/scuola-irto-ddl-pd-contro-analfabetismo-funzionale\/#breadcrumb\"},\"inLanguage\":\"it-IT\",\"potentialAction\":[{\"@type\":\"ReadAction\",\"target\":[\"https:\/\/progettotouring.it\/radiotouring104\/2023\/07\/17\/scuola-irto-ddl-pd-contro-analfabetismo-funzionale\/\"]}]},{\"@type\":\"BreadcrumbList\",\"@id\":\"https:\/\/progettotouring.it\/radiotouring104\/2023\/07\/17\/scuola-irto-ddl-pd-contro-analfabetismo-funzionale\/#breadcrumb\",\"itemListElement\":[{\"@type\":\"ListItem\",\"position\":1,\"name\":\"Home\",\"item\":\"https:\/\/progettotouring.it\/radiotouring104\/\"},{\"@type\":\"ListItem\",\"position\":2,\"name\":\"Scuola, Irto: &#8220;Ddl Pd contro analfabetismo funzionale&#8221;\"}]},{\"@type\":\"WebSite\",\"@id\":\"https:\/\/progettotouring.it\/radiotouring104\/#website\",\"url\":\"https:\/\/progettotouring.it\/radiotouring104\/\",\"name\":\"Radio Touring 104\",\"description\":\"La prima radio Reggina\",\"publisher\":{\"@id\":\"https:\/\/progettotouring.it\/radiotouring104\/#organization\"},\"potentialAction\":[{\"@type\":\"SearchAction\",\"target\":{\"@type\":\"EntryPoint\",\"urlTemplate\":\"https:\/\/progettotouring.it\/radiotouring104\/?s={search_term_string}\"},\"query-input\":{\"@type\":\"PropertyValueSpecification\",\"valueRequired\":true,\"valueName\":\"search_term_string\"}}],\"inLanguage\":\"it-IT\"},{\"@type\":\"Organization\",\"@id\":\"https:\/\/progettotouring.it\/radiotouring104\/#organization\",\"name\":\"Radio Touring 104\",\"url\":\"https:\/\/progettotouring.it\/radiotouring104\/\",\"logo\":{\"@type\":\"ImageObject\",\"inLanguage\":\"it-IT\",\"@id\":\"https:\/\/progettotouring.it\/radiotouring104\/#\/schema\/logo\/image\/\",\"url\":\"https:\/\/progettotouring.it\/radiotouring104\/wp-content\/uploads\/sites\/6\/2022\/02\/cropped-logo-radio-touring-104.png\",\"contentUrl\":\"https:\/\/progettotouring.it\/radiotouring104\/wp-content\/uploads\/sites\/6\/2022\/02\/cropped-logo-radio-touring-104.png\",\"width\":377,\"height\":182,\"caption\":\"Radio Touring 104\"},\"image\":{\"@id\":\"https:\/\/progettotouring.it\/radiotouring104\/#\/schema\/logo\/image\/\"}},{\"@type\":\"Person\",\"@id\":\"https:\/\/progettotouring.it\/radiotouring104\/#\/schema\/person\/78613917f1851f041f7483f5af1d422e\",\"name\":\"Sebastiano Plutino\",\"image\":{\"@type\":\"ImageObject\",\"inLanguage\":\"it-IT\",\"@id\":\"https:\/\/secure.gravatar.com\/avatar\/0546ffaa9b79224faf9f2a156b67a529ae861d3287c66c1d8ccfdf909bcba78d?s=96&d=mm&r=g\",\"url\":\"https:\/\/secure.gravatar.com\/avatar\/0546ffaa9b79224faf9f2a156b67a529ae861d3287c66c1d8ccfdf909bcba78d?s=96&d=mm&r=g\",\"contentUrl\":\"https:\/\/secure.gravatar.com\/avatar\/0546ffaa9b79224faf9f2a156b67a529ae861d3287c66c1d8ccfdf909bcba78d?s=96&d=mm&r=g\",\"caption\":\"Sebastiano Plutino\"},\"url\":\"https:\/\/progettotouring.it\/radiotouring104\/author\/sebastiano\/\"}]}<\/script>\n<!-- \/ Yoast SEO plugin. -->","yoast_head_json":{"title":"Scuola, Irto: \"Ddl Pd contro analfabetismo funzionale\"","description":"Il senatore Nicola Irto ha depositato una di proposta di legge A Palazzo Madama per contrastare l'analfabetismo funzionale","robots":{"index":"index","follow":"follow","max-snippet":"max-snippet:-1","max-image-preview":"max-image-preview:large","max-video-preview":"max-video-preview:-1"},"canonical":"https:\/\/progettotouring.it\/radiotouring104\/2023\/07\/17\/scuola-irto-ddl-pd-contro-analfabetismo-funzionale\/","og_locale":"it_IT","og_type":"article","og_title":"Scuola, Irto: \"Ddl Pd contro analfabetismo funzionale\"","og_description":"Il senatore Nicola Irto ha depositato una di proposta di legge A Palazzo Madama per contrastare l'analfabetismo funzionale","og_url":"https:\/\/progettotouring.it\/radiotouring104\/2023\/07\/17\/scuola-irto-ddl-pd-contro-analfabetismo-funzionale\/","og_site_name":"Radio Touring 104","article_published_time":"2023-07-17T10:41:56+00:00","og_image":[{"width":678,"height":679,"url":"https:\/\/progettotouring.it\/radiotouring104\/wp-content\/uploads\/sites\/6\/2022\/04\/80477792_3217818498233726_5903550934830546944_n.jpg","type":"image\/jpeg"}],"author":"Sebastiano Plutino","twitter_card":"summary_large_image","twitter_misc":{"Scritto da":"Sebastiano Plutino","Tempo di lettura stimato":"1 minuto"},"schema":{"@context":"https:\/\/schema.org","@graph":[{"@type":"Article","@id":"https:\/\/progettotouring.it\/radiotouring104\/2023\/07\/17\/scuola-irto-ddl-pd-contro-analfabetismo-funzionale\/#article","isPartOf":{"@id":"https:\/\/progettotouring.it\/radiotouring104\/2023\/07\/17\/scuola-irto-ddl-pd-contro-analfabetismo-funzionale\/"},"author":{"name":"Sebastiano Plutino","@id":"https:\/\/progettotouring.it\/radiotouring104\/#\/schema\/person\/78613917f1851f041f7483f5af1d422e"},"headline":"Scuola, Irto: &#8220;Ddl Pd contro analfabetismo funzionale&#8221;","datePublished":"2023-07-17T10:41:56+00:00","mainEntityOfPage":{"@id":"https:\/\/progettotouring.it\/radiotouring104\/2023\/07\/17\/scuola-irto-ddl-pd-contro-analfabetismo-funzionale\/"},"wordCount":289,"publisher":{"@id":"https:\/\/progettotouring.it\/radiotouring104\/#organization"},"keywords":["Andrea Crisanti","Cecilia D'Elia","contrasto analfabetismo funzionale","ddl istruzione","Francesco Verducci","Nicola Irto","Palazzo Madama","Partito Democratico","Vincenza Rando"],"articleSection":["Calabria","Home","Istruzione","News"],"inLanguage":"it-IT"},{"@type":"WebPage","@id":"https:\/\/progettotouring.it\/radiotouring104\/2023\/07\/17\/scuola-irto-ddl-pd-contro-analfabetismo-funzionale\/","url":"https:\/\/progettotouring.it\/radiotouring104\/2023\/07\/17\/scuola-irto-ddl-pd-contro-analfabetismo-funzionale\/","name":"Scuola, Irto: \"Ddl Pd contro analfabetismo funzionale\"","isPartOf":{"@id":"https:\/\/progettotouring.it\/radiotouring104\/#website"},"datePublished":"2023-07-17T10:41:56+00:00","description":"Il senatore Nicola Irto ha depositato una di proposta di legge A Palazzo Madama per contrastare l'analfabetismo funzionale","breadcrumb":{"@id":"https:\/\/progettotouring.it\/radiotouring104\/2023\/07\/17\/scuola-irto-ddl-pd-contro-analfabetismo-funzionale\/#breadcrumb"},"inLanguage":"it-IT","potentialAction":[{"@type":"ReadAction","target":["https:\/\/progettotouring.it\/radiotouring104\/2023\/07\/17\/scuola-irto-ddl-pd-contro-analfabetismo-funzionale\/"]}]},{"@type":"BreadcrumbList","@id":"https:\/\/progettotouring.it\/radiotouring104\/2023\/07\/17\/scuola-irto-ddl-pd-contro-analfabetismo-funzionale\/#breadcrumb","itemListElement":[{"@type":"ListItem","position":1,"name":"Home","item":"https:\/\/progettotouring.it\/radiotouring104\/"},{"@type":"ListItem","position":2,"name":"Scuola, Irto: &#8220;Ddl Pd contro analfabetismo funzionale&#8221;"}]},{"@type":"WebSite","@id":"https:\/\/progettotouring.it\/radiotouring104\/#website","url":"https:\/\/progettotouring.it\/radiotouring104\/","name":"Radio Touring 104","description":"La prima radio Reggina","publisher":{"@id":"https:\/\/progettotouring.it\/radiotouring104\/#organization"},"potentialAction":[{"@type":"SearchAction","target":{"@type":"EntryPoint","urlTemplate":"https:\/\/progettotouring.it\/radiotouring104\/?s={search_term_string}"},"query-input":{"@type":"PropertyValueSpecification","valueRequired":true,"valueName":"search_term_string"}}],"inLanguage":"it-IT"},{"@type":"Organization","@id":"https:\/\/progettotouring.it\/radiotouring104\/#organization","name":"Radio Touring 104","url":"https:\/\/progettotouring.it\/radiotouring104\/","logo":{"@type":"ImageObject","inLanguage":"it-IT","@id":"https:\/\/progettotouring.it\/radiotouring104\/#\/schema\/logo\/image\/","url":"https:\/\/progettotouring.it\/radiotouring104\/wp-content\/uploads\/sites\/6\/2022\/02\/cropped-logo-radio-touring-104.png","contentUrl":"https:\/\/progettotouring.it\/radiotouring104\/wp-content\/uploads\/sites\/6\/2022\/02\/cropped-logo-radio-touring-104.png","width":377,"height":182,"caption":"Radio Touring 104"},"image":{"@id":"https:\/\/progettotouring.it\/radiotouring104\/#\/schema\/logo\/image\/"}},{"@type":"Person","@id":"https:\/\/progettotouring.it\/radiotouring104\/#\/schema\/person\/78613917f1851f041f7483f5af1d422e","name":"Sebastiano Plutino","image":{"@type":"ImageObject","inLanguage":"it-IT","@id":"https:\/\/secure.gravatar.com\/avatar\/0546ffaa9b79224faf9f2a156b67a529ae861d3287c66c1d8ccfdf909bcba78d?s=96&d=mm&r=g","url":"https:\/\/secure.gravatar.com\/avatar\/0546ffaa9b79224faf9f2a156b67a529ae861d3287c66c1d8ccfdf909bcba78d?s=96&d=mm&r=g","contentUrl":"https:\/\/secure.gravatar.com\/avatar\/0546ffaa9b79224faf9f2a156b67a529ae861d3287c66c1d8ccfdf909bcba78d?s=96&d=mm&r=g","caption":"Sebastiano Plutino"},"url":"https:\/\/progettotouring.it\/radiotouring104\/author\/sebastiano\/"}]}},"jetpack_publicize_connections":[],"jetpack_featured_media_url":"","jetpack_sharing_enabled":true,"_links":{"self":[{"href":"https:\/\/progettotouring.it\/radiotouring104\/wp-json\/wp\/v2\/posts\/30412","targetHints":{"allow":["GET"]}}],"collection":[{"href":"https:\/\/progettotouring.it\/radiotouring104\/wp-json\/wp\/v2\/posts"}],"about":[{"href":"https:\/\/progettotouring.it\/radiotouring104\/wp-json\/wp\/v2\/types\/post"}],"author":[{"embeddable":true,"href":"https:\/\/progettotouring.it\/radiotouring104\/wp-json\/wp\/v2\/users\/12"}],"replies":[{"embeddable":true,"href":"https:\/\/progettotouring.it\/radiotouring104\/wp-json\/wp\/v2\/comments?post=30412"}],"version-history":[{"count":1,"href":"https:\/\/progettotouring.it\/radiotouring104\/wp-json\/wp\/v2\/posts\/30412\/revisions"}],"predecessor-version":[{"id":30413,"href":"https:\/\/progettotouring.it\/radiotouring104\/wp-json\/wp\/v2\/posts\/30412\/revisions\/30413"}],"wp:attachment":[{"href":"https:\/\/progettotouring.it\/radiotouring104\/wp-json\/wp\/v2\/media?parent=30412"}],"wp:term":[{"taxonomy":"category","embeddable":true,"href":"https:\/\/progettotouring.it\/radiotouring104\/wp-json\/wp\/v2\/categories?post=30412"},{"taxonomy":"post_tag","embeddable":true,"href":"https:\/\/progettotouring.it\/radiotouring104\/wp-json\/wp\/v2\/tags?post=30412"}],"curies":[{"name":"wp","href":"https:\/\/api.w.org\/{rel}","templated":true}]}}