{"id":30414,"date":"2023-07-17T12:50:23","date_gmt":"2023-07-17T10:50:23","guid":{"rendered":"https:\/\/progettotouring.it\/radiotouring104\/?p=30414"},"modified":"2023-07-17T12:50:23","modified_gmt":"2023-07-17T10:50:23","slug":"a-san-ferdinando-festa-del-volontariato-della-piana-2023","status":"publish","type":"post","link":"https:\/\/progettotouring.it\/radiotouring104\/2023\/07\/17\/a-san-ferdinando-festa-del-volontariato-della-piana-2023\/","title":{"rendered":"A San Ferdinando Festa del volontariato della Piana 2023"},"content":{"rendered":"<p class=\"xmprfx_04xlpa\" style=\"text-align: justify\">La manifestazione, che si svolger\u00e0 nelle sere di\u00a0<b>venerd\u00ec 21 e sabato 22 luglio a San Ferdinando<\/b>, nel suggestivo e accogliente scenario di Piazza Generale Nunziante, \u00e8 promossa e organizzata dal\u00a0<b>Centro Servizi per il Volontariato dei Due Mari &#8211; ETS di Reggio Calabria\u00a0<\/b>con il patrocinio e con la fattiva collaborazione dell\u2019<b>Amministrazione Comunale di San Ferdinando<\/b>\u00a0e con l\u2019adesione delle\u00a0<b>associazioni\u00a0<\/b><em>Ados APS di Galatro, Agape ODV di Gioia Tauro, Aism sez. prov. RC Gruppo operativo Palmi-Polistena, Arci di San Pietro di Carid\u00e0, Auser ODV di Taurianova, Diabaino Vip ODV della Piana di Polistena, Il buon pastore ODV di Cittanova, Il Samaritano ODV di Polistena, Insieme noi con te ODV di Gioia Tauro, La fata turchina ODV di Taurianova, La fenice ODV di Polistena, Medmarte ODV di Rosarno, Omnia ODV di San Ferdinando, P.A. S. Giorgio Soccorso ODV di S. Giorgio Morgeto, P.A. San Pio ODV di Giffone, Santa Barbara ODV di San Ferdinando, Societ\u00e0 Seminarese Storia Patria ODV di Seminara<\/em>.<\/p>\n<p class=\"xmprfx_MsoNormal\" style=\"text-align: justify\">\n<p class=\"xmprfx_MsoNormal\" style=\"text-align: justify\">Una seconda edizione dell\u2019ARTE DEL NOI, che approda a San Ferdinando dopo l\u2019esperienza entusiasmante vissuta nel 2022 a Polistena. Una festa che si candida a diventare un appuntamento ricorrente della Piana e della Citt\u00e0 Metropolitana e che \u00e8 pensata come tributo e contributo del volontariato all\u2019idea di comunit\u00e0. Durante le due serate, infatti, i volontari delle associazioni coinvolte animeranno la piazza che li ospiter\u00e0 mettendo al centro le parole, i gesti, i sentimenti che muovono e alimentano le comunit\u00e0 e il bene comune.<\/p>\n<p class=\"xmprfx_MsoNormal\" style=\"text-align: justify\">\n<p class=\"xmprfx_MsoNormal\" style=\"text-align: justify\">La cittadinanza tutta \u00e8 invitata a partecipare a un evento che \u00e8 pensato per essere libero, gratuito e inclusivo, con un programma ricco di attivit\u00e0 e proposte molteplici e diversificate, declinato con registri e linguaggi alternativi e non convenzionali \u2013 dai laboratori di espressione corporea alle acrobazie di strada, dal teatro narrazione ad attivit\u00e0 creative e di cittadinanza attiva \u2013 in un susseguirsi di esperienze coinvolgenti, accessibili, aperte e adatte a tutti.<\/p>\n<p class=\"xmprfx_MsoNormal\" style=\"text-align: justify\">\n<p class=\"xmprfx_MsoNormal\" style=\"text-align: justify\">INTERVERRANNO:<\/p>\n<p class=\"xmprfx_MsoNormal\" style=\"text-align: justify\"><b><i>Dott. Ferdinando Scarf\u00f2<\/i><\/b>, Vicesindaco di San Ferdinando<\/p>\n<p class=\"xmprfx_MsoNormal\" style=\"text-align: justify\"><b><i>Dott. Ignazio Giuseppe Bognoni<\/i><\/b>, presidente del CSV de Due Mari di Reggio Calabria<\/p>\n<p class=\"xmprfx_MsoNormal\" style=\"text-align: justify\"><b><i>Dott. Giuseppe Pericone<\/i><\/b>, direttore del CSV de Due Mari di Reggio Calabria<\/p>\n","protected":false},"excerpt":{"rendered":"<p>La manifestazione, che si svolger\u00e0 nelle sere di\u00a0venerd\u00ec 21 e sabato 22 luglio a San Ferdinando, nel suggestivo e accogliente scenario di Piazza Generale Nunziante, \u00e8 promossa e organizzata dal\u00a0Centro&hellip;<\/p>\n","protected":false},"author":12,"featured_media":30415,"comment_status":"closed","ping_status":"open","sticky":false,"template":"","format":"standard","meta":{"_jetpack_memberships_contains_paid_content":false,"footnotes":"","jetpack_publicize_message":"","jetpack_publicize_feature_enabled":true,"jetpack_social_post_already_shared":false,"jetpack_social_options":{"image_generator_settings":{"template":"highway","default_image_id":0,"font":"","enabled":false},"version":2}},"categories":[921,196,140],"tags":[18906,18907,18905,18908,18899,18903,18909,18902,18900,18901,18904],"class_list":["post-30414","post","type-post","status-publish","format-standard","has-post-thumbnail","hentry","category-home","category-news","category-reggio-calabria","tag-agape-odv-di-gioia-tauro","tag-aism-sez-prov-rc-gruppo-operativo-palmi-polistena","tag-amministrazione-comunale-di-san-ferdinando","tag-auser-odv-di-taurianova","tag-centro-servizi-per-il-volontariato-dei-due-mari-ets-di-reggio-calabria","tag-csv-de-due-mari-di-reggio-calabria","tag-diabaino-vip-odv-della-piana-di-polistena","tag-dott-ferdinando-scarfo","tag-dott-giuseppe-pericone","tag-dott-ignazio-giuseppe-bognoni","tag-festa-del-volontariato-della-piana-2023"],"yoast_head":"<!-- This site is optimized with the Yoast SEO plugin v27.2 - https:\/\/yoast.com\/product\/yoast-seo-wordpress\/ -->\n<title>A San Ferdinando Festa del volontariato della Piana 2023<\/title>\n<meta name=\"description\" content=\"Manifestazione si terr\u00e0 il 21 e 22 luglio a San Ferdinando, nella Piazza Generale Nunziante di San Ferdinando\" \/>\n<meta name=\"robots\" content=\"index, follow, max-snippet:-1, max-image-preview:large, max-video-preview:-1\" \/>\n<link rel=\"canonical\" href=\"https:\/\/progettotouring.it\/radiotouring104\/2023\/07\/17\/a-san-ferdinando-festa-del-volontariato-della-piana-2023\/\" \/>\n<meta property=\"og:locale\" content=\"it_IT\" \/>\n<meta property=\"og:type\" content=\"article\" \/>\n<meta property=\"og:title\" content=\"A San Ferdinando Festa del volontariato della Piana 2023\" \/>\n<meta property=\"og:description\" content=\"Manifestazione si terr\u00e0 il 21 e 22 luglio a San Ferdinando, nella Piazza Generale Nunziante di San Ferdinando\" \/>\n<meta property=\"og:url\" content=\"https:\/\/progettotouring.it\/radiotouring104\/2023\/07\/17\/a-san-ferdinando-festa-del-volontariato-della-piana-2023\/\" \/>\n<meta property=\"og:site_name\" content=\"Radio Touring 104\" \/>\n<meta property=\"article:published_time\" content=\"2023-07-17T10:50:23+00:00\" \/>\n<meta property=\"og:image\" content=\"https:\/\/progettotouring.it\/radiotouring104\/wp-content\/uploads\/sites\/6\/2023\/07\/Arte-del-noi-FdV-Piana-2023-A3-San-Ferdinando-FESTA-DEL-VOLONTARIATO.png\" \/>\n\t<meta property=\"og:image:width\" content=\"1414\" \/>\n\t<meta property=\"og:image:height\" content=\"2000\" \/>\n\t<meta property=\"og:image:type\" content=\"image\/png\" \/>\n<meta name=\"author\" content=\"Sebastiano Plutino\" \/>\n<meta name=\"twitter:card\" content=\"summary_large_image\" \/>\n<meta name=\"twitter:label1\" content=\"Scritto da\" \/>\n\t<meta name=\"twitter:data1\" content=\"Sebastiano Plutino\" \/>\n\t<meta name=\"twitter:label2\" content=\"Tempo di lettura stimato\" \/>\n\t<meta name=\"twitter:data2\" content=\"2 minuti\" \/>\n<script type=\"application\/ld+json\" class=\"yoast-schema-graph\">{\"@context\":\"https:\/\/schema.org\",\"@graph\":[{\"@type\":\"Article\",\"@id\":\"https:\/\/progettotouring.it\/radiotouring104\/2023\/07\/17\/a-san-ferdinando-festa-del-volontariato-della-piana-2023\/#article\",\"isPartOf\":{\"@id\":\"https:\/\/progettotouring.it\/radiotouring104\/2023\/07\/17\/a-san-ferdinando-festa-del-volontariato-della-piana-2023\/\"},\"author\":{\"name\":\"Sebastiano Plutino\",\"@id\":\"https:\/\/progettotouring.it\/radiotouring104\/#\/schema\/person\/78613917f1851f041f7483f5af1d422e\"},\"headline\":\"A San Ferdinando Festa del volontariato della Piana 2023\",\"datePublished\":\"2023-07-17T10:50:23+00:00\",\"mainEntityOfPage\":{\"@id\":\"https:\/\/progettotouring.it\/radiotouring104\/2023\/07\/17\/a-san-ferdinando-festa-del-volontariato-della-piana-2023\/\"},\"wordCount\":356,\"publisher\":{\"@id\":\"https:\/\/progettotouring.it\/radiotouring104\/#organization\"},\"image\":{\"@id\":\"https:\/\/progettotouring.it\/radiotouring104\/2023\/07\/17\/a-san-ferdinando-festa-del-volontariato-della-piana-2023\/#primaryimage\"},\"thumbnailUrl\":\"https:\/\/progettotouring.it\/radiotouring104\/wp-content\/uploads\/sites\/6\/2023\/07\/Arte-del-noi-FdV-Piana-2023-A3-San-Ferdinando-FESTA-DEL-VOLONTARIATO.png\",\"keywords\":[\"Agape ODV di Gioia Tauro\",\"Aism sez. prov. RC Gruppo operativo Palmi-Polistena\",\"Amministrazione Comunale di San Ferdinando\",\"Auser ODV di Taurianova\",\"Centro Servizi per il Volontariato dei Due Mari - ETS di Reggio Calabria\",\"CSV de Due Mari di Reggio Calabria\",\"Diabaino Vip ODV della Piana di Polistena\",\"Dott. Ferdinando Scarf\u00f2\",\"Dott. Giuseppe Pericone\",\"Dott. Ignazio Giuseppe Bognoni\",\"Festa del volontariato della Piana 2023\"],\"articleSection\":[\"Home\",\"News\",\"Reggio Calabria\"],\"inLanguage\":\"it-IT\"},{\"@type\":\"WebPage\",\"@id\":\"https:\/\/progettotouring.it\/radiotouring104\/2023\/07\/17\/a-san-ferdinando-festa-del-volontariato-della-piana-2023\/\",\"url\":\"https:\/\/progettotouring.it\/radiotouring104\/2023\/07\/17\/a-san-ferdinando-festa-del-volontariato-della-piana-2023\/\",\"name\":\"A San Ferdinando Festa del volontariato della Piana 2023\",\"isPartOf\":{\"@id\":\"https:\/\/progettotouring.it\/radiotouring104\/#website\"},\"primaryImageOfPage\":{\"@id\":\"https:\/\/progettotouring.it\/radiotouring104\/2023\/07\/17\/a-san-ferdinando-festa-del-volontariato-della-piana-2023\/#primaryimage\"},\"image\":{\"@id\":\"https:\/\/progettotouring.it\/radiotouring104\/2023\/07\/17\/a-san-ferdinando-festa-del-volontariato-della-piana-2023\/#primaryimage\"},\"thumbnailUrl\":\"https:\/\/progettotouring.it\/radiotouring104\/wp-content\/uploads\/sites\/6\/2023\/07\/Arte-del-noi-FdV-Piana-2023-A3-San-Ferdinando-FESTA-DEL-VOLONTARIATO.png\",\"datePublished\":\"2023-07-17T10:50:23+00:00\",\"description\":\"Manifestazione si terr\u00e0 il 21 e 22 luglio a San Ferdinando, nella Piazza Generale Nunziante di San Ferdinando\",\"breadcrumb\":{\"@id\":\"https:\/\/progettotouring.it\/radiotouring104\/2023\/07\/17\/a-san-ferdinando-festa-del-volontariato-della-piana-2023\/#breadcrumb\"},\"inLanguage\":\"it-IT\",\"potentialAction\":[{\"@type\":\"ReadAction\",\"target\":[\"https:\/\/progettotouring.it\/radiotouring104\/2023\/07\/17\/a-san-ferdinando-festa-del-volontariato-della-piana-2023\/\"]}]},{\"@type\":\"ImageObject\",\"inLanguage\":\"it-IT\",\"@id\":\"https:\/\/progettotouring.it\/radiotouring104\/2023\/07\/17\/a-san-ferdinando-festa-del-volontariato-della-piana-2023\/#primaryimage\",\"url\":\"https:\/\/progettotouring.it\/radiotouring104\/wp-content\/uploads\/sites\/6\/2023\/07\/Arte-del-noi-FdV-Piana-2023-A3-San-Ferdinando-FESTA-DEL-VOLONTARIATO.png\",\"contentUrl\":\"https:\/\/progettotouring.it\/radiotouring104\/wp-content\/uploads\/sites\/6\/2023\/07\/Arte-del-noi-FdV-Piana-2023-A3-San-Ferdinando-FESTA-DEL-VOLONTARIATO.png\",\"width\":1414,\"height\":2000},{\"@type\":\"BreadcrumbList\",\"@id\":\"https:\/\/progettotouring.it\/radiotouring104\/2023\/07\/17\/a-san-ferdinando-festa-del-volontariato-della-piana-2023\/#breadcrumb\",\"itemListElement\":[{\"@type\":\"ListItem\",\"position\":1,\"name\":\"Home\",\"item\":\"https:\/\/progettotouring.it\/radiotouring104\/\"},{\"@type\":\"ListItem\",\"position\":2,\"name\":\"A San Ferdinando Festa del volontariato della Piana 2023\"}]},{\"@type\":\"WebSite\",\"@id\":\"https:\/\/progettotouring.it\/radiotouring104\/#website\",\"url\":\"https:\/\/progettotouring.it\/radiotouring104\/\",\"name\":\"Radio Touring 104\",\"description\":\"La prima radio Reggina\",\"publisher\":{\"@id\":\"https:\/\/progettotouring.it\/radiotouring104\/#organization\"},\"potentialAction\":[{\"@type\":\"SearchAction\",\"target\":{\"@type\":\"EntryPoint\",\"urlTemplate\":\"https:\/\/progettotouring.it\/radiotouring104\/?s={search_term_string}\"},\"query-input\":{\"@type\":\"PropertyValueSpecification\",\"valueRequired\":true,\"valueName\":\"search_term_string\"}}],\"inLanguage\":\"it-IT\"},{\"@type\":\"Organization\",\"@id\":\"https:\/\/progettotouring.it\/radiotouring104\/#organization\",\"name\":\"Radio Touring 104\",\"url\":\"https:\/\/progettotouring.it\/radiotouring104\/\",\"logo\":{\"@type\":\"ImageObject\",\"inLanguage\":\"it-IT\",\"@id\":\"https:\/\/progettotouring.it\/radiotouring104\/#\/schema\/logo\/image\/\",\"url\":\"https:\/\/progettotouring.it\/radiotouring104\/wp-content\/uploads\/sites\/6\/2022\/02\/cropped-logo-radio-touring-104.png\",\"contentUrl\":\"https:\/\/progettotouring.it\/radiotouring104\/wp-content\/uploads\/sites\/6\/2022\/02\/cropped-logo-radio-touring-104.png\",\"width\":377,\"height\":182,\"caption\":\"Radio Touring 104\"},\"image\":{\"@id\":\"https:\/\/progettotouring.it\/radiotouring104\/#\/schema\/logo\/image\/\"}},{\"@type\":\"Person\",\"@id\":\"https:\/\/progettotouring.it\/radiotouring104\/#\/schema\/person\/78613917f1851f041f7483f5af1d422e\",\"name\":\"Sebastiano Plutino\",\"image\":{\"@type\":\"ImageObject\",\"inLanguage\":\"it-IT\",\"@id\":\"https:\/\/secure.gravatar.com\/avatar\/0546ffaa9b79224faf9f2a156b67a529ae861d3287c66c1d8ccfdf909bcba78d?s=96&d=mm&r=g\",\"url\":\"https:\/\/secure.gravatar.com\/avatar\/0546ffaa9b79224faf9f2a156b67a529ae861d3287c66c1d8ccfdf909bcba78d?s=96&d=mm&r=g\",\"contentUrl\":\"https:\/\/secure.gravatar.com\/avatar\/0546ffaa9b79224faf9f2a156b67a529ae861d3287c66c1d8ccfdf909bcba78d?s=96&d=mm&r=g\",\"caption\":\"Sebastiano Plutino\"},\"url\":\"https:\/\/progettotouring.it\/radiotouring104\/author\/sebastiano\/\"}]}<\/script>\n<!-- \/ Yoast SEO plugin. -->","yoast_head_json":{"title":"A San Ferdinando Festa del volontariato della Piana 2023","description":"Manifestazione si terr\u00e0 il 21 e 22 luglio a San Ferdinando, nella Piazza Generale Nunziante di San Ferdinando","robots":{"index":"index","follow":"follow","max-snippet":"max-snippet:-1","max-image-preview":"max-image-preview:large","max-video-preview":"max-video-preview:-1"},"canonical":"https:\/\/progettotouring.it\/radiotouring104\/2023\/07\/17\/a-san-ferdinando-festa-del-volontariato-della-piana-2023\/","og_locale":"it_IT","og_type":"article","og_title":"A San Ferdinando Festa del volontariato della Piana 2023","og_description":"Manifestazione si terr\u00e0 il 21 e 22 luglio a San Ferdinando, nella Piazza Generale Nunziante di San Ferdinando","og_url":"https:\/\/progettotouring.it\/radiotouring104\/2023\/07\/17\/a-san-ferdinando-festa-del-volontariato-della-piana-2023\/","og_site_name":"Radio Touring 104","article_published_time":"2023-07-17T10:50:23+00:00","og_image":[{"width":1414,"height":2000,"url":"https:\/\/progettotouring.it\/radiotouring104\/wp-content\/uploads\/sites\/6\/2023\/07\/Arte-del-noi-FdV-Piana-2023-A3-San-Ferdinando-FESTA-DEL-VOLONTARIATO.png","type":"image\/png"}],"author":"Sebastiano Plutino","twitter_card":"summary_large_image","twitter_misc":{"Scritto da":"Sebastiano Plutino","Tempo di lettura stimato":"2 minuti"},"schema":{"@context":"https:\/\/schema.org","@graph":[{"@type":"Article","@id":"https:\/\/progettotouring.it\/radiotouring104\/2023\/07\/17\/a-san-ferdinando-festa-del-volontariato-della-piana-2023\/#article","isPartOf":{"@id":"https:\/\/progettotouring.it\/radiotouring104\/2023\/07\/17\/a-san-ferdinando-festa-del-volontariato-della-piana-2023\/"},"author":{"name":"Sebastiano Plutino","@id":"https:\/\/progettotouring.it\/radiotouring104\/#\/schema\/person\/78613917f1851f041f7483f5af1d422e"},"headline":"A San Ferdinando Festa del volontariato della Piana 2023","datePublished":"2023-07-17T10:50:23+00:00","mainEntityOfPage":{"@id":"https:\/\/progettotouring.it\/radiotouring104\/2023\/07\/17\/a-san-ferdinando-festa-del-volontariato-della-piana-2023\/"},"wordCount":356,"publisher":{"@id":"https:\/\/progettotouring.it\/radiotouring104\/#organization"},"image":{"@id":"https:\/\/progettotouring.it\/radiotouring104\/2023\/07\/17\/a-san-ferdinando-festa-del-volontariato-della-piana-2023\/#primaryimage"},"thumbnailUrl":"https:\/\/progettotouring.it\/radiotouring104\/wp-content\/uploads\/sites\/6\/2023\/07\/Arte-del-noi-FdV-Piana-2023-A3-San-Ferdinando-FESTA-DEL-VOLONTARIATO.png","keywords":["Agape ODV di Gioia Tauro","Aism sez. prov. RC Gruppo operativo Palmi-Polistena","Amministrazione Comunale di San Ferdinando","Auser ODV di Taurianova","Centro Servizi per il Volontariato dei Due Mari - ETS di Reggio Calabria","CSV de Due Mari di Reggio Calabria","Diabaino Vip ODV della Piana di Polistena","Dott. Ferdinando Scarf\u00f2","Dott. Giuseppe Pericone","Dott. Ignazio Giuseppe Bognoni","Festa del volontariato della Piana 2023"],"articleSection":["Home","News","Reggio Calabria"],"inLanguage":"it-IT"},{"@type":"WebPage","@id":"https:\/\/progettotouring.it\/radiotouring104\/2023\/07\/17\/a-san-ferdinando-festa-del-volontariato-della-piana-2023\/","url":"https:\/\/progettotouring.it\/radiotouring104\/2023\/07\/17\/a-san-ferdinando-festa-del-volontariato-della-piana-2023\/","name":"A San Ferdinando Festa del volontariato della Piana 2023","isPartOf":{"@id":"https:\/\/progettotouring.it\/radiotouring104\/#website"},"primaryImageOfPage":{"@id":"https:\/\/progettotouring.it\/radiotouring104\/2023\/07\/17\/a-san-ferdinando-festa-del-volontariato-della-piana-2023\/#primaryimage"},"image":{"@id":"https:\/\/progettotouring.it\/radiotouring104\/2023\/07\/17\/a-san-ferdinando-festa-del-volontariato-della-piana-2023\/#primaryimage"},"thumbnailUrl":"https:\/\/progettotouring.it\/radiotouring104\/wp-content\/uploads\/sites\/6\/2023\/07\/Arte-del-noi-FdV-Piana-2023-A3-San-Ferdinando-FESTA-DEL-VOLONTARIATO.png","datePublished":"2023-07-17T10:50:23+00:00","description":"Manifestazione si terr\u00e0 il 21 e 22 luglio a San Ferdinando, nella Piazza Generale Nunziante di San Ferdinando","breadcrumb":{"@id":"https:\/\/progettotouring.it\/radiotouring104\/2023\/07\/17\/a-san-ferdinando-festa-del-volontariato-della-piana-2023\/#breadcrumb"},"inLanguage":"it-IT","potentialAction":[{"@type":"ReadAction","target":["https:\/\/progettotouring.it\/radiotouring104\/2023\/07\/17\/a-san-ferdinando-festa-del-volontariato-della-piana-2023\/"]}]},{"@type":"ImageObject","inLanguage":"it-IT","@id":"https:\/\/progettotouring.it\/radiotouring104\/2023\/07\/17\/a-san-ferdinando-festa-del-volontariato-della-piana-2023\/#primaryimage","url":"https:\/\/progettotouring.it\/radiotouring104\/wp-content\/uploads\/sites\/6\/2023\/07\/Arte-del-noi-FdV-Piana-2023-A3-San-Ferdinando-FESTA-DEL-VOLONTARIATO.png","contentUrl":"https:\/\/progettotouring.it\/radiotouring104\/wp-content\/uploads\/sites\/6\/2023\/07\/Arte-del-noi-FdV-Piana-2023-A3-San-Ferdinando-FESTA-DEL-VOLONTARIATO.png","width":1414,"height":2000},{"@type":"BreadcrumbList","@id":"https:\/\/progettotouring.it\/radiotouring104\/2023\/07\/17\/a-san-ferdinando-festa-del-volontariato-della-piana-2023\/#breadcrumb","itemListElement":[{"@type":"ListItem","position":1,"name":"Home","item":"https:\/\/progettotouring.it\/radiotouring104\/"},{"@type":"ListItem","position":2,"name":"A San Ferdinando Festa del volontariato della Piana 2023"}]},{"@type":"WebSite","@id":"https:\/\/progettotouring.it\/radiotouring104\/#website","url":"https:\/\/progettotouring.it\/radiotouring104\/","name":"Radio Touring 104","description":"La prima radio Reggina","publisher":{"@id":"https:\/\/progettotouring.it\/radiotouring104\/#organization"},"potentialAction":[{"@type":"SearchAction","target":{"@type":"EntryPoint","urlTemplate":"https:\/\/progettotouring.it\/radiotouring104\/?s={search_term_string}"},"query-input":{"@type":"PropertyValueSpecification","valueRequired":true,"valueName":"search_term_string"}}],"inLanguage":"it-IT"},{"@type":"Organization","@id":"https:\/\/progettotouring.it\/radiotouring104\/#organization","name":"Radio Touring 104","url":"https:\/\/progettotouring.it\/radiotouring104\/","logo":{"@type":"ImageObject","inLanguage":"it-IT","@id":"https:\/\/progettotouring.it\/radiotouring104\/#\/schema\/logo\/image\/","url":"https:\/\/progettotouring.it\/radiotouring104\/wp-content\/uploads\/sites\/6\/2022\/02\/cropped-logo-radio-touring-104.png","contentUrl":"https:\/\/progettotouring.it\/radiotouring104\/wp-content\/uploads\/sites\/6\/2022\/02\/cropped-logo-radio-touring-104.png","width":377,"height":182,"caption":"Radio Touring 104"},"image":{"@id":"https:\/\/progettotouring.it\/radiotouring104\/#\/schema\/logo\/image\/"}},{"@type":"Person","@id":"https:\/\/progettotouring.it\/radiotouring104\/#\/schema\/person\/78613917f1851f041f7483f5af1d422e","name":"Sebastiano Plutino","image":{"@type":"ImageObject","inLanguage":"it-IT","@id":"https:\/\/secure.gravatar.com\/avatar\/0546ffaa9b79224faf9f2a156b67a529ae861d3287c66c1d8ccfdf909bcba78d?s=96&d=mm&r=g","url":"https:\/\/secure.gravatar.com\/avatar\/0546ffaa9b79224faf9f2a156b67a529ae861d3287c66c1d8ccfdf909bcba78d?s=96&d=mm&r=g","contentUrl":"https:\/\/secure.gravatar.com\/avatar\/0546ffaa9b79224faf9f2a156b67a529ae861d3287c66c1d8ccfdf909bcba78d?s=96&d=mm&r=g","caption":"Sebastiano Plutino"},"url":"https:\/\/progettotouring.it\/radiotouring104\/author\/sebastiano\/"}]}},"jetpack_publicize_connections":[],"jetpack_featured_media_url":"https:\/\/progettotouring.it\/radiotouring104\/wp-content\/uploads\/sites\/6\/2023\/07\/Arte-del-noi-FdV-Piana-2023-A3-San-Ferdinando-FESTA-DEL-VOLONTARIATO.png","jetpack_sharing_enabled":true,"_links":{"self":[{"href":"https:\/\/progettotouring.it\/radiotouring104\/wp-json\/wp\/v2\/posts\/30414","targetHints":{"allow":["GET"]}}],"collection":[{"href":"https:\/\/progettotouring.it\/radiotouring104\/wp-json\/wp\/v2\/posts"}],"about":[{"href":"https:\/\/progettotouring.it\/radiotouring104\/wp-json\/wp\/v2\/types\/post"}],"author":[{"embeddable":true,"href":"https:\/\/progettotouring.it\/radiotouring104\/wp-json\/wp\/v2\/users\/12"}],"replies":[{"embeddable":true,"href":"https:\/\/progettotouring.it\/radiotouring104\/wp-json\/wp\/v2\/comments?post=30414"}],"version-history":[{"count":1,"href":"https:\/\/progettotouring.it\/radiotouring104\/wp-json\/wp\/v2\/posts\/30414\/revisions"}],"predecessor-version":[{"id":30416,"href":"https:\/\/progettotouring.it\/radiotouring104\/wp-json\/wp\/v2\/posts\/30414\/revisions\/30416"}],"wp:featuredmedia":[{"embeddable":true,"href":"https:\/\/progettotouring.it\/radiotouring104\/wp-json\/wp\/v2\/media\/30415"}],"wp:attachment":[{"href":"https:\/\/progettotouring.it\/radiotouring104\/wp-json\/wp\/v2\/media?parent=30414"}],"wp:term":[{"taxonomy":"category","embeddable":true,"href":"https:\/\/progettotouring.it\/radiotouring104\/wp-json\/wp\/v2\/categories?post=30414"},{"taxonomy":"post_tag","embeddable":true,"href":"https:\/\/progettotouring.it\/radiotouring104\/wp-json\/wp\/v2\/tags?post=30414"}],"curies":[{"name":"wp","href":"https:\/\/api.w.org\/{rel}","templated":true}]}}