{"id":30591,"date":"2023-07-19T13:27:55","date_gmt":"2023-07-19T11:27:55","guid":{"rendered":"https:\/\/progettotouring.it\/radiotouring104\/?p=30591"},"modified":"2023-07-19T14:12:34","modified_gmt":"2023-07-19T12:12:34","slug":"reggio-calabria-presentazione-del-festival-dellaria-con-le-frecce-tricolori","status":"publish","type":"post","link":"https:\/\/progettotouring.it\/radiotouring104\/2023\/07\/19\/reggio-calabria-presentazione-del-festival-dellaria-con-le-frecce-tricolori\/","title":{"rendered":"Reggio Calabria: presentazione del Festival dell&#8217;Aria con le Frecce Tricolori"},"content":{"rendered":"<p style=\"text-align: justify\">Domani gioved\u00ec 20 luglio alle ore 11.00 a <strong>Palazzo Alvaro<\/strong>, sede della Citt\u00e0 Metropolitana di Reggio Calabria, si terr\u00e0 la presentazione del Festival dell&#8217;Aria, l&#8217;iniziativa promossa dalla <strong>Metrocity<\/strong> di concerto con Comune di Reggio Calabria, Regione Calabria, che sar\u00e0 realizzata da SviProRe, in collaborazione con<strong> Aero Club dello Stretto, Aero Club d&#8217;Italia<\/strong> ed altre autorit\u00e0 militari ed istituzioni territoriali, in programma per i prossimi 28, 29 e 30 luglio. Eventi principali della kermesse saranno le esibizioni delle Frecce Tricolori, la gloriosa Pattuglia Acrobatica Nazionale, che faranno da traino ad una lunga serie di attivit\u00e0 proposte nell&#8217;ambito del mini villaggio che sar\u00e0 allestito nell&#8217;area della Stazione Lido, sul Lungomare Italo Falcomat\u00e0.<\/p>\n<p style=\"text-align: justify\">Durante l&#8217;incontro di domani sar\u00e0 illustrato il ricco programma di iniziative ed attivit\u00e0 predisposto dalla Citt\u00e0 Metropolitana, che prevede l&#8217;integrazione con altri due importanti eventi previsti in citt\u00e0 a fine luglio, &#8220;<strong>I Tesori del Mediterraneo&#8221;<\/strong> e la &#8220;Traversata dello Stretto Continent &#8211; Island&#8221;, manifestazioni con le quali lo stesso AriaFest interagir\u00e0 valorizzando al meglio le peculiarit\u00e0 dei singoli progetti. All&#8217;incontro di domani saranno presenti il sindaco facente funzioni della Citt\u00e0 Metropolitana Carmelo Versace, il Consigliere delegato allo Sport Giovanni Latella, il Presidente dell&#8217;Aero Club dello Stretto Rino Sculco, l&#8217;Amministratore unico di SviProRe Michele Rizzo ed il Tenente Francesco Morace dell&#8217;aeronautica militare. Gli operatori dell&#8217;informazione sono invitati a partecipare.<\/p>\n","protected":false},"excerpt":{"rendered":"<p>Domani gioved\u00ec 20 luglio alle ore 11.00 a Palazzo Alvaro, sede della Citt\u00e0 Metropolitana di Reggio Calabria, si terr\u00e0 la presentazione del Festival dell&#8217;Aria, l&#8217;iniziativa promossa dalla Metrocity di concerto&hellip;<\/p>\n","protected":false},"author":8,"featured_media":16996,"comment_status":"closed","ping_status":"open","sticky":false,"template":"","format":"standard","meta":{"_jetpack_memberships_contains_paid_content":false,"footnotes":"","jetpack_publicize_message":"","jetpack_publicize_feature_enabled":true,"jetpack_social_post_already_shared":false,"jetpack_social_options":{"image_generator_settings":{"template":"highway","default_image_id":0,"font":"","enabled":false},"version":2}},"categories":[921,196,140],"tags":[19059,19058,743,3235,531,739,236],"class_list":["post-30591","post","type-post","status-publish","format-standard","has-post-thumbnail","hentry","category-home","category-news","category-reggio-calabria","tag-aero-club-ditalia","tag-aero-club-dello-stretto","tag-citta-metropolitana","tag-i-tesori-del-mediterraneo","tag-metrocity","tag-palazzo-alvaro","tag-reggio-calabria"],"yoast_head":"<!-- This site is optimized with the Yoast SEO plugin v27.2 - https:\/\/yoast.com\/product\/yoast-seo-wordpress\/ -->\n<title>Reggio Calabria: presentazione del Festival dell&#039;Aria con le Frecce Tricolori - Radio Touring 104<\/title>\n<meta name=\"description\" content=\"Domani a Reggio Calabria, a Palazzo Alvaro, ci sar\u00e0 la presentazione del Festival dell&#039;Aria con le esibizioni delle Frecce Tricolori\" \/>\n<meta name=\"robots\" content=\"index, follow, max-snippet:-1, max-image-preview:large, max-video-preview:-1\" \/>\n<link rel=\"canonical\" href=\"https:\/\/progettotouring.it\/radiotouring104\/2023\/07\/19\/reggio-calabria-presentazione-del-festival-dellaria-con-le-frecce-tricolori\/\" \/>\n<meta property=\"og:locale\" content=\"it_IT\" \/>\n<meta property=\"og:type\" content=\"article\" \/>\n<meta property=\"og:title\" content=\"Reggio Calabria: presentazione del Festival dell&#039;Aria con le Frecce Tricolori - Radio Touring 104\" \/>\n<meta property=\"og:description\" content=\"Domani a Reggio Calabria, a Palazzo Alvaro, ci sar\u00e0 la presentazione del Festival dell&#039;Aria con le esibizioni delle Frecce Tricolori\" \/>\n<meta property=\"og:url\" content=\"https:\/\/progettotouring.it\/radiotouring104\/2023\/07\/19\/reggio-calabria-presentazione-del-festival-dellaria-con-le-frecce-tricolori\/\" \/>\n<meta property=\"og:site_name\" content=\"Radio Touring 104\" \/>\n<meta property=\"article:published_time\" content=\"2023-07-19T11:27:55+00:00\" \/>\n<meta property=\"article:modified_time\" content=\"2023-07-19T12:12:34+00:00\" \/>\n<meta property=\"og:image\" content=\"https:\/\/progettotouring.it\/radiotouring104\/wp-content\/uploads\/sites\/6\/2023\/01\/frecce-tricolori-2019.jpeg\" \/>\n\t<meta property=\"og:image:width\" content=\"1024\" \/>\n\t<meta property=\"og:image:height\" content=\"673\" \/>\n\t<meta property=\"og:image:type\" content=\"image\/jpeg\" \/>\n<meta name=\"author\" content=\"Filippo Francesco Idone\" \/>\n<meta name=\"twitter:card\" content=\"summary_large_image\" \/>\n<meta name=\"twitter:label1\" content=\"Scritto da\" \/>\n\t<meta name=\"twitter:data1\" content=\"Filippo Francesco Idone\" \/>\n\t<meta name=\"twitter:label2\" content=\"Tempo di lettura stimato\" \/>\n\t<meta name=\"twitter:data2\" content=\"1 minuto\" \/>\n<script type=\"application\/ld+json\" class=\"yoast-schema-graph\">{\"@context\":\"https:\/\/schema.org\",\"@graph\":[{\"@type\":\"Article\",\"@id\":\"https:\/\/progettotouring.it\/radiotouring104\/2023\/07\/19\/reggio-calabria-presentazione-del-festival-dellaria-con-le-frecce-tricolori\/#article\",\"isPartOf\":{\"@id\":\"https:\/\/progettotouring.it\/radiotouring104\/2023\/07\/19\/reggio-calabria-presentazione-del-festival-dellaria-con-le-frecce-tricolori\/\"},\"author\":{\"name\":\"Filippo Francesco Idone\",\"@id\":\"https:\/\/progettotouring.it\/radiotouring104\/#\/schema\/person\/4a82259ca52ac8702ad1a8f9e5a3120b\"},\"headline\":\"Reggio Calabria: presentazione del Festival dell&#8217;Aria con le Frecce Tricolori\",\"datePublished\":\"2023-07-19T11:27:55+00:00\",\"dateModified\":\"2023-07-19T12:12:34+00:00\",\"mainEntityOfPage\":{\"@id\":\"https:\/\/progettotouring.it\/radiotouring104\/2023\/07\/19\/reggio-calabria-presentazione-del-festival-dellaria-con-le-frecce-tricolori\/\"},\"wordCount\":223,\"publisher\":{\"@id\":\"https:\/\/progettotouring.it\/radiotouring104\/#organization\"},\"image\":{\"@id\":\"https:\/\/progettotouring.it\/radiotouring104\/2023\/07\/19\/reggio-calabria-presentazione-del-festival-dellaria-con-le-frecce-tricolori\/#primaryimage\"},\"thumbnailUrl\":\"https:\/\/progettotouring.it\/radiotouring104\/wp-content\/uploads\/sites\/6\/2023\/01\/frecce-tricolori-2019.jpeg\",\"keywords\":[\"Aero Club d'Italia\",\"Aero Club dello Stretto\",\"Citt\u00e0 metropolitana\",\"I tesori del mediterraneo\",\"Metrocity\",\"Palazzo Alvaro\",\"reggio calabria\"],\"articleSection\":[\"Home\",\"News\",\"Reggio Calabria\"],\"inLanguage\":\"it-IT\"},{\"@type\":\"WebPage\",\"@id\":\"https:\/\/progettotouring.it\/radiotouring104\/2023\/07\/19\/reggio-calabria-presentazione-del-festival-dellaria-con-le-frecce-tricolori\/\",\"url\":\"https:\/\/progettotouring.it\/radiotouring104\/2023\/07\/19\/reggio-calabria-presentazione-del-festival-dellaria-con-le-frecce-tricolori\/\",\"name\":\"Reggio Calabria: presentazione del Festival dell'Aria con le Frecce Tricolori - Radio Touring 104\",\"isPartOf\":{\"@id\":\"https:\/\/progettotouring.it\/radiotouring104\/#website\"},\"primaryImageOfPage\":{\"@id\":\"https:\/\/progettotouring.it\/radiotouring104\/2023\/07\/19\/reggio-calabria-presentazione-del-festival-dellaria-con-le-frecce-tricolori\/#primaryimage\"},\"image\":{\"@id\":\"https:\/\/progettotouring.it\/radiotouring104\/2023\/07\/19\/reggio-calabria-presentazione-del-festival-dellaria-con-le-frecce-tricolori\/#primaryimage\"},\"thumbnailUrl\":\"https:\/\/progettotouring.it\/radiotouring104\/wp-content\/uploads\/sites\/6\/2023\/01\/frecce-tricolori-2019.jpeg\",\"datePublished\":\"2023-07-19T11:27:55+00:00\",\"dateModified\":\"2023-07-19T12:12:34+00:00\",\"description\":\"Domani a Reggio Calabria, a Palazzo Alvaro, ci sar\u00e0 la presentazione del Festival dell'Aria con le esibizioni delle Frecce Tricolori\",\"breadcrumb\":{\"@id\":\"https:\/\/progettotouring.it\/radiotouring104\/2023\/07\/19\/reggio-calabria-presentazione-del-festival-dellaria-con-le-frecce-tricolori\/#breadcrumb\"},\"inLanguage\":\"it-IT\",\"potentialAction\":[{\"@type\":\"ReadAction\",\"target\":[\"https:\/\/progettotouring.it\/radiotouring104\/2023\/07\/19\/reggio-calabria-presentazione-del-festival-dellaria-con-le-frecce-tricolori\/\"]}]},{\"@type\":\"ImageObject\",\"inLanguage\":\"it-IT\",\"@id\":\"https:\/\/progettotouring.it\/radiotouring104\/2023\/07\/19\/reggio-calabria-presentazione-del-festival-dellaria-con-le-frecce-tricolori\/#primaryimage\",\"url\":\"https:\/\/progettotouring.it\/radiotouring104\/wp-content\/uploads\/sites\/6\/2023\/01\/frecce-tricolori-2019.jpeg\",\"contentUrl\":\"https:\/\/progettotouring.it\/radiotouring104\/wp-content\/uploads\/sites\/6\/2023\/01\/frecce-tricolori-2019.jpeg\",\"width\":1024,\"height\":673},{\"@type\":\"BreadcrumbList\",\"@id\":\"https:\/\/progettotouring.it\/radiotouring104\/2023\/07\/19\/reggio-calabria-presentazione-del-festival-dellaria-con-le-frecce-tricolori\/#breadcrumb\",\"itemListElement\":[{\"@type\":\"ListItem\",\"position\":1,\"name\":\"Home\",\"item\":\"https:\/\/progettotouring.it\/radiotouring104\/\"},{\"@type\":\"ListItem\",\"position\":2,\"name\":\"Reggio Calabria: presentazione del Festival dell&#8217;Aria con le Frecce Tricolori\"}]},{\"@type\":\"WebSite\",\"@id\":\"https:\/\/progettotouring.it\/radiotouring104\/#website\",\"url\":\"https:\/\/progettotouring.it\/radiotouring104\/\",\"name\":\"Radio Touring 104\",\"description\":\"La prima radio Reggina\",\"publisher\":{\"@id\":\"https:\/\/progettotouring.it\/radiotouring104\/#organization\"},\"potentialAction\":[{\"@type\":\"SearchAction\",\"target\":{\"@type\":\"EntryPoint\",\"urlTemplate\":\"https:\/\/progettotouring.it\/radiotouring104\/?s={search_term_string}\"},\"query-input\":{\"@type\":\"PropertyValueSpecification\",\"valueRequired\":true,\"valueName\":\"search_term_string\"}}],\"inLanguage\":\"it-IT\"},{\"@type\":\"Organization\",\"@id\":\"https:\/\/progettotouring.it\/radiotouring104\/#organization\",\"name\":\"Radio Touring 104\",\"url\":\"https:\/\/progettotouring.it\/radiotouring104\/\",\"logo\":{\"@type\":\"ImageObject\",\"inLanguage\":\"it-IT\",\"@id\":\"https:\/\/progettotouring.it\/radiotouring104\/#\/schema\/logo\/image\/\",\"url\":\"https:\/\/progettotouring.it\/radiotouring104\/wp-content\/uploads\/sites\/6\/2022\/02\/cropped-logo-radio-touring-104.png\",\"contentUrl\":\"https:\/\/progettotouring.it\/radiotouring104\/wp-content\/uploads\/sites\/6\/2022\/02\/cropped-logo-radio-touring-104.png\",\"width\":377,\"height\":182,\"caption\":\"Radio Touring 104\"},\"image\":{\"@id\":\"https:\/\/progettotouring.it\/radiotouring104\/#\/schema\/logo\/image\/\"}},{\"@type\":\"Person\",\"@id\":\"https:\/\/progettotouring.it\/radiotouring104\/#\/schema\/person\/4a82259ca52ac8702ad1a8f9e5a3120b\",\"name\":\"Filippo Francesco Idone\",\"image\":{\"@type\":\"ImageObject\",\"inLanguage\":\"it-IT\",\"@id\":\"https:\/\/secure.gravatar.com\/avatar\/7268715d2366395c3dd314385670e6484117d44f5c442e61e230f7008b7b62d3?s=96&d=mm&r=g\",\"url\":\"https:\/\/secure.gravatar.com\/avatar\/7268715d2366395c3dd314385670e6484117d44f5c442e61e230f7008b7b62d3?s=96&d=mm&r=g\",\"contentUrl\":\"https:\/\/secure.gravatar.com\/avatar\/7268715d2366395c3dd314385670e6484117d44f5c442e61e230f7008b7b62d3?s=96&d=mm&r=g\",\"caption\":\"Filippo Francesco Idone\"},\"url\":\"https:\/\/progettotouring.it\/radiotouring104\/author\/filippoidone\/\"}]}<\/script>\n<!-- \/ Yoast SEO plugin. -->","yoast_head_json":{"title":"Reggio Calabria: presentazione del Festival dell'Aria con le Frecce Tricolori - Radio Touring 104","description":"Domani a Reggio Calabria, a Palazzo Alvaro, ci sar\u00e0 la presentazione del Festival dell'Aria con le esibizioni delle Frecce Tricolori","robots":{"index":"index","follow":"follow","max-snippet":"max-snippet:-1","max-image-preview":"max-image-preview:large","max-video-preview":"max-video-preview:-1"},"canonical":"https:\/\/progettotouring.it\/radiotouring104\/2023\/07\/19\/reggio-calabria-presentazione-del-festival-dellaria-con-le-frecce-tricolori\/","og_locale":"it_IT","og_type":"article","og_title":"Reggio Calabria: presentazione del Festival dell'Aria con le Frecce Tricolori - Radio Touring 104","og_description":"Domani a Reggio Calabria, a Palazzo Alvaro, ci sar\u00e0 la presentazione del Festival dell'Aria con le esibizioni delle Frecce Tricolori","og_url":"https:\/\/progettotouring.it\/radiotouring104\/2023\/07\/19\/reggio-calabria-presentazione-del-festival-dellaria-con-le-frecce-tricolori\/","og_site_name":"Radio Touring 104","article_published_time":"2023-07-19T11:27:55+00:00","article_modified_time":"2023-07-19T12:12:34+00:00","og_image":[{"width":1024,"height":673,"url":"https:\/\/progettotouring.it\/radiotouring104\/wp-content\/uploads\/sites\/6\/2023\/01\/frecce-tricolori-2019.jpeg","type":"image\/jpeg"}],"author":"Filippo Francesco Idone","twitter_card":"summary_large_image","twitter_misc":{"Scritto da":"Filippo Francesco Idone","Tempo di lettura stimato":"1 minuto"},"schema":{"@context":"https:\/\/schema.org","@graph":[{"@type":"Article","@id":"https:\/\/progettotouring.it\/radiotouring104\/2023\/07\/19\/reggio-calabria-presentazione-del-festival-dellaria-con-le-frecce-tricolori\/#article","isPartOf":{"@id":"https:\/\/progettotouring.it\/radiotouring104\/2023\/07\/19\/reggio-calabria-presentazione-del-festival-dellaria-con-le-frecce-tricolori\/"},"author":{"name":"Filippo Francesco Idone","@id":"https:\/\/progettotouring.it\/radiotouring104\/#\/schema\/person\/4a82259ca52ac8702ad1a8f9e5a3120b"},"headline":"Reggio Calabria: presentazione del Festival dell&#8217;Aria con le Frecce Tricolori","datePublished":"2023-07-19T11:27:55+00:00","dateModified":"2023-07-19T12:12:34+00:00","mainEntityOfPage":{"@id":"https:\/\/progettotouring.it\/radiotouring104\/2023\/07\/19\/reggio-calabria-presentazione-del-festival-dellaria-con-le-frecce-tricolori\/"},"wordCount":223,"publisher":{"@id":"https:\/\/progettotouring.it\/radiotouring104\/#organization"},"image":{"@id":"https:\/\/progettotouring.it\/radiotouring104\/2023\/07\/19\/reggio-calabria-presentazione-del-festival-dellaria-con-le-frecce-tricolori\/#primaryimage"},"thumbnailUrl":"https:\/\/progettotouring.it\/radiotouring104\/wp-content\/uploads\/sites\/6\/2023\/01\/frecce-tricolori-2019.jpeg","keywords":["Aero Club d'Italia","Aero Club dello Stretto","Citt\u00e0 metropolitana","I tesori del mediterraneo","Metrocity","Palazzo Alvaro","reggio calabria"],"articleSection":["Home","News","Reggio Calabria"],"inLanguage":"it-IT"},{"@type":"WebPage","@id":"https:\/\/progettotouring.it\/radiotouring104\/2023\/07\/19\/reggio-calabria-presentazione-del-festival-dellaria-con-le-frecce-tricolori\/","url":"https:\/\/progettotouring.it\/radiotouring104\/2023\/07\/19\/reggio-calabria-presentazione-del-festival-dellaria-con-le-frecce-tricolori\/","name":"Reggio Calabria: presentazione del Festival dell'Aria con le Frecce Tricolori - Radio Touring 104","isPartOf":{"@id":"https:\/\/progettotouring.it\/radiotouring104\/#website"},"primaryImageOfPage":{"@id":"https:\/\/progettotouring.it\/radiotouring104\/2023\/07\/19\/reggio-calabria-presentazione-del-festival-dellaria-con-le-frecce-tricolori\/#primaryimage"},"image":{"@id":"https:\/\/progettotouring.it\/radiotouring104\/2023\/07\/19\/reggio-calabria-presentazione-del-festival-dellaria-con-le-frecce-tricolori\/#primaryimage"},"thumbnailUrl":"https:\/\/progettotouring.it\/radiotouring104\/wp-content\/uploads\/sites\/6\/2023\/01\/frecce-tricolori-2019.jpeg","datePublished":"2023-07-19T11:27:55+00:00","dateModified":"2023-07-19T12:12:34+00:00","description":"Domani a Reggio Calabria, a Palazzo Alvaro, ci sar\u00e0 la presentazione del Festival dell'Aria con le esibizioni delle Frecce Tricolori","breadcrumb":{"@id":"https:\/\/progettotouring.it\/radiotouring104\/2023\/07\/19\/reggio-calabria-presentazione-del-festival-dellaria-con-le-frecce-tricolori\/#breadcrumb"},"inLanguage":"it-IT","potentialAction":[{"@type":"ReadAction","target":["https:\/\/progettotouring.it\/radiotouring104\/2023\/07\/19\/reggio-calabria-presentazione-del-festival-dellaria-con-le-frecce-tricolori\/"]}]},{"@type":"ImageObject","inLanguage":"it-IT","@id":"https:\/\/progettotouring.it\/radiotouring104\/2023\/07\/19\/reggio-calabria-presentazione-del-festival-dellaria-con-le-frecce-tricolori\/#primaryimage","url":"https:\/\/progettotouring.it\/radiotouring104\/wp-content\/uploads\/sites\/6\/2023\/01\/frecce-tricolori-2019.jpeg","contentUrl":"https:\/\/progettotouring.it\/radiotouring104\/wp-content\/uploads\/sites\/6\/2023\/01\/frecce-tricolori-2019.jpeg","width":1024,"height":673},{"@type":"BreadcrumbList","@id":"https:\/\/progettotouring.it\/radiotouring104\/2023\/07\/19\/reggio-calabria-presentazione-del-festival-dellaria-con-le-frecce-tricolori\/#breadcrumb","itemListElement":[{"@type":"ListItem","position":1,"name":"Home","item":"https:\/\/progettotouring.it\/radiotouring104\/"},{"@type":"ListItem","position":2,"name":"Reggio Calabria: presentazione del Festival dell&#8217;Aria con le Frecce Tricolori"}]},{"@type":"WebSite","@id":"https:\/\/progettotouring.it\/radiotouring104\/#website","url":"https:\/\/progettotouring.it\/radiotouring104\/","name":"Radio Touring 104","description":"La prima radio Reggina","publisher":{"@id":"https:\/\/progettotouring.it\/radiotouring104\/#organization"},"potentialAction":[{"@type":"SearchAction","target":{"@type":"EntryPoint","urlTemplate":"https:\/\/progettotouring.it\/radiotouring104\/?s={search_term_string}"},"query-input":{"@type":"PropertyValueSpecification","valueRequired":true,"valueName":"search_term_string"}}],"inLanguage":"it-IT"},{"@type":"Organization","@id":"https:\/\/progettotouring.it\/radiotouring104\/#organization","name":"Radio Touring 104","url":"https:\/\/progettotouring.it\/radiotouring104\/","logo":{"@type":"ImageObject","inLanguage":"it-IT","@id":"https:\/\/progettotouring.it\/radiotouring104\/#\/schema\/logo\/image\/","url":"https:\/\/progettotouring.it\/radiotouring104\/wp-content\/uploads\/sites\/6\/2022\/02\/cropped-logo-radio-touring-104.png","contentUrl":"https:\/\/progettotouring.it\/radiotouring104\/wp-content\/uploads\/sites\/6\/2022\/02\/cropped-logo-radio-touring-104.png","width":377,"height":182,"caption":"Radio Touring 104"},"image":{"@id":"https:\/\/progettotouring.it\/radiotouring104\/#\/schema\/logo\/image\/"}},{"@type":"Person","@id":"https:\/\/progettotouring.it\/radiotouring104\/#\/schema\/person\/4a82259ca52ac8702ad1a8f9e5a3120b","name":"Filippo Francesco Idone","image":{"@type":"ImageObject","inLanguage":"it-IT","@id":"https:\/\/secure.gravatar.com\/avatar\/7268715d2366395c3dd314385670e6484117d44f5c442e61e230f7008b7b62d3?s=96&d=mm&r=g","url":"https:\/\/secure.gravatar.com\/avatar\/7268715d2366395c3dd314385670e6484117d44f5c442e61e230f7008b7b62d3?s=96&d=mm&r=g","contentUrl":"https:\/\/secure.gravatar.com\/avatar\/7268715d2366395c3dd314385670e6484117d44f5c442e61e230f7008b7b62d3?s=96&d=mm&r=g","caption":"Filippo Francesco Idone"},"url":"https:\/\/progettotouring.it\/radiotouring104\/author\/filippoidone\/"}]}},"jetpack_publicize_connections":[],"jetpack_featured_media_url":"https:\/\/progettotouring.it\/radiotouring104\/wp-content\/uploads\/sites\/6\/2023\/01\/frecce-tricolori-2019.jpeg","jetpack_sharing_enabled":true,"_links":{"self":[{"href":"https:\/\/progettotouring.it\/radiotouring104\/wp-json\/wp\/v2\/posts\/30591","targetHints":{"allow":["GET"]}}],"collection":[{"href":"https:\/\/progettotouring.it\/radiotouring104\/wp-json\/wp\/v2\/posts"}],"about":[{"href":"https:\/\/progettotouring.it\/radiotouring104\/wp-json\/wp\/v2\/types\/post"}],"author":[{"embeddable":true,"href":"https:\/\/progettotouring.it\/radiotouring104\/wp-json\/wp\/v2\/users\/8"}],"replies":[{"embeddable":true,"href":"https:\/\/progettotouring.it\/radiotouring104\/wp-json\/wp\/v2\/comments?post=30591"}],"version-history":[{"count":1,"href":"https:\/\/progettotouring.it\/radiotouring104\/wp-json\/wp\/v2\/posts\/30591\/revisions"}],"predecessor-version":[{"id":30592,"href":"https:\/\/progettotouring.it\/radiotouring104\/wp-json\/wp\/v2\/posts\/30591\/revisions\/30592"}],"wp:featuredmedia":[{"embeddable":true,"href":"https:\/\/progettotouring.it\/radiotouring104\/wp-json\/wp\/v2\/media\/16996"}],"wp:attachment":[{"href":"https:\/\/progettotouring.it\/radiotouring104\/wp-json\/wp\/v2\/media?parent=30591"}],"wp:term":[{"taxonomy":"category","embeddable":true,"href":"https:\/\/progettotouring.it\/radiotouring104\/wp-json\/wp\/v2\/categories?post=30591"},{"taxonomy":"post_tag","embeddable":true,"href":"https:\/\/progettotouring.it\/radiotouring104\/wp-json\/wp\/v2\/tags?post=30591"}],"curies":[{"name":"wp","href":"https:\/\/api.w.org\/{rel}","templated":true}]}}