{"id":30609,"date":"2023-07-19T15:05:48","date_gmt":"2023-07-19T13:05:48","guid":{"rendered":"https:\/\/progettotouring.it\/radiotouring104\/?p=30609"},"modified":"2023-07-20T11:07:12","modified_gmt":"2023-07-20T09:07:12","slug":"reggio-calabria-svolta-la-prima-assemblea-siulcc","status":"publish","type":"post","link":"https:\/\/progettotouring.it\/radiotouring104\/2023\/07\/19\/reggio-calabria-svolta-la-prima-assemblea-siulcc\/","title":{"rendered":"Reggio Calabria: svolta la prima assemblea SIULCC"},"content":{"rendered":"<p style=\"text-align: justify\">Luned\u00ec <strong>17 luglio 2023<\/strong> si \u00e8 svolta l\u2019assemblea sindacale del <strong><em>SIULCC<\/em><\/strong> all\u2019interno dell\u2019Aula Polifunzionale della Caserma \u201c<strong>Fava-Garofalo<\/strong>\u201d. I lavori si sono svolti con la presentazione del <strong><em>SIULCC<\/em><\/strong> da parte del Segretario Generale <strong><em>Sebastiano Calabr\u00f2<\/em><\/strong>, il quale ha ribadito l\u2019importanza della vigente normativa che ha permesso di legittimare le APCSM (Associazioni Professionali a carattere sindacale tra militari) <strong><em>in considerazione <\/em><\/strong>della peculiare identit\u00e0 &#8211; di appartenente a Forza Armata e Forza di Polizia &#8211; che caratterizza il <strong><em>Carabiniere\/Militare\/LAVORATORE.<\/em><\/strong><\/p>\n<p style=\"text-align: justify\">Nel corso dell\u2019evento, svolto con la partecipazione dei dirigenti nazionale del <strong><em>SIULCC, <\/em><\/strong>\u00e8 stato sottolineato l\u2019innovativo strumento che regola il diritto di assemblea previsto della legge 46 del 28 aprile 2022 per la partecipazione da parte di tutti i militari. L\u2019assemblea si \u00e8 sviluppata con la partecipazione attiva degli intervenuti a tutti le fasi del dibattito con particolare interesse per le testimonianze di alcuni militari che rivestono il ruolo di &#8220;<strong>Comandante di Stazione&#8221;<\/strong>.<\/p>\n<p style=\"text-align: justify\">Nell\u2019occasione \u00e8 stato presentato alla platea uno dei collaboratori dell\u2019<strong><em>APCSM<\/em><\/strong> <strong>Prof<\/strong>. <strong>MATASSO Antonio<\/strong> &#8211; avvocato, giornalista e docente universitario presso l\u2019Ateneo di Palermo &#8211; che in sintesi si riporta l\u2019intervento di seguito: &#8220;<em>Mi \u00e8 gradito intervenire in questa sede, sia per i legami familiari con il mondo dell\u2019Arma, sia per il fatto di trovarmi a parlare in un luogo di formazione, che suscita di per s\u00e9 molto rispetto in un docente universitario, come \u00e8 ovvio che sia. Nello scorso mese di maggio \u00e8 stato doverosamente celebrato l\u2019anniversario dell\u2019emanazione dello Statuto dei Lavoratori, vale a dire della legge 300 del 1970, voluta cinquantatr\u00e9 anni fa dal ministro Giacomo Brodolini, dal suo successore <strong>Carlo Donat Cattin<\/strong> e dal futuro ministro e gi\u00e0 insigne giurista Gino Giugni: quel grande intervento riformistico fece s\u00ec che la Costituzione entrasse finalmente in quasi tutti i luoghi di lavoro. Adesso si palesa la possibilit\u00e0 e la concreta prospettiva di completare l\u2019opera, grazie a quanto disposto dalla legge 46 del 2022, relativa alla libert\u00e0 sindacale del personale militare. Con particolare riferimento all\u2019Arma dei Carabinieri, \u00e8 stata ricordata nei precedenti interventi la fondazione della Benemerita, avvenuta nel 1814: aggiungo che, in ragione di ci\u00f2, quella che oggi rappresenta la quarta forza armata ha vissuto tutta la storia del Risorgimento, la qual cosa mi permette di ricordare quanto diceva Giuseppe Mazzini, uno dei protagonisti di tale epoca. L\u2019Apostolo della Repubblica sosteneva infatti che i diritti vanno considerati alla stregua di una conseguenza dei doveri adempiuti: non \u00e8 certo un concetto alieno a chi \u00e8 inquadrato tra i Carabinieri; di sicuro, per\u00f2, oggi il perseguimento e la tutela dei diritti dei militari dell\u2019Arma non possono considerarsi degli ostacoli al servizio, ma semmai delle opportunit\u00e0 atte a favorirne una maggiore efficienza dello stesso. <strong>La sindacalizzazione<\/strong> dei corpi armati rappresenta pertanto un quid pluris: se \u00e8 vero, come si diceva, che il godimento dei diritti per un militare discende dall\u2019adempimento dei doveri, al contempo non si pu\u00f2 pensare che i doveri siano adempiuti negando dei diritti. Il sindacato \u00e8 chiamato cos\u00ec ad un ruolo centrale, in quanto la Costituzione deve poter entrare in tutti i luoghi di lavoro e, proprio per tramite del sindacalismo militare, sar\u00e0 possibile eliminare ogni residua idea volta a relegare ancora i lavoratori dei corpi armati nella serie B del pubblico impiego&#8221;<\/em>.<\/p>\n","protected":false},"excerpt":{"rendered":"<p>Luned\u00ec 17 luglio 2023 si \u00e8 svolta l\u2019assemblea sindacale del SIULCC all\u2019interno dell\u2019Aula Polifunzionale della Caserma \u201cFava-Garofalo\u201d. I lavori si sono svolti con la presentazione del SIULCC da parte del&hellip;<\/p>\n","protected":false},"author":8,"featured_media":30610,"comment_status":"closed","ping_status":"open","sticky":false,"template":"","format":"standard","meta":{"_jetpack_memberships_contains_paid_content":false,"footnotes":"","jetpack_publicize_message":"","jetpack_publicize_feature_enabled":true,"jetpack_social_post_already_shared":false,"jetpack_social_options":{"image_generator_settings":{"template":"highway","default_image_id":0,"font":"","enabled":false},"version":2}},"categories":[921,196,140],"tags":[19064,13489],"class_list":["post-30609","post","type-post","status-publish","format-standard","has-post-thumbnail","hentry","category-home","category-news","category-reggio-calabria","tag-carlo-donat-cattin","tag-siulcc"],"yoast_head":"<!-- This site is optimized with the Yoast SEO plugin v27.2 - https:\/\/yoast.com\/product\/yoast-seo-wordpress\/ -->\n<title>Reggio Calabria: svolta la prima assemblea SIULCC<\/title>\n<meta name=\"description\" content=\"La prima Assemblea generale della SIULCC si \u00e8 tenuta luned\u00ec 17 luglio presso la Scuola Allievi Carabinieri Fava-Garofalo\" \/>\n<meta name=\"robots\" content=\"index, follow, max-snippet:-1, max-image-preview:large, max-video-preview:-1\" \/>\n<link rel=\"canonical\" href=\"https:\/\/progettotouring.it\/radiotouring104\/2023\/07\/19\/reggio-calabria-svolta-la-prima-assemblea-siulcc\/\" \/>\n<meta property=\"og:locale\" content=\"it_IT\" \/>\n<meta property=\"og:type\" content=\"article\" \/>\n<meta property=\"og:title\" content=\"Reggio Calabria: svolta la prima assemblea SIULCC\" \/>\n<meta property=\"og:description\" content=\"La prima Assemblea generale della SIULCC si \u00e8 tenuta luned\u00ec 17 luglio presso la Scuola Allievi Carabinieri Fava-Garofalo\" \/>\n<meta property=\"og:url\" content=\"https:\/\/progettotouring.it\/radiotouring104\/2023\/07\/19\/reggio-calabria-svolta-la-prima-assemblea-siulcc\/\" \/>\n<meta property=\"og:site_name\" content=\"Radio Touring 104\" \/>\n<meta property=\"article:published_time\" content=\"2023-07-19T13:05:48+00:00\" \/>\n<meta property=\"article:modified_time\" content=\"2023-07-20T09:07:12+00:00\" \/>\n<meta property=\"og:image\" content=\"https:\/\/progettotouring.it\/radiotouring104\/wp-content\/uploads\/sites\/6\/2023\/07\/SIULCC.jpg\" \/>\n\t<meta property=\"og:image:width\" content=\"1024\" \/>\n\t<meta property=\"og:image:height\" content=\"768\" \/>\n\t<meta property=\"og:image:type\" content=\"image\/jpeg\" \/>\n<meta name=\"author\" content=\"Filippo Francesco Idone\" \/>\n<meta name=\"twitter:card\" content=\"summary_large_image\" \/>\n<meta name=\"twitter:label1\" content=\"Scritto da\" \/>\n\t<meta name=\"twitter:data1\" content=\"Filippo Francesco Idone\" \/>\n\t<meta name=\"twitter:label2\" content=\"Tempo di lettura stimato\" \/>\n\t<meta name=\"twitter:data2\" content=\"3 minuti\" \/>\n<script type=\"application\/ld+json\" class=\"yoast-schema-graph\">{\"@context\":\"https:\/\/schema.org\",\"@graph\":[{\"@type\":\"Article\",\"@id\":\"https:\/\/progettotouring.it\/radiotouring104\/2023\/07\/19\/reggio-calabria-svolta-la-prima-assemblea-siulcc\/#article\",\"isPartOf\":{\"@id\":\"https:\/\/progettotouring.it\/radiotouring104\/2023\/07\/19\/reggio-calabria-svolta-la-prima-assemblea-siulcc\/\"},\"author\":{\"name\":\"Filippo Francesco Idone\",\"@id\":\"https:\/\/progettotouring.it\/radiotouring104\/#\/schema\/person\/4a82259ca52ac8702ad1a8f9e5a3120b\"},\"headline\":\"Reggio Calabria: svolta la prima assemblea SIULCC\",\"datePublished\":\"2023-07-19T13:05:48+00:00\",\"dateModified\":\"2023-07-20T09:07:12+00:00\",\"mainEntityOfPage\":{\"@id\":\"https:\/\/progettotouring.it\/radiotouring104\/2023\/07\/19\/reggio-calabria-svolta-la-prima-assemblea-siulcc\/\"},\"wordCount\":538,\"publisher\":{\"@id\":\"https:\/\/progettotouring.it\/radiotouring104\/#organization\"},\"image\":{\"@id\":\"https:\/\/progettotouring.it\/radiotouring104\/2023\/07\/19\/reggio-calabria-svolta-la-prima-assemblea-siulcc\/#primaryimage\"},\"thumbnailUrl\":\"https:\/\/progettotouring.it\/radiotouring104\/wp-content\/uploads\/sites\/6\/2023\/07\/SIULCC.jpg\",\"keywords\":[\"Carlo Donat Cattin\",\"SIULCC\"],\"articleSection\":[\"Home\",\"News\",\"Reggio Calabria\"],\"inLanguage\":\"it-IT\"},{\"@type\":\"WebPage\",\"@id\":\"https:\/\/progettotouring.it\/radiotouring104\/2023\/07\/19\/reggio-calabria-svolta-la-prima-assemblea-siulcc\/\",\"url\":\"https:\/\/progettotouring.it\/radiotouring104\/2023\/07\/19\/reggio-calabria-svolta-la-prima-assemblea-siulcc\/\",\"name\":\"Reggio Calabria: svolta la prima assemblea SIULCC\",\"isPartOf\":{\"@id\":\"https:\/\/progettotouring.it\/radiotouring104\/#website\"},\"primaryImageOfPage\":{\"@id\":\"https:\/\/progettotouring.it\/radiotouring104\/2023\/07\/19\/reggio-calabria-svolta-la-prima-assemblea-siulcc\/#primaryimage\"},\"image\":{\"@id\":\"https:\/\/progettotouring.it\/radiotouring104\/2023\/07\/19\/reggio-calabria-svolta-la-prima-assemblea-siulcc\/#primaryimage\"},\"thumbnailUrl\":\"https:\/\/progettotouring.it\/radiotouring104\/wp-content\/uploads\/sites\/6\/2023\/07\/SIULCC.jpg\",\"datePublished\":\"2023-07-19T13:05:48+00:00\",\"dateModified\":\"2023-07-20T09:07:12+00:00\",\"description\":\"La prima Assemblea generale della SIULCC si \u00e8 tenuta luned\u00ec 17 luglio presso la Scuola Allievi Carabinieri Fava-Garofalo\",\"breadcrumb\":{\"@id\":\"https:\/\/progettotouring.it\/radiotouring104\/2023\/07\/19\/reggio-calabria-svolta-la-prima-assemblea-siulcc\/#breadcrumb\"},\"inLanguage\":\"it-IT\",\"potentialAction\":[{\"@type\":\"ReadAction\",\"target\":[\"https:\/\/progettotouring.it\/radiotouring104\/2023\/07\/19\/reggio-calabria-svolta-la-prima-assemblea-siulcc\/\"]}]},{\"@type\":\"ImageObject\",\"inLanguage\":\"it-IT\",\"@id\":\"https:\/\/progettotouring.it\/radiotouring104\/2023\/07\/19\/reggio-calabria-svolta-la-prima-assemblea-siulcc\/#primaryimage\",\"url\":\"https:\/\/progettotouring.it\/radiotouring104\/wp-content\/uploads\/sites\/6\/2023\/07\/SIULCC.jpg\",\"contentUrl\":\"https:\/\/progettotouring.it\/radiotouring104\/wp-content\/uploads\/sites\/6\/2023\/07\/SIULCC.jpg\",\"width\":1024,\"height\":768},{\"@type\":\"BreadcrumbList\",\"@id\":\"https:\/\/progettotouring.it\/radiotouring104\/2023\/07\/19\/reggio-calabria-svolta-la-prima-assemblea-siulcc\/#breadcrumb\",\"itemListElement\":[{\"@type\":\"ListItem\",\"position\":1,\"name\":\"Home\",\"item\":\"https:\/\/progettotouring.it\/radiotouring104\/\"},{\"@type\":\"ListItem\",\"position\":2,\"name\":\"Reggio Calabria: svolta la prima assemblea SIULCC\"}]},{\"@type\":\"WebSite\",\"@id\":\"https:\/\/progettotouring.it\/radiotouring104\/#website\",\"url\":\"https:\/\/progettotouring.it\/radiotouring104\/\",\"name\":\"Radio Touring 104\",\"description\":\"La prima radio Reggina\",\"publisher\":{\"@id\":\"https:\/\/progettotouring.it\/radiotouring104\/#organization\"},\"potentialAction\":[{\"@type\":\"SearchAction\",\"target\":{\"@type\":\"EntryPoint\",\"urlTemplate\":\"https:\/\/progettotouring.it\/radiotouring104\/?s={search_term_string}\"},\"query-input\":{\"@type\":\"PropertyValueSpecification\",\"valueRequired\":true,\"valueName\":\"search_term_string\"}}],\"inLanguage\":\"it-IT\"},{\"@type\":\"Organization\",\"@id\":\"https:\/\/progettotouring.it\/radiotouring104\/#organization\",\"name\":\"Radio Touring 104\",\"url\":\"https:\/\/progettotouring.it\/radiotouring104\/\",\"logo\":{\"@type\":\"ImageObject\",\"inLanguage\":\"it-IT\",\"@id\":\"https:\/\/progettotouring.it\/radiotouring104\/#\/schema\/logo\/image\/\",\"url\":\"https:\/\/progettotouring.it\/radiotouring104\/wp-content\/uploads\/sites\/6\/2022\/02\/cropped-logo-radio-touring-104.png\",\"contentUrl\":\"https:\/\/progettotouring.it\/radiotouring104\/wp-content\/uploads\/sites\/6\/2022\/02\/cropped-logo-radio-touring-104.png\",\"width\":377,\"height\":182,\"caption\":\"Radio Touring 104\"},\"image\":{\"@id\":\"https:\/\/progettotouring.it\/radiotouring104\/#\/schema\/logo\/image\/\"}},{\"@type\":\"Person\",\"@id\":\"https:\/\/progettotouring.it\/radiotouring104\/#\/schema\/person\/4a82259ca52ac8702ad1a8f9e5a3120b\",\"name\":\"Filippo Francesco Idone\",\"image\":{\"@type\":\"ImageObject\",\"inLanguage\":\"it-IT\",\"@id\":\"https:\/\/secure.gravatar.com\/avatar\/7268715d2366395c3dd314385670e6484117d44f5c442e61e230f7008b7b62d3?s=96&d=mm&r=g\",\"url\":\"https:\/\/secure.gravatar.com\/avatar\/7268715d2366395c3dd314385670e6484117d44f5c442e61e230f7008b7b62d3?s=96&d=mm&r=g\",\"contentUrl\":\"https:\/\/secure.gravatar.com\/avatar\/7268715d2366395c3dd314385670e6484117d44f5c442e61e230f7008b7b62d3?s=96&d=mm&r=g\",\"caption\":\"Filippo Francesco Idone\"},\"url\":\"https:\/\/progettotouring.it\/radiotouring104\/author\/filippoidone\/\"}]}<\/script>\n<!-- \/ Yoast SEO plugin. -->","yoast_head_json":{"title":"Reggio Calabria: svolta la prima assemblea SIULCC","description":"La prima Assemblea generale della SIULCC si \u00e8 tenuta luned\u00ec 17 luglio presso la Scuola Allievi Carabinieri Fava-Garofalo","robots":{"index":"index","follow":"follow","max-snippet":"max-snippet:-1","max-image-preview":"max-image-preview:large","max-video-preview":"max-video-preview:-1"},"canonical":"https:\/\/progettotouring.it\/radiotouring104\/2023\/07\/19\/reggio-calabria-svolta-la-prima-assemblea-siulcc\/","og_locale":"it_IT","og_type":"article","og_title":"Reggio Calabria: svolta la prima assemblea SIULCC","og_description":"La prima Assemblea generale della SIULCC si \u00e8 tenuta luned\u00ec 17 luglio presso la Scuola Allievi Carabinieri Fava-Garofalo","og_url":"https:\/\/progettotouring.it\/radiotouring104\/2023\/07\/19\/reggio-calabria-svolta-la-prima-assemblea-siulcc\/","og_site_name":"Radio Touring 104","article_published_time":"2023-07-19T13:05:48+00:00","article_modified_time":"2023-07-20T09:07:12+00:00","og_image":[{"width":1024,"height":768,"url":"https:\/\/progettotouring.it\/radiotouring104\/wp-content\/uploads\/sites\/6\/2023\/07\/SIULCC.jpg","type":"image\/jpeg"}],"author":"Filippo Francesco Idone","twitter_card":"summary_large_image","twitter_misc":{"Scritto da":"Filippo Francesco Idone","Tempo di lettura stimato":"3 minuti"},"schema":{"@context":"https:\/\/schema.org","@graph":[{"@type":"Article","@id":"https:\/\/progettotouring.it\/radiotouring104\/2023\/07\/19\/reggio-calabria-svolta-la-prima-assemblea-siulcc\/#article","isPartOf":{"@id":"https:\/\/progettotouring.it\/radiotouring104\/2023\/07\/19\/reggio-calabria-svolta-la-prima-assemblea-siulcc\/"},"author":{"name":"Filippo Francesco Idone","@id":"https:\/\/progettotouring.it\/radiotouring104\/#\/schema\/person\/4a82259ca52ac8702ad1a8f9e5a3120b"},"headline":"Reggio Calabria: svolta la prima assemblea SIULCC","datePublished":"2023-07-19T13:05:48+00:00","dateModified":"2023-07-20T09:07:12+00:00","mainEntityOfPage":{"@id":"https:\/\/progettotouring.it\/radiotouring104\/2023\/07\/19\/reggio-calabria-svolta-la-prima-assemblea-siulcc\/"},"wordCount":538,"publisher":{"@id":"https:\/\/progettotouring.it\/radiotouring104\/#organization"},"image":{"@id":"https:\/\/progettotouring.it\/radiotouring104\/2023\/07\/19\/reggio-calabria-svolta-la-prima-assemblea-siulcc\/#primaryimage"},"thumbnailUrl":"https:\/\/progettotouring.it\/radiotouring104\/wp-content\/uploads\/sites\/6\/2023\/07\/SIULCC.jpg","keywords":["Carlo Donat Cattin","SIULCC"],"articleSection":["Home","News","Reggio Calabria"],"inLanguage":"it-IT"},{"@type":"WebPage","@id":"https:\/\/progettotouring.it\/radiotouring104\/2023\/07\/19\/reggio-calabria-svolta-la-prima-assemblea-siulcc\/","url":"https:\/\/progettotouring.it\/radiotouring104\/2023\/07\/19\/reggio-calabria-svolta-la-prima-assemblea-siulcc\/","name":"Reggio Calabria: svolta la prima assemblea SIULCC","isPartOf":{"@id":"https:\/\/progettotouring.it\/radiotouring104\/#website"},"primaryImageOfPage":{"@id":"https:\/\/progettotouring.it\/radiotouring104\/2023\/07\/19\/reggio-calabria-svolta-la-prima-assemblea-siulcc\/#primaryimage"},"image":{"@id":"https:\/\/progettotouring.it\/radiotouring104\/2023\/07\/19\/reggio-calabria-svolta-la-prima-assemblea-siulcc\/#primaryimage"},"thumbnailUrl":"https:\/\/progettotouring.it\/radiotouring104\/wp-content\/uploads\/sites\/6\/2023\/07\/SIULCC.jpg","datePublished":"2023-07-19T13:05:48+00:00","dateModified":"2023-07-20T09:07:12+00:00","description":"La prima Assemblea generale della SIULCC si \u00e8 tenuta luned\u00ec 17 luglio presso la Scuola Allievi Carabinieri Fava-Garofalo","breadcrumb":{"@id":"https:\/\/progettotouring.it\/radiotouring104\/2023\/07\/19\/reggio-calabria-svolta-la-prima-assemblea-siulcc\/#breadcrumb"},"inLanguage":"it-IT","potentialAction":[{"@type":"ReadAction","target":["https:\/\/progettotouring.it\/radiotouring104\/2023\/07\/19\/reggio-calabria-svolta-la-prima-assemblea-siulcc\/"]}]},{"@type":"ImageObject","inLanguage":"it-IT","@id":"https:\/\/progettotouring.it\/radiotouring104\/2023\/07\/19\/reggio-calabria-svolta-la-prima-assemblea-siulcc\/#primaryimage","url":"https:\/\/progettotouring.it\/radiotouring104\/wp-content\/uploads\/sites\/6\/2023\/07\/SIULCC.jpg","contentUrl":"https:\/\/progettotouring.it\/radiotouring104\/wp-content\/uploads\/sites\/6\/2023\/07\/SIULCC.jpg","width":1024,"height":768},{"@type":"BreadcrumbList","@id":"https:\/\/progettotouring.it\/radiotouring104\/2023\/07\/19\/reggio-calabria-svolta-la-prima-assemblea-siulcc\/#breadcrumb","itemListElement":[{"@type":"ListItem","position":1,"name":"Home","item":"https:\/\/progettotouring.it\/radiotouring104\/"},{"@type":"ListItem","position":2,"name":"Reggio Calabria: svolta la prima assemblea SIULCC"}]},{"@type":"WebSite","@id":"https:\/\/progettotouring.it\/radiotouring104\/#website","url":"https:\/\/progettotouring.it\/radiotouring104\/","name":"Radio Touring 104","description":"La prima radio Reggina","publisher":{"@id":"https:\/\/progettotouring.it\/radiotouring104\/#organization"},"potentialAction":[{"@type":"SearchAction","target":{"@type":"EntryPoint","urlTemplate":"https:\/\/progettotouring.it\/radiotouring104\/?s={search_term_string}"},"query-input":{"@type":"PropertyValueSpecification","valueRequired":true,"valueName":"search_term_string"}}],"inLanguage":"it-IT"},{"@type":"Organization","@id":"https:\/\/progettotouring.it\/radiotouring104\/#organization","name":"Radio Touring 104","url":"https:\/\/progettotouring.it\/radiotouring104\/","logo":{"@type":"ImageObject","inLanguage":"it-IT","@id":"https:\/\/progettotouring.it\/radiotouring104\/#\/schema\/logo\/image\/","url":"https:\/\/progettotouring.it\/radiotouring104\/wp-content\/uploads\/sites\/6\/2022\/02\/cropped-logo-radio-touring-104.png","contentUrl":"https:\/\/progettotouring.it\/radiotouring104\/wp-content\/uploads\/sites\/6\/2022\/02\/cropped-logo-radio-touring-104.png","width":377,"height":182,"caption":"Radio Touring 104"},"image":{"@id":"https:\/\/progettotouring.it\/radiotouring104\/#\/schema\/logo\/image\/"}},{"@type":"Person","@id":"https:\/\/progettotouring.it\/radiotouring104\/#\/schema\/person\/4a82259ca52ac8702ad1a8f9e5a3120b","name":"Filippo Francesco Idone","image":{"@type":"ImageObject","inLanguage":"it-IT","@id":"https:\/\/secure.gravatar.com\/avatar\/7268715d2366395c3dd314385670e6484117d44f5c442e61e230f7008b7b62d3?s=96&d=mm&r=g","url":"https:\/\/secure.gravatar.com\/avatar\/7268715d2366395c3dd314385670e6484117d44f5c442e61e230f7008b7b62d3?s=96&d=mm&r=g","contentUrl":"https:\/\/secure.gravatar.com\/avatar\/7268715d2366395c3dd314385670e6484117d44f5c442e61e230f7008b7b62d3?s=96&d=mm&r=g","caption":"Filippo Francesco Idone"},"url":"https:\/\/progettotouring.it\/radiotouring104\/author\/filippoidone\/"}]}},"jetpack_publicize_connections":[],"jetpack_featured_media_url":"https:\/\/progettotouring.it\/radiotouring104\/wp-content\/uploads\/sites\/6\/2023\/07\/SIULCC.jpg","jetpack_sharing_enabled":true,"_links":{"self":[{"href":"https:\/\/progettotouring.it\/radiotouring104\/wp-json\/wp\/v2\/posts\/30609","targetHints":{"allow":["GET"]}}],"collection":[{"href":"https:\/\/progettotouring.it\/radiotouring104\/wp-json\/wp\/v2\/posts"}],"about":[{"href":"https:\/\/progettotouring.it\/radiotouring104\/wp-json\/wp\/v2\/types\/post"}],"author":[{"embeddable":true,"href":"https:\/\/progettotouring.it\/radiotouring104\/wp-json\/wp\/v2\/users\/8"}],"replies":[{"embeddable":true,"href":"https:\/\/progettotouring.it\/radiotouring104\/wp-json\/wp\/v2\/comments?post=30609"}],"version-history":[{"count":1,"href":"https:\/\/progettotouring.it\/radiotouring104\/wp-json\/wp\/v2\/posts\/30609\/revisions"}],"predecessor-version":[{"id":30611,"href":"https:\/\/progettotouring.it\/radiotouring104\/wp-json\/wp\/v2\/posts\/30609\/revisions\/30611"}],"wp:featuredmedia":[{"embeddable":true,"href":"https:\/\/progettotouring.it\/radiotouring104\/wp-json\/wp\/v2\/media\/30610"}],"wp:attachment":[{"href":"https:\/\/progettotouring.it\/radiotouring104\/wp-json\/wp\/v2\/media?parent=30609"}],"wp:term":[{"taxonomy":"category","embeddable":true,"href":"https:\/\/progettotouring.it\/radiotouring104\/wp-json\/wp\/v2\/categories?post=30609"},{"taxonomy":"post_tag","embeddable":true,"href":"https:\/\/progettotouring.it\/radiotouring104\/wp-json\/wp\/v2\/tags?post=30609"}],"curies":[{"name":"wp","href":"https:\/\/api.w.org\/{rel}","templated":true}]}}