{"id":30612,"date":"2023-07-19T15:23:22","date_gmt":"2023-07-19T13:23:22","guid":{"rendered":"https:\/\/progettotouring.it\/radiotouring104\/?p=30612"},"modified":"2023-07-20T11:07:43","modified_gmt":"2023-07-20T09:07:43","slug":"calici-sotto-le-stelle-manca-poco-per-la-xiv-edizione","status":"publish","type":"post","link":"https:\/\/progettotouring.it\/radiotouring104\/2023\/07\/19\/calici-sotto-le-stelle-manca-poco-per-la-xiv-edizione\/","title":{"rendered":"Calici Sotto le Stelle: manca poco per la XIV edizione"},"content":{"rendered":"<p class=\"xmprfx_MsoNormal\" style=\"text-align: justify\">Prende il via a Cirella domani gioved\u00ec 20 luglio, per concludersi sabato 22 luglio, la prima parte della quattordicesima edizione di<strong> Calici Sotto le Stelle<\/strong>, l\u2019evento che annualmente promuove le eccellenze enologiche del territorio, organizzato dall\u2019Associazione <strong>Culturale Cerillae e dalla Casa del Chiarello<\/strong>, con il patrocinio dell\u2019Amministrazione Comunale di Diamante e che vede tra i suoi partner il GAL Riviera dei Cedri. Ad agosto dal 24 al 26, la seconda parte della manifestazione che quest&#8217;anno torna nel tradizionale format del doppio appuntamento annuale.<\/p>\n<p class=\"xmprfx_MsoNormal\" style=\"text-align: justify\">Alle ore 21,00 di domani \u00e8 prevista l\u2019inaugurazione, alla presenza delle autorit\u00e0 cittadine, che dar\u00e0 il via a una manifestazione che \u00e8 ormai diventata un cult, sia per la valorizzazione del territorio e delle sue specificit\u00e0, sia per le numerose iniziative che propongono aspetti inediti della nostra cultura e della nostra societ\u00e0. Calici Sotto le Stelle, infatti, offre uno spaccato vero delle nostre cose pi\u00f9 apprezzate e belle: l\u2019ospitalit\u00e0 e la genuinit\u00e0 dei rapporti, i sapori veri del cibo, il gusto forte e temprato dei nostri vini, la cornice stupenda dei nostri centri storici, che vanno sempre pi\u00f9 valorizzati e promossi al meglio. Le iniziative della quattordicesima edizione sono molteplici a cominciare dal percorso del vino, allestito lungo via <strong>Diaz<\/strong>, con le migliori cantine cosentine, calabresi e anche di altre regioni. La partecipazione complessiva sar\u00e0 di ben 23 cantine presenti. Ci sar\u00e0 anche quest&#8217;anno il percorso dei prodotti tipici e dell\u2019artigianato, allestito lungo Via Veneto, arricchito di un\u2019area ristoro e di un punto degustazione vini.<\/p>\n<p class=\"xmprfx_MsoNormal\" style=\"text-align: justify\">E ancora eventi culturali e tanti e variegati spettacoli di strada.\u00a0 dislocati nei punti nevralgici dell&#8217;evento. Non mancher\u00e0 lo stand interamente dedicato al Chiarello, antico e nobile vino di <strong>Cirella<\/strong>, che nel periodo tardo-medievale, e soprattutto in epoca rinascimentale, era molto conosciuto ed apprezzato nelle corti italiane, soprattutto presso la corte pontificia di papa Paolo III (1534-1549), tanto da essere annoverato tra i 53 vini pi\u00f9 buoni d\u2019Italia, secondo quanto raccontato da Sante Lancerio, storico bottigliere del Papa, il quale lo definisce <em><strong>&#8220;di colore acceso pi\u00f9 che l\u2019oro et odorifero assai&#8221;<\/strong><\/em>. Appuntamento, quindi, da domani con la quattordicesima edizione di Calici Sotto le Stelle.<\/p>\n","protected":false},"excerpt":{"rendered":"<p>Prende il via a Cirella domani gioved\u00ec 20 luglio, per concludersi sabato 22 luglio, la prima parte della quattordicesima edizione di Calici Sotto le Stelle, l\u2019evento che annualmente promuove le&hellip;<\/p>\n","protected":false},"author":8,"featured_media":30613,"comment_status":"closed","ping_status":"open","sticky":false,"template":"","format":"standard","meta":{"_jetpack_memberships_contains_paid_content":false,"footnotes":"","jetpack_publicize_message":"","jetpack_publicize_feature_enabled":true,"jetpack_social_post_already_shared":false,"jetpack_social_options":{"image_generator_settings":{"template":"highway","default_image_id":0,"font":"","enabled":false},"version":2}},"categories":[142,921,196],"tags":[11745,11291],"class_list":["post-30612","post","type-post","status-publish","format-standard","has-post-thumbnail","hentry","category-calabria","category-home","category-news","tag-calici-sotto-le-stelle","tag-cirella"],"yoast_head":"<!-- This site is optimized with the Yoast SEO plugin v27.2 - https:\/\/yoast.com\/product\/yoast-seo-wordpress\/ -->\n<title>Calici Sotto le Stelle: manca poco per la XIV edizione<\/title>\n<meta name=\"description\" content=\"La prima parte della XIV edizione di Calici Sotto le Stelle inizier\u00e0 a Cirella gioved\u00ec 20 luglio e si conclude sabato 22 luglio\" \/>\n<meta name=\"robots\" content=\"index, follow, max-snippet:-1, max-image-preview:large, max-video-preview:-1\" \/>\n<link rel=\"canonical\" href=\"https:\/\/progettotouring.it\/radiotouring104\/2023\/07\/19\/calici-sotto-le-stelle-manca-poco-per-la-xiv-edizione\/\" \/>\n<meta property=\"og:locale\" content=\"it_IT\" \/>\n<meta property=\"og:type\" content=\"article\" \/>\n<meta property=\"og:title\" content=\"Calici Sotto le Stelle: manca poco per la XIV edizione\" \/>\n<meta property=\"og:description\" content=\"La prima parte della XIV edizione di Calici Sotto le Stelle inizier\u00e0 a Cirella gioved\u00ec 20 luglio e si conclude sabato 22 luglio\" \/>\n<meta property=\"og:url\" content=\"https:\/\/progettotouring.it\/radiotouring104\/2023\/07\/19\/calici-sotto-le-stelle-manca-poco-per-la-xiv-edizione\/\" \/>\n<meta property=\"og:site_name\" content=\"Radio Touring 104\" \/>\n<meta property=\"article:published_time\" content=\"2023-07-19T13:23:22+00:00\" \/>\n<meta property=\"article:modified_time\" content=\"2023-07-20T09:07:43+00:00\" \/>\n<meta property=\"og:image\" content=\"https:\/\/progettotouring.it\/radiotouring104\/wp-content\/uploads\/sites\/6\/2023\/07\/calici-sotto-le-stelle.jpg\" \/>\n\t<meta property=\"og:image:width\" content=\"960\" \/>\n\t<meta property=\"og:image:height\" content=\"640\" \/>\n\t<meta property=\"og:image:type\" content=\"image\/jpeg\" \/>\n<meta name=\"author\" content=\"Filippo Francesco Idone\" \/>\n<meta name=\"twitter:card\" content=\"summary_large_image\" \/>\n<meta name=\"twitter:label1\" content=\"Scritto da\" \/>\n\t<meta name=\"twitter:data1\" content=\"Filippo Francesco Idone\" \/>\n\t<meta name=\"twitter:label2\" content=\"Tempo di lettura stimato\" \/>\n\t<meta name=\"twitter:data2\" content=\"2 minuti\" \/>\n<script type=\"application\/ld+json\" class=\"yoast-schema-graph\">{\"@context\":\"https:\/\/schema.org\",\"@graph\":[{\"@type\":\"Article\",\"@id\":\"https:\/\/progettotouring.it\/radiotouring104\/2023\/07\/19\/calici-sotto-le-stelle-manca-poco-per-la-xiv-edizione\/#article\",\"isPartOf\":{\"@id\":\"https:\/\/progettotouring.it\/radiotouring104\/2023\/07\/19\/calici-sotto-le-stelle-manca-poco-per-la-xiv-edizione\/\"},\"author\":{\"name\":\"Filippo Francesco Idone\",\"@id\":\"https:\/\/progettotouring.it\/radiotouring104\/#\/schema\/person\/4a82259ca52ac8702ad1a8f9e5a3120b\"},\"headline\":\"Calici Sotto le Stelle: manca poco per la XIV edizione\",\"datePublished\":\"2023-07-19T13:23:22+00:00\",\"dateModified\":\"2023-07-20T09:07:43+00:00\",\"mainEntityOfPage\":{\"@id\":\"https:\/\/progettotouring.it\/radiotouring104\/2023\/07\/19\/calici-sotto-le-stelle-manca-poco-per-la-xiv-edizione\/\"},\"wordCount\":362,\"publisher\":{\"@id\":\"https:\/\/progettotouring.it\/radiotouring104\/#organization\"},\"image\":{\"@id\":\"https:\/\/progettotouring.it\/radiotouring104\/2023\/07\/19\/calici-sotto-le-stelle-manca-poco-per-la-xiv-edizione\/#primaryimage\"},\"thumbnailUrl\":\"https:\/\/progettotouring.it\/radiotouring104\/wp-content\/uploads\/sites\/6\/2023\/07\/calici-sotto-le-stelle.jpg\",\"keywords\":[\"Calici Sotto le Stelle\",\"Cirella\"],\"articleSection\":[\"Calabria\",\"Home\",\"News\"],\"inLanguage\":\"it-IT\"},{\"@type\":\"WebPage\",\"@id\":\"https:\/\/progettotouring.it\/radiotouring104\/2023\/07\/19\/calici-sotto-le-stelle-manca-poco-per-la-xiv-edizione\/\",\"url\":\"https:\/\/progettotouring.it\/radiotouring104\/2023\/07\/19\/calici-sotto-le-stelle-manca-poco-per-la-xiv-edizione\/\",\"name\":\"Calici Sotto le Stelle: manca poco per la XIV edizione\",\"isPartOf\":{\"@id\":\"https:\/\/progettotouring.it\/radiotouring104\/#website\"},\"primaryImageOfPage\":{\"@id\":\"https:\/\/progettotouring.it\/radiotouring104\/2023\/07\/19\/calici-sotto-le-stelle-manca-poco-per-la-xiv-edizione\/#primaryimage\"},\"image\":{\"@id\":\"https:\/\/progettotouring.it\/radiotouring104\/2023\/07\/19\/calici-sotto-le-stelle-manca-poco-per-la-xiv-edizione\/#primaryimage\"},\"thumbnailUrl\":\"https:\/\/progettotouring.it\/radiotouring104\/wp-content\/uploads\/sites\/6\/2023\/07\/calici-sotto-le-stelle.jpg\",\"datePublished\":\"2023-07-19T13:23:22+00:00\",\"dateModified\":\"2023-07-20T09:07:43+00:00\",\"description\":\"La prima parte della XIV edizione di Calici Sotto le Stelle inizier\u00e0 a Cirella gioved\u00ec 20 luglio e si conclude sabato 22 luglio\",\"breadcrumb\":{\"@id\":\"https:\/\/progettotouring.it\/radiotouring104\/2023\/07\/19\/calici-sotto-le-stelle-manca-poco-per-la-xiv-edizione\/#breadcrumb\"},\"inLanguage\":\"it-IT\",\"potentialAction\":[{\"@type\":\"ReadAction\",\"target\":[\"https:\/\/progettotouring.it\/radiotouring104\/2023\/07\/19\/calici-sotto-le-stelle-manca-poco-per-la-xiv-edizione\/\"]}]},{\"@type\":\"ImageObject\",\"inLanguage\":\"it-IT\",\"@id\":\"https:\/\/progettotouring.it\/radiotouring104\/2023\/07\/19\/calici-sotto-le-stelle-manca-poco-per-la-xiv-edizione\/#primaryimage\",\"url\":\"https:\/\/progettotouring.it\/radiotouring104\/wp-content\/uploads\/sites\/6\/2023\/07\/calici-sotto-le-stelle.jpg\",\"contentUrl\":\"https:\/\/progettotouring.it\/radiotouring104\/wp-content\/uploads\/sites\/6\/2023\/07\/calici-sotto-le-stelle.jpg\",\"width\":960,\"height\":640},{\"@type\":\"BreadcrumbList\",\"@id\":\"https:\/\/progettotouring.it\/radiotouring104\/2023\/07\/19\/calici-sotto-le-stelle-manca-poco-per-la-xiv-edizione\/#breadcrumb\",\"itemListElement\":[{\"@type\":\"ListItem\",\"position\":1,\"name\":\"Home\",\"item\":\"https:\/\/progettotouring.it\/radiotouring104\/\"},{\"@type\":\"ListItem\",\"position\":2,\"name\":\"Calici Sotto le Stelle: manca poco per la XIV edizione\"}]},{\"@type\":\"WebSite\",\"@id\":\"https:\/\/progettotouring.it\/radiotouring104\/#website\",\"url\":\"https:\/\/progettotouring.it\/radiotouring104\/\",\"name\":\"Radio Touring 104\",\"description\":\"La prima radio Reggina\",\"publisher\":{\"@id\":\"https:\/\/progettotouring.it\/radiotouring104\/#organization\"},\"potentialAction\":[{\"@type\":\"SearchAction\",\"target\":{\"@type\":\"EntryPoint\",\"urlTemplate\":\"https:\/\/progettotouring.it\/radiotouring104\/?s={search_term_string}\"},\"query-input\":{\"@type\":\"PropertyValueSpecification\",\"valueRequired\":true,\"valueName\":\"search_term_string\"}}],\"inLanguage\":\"it-IT\"},{\"@type\":\"Organization\",\"@id\":\"https:\/\/progettotouring.it\/radiotouring104\/#organization\",\"name\":\"Radio Touring 104\",\"url\":\"https:\/\/progettotouring.it\/radiotouring104\/\",\"logo\":{\"@type\":\"ImageObject\",\"inLanguage\":\"it-IT\",\"@id\":\"https:\/\/progettotouring.it\/radiotouring104\/#\/schema\/logo\/image\/\",\"url\":\"https:\/\/progettotouring.it\/radiotouring104\/wp-content\/uploads\/sites\/6\/2022\/02\/cropped-logo-radio-touring-104.png\",\"contentUrl\":\"https:\/\/progettotouring.it\/radiotouring104\/wp-content\/uploads\/sites\/6\/2022\/02\/cropped-logo-radio-touring-104.png\",\"width\":377,\"height\":182,\"caption\":\"Radio Touring 104\"},\"image\":{\"@id\":\"https:\/\/progettotouring.it\/radiotouring104\/#\/schema\/logo\/image\/\"}},{\"@type\":\"Person\",\"@id\":\"https:\/\/progettotouring.it\/radiotouring104\/#\/schema\/person\/4a82259ca52ac8702ad1a8f9e5a3120b\",\"name\":\"Filippo Francesco Idone\",\"image\":{\"@type\":\"ImageObject\",\"inLanguage\":\"it-IT\",\"@id\":\"https:\/\/secure.gravatar.com\/avatar\/7268715d2366395c3dd314385670e6484117d44f5c442e61e230f7008b7b62d3?s=96&d=mm&r=g\",\"url\":\"https:\/\/secure.gravatar.com\/avatar\/7268715d2366395c3dd314385670e6484117d44f5c442e61e230f7008b7b62d3?s=96&d=mm&r=g\",\"contentUrl\":\"https:\/\/secure.gravatar.com\/avatar\/7268715d2366395c3dd314385670e6484117d44f5c442e61e230f7008b7b62d3?s=96&d=mm&r=g\",\"caption\":\"Filippo Francesco Idone\"},\"url\":\"https:\/\/progettotouring.it\/radiotouring104\/author\/filippoidone\/\"}]}<\/script>\n<!-- \/ Yoast SEO plugin. -->","yoast_head_json":{"title":"Calici Sotto le Stelle: manca poco per la XIV edizione","description":"La prima parte della XIV edizione di Calici Sotto le Stelle inizier\u00e0 a Cirella gioved\u00ec 20 luglio e si conclude sabato 22 luglio","robots":{"index":"index","follow":"follow","max-snippet":"max-snippet:-1","max-image-preview":"max-image-preview:large","max-video-preview":"max-video-preview:-1"},"canonical":"https:\/\/progettotouring.it\/radiotouring104\/2023\/07\/19\/calici-sotto-le-stelle-manca-poco-per-la-xiv-edizione\/","og_locale":"it_IT","og_type":"article","og_title":"Calici Sotto le Stelle: manca poco per la XIV edizione","og_description":"La prima parte della XIV edizione di Calici Sotto le Stelle inizier\u00e0 a Cirella gioved\u00ec 20 luglio e si conclude sabato 22 luglio","og_url":"https:\/\/progettotouring.it\/radiotouring104\/2023\/07\/19\/calici-sotto-le-stelle-manca-poco-per-la-xiv-edizione\/","og_site_name":"Radio Touring 104","article_published_time":"2023-07-19T13:23:22+00:00","article_modified_time":"2023-07-20T09:07:43+00:00","og_image":[{"width":960,"height":640,"url":"https:\/\/progettotouring.it\/radiotouring104\/wp-content\/uploads\/sites\/6\/2023\/07\/calici-sotto-le-stelle.jpg","type":"image\/jpeg"}],"author":"Filippo Francesco Idone","twitter_card":"summary_large_image","twitter_misc":{"Scritto da":"Filippo Francesco Idone","Tempo di lettura stimato":"2 minuti"},"schema":{"@context":"https:\/\/schema.org","@graph":[{"@type":"Article","@id":"https:\/\/progettotouring.it\/radiotouring104\/2023\/07\/19\/calici-sotto-le-stelle-manca-poco-per-la-xiv-edizione\/#article","isPartOf":{"@id":"https:\/\/progettotouring.it\/radiotouring104\/2023\/07\/19\/calici-sotto-le-stelle-manca-poco-per-la-xiv-edizione\/"},"author":{"name":"Filippo Francesco Idone","@id":"https:\/\/progettotouring.it\/radiotouring104\/#\/schema\/person\/4a82259ca52ac8702ad1a8f9e5a3120b"},"headline":"Calici Sotto le Stelle: manca poco per la XIV edizione","datePublished":"2023-07-19T13:23:22+00:00","dateModified":"2023-07-20T09:07:43+00:00","mainEntityOfPage":{"@id":"https:\/\/progettotouring.it\/radiotouring104\/2023\/07\/19\/calici-sotto-le-stelle-manca-poco-per-la-xiv-edizione\/"},"wordCount":362,"publisher":{"@id":"https:\/\/progettotouring.it\/radiotouring104\/#organization"},"image":{"@id":"https:\/\/progettotouring.it\/radiotouring104\/2023\/07\/19\/calici-sotto-le-stelle-manca-poco-per-la-xiv-edizione\/#primaryimage"},"thumbnailUrl":"https:\/\/progettotouring.it\/radiotouring104\/wp-content\/uploads\/sites\/6\/2023\/07\/calici-sotto-le-stelle.jpg","keywords":["Calici Sotto le Stelle","Cirella"],"articleSection":["Calabria","Home","News"],"inLanguage":"it-IT"},{"@type":"WebPage","@id":"https:\/\/progettotouring.it\/radiotouring104\/2023\/07\/19\/calici-sotto-le-stelle-manca-poco-per-la-xiv-edizione\/","url":"https:\/\/progettotouring.it\/radiotouring104\/2023\/07\/19\/calici-sotto-le-stelle-manca-poco-per-la-xiv-edizione\/","name":"Calici Sotto le Stelle: manca poco per la XIV edizione","isPartOf":{"@id":"https:\/\/progettotouring.it\/radiotouring104\/#website"},"primaryImageOfPage":{"@id":"https:\/\/progettotouring.it\/radiotouring104\/2023\/07\/19\/calici-sotto-le-stelle-manca-poco-per-la-xiv-edizione\/#primaryimage"},"image":{"@id":"https:\/\/progettotouring.it\/radiotouring104\/2023\/07\/19\/calici-sotto-le-stelle-manca-poco-per-la-xiv-edizione\/#primaryimage"},"thumbnailUrl":"https:\/\/progettotouring.it\/radiotouring104\/wp-content\/uploads\/sites\/6\/2023\/07\/calici-sotto-le-stelle.jpg","datePublished":"2023-07-19T13:23:22+00:00","dateModified":"2023-07-20T09:07:43+00:00","description":"La prima parte della XIV edizione di Calici Sotto le Stelle inizier\u00e0 a Cirella gioved\u00ec 20 luglio e si conclude sabato 22 luglio","breadcrumb":{"@id":"https:\/\/progettotouring.it\/radiotouring104\/2023\/07\/19\/calici-sotto-le-stelle-manca-poco-per-la-xiv-edizione\/#breadcrumb"},"inLanguage":"it-IT","potentialAction":[{"@type":"ReadAction","target":["https:\/\/progettotouring.it\/radiotouring104\/2023\/07\/19\/calici-sotto-le-stelle-manca-poco-per-la-xiv-edizione\/"]}]},{"@type":"ImageObject","inLanguage":"it-IT","@id":"https:\/\/progettotouring.it\/radiotouring104\/2023\/07\/19\/calici-sotto-le-stelle-manca-poco-per-la-xiv-edizione\/#primaryimage","url":"https:\/\/progettotouring.it\/radiotouring104\/wp-content\/uploads\/sites\/6\/2023\/07\/calici-sotto-le-stelle.jpg","contentUrl":"https:\/\/progettotouring.it\/radiotouring104\/wp-content\/uploads\/sites\/6\/2023\/07\/calici-sotto-le-stelle.jpg","width":960,"height":640},{"@type":"BreadcrumbList","@id":"https:\/\/progettotouring.it\/radiotouring104\/2023\/07\/19\/calici-sotto-le-stelle-manca-poco-per-la-xiv-edizione\/#breadcrumb","itemListElement":[{"@type":"ListItem","position":1,"name":"Home","item":"https:\/\/progettotouring.it\/radiotouring104\/"},{"@type":"ListItem","position":2,"name":"Calici Sotto le Stelle: manca poco per la XIV edizione"}]},{"@type":"WebSite","@id":"https:\/\/progettotouring.it\/radiotouring104\/#website","url":"https:\/\/progettotouring.it\/radiotouring104\/","name":"Radio Touring 104","description":"La prima radio Reggina","publisher":{"@id":"https:\/\/progettotouring.it\/radiotouring104\/#organization"},"potentialAction":[{"@type":"SearchAction","target":{"@type":"EntryPoint","urlTemplate":"https:\/\/progettotouring.it\/radiotouring104\/?s={search_term_string}"},"query-input":{"@type":"PropertyValueSpecification","valueRequired":true,"valueName":"search_term_string"}}],"inLanguage":"it-IT"},{"@type":"Organization","@id":"https:\/\/progettotouring.it\/radiotouring104\/#organization","name":"Radio Touring 104","url":"https:\/\/progettotouring.it\/radiotouring104\/","logo":{"@type":"ImageObject","inLanguage":"it-IT","@id":"https:\/\/progettotouring.it\/radiotouring104\/#\/schema\/logo\/image\/","url":"https:\/\/progettotouring.it\/radiotouring104\/wp-content\/uploads\/sites\/6\/2022\/02\/cropped-logo-radio-touring-104.png","contentUrl":"https:\/\/progettotouring.it\/radiotouring104\/wp-content\/uploads\/sites\/6\/2022\/02\/cropped-logo-radio-touring-104.png","width":377,"height":182,"caption":"Radio Touring 104"},"image":{"@id":"https:\/\/progettotouring.it\/radiotouring104\/#\/schema\/logo\/image\/"}},{"@type":"Person","@id":"https:\/\/progettotouring.it\/radiotouring104\/#\/schema\/person\/4a82259ca52ac8702ad1a8f9e5a3120b","name":"Filippo Francesco Idone","image":{"@type":"ImageObject","inLanguage":"it-IT","@id":"https:\/\/secure.gravatar.com\/avatar\/7268715d2366395c3dd314385670e6484117d44f5c442e61e230f7008b7b62d3?s=96&d=mm&r=g","url":"https:\/\/secure.gravatar.com\/avatar\/7268715d2366395c3dd314385670e6484117d44f5c442e61e230f7008b7b62d3?s=96&d=mm&r=g","contentUrl":"https:\/\/secure.gravatar.com\/avatar\/7268715d2366395c3dd314385670e6484117d44f5c442e61e230f7008b7b62d3?s=96&d=mm&r=g","caption":"Filippo Francesco Idone"},"url":"https:\/\/progettotouring.it\/radiotouring104\/author\/filippoidone\/"}]}},"jetpack_publicize_connections":[],"jetpack_featured_media_url":"https:\/\/progettotouring.it\/radiotouring104\/wp-content\/uploads\/sites\/6\/2023\/07\/calici-sotto-le-stelle.jpg","jetpack_sharing_enabled":true,"_links":{"self":[{"href":"https:\/\/progettotouring.it\/radiotouring104\/wp-json\/wp\/v2\/posts\/30612","targetHints":{"allow":["GET"]}}],"collection":[{"href":"https:\/\/progettotouring.it\/radiotouring104\/wp-json\/wp\/v2\/posts"}],"about":[{"href":"https:\/\/progettotouring.it\/radiotouring104\/wp-json\/wp\/v2\/types\/post"}],"author":[{"embeddable":true,"href":"https:\/\/progettotouring.it\/radiotouring104\/wp-json\/wp\/v2\/users\/8"}],"replies":[{"embeddable":true,"href":"https:\/\/progettotouring.it\/radiotouring104\/wp-json\/wp\/v2\/comments?post=30612"}],"version-history":[{"count":1,"href":"https:\/\/progettotouring.it\/radiotouring104\/wp-json\/wp\/v2\/posts\/30612\/revisions"}],"predecessor-version":[{"id":30614,"href":"https:\/\/progettotouring.it\/radiotouring104\/wp-json\/wp\/v2\/posts\/30612\/revisions\/30614"}],"wp:featuredmedia":[{"embeddable":true,"href":"https:\/\/progettotouring.it\/radiotouring104\/wp-json\/wp\/v2\/media\/30613"}],"wp:attachment":[{"href":"https:\/\/progettotouring.it\/radiotouring104\/wp-json\/wp\/v2\/media?parent=30612"}],"wp:term":[{"taxonomy":"category","embeddable":true,"href":"https:\/\/progettotouring.it\/radiotouring104\/wp-json\/wp\/v2\/categories?post=30612"},{"taxonomy":"post_tag","embeddable":true,"href":"https:\/\/progettotouring.it\/radiotouring104\/wp-json\/wp\/v2\/tags?post=30612"}],"curies":[{"name":"wp","href":"https:\/\/api.w.org\/{rel}","templated":true}]}}