{"id":30615,"date":"2023-07-19T15:45:38","date_gmt":"2023-07-19T13:45:38","guid":{"rendered":"https:\/\/progettotouring.it\/radiotouring104\/?p=30615"},"modified":"2023-07-19T15:46:14","modified_gmt":"2023-07-19T13:46:14","slug":"reggio-calabria-a-palazzo-san-giorgio-la-presentazione-del-progetto-i-walk-the-line","status":"publish","type":"post","link":"https:\/\/progettotouring.it\/radiotouring104\/2023\/07\/19\/reggio-calabria-a-palazzo-san-giorgio-la-presentazione-del-progetto-i-walk-the-line\/","title":{"rendered":"Reggio Calabria: a Palazzo San Giorgio la presentazione del progetto &#8220;I Walk the Line&#8221;"},"content":{"rendered":"<p style=\"text-align: justify\">Il prossimo luned\u00ec 24 luglio a partire dalle ore 10.00 nella <strong>Sala dei Lampadari Italo Falcomat\u00e0 di Palazzo San Giorgio<\/strong>, sede del Comune di Reggio Calabria, si terr\u00e0 l&#8217;evento di presentazione del progetto &#8220;I walk the line&#8221;, l&#8217;iniziativa promossa dalla <strong>Citt\u00e0 Metropolitana<\/strong> di<strong> Reggio Calabria<\/strong> nell&#8217;ambito del Pon Legalit\u00e0 2014-2020. Alla presentazione sar\u00e0 presente il sindaco facente funzioni della <strong>Citt\u00e0 Metropolitana Carmelo Versace,<\/strong> insieme al Consigliere delegato alle Politiche Sociali dell&#8217;Ente Domenico Mantegna, la responsabile e coordinatrice del Progetto Domenica Catalfamo, i coordinatori di area <strong>Antonietta<\/strong> <strong>Dominello<\/strong> e Marisa Meduri ed il Sottosegretario al Ministero dell&#8217;interno Wanda Ferro. Invitati il Prefetto Massimo Mariani, il Questore Bruno Megale, il Presidente del Tribunale dei Minori Marcello D&#8217;Amico, l&#8217;Ufficio di Servizio Sociale per Minorenni rappresentato da Rosa Morbegno, l&#8217;Arcivescovo di Reggio Calabria &#8211; Bova Fortunato Morrone, ed i vescovi di Palmi &#8211; Oppido, Francesco Milito, e Locri &#8211; Gerace, Francesco Oliva.<\/p>\n<p style=\"text-align: justify\">Il progetto, attivato l&#8217;anno scorso dalla <strong>Citt\u00e0<\/strong> <strong>Metropolitana<\/strong>, intende contribuire ad incentivare l\u2019inclusione sociale e lavorativa di particolari categorie di soggetti a rischio devianza. Il tema di fondo di ogni azione si basa sui principi di solidariet\u00e0, legalit\u00e0 e responsabilit\u00e0. Gli obiettivi sono mirati a contrastare il disagio adolescenziale, promuovere la cultura e la legalit\u00e0, il lavoro come riscatto sociale e territoriale. &#8220;<em>Un&#8217;iniziativa di straordinario valore civile e sociale<\/em> &#8211; spiega il Consigliere metropolitano delegato alle Politiche Sociali <strong>Domenico Mantegna<\/strong> &#8211; <em>che sta gi\u00e0 producendo i suoi effetti su tanti giovani a rischio devianza sul nostro territorio e che ha il merito di coinvolgere tanti professionisti ed operatori sociali, retribuiti secondo le consuete modalit\u00e0 di rendicontazione, che prestano la loro attivit\u00e0 in percorsi di sostegno ed inclusione sociale rivolti ai ragazzi&#8221;.<\/em><\/p>\n<p style=\"text-align: justify\">I destinatari del progetto sono i giovani con et\u00e0 compresa fra i 14 e i 25 anni, residenti nel territorio della <strong>Citt\u00e0<\/strong> <strong>Metropolitana di Reggio Calabria.<\/strong> Tre gli ambiti zonali di intervento, che vedono, come centri territoriali Reggio Calabria, Rosarno e Caulonia. Le attivit\u00e0 prevedono la partecipazione attiva dei ragazzi coinvolti in percorsi di legalit\u00e0 attraverso varie attivit\u00e0, esperienze di riscoperta dell\u2019identit\u00e0 culturale calabrese, attivit\u00e0 escursionistiche e naturalistiche, percorsi di contrasto al bullismo e al cyber bullismo, alla violenza di genere e alla dispersione scolastica, iniziative di partecipazione attiva a percorsi di orientamento scolastico-lavorativo, realizzati con soggetti titolati e specialisti, nonch\u00e9 con associazioni e organismi di categoria, al fine di creare opportunit\u00e0 di lavoro e attivare nuove risorse nel contesto socio economico.<\/p>\n<p style=\"text-align: justify\">Il progetto prevede inoltre la realizzazione di percorsi di volontariato per attivit\u00e0 di pubblica utilit\u00e0, nonch\u00e9 collaborazioni ed azioni solidali verso fasce marginali e soggetti disabili, anziani e fasce della popolazione pi\u00f9 povera, attivit\u00e0 laboratoriali, in luoghi di apprendimento e socializzazione, dove si accolgono e si avviano attivit\u00e0 che aiutino lo sviluppo relazionale, sociale e cognitivo, ed infine l&#8217;attivazione di tirocini extracurriculari e di inclusione sociale, realizzati in collaborazione con <strong>Azienda Calabria<\/strong> <strong>Lavoro<\/strong>, per sperimentare, in modo attivo, il mondo del lavoro nelle sue diverse sfaccettature.<\/p>\n","protected":false},"excerpt":{"rendered":"<p>Il prossimo luned\u00ec 24 luglio a partire dalle ore 10.00 nella Sala dei Lampadari Italo Falcomat\u00e0 di Palazzo San Giorgio, sede del Comune di Reggio Calabria, si terr\u00e0 l&#8217;evento di&hellip;<\/p>\n","protected":false},"author":8,"featured_media":30616,"comment_status":"closed","ping_status":"open","sticky":false,"template":"","format":"standard","meta":{"_jetpack_memberships_contains_paid_content":false,"footnotes":"","jetpack_publicize_message":"","jetpack_publicize_feature_enabled":true,"jetpack_social_post_already_shared":false,"jetpack_social_options":{"image_generator_settings":{"template":"highway","default_image_id":0,"font":"","enabled":false},"version":2}},"categories":[921,196,140],"tags":[239,743,2284,2252,659,236,7146],"class_list":["post-30615","post","type-post","status-publish","format-standard","has-post-thumbnail","hentry","category-home","category-news","category-reggio-calabria","tag-carmelo-versace","tag-citta-metropolitana","tag-domenico-mantegna","tag-italo-falcomata","tag-palazzo-san-giorgio","tag-reggio-calabria","tag-sala-dei-lampadari"],"yoast_head":"<!-- This site is optimized with the Yoast SEO plugin v27.2 - https:\/\/yoast.com\/product\/yoast-seo-wordpress\/ -->\n<title>Reggio Calabria: a Palazzo San Giorgio la presentazione del progetto &quot;I Walk the Line&quot; - Radio Touring 104<\/title>\n<meta name=\"description\" content=\"Luned\u00ec Palazzo San Giorgio si svolger\u00e0 la presentazione del progetto &quot;I Walk the Line&quot;. Il progetto \u00e8 promosso dalla Citt\u00e0 Metropolitana\" \/>\n<meta name=\"robots\" content=\"index, follow, max-snippet:-1, max-image-preview:large, max-video-preview:-1\" \/>\n<link rel=\"canonical\" href=\"https:\/\/progettotouring.it\/radiotouring104\/2023\/07\/19\/reggio-calabria-a-palazzo-san-giorgio-la-presentazione-del-progetto-i-walk-the-line\/\" \/>\n<meta property=\"og:locale\" content=\"it_IT\" \/>\n<meta property=\"og:type\" content=\"article\" \/>\n<meta property=\"og:title\" content=\"Reggio Calabria: a Palazzo San Giorgio la presentazione del progetto &quot;I Walk the Line&quot; - Radio Touring 104\" \/>\n<meta property=\"og:description\" content=\"Luned\u00ec Palazzo San Giorgio si svolger\u00e0 la presentazione del progetto &quot;I Walk the Line&quot;. Il progetto \u00e8 promosso dalla Citt\u00e0 Metropolitana\" \/>\n<meta property=\"og:url\" content=\"https:\/\/progettotouring.it\/radiotouring104\/2023\/07\/19\/reggio-calabria-a-palazzo-san-giorgio-la-presentazione-del-progetto-i-walk-the-line\/\" \/>\n<meta property=\"og:site_name\" content=\"Radio Touring 104\" \/>\n<meta property=\"article:published_time\" content=\"2023-07-19T13:45:38+00:00\" \/>\n<meta property=\"article:modified_time\" content=\"2023-07-19T13:46:14+00:00\" \/>\n<meta property=\"og:image\" content=\"https:\/\/progettotouring.it\/radiotouring104\/wp-content\/uploads\/sites\/6\/2023\/07\/invito-i-walk-the-line.jpg\" \/>\n\t<meta property=\"og:image:width\" content=\"1063\" \/>\n\t<meta property=\"og:image:height\" content=\"498\" \/>\n\t<meta property=\"og:image:type\" content=\"image\/jpeg\" \/>\n<meta name=\"author\" content=\"Filippo Francesco Idone\" \/>\n<meta name=\"twitter:card\" content=\"summary_large_image\" \/>\n<meta name=\"twitter:label1\" content=\"Scritto da\" \/>\n\t<meta name=\"twitter:data1\" content=\"Filippo Francesco Idone\" \/>\n\t<meta name=\"twitter:label2\" content=\"Tempo di lettura stimato\" \/>\n\t<meta name=\"twitter:data2\" content=\"2 minuti\" \/>\n<script type=\"application\/ld+json\" class=\"yoast-schema-graph\">{\"@context\":\"https:\/\/schema.org\",\"@graph\":[{\"@type\":\"Article\",\"@id\":\"https:\/\/progettotouring.it\/radiotouring104\/2023\/07\/19\/reggio-calabria-a-palazzo-san-giorgio-la-presentazione-del-progetto-i-walk-the-line\/#article\",\"isPartOf\":{\"@id\":\"https:\/\/progettotouring.it\/radiotouring104\/2023\/07\/19\/reggio-calabria-a-palazzo-san-giorgio-la-presentazione-del-progetto-i-walk-the-line\/\"},\"author\":{\"name\":\"Filippo Francesco Idone\",\"@id\":\"https:\/\/progettotouring.it\/radiotouring104\/#\/schema\/person\/4a82259ca52ac8702ad1a8f9e5a3120b\"},\"headline\":\"Reggio Calabria: a Palazzo San Giorgio la presentazione del progetto &#8220;I Walk the Line&#8221;\",\"datePublished\":\"2023-07-19T13:45:38+00:00\",\"dateModified\":\"2023-07-19T13:46:14+00:00\",\"mainEntityOfPage\":{\"@id\":\"https:\/\/progettotouring.it\/radiotouring104\/2023\/07\/19\/reggio-calabria-a-palazzo-san-giorgio-la-presentazione-del-progetto-i-walk-the-line\/\"},\"wordCount\":499,\"publisher\":{\"@id\":\"https:\/\/progettotouring.it\/radiotouring104\/#organization\"},\"image\":{\"@id\":\"https:\/\/progettotouring.it\/radiotouring104\/2023\/07\/19\/reggio-calabria-a-palazzo-san-giorgio-la-presentazione-del-progetto-i-walk-the-line\/#primaryimage\"},\"thumbnailUrl\":\"https:\/\/progettotouring.it\/radiotouring104\/wp-content\/uploads\/sites\/6\/2023\/07\/invito-i-walk-the-line.jpg\",\"keywords\":[\"carmelo versace\",\"Citt\u00e0 metropolitana\",\"Domenico Mantegna\",\"italo falcomat\u00e0\",\"palazzo san giorgio\",\"reggio calabria\",\"Sala dei Lampadari\"],\"articleSection\":[\"Home\",\"News\",\"Reggio Calabria\"],\"inLanguage\":\"it-IT\"},{\"@type\":\"WebPage\",\"@id\":\"https:\/\/progettotouring.it\/radiotouring104\/2023\/07\/19\/reggio-calabria-a-palazzo-san-giorgio-la-presentazione-del-progetto-i-walk-the-line\/\",\"url\":\"https:\/\/progettotouring.it\/radiotouring104\/2023\/07\/19\/reggio-calabria-a-palazzo-san-giorgio-la-presentazione-del-progetto-i-walk-the-line\/\",\"name\":\"Reggio Calabria: a Palazzo San Giorgio la presentazione del progetto \\\"I Walk the Line\\\" - Radio Touring 104\",\"isPartOf\":{\"@id\":\"https:\/\/progettotouring.it\/radiotouring104\/#website\"},\"primaryImageOfPage\":{\"@id\":\"https:\/\/progettotouring.it\/radiotouring104\/2023\/07\/19\/reggio-calabria-a-palazzo-san-giorgio-la-presentazione-del-progetto-i-walk-the-line\/#primaryimage\"},\"image\":{\"@id\":\"https:\/\/progettotouring.it\/radiotouring104\/2023\/07\/19\/reggio-calabria-a-palazzo-san-giorgio-la-presentazione-del-progetto-i-walk-the-line\/#primaryimage\"},\"thumbnailUrl\":\"https:\/\/progettotouring.it\/radiotouring104\/wp-content\/uploads\/sites\/6\/2023\/07\/invito-i-walk-the-line.jpg\",\"datePublished\":\"2023-07-19T13:45:38+00:00\",\"dateModified\":\"2023-07-19T13:46:14+00:00\",\"description\":\"Luned\u00ec Palazzo San Giorgio si svolger\u00e0 la presentazione del progetto \\\"I Walk the Line\\\". Il progetto \u00e8 promosso dalla Citt\u00e0 Metropolitana\",\"breadcrumb\":{\"@id\":\"https:\/\/progettotouring.it\/radiotouring104\/2023\/07\/19\/reggio-calabria-a-palazzo-san-giorgio-la-presentazione-del-progetto-i-walk-the-line\/#breadcrumb\"},\"inLanguage\":\"it-IT\",\"potentialAction\":[{\"@type\":\"ReadAction\",\"target\":[\"https:\/\/progettotouring.it\/radiotouring104\/2023\/07\/19\/reggio-calabria-a-palazzo-san-giorgio-la-presentazione-del-progetto-i-walk-the-line\/\"]}]},{\"@type\":\"ImageObject\",\"inLanguage\":\"it-IT\",\"@id\":\"https:\/\/progettotouring.it\/radiotouring104\/2023\/07\/19\/reggio-calabria-a-palazzo-san-giorgio-la-presentazione-del-progetto-i-walk-the-line\/#primaryimage\",\"url\":\"https:\/\/progettotouring.it\/radiotouring104\/wp-content\/uploads\/sites\/6\/2023\/07\/invito-i-walk-the-line.jpg\",\"contentUrl\":\"https:\/\/progettotouring.it\/radiotouring104\/wp-content\/uploads\/sites\/6\/2023\/07\/invito-i-walk-the-line.jpg\",\"width\":1063,\"height\":498},{\"@type\":\"BreadcrumbList\",\"@id\":\"https:\/\/progettotouring.it\/radiotouring104\/2023\/07\/19\/reggio-calabria-a-palazzo-san-giorgio-la-presentazione-del-progetto-i-walk-the-line\/#breadcrumb\",\"itemListElement\":[{\"@type\":\"ListItem\",\"position\":1,\"name\":\"Home\",\"item\":\"https:\/\/progettotouring.it\/radiotouring104\/\"},{\"@type\":\"ListItem\",\"position\":2,\"name\":\"Reggio Calabria: a Palazzo San Giorgio la presentazione del progetto &#8220;I Walk the Line&#8221;\"}]},{\"@type\":\"WebSite\",\"@id\":\"https:\/\/progettotouring.it\/radiotouring104\/#website\",\"url\":\"https:\/\/progettotouring.it\/radiotouring104\/\",\"name\":\"Radio Touring 104\",\"description\":\"La prima radio Reggina\",\"publisher\":{\"@id\":\"https:\/\/progettotouring.it\/radiotouring104\/#organization\"},\"potentialAction\":[{\"@type\":\"SearchAction\",\"target\":{\"@type\":\"EntryPoint\",\"urlTemplate\":\"https:\/\/progettotouring.it\/radiotouring104\/?s={search_term_string}\"},\"query-input\":{\"@type\":\"PropertyValueSpecification\",\"valueRequired\":true,\"valueName\":\"search_term_string\"}}],\"inLanguage\":\"it-IT\"},{\"@type\":\"Organization\",\"@id\":\"https:\/\/progettotouring.it\/radiotouring104\/#organization\",\"name\":\"Radio Touring 104\",\"url\":\"https:\/\/progettotouring.it\/radiotouring104\/\",\"logo\":{\"@type\":\"ImageObject\",\"inLanguage\":\"it-IT\",\"@id\":\"https:\/\/progettotouring.it\/radiotouring104\/#\/schema\/logo\/image\/\",\"url\":\"https:\/\/progettotouring.it\/radiotouring104\/wp-content\/uploads\/sites\/6\/2022\/02\/cropped-logo-radio-touring-104.png\",\"contentUrl\":\"https:\/\/progettotouring.it\/radiotouring104\/wp-content\/uploads\/sites\/6\/2022\/02\/cropped-logo-radio-touring-104.png\",\"width\":377,\"height\":182,\"caption\":\"Radio Touring 104\"},\"image\":{\"@id\":\"https:\/\/progettotouring.it\/radiotouring104\/#\/schema\/logo\/image\/\"}},{\"@type\":\"Person\",\"@id\":\"https:\/\/progettotouring.it\/radiotouring104\/#\/schema\/person\/4a82259ca52ac8702ad1a8f9e5a3120b\",\"name\":\"Filippo Francesco Idone\",\"image\":{\"@type\":\"ImageObject\",\"inLanguage\":\"it-IT\",\"@id\":\"https:\/\/secure.gravatar.com\/avatar\/7268715d2366395c3dd314385670e6484117d44f5c442e61e230f7008b7b62d3?s=96&d=mm&r=g\",\"url\":\"https:\/\/secure.gravatar.com\/avatar\/7268715d2366395c3dd314385670e6484117d44f5c442e61e230f7008b7b62d3?s=96&d=mm&r=g\",\"contentUrl\":\"https:\/\/secure.gravatar.com\/avatar\/7268715d2366395c3dd314385670e6484117d44f5c442e61e230f7008b7b62d3?s=96&d=mm&r=g\",\"caption\":\"Filippo Francesco Idone\"},\"url\":\"https:\/\/progettotouring.it\/radiotouring104\/author\/filippoidone\/\"}]}<\/script>\n<!-- \/ Yoast SEO plugin. -->","yoast_head_json":{"title":"Reggio Calabria: a Palazzo San Giorgio la presentazione del progetto \"I Walk the Line\" - Radio Touring 104","description":"Luned\u00ec Palazzo San Giorgio si svolger\u00e0 la presentazione del progetto \"I Walk the Line\". Il progetto \u00e8 promosso dalla Citt\u00e0 Metropolitana","robots":{"index":"index","follow":"follow","max-snippet":"max-snippet:-1","max-image-preview":"max-image-preview:large","max-video-preview":"max-video-preview:-1"},"canonical":"https:\/\/progettotouring.it\/radiotouring104\/2023\/07\/19\/reggio-calabria-a-palazzo-san-giorgio-la-presentazione-del-progetto-i-walk-the-line\/","og_locale":"it_IT","og_type":"article","og_title":"Reggio Calabria: a Palazzo San Giorgio la presentazione del progetto \"I Walk the Line\" - Radio Touring 104","og_description":"Luned\u00ec Palazzo San Giorgio si svolger\u00e0 la presentazione del progetto \"I Walk the Line\". Il progetto \u00e8 promosso dalla Citt\u00e0 Metropolitana","og_url":"https:\/\/progettotouring.it\/radiotouring104\/2023\/07\/19\/reggio-calabria-a-palazzo-san-giorgio-la-presentazione-del-progetto-i-walk-the-line\/","og_site_name":"Radio Touring 104","article_published_time":"2023-07-19T13:45:38+00:00","article_modified_time":"2023-07-19T13:46:14+00:00","og_image":[{"width":1063,"height":498,"url":"https:\/\/progettotouring.it\/radiotouring104\/wp-content\/uploads\/sites\/6\/2023\/07\/invito-i-walk-the-line.jpg","type":"image\/jpeg"}],"author":"Filippo Francesco Idone","twitter_card":"summary_large_image","twitter_misc":{"Scritto da":"Filippo Francesco Idone","Tempo di lettura stimato":"2 minuti"},"schema":{"@context":"https:\/\/schema.org","@graph":[{"@type":"Article","@id":"https:\/\/progettotouring.it\/radiotouring104\/2023\/07\/19\/reggio-calabria-a-palazzo-san-giorgio-la-presentazione-del-progetto-i-walk-the-line\/#article","isPartOf":{"@id":"https:\/\/progettotouring.it\/radiotouring104\/2023\/07\/19\/reggio-calabria-a-palazzo-san-giorgio-la-presentazione-del-progetto-i-walk-the-line\/"},"author":{"name":"Filippo Francesco Idone","@id":"https:\/\/progettotouring.it\/radiotouring104\/#\/schema\/person\/4a82259ca52ac8702ad1a8f9e5a3120b"},"headline":"Reggio Calabria: a Palazzo San Giorgio la presentazione del progetto &#8220;I Walk the Line&#8221;","datePublished":"2023-07-19T13:45:38+00:00","dateModified":"2023-07-19T13:46:14+00:00","mainEntityOfPage":{"@id":"https:\/\/progettotouring.it\/radiotouring104\/2023\/07\/19\/reggio-calabria-a-palazzo-san-giorgio-la-presentazione-del-progetto-i-walk-the-line\/"},"wordCount":499,"publisher":{"@id":"https:\/\/progettotouring.it\/radiotouring104\/#organization"},"image":{"@id":"https:\/\/progettotouring.it\/radiotouring104\/2023\/07\/19\/reggio-calabria-a-palazzo-san-giorgio-la-presentazione-del-progetto-i-walk-the-line\/#primaryimage"},"thumbnailUrl":"https:\/\/progettotouring.it\/radiotouring104\/wp-content\/uploads\/sites\/6\/2023\/07\/invito-i-walk-the-line.jpg","keywords":["carmelo versace","Citt\u00e0 metropolitana","Domenico Mantegna","italo falcomat\u00e0","palazzo san giorgio","reggio calabria","Sala dei Lampadari"],"articleSection":["Home","News","Reggio Calabria"],"inLanguage":"it-IT"},{"@type":"WebPage","@id":"https:\/\/progettotouring.it\/radiotouring104\/2023\/07\/19\/reggio-calabria-a-palazzo-san-giorgio-la-presentazione-del-progetto-i-walk-the-line\/","url":"https:\/\/progettotouring.it\/radiotouring104\/2023\/07\/19\/reggio-calabria-a-palazzo-san-giorgio-la-presentazione-del-progetto-i-walk-the-line\/","name":"Reggio Calabria: a Palazzo San Giorgio la presentazione del progetto \"I Walk the Line\" - Radio Touring 104","isPartOf":{"@id":"https:\/\/progettotouring.it\/radiotouring104\/#website"},"primaryImageOfPage":{"@id":"https:\/\/progettotouring.it\/radiotouring104\/2023\/07\/19\/reggio-calabria-a-palazzo-san-giorgio-la-presentazione-del-progetto-i-walk-the-line\/#primaryimage"},"image":{"@id":"https:\/\/progettotouring.it\/radiotouring104\/2023\/07\/19\/reggio-calabria-a-palazzo-san-giorgio-la-presentazione-del-progetto-i-walk-the-line\/#primaryimage"},"thumbnailUrl":"https:\/\/progettotouring.it\/radiotouring104\/wp-content\/uploads\/sites\/6\/2023\/07\/invito-i-walk-the-line.jpg","datePublished":"2023-07-19T13:45:38+00:00","dateModified":"2023-07-19T13:46:14+00:00","description":"Luned\u00ec Palazzo San Giorgio si svolger\u00e0 la presentazione del progetto \"I Walk the Line\". Il progetto \u00e8 promosso dalla Citt\u00e0 Metropolitana","breadcrumb":{"@id":"https:\/\/progettotouring.it\/radiotouring104\/2023\/07\/19\/reggio-calabria-a-palazzo-san-giorgio-la-presentazione-del-progetto-i-walk-the-line\/#breadcrumb"},"inLanguage":"it-IT","potentialAction":[{"@type":"ReadAction","target":["https:\/\/progettotouring.it\/radiotouring104\/2023\/07\/19\/reggio-calabria-a-palazzo-san-giorgio-la-presentazione-del-progetto-i-walk-the-line\/"]}]},{"@type":"ImageObject","inLanguage":"it-IT","@id":"https:\/\/progettotouring.it\/radiotouring104\/2023\/07\/19\/reggio-calabria-a-palazzo-san-giorgio-la-presentazione-del-progetto-i-walk-the-line\/#primaryimage","url":"https:\/\/progettotouring.it\/radiotouring104\/wp-content\/uploads\/sites\/6\/2023\/07\/invito-i-walk-the-line.jpg","contentUrl":"https:\/\/progettotouring.it\/radiotouring104\/wp-content\/uploads\/sites\/6\/2023\/07\/invito-i-walk-the-line.jpg","width":1063,"height":498},{"@type":"BreadcrumbList","@id":"https:\/\/progettotouring.it\/radiotouring104\/2023\/07\/19\/reggio-calabria-a-palazzo-san-giorgio-la-presentazione-del-progetto-i-walk-the-line\/#breadcrumb","itemListElement":[{"@type":"ListItem","position":1,"name":"Home","item":"https:\/\/progettotouring.it\/radiotouring104\/"},{"@type":"ListItem","position":2,"name":"Reggio Calabria: a Palazzo San Giorgio la presentazione del progetto &#8220;I Walk the Line&#8221;"}]},{"@type":"WebSite","@id":"https:\/\/progettotouring.it\/radiotouring104\/#website","url":"https:\/\/progettotouring.it\/radiotouring104\/","name":"Radio Touring 104","description":"La prima radio Reggina","publisher":{"@id":"https:\/\/progettotouring.it\/radiotouring104\/#organization"},"potentialAction":[{"@type":"SearchAction","target":{"@type":"EntryPoint","urlTemplate":"https:\/\/progettotouring.it\/radiotouring104\/?s={search_term_string}"},"query-input":{"@type":"PropertyValueSpecification","valueRequired":true,"valueName":"search_term_string"}}],"inLanguage":"it-IT"},{"@type":"Organization","@id":"https:\/\/progettotouring.it\/radiotouring104\/#organization","name":"Radio Touring 104","url":"https:\/\/progettotouring.it\/radiotouring104\/","logo":{"@type":"ImageObject","inLanguage":"it-IT","@id":"https:\/\/progettotouring.it\/radiotouring104\/#\/schema\/logo\/image\/","url":"https:\/\/progettotouring.it\/radiotouring104\/wp-content\/uploads\/sites\/6\/2022\/02\/cropped-logo-radio-touring-104.png","contentUrl":"https:\/\/progettotouring.it\/radiotouring104\/wp-content\/uploads\/sites\/6\/2022\/02\/cropped-logo-radio-touring-104.png","width":377,"height":182,"caption":"Radio Touring 104"},"image":{"@id":"https:\/\/progettotouring.it\/radiotouring104\/#\/schema\/logo\/image\/"}},{"@type":"Person","@id":"https:\/\/progettotouring.it\/radiotouring104\/#\/schema\/person\/4a82259ca52ac8702ad1a8f9e5a3120b","name":"Filippo Francesco Idone","image":{"@type":"ImageObject","inLanguage":"it-IT","@id":"https:\/\/secure.gravatar.com\/avatar\/7268715d2366395c3dd314385670e6484117d44f5c442e61e230f7008b7b62d3?s=96&d=mm&r=g","url":"https:\/\/secure.gravatar.com\/avatar\/7268715d2366395c3dd314385670e6484117d44f5c442e61e230f7008b7b62d3?s=96&d=mm&r=g","contentUrl":"https:\/\/secure.gravatar.com\/avatar\/7268715d2366395c3dd314385670e6484117d44f5c442e61e230f7008b7b62d3?s=96&d=mm&r=g","caption":"Filippo Francesco Idone"},"url":"https:\/\/progettotouring.it\/radiotouring104\/author\/filippoidone\/"}]}},"jetpack_publicize_connections":[],"jetpack_featured_media_url":"https:\/\/progettotouring.it\/radiotouring104\/wp-content\/uploads\/sites\/6\/2023\/07\/invito-i-walk-the-line.jpg","jetpack_sharing_enabled":true,"_links":{"self":[{"href":"https:\/\/progettotouring.it\/radiotouring104\/wp-json\/wp\/v2\/posts\/30615","targetHints":{"allow":["GET"]}}],"collection":[{"href":"https:\/\/progettotouring.it\/radiotouring104\/wp-json\/wp\/v2\/posts"}],"about":[{"href":"https:\/\/progettotouring.it\/radiotouring104\/wp-json\/wp\/v2\/types\/post"}],"author":[{"embeddable":true,"href":"https:\/\/progettotouring.it\/radiotouring104\/wp-json\/wp\/v2\/users\/8"}],"replies":[{"embeddable":true,"href":"https:\/\/progettotouring.it\/radiotouring104\/wp-json\/wp\/v2\/comments?post=30615"}],"version-history":[{"count":2,"href":"https:\/\/progettotouring.it\/radiotouring104\/wp-json\/wp\/v2\/posts\/30615\/revisions"}],"predecessor-version":[{"id":30618,"href":"https:\/\/progettotouring.it\/radiotouring104\/wp-json\/wp\/v2\/posts\/30615\/revisions\/30618"}],"wp:featuredmedia":[{"embeddable":true,"href":"https:\/\/progettotouring.it\/radiotouring104\/wp-json\/wp\/v2\/media\/30616"}],"wp:attachment":[{"href":"https:\/\/progettotouring.it\/radiotouring104\/wp-json\/wp\/v2\/media?parent=30615"}],"wp:term":[{"taxonomy":"category","embeddable":true,"href":"https:\/\/progettotouring.it\/radiotouring104\/wp-json\/wp\/v2\/categories?post=30615"},{"taxonomy":"post_tag","embeddable":true,"href":"https:\/\/progettotouring.it\/radiotouring104\/wp-json\/wp\/v2\/tags?post=30615"}],"curies":[{"name":"wp","href":"https:\/\/api.w.org\/{rel}","templated":true}]}}