{"id":30625,"date":"2023-07-19T16:20:02","date_gmt":"2023-07-19T14:20:02","guid":{"rendered":"https:\/\/progettotouring.it\/radiotouring104\/?p=30625"},"modified":"2023-07-19T16:20:02","modified_gmt":"2023-07-19T14:20:02","slug":"reggio-calabria-entra-nel-vivo-liter-per-la-realizzazione-del-museo-del-mare","status":"publish","type":"post","link":"https:\/\/progettotouring.it\/radiotouring104\/2023\/07\/19\/reggio-calabria-entra-nel-vivo-liter-per-la-realizzazione-del-museo-del-mare\/","title":{"rendered":"Reggio Calabria: entra nel vivo l&#8217;iter per la realizzazione del Museo del Mare"},"content":{"rendered":"<p style=\"text-align: justify\">A <strong>Palazzo San Giorgio<\/strong> si \u00e8 svolta una prima riunione in preparazione della conferenza dei servizi, che porter\u00e0 all&#8217;avvio dei lavori del Museo del Mediterraneo di <strong>Zaha<\/strong> <strong>Hadid<\/strong>, previsto nel tratto terminale del lungomare Falcomat\u00e0 a ridosso dell&#8217;area portuale. \u00c8 stato un momento di confronto tra tutti i soggetti coinvolti, promosso dal consigliere comunale di Reggio Calabria, Carmelo Romeo, delegato alla realizzazione dell&#8217;opera.<\/p>\n<p>Erano presenti l\u2019Autorit\u00e0 di Sistema Portuale dello Stretto, Citt\u00e0 metropolitana, Comune di Reggio Calabria, soprintendenza BAP, Regione Calabria, Direzione marittima di <strong>Reggio Calabria,<\/strong> Agenzia del Demanio, Comando Vigili del Fuoco, Agenzia delle Dogane, la societ\u00e0 Zaha Hadid LTD, le Opere pubbliche Calabria e Sicilia. Nel corso della riunione, coordinata dal dirigente del Comune di Reggio Calabria e Responsabile unico del procedimento, Francesco Barreca, si sono presi in esame gli aggiornamenti del progetto definitivo, denominato &#8216;Lotto zero&#8217;.<\/p>\n<p>Il <strong>Museo del Mare s<\/strong>i avvale di un finanziamento complessivo di 113 milioni di euro, a valere sui fondi del <strong>Pnrr e Pon Metro<\/strong> plus 2021-2027. &#8220;<em>E\u2019 molto importante questa pre conferenza dei servizi <\/em>\u2013 ha detto il consigliere comunale Carmelo Romeo &#8211;<em> ci sono intorno a un tavolo tutti gli attori che hanno voce in capitolo su quest\u2019opera maestosa. Per l\u2019Amministrazione comunale \u00e8 davvero strategica, ed il primo a crederci \u00e8 stato proprio il sindaco Giuseppe Falcomat\u00e0, che ormai due anni fa ha ottenuto l&#8217;inserimento dell&#8217;opera tra i 14 attrattori culturali del Ministero, circostanza che ha dato il via alle procedure per l&#8217;avvio del cantiere. Lo scopo di questo tavolo \u2013 ha evidenziato &#8211; \u00e8 quello riunire tutti gli attori coinvolti, per raccogliere eventuali indicazioni e non rischiare di avere lungaggini temporali nel caso in cui possano sorgere, successivamente eventuali difficolt\u00e0&#8221;.<\/em><\/p>\n<p><em>&#8220;Vorrei ringraziare lo studio <strong>Zaha<\/strong> <strong>Hadid<\/strong> per la sua presenza con il direttore <strong>Filippo<\/strong> <strong>Innocenti<\/strong> e tutti gli altri collaboratori, che \u2013 <\/em>ha concluso Romeo &#8211;<em> hanno illustrato il progetto e tutto quello che stanno producendo per l\u2019avvio del Lotto zero&#8221;. Presente a Reggio Calabria anche il direttore dello studio &#8216;Zaha Hadid&#8217;, Filippo Innocenti, che ha seguito tutte le fasi ideative e creative del progetto realizzato.<\/em><\/p>\n<p><em>&#8220;C\u2019\u00e8 una grandissima soddisfazione <\/em>\u2013 ha detto Innocenti &#8211; <em>abbiamo seguito il progetto fin dall\u2019inizio del concorso internazionale del 2007. E\u2019 un\u2019opera legata al lavoro di <strong>Zaha Hadid.<\/strong> Purtroppo lei non \u00e8 pi\u00f9 con noi, ma adesso rimane chiaramente la sua memoria in questo progetto, che diventa importantissimo realizzare nel suo concetto originale&#8221;. <\/em><em>&#8220;Il rapporto dell\u2019architettura con il mare &#8211;<\/em> ha aggiunto &#8211;<em> \u00e8 sempre particolarmente interessante, \u00e8 una fonte ispirazione per tutti i nostri progetti. In particolare per quello di Reggio Calabria, abbiamo la possibilit\u00e0 di ridisegnare un tratto della costa, rinaturizzarlo, e trarre questa occasione per restituire alla citt\u00e0 una parte importante che \u00e8 stata dimenticata nel tempo, andata degradandosi, e che invece rappresenta una bellissima destinazione. Nello specifico questo Museo sar\u00e0 il punto terminale della passeggiata che \u00e8 un elemento fondamentale della citt\u00e0 di <strong>Reggio Calabria&#8221;.<\/strong> <\/em>In chiusura dei lavori, alla riunione di preconferenza dei servizi, \u00e8 intervenuto il Sindaco facente funzioni del Comune di Reggio Calabria, che ha ringraziato tutti gli attori coinvolti nella riunione per la proficua sinergia sviluppata.<\/p>\n","protected":false},"excerpt":{"rendered":"<p>A Palazzo San Giorgio si \u00e8 svolta una prima riunione in preparazione della conferenza dei servizi, che porter\u00e0 all&#8217;avvio dei lavori del Museo del Mediterraneo di Zaha Hadid, previsto nel&hellip;<\/p>\n","protected":false},"author":8,"featured_media":30626,"comment_status":"closed","ping_status":"open","sticky":false,"template":"","format":"standard","meta":{"_jetpack_memberships_contains_paid_content":false,"footnotes":"","jetpack_publicize_message":"","jetpack_publicize_feature_enabled":true,"jetpack_social_post_already_shared":false,"jetpack_social_options":{"image_generator_settings":{"template":"highway","default_image_id":0,"font":"","enabled":false},"version":2}},"categories":[921,196,140],"tags":[743,19069,19068,659,236,10208],"class_list":["post-30625","post","type-post","status-publish","format-standard","has-post-thumbnail","hentry","category-home","category-news","category-reggio-calabria","tag-citta-metropolitana","tag-filippo-innocenti","tag-museo-del-mare","tag-palazzo-san-giorgio","tag-reggio-calabria","tag-zaha-hadid"],"yoast_head":"<!-- This site is optimized with the Yoast SEO plugin v27.2 - https:\/\/yoast.com\/product\/yoast-seo-wordpress\/ -->\n<title>Reggio Calabria: entra nel vivo l&#039;iter per la realizzazione del Museo del Mare - Radio Touring 104<\/title>\n<meta name=\"description\" content=\"A Palazzo San Giorgio si \u00e8 svolta la preconferenza dei servizi con gli Enti e gruppo di progettazione per la realizzazione del Museo del Mare\" \/>\n<meta name=\"robots\" content=\"index, follow, max-snippet:-1, max-image-preview:large, max-video-preview:-1\" \/>\n<link rel=\"canonical\" href=\"https:\/\/progettotouring.it\/radiotouring104\/2023\/07\/19\/reggio-calabria-entra-nel-vivo-liter-per-la-realizzazione-del-museo-del-mare\/\" \/>\n<meta property=\"og:locale\" content=\"it_IT\" \/>\n<meta property=\"og:type\" content=\"article\" \/>\n<meta property=\"og:title\" content=\"Reggio Calabria: entra nel vivo l&#039;iter per la realizzazione del Museo del Mare - Radio Touring 104\" \/>\n<meta property=\"og:description\" content=\"A Palazzo San Giorgio si \u00e8 svolta la preconferenza dei servizi con gli Enti e gruppo di progettazione per la realizzazione del Museo del Mare\" \/>\n<meta property=\"og:url\" content=\"https:\/\/progettotouring.it\/radiotouring104\/2023\/07\/19\/reggio-calabria-entra-nel-vivo-liter-per-la-realizzazione-del-museo-del-mare\/\" \/>\n<meta property=\"og:site_name\" content=\"Radio Touring 104\" \/>\n<meta property=\"article:published_time\" content=\"2023-07-19T14:20:02+00:00\" \/>\n<meta property=\"og:image\" content=\"https:\/\/progettotouring.it\/radiotouring104\/wp-content\/uploads\/sites\/6\/2023\/07\/Museo-del-Mare.jpeg\" \/>\n\t<meta property=\"og:image:width\" content=\"1805\" \/>\n\t<meta property=\"og:image:height\" content=\"993\" \/>\n\t<meta property=\"og:image:type\" content=\"image\/jpeg\" \/>\n<meta name=\"author\" content=\"Filippo Francesco Idone\" \/>\n<meta name=\"twitter:card\" content=\"summary_large_image\" \/>\n<meta name=\"twitter:label1\" content=\"Scritto da\" \/>\n\t<meta name=\"twitter:data1\" content=\"Filippo Francesco Idone\" \/>\n\t<meta name=\"twitter:label2\" content=\"Tempo di lettura stimato\" \/>\n\t<meta name=\"twitter:data2\" content=\"3 minuti\" \/>\n<script type=\"application\/ld+json\" class=\"yoast-schema-graph\">{\"@context\":\"https:\/\/schema.org\",\"@graph\":[{\"@type\":\"Article\",\"@id\":\"https:\/\/progettotouring.it\/radiotouring104\/2023\/07\/19\/reggio-calabria-entra-nel-vivo-liter-per-la-realizzazione-del-museo-del-mare\/#article\",\"isPartOf\":{\"@id\":\"https:\/\/progettotouring.it\/radiotouring104\/2023\/07\/19\/reggio-calabria-entra-nel-vivo-liter-per-la-realizzazione-del-museo-del-mare\/\"},\"author\":{\"name\":\"Filippo Francesco Idone\",\"@id\":\"https:\/\/progettotouring.it\/radiotouring104\/#\/schema\/person\/4a82259ca52ac8702ad1a8f9e5a3120b\"},\"headline\":\"Reggio Calabria: entra nel vivo l&#8217;iter per la realizzazione del Museo del Mare\",\"datePublished\":\"2023-07-19T14:20:02+00:00\",\"mainEntityOfPage\":{\"@id\":\"https:\/\/progettotouring.it\/radiotouring104\/2023\/07\/19\/reggio-calabria-entra-nel-vivo-liter-per-la-realizzazione-del-museo-del-mare\/\"},\"wordCount\":523,\"publisher\":{\"@id\":\"https:\/\/progettotouring.it\/radiotouring104\/#organization\"},\"image\":{\"@id\":\"https:\/\/progettotouring.it\/radiotouring104\/2023\/07\/19\/reggio-calabria-entra-nel-vivo-liter-per-la-realizzazione-del-museo-del-mare\/#primaryimage\"},\"thumbnailUrl\":\"https:\/\/progettotouring.it\/radiotouring104\/wp-content\/uploads\/sites\/6\/2023\/07\/Museo-del-Mare.jpeg\",\"keywords\":[\"Citt\u00e0 metropolitana\",\"Filippo Innocenti\",\"Museo del Mare\",\"palazzo san giorgio\",\"reggio calabria\",\"Zaha Hadid\"],\"articleSection\":[\"Home\",\"News\",\"Reggio Calabria\"],\"inLanguage\":\"it-IT\"},{\"@type\":\"WebPage\",\"@id\":\"https:\/\/progettotouring.it\/radiotouring104\/2023\/07\/19\/reggio-calabria-entra-nel-vivo-liter-per-la-realizzazione-del-museo-del-mare\/\",\"url\":\"https:\/\/progettotouring.it\/radiotouring104\/2023\/07\/19\/reggio-calabria-entra-nel-vivo-liter-per-la-realizzazione-del-museo-del-mare\/\",\"name\":\"Reggio Calabria: entra nel vivo l'iter per la realizzazione del Museo del Mare - Radio Touring 104\",\"isPartOf\":{\"@id\":\"https:\/\/progettotouring.it\/radiotouring104\/#website\"},\"primaryImageOfPage\":{\"@id\":\"https:\/\/progettotouring.it\/radiotouring104\/2023\/07\/19\/reggio-calabria-entra-nel-vivo-liter-per-la-realizzazione-del-museo-del-mare\/#primaryimage\"},\"image\":{\"@id\":\"https:\/\/progettotouring.it\/radiotouring104\/2023\/07\/19\/reggio-calabria-entra-nel-vivo-liter-per-la-realizzazione-del-museo-del-mare\/#primaryimage\"},\"thumbnailUrl\":\"https:\/\/progettotouring.it\/radiotouring104\/wp-content\/uploads\/sites\/6\/2023\/07\/Museo-del-Mare.jpeg\",\"datePublished\":\"2023-07-19T14:20:02+00:00\",\"description\":\"A Palazzo San Giorgio si \u00e8 svolta la preconferenza dei servizi con gli Enti e gruppo di progettazione per la realizzazione del Museo del Mare\",\"breadcrumb\":{\"@id\":\"https:\/\/progettotouring.it\/radiotouring104\/2023\/07\/19\/reggio-calabria-entra-nel-vivo-liter-per-la-realizzazione-del-museo-del-mare\/#breadcrumb\"},\"inLanguage\":\"it-IT\",\"potentialAction\":[{\"@type\":\"ReadAction\",\"target\":[\"https:\/\/progettotouring.it\/radiotouring104\/2023\/07\/19\/reggio-calabria-entra-nel-vivo-liter-per-la-realizzazione-del-museo-del-mare\/\"]}]},{\"@type\":\"ImageObject\",\"inLanguage\":\"it-IT\",\"@id\":\"https:\/\/progettotouring.it\/radiotouring104\/2023\/07\/19\/reggio-calabria-entra-nel-vivo-liter-per-la-realizzazione-del-museo-del-mare\/#primaryimage\",\"url\":\"https:\/\/progettotouring.it\/radiotouring104\/wp-content\/uploads\/sites\/6\/2023\/07\/Museo-del-Mare.jpeg\",\"contentUrl\":\"https:\/\/progettotouring.it\/radiotouring104\/wp-content\/uploads\/sites\/6\/2023\/07\/Museo-del-Mare.jpeg\",\"width\":1805,\"height\":993},{\"@type\":\"BreadcrumbList\",\"@id\":\"https:\/\/progettotouring.it\/radiotouring104\/2023\/07\/19\/reggio-calabria-entra-nel-vivo-liter-per-la-realizzazione-del-museo-del-mare\/#breadcrumb\",\"itemListElement\":[{\"@type\":\"ListItem\",\"position\":1,\"name\":\"Home\",\"item\":\"https:\/\/progettotouring.it\/radiotouring104\/\"},{\"@type\":\"ListItem\",\"position\":2,\"name\":\"Reggio Calabria: entra nel vivo l&#8217;iter per la realizzazione del Museo del Mare\"}]},{\"@type\":\"WebSite\",\"@id\":\"https:\/\/progettotouring.it\/radiotouring104\/#website\",\"url\":\"https:\/\/progettotouring.it\/radiotouring104\/\",\"name\":\"Radio Touring 104\",\"description\":\"La prima radio Reggina\",\"publisher\":{\"@id\":\"https:\/\/progettotouring.it\/radiotouring104\/#organization\"},\"potentialAction\":[{\"@type\":\"SearchAction\",\"target\":{\"@type\":\"EntryPoint\",\"urlTemplate\":\"https:\/\/progettotouring.it\/radiotouring104\/?s={search_term_string}\"},\"query-input\":{\"@type\":\"PropertyValueSpecification\",\"valueRequired\":true,\"valueName\":\"search_term_string\"}}],\"inLanguage\":\"it-IT\"},{\"@type\":\"Organization\",\"@id\":\"https:\/\/progettotouring.it\/radiotouring104\/#organization\",\"name\":\"Radio Touring 104\",\"url\":\"https:\/\/progettotouring.it\/radiotouring104\/\",\"logo\":{\"@type\":\"ImageObject\",\"inLanguage\":\"it-IT\",\"@id\":\"https:\/\/progettotouring.it\/radiotouring104\/#\/schema\/logo\/image\/\",\"url\":\"https:\/\/progettotouring.it\/radiotouring104\/wp-content\/uploads\/sites\/6\/2022\/02\/cropped-logo-radio-touring-104.png\",\"contentUrl\":\"https:\/\/progettotouring.it\/radiotouring104\/wp-content\/uploads\/sites\/6\/2022\/02\/cropped-logo-radio-touring-104.png\",\"width\":377,\"height\":182,\"caption\":\"Radio Touring 104\"},\"image\":{\"@id\":\"https:\/\/progettotouring.it\/radiotouring104\/#\/schema\/logo\/image\/\"}},{\"@type\":\"Person\",\"@id\":\"https:\/\/progettotouring.it\/radiotouring104\/#\/schema\/person\/4a82259ca52ac8702ad1a8f9e5a3120b\",\"name\":\"Filippo Francesco Idone\",\"image\":{\"@type\":\"ImageObject\",\"inLanguage\":\"it-IT\",\"@id\":\"https:\/\/secure.gravatar.com\/avatar\/7268715d2366395c3dd314385670e6484117d44f5c442e61e230f7008b7b62d3?s=96&d=mm&r=g\",\"url\":\"https:\/\/secure.gravatar.com\/avatar\/7268715d2366395c3dd314385670e6484117d44f5c442e61e230f7008b7b62d3?s=96&d=mm&r=g\",\"contentUrl\":\"https:\/\/secure.gravatar.com\/avatar\/7268715d2366395c3dd314385670e6484117d44f5c442e61e230f7008b7b62d3?s=96&d=mm&r=g\",\"caption\":\"Filippo Francesco Idone\"},\"url\":\"https:\/\/progettotouring.it\/radiotouring104\/author\/filippoidone\/\"}]}<\/script>\n<!-- \/ Yoast SEO plugin. -->","yoast_head_json":{"title":"Reggio Calabria: entra nel vivo l'iter per la realizzazione del Museo del Mare - Radio Touring 104","description":"A Palazzo San Giorgio si \u00e8 svolta la preconferenza dei servizi con gli Enti e gruppo di progettazione per la realizzazione del Museo del Mare","robots":{"index":"index","follow":"follow","max-snippet":"max-snippet:-1","max-image-preview":"max-image-preview:large","max-video-preview":"max-video-preview:-1"},"canonical":"https:\/\/progettotouring.it\/radiotouring104\/2023\/07\/19\/reggio-calabria-entra-nel-vivo-liter-per-la-realizzazione-del-museo-del-mare\/","og_locale":"it_IT","og_type":"article","og_title":"Reggio Calabria: entra nel vivo l'iter per la realizzazione del Museo del Mare - Radio Touring 104","og_description":"A Palazzo San Giorgio si \u00e8 svolta la preconferenza dei servizi con gli Enti e gruppo di progettazione per la realizzazione del Museo del Mare","og_url":"https:\/\/progettotouring.it\/radiotouring104\/2023\/07\/19\/reggio-calabria-entra-nel-vivo-liter-per-la-realizzazione-del-museo-del-mare\/","og_site_name":"Radio Touring 104","article_published_time":"2023-07-19T14:20:02+00:00","og_image":[{"width":1805,"height":993,"url":"https:\/\/progettotouring.it\/radiotouring104\/wp-content\/uploads\/sites\/6\/2023\/07\/Museo-del-Mare.jpeg","type":"image\/jpeg"}],"author":"Filippo Francesco Idone","twitter_card":"summary_large_image","twitter_misc":{"Scritto da":"Filippo Francesco Idone","Tempo di lettura stimato":"3 minuti"},"schema":{"@context":"https:\/\/schema.org","@graph":[{"@type":"Article","@id":"https:\/\/progettotouring.it\/radiotouring104\/2023\/07\/19\/reggio-calabria-entra-nel-vivo-liter-per-la-realizzazione-del-museo-del-mare\/#article","isPartOf":{"@id":"https:\/\/progettotouring.it\/radiotouring104\/2023\/07\/19\/reggio-calabria-entra-nel-vivo-liter-per-la-realizzazione-del-museo-del-mare\/"},"author":{"name":"Filippo Francesco Idone","@id":"https:\/\/progettotouring.it\/radiotouring104\/#\/schema\/person\/4a82259ca52ac8702ad1a8f9e5a3120b"},"headline":"Reggio Calabria: entra nel vivo l&#8217;iter per la realizzazione del Museo del Mare","datePublished":"2023-07-19T14:20:02+00:00","mainEntityOfPage":{"@id":"https:\/\/progettotouring.it\/radiotouring104\/2023\/07\/19\/reggio-calabria-entra-nel-vivo-liter-per-la-realizzazione-del-museo-del-mare\/"},"wordCount":523,"publisher":{"@id":"https:\/\/progettotouring.it\/radiotouring104\/#organization"},"image":{"@id":"https:\/\/progettotouring.it\/radiotouring104\/2023\/07\/19\/reggio-calabria-entra-nel-vivo-liter-per-la-realizzazione-del-museo-del-mare\/#primaryimage"},"thumbnailUrl":"https:\/\/progettotouring.it\/radiotouring104\/wp-content\/uploads\/sites\/6\/2023\/07\/Museo-del-Mare.jpeg","keywords":["Citt\u00e0 metropolitana","Filippo Innocenti","Museo del Mare","palazzo san giorgio","reggio calabria","Zaha Hadid"],"articleSection":["Home","News","Reggio Calabria"],"inLanguage":"it-IT"},{"@type":"WebPage","@id":"https:\/\/progettotouring.it\/radiotouring104\/2023\/07\/19\/reggio-calabria-entra-nel-vivo-liter-per-la-realizzazione-del-museo-del-mare\/","url":"https:\/\/progettotouring.it\/radiotouring104\/2023\/07\/19\/reggio-calabria-entra-nel-vivo-liter-per-la-realizzazione-del-museo-del-mare\/","name":"Reggio Calabria: entra nel vivo l'iter per la realizzazione del Museo del Mare - Radio Touring 104","isPartOf":{"@id":"https:\/\/progettotouring.it\/radiotouring104\/#website"},"primaryImageOfPage":{"@id":"https:\/\/progettotouring.it\/radiotouring104\/2023\/07\/19\/reggio-calabria-entra-nel-vivo-liter-per-la-realizzazione-del-museo-del-mare\/#primaryimage"},"image":{"@id":"https:\/\/progettotouring.it\/radiotouring104\/2023\/07\/19\/reggio-calabria-entra-nel-vivo-liter-per-la-realizzazione-del-museo-del-mare\/#primaryimage"},"thumbnailUrl":"https:\/\/progettotouring.it\/radiotouring104\/wp-content\/uploads\/sites\/6\/2023\/07\/Museo-del-Mare.jpeg","datePublished":"2023-07-19T14:20:02+00:00","description":"A Palazzo San Giorgio si \u00e8 svolta la preconferenza dei servizi con gli Enti e gruppo di progettazione per la realizzazione del Museo del Mare","breadcrumb":{"@id":"https:\/\/progettotouring.it\/radiotouring104\/2023\/07\/19\/reggio-calabria-entra-nel-vivo-liter-per-la-realizzazione-del-museo-del-mare\/#breadcrumb"},"inLanguage":"it-IT","potentialAction":[{"@type":"ReadAction","target":["https:\/\/progettotouring.it\/radiotouring104\/2023\/07\/19\/reggio-calabria-entra-nel-vivo-liter-per-la-realizzazione-del-museo-del-mare\/"]}]},{"@type":"ImageObject","inLanguage":"it-IT","@id":"https:\/\/progettotouring.it\/radiotouring104\/2023\/07\/19\/reggio-calabria-entra-nel-vivo-liter-per-la-realizzazione-del-museo-del-mare\/#primaryimage","url":"https:\/\/progettotouring.it\/radiotouring104\/wp-content\/uploads\/sites\/6\/2023\/07\/Museo-del-Mare.jpeg","contentUrl":"https:\/\/progettotouring.it\/radiotouring104\/wp-content\/uploads\/sites\/6\/2023\/07\/Museo-del-Mare.jpeg","width":1805,"height":993},{"@type":"BreadcrumbList","@id":"https:\/\/progettotouring.it\/radiotouring104\/2023\/07\/19\/reggio-calabria-entra-nel-vivo-liter-per-la-realizzazione-del-museo-del-mare\/#breadcrumb","itemListElement":[{"@type":"ListItem","position":1,"name":"Home","item":"https:\/\/progettotouring.it\/radiotouring104\/"},{"@type":"ListItem","position":2,"name":"Reggio Calabria: entra nel vivo l&#8217;iter per la realizzazione del Museo del Mare"}]},{"@type":"WebSite","@id":"https:\/\/progettotouring.it\/radiotouring104\/#website","url":"https:\/\/progettotouring.it\/radiotouring104\/","name":"Radio Touring 104","description":"La prima radio Reggina","publisher":{"@id":"https:\/\/progettotouring.it\/radiotouring104\/#organization"},"potentialAction":[{"@type":"SearchAction","target":{"@type":"EntryPoint","urlTemplate":"https:\/\/progettotouring.it\/radiotouring104\/?s={search_term_string}"},"query-input":{"@type":"PropertyValueSpecification","valueRequired":true,"valueName":"search_term_string"}}],"inLanguage":"it-IT"},{"@type":"Organization","@id":"https:\/\/progettotouring.it\/radiotouring104\/#organization","name":"Radio Touring 104","url":"https:\/\/progettotouring.it\/radiotouring104\/","logo":{"@type":"ImageObject","inLanguage":"it-IT","@id":"https:\/\/progettotouring.it\/radiotouring104\/#\/schema\/logo\/image\/","url":"https:\/\/progettotouring.it\/radiotouring104\/wp-content\/uploads\/sites\/6\/2022\/02\/cropped-logo-radio-touring-104.png","contentUrl":"https:\/\/progettotouring.it\/radiotouring104\/wp-content\/uploads\/sites\/6\/2022\/02\/cropped-logo-radio-touring-104.png","width":377,"height":182,"caption":"Radio Touring 104"},"image":{"@id":"https:\/\/progettotouring.it\/radiotouring104\/#\/schema\/logo\/image\/"}},{"@type":"Person","@id":"https:\/\/progettotouring.it\/radiotouring104\/#\/schema\/person\/4a82259ca52ac8702ad1a8f9e5a3120b","name":"Filippo Francesco Idone","image":{"@type":"ImageObject","inLanguage":"it-IT","@id":"https:\/\/secure.gravatar.com\/avatar\/7268715d2366395c3dd314385670e6484117d44f5c442e61e230f7008b7b62d3?s=96&d=mm&r=g","url":"https:\/\/secure.gravatar.com\/avatar\/7268715d2366395c3dd314385670e6484117d44f5c442e61e230f7008b7b62d3?s=96&d=mm&r=g","contentUrl":"https:\/\/secure.gravatar.com\/avatar\/7268715d2366395c3dd314385670e6484117d44f5c442e61e230f7008b7b62d3?s=96&d=mm&r=g","caption":"Filippo Francesco Idone"},"url":"https:\/\/progettotouring.it\/radiotouring104\/author\/filippoidone\/"}]}},"jetpack_publicize_connections":[],"jetpack_featured_media_url":"https:\/\/progettotouring.it\/radiotouring104\/wp-content\/uploads\/sites\/6\/2023\/07\/Museo-del-Mare.jpeg","jetpack_sharing_enabled":true,"_links":{"self":[{"href":"https:\/\/progettotouring.it\/radiotouring104\/wp-json\/wp\/v2\/posts\/30625","targetHints":{"allow":["GET"]}}],"collection":[{"href":"https:\/\/progettotouring.it\/radiotouring104\/wp-json\/wp\/v2\/posts"}],"about":[{"href":"https:\/\/progettotouring.it\/radiotouring104\/wp-json\/wp\/v2\/types\/post"}],"author":[{"embeddable":true,"href":"https:\/\/progettotouring.it\/radiotouring104\/wp-json\/wp\/v2\/users\/8"}],"replies":[{"embeddable":true,"href":"https:\/\/progettotouring.it\/radiotouring104\/wp-json\/wp\/v2\/comments?post=30625"}],"version-history":[{"count":1,"href":"https:\/\/progettotouring.it\/radiotouring104\/wp-json\/wp\/v2\/posts\/30625\/revisions"}],"predecessor-version":[{"id":30627,"href":"https:\/\/progettotouring.it\/radiotouring104\/wp-json\/wp\/v2\/posts\/30625\/revisions\/30627"}],"wp:featuredmedia":[{"embeddable":true,"href":"https:\/\/progettotouring.it\/radiotouring104\/wp-json\/wp\/v2\/media\/30626"}],"wp:attachment":[{"href":"https:\/\/progettotouring.it\/radiotouring104\/wp-json\/wp\/v2\/media?parent=30625"}],"wp:term":[{"taxonomy":"category","embeddable":true,"href":"https:\/\/progettotouring.it\/radiotouring104\/wp-json\/wp\/v2\/categories?post=30625"},{"taxonomy":"post_tag","embeddable":true,"href":"https:\/\/progettotouring.it\/radiotouring104\/wp-json\/wp\/v2\/tags?post=30625"}],"curies":[{"name":"wp","href":"https:\/\/api.w.org\/{rel}","templated":true}]}}